{"id":4089,"date":"2017-11-30T21:42:29","date_gmt":"2017-11-30T20:42:29","guid":{"rendered":"http:\/\/arteeluoghi.it\/?p=4089"},"modified":"2018-01-04T21:20:47","modified_gmt":"2018-01-04T20:20:47","slug":"4089","status":"publish","type":"post","link":"https:\/\/arteeluoghi.it\/index.php\/2017\/11\/30\/4089\/","title":{"rendered":"La favola de Zoza in scena al Paisiello"},"content":{"rendered":"<figure id=\"attachment_4090\" aria-describedby=\"caption-attachment-4090\" style=\"width: 300px\" class=\"wp-caption alignleft\"><img loading=\"lazy\" class=\"size-medium wp-image-4090\" src=\"https:\/\/arteeluoghi.it\/wp-content\/uploads\/2017\/12\/Panaro-La-favola-de-Zoza-300x199.jpg\" alt=\"\" width=\"300\" height=\"199\" srcset=\"https:\/\/arteeluoghi.it\/wp-content\/uploads\/2017\/12\/Panaro-La-favola-de-Zoza-300x199.jpg 300w, https:\/\/arteeluoghi.it\/wp-content\/uploads\/2017\/12\/Panaro-La-favola-de-Zoza-768x509.jpg 768w, https:\/\/arteeluoghi.it\/wp-content\/uploads\/2017\/12\/Panaro-La-favola-de-Zoza-1024x679.jpg 1024w, https:\/\/arteeluoghi.it\/wp-content\/uploads\/2017\/12\/Panaro-La-favola-de-Zoza.jpg 1500w\" sizes=\"(max-width: 300px) 100vw, 300px\" \/><figcaption id=\"caption-attachment-4090\" class=\"wp-caption-text\">DIAGHILEV_Paolo Panaro_Zoza 28.2.12<br \/>foto \u00a9Vito Mastrolonardo-Bari<\/figcaption><\/figure>\n<p><b>Luned\u00ec 4 dicembre<\/b> (<i>ore 20.30 &#8211; ingresso 5 euro<\/i><i> &#8211; ridotto 4 euro<\/i>) al <b>Teatro Paisiello<\/b> di <b>Lecce<\/b> la <b>Compagnia Diaghilev<\/b> mette in scena <b>La favola de <\/b><b>Zo<\/b><b>za<\/b>. In scena l&#8217;attore e regista <b>Paolo Panaro<\/b> sar\u00e0 affiancato da <b>Angelo De Leonardis <\/b>(baritono), <b>Debora Del Giudice<\/b>(clavicembalo) e <b>G<\/b><b>iuseppe Amatulli<\/b> (violino). Lo spettacolo si ispira a <b>Lo Cunto de li Cunti<\/b> di <b>Giambattista Basile<\/b>, il pi\u00f9 antico libro di favole europee. La sua lingua, un coltissimo, fantasioso e spregiudicato napoletano risponde all&#8217;esigenza dell&#8217;autore di offrire un sommario di stili che vanno dal campano popolare al repertorio dei comici dell&#8217;Arte, fino all&#8217;aulico stile di corte.<!--more--><\/p>\n<p>Il risultato, un vero e proprio delirio barocco, riesce a combinarsi con l&#8217;arcaica usanza del narrare intorno al fuoco, perch\u00e9 il Cunto \u00e8 anche un racconto di nonna: &#8220;de chille appunto che soleno dire le vecchie pe&#8217; trattenimento de peccerielle&#8221;. La sua destinazione era la lettura nelle piccole corti napoletane, dopo pranzo, quando le tavole venivano sparecchiate. Allora tra facezie, musiche, balli, giochi, piccole azioni teatrali, il Cunto veniva recitato per intrattenere gli ascoltatori. L&#8217;appuntamento \u00e8 organizzato da Astragali Teatro in collaborazione con <b>Regione Puglia<\/b>, <b>Comune di Lecce<\/b> e<b>Xenia Performing Arts<\/b>. Per informazioni <a href=\"tel:(320)%20916-8440\" target=\"_blank\" rel=\"noopener\">3209168440<\/a> &#8211; <a class=\"m_-1505580153421650166m_-664520161930435370moz-txt-link-abbreviated\" href=\"mailto:teatro@astragali.org\" target=\"_blank\" rel=\"noopener\">teatro@astragali.org<\/a>.<\/p>\n<p><b>Giambattista Basile<\/b> nacque nel febbraio del 1566 a Giugliano, attualmente comune in provincia di Napoli. Scarse sono le notizie sulla sua infanzia: probabilmente apparteneva ad una numerosa ed agiata famiglia e il suo forte legame con la sorella Adriana, nota all&#8217;epoca per le straordinarie doti canore, \u00e8 documentato pi\u00f9 volte. Basile divise la sua vita tra l&#8217;amore per la letteratura, la parentesi militare (si arruol\u00f2 come soldato di ventura) e le diverse esperienze politiche come amministratore o governatore presso varie corti e feudi. Grazie a questi incarichi di natura politica, Basile ebbe modo di conoscere meglio il territorio campano, la sua poliedrica natura, le sue sfaccettature multiformi e sempre sorprendenti, venendo cos\u00ec a contatto con una realt\u00e0 diversa da quella della citt\u00e0 di Napoli, delle corti e dei nobili: un realt\u00e0 che nella sua complessit\u00e0 e nella sua bellezza fu inesauribile fonte di ispirazione per lo scrittore. \u201cLo Cunto de li Cunti\u201d non trova infatti ambientazione a Napoli, ma nelle zone confinanti. Osservando la vita dell&#8217; entroterra napoletano, salernitano, avellinese, casertano, lucano, fu semplice e naturale attingere al grande patrimonio della memoria popolare, alla tradizione della fiaba e all&#8217;elemento della magia che la contraddistingue. Deluso ed amareggiato dalla pochezza degli uomini appartenenti alle classi sociali pi\u00f9 elevate, nonostante egli stesso ne facesse parte, prefer\u00ec dar voce al popolo depositario di una preziosa ed unica saggezza. Basile si accost\u00f2 al mondo della favola popolare con la sensibilit\u00e0 e con l&#8217;abilit\u00e0 tecnica del narratore che non ripete meccanicamente quanto gi\u00e0 molti conoscono, ma rielabora artisticamente una materia che da lui attende soltanto un&#8217;interpretazione di stile tra l&#8217;ingenuo e l&#8217;erudito per mettere in luce la propria candida e vivace grazie poetica. La produzione letteraria di Basile non si esaurisce nelle opere dialettali; egli si ciment\u00f2 anche in lavori in lingua italiana che per\u00f2 trovarono scarso successo anche a causa della maggiore fama di autori gi\u00e0 affermati. L&#8217;insuccesso delle opere in lingua port\u00f2 Basile ad uno stato di delusione ed insoddisfazione, tale da contribuire alla scelta di lasciare Napoli per altre zone dell&#8217;Italia dando inizio cos\u00ec alla parentesi militare (1604-1607). Fece ritorno, nel 1608, nella sua Napoli, dove pot\u00e9 dedicarsi ad un&#8217;intensa produzione letteraria. E&#8217; di questo periodo il poemetto in lingua Il pianto della Vergine (1608) e il volume Madrigali ed Ode. Parte della sua fama di letterato si deve tuttavia anche alla sorella Adriana famosissima cantante nelle pi\u00f9 importanti corti del tempo. Basile segu\u00ec la sorella alla corte del principe Luigi Carafa, al quale dedic\u00f2 Le avventurose disavventure (1611). A questa opera seguirono le Egloghe amorose e lugubri e la Venere abbandonata , dramma per musica in cinque atti (1612). Con la partenza della sorella Adriana per Mantova, si chiude il periodo napoletano. L&#8217;Autore la seguir\u00e0 alla corte dei Gonzaga. A Mantova Basile pubblic\u00f2 tutte le opere poetiche fino allora prodotte dopo averle arricchite di elogi e onori al duca Vincenzo Gonzaga. Dopo un anno per\u00f2 Basile torn\u00f2 a Napoli e si dedic\u00f2 all&#8217;impegno politico: pi\u00f9 volte nominato governatore e amministratore nei vari territori del Regno, venne a conoscenza della realt\u00e0 politica e sociale del territorio. In questo periodo si sposa con Flora Santora. Durante il suo peregrinare per assolvere agli incarichi politici non trascur\u00f2 mai l&#8217;attivit\u00e0 di letterato e quella di filologo. L&#8217;ultima corte presso la quale dimor\u00f2 fu quella di Galeazzo Pinelli, duca d&#8217;Acerenza. Dallo stesso Duca fu nominato Governatore di Giugliano e qui, nella sua terra d&#8217;origine, mor\u00ec nel 1632. La sorella Adriana recuper\u00f2 le carte e i manoscritti dell&#8217;artista prima che andassero dispersi e grazie alla sua lungimiranza Lo Cunto de li Cunti ed altre opere sono arrivate fino ai nostri giorni.<\/p>\n","protected":false},"excerpt":{"rendered":"<p>Luned\u00ec 4 dicembre (ore 20.30 &#8211; ingresso 5 euro &#8211; ridotto 4 euro) al Teatro Paisiello di Lecce la Compagnia<\/p>\n","protected":false},"author":1,"featured_media":4090,"comment_status":"open","ping_status":"open","sticky":false,"template":"","format":"standard","meta":[],"categories":[13],"tags":[161,455,454],"yoast_head":"<!-- This site is optimized with the Yoast SEO plugin v18.0 - https:\/\/yoast.com\/wordpress\/plugins\/seo\/ -->\n<title>La favola de Zoza in scena al Paisiello | Arte e Luoghi<\/title>\n<meta name=\"description\" content=\"La favola di Zoza al Paisiello\" \/>\n<meta name=\"robots\" content=\"index, follow, max-snippet:-1, max-image-preview:large, max-video-preview:-1\" \/>\n<link rel=\"canonical\" href=\"https:\/\/arteeluoghi.it\/index.php\/2017\/11\/30\/4089\/\" \/>\n<meta property=\"og:locale\" content=\"it_IT\" \/>\n<meta property=\"og:type\" content=\"article\" \/>\n<meta property=\"og:title\" content=\"La favola de Zoza in scena al Paisiello | Arte e Luoghi\" \/>\n<meta property=\"og:description\" content=\"La favola di Zoza al Paisiello\" \/>\n<meta property=\"og:url\" content=\"https:\/\/arteeluoghi.it\/index.php\/2017\/11\/30\/4089\/\" \/>\n<meta property=\"og:site_name\" content=\"Arte e Luoghi\" \/>\n<meta property=\"article:publisher\" content=\"https:\/\/www.facebook.com\/ArteELuoghi\/\" \/>\n<meta property=\"article:published_time\" content=\"2017-11-30T20:42:29+00:00\" \/>\n<meta property=\"article:modified_time\" content=\"2018-01-04T20:20:47+00:00\" \/>\n<meta property=\"og:image\" content=\"https:\/\/arteeluoghi.it\/wp-content\/uploads\/2017\/12\/Panaro-La-favola-de-Zoza.jpg\" \/>\n\t<meta property=\"og:image:width\" content=\"1500\" \/>\n\t<meta property=\"og:image:height\" content=\"995\" \/>\n\t<meta property=\"og:image:type\" content=\"image\/jpeg\" \/>\n<meta name=\"twitter:card\" content=\"summary\" \/>\n<meta name=\"twitter:creator\" content=\"@arteeluoghi\" \/>\n<meta name=\"twitter:site\" content=\"@arteeluoghi\" \/>\n<meta name=\"twitter:label1\" content=\"Scritto da\" \/>\n\t<meta name=\"twitter:data1\" content=\"Staff\" \/>\n\t<meta name=\"twitter:label2\" content=\"Tempo di lettura stimato\" \/>\n\t<meta name=\"twitter:data2\" content=\"4 minuti\" \/>\n<script type=\"application\/ld+json\" class=\"yoast-schema-graph\">{\"@context\":\"https:\/\/schema.org\",\"@graph\":[{\"@type\":\"Organization\",\"@id\":\"https:\/\/arteeluoghi.it\/#organization\",\"name\":\"Arte e Luoghi\",\"url\":\"https:\/\/arteeluoghi.it\/\",\"sameAs\":[\"https:\/\/www.facebook.com\/ArteELuoghi\/\",\"https:\/\/www.instagram.com\/arteeluoghi\/?hl=it\",\"https:\/\/www.youtube.com\/channel\/UCuRVc4JW4-C5sg9rQB-srkw?view_as=subscriber\",\"https:\/\/twitter.com\/arteeluoghi\"],\"logo\":{\"@type\":\"ImageObject\",\"@id\":\"https:\/\/arteeluoghi.it\/#logo\",\"inLanguage\":\"it-IT\",\"url\":\"https:\/\/arteeluoghi.it\/wp-content\/uploads\/2018\/08\/logoinstagramarte.jpg\",\"contentUrl\":\"https:\/\/arteeluoghi.it\/wp-content\/uploads\/2018\/08\/logoinstagramarte.jpg\",\"width\":150,\"height\":150,\"caption\":\"Arte e Luoghi\"},\"image\":{\"@id\":\"https:\/\/arteeluoghi.it\/#logo\"}},{\"@type\":\"WebSite\",\"@id\":\"https:\/\/arteeluoghi.it\/#website\",\"url\":\"https:\/\/arteeluoghi.it\/\",\"name\":\"Arte e Luoghi\",\"description\":\"Mensile di arte, cultura, turismo e curiosit\u00e0\",\"publisher\":{\"@id\":\"https:\/\/arteeluoghi.it\/#organization\"},\"potentialAction\":[{\"@type\":\"SearchAction\",\"target\":{\"@type\":\"EntryPoint\",\"urlTemplate\":\"https:\/\/arteeluoghi.it\/?s={search_term_string}\"},\"query-input\":\"required name=search_term_string\"}],\"inLanguage\":\"it-IT\"},{\"@type\":\"ImageObject\",\"@id\":\"https:\/\/arteeluoghi.it\/index.php\/2017\/11\/30\/4089\/#primaryimage\",\"inLanguage\":\"it-IT\",\"url\":\"https:\/\/arteeluoghi.it\/wp-content\/uploads\/2017\/12\/Panaro-La-favola-de-Zoza.jpg\",\"contentUrl\":\"https:\/\/arteeluoghi.it\/wp-content\/uploads\/2017\/12\/Panaro-La-favola-de-Zoza.jpg\",\"width\":1500,\"height\":995,\"caption\":\"DIAGHILEV_Paolo Panaro_Zoza 28.2.12 foto \u00a9Vito Mastrolonardo-Bari\"},{\"@type\":\"WebPage\",\"@id\":\"https:\/\/arteeluoghi.it\/index.php\/2017\/11\/30\/4089\/#webpage\",\"url\":\"https:\/\/arteeluoghi.it\/index.php\/2017\/11\/30\/4089\/\",\"name\":\"La favola de Zoza in scena al Paisiello | Arte e Luoghi\",\"isPartOf\":{\"@id\":\"https:\/\/arteeluoghi.it\/#website\"},\"primaryImageOfPage\":{\"@id\":\"https:\/\/arteeluoghi.it\/index.php\/2017\/11\/30\/4089\/#primaryimage\"},\"datePublished\":\"2017-11-30T20:42:29+00:00\",\"dateModified\":\"2018-01-04T20:20:47+00:00\",\"description\":\"La favola di Zoza al Paisiello\",\"breadcrumb\":{\"@id\":\"https:\/\/arteeluoghi.it\/index.php\/2017\/11\/30\/4089\/#breadcrumb\"},\"inLanguage\":\"it-IT\",\"potentialAction\":[{\"@type\":\"ReadAction\",\"target\":[\"https:\/\/arteeluoghi.it\/index.php\/2017\/11\/30\/4089\/\"]}]},{\"@type\":\"BreadcrumbList\",\"@id\":\"https:\/\/arteeluoghi.it\/index.php\/2017\/11\/30\/4089\/#breadcrumb\",\"itemListElement\":[{\"@type\":\"ListItem\",\"position\":1,\"name\":\"Home\",\"item\":\"https:\/\/arteeluoghi.it\/\"},{\"@type\":\"ListItem\",\"position\":2,\"name\":\"La favola de Zoza in scena al Paisiello\"}]},{\"@type\":\"Article\",\"@id\":\"https:\/\/arteeluoghi.it\/index.php\/2017\/11\/30\/4089\/#article\",\"isPartOf\":{\"@id\":\"https:\/\/arteeluoghi.it\/index.php\/2017\/11\/30\/4089\/#webpage\"},\"author\":{\"@id\":\"https:\/\/arteeluoghi.it\/#\/schema\/person\/f84e814e36e91e01448ee07eaadd41d4\"},\"headline\":\"La favola de Zoza in scena al Paisiello\",\"datePublished\":\"2017-11-30T20:42:29+00:00\",\"dateModified\":\"2018-01-04T20:20:47+00:00\",\"mainEntityOfPage\":{\"@id\":\"https:\/\/arteeluoghi.it\/index.php\/2017\/11\/30\/4089\/#webpage\"},\"wordCount\":812,\"commentCount\":0,\"publisher\":{\"@id\":\"https:\/\/arteeluoghi.it\/#organization\"},\"image\":{\"@id\":\"https:\/\/arteeluoghi.it\/index.php\/2017\/11\/30\/4089\/#primaryimage\"},\"thumbnailUrl\":\"https:\/\/arteeluoghi.it\/wp-content\/uploads\/2017\/12\/Panaro-La-favola-de-Zoza.jpg\",\"keywords\":[\"Giambattista Basile\",\"Paiisiello\",\"Zoza\"],\"articleSection\":[\"teatro\"],\"inLanguage\":\"it-IT\",\"potentialAction\":[{\"@type\":\"CommentAction\",\"name\":\"Comment\",\"target\":[\"https:\/\/arteeluoghi.it\/index.php\/2017\/11\/30\/4089\/#respond\"]}]},{\"@type\":\"Person\",\"@id\":\"https:\/\/arteeluoghi.it\/#\/schema\/person\/f84e814e36e91e01448ee07eaadd41d4\",\"name\":\"Staff\",\"image\":{\"@type\":\"ImageObject\",\"@id\":\"https:\/\/arteeluoghi.it\/#personlogo\",\"inLanguage\":\"it-IT\",\"url\":\"https:\/\/secure.gravatar.com\/avatar\/49d2f9e46271bb04e19cebfaf141313a?s=96&d=blank&r=g\",\"contentUrl\":\"https:\/\/secure.gravatar.com\/avatar\/49d2f9e46271bb04e19cebfaf141313a?s=96&d=blank&r=g\",\"caption\":\"Staff\"}}]}<\/script>\n<!-- \/ Yoast SEO plugin. -->","yoast_head_json":{"title":"La favola de Zoza in scena al Paisiello | Arte e Luoghi","description":"La favola di Zoza al Paisiello","robots":{"index":"index","follow":"follow","max-snippet":"max-snippet:-1","max-image-preview":"max-image-preview:large","max-video-preview":"max-video-preview:-1"},"canonical":"https:\/\/arteeluoghi.it\/index.php\/2017\/11\/30\/4089\/","og_locale":"it_IT","og_type":"article","og_title":"La favola de Zoza in scena al Paisiello | Arte e Luoghi","og_description":"La favola di Zoza al Paisiello","og_url":"https:\/\/arteeluoghi.it\/index.php\/2017\/11\/30\/4089\/","og_site_name":"Arte e Luoghi","article_publisher":"https:\/\/www.facebook.com\/ArteELuoghi\/","article_published_time":"2017-11-30T20:42:29+00:00","article_modified_time":"2018-01-04T20:20:47+00:00","og_image":[{"width":1500,"height":995,"url":"https:\/\/arteeluoghi.it\/wp-content\/uploads\/2017\/12\/Panaro-La-favola-de-Zoza.jpg","type":"image\/jpeg"}],"twitter_card":"summary","twitter_creator":"@arteeluoghi","twitter_site":"@arteeluoghi","twitter_misc":{"Scritto da":"Staff","Tempo di lettura stimato":"4 minuti"},"schema":{"@context":"https:\/\/schema.org","@graph":[{"@type":"Organization","@id":"https:\/\/arteeluoghi.it\/#organization","name":"Arte e Luoghi","url":"https:\/\/arteeluoghi.it\/","sameAs":["https:\/\/www.facebook.com\/ArteELuoghi\/","https:\/\/www.instagram.com\/arteeluoghi\/?hl=it","https:\/\/www.youtube.com\/channel\/UCuRVc4JW4-C5sg9rQB-srkw?view_as=subscriber","https:\/\/twitter.com\/arteeluoghi"],"logo":{"@type":"ImageObject","@id":"https:\/\/arteeluoghi.it\/#logo","inLanguage":"it-IT","url":"https:\/\/arteeluoghi.it\/wp-content\/uploads\/2018\/08\/logoinstagramarte.jpg","contentUrl":"https:\/\/arteeluoghi.it\/wp-content\/uploads\/2018\/08\/logoinstagramarte.jpg","width":150,"height":150,"caption":"Arte e Luoghi"},"image":{"@id":"https:\/\/arteeluoghi.it\/#logo"}},{"@type":"WebSite","@id":"https:\/\/arteeluoghi.it\/#website","url":"https:\/\/arteeluoghi.it\/","name":"Arte e Luoghi","description":"Mensile di arte, cultura, turismo e curiosit\u00e0","publisher":{"@id":"https:\/\/arteeluoghi.it\/#organization"},"potentialAction":[{"@type":"SearchAction","target":{"@type":"EntryPoint","urlTemplate":"https:\/\/arteeluoghi.it\/?s={search_term_string}"},"query-input":"required name=search_term_string"}],"inLanguage":"it-IT"},{"@type":"ImageObject","@id":"https:\/\/arteeluoghi.it\/index.php\/2017\/11\/30\/4089\/#primaryimage","inLanguage":"it-IT","url":"https:\/\/arteeluoghi.it\/wp-content\/uploads\/2017\/12\/Panaro-La-favola-de-Zoza.jpg","contentUrl":"https:\/\/arteeluoghi.it\/wp-content\/uploads\/2017\/12\/Panaro-La-favola-de-Zoza.jpg","width":1500,"height":995,"caption":"DIAGHILEV_Paolo Panaro_Zoza 28.2.12 foto \u00a9Vito Mastrolonardo-Bari"},{"@type":"WebPage","@id":"https:\/\/arteeluoghi.it\/index.php\/2017\/11\/30\/4089\/#webpage","url":"https:\/\/arteeluoghi.it\/index.php\/2017\/11\/30\/4089\/","name":"La favola de Zoza in scena al Paisiello | Arte e Luoghi","isPartOf":{"@id":"https:\/\/arteeluoghi.it\/#website"},"primaryImageOfPage":{"@id":"https:\/\/arteeluoghi.it\/index.php\/2017\/11\/30\/4089\/#primaryimage"},"datePublished":"2017-11-30T20:42:29+00:00","dateModified":"2018-01-04T20:20:47+00:00","description":"La favola di Zoza al Paisiello","breadcrumb":{"@id":"https:\/\/arteeluoghi.it\/index.php\/2017\/11\/30\/4089\/#breadcrumb"},"inLanguage":"it-IT","potentialAction":[{"@type":"ReadAction","target":["https:\/\/arteeluoghi.it\/index.php\/2017\/11\/30\/4089\/"]}]},{"@type":"BreadcrumbList","@id":"https:\/\/arteeluoghi.it\/index.php\/2017\/11\/30\/4089\/#breadcrumb","itemListElement":[{"@type":"ListItem","position":1,"name":"Home","item":"https:\/\/arteeluoghi.it\/"},{"@type":"ListItem","position":2,"name":"La favola de Zoza in scena al Paisiello"}]},{"@type":"Article","@id":"https:\/\/arteeluoghi.it\/index.php\/2017\/11\/30\/4089\/#article","isPartOf":{"@id":"https:\/\/arteeluoghi.it\/index.php\/2017\/11\/30\/4089\/#webpage"},"author":{"@id":"https:\/\/arteeluoghi.it\/#\/schema\/person\/f84e814e36e91e01448ee07eaadd41d4"},"headline":"La favola de Zoza in scena al Paisiello","datePublished":"2017-11-30T20:42:29+00:00","dateModified":"2018-01-04T20:20:47+00:00","mainEntityOfPage":{"@id":"https:\/\/arteeluoghi.it\/index.php\/2017\/11\/30\/4089\/#webpage"},"wordCount":812,"commentCount":0,"publisher":{"@id":"https:\/\/arteeluoghi.it\/#organization"},"image":{"@id":"https:\/\/arteeluoghi.it\/index.php\/2017\/11\/30\/4089\/#primaryimage"},"thumbnailUrl":"https:\/\/arteeluoghi.it\/wp-content\/uploads\/2017\/12\/Panaro-La-favola-de-Zoza.jpg","keywords":["Giambattista Basile","Paiisiello","Zoza"],"articleSection":["teatro"],"inLanguage":"it-IT","potentialAction":[{"@type":"CommentAction","name":"Comment","target":["https:\/\/arteeluoghi.it\/index.php\/2017\/11\/30\/4089\/#respond"]}]},{"@type":"Person","@id":"https:\/\/arteeluoghi.it\/#\/schema\/person\/f84e814e36e91e01448ee07eaadd41d4","name":"Staff","image":{"@type":"ImageObject","@id":"https:\/\/arteeluoghi.it\/#personlogo","inLanguage":"it-IT","url":"https:\/\/secure.gravatar.com\/avatar\/49d2f9e46271bb04e19cebfaf141313a?s=96&d=blank&r=g","contentUrl":"https:\/\/secure.gravatar.com\/avatar\/49d2f9e46271bb04e19cebfaf141313a?s=96&d=blank&r=g","caption":"Staff"}}]}},"_links":{"self":[{"href":"https:\/\/arteeluoghi.it\/index.php\/wp-json\/wp\/v2\/posts\/4089"}],"collection":[{"href":"https:\/\/arteeluoghi.it\/index.php\/wp-json\/wp\/v2\/posts"}],"about":[{"href":"https:\/\/arteeluoghi.it\/index.php\/wp-json\/wp\/v2\/types\/post"}],"author":[{"embeddable":true,"href":"https:\/\/arteeluoghi.it\/index.php\/wp-json\/wp\/v2\/users\/1"}],"replies":[{"embeddable":true,"href":"https:\/\/arteeluoghi.it\/index.php\/wp-json\/wp\/v2\/comments?post=4089"}],"version-history":[{"count":1,"href":"https:\/\/arteeluoghi.it\/index.php\/wp-json\/wp\/v2\/posts\/4089\/revisions"}],"predecessor-version":[{"id":4091,"href":"https:\/\/arteeluoghi.it\/index.php\/wp-json\/wp\/v2\/posts\/4089\/revisions\/4091"}],"wp:featuredmedia":[{"embeddable":true,"href":"https:\/\/arteeluoghi.it\/index.php\/wp-json\/wp\/v2\/media\/4090"}],"wp:attachment":[{"href":"https:\/\/arteeluoghi.it\/index.php\/wp-json\/wp\/v2\/media?parent=4089"}],"wp:term":[{"taxonomy":"category","embeddable":true,"href":"https:\/\/arteeluoghi.it\/index.php\/wp-json\/wp\/v2\/categories?post=4089"},{"taxonomy":"post_tag","embeddable":true,"href":"https:\/\/arteeluoghi.it\/index.php\/wp-json\/wp\/v2\/tags?post=4089"}],"curies":[{"name":"wp","href":"https:\/\/api.w.org\/{rel}","templated":true}]}}