{"id":4092,"date":"2017-10-07T21:47:58","date_gmt":"2017-10-07T19:47:58","guid":{"rendered":"http:\/\/arteeluoghi.it\/?p=4092"},"modified":"2018-01-04T21:30:19","modified_gmt":"2018-01-04T20:30:19","slug":"line-sito-dedicato-a-renato-centonze","status":"publish","type":"post","link":"https:\/\/arteeluoghi.it\/index.php\/2017\/10\/07\/line-sito-dedicato-a-renato-centonze\/","title":{"rendered":"On line il sito dedicato alla memoria dell&#8217;artista Renato Centonze"},"content":{"rendered":"<p><b><img loading=\"lazy\" class=\"size-medium wp-image-4095 alignleft\" src=\"https:\/\/arteeluoghi.it\/wp-content\/uploads\/2017\/10\/homerenato2-300x171.jpg\" alt=\"\" width=\"300\" height=\"171\" srcset=\"https:\/\/arteeluoghi.it\/wp-content\/uploads\/2017\/10\/homerenato2-300x171.jpg 300w, https:\/\/arteeluoghi.it\/wp-content\/uploads\/2017\/10\/homerenato2-768x438.jpg 768w, https:\/\/arteeluoghi.it\/wp-content\/uploads\/2017\/10\/homerenato2-1024x584.jpg 1024w, https:\/\/arteeluoghi.it\/wp-content\/uploads\/2017\/10\/homerenato2.jpg 1323w\" sizes=\"(max-width: 300px) 100vw, 300px\" \/>Renato Centonze avrebbe compiuto il 9 ottobre settant&#8217;anni. A distanza di sette anni dalla sua scomparsa, \u00e8 on line il sito\u00a0 ufficiale per ricordare l&#8217;artista e divulgare le sue opere<\/b><\/p>\n<p><i>&lt;&lt;mite nell\u2019aspetto, ribelle nello spirito, semplice e lineare nell\u2019eloquio, anticonformista negli atteggiamenti, idealista e progressista per cultura e vocazione&gt;&gt; <\/i><\/p>\n<p><!--more--> Poche frasi, come pennellate, del gallerista Riccardo Leuzzi ben descrivono la personalit\u00e0 artistica e umana di Renato Centonze. Nato a Cavallino il 9 ottobre 1947, Renato oggi avrebbe compiuto settant&#8217;anni se non avesse deciso di interrompere il fluire della sua vita il 24 maggio 2010 lasciando un vuoto incolmabile non solo nelle persone a lui care ma anche nel panorama artistico contemporaneo. <i><br \/>\n<\/i><br \/>\n<img loading=\"lazy\" class=\"size-medium wp-image-4093 alignright\" src=\"https:\/\/arteeluoghi.it\/wp-content\/uploads\/2017\/12\/renatocentonze-300x225.jpg\" alt=\"\" width=\"300\" height=\"225\" \/>\u00abL\u2019arte per me \u00e8 il fluire della vita\u2026\u00e8 un mondo interno &lt;-&gt; esterno, che passa attraverso il pensiero, le mani, il suono, il segno, la forma, il<\/p>\n<p>colore. In questa frase \u00e8 racchiusa la sua poetica e il suo credo artistico.<span id=\"m_4366706204672885321m_7506616428736387310m_-7243549568326965970gmail-m_-6113812599776363968gmail-m_-6495034938326713666gmail-more-1019\"><\/span><br \/>\nEra l\u00ec, nella home page del suo sito che aveva voluto realizzare nel 2005 intuendo l\u2019importanza di inserirsi nella <i>grande rete<\/i> e avere uno spazio artistico virtuale. Ne aveva seguito la costruzione, con la meticolosit\u00e0 con la quale archiviava ogni singolo evento espositivo di una carriera ultratrentennale vissuta nell\u2019arte e per l\u2019arte come testimoniamo i grandi libroni conservati nel suo archivio.<\/p>\n<p><span class=\"m_4366706204672885321m_7506616428736387310m_-7243549568326965970gmail-m_-6113812599776363968gmail-m_-6495034938326713666gmail-st\"><i>\u00c8<\/i><\/span> con lo stesso spirito e con le stesse motivazioni che \u00e8 stato riaperto il sito dell\u2019artista, chiuso,\u00a0dopo la sua scomparsa, per disguidi tecnici ma fortemente voluto e ideato dalla moglie Floris Quarta insieme al loro figlio Marco, prematuramente scomparso in Messico il 27 luglio\u00a02016 e <b>ALLA CUI MEMORIA <span class=\"m_4366706204672885321m_7506616428736387310m_-7243549568326965970gmail-m_-6113812599776363968gmail-m_-6495034938326713666gmail-st\"><i>\u00c8<\/i><\/span> IDEALMENTE DEDICATO L\u2019INTERO PROGETTO<\/b>.<\/p>\n<p>Il percorso artistico di Renato Centonze abbraccia un arco di tempo che va dal 1970 al 2008. La presentazione del suo \u00abfare artistico\u00bb non pu\u00f2 considerarsi esaustiva della sua ricca produzione,\u00a0ma rappresentativa del suo incessante processo di ricerca che si snoda da un periodo figurativo (1970\/80) alla progressiva scomparsa della figura\u2026\u00a0alle pitto-sculture-sonore\u2026alle auto-geo-grafie. Sono presenti anche opere su cartoncino e serigrafiche cos\u00ec come una parte dei testi critici relativi\u00a0a mostre ed eventi che hanno scandito la sua esistenza. Una significativa carellata di opere, raggruppate seguendo la cronologia e i cicli pittorici, intende fornire agli internauti e a tutti gli appassionati d\u2019arte un approccio, certamente non esaustivo, alla complessa produzione artistica di Renato Centonze.\u00a0 L\u2019intento \u2013 spiega la stessa Floris \u00e8\u00a0 \u201ccontinuare a divulgare ulteriormente l\u2019opera di Renato Centonze perch\u00e9 ne resti viva la memoria e possa continuare ad offrire opportunit\u00e0 di studio e di ricerca a coloro che ne avvertissero l\u2019interesse\u201d.<\/p>\n<p>&#8220;Non \u00e8 stato facile ordinare i materiali, ma sulla falsariga delle sue stesse suddivisioni e raggruppando per temi i cicli pittorici, ai quali lui stesso aveva dato un nome, abbiamo visto nascere le sezioni &#8211; spiega la curatrice Antonietta Fulvio. E la scelta \u00e8 stata, in un certo senso, farci guidare da lui. Per Renato il titolo era parte integrante dell\u2019opera, spesso una vera e propria chiave di lettura. Ed ecco allora che rispettando il pi\u00f9 possibile la cronologia \u2013 anche se si sa gli artisti lavorano su pi\u00f9 fronti contemporaneamente e per lungo tempo- abbiamo raggruppato in gallerie una selezione significativa, ma non esaustiva, della grande produzione artistica di Renato che solo il tempo e la catalogazione in atto potr\u00e0 rendere il pi\u00f9 definitiva possibile. Perch\u00e9 all\u2019elencazione delle opere del vasto Archivio Centonze si dovranno aggiungere quelle di propriet\u00e0 dei tantissimi collezionisti italiani e stranieri.&#8221; Per segnalare l&#8217;eventuale presenza di opere dell&#8217;artista in istituzioni pubbliche e private baster\u00e0 scrivere alla mail <b><a href=\"mailto:info@renatocentonze.it\" target=\"_blank\" rel=\"noopener\">info@renatocentonze.it<\/a><\/b> mentre per avere informazioni <b>di carattere generale o per acquisizioni di opere dell\u2019Archivio <\/b>il referente per l\u2019Italia<b> \u00e8 Floris Quarta<\/b>\u00a0 (cell. <b>3406093800)<\/b>, referente per l\u2019Estero Veracruz Messico: <b>Veronica Castro<\/b> (cell. <b>005212299005295). Per visionare il sito l&#8217;indirizzo \u00e8 <a href=\"http:\/\/renatocentonze.it\/\" target=\"_blank\" rel=\"noopener\" data-saferedirecturl=\"https:\/\/www.google.com\/url?hl=it&amp;q=http:\/\/renatocentonze.it&amp;source=gmail&amp;ust=1512760235322000&amp;usg=AFQjCNGQzB2ZwoOlOOwetIyONytXyD2chQ\">renatocentonze.it<\/a> <\/b><\/p>\n","protected":false},"excerpt":{"rendered":"<p>Renato Centonze avrebbe compiuto il 9 ottobre settant&#8217;anni. A distanza di sette anni dalla sua scomparsa, \u00e8 on line il<\/p>\n","protected":false},"author":1,"featured_media":4093,"comment_status":"open","ping_status":"open","sticky":false,"template":"","format":"standard","meta":[],"categories":[27,3,6],"tags":[],"yoast_head":"<!-- This site is optimized with the Yoast SEO plugin v18.0 - https:\/\/yoast.com\/wordpress\/plugins\/seo\/ -->\n<title>On line il sito dedicato alla memoria dell&#039;artista Renato Centonze | Arte e Luoghi<\/title>\n<meta name=\"robots\" content=\"index, follow, max-snippet:-1, max-image-preview:large, max-video-preview:-1\" \/>\n<link rel=\"canonical\" href=\"https:\/\/arteeluoghi.it\/index.php\/2017\/10\/07\/line-sito-dedicato-a-renato-centonze\/\" \/>\n<meta property=\"og:locale\" content=\"it_IT\" \/>\n<meta property=\"og:type\" content=\"article\" \/>\n<meta property=\"og:title\" content=\"On line il sito dedicato alla memoria dell&#039;artista Renato Centonze | Arte e Luoghi\" \/>\n<meta property=\"og:description\" content=\"Renato Centonze avrebbe compiuto il 9 ottobre settant&#8217;anni. A distanza di sette anni dalla sua scomparsa, \u00e8 on line il\" \/>\n<meta property=\"og:url\" content=\"https:\/\/arteeluoghi.it\/index.php\/2017\/10\/07\/line-sito-dedicato-a-renato-centonze\/\" \/>\n<meta property=\"og:site_name\" content=\"Arte e Luoghi\" \/>\n<meta property=\"article:publisher\" content=\"https:\/\/www.facebook.com\/ArteELuoghi\/\" \/>\n<meta property=\"article:published_time\" content=\"2017-10-07T19:47:58+00:00\" \/>\n<meta property=\"article:modified_time\" content=\"2018-01-04T20:30:19+00:00\" \/>\n<meta property=\"og:image\" content=\"https:\/\/arteeluoghi.it\/wp-content\/uploads\/2017\/12\/renatocentonze.jpg\" \/>\n\t<meta property=\"og:image:width\" content=\"300\" \/>\n\t<meta property=\"og:image:height\" content=\"225\" \/>\n\t<meta property=\"og:image:type\" content=\"image\/jpeg\" \/>\n<meta name=\"twitter:card\" content=\"summary\" \/>\n<meta name=\"twitter:creator\" content=\"@arteeluoghi\" \/>\n<meta name=\"twitter:site\" content=\"@arteeluoghi\" \/>\n<meta name=\"twitter:label1\" content=\"Scritto da\" \/>\n\t<meta name=\"twitter:data1\" content=\"Staff\" \/>\n\t<meta name=\"twitter:label2\" content=\"Tempo di lettura stimato\" \/>\n\t<meta name=\"twitter:data2\" content=\"3 minuti\" \/>\n<script type=\"application\/ld+json\" class=\"yoast-schema-graph\">{\"@context\":\"https:\/\/schema.org\",\"@graph\":[{\"@type\":\"Organization\",\"@id\":\"https:\/\/arteeluoghi.it\/#organization\",\"name\":\"Arte e Luoghi\",\"url\":\"https:\/\/arteeluoghi.it\/\",\"sameAs\":[\"https:\/\/www.facebook.com\/ArteELuoghi\/\",\"https:\/\/www.instagram.com\/arteeluoghi\/?hl=it\",\"https:\/\/www.youtube.com\/channel\/UCuRVc4JW4-C5sg9rQB-srkw?view_as=subscriber\",\"https:\/\/twitter.com\/arteeluoghi\"],\"logo\":{\"@type\":\"ImageObject\",\"@id\":\"https:\/\/arteeluoghi.it\/#logo\",\"inLanguage\":\"it-IT\",\"url\":\"https:\/\/arteeluoghi.it\/wp-content\/uploads\/2018\/08\/logoinstagramarte.jpg\",\"contentUrl\":\"https:\/\/arteeluoghi.it\/wp-content\/uploads\/2018\/08\/logoinstagramarte.jpg\",\"width\":150,\"height\":150,\"caption\":\"Arte e Luoghi\"},\"image\":{\"@id\":\"https:\/\/arteeluoghi.it\/#logo\"}},{\"@type\":\"WebSite\",\"@id\":\"https:\/\/arteeluoghi.it\/#website\",\"url\":\"https:\/\/arteeluoghi.it\/\",\"name\":\"Arte e Luoghi\",\"description\":\"Mensile di arte, cultura, turismo e curiosit\u00e0\",\"publisher\":{\"@id\":\"https:\/\/arteeluoghi.it\/#organization\"},\"potentialAction\":[{\"@type\":\"SearchAction\",\"target\":{\"@type\":\"EntryPoint\",\"urlTemplate\":\"https:\/\/arteeluoghi.it\/?s={search_term_string}\"},\"query-input\":\"required name=search_term_string\"}],\"inLanguage\":\"it-IT\"},{\"@type\":\"ImageObject\",\"@id\":\"https:\/\/arteeluoghi.it\/index.php\/2017\/10\/07\/line-sito-dedicato-a-renato-centonze\/#primaryimage\",\"inLanguage\":\"it-IT\",\"url\":\"https:\/\/arteeluoghi.it\/wp-content\/uploads\/2017\/12\/renatocentonze.jpg\",\"contentUrl\":\"https:\/\/arteeluoghi.it\/wp-content\/uploads\/2017\/12\/renatocentonze.jpg\",\"width\":300,\"height\":225},{\"@type\":\"WebPage\",\"@id\":\"https:\/\/arteeluoghi.it\/index.php\/2017\/10\/07\/line-sito-dedicato-a-renato-centonze\/#webpage\",\"url\":\"https:\/\/arteeluoghi.it\/index.php\/2017\/10\/07\/line-sito-dedicato-a-renato-centonze\/\",\"name\":\"On line il sito dedicato alla memoria dell'artista Renato Centonze | Arte e Luoghi\",\"isPartOf\":{\"@id\":\"https:\/\/arteeluoghi.it\/#website\"},\"primaryImageOfPage\":{\"@id\":\"https:\/\/arteeluoghi.it\/index.php\/2017\/10\/07\/line-sito-dedicato-a-renato-centonze\/#primaryimage\"},\"datePublished\":\"2017-10-07T19:47:58+00:00\",\"dateModified\":\"2018-01-04T20:30:19+00:00\",\"breadcrumb\":{\"@id\":\"https:\/\/arteeluoghi.it\/index.php\/2017\/10\/07\/line-sito-dedicato-a-renato-centonze\/#breadcrumb\"},\"inLanguage\":\"it-IT\",\"potentialAction\":[{\"@type\":\"ReadAction\",\"target\":[\"https:\/\/arteeluoghi.it\/index.php\/2017\/10\/07\/line-sito-dedicato-a-renato-centonze\/\"]}]},{\"@type\":\"BreadcrumbList\",\"@id\":\"https:\/\/arteeluoghi.it\/index.php\/2017\/10\/07\/line-sito-dedicato-a-renato-centonze\/#breadcrumb\",\"itemListElement\":[{\"@type\":\"ListItem\",\"position\":1,\"name\":\"Home\",\"item\":\"https:\/\/arteeluoghi.it\/\"},{\"@type\":\"ListItem\",\"position\":2,\"name\":\"On line il sito dedicato alla memoria dell&#8217;artista Renato Centonze\"}]},{\"@type\":\"Article\",\"@id\":\"https:\/\/arteeluoghi.it\/index.php\/2017\/10\/07\/line-sito-dedicato-a-renato-centonze\/#article\",\"isPartOf\":{\"@id\":\"https:\/\/arteeluoghi.it\/index.php\/2017\/10\/07\/line-sito-dedicato-a-renato-centonze\/#webpage\"},\"author\":{\"@id\":\"https:\/\/arteeluoghi.it\/#\/schema\/person\/f84e814e36e91e01448ee07eaadd41d4\"},\"headline\":\"On line il sito dedicato alla memoria dell&#8217;artista Renato Centonze\",\"datePublished\":\"2017-10-07T19:47:58+00:00\",\"dateModified\":\"2018-01-04T20:30:19+00:00\",\"mainEntityOfPage\":{\"@id\":\"https:\/\/arteeluoghi.it\/index.php\/2017\/10\/07\/line-sito-dedicato-a-renato-centonze\/#webpage\"},\"wordCount\":635,\"commentCount\":0,\"publisher\":{\"@id\":\"https:\/\/arteeluoghi.it\/#organization\"},\"image\":{\"@id\":\"https:\/\/arteeluoghi.it\/index.php\/2017\/10\/07\/line-sito-dedicato-a-renato-centonze\/#primaryimage\"},\"thumbnailUrl\":\"https:\/\/arteeluoghi.it\/wp-content\/uploads\/2017\/12\/renatocentonze.jpg\",\"articleSection\":[\"Arte\",\"Arti visive\",\"Scultura\"],\"inLanguage\":\"it-IT\",\"potentialAction\":[{\"@type\":\"CommentAction\",\"name\":\"Comment\",\"target\":[\"https:\/\/arteeluoghi.it\/index.php\/2017\/10\/07\/line-sito-dedicato-a-renato-centonze\/#respond\"]}]},{\"@type\":\"Person\",\"@id\":\"https:\/\/arteeluoghi.it\/#\/schema\/person\/f84e814e36e91e01448ee07eaadd41d4\",\"name\":\"Staff\",\"image\":{\"@type\":\"ImageObject\",\"@id\":\"https:\/\/arteeluoghi.it\/#personlogo\",\"inLanguage\":\"it-IT\",\"url\":\"https:\/\/secure.gravatar.com\/avatar\/49d2f9e46271bb04e19cebfaf141313a?s=96&d=blank&r=g\",\"contentUrl\":\"https:\/\/secure.gravatar.com\/avatar\/49d2f9e46271bb04e19cebfaf141313a?s=96&d=blank&r=g\",\"caption\":\"Staff\"}}]}<\/script>\n<!-- \/ Yoast SEO plugin. -->","yoast_head_json":{"title":"On line il sito dedicato alla memoria dell'artista Renato Centonze | Arte e Luoghi","robots":{"index":"index","follow":"follow","max-snippet":"max-snippet:-1","max-image-preview":"max-image-preview:large","max-video-preview":"max-video-preview:-1"},"canonical":"https:\/\/arteeluoghi.it\/index.php\/2017\/10\/07\/line-sito-dedicato-a-renato-centonze\/","og_locale":"it_IT","og_type":"article","og_title":"On line il sito dedicato alla memoria dell'artista Renato Centonze | Arte e Luoghi","og_description":"Renato Centonze avrebbe compiuto il 9 ottobre settant&#8217;anni. A distanza di sette anni dalla sua scomparsa, \u00e8 on line il","og_url":"https:\/\/arteeluoghi.it\/index.php\/2017\/10\/07\/line-sito-dedicato-a-renato-centonze\/","og_site_name":"Arte e Luoghi","article_publisher":"https:\/\/www.facebook.com\/ArteELuoghi\/","article_published_time":"2017-10-07T19:47:58+00:00","article_modified_time":"2018-01-04T20:30:19+00:00","og_image":[{"width":300,"height":225,"url":"https:\/\/arteeluoghi.it\/wp-content\/uploads\/2017\/12\/renatocentonze.jpg","type":"image\/jpeg"}],"twitter_card":"summary","twitter_creator":"@arteeluoghi","twitter_site":"@arteeluoghi","twitter_misc":{"Scritto da":"Staff","Tempo di lettura stimato":"3 minuti"},"schema":{"@context":"https:\/\/schema.org","@graph":[{"@type":"Organization","@id":"https:\/\/arteeluoghi.it\/#organization","name":"Arte e Luoghi","url":"https:\/\/arteeluoghi.it\/","sameAs":["https:\/\/www.facebook.com\/ArteELuoghi\/","https:\/\/www.instagram.com\/arteeluoghi\/?hl=it","https:\/\/www.youtube.com\/channel\/UCuRVc4JW4-C5sg9rQB-srkw?view_as=subscriber","https:\/\/twitter.com\/arteeluoghi"],"logo":{"@type":"ImageObject","@id":"https:\/\/arteeluoghi.it\/#logo","inLanguage":"it-IT","url":"https:\/\/arteeluoghi.it\/wp-content\/uploads\/2018\/08\/logoinstagramarte.jpg","contentUrl":"https:\/\/arteeluoghi.it\/wp-content\/uploads\/2018\/08\/logoinstagramarte.jpg","width":150,"height":150,"caption":"Arte e Luoghi"},"image":{"@id":"https:\/\/arteeluoghi.it\/#logo"}},{"@type":"WebSite","@id":"https:\/\/arteeluoghi.it\/#website","url":"https:\/\/arteeluoghi.it\/","name":"Arte e Luoghi","description":"Mensile di arte, cultura, turismo e curiosit\u00e0","publisher":{"@id":"https:\/\/arteeluoghi.it\/#organization"},"potentialAction":[{"@type":"SearchAction","target":{"@type":"EntryPoint","urlTemplate":"https:\/\/arteeluoghi.it\/?s={search_term_string}"},"query-input":"required name=search_term_string"}],"inLanguage":"it-IT"},{"@type":"ImageObject","@id":"https:\/\/arteeluoghi.it\/index.php\/2017\/10\/07\/line-sito-dedicato-a-renato-centonze\/#primaryimage","inLanguage":"it-IT","url":"https:\/\/arteeluoghi.it\/wp-content\/uploads\/2017\/12\/renatocentonze.jpg","contentUrl":"https:\/\/arteeluoghi.it\/wp-content\/uploads\/2017\/12\/renatocentonze.jpg","width":300,"height":225},{"@type":"WebPage","@id":"https:\/\/arteeluoghi.it\/index.php\/2017\/10\/07\/line-sito-dedicato-a-renato-centonze\/#webpage","url":"https:\/\/arteeluoghi.it\/index.php\/2017\/10\/07\/line-sito-dedicato-a-renato-centonze\/","name":"On line il sito dedicato alla memoria dell'artista Renato Centonze | Arte e Luoghi","isPartOf":{"@id":"https:\/\/arteeluoghi.it\/#website"},"primaryImageOfPage":{"@id":"https:\/\/arteeluoghi.it\/index.php\/2017\/10\/07\/line-sito-dedicato-a-renato-centonze\/#primaryimage"},"datePublished":"2017-10-07T19:47:58+00:00","dateModified":"2018-01-04T20:30:19+00:00","breadcrumb":{"@id":"https:\/\/arteeluoghi.it\/index.php\/2017\/10\/07\/line-sito-dedicato-a-renato-centonze\/#breadcrumb"},"inLanguage":"it-IT","potentialAction":[{"@type":"ReadAction","target":["https:\/\/arteeluoghi.it\/index.php\/2017\/10\/07\/line-sito-dedicato-a-renato-centonze\/"]}]},{"@type":"BreadcrumbList","@id":"https:\/\/arteeluoghi.it\/index.php\/2017\/10\/07\/line-sito-dedicato-a-renato-centonze\/#breadcrumb","itemListElement":[{"@type":"ListItem","position":1,"name":"Home","item":"https:\/\/arteeluoghi.it\/"},{"@type":"ListItem","position":2,"name":"On line il sito dedicato alla memoria dell&#8217;artista Renato Centonze"}]},{"@type":"Article","@id":"https:\/\/arteeluoghi.it\/index.php\/2017\/10\/07\/line-sito-dedicato-a-renato-centonze\/#article","isPartOf":{"@id":"https:\/\/arteeluoghi.it\/index.php\/2017\/10\/07\/line-sito-dedicato-a-renato-centonze\/#webpage"},"author":{"@id":"https:\/\/arteeluoghi.it\/#\/schema\/person\/f84e814e36e91e01448ee07eaadd41d4"},"headline":"On line il sito dedicato alla memoria dell&#8217;artista Renato Centonze","datePublished":"2017-10-07T19:47:58+00:00","dateModified":"2018-01-04T20:30:19+00:00","mainEntityOfPage":{"@id":"https:\/\/arteeluoghi.it\/index.php\/2017\/10\/07\/line-sito-dedicato-a-renato-centonze\/#webpage"},"wordCount":635,"commentCount":0,"publisher":{"@id":"https:\/\/arteeluoghi.it\/#organization"},"image":{"@id":"https:\/\/arteeluoghi.it\/index.php\/2017\/10\/07\/line-sito-dedicato-a-renato-centonze\/#primaryimage"},"thumbnailUrl":"https:\/\/arteeluoghi.it\/wp-content\/uploads\/2017\/12\/renatocentonze.jpg","articleSection":["Arte","Arti visive","Scultura"],"inLanguage":"it-IT","potentialAction":[{"@type":"CommentAction","name":"Comment","target":["https:\/\/arteeluoghi.it\/index.php\/2017\/10\/07\/line-sito-dedicato-a-renato-centonze\/#respond"]}]},{"@type":"Person","@id":"https:\/\/arteeluoghi.it\/#\/schema\/person\/f84e814e36e91e01448ee07eaadd41d4","name":"Staff","image":{"@type":"ImageObject","@id":"https:\/\/arteeluoghi.it\/#personlogo","inLanguage":"it-IT","url":"https:\/\/secure.gravatar.com\/avatar\/49d2f9e46271bb04e19cebfaf141313a?s=96&d=blank&r=g","contentUrl":"https:\/\/secure.gravatar.com\/avatar\/49d2f9e46271bb04e19cebfaf141313a?s=96&d=blank&r=g","caption":"Staff"}}]}},"_links":{"self":[{"href":"https:\/\/arteeluoghi.it\/index.php\/wp-json\/wp\/v2\/posts\/4092"}],"collection":[{"href":"https:\/\/arteeluoghi.it\/index.php\/wp-json\/wp\/v2\/posts"}],"about":[{"href":"https:\/\/arteeluoghi.it\/index.php\/wp-json\/wp\/v2\/types\/post"}],"author":[{"embeddable":true,"href":"https:\/\/arteeluoghi.it\/index.php\/wp-json\/wp\/v2\/users\/1"}],"replies":[{"embeddable":true,"href":"https:\/\/arteeluoghi.it\/index.php\/wp-json\/wp\/v2\/comments?post=4092"}],"version-history":[{"count":3,"href":"https:\/\/arteeluoghi.it\/index.php\/wp-json\/wp\/v2\/posts\/4092\/revisions"}],"predecessor-version":[{"id":4097,"href":"https:\/\/arteeluoghi.it\/index.php\/wp-json\/wp\/v2\/posts\/4092\/revisions\/4097"}],"wp:featuredmedia":[{"embeddable":true,"href":"https:\/\/arteeluoghi.it\/index.php\/wp-json\/wp\/v2\/media\/4093"}],"wp:attachment":[{"href":"https:\/\/arteeluoghi.it\/index.php\/wp-json\/wp\/v2\/media?parent=4092"}],"wp:term":[{"taxonomy":"category","embeddable":true,"href":"https:\/\/arteeluoghi.it\/index.php\/wp-json\/wp\/v2\/categories?post=4092"},{"taxonomy":"post_tag","embeddable":true,"href":"https:\/\/arteeluoghi.it\/index.php\/wp-json\/wp\/v2\/tags?post=4092"}],"curies":[{"name":"wp","href":"https:\/\/api.w.org\/{rel}","templated":true}]}}