{"id":421,"date":"2011-12-22T20:45:29","date_gmt":"2011-12-22T19:45:29","guid":{"rendered":"http:\/\/arteeluoghi.it\/index.php\/2011\/12\/22\/mubo-il-museo-del-bosco\/"},"modified":"2011-12-22T20:45:29","modified_gmt":"2011-12-22T19:45:29","slug":"mubo-il-museo-del-bosco","status":"publish","type":"post","link":"https:\/\/arteeluoghi.it\/index.php\/2011\/12\/22\/mubo-il-museo-del-bosco\/","title":{"rendered":"Mubo, il Museo del Bosco"},"content":{"rendered":"<div><img src=\"\/images\/stories\/mubo.jpg\" border=\"0\" width=\"500\" style=\"float: left; margin: 21px; border: 0pt none;\" \/><span style=\"font-size: small;\"> <\/span><\/div>\n<div><span style=\"font-size: small;\">Mubo, il Museo del Bosco<\/span><\/div>\n<div>E&#8217; stato inaugurato nel giorno del solstizio d&#8217;inverno, mercoled\u00ec 21 dicembre 2011, il \u201cMubo &#8211; Museo del Bosco\u201d che trova casa nel  Castello Manfredi in piazza IV Novembre a Supersano (Lecce).<\/div>\n<p>Completato nel 2009 con fondi regionali PIS 14, il Museo, nel cuore del centro storico di Supersano, nasce  dall\u2019esigenza di far conoscere un particolare ecosistema del territorio  salentino attestato storicamente almeno dall\u2019et\u00e0 romana fino agli inizi  del secolo scorso: il Bosco del Belvedere. L\u00ec dove oggi il paesaggio \u00e8  dominato dalla monocoltura dell\u2019olivo, fino a poco pi\u00f9 di cento anni fa  si estendeva una vasta area boschiva che interessava il territorio di  ben 15 comuni. Per questo motivo il Museo vuole porsi come punto di  riferimento per un vasto territorio esteso ben oltre i limiti comunali  di Supersano.<\/p>\n<p> L\u2019allestimento tenta di coniugare le  esigenze di carattere didattico, rivolte a un vasto pubblico, con una  scrupolosa ricostruzione ambientale, archeologica e storica, garantita  dalla partecipazione al progetto di docenti del Dipartimento di Beni  culturali dell\u2019Universit\u00e0 del Salento sotto la direzione scientifica del  professor Paul Arthur.<\/p>\n<p>\u00a0<\/p>\n<p>  <!--more-->  <\/p>\n<p>Il percorso si articola lungo sette sale  espositive, un bookshop e la torre di et\u00e0 medievale, primo nucleo del  castello Manfredi. Al piano terra l\u2019allestimento \u00e8 dedicato agli aspetti  ambientali legati al bosco di Belvedere e a una raccolta etnografica di  strumenti legati agli antichi mestieri  che utilizzavano il bosco come  risorsa. Di particolare impatto \u00e8 una grande ricostruzione grafica  dell\u2019ambiente boschivo realizzata da un noto studio grafico di Firenze.  Il piano superiore ospita invece cinque sale che ripercorrono la storia  dell\u2019occupazione di quest\u2019area da parte dell\u2019uomo dal paleolitico fino  all\u2019et\u00e0 moderna. In particolare, nelle due sale dedicate alla  preistoria, oltre a materiali archeologici sono esposte numerose  riproduzioni di manufatti ceramici e strumenti litici che consentono ai  visitatori di comprendere l\u2019utilizzo e le tecniche di realizzazione di  questi manufatti. La sala centrale del piano superiore \u00e8 dedicata a  un\u2019importante scoperta archeologica avvenuta pochi anni fa non lontano  dal centro abitato di Supersano. <\/p>\n<p>Le ricerche  dell\u2019Universit\u00e0 del Salento hanno infatti portato alla luce i resti di  un villaggio di capanne di et\u00e0 bizantina. L\u2019abitato era inserito in un  contesto ambientale di grande interesse al limite dell\u2019area boschiva e  nei pressi di una palude conosciuta nell\u2019Ottocento come \u201clago Sombrino\u201d.  Nella sala sono esposti, tra i vari materiali, resti botanici risalenti  al VII secolo dopo Cristo, che testimoniano la produzione di vino  nell\u2019area in questione. Seguono una sala dedicata al Medioevo e una  dedicata allo sfruttamento del territorio in et\u00e0 moderna.  Degna di nota  \u00e8 la piccola sezione dedicata alla cripta \u201cMadonna di Coelimanna\u201d e ai  suoi splendidi affreschi di et\u00e0 medievale recentemente restaurati.  Il  Museo, grazie alle sue peculiarit\u00e0, aspira a diventare il centro di un  \u201cecomuseo diffuso\u201d attraverso la musealizzazione in situ dei pochi resti  del bosco rimasti e delle altre evidenze ambientali e storico-  artistiche che il territorio conserva.  <\/p>\n<p>Alla cerimonia inaugurale accanto ai curatori\u00a0 Paul Arthur (coordinatore scientifico del Mubo), Brunella Bruno e Marco Leo Imperiale sono intervenuti Roberto De Vitis, Sindaco di Supersano, Antonio Gabellone, Presidente della Provincia di Lecce, Domenico Laforgia, Rettore dell\u2019Universit\u00e0 del Salento , Antonio De Siena, Soprintendente per i Beni archeologici della Puglia, Mario Lombardo, Direttore del Dipartimento di Beni culturali \u2013 Universit\u00e0 del Salento<\/p>\n<p>\u00a0<\/p>\n<p>(fonte: comunicato stampa)<\/p>\n","protected":false},"excerpt":{"rendered":"<p>Mubo, il Museo del Bosco E&#8217; stato inaugurato nel giorno del solstizio d&#8217;inverno, mercoled\u00ec 21 dicembre 2011, il \u201cMubo &#8211;<\/p>\n","protected":false},"author":1,"featured_media":0,"comment_status":"open","ping_status":"open","sticky":false,"template":"","format":"standard","meta":[],"categories":[16],"tags":[],"yoast_head":"<!-- This site is optimized with the Yoast SEO plugin v18.0 - https:\/\/yoast.com\/wordpress\/plugins\/seo\/ -->\n<title>Mubo, il Museo del Bosco | Arte e Luoghi<\/title>\n<meta name=\"robots\" content=\"index, follow, max-snippet:-1, max-image-preview:large, max-video-preview:-1\" \/>\n<link rel=\"canonical\" href=\"https:\/\/arteeluoghi.it\/index.php\/2011\/12\/22\/mubo-il-museo-del-bosco\/\" \/>\n<meta property=\"og:locale\" content=\"it_IT\" \/>\n<meta property=\"og:type\" content=\"article\" \/>\n<meta property=\"og:title\" content=\"Mubo, il Museo del Bosco | Arte e Luoghi\" \/>\n<meta property=\"og:description\" content=\"Mubo, il Museo del Bosco E&#8217; stato inaugurato nel giorno del solstizio d&#8217;inverno, mercoled\u00ec 21 dicembre 2011, il \u201cMubo &#8211;\" \/>\n<meta property=\"og:url\" content=\"https:\/\/arteeluoghi.it\/index.php\/2011\/12\/22\/mubo-il-museo-del-bosco\/\" \/>\n<meta property=\"og:site_name\" content=\"Arte e Luoghi\" \/>\n<meta property=\"article:publisher\" content=\"https:\/\/www.facebook.com\/ArteELuoghi\/\" \/>\n<meta property=\"article:published_time\" content=\"2011-12-22T19:45:29+00:00\" \/>\n<meta property=\"og:image\" content=\"https:\/\/arteeluoghi.it\/images\/stories\/mubo.jpg\" \/>\n<meta name=\"twitter:card\" content=\"summary\" \/>\n<meta name=\"twitter:creator\" content=\"@arteeluoghi\" \/>\n<meta name=\"twitter:site\" content=\"@arteeluoghi\" \/>\n<meta name=\"twitter:label1\" content=\"Scritto da\" \/>\n\t<meta name=\"twitter:data1\" content=\"Staff\" \/>\n\t<meta name=\"twitter:label2\" content=\"Tempo di lettura stimato\" \/>\n\t<meta name=\"twitter:data2\" content=\"3 minuti\" \/>\n<script type=\"application\/ld+json\" class=\"yoast-schema-graph\">{\"@context\":\"https:\/\/schema.org\",\"@graph\":[{\"@type\":\"Organization\",\"@id\":\"https:\/\/arteeluoghi.it\/#organization\",\"name\":\"Arte e Luoghi\",\"url\":\"https:\/\/arteeluoghi.it\/\",\"sameAs\":[\"https:\/\/www.facebook.com\/ArteELuoghi\/\",\"https:\/\/www.instagram.com\/arteeluoghi\/?hl=it\",\"https:\/\/www.youtube.com\/channel\/UCuRVc4JW4-C5sg9rQB-srkw?view_as=subscriber\",\"https:\/\/twitter.com\/arteeluoghi\"],\"logo\":{\"@type\":\"ImageObject\",\"@id\":\"https:\/\/arteeluoghi.it\/#logo\",\"inLanguage\":\"it-IT\",\"url\":\"https:\/\/arteeluoghi.it\/wp-content\/uploads\/2018\/08\/logoinstagramarte.jpg\",\"contentUrl\":\"https:\/\/arteeluoghi.it\/wp-content\/uploads\/2018\/08\/logoinstagramarte.jpg\",\"width\":150,\"height\":150,\"caption\":\"Arte e Luoghi\"},\"image\":{\"@id\":\"https:\/\/arteeluoghi.it\/#logo\"}},{\"@type\":\"WebSite\",\"@id\":\"https:\/\/arteeluoghi.it\/#website\",\"url\":\"https:\/\/arteeluoghi.it\/\",\"name\":\"Arte e Luoghi\",\"description\":\"Mensile di arte, cultura, turismo e curiosit\u00e0\",\"publisher\":{\"@id\":\"https:\/\/arteeluoghi.it\/#organization\"},\"potentialAction\":[{\"@type\":\"SearchAction\",\"target\":{\"@type\":\"EntryPoint\",\"urlTemplate\":\"https:\/\/arteeluoghi.it\/?s={search_term_string}\"},\"query-input\":\"required name=search_term_string\"}],\"inLanguage\":\"it-IT\"},{\"@type\":\"ImageObject\",\"@id\":\"https:\/\/arteeluoghi.it\/index.php\/2011\/12\/22\/mubo-il-museo-del-bosco\/#primaryimage\",\"inLanguage\":\"it-IT\",\"url\":\"\/images\/stories\/mubo.jpg\",\"contentUrl\":\"\/images\/stories\/mubo.jpg\"},{\"@type\":\"WebPage\",\"@id\":\"https:\/\/arteeluoghi.it\/index.php\/2011\/12\/22\/mubo-il-museo-del-bosco\/#webpage\",\"url\":\"https:\/\/arteeluoghi.it\/index.php\/2011\/12\/22\/mubo-il-museo-del-bosco\/\",\"name\":\"Mubo, il Museo del Bosco | Arte e Luoghi\",\"isPartOf\":{\"@id\":\"https:\/\/arteeluoghi.it\/#website\"},\"primaryImageOfPage\":{\"@id\":\"https:\/\/arteeluoghi.it\/index.php\/2011\/12\/22\/mubo-il-museo-del-bosco\/#primaryimage\"},\"datePublished\":\"2011-12-22T19:45:29+00:00\",\"dateModified\":\"2011-12-22T19:45:29+00:00\",\"breadcrumb\":{\"@id\":\"https:\/\/arteeluoghi.it\/index.php\/2011\/12\/22\/mubo-il-museo-del-bosco\/#breadcrumb\"},\"inLanguage\":\"it-IT\",\"potentialAction\":[{\"@type\":\"ReadAction\",\"target\":[\"https:\/\/arteeluoghi.it\/index.php\/2011\/12\/22\/mubo-il-museo-del-bosco\/\"]}]},{\"@type\":\"BreadcrumbList\",\"@id\":\"https:\/\/arteeluoghi.it\/index.php\/2011\/12\/22\/mubo-il-museo-del-bosco\/#breadcrumb\",\"itemListElement\":[{\"@type\":\"ListItem\",\"position\":1,\"name\":\"Home\",\"item\":\"https:\/\/arteeluoghi.it\/\"},{\"@type\":\"ListItem\",\"position\":2,\"name\":\"Mubo, il Museo del Bosco\"}]},{\"@type\":\"Article\",\"@id\":\"https:\/\/arteeluoghi.it\/index.php\/2011\/12\/22\/mubo-il-museo-del-bosco\/#article\",\"isPartOf\":{\"@id\":\"https:\/\/arteeluoghi.it\/index.php\/2011\/12\/22\/mubo-il-museo-del-bosco\/#webpage\"},\"author\":{\"@id\":\"https:\/\/arteeluoghi.it\/#\/schema\/person\/f84e814e36e91e01448ee07eaadd41d4\"},\"headline\":\"Mubo, il Museo del Bosco\",\"datePublished\":\"2011-12-22T19:45:29+00:00\",\"dateModified\":\"2011-12-22T19:45:29+00:00\",\"mainEntityOfPage\":{\"@id\":\"https:\/\/arteeluoghi.it\/index.php\/2011\/12\/22\/mubo-il-museo-del-bosco\/#webpage\"},\"wordCount\":555,\"commentCount\":0,\"publisher\":{\"@id\":\"https:\/\/arteeluoghi.it\/#organization\"},\"image\":{\"@id\":\"https:\/\/arteeluoghi.it\/index.php\/2011\/12\/22\/mubo-il-museo-del-bosco\/#primaryimage\"},\"thumbnailUrl\":\"\/images\/stories\/mubo.jpg\",\"articleSection\":[\"I luoghi nella rete Biblioteche Musei Fondazioni\"],\"inLanguage\":\"it-IT\",\"potentialAction\":[{\"@type\":\"CommentAction\",\"name\":\"Comment\",\"target\":[\"https:\/\/arteeluoghi.it\/index.php\/2011\/12\/22\/mubo-il-museo-del-bosco\/#respond\"]}]},{\"@type\":\"Person\",\"@id\":\"https:\/\/arteeluoghi.it\/#\/schema\/person\/f84e814e36e91e01448ee07eaadd41d4\",\"name\":\"Staff\",\"image\":{\"@type\":\"ImageObject\",\"@id\":\"https:\/\/arteeluoghi.it\/#personlogo\",\"inLanguage\":\"it-IT\",\"url\":\"https:\/\/secure.gravatar.com\/avatar\/49d2f9e46271bb04e19cebfaf141313a?s=96&d=blank&r=g\",\"contentUrl\":\"https:\/\/secure.gravatar.com\/avatar\/49d2f9e46271bb04e19cebfaf141313a?s=96&d=blank&r=g\",\"caption\":\"Staff\"}}]}<\/script>\n<!-- \/ Yoast SEO plugin. -->","yoast_head_json":{"title":"Mubo, il Museo del Bosco | Arte e Luoghi","robots":{"index":"index","follow":"follow","max-snippet":"max-snippet:-1","max-image-preview":"max-image-preview:large","max-video-preview":"max-video-preview:-1"},"canonical":"https:\/\/arteeluoghi.it\/index.php\/2011\/12\/22\/mubo-il-museo-del-bosco\/","og_locale":"it_IT","og_type":"article","og_title":"Mubo, il Museo del Bosco | Arte e Luoghi","og_description":"Mubo, il Museo del Bosco E&#8217; stato inaugurato nel giorno del solstizio d&#8217;inverno, mercoled\u00ec 21 dicembre 2011, il \u201cMubo &#8211;","og_url":"https:\/\/arteeluoghi.it\/index.php\/2011\/12\/22\/mubo-il-museo-del-bosco\/","og_site_name":"Arte e Luoghi","article_publisher":"https:\/\/www.facebook.com\/ArteELuoghi\/","article_published_time":"2011-12-22T19:45:29+00:00","og_image":[{"url":"https:\/\/arteeluoghi.it\/images\/stories\/mubo.jpg"}],"twitter_card":"summary","twitter_creator":"@arteeluoghi","twitter_site":"@arteeluoghi","twitter_misc":{"Scritto da":"Staff","Tempo di lettura stimato":"3 minuti"},"schema":{"@context":"https:\/\/schema.org","@graph":[{"@type":"Organization","@id":"https:\/\/arteeluoghi.it\/#organization","name":"Arte e Luoghi","url":"https:\/\/arteeluoghi.it\/","sameAs":["https:\/\/www.facebook.com\/ArteELuoghi\/","https:\/\/www.instagram.com\/arteeluoghi\/?hl=it","https:\/\/www.youtube.com\/channel\/UCuRVc4JW4-C5sg9rQB-srkw?view_as=subscriber","https:\/\/twitter.com\/arteeluoghi"],"logo":{"@type":"ImageObject","@id":"https:\/\/arteeluoghi.it\/#logo","inLanguage":"it-IT","url":"https:\/\/arteeluoghi.it\/wp-content\/uploads\/2018\/08\/logoinstagramarte.jpg","contentUrl":"https:\/\/arteeluoghi.it\/wp-content\/uploads\/2018\/08\/logoinstagramarte.jpg","width":150,"height":150,"caption":"Arte e Luoghi"},"image":{"@id":"https:\/\/arteeluoghi.it\/#logo"}},{"@type":"WebSite","@id":"https:\/\/arteeluoghi.it\/#website","url":"https:\/\/arteeluoghi.it\/","name":"Arte e Luoghi","description":"Mensile di arte, cultura, turismo e curiosit\u00e0","publisher":{"@id":"https:\/\/arteeluoghi.it\/#organization"},"potentialAction":[{"@type":"SearchAction","target":{"@type":"EntryPoint","urlTemplate":"https:\/\/arteeluoghi.it\/?s={search_term_string}"},"query-input":"required name=search_term_string"}],"inLanguage":"it-IT"},{"@type":"ImageObject","@id":"https:\/\/arteeluoghi.it\/index.php\/2011\/12\/22\/mubo-il-museo-del-bosco\/#primaryimage","inLanguage":"it-IT","url":"\/images\/stories\/mubo.jpg","contentUrl":"\/images\/stories\/mubo.jpg"},{"@type":"WebPage","@id":"https:\/\/arteeluoghi.it\/index.php\/2011\/12\/22\/mubo-il-museo-del-bosco\/#webpage","url":"https:\/\/arteeluoghi.it\/index.php\/2011\/12\/22\/mubo-il-museo-del-bosco\/","name":"Mubo, il Museo del Bosco | Arte e Luoghi","isPartOf":{"@id":"https:\/\/arteeluoghi.it\/#website"},"primaryImageOfPage":{"@id":"https:\/\/arteeluoghi.it\/index.php\/2011\/12\/22\/mubo-il-museo-del-bosco\/#primaryimage"},"datePublished":"2011-12-22T19:45:29+00:00","dateModified":"2011-12-22T19:45:29+00:00","breadcrumb":{"@id":"https:\/\/arteeluoghi.it\/index.php\/2011\/12\/22\/mubo-il-museo-del-bosco\/#breadcrumb"},"inLanguage":"it-IT","potentialAction":[{"@type":"ReadAction","target":["https:\/\/arteeluoghi.it\/index.php\/2011\/12\/22\/mubo-il-museo-del-bosco\/"]}]},{"@type":"BreadcrumbList","@id":"https:\/\/arteeluoghi.it\/index.php\/2011\/12\/22\/mubo-il-museo-del-bosco\/#breadcrumb","itemListElement":[{"@type":"ListItem","position":1,"name":"Home","item":"https:\/\/arteeluoghi.it\/"},{"@type":"ListItem","position":2,"name":"Mubo, il Museo del Bosco"}]},{"@type":"Article","@id":"https:\/\/arteeluoghi.it\/index.php\/2011\/12\/22\/mubo-il-museo-del-bosco\/#article","isPartOf":{"@id":"https:\/\/arteeluoghi.it\/index.php\/2011\/12\/22\/mubo-il-museo-del-bosco\/#webpage"},"author":{"@id":"https:\/\/arteeluoghi.it\/#\/schema\/person\/f84e814e36e91e01448ee07eaadd41d4"},"headline":"Mubo, il Museo del Bosco","datePublished":"2011-12-22T19:45:29+00:00","dateModified":"2011-12-22T19:45:29+00:00","mainEntityOfPage":{"@id":"https:\/\/arteeluoghi.it\/index.php\/2011\/12\/22\/mubo-il-museo-del-bosco\/#webpage"},"wordCount":555,"commentCount":0,"publisher":{"@id":"https:\/\/arteeluoghi.it\/#organization"},"image":{"@id":"https:\/\/arteeluoghi.it\/index.php\/2011\/12\/22\/mubo-il-museo-del-bosco\/#primaryimage"},"thumbnailUrl":"\/images\/stories\/mubo.jpg","articleSection":["I luoghi nella rete Biblioteche Musei Fondazioni"],"inLanguage":"it-IT","potentialAction":[{"@type":"CommentAction","name":"Comment","target":["https:\/\/arteeluoghi.it\/index.php\/2011\/12\/22\/mubo-il-museo-del-bosco\/#respond"]}]},{"@type":"Person","@id":"https:\/\/arteeluoghi.it\/#\/schema\/person\/f84e814e36e91e01448ee07eaadd41d4","name":"Staff","image":{"@type":"ImageObject","@id":"https:\/\/arteeluoghi.it\/#personlogo","inLanguage":"it-IT","url":"https:\/\/secure.gravatar.com\/avatar\/49d2f9e46271bb04e19cebfaf141313a?s=96&d=blank&r=g","contentUrl":"https:\/\/secure.gravatar.com\/avatar\/49d2f9e46271bb04e19cebfaf141313a?s=96&d=blank&r=g","caption":"Staff"}}]}},"_links":{"self":[{"href":"https:\/\/arteeluoghi.it\/index.php\/wp-json\/wp\/v2\/posts\/421"}],"collection":[{"href":"https:\/\/arteeluoghi.it\/index.php\/wp-json\/wp\/v2\/posts"}],"about":[{"href":"https:\/\/arteeluoghi.it\/index.php\/wp-json\/wp\/v2\/types\/post"}],"author":[{"embeddable":true,"href":"https:\/\/arteeluoghi.it\/index.php\/wp-json\/wp\/v2\/users\/1"}],"replies":[{"embeddable":true,"href":"https:\/\/arteeluoghi.it\/index.php\/wp-json\/wp\/v2\/comments?post=421"}],"version-history":[{"count":0,"href":"https:\/\/arteeluoghi.it\/index.php\/wp-json\/wp\/v2\/posts\/421\/revisions"}],"wp:attachment":[{"href":"https:\/\/arteeluoghi.it\/index.php\/wp-json\/wp\/v2\/media?parent=421"}],"wp:term":[{"taxonomy":"category","embeddable":true,"href":"https:\/\/arteeluoghi.it\/index.php\/wp-json\/wp\/v2\/categories?post=421"},{"taxonomy":"post_tag","embeddable":true,"href":"https:\/\/arteeluoghi.it\/index.php\/wp-json\/wp\/v2\/tags?post=421"}],"curies":[{"name":"wp","href":"https:\/\/api.w.org\/{rel}","templated":true}]}}