{"id":430,"date":"2012-01-11T09:54:53","date_gmt":"2012-01-11T08:54:53","guid":{"rendered":"http:\/\/arteeluoghi.it\/index.php\/2012\/01\/11\/gustav-klimt-disegni-intorno-al-fregio-di-beethoven\/"},"modified":"2012-01-11T09:54:53","modified_gmt":"2012-01-11T08:54:53","slug":"gustav-klimt-disegni-intorno-al-fregio-di-beethoven","status":"publish","type":"post","link":"https:\/\/arteeluoghi.it\/index.php\/2012\/01\/11\/gustav-klimt-disegni-intorno-al-fregio-di-beethoven\/","title":{"rendered":"GUSTAV KLIMT.  DISEGNI INTORNO AL FREGIO DI BEETHOVEN"},"content":{"rendered":"<p><strong><img src=\"\/images\/stories\/2fregio.jpg\" border=\"0\" style=\"float: left; margin: 21px;\" \/><\/strong><\/p>\n<p>\u00a0<\/p>\n<p><strong>GUSTAV KLIMT. <\/strong><\/p>\n<p><strong>DISEGNI INTORNO AL FREGIO DI BEETHOVEN<\/strong><\/p>\n<p><em>mostra a cura di<\/em> Annette Vogel<\/p>\n<p><em>nel <\/em><em>150\u00b0 anniversario della nascita di Gustav Klimt<\/em><\/p>\n<p><strong>Milano, Spazio Oberdan, <\/strong>Viale Vittorio Veneto 2<\/p>\n<p><strong>4 febbraio &#8211; 6 maggio 2012<\/strong><\/p>\n<p>\u00a0<\/p>\n<p><strong>Klimt, <\/strong>rappresentante autorevole della Secessione e artista di  straordinaria rilevanza nella storia dell\u2019arte moderna, avrebbe  festeggiato nel 2012 il suo <strong>150\u00b0 compleanno<\/strong>. In occasione di  questa particolare ricorrenza una serie di importanti eventi  internazionali celebrano la figura e l\u2019opera del Maestro austriaco. A Milano, presso lo Spazio Oberdan, in Viale Vittorio Veneto 2, dal 4 febbraio al 6 maggio 2012<strong> <\/strong>si terr\u00e0 la mostra<strong> \u201cGustav Klimt. Disegni intorno al fregio di Beethoven\u201d <\/strong>promossa dalla <strong>Provincia di Milano,<\/strong> prodotta e organizzata da <strong>Alef cultural project management<\/strong> in collaborazione con la <strong>Sabarsky Collection New York, Berlino<\/strong>.<\/p>\n<p>\u00a0<\/p>\n<p>Vienna, citt\u00e0 in cui Klimt ha trascorso gran parte della sua esistenza, ospita, nelle sue sedi espositive pi\u00f9 prestigiose, numerose mostre di grande levatura. Altre citt\u00e0 europee da Parigi a Barcellona, da Berlino a Londra, accolgono speciali e interessanti workshop per indagare e scoprire le opere del grande artista.<\/p>\n<p><strong>Milano<\/strong>, prima citt\u00e0 italiana che inaugurer\u00e0 le celebrazioni del 150\u00b0 anniversario della nascita di Klimt, si allinea all\u2019offerta culturale internazionale con questa mostra che, affidata alla curatela scientifica di <strong>Annette Vogel,<\/strong> presenta la riproduzione a dimensioni reali dello straordinario <strong><em>Fregio di Beethoven <\/em><\/strong>accompagnata da quindici<strong> disegni<\/strong> originali correlati al famoso affresco custodito in una sala del Palazzo della Secessione di Vienna.<\/p>\n<p>  <!--more-->  <\/p>\n<p>Il percorso espositivo si apre con i manifesti originali della Secessione viennese realizzati tra gli altri da Koloman Moser, Alfred Roller, Ferdinand Hodler e Leopold Stolba per le singole Esposizioni del movimento e appartenenti alla Collezione Salce della <strong>Soprintendenza per i beni storici, artistici ed etnoantropologici per le province di Venezia, Belluno, Padova e Treviso<\/strong>.<\/p>\n<p>Completano l&#8217;esposizione alcuni numeri della celebre rivista \u201cVer Sacrum\u201d, lo strumento pi\u00f9 alto realizzato dagli artisti appartenenti al movimento secessionista, custode della poetica dell&#8217;arte totale \u2013 <em>Gesamtkunstwerk.<\/em><\/p>\n<p><em> <\/em><\/p>\n<p><em><\/em>La mostra guider\u00e0 il visitatore alla comprensione del capolavoro klimtiano, cogliendo i motivi grafici principali della composizione insieme alla forte simbologia e alle numerose allegorie che ne emergono.<\/p>\n<p>Un team di scenografi e decoratori dar\u00e0 infatti vita alla riproduzione del celeberrimo <em>Fregio\u00a0 di Beethoven<\/em> in scala 1:1. Il <em>Fregio<\/em> sar\u00e0 posizionato in una sala dedicata all&#8217;interno della sede espositiva in cui risuoneranno le note della <em>Nona Sinfonia<\/em> di Ludwig van Beethoven.<\/p>\n<p>\u00a0<\/p>\n<p>Il <em>Fregio<\/em> lascia trasparire il grande eclettismo di Klimt che, con il suo stile inconfondibile, riesce a mescolare e a trarre ispirazione da vari elementi figurativi e artistici fondendo all\u2019interno dell\u2019opera echi e suggestioni diverse. Se dalla pittura egiziana e vascolare greca trae la concezione della parete come fascia su cui allineare una sequenza di figure ed eventi, \u00e8 dalle stampe giapponesi di Hokusai e Utamaro che ricava il segno forte e incisivo. Sono invece di ispirazione africana le spaventose maschere del regno del male che il Cavaliere, protagonista maschile dell\u2019opera, dovr\u00e0 affrontare e combattere durante il suo lungo viaggio per congiungersi alla Poesia, incarnazione della figura femminile.<\/p>\n<p><em> <\/em><\/p>\n<p><em>\u00abProsegue la convinta scelta della Provincia di Milano volta a valorizzare e preservare l\u2019arte. \u2013 <\/em> dichiara il Presidente della Provincia di Milano, <strong>On. Guido Podest\u00e0<\/strong> <em>&#8211; Attraverso questo evento, promosso in occasione della centocinquantesima ricorrenza della nascita del pi\u00f9 importante esponente della secessione viennese, desideriamo fornire un\u2019ulteriore risposta alla domanda di cultura che giunge dalla Grande Milano. L\u2019obiettivo \u00e8, dunque, quello di rendere fruibile ai cittadini, pure con l\u2019ausilio del ricco contributo esibito dai disegni correlati al famoso \u201cFregio\u201d, l\u2019epoca rivoluzionaria e forse irripetibile, dello \u201cJugendstil\u201d, colma di fermento culturale e artistico\u00bb.<\/em><\/p>\n<p><em>\u201cIl 2012, per l\u2019Assessorato alla Cultura in Provincia di Milano, si apre con una mostra dal respiro internazionale e dai molteplici significati <\/em>&#8211; sottolinea il Vice Presidente e Assessore alla Cultura, <strong>Novo Umberto Maerna <\/strong><em>&#8211; Dopo aver celebrato i 150 anni della Provincia e i 150 anni dell\u2019Unit\u00e0 Nazionale, questo ideale trittico di celebrazioni continua con l\u2019omaggio ai 150 anni di Gustav Klimt, artista che rappresenta una delle pi\u00f9 alte espressioni\u00a0 della pittura europea. Un ideale omaggio alla Cultura Europea, che nell\u2019Ottocento ha rappresentato il cuore pulsante della grande tradizione culturale occidentale e cristiana; una tradizione formatasi nei secoli attraverso la scultura, la pittura, la letteratura e la musica. <\/em><em>Spazio Oberdan, in\u00a0 questi anni, si \u00e8 posto l\u2019obiettivo di diventare un centro diffusore di questa tradizione, che noi desideriamo\u00a0divulgare e condividere in quanto <\/em><em>elemento costitutivo<\/em><em> della nostra Identit\u00e0.\u201d<\/em><\/p>\n<p><em> <\/em><\/p>\n<p><strong>Il Fregio di Beethoven<\/strong>, lungo trentaquattro metri e sviluppato su tre pareti del Palazzo della Secessione, fu dipinto da Klimt nel 1902 in occasione della XIV mostra del movimento della Secessione Viennese. L\u2019esposizione, progettata come cornice per la grande scultura in marmo policromo di Max Klinger dedicata a Ludwig van Beethoven, fu una corale celebrazione del compositore tedesco particolarmente stimato e apprezzato durante quegli anni. Beethoven, attraverso la sua opera d\u2019esaltazione dell\u2019amore e dell\u2019abnegazione, era considerato da Klimt e dai<strong> <\/strong>suoi compagni l\u2019incarnazione del genio e degli ideali secessionisti. Ispirato alla <em>Nona Sinfonia<\/em>, il Fregio fu concepito come parte di un percorso espositivo in cui la visita si trasformava in una sperimentazione sinestetica dove la musica diventava parte costituente e fondamentale dell\u2019opera; in occasione dell\u2019inaugurazione della mostra fu infatti eseguito l\u2019<em>Inno alla Gioia <\/em>diretto da Gustav Mahler.<\/p>\n<p>L\u2019opera si compone di tre parti: <em>L\u2019anelito alla felicit\u00e0<\/em>, <em>Forze ostili<\/em> e <em>Inno alla Gioia<\/em>. Nell\u2019ultimo pannello Klimt riporta la citazione biblica: \u201cIl mio regno non \u00e8 di questo mondo\u201d, la stessa citazione che ritroviamo nel saggio di Wagner 1846 dedicato a Beethoven per sottolineare la funzione liberatrice della musica in contrasto con la corruzione del mondo terreno. Nell\u2019opera di Klimt emerge anche la contrapposizione tra bene e male e l\u2019aspirazione al riscatto ideale attraverso l\u2019arte nel rapporto tra uomo e donna.<\/p>\n<p>L\u2019uomo, raffigurato dal Cavaliere, dovr\u00e0 affrontare una sorta di viaggio agli Inferi per raggiungere la Poesia, protagonista femminile del dipinto. La strada verso il sublime \u00e8 tortuosa e colma di tentazioni pericolose ma il Cavaliere ne esce vittorioso e arriva finalmente il momento della liberazione rappresentato dal raggiungimento dell\u2019estasi amorosa. L\u2019abbraccio finale tra il Cavaliere, spogliato delle sue armi, e la Poesia simboleggia il raggiungimento del regno ideale.<\/p>\n<p>Gli ornamenti fluttuano come note musicali e dalle pareti emerge il tipico stile klimtiano caratterizzato da colori sapientemente accostati, linee sinuose e profusione dell\u2019oro.<\/p>\n<p>(fonte: comunicato stampa)<\/p>\n<p>\u00a0<\/p>\n<p>Scheda tecnica della mostra<\/p>\n<p><strong>Milano, Spazio Oberdan, <\/strong>Viale Vittorio Veneto 2<\/p>\n<p><strong>4 febbraio &#8211; 6 maggio 2012<\/strong><\/p>\n<p><em>orari: <\/em>marted\u00ec e gioved\u00ec 10.00-22.00; mercoled\u00ec, venerd\u00ec, sabato, domenica 10.00-19.30<\/p>\n<p>(la biglietteria chiude trenta minuti prima dell&#8217;orario di chiusura)<\/p>\n<p><em>chiuso il<\/em> luned\u00ec<\/p>\n<p><em>ingressi:<\/em><strong> <\/strong>intero 8,00 \u20ac, ridotto convenzionati 7,00 \u20ac, ridotto 6,00 \u20ac, ridotto scuole 5,00 \u20ac<\/p>\n<p><strong><em>inaugurazione: <\/em><\/strong><strong>3 febbraio, ore 19<\/strong><\/p>\n<p><em>catalogo edito da<\/em> Skira<\/p>\n<p>\u00a0<\/p>\n<p><strong>Informazioni al pubblico:<\/strong><\/p>\n<p>&#8211; <a href=\"http:\/\/www.klimtmilano.com\/\">www.klimtmilano.com<\/a>, <a href=\"mailto:info@klimtmilano.com\">info@klimtmilano.com<\/a>, T +39 02 45496873\/4 &#8211; F +39 02 454896873<\/p>\n<p>&#8211; <strong>Spazio Oberdan, tel. 02 7740.6302\/6381; <\/strong><a href=\"http:\/\/www.provincia.milano.it\/cultura\">www.provincia.milano.it\/cultura<\/a><\/p>\n<p>\u00a0<\/p>\n<p><strong> <\/strong><\/p>\n<p><strong>Prevendita<\/strong>:<\/p>\n<p>on-line <a href=\"http:\/\/www.vivaticket.it\/\">www.vivaticket.it<\/a><\/p>\n<p>call center vivaticket a pagamento: 899 666 805, dal luned\u00ec al venerd\u00ec 8.00-20.00 | sabato 8.00-15.00<\/p>\n<p>Pagamenti tramite vaglia postale (esclusi vaglia on-line), bonifico bancario e carta di credito. E\u2019 previsto un diritto di prevendita di 1,00 \u20ac sui biglietti prenotati on-line sul sito <a href=\"http:\/\/www.klimtmilano.com\/\">www.klimtmilano.com<\/a> e <a href=\"http:\/\/www.vivaticket.it\/\">www.vivaticket.it<\/a> a esclusione delle scuole.<\/p>\n<p>\u00a0<\/p>\n<h1><span style=\"font-size: x-small;\">Servizio prenotazione visite guidate e laboratori didattici<\/span><\/h1>\n<p>&#8211; Opera d&#8217;Arte, T +39 02 45487400, <a href=\"mailto:info@operadartemilano.it\">info@operadartemilano.it<\/a><\/p>\n","protected":false},"excerpt":{"rendered":"<p>\u00a0 GUSTAV KLIMT. DISEGNI INTORNO AL FREGIO DI BEETHOVEN mostra a cura di Annette Vogel nel 150\u00b0 anniversario della nascita<\/p>\n","protected":false},"author":1,"featured_media":0,"comment_status":"open","ping_status":"open","sticky":false,"template":"","format":"standard","meta":[],"categories":[3],"tags":[],"yoast_head":"<!-- This site is optimized with the Yoast SEO plugin v18.0 - https:\/\/yoast.com\/wordpress\/plugins\/seo\/ -->\n<title>GUSTAV KLIMT. DISEGNI INTORNO AL FREGIO DI BEETHOVEN | Arte e Luoghi<\/title>\n<meta name=\"robots\" content=\"index, follow, max-snippet:-1, max-image-preview:large, max-video-preview:-1\" \/>\n<link rel=\"canonical\" href=\"https:\/\/arteeluoghi.it\/index.php\/2012\/01\/11\/gustav-klimt-disegni-intorno-al-fregio-di-beethoven\/\" \/>\n<meta property=\"og:locale\" content=\"it_IT\" \/>\n<meta property=\"og:type\" content=\"article\" \/>\n<meta property=\"og:title\" content=\"GUSTAV KLIMT. DISEGNI INTORNO AL FREGIO DI BEETHOVEN | Arte e Luoghi\" \/>\n<meta property=\"og:description\" content=\"\u00a0 GUSTAV KLIMT. DISEGNI INTORNO AL FREGIO DI BEETHOVEN mostra a cura di Annette Vogel nel 150\u00b0 anniversario della nascita\" \/>\n<meta property=\"og:url\" content=\"https:\/\/arteeluoghi.it\/index.php\/2012\/01\/11\/gustav-klimt-disegni-intorno-al-fregio-di-beethoven\/\" \/>\n<meta property=\"og:site_name\" content=\"Arte e Luoghi\" \/>\n<meta property=\"article:publisher\" content=\"https:\/\/www.facebook.com\/ArteELuoghi\/\" \/>\n<meta property=\"article:published_time\" content=\"2012-01-11T08:54:53+00:00\" \/>\n<meta property=\"og:image\" content=\"https:\/\/arteeluoghi.it\/images\/stories\/2fregio.jpg\" \/>\n<meta name=\"twitter:card\" content=\"summary\" \/>\n<meta name=\"twitter:creator\" content=\"@arteeluoghi\" \/>\n<meta name=\"twitter:site\" content=\"@arteeluoghi\" \/>\n<meta name=\"twitter:label1\" content=\"Scritto da\" \/>\n\t<meta name=\"twitter:data1\" content=\"Staff\" \/>\n\t<meta name=\"twitter:label2\" content=\"Tempo di lettura stimato\" \/>\n\t<meta name=\"twitter:data2\" content=\"6 minuti\" \/>\n<script type=\"application\/ld+json\" class=\"yoast-schema-graph\">{\"@context\":\"https:\/\/schema.org\",\"@graph\":[{\"@type\":\"Organization\",\"@id\":\"https:\/\/arteeluoghi.it\/#organization\",\"name\":\"Arte e Luoghi\",\"url\":\"https:\/\/arteeluoghi.it\/\",\"sameAs\":[\"https:\/\/www.facebook.com\/ArteELuoghi\/\",\"https:\/\/www.instagram.com\/arteeluoghi\/?hl=it\",\"https:\/\/www.youtube.com\/channel\/UCuRVc4JW4-C5sg9rQB-srkw?view_as=subscriber\",\"https:\/\/twitter.com\/arteeluoghi\"],\"logo\":{\"@type\":\"ImageObject\",\"@id\":\"https:\/\/arteeluoghi.it\/#logo\",\"inLanguage\":\"it-IT\",\"url\":\"https:\/\/arteeluoghi.it\/wp-content\/uploads\/2018\/08\/logoinstagramarte.jpg\",\"contentUrl\":\"https:\/\/arteeluoghi.it\/wp-content\/uploads\/2018\/08\/logoinstagramarte.jpg\",\"width\":150,\"height\":150,\"caption\":\"Arte e Luoghi\"},\"image\":{\"@id\":\"https:\/\/arteeluoghi.it\/#logo\"}},{\"@type\":\"WebSite\",\"@id\":\"https:\/\/arteeluoghi.it\/#website\",\"url\":\"https:\/\/arteeluoghi.it\/\",\"name\":\"Arte e Luoghi\",\"description\":\"Mensile di arte, cultura, turismo e curiosit\u00e0\",\"publisher\":{\"@id\":\"https:\/\/arteeluoghi.it\/#organization\"},\"potentialAction\":[{\"@type\":\"SearchAction\",\"target\":{\"@type\":\"EntryPoint\",\"urlTemplate\":\"https:\/\/arteeluoghi.it\/?s={search_term_string}\"},\"query-input\":\"required name=search_term_string\"}],\"inLanguage\":\"it-IT\"},{\"@type\":\"ImageObject\",\"@id\":\"https:\/\/arteeluoghi.it\/index.php\/2012\/01\/11\/gustav-klimt-disegni-intorno-al-fregio-di-beethoven\/#primaryimage\",\"inLanguage\":\"it-IT\",\"url\":\"\/images\/stories\/2fregio.jpg\",\"contentUrl\":\"\/images\/stories\/2fregio.jpg\"},{\"@type\":\"WebPage\",\"@id\":\"https:\/\/arteeluoghi.it\/index.php\/2012\/01\/11\/gustav-klimt-disegni-intorno-al-fregio-di-beethoven\/#webpage\",\"url\":\"https:\/\/arteeluoghi.it\/index.php\/2012\/01\/11\/gustav-klimt-disegni-intorno-al-fregio-di-beethoven\/\",\"name\":\"GUSTAV KLIMT. DISEGNI INTORNO AL FREGIO DI BEETHOVEN | Arte e Luoghi\",\"isPartOf\":{\"@id\":\"https:\/\/arteeluoghi.it\/#website\"},\"primaryImageOfPage\":{\"@id\":\"https:\/\/arteeluoghi.it\/index.php\/2012\/01\/11\/gustav-klimt-disegni-intorno-al-fregio-di-beethoven\/#primaryimage\"},\"datePublished\":\"2012-01-11T08:54:53+00:00\",\"dateModified\":\"2012-01-11T08:54:53+00:00\",\"breadcrumb\":{\"@id\":\"https:\/\/arteeluoghi.it\/index.php\/2012\/01\/11\/gustav-klimt-disegni-intorno-al-fregio-di-beethoven\/#breadcrumb\"},\"inLanguage\":\"it-IT\",\"potentialAction\":[{\"@type\":\"ReadAction\",\"target\":[\"https:\/\/arteeluoghi.it\/index.php\/2012\/01\/11\/gustav-klimt-disegni-intorno-al-fregio-di-beethoven\/\"]}]},{\"@type\":\"BreadcrumbList\",\"@id\":\"https:\/\/arteeluoghi.it\/index.php\/2012\/01\/11\/gustav-klimt-disegni-intorno-al-fregio-di-beethoven\/#breadcrumb\",\"itemListElement\":[{\"@type\":\"ListItem\",\"position\":1,\"name\":\"Home\",\"item\":\"https:\/\/arteeluoghi.it\/\"},{\"@type\":\"ListItem\",\"position\":2,\"name\":\"GUSTAV KLIMT. DISEGNI INTORNO AL FREGIO DI BEETHOVEN\"}]},{\"@type\":\"Article\",\"@id\":\"https:\/\/arteeluoghi.it\/index.php\/2012\/01\/11\/gustav-klimt-disegni-intorno-al-fregio-di-beethoven\/#article\",\"isPartOf\":{\"@id\":\"https:\/\/arteeluoghi.it\/index.php\/2012\/01\/11\/gustav-klimt-disegni-intorno-al-fregio-di-beethoven\/#webpage\"},\"author\":{\"@id\":\"https:\/\/arteeluoghi.it\/#\/schema\/person\/f84e814e36e91e01448ee07eaadd41d4\"},\"headline\":\"GUSTAV KLIMT. DISEGNI INTORNO AL FREGIO DI BEETHOVEN\",\"datePublished\":\"2012-01-11T08:54:53+00:00\",\"dateModified\":\"2012-01-11T08:54:53+00:00\",\"mainEntityOfPage\":{\"@id\":\"https:\/\/arteeluoghi.it\/index.php\/2012\/01\/11\/gustav-klimt-disegni-intorno-al-fregio-di-beethoven\/#webpage\"},\"wordCount\":1200,\"commentCount\":0,\"publisher\":{\"@id\":\"https:\/\/arteeluoghi.it\/#organization\"},\"image\":{\"@id\":\"https:\/\/arteeluoghi.it\/index.php\/2012\/01\/11\/gustav-klimt-disegni-intorno-al-fregio-di-beethoven\/#primaryimage\"},\"thumbnailUrl\":\"\/images\/stories\/2fregio.jpg\",\"articleSection\":[\"Arti visive\"],\"inLanguage\":\"it-IT\",\"potentialAction\":[{\"@type\":\"CommentAction\",\"name\":\"Comment\",\"target\":[\"https:\/\/arteeluoghi.it\/index.php\/2012\/01\/11\/gustav-klimt-disegni-intorno-al-fregio-di-beethoven\/#respond\"]}]},{\"@type\":\"Person\",\"@id\":\"https:\/\/arteeluoghi.it\/#\/schema\/person\/f84e814e36e91e01448ee07eaadd41d4\",\"name\":\"Staff\",\"image\":{\"@type\":\"ImageObject\",\"@id\":\"https:\/\/arteeluoghi.it\/#personlogo\",\"inLanguage\":\"it-IT\",\"url\":\"https:\/\/secure.gravatar.com\/avatar\/49d2f9e46271bb04e19cebfaf141313a?s=96&d=blank&r=g\",\"contentUrl\":\"https:\/\/secure.gravatar.com\/avatar\/49d2f9e46271bb04e19cebfaf141313a?s=96&d=blank&r=g\",\"caption\":\"Staff\"}}]}<\/script>\n<!-- \/ Yoast SEO plugin. -->","yoast_head_json":{"title":"GUSTAV KLIMT. DISEGNI INTORNO AL FREGIO DI BEETHOVEN | Arte e Luoghi","robots":{"index":"index","follow":"follow","max-snippet":"max-snippet:-1","max-image-preview":"max-image-preview:large","max-video-preview":"max-video-preview:-1"},"canonical":"https:\/\/arteeluoghi.it\/index.php\/2012\/01\/11\/gustav-klimt-disegni-intorno-al-fregio-di-beethoven\/","og_locale":"it_IT","og_type":"article","og_title":"GUSTAV KLIMT. DISEGNI INTORNO AL FREGIO DI BEETHOVEN | Arte e Luoghi","og_description":"\u00a0 GUSTAV KLIMT. DISEGNI INTORNO AL FREGIO DI BEETHOVEN mostra a cura di Annette Vogel nel 150\u00b0 anniversario della nascita","og_url":"https:\/\/arteeluoghi.it\/index.php\/2012\/01\/11\/gustav-klimt-disegni-intorno-al-fregio-di-beethoven\/","og_site_name":"Arte e Luoghi","article_publisher":"https:\/\/www.facebook.com\/ArteELuoghi\/","article_published_time":"2012-01-11T08:54:53+00:00","og_image":[{"url":"https:\/\/arteeluoghi.it\/images\/stories\/2fregio.jpg"}],"twitter_card":"summary","twitter_creator":"@arteeluoghi","twitter_site":"@arteeluoghi","twitter_misc":{"Scritto da":"Staff","Tempo di lettura stimato":"6 minuti"},"schema":{"@context":"https:\/\/schema.org","@graph":[{"@type":"Organization","@id":"https:\/\/arteeluoghi.it\/#organization","name":"Arte e Luoghi","url":"https:\/\/arteeluoghi.it\/","sameAs":["https:\/\/www.facebook.com\/ArteELuoghi\/","https:\/\/www.instagram.com\/arteeluoghi\/?hl=it","https:\/\/www.youtube.com\/channel\/UCuRVc4JW4-C5sg9rQB-srkw?view_as=subscriber","https:\/\/twitter.com\/arteeluoghi"],"logo":{"@type":"ImageObject","@id":"https:\/\/arteeluoghi.it\/#logo","inLanguage":"it-IT","url":"https:\/\/arteeluoghi.it\/wp-content\/uploads\/2018\/08\/logoinstagramarte.jpg","contentUrl":"https:\/\/arteeluoghi.it\/wp-content\/uploads\/2018\/08\/logoinstagramarte.jpg","width":150,"height":150,"caption":"Arte e Luoghi"},"image":{"@id":"https:\/\/arteeluoghi.it\/#logo"}},{"@type":"WebSite","@id":"https:\/\/arteeluoghi.it\/#website","url":"https:\/\/arteeluoghi.it\/","name":"Arte e Luoghi","description":"Mensile di arte, cultura, turismo e curiosit\u00e0","publisher":{"@id":"https:\/\/arteeluoghi.it\/#organization"},"potentialAction":[{"@type":"SearchAction","target":{"@type":"EntryPoint","urlTemplate":"https:\/\/arteeluoghi.it\/?s={search_term_string}"},"query-input":"required name=search_term_string"}],"inLanguage":"it-IT"},{"@type":"ImageObject","@id":"https:\/\/arteeluoghi.it\/index.php\/2012\/01\/11\/gustav-klimt-disegni-intorno-al-fregio-di-beethoven\/#primaryimage","inLanguage":"it-IT","url":"\/images\/stories\/2fregio.jpg","contentUrl":"\/images\/stories\/2fregio.jpg"},{"@type":"WebPage","@id":"https:\/\/arteeluoghi.it\/index.php\/2012\/01\/11\/gustav-klimt-disegni-intorno-al-fregio-di-beethoven\/#webpage","url":"https:\/\/arteeluoghi.it\/index.php\/2012\/01\/11\/gustav-klimt-disegni-intorno-al-fregio-di-beethoven\/","name":"GUSTAV KLIMT. DISEGNI INTORNO AL FREGIO DI BEETHOVEN | Arte e Luoghi","isPartOf":{"@id":"https:\/\/arteeluoghi.it\/#website"},"primaryImageOfPage":{"@id":"https:\/\/arteeluoghi.it\/index.php\/2012\/01\/11\/gustav-klimt-disegni-intorno-al-fregio-di-beethoven\/#primaryimage"},"datePublished":"2012-01-11T08:54:53+00:00","dateModified":"2012-01-11T08:54:53+00:00","breadcrumb":{"@id":"https:\/\/arteeluoghi.it\/index.php\/2012\/01\/11\/gustav-klimt-disegni-intorno-al-fregio-di-beethoven\/#breadcrumb"},"inLanguage":"it-IT","potentialAction":[{"@type":"ReadAction","target":["https:\/\/arteeluoghi.it\/index.php\/2012\/01\/11\/gustav-klimt-disegni-intorno-al-fregio-di-beethoven\/"]}]},{"@type":"BreadcrumbList","@id":"https:\/\/arteeluoghi.it\/index.php\/2012\/01\/11\/gustav-klimt-disegni-intorno-al-fregio-di-beethoven\/#breadcrumb","itemListElement":[{"@type":"ListItem","position":1,"name":"Home","item":"https:\/\/arteeluoghi.it\/"},{"@type":"ListItem","position":2,"name":"GUSTAV KLIMT. DISEGNI INTORNO AL FREGIO DI BEETHOVEN"}]},{"@type":"Article","@id":"https:\/\/arteeluoghi.it\/index.php\/2012\/01\/11\/gustav-klimt-disegni-intorno-al-fregio-di-beethoven\/#article","isPartOf":{"@id":"https:\/\/arteeluoghi.it\/index.php\/2012\/01\/11\/gustav-klimt-disegni-intorno-al-fregio-di-beethoven\/#webpage"},"author":{"@id":"https:\/\/arteeluoghi.it\/#\/schema\/person\/f84e814e36e91e01448ee07eaadd41d4"},"headline":"GUSTAV KLIMT. DISEGNI INTORNO AL FREGIO DI BEETHOVEN","datePublished":"2012-01-11T08:54:53+00:00","dateModified":"2012-01-11T08:54:53+00:00","mainEntityOfPage":{"@id":"https:\/\/arteeluoghi.it\/index.php\/2012\/01\/11\/gustav-klimt-disegni-intorno-al-fregio-di-beethoven\/#webpage"},"wordCount":1200,"commentCount":0,"publisher":{"@id":"https:\/\/arteeluoghi.it\/#organization"},"image":{"@id":"https:\/\/arteeluoghi.it\/index.php\/2012\/01\/11\/gustav-klimt-disegni-intorno-al-fregio-di-beethoven\/#primaryimage"},"thumbnailUrl":"\/images\/stories\/2fregio.jpg","articleSection":["Arti visive"],"inLanguage":"it-IT","potentialAction":[{"@type":"CommentAction","name":"Comment","target":["https:\/\/arteeluoghi.it\/index.php\/2012\/01\/11\/gustav-klimt-disegni-intorno-al-fregio-di-beethoven\/#respond"]}]},{"@type":"Person","@id":"https:\/\/arteeluoghi.it\/#\/schema\/person\/f84e814e36e91e01448ee07eaadd41d4","name":"Staff","image":{"@type":"ImageObject","@id":"https:\/\/arteeluoghi.it\/#personlogo","inLanguage":"it-IT","url":"https:\/\/secure.gravatar.com\/avatar\/49d2f9e46271bb04e19cebfaf141313a?s=96&d=blank&r=g","contentUrl":"https:\/\/secure.gravatar.com\/avatar\/49d2f9e46271bb04e19cebfaf141313a?s=96&d=blank&r=g","caption":"Staff"}}]}},"_links":{"self":[{"href":"https:\/\/arteeluoghi.it\/index.php\/wp-json\/wp\/v2\/posts\/430"}],"collection":[{"href":"https:\/\/arteeluoghi.it\/index.php\/wp-json\/wp\/v2\/posts"}],"about":[{"href":"https:\/\/arteeluoghi.it\/index.php\/wp-json\/wp\/v2\/types\/post"}],"author":[{"embeddable":true,"href":"https:\/\/arteeluoghi.it\/index.php\/wp-json\/wp\/v2\/users\/1"}],"replies":[{"embeddable":true,"href":"https:\/\/arteeluoghi.it\/index.php\/wp-json\/wp\/v2\/comments?post=430"}],"version-history":[{"count":0,"href":"https:\/\/arteeluoghi.it\/index.php\/wp-json\/wp\/v2\/posts\/430\/revisions"}],"wp:attachment":[{"href":"https:\/\/arteeluoghi.it\/index.php\/wp-json\/wp\/v2\/media?parent=430"}],"wp:term":[{"taxonomy":"category","embeddable":true,"href":"https:\/\/arteeluoghi.it\/index.php\/wp-json\/wp\/v2\/categories?post=430"},{"taxonomy":"post_tag","embeddable":true,"href":"https:\/\/arteeluoghi.it\/index.php\/wp-json\/wp\/v2\/tags?post=430"}],"curies":[{"name":"wp","href":"https:\/\/api.w.org\/{rel}","templated":true}]}}