{"id":434,"date":"2012-01-09T23:00:00","date_gmt":"2012-01-09T22:00:00","guid":{"rendered":"http:\/\/arteeluoghi.it\/index.php\/2012\/01\/09\/ahi-scatti-quotidiani-di-rita-vitali-rosati\/"},"modified":"2012-01-09T23:00:00","modified_gmt":"2012-01-09T22:00:00","slug":"ahi-scatti-quotidiani-di-rita-vitali-rosati","status":"publish","type":"post","link":"https:\/\/arteeluoghi.it\/index.php\/2012\/01\/09\/ahi-scatti-quotidiani-di-rita-vitali-rosati\/","title":{"rendered":"\u201cAhi\u201d scatti quotidiani di  Rita Vitali Rosati"},"content":{"rendered":"<p><img src=\"\/images\/stories\/ritavitali.jpg\" border=\"0\" width=\"250\" style=\"float: left; margin: 21px; border: 0pt none;\" \/><\/p>\n<p><strong><span style=\"font-size: small;\"><br \/><\/span><\/strong><\/p>\n<p><strong><span style=\"font-size: small;\"><br \/><\/span><\/strong><\/p>\n<p><span style=\"font-size: small;\">\u201cAhi\u201d scatti quotidiani di\u00a0 Rita Vitali Rosati<\/span><\/p>\n<p>\u00a0<\/p>\n<p>Presentazione del libro fotografico venerd\u00ec 13 gennaio 2012 ore 18:00<\/p>\n<p>Libreria Ferlinghetti, Palazzo Vitali Rosati, Fermo<\/p>\n<p>Interverranno Giocondo Rongoni &#8211; Stefano Verri, critico d\u2019arte, curatore<\/p>\n<p>Il progetto \u201cAhi\u201d \u00e8 nato da un\u2019urgenza, quella che l\u2019artista vive a contatto del quotidiano: \u00e8 il racconto fotografico costruito annodando, foto dopo foto, tutti i sentimenti legati ai problemi che si producono attraverso le notizie apprese dai giornali e dai telegiornali. Attivando una vasta nomenclatura di emozioni.<\/p>\n<p>Emozioni che si sedimentano nella memoria collettiva, insieme alle immagini. \u201cLa macchina fotografica &#8211;\u00a0 scrive il curatore Stefano Verri &#8211; diventa testimone e filtro, rappresenta il mezzo veloce per una documentazione perfetta ma anche oggetto di distacco culturale che pone la distanza dell\u2019interpretazione e della scelta tra la propria vita ed il polpettone di immagini televisive che ogni giorno e ad ogni ora, tra una tragedia di proporzioni apocalittiche ed un amore ritrovato, tra due vicini che litigano ed una foresta in fiamme dall\u2019altra parte del mondo, siamo costretti (o avvezzi) a subire\u201d.<\/p>\n<p>\u00a0<\/p>\n<p>  <!--more-->  <\/p>\n<p>\u00a0<\/p>\n<p>\u201cAhi\u201d E\u2019 un viaggio faticoso con un percorso disperato e violento ma anche ironico e provocatorio. Come dice la stessa Rita Vitali Rosati \u201cquesti due linguaggi sono una bipolarit\u00e0 caratteriale, dovuta ai due cognomi che porto, ma alla fine entrambi i linguaggi formano un unico lavoro.\u201d Non manca di ricordare il famoso fotografo Luigi Crocenzi. E\u2019 lui che per primo ha sperimentato il racconto fotografico. E\u2019 lui che l\u2019ha presa per mano e l\u2019ha incoraggiata a percorrere questo viaggio per costruire un film su carta. \u201cSe fossi nata prima probabilmente oggi farei la regista. Questo assemblaggio di immagini in sequenza una dopo l\u2019altra \u00e8 come un tapirulan dove scorre la vita di ognuno. Qualche volta il nastro si ferma, si fa una riflessione e poi si continua. Questo mi ha insegnato Crocenzi e io gli sono grata.\u201d (Nikla Cingolani)<\/p>\n<p>Rita Vitali Rosati \u00e8 nata a Milano nel 1949. Traduttrice da sempre della nostra complessa realt\u00e0, realizza le sue opere dove vive, a Fabriano, privilegiando idee e concetti che si evolvono in immagini. Come in una \u201carena\u201d, facendosi essa stessa protagonista assoluta di un progetto infinito, l\u2019artista osserva e registra l\u2019insolito inventario della vita, ribaltandone i punti di vista. Le sue opere sono l\u2019espressione di una attitudine ironica, trasgressiva, destabilizzante tipici del gioco e della favola. Con le sue immagini Rita Vitali Rosati mette una lente di ingrandimento sul formicolio sociale invitando lo spettatore ad interpretare il suo nonsenso.<\/p>\n<p>Rita Vitali Rosati &#8211; www.ritavitalirosati.it <\/p>\n<p>Libreria Ferlinghetti &#8211; Palazzo Vitali Rosati &#8211; C.so Cefalonia 87 &#8211; 63900 Fermo<br \/>tel. 0734.228828 &#8211; email: ferlinghettistore@libero.it &#8211; www.libreriaferlinghetti.it<\/p>\n<p>\u00a0<\/p>\n<p>(fonte: comunicato stampa)<\/p>\n<p>\u00a0<\/p>\n<p>Il luogo<\/p>\n<div>\n<div>\n<p>La libreria Ferlinghetti nasce a Fermo il 23 dicembre 2010 all&#8217;interno di Palazzo Vitali Rosati, in corso Cefalonia.<\/p>\n<p style=\"margin-bottom: 0cm\">Lawrence Ferlinghetti, poeta, editore e libraio simbolo della Beat  Generation, \u00e8 non solo emblema della libreria ma soprattutto  ispirazione, linguaggio, pratica, cultura e movimento di idee per coloro  che la frequentano. Uno spazio frequentato da giovani lettrici e  lettori, dove il libro non \u00e8 contemplato, ma finalmente preso, toccato,  sfogliato, letto e sdrammatizzato. <br \/> Il libro come prodotto specifico e insuperato, contenitore e  trasmettitore, veicolo di conoscenza ma soprattutto di liberazione  dall&#8217;ignoranza, di crescita pratica, di relazione sociale. Antidoto alla  diseguaglianza sociale, all&#8217;intolleranza e alla sopraffazione.<\/p>\n<p> Liberazione dei cinque sensi, evasione-da e relazione-con, resistenza e  apertura, fragilit\u00e0 e solidit\u00e0, oggi pi\u00f9 che mai libro e spazio  dedicato al libro sono interconnessi e la libreria Ferlinghetti nasce e  si muove con questi obiettivi. Concepita e allestita dal lavoro  intellettuale e materiale di molti, si evolve con lo stesso spirito,  cresce con l&#8217;aiuto di tutti: lettori, amici, viandanti di tutte le et\u00e0.<\/p>\n<\/p><\/div>\n<\/p><\/div>\n","protected":false},"excerpt":{"rendered":"<p>\u201cAhi\u201d scatti quotidiani di\u00a0 Rita Vitali Rosati \u00a0 Presentazione del libro fotografico venerd\u00ec 13 gennaio 2012 ore 18:00 Libreria Ferlinghetti,<\/p>\n","protected":false},"author":1,"featured_media":0,"comment_status":"open","ping_status":"open","sticky":false,"template":"","format":"standard","meta":[],"categories":[3],"tags":[],"yoast_head":"<!-- This site is optimized with the Yoast SEO plugin v18.0 - https:\/\/yoast.com\/wordpress\/plugins\/seo\/ -->\n<title>\u201cAhi\u201d scatti quotidiani di Rita Vitali Rosati | Arte e Luoghi<\/title>\n<meta name=\"robots\" content=\"index, follow, max-snippet:-1, max-image-preview:large, max-video-preview:-1\" \/>\n<link rel=\"canonical\" href=\"https:\/\/arteeluoghi.it\/index.php\/2012\/01\/09\/ahi-scatti-quotidiani-di-rita-vitali-rosati\/\" \/>\n<meta property=\"og:locale\" content=\"it_IT\" \/>\n<meta property=\"og:type\" content=\"article\" \/>\n<meta property=\"og:title\" content=\"\u201cAhi\u201d scatti quotidiani di Rita Vitali Rosati | Arte e Luoghi\" \/>\n<meta property=\"og:description\" content=\"\u201cAhi\u201d scatti quotidiani di\u00a0 Rita Vitali Rosati \u00a0 Presentazione del libro fotografico venerd\u00ec 13 gennaio 2012 ore 18:00 Libreria Ferlinghetti,\" \/>\n<meta property=\"og:url\" content=\"https:\/\/arteeluoghi.it\/index.php\/2012\/01\/09\/ahi-scatti-quotidiani-di-rita-vitali-rosati\/\" \/>\n<meta property=\"og:site_name\" content=\"Arte e Luoghi\" \/>\n<meta property=\"article:publisher\" content=\"https:\/\/www.facebook.com\/ArteELuoghi\/\" \/>\n<meta property=\"article:published_time\" content=\"2012-01-09T22:00:00+00:00\" \/>\n<meta property=\"og:image\" content=\"https:\/\/arteeluoghi.it\/images\/stories\/ritavitali.jpg\" \/>\n<meta name=\"twitter:card\" content=\"summary\" \/>\n<meta name=\"twitter:creator\" content=\"@arteeluoghi\" \/>\n<meta name=\"twitter:site\" content=\"@arteeluoghi\" \/>\n<meta name=\"twitter:label1\" content=\"Scritto da\" \/>\n\t<meta name=\"twitter:data1\" content=\"Staff\" \/>\n\t<meta name=\"twitter:label2\" content=\"Tempo di lettura stimato\" \/>\n\t<meta name=\"twitter:data2\" content=\"3 minuti\" \/>\n<script type=\"application\/ld+json\" class=\"yoast-schema-graph\">{\"@context\":\"https:\/\/schema.org\",\"@graph\":[{\"@type\":\"Organization\",\"@id\":\"https:\/\/arteeluoghi.it\/#organization\",\"name\":\"Arte e Luoghi\",\"url\":\"https:\/\/arteeluoghi.it\/\",\"sameAs\":[\"https:\/\/www.facebook.com\/ArteELuoghi\/\",\"https:\/\/www.instagram.com\/arteeluoghi\/?hl=it\",\"https:\/\/www.youtube.com\/channel\/UCuRVc4JW4-C5sg9rQB-srkw?view_as=subscriber\",\"https:\/\/twitter.com\/arteeluoghi\"],\"logo\":{\"@type\":\"ImageObject\",\"@id\":\"https:\/\/arteeluoghi.it\/#logo\",\"inLanguage\":\"it-IT\",\"url\":\"https:\/\/arteeluoghi.it\/wp-content\/uploads\/2018\/08\/logoinstagramarte.jpg\",\"contentUrl\":\"https:\/\/arteeluoghi.it\/wp-content\/uploads\/2018\/08\/logoinstagramarte.jpg\",\"width\":150,\"height\":150,\"caption\":\"Arte e Luoghi\"},\"image\":{\"@id\":\"https:\/\/arteeluoghi.it\/#logo\"}},{\"@type\":\"WebSite\",\"@id\":\"https:\/\/arteeluoghi.it\/#website\",\"url\":\"https:\/\/arteeluoghi.it\/\",\"name\":\"Arte e Luoghi\",\"description\":\"Mensile di arte, cultura, turismo e curiosit\u00e0\",\"publisher\":{\"@id\":\"https:\/\/arteeluoghi.it\/#organization\"},\"potentialAction\":[{\"@type\":\"SearchAction\",\"target\":{\"@type\":\"EntryPoint\",\"urlTemplate\":\"https:\/\/arteeluoghi.it\/?s={search_term_string}\"},\"query-input\":\"required name=search_term_string\"}],\"inLanguage\":\"it-IT\"},{\"@type\":\"ImageObject\",\"@id\":\"https:\/\/arteeluoghi.it\/index.php\/2012\/01\/09\/ahi-scatti-quotidiani-di-rita-vitali-rosati\/#primaryimage\",\"inLanguage\":\"it-IT\",\"url\":\"\/images\/stories\/ritavitali.jpg\",\"contentUrl\":\"\/images\/stories\/ritavitali.jpg\"},{\"@type\":\"WebPage\",\"@id\":\"https:\/\/arteeluoghi.it\/index.php\/2012\/01\/09\/ahi-scatti-quotidiani-di-rita-vitali-rosati\/#webpage\",\"url\":\"https:\/\/arteeluoghi.it\/index.php\/2012\/01\/09\/ahi-scatti-quotidiani-di-rita-vitali-rosati\/\",\"name\":\"\u201cAhi\u201d scatti quotidiani di Rita Vitali Rosati | Arte e Luoghi\",\"isPartOf\":{\"@id\":\"https:\/\/arteeluoghi.it\/#website\"},\"primaryImageOfPage\":{\"@id\":\"https:\/\/arteeluoghi.it\/index.php\/2012\/01\/09\/ahi-scatti-quotidiani-di-rita-vitali-rosati\/#primaryimage\"},\"datePublished\":\"2012-01-09T22:00:00+00:00\",\"dateModified\":\"2012-01-09T22:00:00+00:00\",\"breadcrumb\":{\"@id\":\"https:\/\/arteeluoghi.it\/index.php\/2012\/01\/09\/ahi-scatti-quotidiani-di-rita-vitali-rosati\/#breadcrumb\"},\"inLanguage\":\"it-IT\",\"potentialAction\":[{\"@type\":\"ReadAction\",\"target\":[\"https:\/\/arteeluoghi.it\/index.php\/2012\/01\/09\/ahi-scatti-quotidiani-di-rita-vitali-rosati\/\"]}]},{\"@type\":\"BreadcrumbList\",\"@id\":\"https:\/\/arteeluoghi.it\/index.php\/2012\/01\/09\/ahi-scatti-quotidiani-di-rita-vitali-rosati\/#breadcrumb\",\"itemListElement\":[{\"@type\":\"ListItem\",\"position\":1,\"name\":\"Home\",\"item\":\"https:\/\/arteeluoghi.it\/\"},{\"@type\":\"ListItem\",\"position\":2,\"name\":\"\u201cAhi\u201d scatti quotidiani di Rita Vitali Rosati\"}]},{\"@type\":\"Article\",\"@id\":\"https:\/\/arteeluoghi.it\/index.php\/2012\/01\/09\/ahi-scatti-quotidiani-di-rita-vitali-rosati\/#article\",\"isPartOf\":{\"@id\":\"https:\/\/arteeluoghi.it\/index.php\/2012\/01\/09\/ahi-scatti-quotidiani-di-rita-vitali-rosati\/#webpage\"},\"author\":{\"@id\":\"https:\/\/arteeluoghi.it\/#\/schema\/person\/f84e814e36e91e01448ee07eaadd41d4\"},\"headline\":\"\u201cAhi\u201d scatti quotidiani di Rita Vitali Rosati\",\"datePublished\":\"2012-01-09T22:00:00+00:00\",\"dateModified\":\"2012-01-09T22:00:00+00:00\",\"mainEntityOfPage\":{\"@id\":\"https:\/\/arteeluoghi.it\/index.php\/2012\/01\/09\/ahi-scatti-quotidiani-di-rita-vitali-rosati\/#webpage\"},\"wordCount\":617,\"commentCount\":0,\"publisher\":{\"@id\":\"https:\/\/arteeluoghi.it\/#organization\"},\"image\":{\"@id\":\"https:\/\/arteeluoghi.it\/index.php\/2012\/01\/09\/ahi-scatti-quotidiani-di-rita-vitali-rosati\/#primaryimage\"},\"thumbnailUrl\":\"\/images\/stories\/ritavitali.jpg\",\"articleSection\":[\"Arti visive\"],\"inLanguage\":\"it-IT\",\"potentialAction\":[{\"@type\":\"CommentAction\",\"name\":\"Comment\",\"target\":[\"https:\/\/arteeluoghi.it\/index.php\/2012\/01\/09\/ahi-scatti-quotidiani-di-rita-vitali-rosati\/#respond\"]}]},{\"@type\":\"Person\",\"@id\":\"https:\/\/arteeluoghi.it\/#\/schema\/person\/f84e814e36e91e01448ee07eaadd41d4\",\"name\":\"Staff\",\"image\":{\"@type\":\"ImageObject\",\"@id\":\"https:\/\/arteeluoghi.it\/#personlogo\",\"inLanguage\":\"it-IT\",\"url\":\"https:\/\/secure.gravatar.com\/avatar\/49d2f9e46271bb04e19cebfaf141313a?s=96&d=blank&r=g\",\"contentUrl\":\"https:\/\/secure.gravatar.com\/avatar\/49d2f9e46271bb04e19cebfaf141313a?s=96&d=blank&r=g\",\"caption\":\"Staff\"}}]}<\/script>\n<!-- \/ Yoast SEO plugin. -->","yoast_head_json":{"title":"\u201cAhi\u201d scatti quotidiani di Rita Vitali Rosati | Arte e Luoghi","robots":{"index":"index","follow":"follow","max-snippet":"max-snippet:-1","max-image-preview":"max-image-preview:large","max-video-preview":"max-video-preview:-1"},"canonical":"https:\/\/arteeluoghi.it\/index.php\/2012\/01\/09\/ahi-scatti-quotidiani-di-rita-vitali-rosati\/","og_locale":"it_IT","og_type":"article","og_title":"\u201cAhi\u201d scatti quotidiani di Rita Vitali Rosati | Arte e Luoghi","og_description":"\u201cAhi\u201d scatti quotidiani di\u00a0 Rita Vitali Rosati \u00a0 Presentazione del libro fotografico venerd\u00ec 13 gennaio 2012 ore 18:00 Libreria Ferlinghetti,","og_url":"https:\/\/arteeluoghi.it\/index.php\/2012\/01\/09\/ahi-scatti-quotidiani-di-rita-vitali-rosati\/","og_site_name":"Arte e Luoghi","article_publisher":"https:\/\/www.facebook.com\/ArteELuoghi\/","article_published_time":"2012-01-09T22:00:00+00:00","og_image":[{"url":"https:\/\/arteeluoghi.it\/images\/stories\/ritavitali.jpg"}],"twitter_card":"summary","twitter_creator":"@arteeluoghi","twitter_site":"@arteeluoghi","twitter_misc":{"Scritto da":"Staff","Tempo di lettura stimato":"3 minuti"},"schema":{"@context":"https:\/\/schema.org","@graph":[{"@type":"Organization","@id":"https:\/\/arteeluoghi.it\/#organization","name":"Arte e Luoghi","url":"https:\/\/arteeluoghi.it\/","sameAs":["https:\/\/www.facebook.com\/ArteELuoghi\/","https:\/\/www.instagram.com\/arteeluoghi\/?hl=it","https:\/\/www.youtube.com\/channel\/UCuRVc4JW4-C5sg9rQB-srkw?view_as=subscriber","https:\/\/twitter.com\/arteeluoghi"],"logo":{"@type":"ImageObject","@id":"https:\/\/arteeluoghi.it\/#logo","inLanguage":"it-IT","url":"https:\/\/arteeluoghi.it\/wp-content\/uploads\/2018\/08\/logoinstagramarte.jpg","contentUrl":"https:\/\/arteeluoghi.it\/wp-content\/uploads\/2018\/08\/logoinstagramarte.jpg","width":150,"height":150,"caption":"Arte e Luoghi"},"image":{"@id":"https:\/\/arteeluoghi.it\/#logo"}},{"@type":"WebSite","@id":"https:\/\/arteeluoghi.it\/#website","url":"https:\/\/arteeluoghi.it\/","name":"Arte e Luoghi","description":"Mensile di arte, cultura, turismo e curiosit\u00e0","publisher":{"@id":"https:\/\/arteeluoghi.it\/#organization"},"potentialAction":[{"@type":"SearchAction","target":{"@type":"EntryPoint","urlTemplate":"https:\/\/arteeluoghi.it\/?s={search_term_string}"},"query-input":"required name=search_term_string"}],"inLanguage":"it-IT"},{"@type":"ImageObject","@id":"https:\/\/arteeluoghi.it\/index.php\/2012\/01\/09\/ahi-scatti-quotidiani-di-rita-vitali-rosati\/#primaryimage","inLanguage":"it-IT","url":"\/images\/stories\/ritavitali.jpg","contentUrl":"\/images\/stories\/ritavitali.jpg"},{"@type":"WebPage","@id":"https:\/\/arteeluoghi.it\/index.php\/2012\/01\/09\/ahi-scatti-quotidiani-di-rita-vitali-rosati\/#webpage","url":"https:\/\/arteeluoghi.it\/index.php\/2012\/01\/09\/ahi-scatti-quotidiani-di-rita-vitali-rosati\/","name":"\u201cAhi\u201d scatti quotidiani di Rita Vitali Rosati | Arte e Luoghi","isPartOf":{"@id":"https:\/\/arteeluoghi.it\/#website"},"primaryImageOfPage":{"@id":"https:\/\/arteeluoghi.it\/index.php\/2012\/01\/09\/ahi-scatti-quotidiani-di-rita-vitali-rosati\/#primaryimage"},"datePublished":"2012-01-09T22:00:00+00:00","dateModified":"2012-01-09T22:00:00+00:00","breadcrumb":{"@id":"https:\/\/arteeluoghi.it\/index.php\/2012\/01\/09\/ahi-scatti-quotidiani-di-rita-vitali-rosati\/#breadcrumb"},"inLanguage":"it-IT","potentialAction":[{"@type":"ReadAction","target":["https:\/\/arteeluoghi.it\/index.php\/2012\/01\/09\/ahi-scatti-quotidiani-di-rita-vitali-rosati\/"]}]},{"@type":"BreadcrumbList","@id":"https:\/\/arteeluoghi.it\/index.php\/2012\/01\/09\/ahi-scatti-quotidiani-di-rita-vitali-rosati\/#breadcrumb","itemListElement":[{"@type":"ListItem","position":1,"name":"Home","item":"https:\/\/arteeluoghi.it\/"},{"@type":"ListItem","position":2,"name":"\u201cAhi\u201d scatti quotidiani di Rita Vitali Rosati"}]},{"@type":"Article","@id":"https:\/\/arteeluoghi.it\/index.php\/2012\/01\/09\/ahi-scatti-quotidiani-di-rita-vitali-rosati\/#article","isPartOf":{"@id":"https:\/\/arteeluoghi.it\/index.php\/2012\/01\/09\/ahi-scatti-quotidiani-di-rita-vitali-rosati\/#webpage"},"author":{"@id":"https:\/\/arteeluoghi.it\/#\/schema\/person\/f84e814e36e91e01448ee07eaadd41d4"},"headline":"\u201cAhi\u201d scatti quotidiani di Rita Vitali Rosati","datePublished":"2012-01-09T22:00:00+00:00","dateModified":"2012-01-09T22:00:00+00:00","mainEntityOfPage":{"@id":"https:\/\/arteeluoghi.it\/index.php\/2012\/01\/09\/ahi-scatti-quotidiani-di-rita-vitali-rosati\/#webpage"},"wordCount":617,"commentCount":0,"publisher":{"@id":"https:\/\/arteeluoghi.it\/#organization"},"image":{"@id":"https:\/\/arteeluoghi.it\/index.php\/2012\/01\/09\/ahi-scatti-quotidiani-di-rita-vitali-rosati\/#primaryimage"},"thumbnailUrl":"\/images\/stories\/ritavitali.jpg","articleSection":["Arti visive"],"inLanguage":"it-IT","potentialAction":[{"@type":"CommentAction","name":"Comment","target":["https:\/\/arteeluoghi.it\/index.php\/2012\/01\/09\/ahi-scatti-quotidiani-di-rita-vitali-rosati\/#respond"]}]},{"@type":"Person","@id":"https:\/\/arteeluoghi.it\/#\/schema\/person\/f84e814e36e91e01448ee07eaadd41d4","name":"Staff","image":{"@type":"ImageObject","@id":"https:\/\/arteeluoghi.it\/#personlogo","inLanguage":"it-IT","url":"https:\/\/secure.gravatar.com\/avatar\/49d2f9e46271bb04e19cebfaf141313a?s=96&d=blank&r=g","contentUrl":"https:\/\/secure.gravatar.com\/avatar\/49d2f9e46271bb04e19cebfaf141313a?s=96&d=blank&r=g","caption":"Staff"}}]}},"_links":{"self":[{"href":"https:\/\/arteeluoghi.it\/index.php\/wp-json\/wp\/v2\/posts\/434"}],"collection":[{"href":"https:\/\/arteeluoghi.it\/index.php\/wp-json\/wp\/v2\/posts"}],"about":[{"href":"https:\/\/arteeluoghi.it\/index.php\/wp-json\/wp\/v2\/types\/post"}],"author":[{"embeddable":true,"href":"https:\/\/arteeluoghi.it\/index.php\/wp-json\/wp\/v2\/users\/1"}],"replies":[{"embeddable":true,"href":"https:\/\/arteeluoghi.it\/index.php\/wp-json\/wp\/v2\/comments?post=434"}],"version-history":[{"count":0,"href":"https:\/\/arteeluoghi.it\/index.php\/wp-json\/wp\/v2\/posts\/434\/revisions"}],"wp:attachment":[{"href":"https:\/\/arteeluoghi.it\/index.php\/wp-json\/wp\/v2\/media?parent=434"}],"wp:term":[{"taxonomy":"category","embeddable":true,"href":"https:\/\/arteeluoghi.it\/index.php\/wp-json\/wp\/v2\/categories?post=434"},{"taxonomy":"post_tag","embeddable":true,"href":"https:\/\/arteeluoghi.it\/index.php\/wp-json\/wp\/v2\/tags?post=434"}],"curies":[{"name":"wp","href":"https:\/\/api.w.org\/{rel}","templated":true}]}}