{"id":449,"date":"2012-01-09T23:00:00","date_gmt":"2012-01-09T22:00:00","guid":{"rendered":"http:\/\/arteeluoghi.it\/index.php\/2012\/01\/09\/il-futuro-della-professione\/"},"modified":"2017-08-07T01:04:10","modified_gmt":"2017-08-06T23:04:10","slug":"il-futuro-della-professione","status":"publish","type":"post","link":"https:\/\/arteeluoghi.it\/index.php\/2012\/01\/09\/il-futuro-della-professione\/","title":{"rendered":"IL FUTURO DELLA PROFESSIONE"},"content":{"rendered":"<p><strong><span style=\"font-size: small;\"><img src=\"\/images\/stories\/cante1.jpg\" border=\"0\" style=\"float: left; margin: 21px;\" \/>IL FUTURO DELLA PROFESSIONE<\/span><\/strong><\/p>\n<p>Ieri mattina, 9 gennaio,\u00a0 a Lecce si \u00e8 tenuta un&#8217;assemblea per fare un po&#8217; di chiarezza sulla riforma dell&#8217;ordine dei giornalisti. Marted\u00ec 17 gennaio appuntamento presso la sede dell&#8217;ordine di Bari<\/p>\n<p>Circolano in rete, ripresi anche da autorevoli siti, alcuni articoli sulle sorti dei pubblicisti e pi\u00f9 in generale dell&#8217;Ordine dei giornalisti. I testi mettono insieme elementi veri, elementi ipotetici ed elementi decisamente inesistenti senza fare alcuna distinzione di sorta. Per iniziare a fare un po&#8217; di chiarezza rispetto ai temi che interessano i giornalisti il Consiglio dell&#8217;Ordine dei Giornalisti della Puglia e i rappresentanti pugliesi nel Consiglio Nazionale dell&#8217;Ordine dei giornalisti hanno organizzato due assemblee aperte a tutti i colleghi. La prima si \u00e8 tenuta ieri mattina (luned\u00ec 9 gennaio) presso le Officine Cantelmo di Lecce alla presenza della Presidente dell&#8217;Ordine dei giornalisti della Puglia Paola Laforgia, dei consiglieri regionali Piero Ricci, Gianfranco Summo e Nani Campione e dei consiglieri nazionali Michele Partipilo, Daniela Pastore, Elio Donno e Adelmo Gaetani. \u00a0<\/p>\n<p>Nel corso dell&#8217;incontro, che ha visto la partecipazione di numerosi colleghi e colleghe preoccupati dal rincorrersi delle voci &#8220;catastrofiche&#8221; dell&#8217;ultimo periodo, sono stati illustrati alcuni dei passaggi che condurranno alla riforma dell&#8217;ordine dei giornalisti.<\/p>\n<p>  <!--more-->  Il 13 agosto 2010, l\u2019allora ministro Giulio Tremonti presenta un decreto legge (n. 138\/2011) nel quale \u00e8 presente un Titolo dedicato a \u201cLiberalizzazioni, privatizzazioni e altre misure per favorire lo sviluppo\u201d. All&#8217;Art.33, comma 5 si legge: \u00abFermo restando l\u2019esame di Stato di cui all\u2019articolo 33 quinto comma della Costituzione per l\u2019accesso alle professioni regolamentate, gli ordinamenti professionali devono garantire che l\u2019esercizio dell\u2019attivit\u00e0 risponda senza eccezioni ai principi di libera concorrenza, alla presenza diffusa dei professionisti su tutto il territorio nazionale, alla differenziazione e pluralit\u00e0 di offerta che garantisca l\u2019effettiva possibilit\u00e0 di scelta degli utenti nell\u2019ambito della pi\u00f9 ampia informazione relativamente ai servizi offerti. Con decreto del Presidente della Repubblica emanato ai sensi dell\u2019articolo 17, comma 2, della legge 23 agosto 1988, n. 400, gli ordinamenti professionali dovranno essere riformati entro 12 mesi dalla data di entrata in vigore del presente decreto per recepire i seguenti princ\u00ecpi&#8230; \u00bb<\/p>\n<p>Nel cosiddetto \u00abDecreto Tremonti\u00ab (diventato poi legge 148\/2011) si fissa il termine per la riforma degli Ordini, pur senza precisare come e attraverso quale strumento, e si pone un vincolo preciso: per far parte di un Ordine professionale occorre aver superato un esame di Stato, secondo quanto previsto dall\u2019art. 33 della Costituzione. La norma parla per\u00f2 di \u00abaccesso\u00bb alla professione e dunque sembra rivolgersi &#8211; in maniera coerente con i principi generali del nostro Ordinamento &#8211; solo a chi da questo momento in poi e comunque dal 13 agosto 2012 vorr\u00e0 svolgere la professione. Riportato tutto ci\u00f2 nella realt\u00e0 giornalistica sembra potersi ragionevolmente affermare che coloro che sono gi\u00e0 iscritti nell&#8217;Elenco pubblicisti mantengono i diritti acquisiti e cio\u00e8:<br \/>&#8211; presenza e rappresentanza nell&#8217;Ordine;<br \/>&#8211; direzione responsabile di periodici ai sensi della legge sulla stampa;<br \/>&#8211; iscrizione all&#8217;Inpgi;<br \/>&#8211; iscrizione alla Casagit;<br \/>&#8211; contratto Fnsi-Fieg;<br \/>&#8211; contratto Aer-Anti-Corallo.<\/p>\n<p>Ci\u00f2 significa in sostanza che non potranno essere iscritti nuovi pubblicisti, che altrimenti dovrebbero sostenere un esame di Stato come i professionisti, per cui l&#8217;attuale Elenco pubblicisti sarebbe da considerarsi ad esaurimento. In questa ottica \u00e8 ragionevole prevedere una sanatoria di 3 o 5 anni durante la quale tutti gli attuali pubblicisti che:<br \/>&#8211; svolgano solo attivit\u00e0 giornalistica (esclusivit\u00e0 professionale);<br \/>&#8211; abbiano un qualunque contratto di natura giornalistica;<br \/>&#8211; abbiano un determinato reddito annuo lordo;<br \/>&#8211; abbiano frequentato un corso di formazione validato dall&#8217;Ordine e di almeno 80 (?) ore pi\u00f9 verifica finale;<br \/>possono sostenere l&#8217;esame di Stato ed essere iscritti nell&#8217;Elenco professionisti.<\/p>\n<p>La Finanziaria (Legge \u00abdi Stabilit\u00e0 2012\u00bb n.183\/2011) fa luce sulle modalit\u00e0 della riforma degli Ordini e prevede che avvenga con \u201cdecreto del Presidente della Repubblica emanato ai sensi \u2026.\u201d sfruttando la normativa sulla delegificazione. E aggiunge \u00abresta ferma la data del 13 agosto 2012\u00bb, ma soprattutto (art. 5-bis) che \u00able norme vigenti sugli ordinamenti professionali sono abrogate con effetto dall\u2019entrata in vigore del regolamento governativo di cui al comma 5\u00bb. Il che crea profondo allarme in tutte le categorie professionali poich\u00e9 significa che in qualunque momento il governo, con un semplice decreto, pu\u00f2 cancellare uno o tutti gli Ordini professionali. <br \/>Si arriva cos\u00ec al maxiemendamento recepito dal governo Monti (decreto legge 201 del 2011) che modifica radicalmente il contenuto dell\u2019articolo 5-bis, cancellando il rischio di un\u2019abrogazione in blocco di tutti gli Ordini entro la fatidica data del 13 agosto. Eccone il testo: \u201cLe norme vigenti sugli ordinamenti professionali in contrasto con i principi di cui al comma 5, lettere da a) a g), sono abrogate con effetto dalla data di entrata in vigore del regolamento governativo di cui al comma 5 e, in ogni caso, dalla data del 13 agosto 2012\u201d.<\/p>\n<p>Le lettere da a) a g) dicono testualmente:<\/p>\n<p>a) l&#8217;accesso alla professione \u00e8 libero e il suo esercizio \u00e8 fondato e ordinato sull&#8217;autonomia e sull&#8217;indipendenza di giudizio, intellettuale e tecnica, del professionista. La limitazione, in forza di una disposizione di legge, del numero di persone che sono titolate ad esercitare una certa professione in tutto il territorio dello Stato o in una certa area geografica, \u00e8 consentita unicamente laddove essa risponda a ragioni di interesse pubblico, tra cui in particolare quelle connesse alla tutela della salute umana, e non introduca una discriminazione diretta o indiretta basata sulla nazionalit\u00e0 o, in caso di esercizio dell&#8217;attivit\u00e0 in forma societaria, della sede legale della societ\u00e0 professionale;<br \/>N.B.: la norma stabilisce il principio del libero accesso e libero esercizio delle professioni, fermo restando &#8211; quale unica limitazione all&#8217;accesso &#8211; l&#8217;esame di Stato ai sensi dell&#8217;art. 33 della Costituzione. Eventuali restrizioni relativamente al numero di persone autorizzate ad esercitare una certa professione possono essere introdotte da specifica previsione legislativa sulla base di ragioni di interesse pubblico. <\/p>\n<p>b) previsione dell&#8217;obbligo per il professionista di seguire percorsi di formazione continua permanente predisposti sulla base di appositi regolamenti emanati dai consigli nazionali, fermo restando quanto previsto dalla normativa vigente in materia di educazione continua in medicina (ECM). La violazione dell&#8217;obbligo di formazione continua determina un illecito disciplinare e come tale \u00e8 sanzionato sulla base di quanto stabilito dall&#8217;ordinamento professionale che dovr\u00e0 integrare tale previsione;<\/p>\n<p>N.B.: la norma prevede l&#8217;obbligo di formazione continua secondo regolamenti predisposti dai consigli nazionali. Interpretando la disposizione alla luce delle vigenti normative relative ad altre professioni (es.: avvocati), sar\u00e0 onere del CNOG,provvedere alla individuazione della durata e del contenuto dell&#8217;obbligo formativo (decorrenza dell&#8217;obbligo, numero di crediti formativi), tipologia di eventi (organizzati dal CNOG o dai consigli regionali o da associazioni convenzionate), la tipologia di attivit\u00e0 che integra l&#8217;obbligo della formazione obbligatoria e continua (partecipazione a corsi, eventuali pubblicazioni specifiche, contratti di insegnamento, partecipazione a commissioni d&#8217;esame, attivit\u00e0 di studio), eventuali categorie esonerate dalla formazione continua e obbligatoria, inosservanza agli obblighi con specifica individuazione dell&#8217;illecito disciplinare nonch\u00e9 indicazioni da dare ai Consigli Regionali dell&#8217;Ordine.<\/p>\n<p>c) la disciplina del tirocinio per l&#8217;accesso alla professione deve conformarsi a criteri che garantiscano l&#8217;effettivo svolgimento dell&#8217;attivit\u00e0 formativa e il suo adeguamento costante all&#8217;esigenza di assicurare il miglior esercizio della professione. Al tirocinante dovr\u00e0 essere corrisposto un equo compenso di natura indennitaria, commisurato al suo concreto apporto. Al fine di accelerare l&#8217;accesso al mondo del lavoro, la durata del tirocinio non potr\u00e0 essere complessivamente superiore a tre anni e potr\u00e0 essere svolto, in presenza di una apposita convenzione quadro stipulata fra i Consigli Nazionali e il Ministero dell&#8217;Istruzione, Universit\u00e0 e Ricerca, in concomitanza al corso di studio per il conseguimento della laurea di primo livello o della laurea magistrale o specialistica. Le disposizioni della presente lettera non si applicano alle professioni sanitarie per le quali resta confermata la normativa vigente;<br \/>N.B.: la norma potrebbe avere implicazioni sugli aspiranti giornalisti professionisti. Il legislatore dovr\u00e0 chiarire la nozione di &#8220;tirocinio&#8221; al fine di stabilire se ricomprenda o meno le attuali forme di praticantato.<\/p>\n<p>d) il compenso spettante al professionista \u00e8 pattuito per iscritto all&#8217;atto del conferimento dell&#8217;incarico professionale prendendo come riferimento le tariffe professionali. E&#8217; ammessa la pattuizione dei compensi anche in deroga alle tariffe. Il professionista \u00e8 tenuto, nel rispetto del principio di trasparenza, a rendere noto al cliente il livello della complessit\u00e0 dell&#8217;incarico, fornendo tutte le informazioni utili circa gli oneri ipotizzabili dal momento del conferimento alla conclusione dell&#8217;incarico. In caso di mancata determinazione consensuale del compenso, quando il committente \u00e8 un ente pubblico, in caso di liquidazione giudiziale dei compensi, ovvero nei casi in cui la prestazione professionale \u00e8 resa nell&#8217;interesse dei terzi si applicano le tariffe professionali stabilite con decreto dal Ministro della Giustizia;<br \/>N.B.: la norma stabilisce l&#8217;obbligo fissare con forma scritta i compensi spettanti al professionista. Si prevede inoltre la predisposizione di tariffe professionali stabilite con decreto dal Ministro della Giustizia, che tuttavia potranno essere derogate. Nel decreto non sono stabilite le modalit\u00e0 di concreta predisposizione delle tariffe, per la quale, tuttavia, in base anche alle esperienze pregresse \u00e8 da ipotizzare il coinvolgimento del CNOG.<\/p>\n<p>e) a tutela del cliente, il professionista \u00e8 tenuto a stipulare idonea assicurazione per i rischi derivanti dall&#8217;esercizio dell&#8217;attivit\u00e0 professionale. Il professionista deve rendere noti al cliente, al momento dell&#8217;assunzione dell&#8217;incarico, gli estremi della polizza stipulata per la responsabilit\u00e0 professionale e il relativo massimale. Le condizioni generali delle polizze assicurative di cui al presente comma possono essere negoziate, in convenzione con i propri iscritti, dai Consigli Nazionali e dagli enti previdenziali dei professionisti;<br \/>N.B.: la norma prevede l&#8217;obbligo di stipulare un&#8217;assicurazione per i rischi derivanti dall&#8217;esercizio dell&#8217;attivit\u00e0 professionale. Sicuramente questa norma esplicher\u00e0 efficacia su coloro che esercitano l&#8217;attivit\u00e0 giornalistica autonomamente (freelance), mentre \u00e8 da verificare la generalizzazione dell&#8217;obbligo per tutti gli iscritti all&#8217;Ordine. Da notare che \u00e8 previsto un ruolo specifico dei Consigli Nazionali e degli enti previdenziali di categoria (es.: INPGI).<\/p>\n<p>f) gli ordinamenti professionali dovranno prevedere l&#8217;istituzione di organi a livello territoriale, diversi da quelli aventi funzioni amministrative, ai quali sono specificamente affidate l&#8217;istruzione e la decisione delle questioni disciplinari e di un organo nazionale di disciplina. La carica di consigliere dell&#8217;Ordine territoriale o di consigliere nazionale \u00e8 incompatibile con quella di membro dei consigli di disciplina nazionali e territoriali. Le disposizioni della presente lettera non si applicano alle professioni sanitarie per le quali resta confermata la normativa vigente;<br \/>N.B.: la norma in questione stabilisce che verranno distinte le funzioni amministrative da quelle giustiziali, affidando il compito di istruire e decidere le questioni disciplinari ad organi da istituire sia a livello regionale sia a livello nazionale. Il decreto \u00e8 molto generico, non fissando il numero dei componenti n\u00e9 chi sar\u00e0 chiamato a nominare tali collegi. Varie, pertanto, sono le configurazioni possibili (consiglio di disciplina esterno al Consiglio dell&#8217;Ordine &#8211; regionale o nazionale &#8211; e dotato di proprio apparato amministrativo; consiglio di disciplina esterno che si avvale dell&#8217;apparato amministrativo del Consiglio dell&#8217;Ordine; consiglio di disciplina incardinato nelle strutture &#8211; centrali o periferiche &#8211; del Ministero della Giustizia. Si sottolinea l&#8217;incompatibilit\u00e0 prevista tra la carica di consigliere (regionale e nazionale) e quella di membro dei consigli di disciplina, che non trova immediata applicazione.<\/p>\n<p>g) la pubblicit\u00e0 informativa, con ogni mezzo, avente ad oggetto l&#8217;attivit\u00e0 professionale, le specializzazioni ed i titoli professionali posseduti, la struttura dello studio ed i compensi delle prestazioni, \u00e8 libera. Le informazioni devono essere trasparenti, veritiere, corrette e non devono essere equivoche, ingannevoli, denigratorie.<br \/>Sembrerebbe quindi che l&#8217;attuale legge ordinistica decada automaticamente, ovvero il Consiglio perda i suoi poteri, entro il 13 agosto 2012 per tutto ci\u00f2 che riguarda:<br \/>\u2212\u00a0\u00a0\u00a0\u00a0 l&#8217;attivit\u00e0 disciplinare;<br \/>\u2212\u00a0\u00a0\u00a0\u00a0 l&#8217;obbligo della formazione permanente continua;<br \/>\u2212\u00a0\u00a0\u00a0\u00a0 l&#8217;obbligo dell&#8217;assicurazione in caso di attivit\u00e0 autonoma.<br \/>Per il resto vale quanto previsto dall&#8217;emendamento introdotto dalla Camera (legge di conversione 214 del 2011, art. 33, comma 5-ter):<br \/>\u201cIl Governo, entro il 31 dicembre 2012, provvede a raccogliere le disposizioni aventi forza di legge che non risultano abrogate per effetto del comma 5-bis in un testo unico da emanare ai sensi dell&#8217;articolo 17-bis della legge 23 agosto 1988, n. 400\u201d. <br \/>E qui si torna in un ambito fortemente connotato dall&#8217;incertezza. E cio\u00e8 se non viene predisposto il Decreto di riforma previsto dalla legge 148\/2011, l&#8217;attuale norma della legge n.69\/63 che riguarda i pubblicisti, non essendo in contrasto con le lettere a)- g) del comma 5, art. 33 della legge\u00a0 214\/2011, ma essendo in contrasto con la restante parte dello stesso comma 5 che fine fa? Pu\u00f2 comunque entrare in quel testo unico da predisporre entro il prossimo 31 dicembre? Anche su questo aspetto il dibattito fra esperti e giuristi \u00e8 aperto in quanto si potrebbe avere un Testo unico cosiddetto \u00abconfermativo\u00bb, che si limita a raccogliere tutte le parti ancora valide della legge ordinistica; oppure un Testo unico di tipo \u00abinnovativo\u00bb, in cui cio\u00e8 si raccolgono le norme non cadute ma se ne aggiungono anche di nuove. Saranno settimane intense per cercare di capire esattamente che cosa il governo vuol fare dei giornalisti e del loro Ordine, atteso che resta sempre difficile capire in che modo sia legato alle liberalizzazioni e privatizzazioni del Titolo iniziale.<\/p>\n<p>Prossimo appuntamento marted\u00ec 17 gennaio alle ore 9.30 presso la sede dell&#8217;Ordine dei Giornalisti della Puglia di Bari in concomitanza con la riunione del Consiglio regionale dell\u2019Ordine. Inoltre, l&#8217;Ordine nazionale ha avviato una serie di contatti con il governo e ha convocato un Consiglio monotematico (dal 18 al 20 gennaio) per discutere dei problemi posti dalla riforma delle professioni previste dalla legge. <\/p>\n<p>Info www.og.puglia.it<\/p>\n","protected":false},"excerpt":{"rendered":"<p>IL FUTURO DELLA PROFESSIONE Ieri mattina, 9 gennaio,\u00a0 a Lecce si \u00e8 tenuta un&#8217;assemblea per fare un po&#8217; di chiarezza<\/p>\n","protected":false},"author":1,"featured_media":0,"comment_status":"open","ping_status":"open","sticky":false,"template":"","format":"standard","meta":[],"categories":[28],"tags":[],"yoast_head":"<!-- This site is optimized with the Yoast SEO plugin v18.0 - https:\/\/yoast.com\/wordpress\/plugins\/seo\/ -->\n<title>IL FUTURO DELLA PROFESSIONE | Arte e Luoghi<\/title>\n<meta name=\"robots\" content=\"index, follow, max-snippet:-1, max-image-preview:large, max-video-preview:-1\" \/>\n<link rel=\"canonical\" href=\"https:\/\/arteeluoghi.it\/index.php\/2012\/01\/09\/il-futuro-della-professione\/\" \/>\n<meta property=\"og:locale\" content=\"it_IT\" \/>\n<meta property=\"og:type\" content=\"article\" \/>\n<meta property=\"og:title\" content=\"IL FUTURO DELLA PROFESSIONE | Arte e Luoghi\" \/>\n<meta property=\"og:description\" content=\"IL FUTURO DELLA PROFESSIONE Ieri mattina, 9 gennaio,\u00a0 a Lecce si \u00e8 tenuta un&#8217;assemblea per fare un po&#8217; di chiarezza\" \/>\n<meta property=\"og:url\" content=\"https:\/\/arteeluoghi.it\/index.php\/2012\/01\/09\/il-futuro-della-professione\/\" \/>\n<meta property=\"og:site_name\" content=\"Arte e Luoghi\" \/>\n<meta property=\"article:publisher\" content=\"https:\/\/www.facebook.com\/ArteELuoghi\/\" \/>\n<meta property=\"article:published_time\" content=\"2012-01-09T22:00:00+00:00\" \/>\n<meta property=\"article:modified_time\" content=\"2017-08-06T23:04:10+00:00\" \/>\n<meta property=\"og:image\" content=\"https:\/\/arteeluoghi.it\/images\/stories\/cante1.jpg\" \/>\n<meta name=\"twitter:card\" content=\"summary\" \/>\n<meta name=\"twitter:creator\" content=\"@arteeluoghi\" \/>\n<meta name=\"twitter:site\" content=\"@arteeluoghi\" \/>\n<meta name=\"twitter:label1\" content=\"Scritto da\" \/>\n\t<meta name=\"twitter:data1\" content=\"Staff\" \/>\n\t<meta name=\"twitter:label2\" content=\"Tempo di lettura stimato\" \/>\n\t<meta name=\"twitter:data2\" content=\"11 minuti\" \/>\n<script type=\"application\/ld+json\" class=\"yoast-schema-graph\">{\"@context\":\"https:\/\/schema.org\",\"@graph\":[{\"@type\":\"Organization\",\"@id\":\"https:\/\/arteeluoghi.it\/#organization\",\"name\":\"Arte e Luoghi\",\"url\":\"https:\/\/arteeluoghi.it\/\",\"sameAs\":[\"https:\/\/www.facebook.com\/ArteELuoghi\/\",\"https:\/\/www.instagram.com\/arteeluoghi\/?hl=it\",\"https:\/\/www.youtube.com\/channel\/UCuRVc4JW4-C5sg9rQB-srkw?view_as=subscriber\",\"https:\/\/twitter.com\/arteeluoghi\"],\"logo\":{\"@type\":\"ImageObject\",\"@id\":\"https:\/\/arteeluoghi.it\/#logo\",\"inLanguage\":\"it-IT\",\"url\":\"https:\/\/arteeluoghi.it\/wp-content\/uploads\/2018\/08\/logoinstagramarte.jpg\",\"contentUrl\":\"https:\/\/arteeluoghi.it\/wp-content\/uploads\/2018\/08\/logoinstagramarte.jpg\",\"width\":150,\"height\":150,\"caption\":\"Arte e Luoghi\"},\"image\":{\"@id\":\"https:\/\/arteeluoghi.it\/#logo\"}},{\"@type\":\"WebSite\",\"@id\":\"https:\/\/arteeluoghi.it\/#website\",\"url\":\"https:\/\/arteeluoghi.it\/\",\"name\":\"Arte e Luoghi\",\"description\":\"Mensile di arte, cultura, turismo e curiosit\u00e0\",\"publisher\":{\"@id\":\"https:\/\/arteeluoghi.it\/#organization\"},\"potentialAction\":[{\"@type\":\"SearchAction\",\"target\":{\"@type\":\"EntryPoint\",\"urlTemplate\":\"https:\/\/arteeluoghi.it\/?s={search_term_string}\"},\"query-input\":\"required name=search_term_string\"}],\"inLanguage\":\"it-IT\"},{\"@type\":\"ImageObject\",\"@id\":\"https:\/\/arteeluoghi.it\/index.php\/2012\/01\/09\/il-futuro-della-professione\/#primaryimage\",\"inLanguage\":\"it-IT\",\"url\":\"\/images\/stories\/cante1.jpg\",\"contentUrl\":\"\/images\/stories\/cante1.jpg\"},{\"@type\":\"WebPage\",\"@id\":\"https:\/\/arteeluoghi.it\/index.php\/2012\/01\/09\/il-futuro-della-professione\/#webpage\",\"url\":\"https:\/\/arteeluoghi.it\/index.php\/2012\/01\/09\/il-futuro-della-professione\/\",\"name\":\"IL FUTURO DELLA PROFESSIONE | Arte e Luoghi\",\"isPartOf\":{\"@id\":\"https:\/\/arteeluoghi.it\/#website\"},\"primaryImageOfPage\":{\"@id\":\"https:\/\/arteeluoghi.it\/index.php\/2012\/01\/09\/il-futuro-della-professione\/#primaryimage\"},\"datePublished\":\"2012-01-09T22:00:00+00:00\",\"dateModified\":\"2017-08-06T23:04:10+00:00\",\"breadcrumb\":{\"@id\":\"https:\/\/arteeluoghi.it\/index.php\/2012\/01\/09\/il-futuro-della-professione\/#breadcrumb\"},\"inLanguage\":\"it-IT\",\"potentialAction\":[{\"@type\":\"ReadAction\",\"target\":[\"https:\/\/arteeluoghi.it\/index.php\/2012\/01\/09\/il-futuro-della-professione\/\"]}]},{\"@type\":\"BreadcrumbList\",\"@id\":\"https:\/\/arteeluoghi.it\/index.php\/2012\/01\/09\/il-futuro-della-professione\/#breadcrumb\",\"itemListElement\":[{\"@type\":\"ListItem\",\"position\":1,\"name\":\"Home\",\"item\":\"https:\/\/arteeluoghi.it\/\"},{\"@type\":\"ListItem\",\"position\":2,\"name\":\"IL FUTURO DELLA PROFESSIONE\"}]},{\"@type\":\"Article\",\"@id\":\"https:\/\/arteeluoghi.it\/index.php\/2012\/01\/09\/il-futuro-della-professione\/#article\",\"isPartOf\":{\"@id\":\"https:\/\/arteeluoghi.it\/index.php\/2012\/01\/09\/il-futuro-della-professione\/#webpage\"},\"author\":{\"@id\":\"https:\/\/arteeluoghi.it\/#\/schema\/person\/f84e814e36e91e01448ee07eaadd41d4\"},\"headline\":\"IL FUTURO DELLA PROFESSIONE\",\"datePublished\":\"2012-01-09T22:00:00+00:00\",\"dateModified\":\"2017-08-06T23:04:10+00:00\",\"mainEntityOfPage\":{\"@id\":\"https:\/\/arteeluoghi.it\/index.php\/2012\/01\/09\/il-futuro-della-professione\/#webpage\"},\"wordCount\":2155,\"commentCount\":0,\"publisher\":{\"@id\":\"https:\/\/arteeluoghi.it\/#organization\"},\"image\":{\"@id\":\"https:\/\/arteeluoghi.it\/index.php\/2012\/01\/09\/il-futuro-della-professione\/#primaryimage\"},\"thumbnailUrl\":\"\/images\/stories\/cante1.jpg\",\"articleSection\":[\"Notizie\"],\"inLanguage\":\"it-IT\",\"potentialAction\":[{\"@type\":\"CommentAction\",\"name\":\"Comment\",\"target\":[\"https:\/\/arteeluoghi.it\/index.php\/2012\/01\/09\/il-futuro-della-professione\/#respond\"]}]},{\"@type\":\"Person\",\"@id\":\"https:\/\/arteeluoghi.it\/#\/schema\/person\/f84e814e36e91e01448ee07eaadd41d4\",\"name\":\"Staff\",\"image\":{\"@type\":\"ImageObject\",\"@id\":\"https:\/\/arteeluoghi.it\/#personlogo\",\"inLanguage\":\"it-IT\",\"url\":\"https:\/\/secure.gravatar.com\/avatar\/49d2f9e46271bb04e19cebfaf141313a?s=96&d=blank&r=g\",\"contentUrl\":\"https:\/\/secure.gravatar.com\/avatar\/49d2f9e46271bb04e19cebfaf141313a?s=96&d=blank&r=g\",\"caption\":\"Staff\"}}]}<\/script>\n<!-- \/ Yoast SEO plugin. -->","yoast_head_json":{"title":"IL FUTURO DELLA PROFESSIONE | Arte e Luoghi","robots":{"index":"index","follow":"follow","max-snippet":"max-snippet:-1","max-image-preview":"max-image-preview:large","max-video-preview":"max-video-preview:-1"},"canonical":"https:\/\/arteeluoghi.it\/index.php\/2012\/01\/09\/il-futuro-della-professione\/","og_locale":"it_IT","og_type":"article","og_title":"IL FUTURO DELLA PROFESSIONE | Arte e Luoghi","og_description":"IL FUTURO DELLA PROFESSIONE Ieri mattina, 9 gennaio,\u00a0 a Lecce si \u00e8 tenuta un&#8217;assemblea per fare un po&#8217; di chiarezza","og_url":"https:\/\/arteeluoghi.it\/index.php\/2012\/01\/09\/il-futuro-della-professione\/","og_site_name":"Arte e Luoghi","article_publisher":"https:\/\/www.facebook.com\/ArteELuoghi\/","article_published_time":"2012-01-09T22:00:00+00:00","article_modified_time":"2017-08-06T23:04:10+00:00","og_image":[{"url":"https:\/\/arteeluoghi.it\/images\/stories\/cante1.jpg"}],"twitter_card":"summary","twitter_creator":"@arteeluoghi","twitter_site":"@arteeluoghi","twitter_misc":{"Scritto da":"Staff","Tempo di lettura stimato":"11 minuti"},"schema":{"@context":"https:\/\/schema.org","@graph":[{"@type":"Organization","@id":"https:\/\/arteeluoghi.it\/#organization","name":"Arte e Luoghi","url":"https:\/\/arteeluoghi.it\/","sameAs":["https:\/\/www.facebook.com\/ArteELuoghi\/","https:\/\/www.instagram.com\/arteeluoghi\/?hl=it","https:\/\/www.youtube.com\/channel\/UCuRVc4JW4-C5sg9rQB-srkw?view_as=subscriber","https:\/\/twitter.com\/arteeluoghi"],"logo":{"@type":"ImageObject","@id":"https:\/\/arteeluoghi.it\/#logo","inLanguage":"it-IT","url":"https:\/\/arteeluoghi.it\/wp-content\/uploads\/2018\/08\/logoinstagramarte.jpg","contentUrl":"https:\/\/arteeluoghi.it\/wp-content\/uploads\/2018\/08\/logoinstagramarte.jpg","width":150,"height":150,"caption":"Arte e Luoghi"},"image":{"@id":"https:\/\/arteeluoghi.it\/#logo"}},{"@type":"WebSite","@id":"https:\/\/arteeluoghi.it\/#website","url":"https:\/\/arteeluoghi.it\/","name":"Arte e Luoghi","description":"Mensile di arte, cultura, turismo e curiosit\u00e0","publisher":{"@id":"https:\/\/arteeluoghi.it\/#organization"},"potentialAction":[{"@type":"SearchAction","target":{"@type":"EntryPoint","urlTemplate":"https:\/\/arteeluoghi.it\/?s={search_term_string}"},"query-input":"required name=search_term_string"}],"inLanguage":"it-IT"},{"@type":"ImageObject","@id":"https:\/\/arteeluoghi.it\/index.php\/2012\/01\/09\/il-futuro-della-professione\/#primaryimage","inLanguage":"it-IT","url":"\/images\/stories\/cante1.jpg","contentUrl":"\/images\/stories\/cante1.jpg"},{"@type":"WebPage","@id":"https:\/\/arteeluoghi.it\/index.php\/2012\/01\/09\/il-futuro-della-professione\/#webpage","url":"https:\/\/arteeluoghi.it\/index.php\/2012\/01\/09\/il-futuro-della-professione\/","name":"IL FUTURO DELLA PROFESSIONE | Arte e Luoghi","isPartOf":{"@id":"https:\/\/arteeluoghi.it\/#website"},"primaryImageOfPage":{"@id":"https:\/\/arteeluoghi.it\/index.php\/2012\/01\/09\/il-futuro-della-professione\/#primaryimage"},"datePublished":"2012-01-09T22:00:00+00:00","dateModified":"2017-08-06T23:04:10+00:00","breadcrumb":{"@id":"https:\/\/arteeluoghi.it\/index.php\/2012\/01\/09\/il-futuro-della-professione\/#breadcrumb"},"inLanguage":"it-IT","potentialAction":[{"@type":"ReadAction","target":["https:\/\/arteeluoghi.it\/index.php\/2012\/01\/09\/il-futuro-della-professione\/"]}]},{"@type":"BreadcrumbList","@id":"https:\/\/arteeluoghi.it\/index.php\/2012\/01\/09\/il-futuro-della-professione\/#breadcrumb","itemListElement":[{"@type":"ListItem","position":1,"name":"Home","item":"https:\/\/arteeluoghi.it\/"},{"@type":"ListItem","position":2,"name":"IL FUTURO DELLA PROFESSIONE"}]},{"@type":"Article","@id":"https:\/\/arteeluoghi.it\/index.php\/2012\/01\/09\/il-futuro-della-professione\/#article","isPartOf":{"@id":"https:\/\/arteeluoghi.it\/index.php\/2012\/01\/09\/il-futuro-della-professione\/#webpage"},"author":{"@id":"https:\/\/arteeluoghi.it\/#\/schema\/person\/f84e814e36e91e01448ee07eaadd41d4"},"headline":"IL FUTURO DELLA PROFESSIONE","datePublished":"2012-01-09T22:00:00+00:00","dateModified":"2017-08-06T23:04:10+00:00","mainEntityOfPage":{"@id":"https:\/\/arteeluoghi.it\/index.php\/2012\/01\/09\/il-futuro-della-professione\/#webpage"},"wordCount":2155,"commentCount":0,"publisher":{"@id":"https:\/\/arteeluoghi.it\/#organization"},"image":{"@id":"https:\/\/arteeluoghi.it\/index.php\/2012\/01\/09\/il-futuro-della-professione\/#primaryimage"},"thumbnailUrl":"\/images\/stories\/cante1.jpg","articleSection":["Notizie"],"inLanguage":"it-IT","potentialAction":[{"@type":"CommentAction","name":"Comment","target":["https:\/\/arteeluoghi.it\/index.php\/2012\/01\/09\/il-futuro-della-professione\/#respond"]}]},{"@type":"Person","@id":"https:\/\/arteeluoghi.it\/#\/schema\/person\/f84e814e36e91e01448ee07eaadd41d4","name":"Staff","image":{"@type":"ImageObject","@id":"https:\/\/arteeluoghi.it\/#personlogo","inLanguage":"it-IT","url":"https:\/\/secure.gravatar.com\/avatar\/49d2f9e46271bb04e19cebfaf141313a?s=96&d=blank&r=g","contentUrl":"https:\/\/secure.gravatar.com\/avatar\/49d2f9e46271bb04e19cebfaf141313a?s=96&d=blank&r=g","caption":"Staff"}}]}},"_links":{"self":[{"href":"https:\/\/arteeluoghi.it\/index.php\/wp-json\/wp\/v2\/posts\/449"}],"collection":[{"href":"https:\/\/arteeluoghi.it\/index.php\/wp-json\/wp\/v2\/posts"}],"about":[{"href":"https:\/\/arteeluoghi.it\/index.php\/wp-json\/wp\/v2\/types\/post"}],"author":[{"embeddable":true,"href":"https:\/\/arteeluoghi.it\/index.php\/wp-json\/wp\/v2\/users\/1"}],"replies":[{"embeddable":true,"href":"https:\/\/arteeluoghi.it\/index.php\/wp-json\/wp\/v2\/comments?post=449"}],"version-history":[{"count":1,"href":"https:\/\/arteeluoghi.it\/index.php\/wp-json\/wp\/v2\/posts\/449\/revisions"}],"predecessor-version":[{"id":3228,"href":"https:\/\/arteeluoghi.it\/index.php\/wp-json\/wp\/v2\/posts\/449\/revisions\/3228"}],"wp:attachment":[{"href":"https:\/\/arteeluoghi.it\/index.php\/wp-json\/wp\/v2\/media?parent=449"}],"wp:term":[{"taxonomy":"category","embeddable":true,"href":"https:\/\/arteeluoghi.it\/index.php\/wp-json\/wp\/v2\/categories?post=449"},{"taxonomy":"post_tag","embeddable":true,"href":"https:\/\/arteeluoghi.it\/index.php\/wp-json\/wp\/v2\/tags?post=449"}],"curies":[{"name":"wp","href":"https:\/\/api.w.org\/{rel}","templated":true}]}}