{"id":458,"date":"2012-01-23T13:11:46","date_gmt":"2012-01-23T12:11:46","guid":{"rendered":"http:\/\/arteeluoghi.it\/index.php\/2012\/01\/23\/la-compagnia-dellumilta\/"},"modified":"2017-08-07T00:53:25","modified_gmt":"2017-08-06T22:53:25","slug":"la-compagnia-dellumilta","status":"publish","type":"post","link":"https:\/\/arteeluoghi.it\/index.php\/2012\/01\/23\/la-compagnia-dellumilta\/","title":{"rendered":"La compagnia dell&#8217;Umilt\u00e0"},"content":{"rendered":"<p><span style=\"font-size: small;\"><img src=\"\/images\/stories\/comitatoparabita.jpg\" border=\"0\" style=\"float: left; margin: 21px;\" \/><\/span><\/p>\n<p>\u00a0<\/p>\n<p><span style=\"font-size: small;\">La compagnia dell&#8217;Umilt\u00e0 <\/span><\/p>\n<p>Un nuovo \u201cangelo\u201d per la rinascita del rione antico<\/p>\n<p>\u00abRigenerare il cuore storico del paese\u00bb, con quest\u2019intento nasce \u201cLa Compagnia dell\u2019Umilt\u00e0 \u2013 Comitato di cittadini per il Centro Storico di Parabita\u201d. L\u2019incontro fra diverse sensibilit\u00e0 locali, residenti, professionisti e commercianti, ha dato vita di recente a quest\u2019associazione senza fini di lucro, che si propone di impegnarsi per la realizzazione di un efficace piano di riqualificazione del nucleo urbano. Simbolo del neonato sodalizio \u00e8 un bassorilievo in pietra leccese raffigurante un angelo, lo stesso che con massimo riserbo \u00abcustodisce\u00bb da secoli uno degli ingressi della centralissima Chiesa Matrice di San Giovanni Battista. Cos\u00ec come, con la stessa discrezione, un\u2019altra scultura simile \u00abvigila\u00bb sulla collettivit\u00e0 dal vicino edificio dell\u2019ex-Chiesa di Santa Maria dell\u2019Umilt\u00e0, antico luogo di culto, dichiarato nel 1927 Monumento Nazionale e poi irrimediabilmente deturpato trent\u2019anni dopo, oggi finalmente oggetto di un importante intervento di restauro.<br \/>Non solo con \u201cumilt\u00e0\u201d, ma soprattutto con tanta determinazione, i soci della \u201cCompagnia\u201d si preparano all\u2019avvio di azioni concrete, \u00abconsiderato &#8211; si legge in una nota per la promozione di una campagna di prossima pubblicazione &#8211; l\u2019evidente stato di incuria, abbandono sociale, degrado urbanistico ed impoverimento economico del centro storico, patrimonio di grande valore e risorsa preziosa per lo sviluppo dell\u2019intero comune\u00bb.<\/p>\n<p>\u00a0<\/p>\n<p>  <!--more-->  <\/p>\n<p>\u00a0<\/p>\n<p><img src=\"\/images\/stories\/249-vacanze-parabita-puglia-8.jpg\" border=\"0\" style=\"float: right;\" \/>\u00abIn questi ultimi anni &#8211; si osserva &#8211; tutti abbiamo visto come adeguati interventi di valorizzazione dei centri storici dei comuni salentini siano stati fattore determinante per lo sviluppo sociale ed economico di diverse comunit\u00e0: Specchia, Otranto, Lecce, Gallipoli, i casi pi\u00f9 \u201cpopolari\u201d. A Parabita, comune che pure, non meno di altri, dispone di importanti risorse storico-architettoniche, finora non \u00e8 stato n\u00e9 definito n\u00e9 realizzato un piano di intervento coerente ed efficace, n\u00e9 in termini di cura e manutenzione dell\u2019esistente, n\u00e9 in termini di sviluppo del valore economico delle risorse disponibili\u00bb. Eppure tutta la citt\u00e0 &#8211; si puntualizza ancora nella nota &#8211; \u00abha un estremo bisogno di ri-nascere a partire proprio dal centro storico\u00bb.<br \/>L\u2019appunto chiude evidenziando come la \u201cCompagnia\u201d intenda impegnarsi nella \u00abrealizzazione di interventi atti a migliorare, in maniera permanente, le condizioni di accessibilit\u00e0, gradevolezza e decoro\u00bb del quartiere antico, affinch\u00e9 diventi \u00abattrattivo non solo per i parabitani, ma anche per coloro che risiedono altrove\u00bb, invitando tutti i cittadini a condividere questo obiettivo.<br \/>La Compagnia dell\u2019Umilt\u00e0, che ha, fra i propri fondatori, Giovanna Caggiula, Maria Grazia Felline, Massimo Ferrari, Francesco Grisolia, Anna Leganza, Francesco Prete, Patrizia Prete, Alberto Spinelli, Florinda Spinelli, \u00e8 aperta alla partecipazione di tutti i cittadini. Per informazioni e adesioni si pu\u00f2 telefonare allo 0833.595805 o inviando un\u2019e-mail a lacompagniadellumilta@gmail.com<\/p>\n<p>(fonte: comunicato stampa)<\/p>\n","protected":false},"excerpt":{"rendered":"<p>\u00a0 La compagnia dell&#8217;Umilt\u00e0 Un nuovo \u201cangelo\u201d per la rinascita del rione antico \u00abRigenerare il cuore storico del paese\u00bb, con<\/p>\n","protected":false},"author":1,"featured_media":0,"comment_status":"open","ping_status":"open","sticky":false,"template":"","format":"standard","meta":[],"categories":[28],"tags":[],"yoast_head":"<!-- This site is optimized with the Yoast SEO plugin v18.0 - https:\/\/yoast.com\/wordpress\/plugins\/seo\/ -->\n<title>La compagnia dell&#039;Umilt\u00e0 | Arte e Luoghi<\/title>\n<meta name=\"robots\" content=\"index, follow, max-snippet:-1, max-image-preview:large, max-video-preview:-1\" \/>\n<link rel=\"canonical\" href=\"https:\/\/arteeluoghi.it\/index.php\/2012\/01\/23\/la-compagnia-dellumilta\/\" \/>\n<meta property=\"og:locale\" content=\"it_IT\" \/>\n<meta property=\"og:type\" content=\"article\" \/>\n<meta property=\"og:title\" content=\"La compagnia dell&#039;Umilt\u00e0 | Arte e Luoghi\" \/>\n<meta property=\"og:description\" content=\"\u00a0 La compagnia dell&#8217;Umilt\u00e0 Un nuovo \u201cangelo\u201d per la rinascita del rione antico \u00abRigenerare il cuore storico del paese\u00bb, con\" \/>\n<meta property=\"og:url\" content=\"https:\/\/arteeluoghi.it\/index.php\/2012\/01\/23\/la-compagnia-dellumilta\/\" \/>\n<meta property=\"og:site_name\" content=\"Arte e Luoghi\" \/>\n<meta property=\"article:publisher\" content=\"https:\/\/www.facebook.com\/ArteELuoghi\/\" \/>\n<meta property=\"article:published_time\" content=\"2012-01-23T12:11:46+00:00\" \/>\n<meta property=\"article:modified_time\" content=\"2017-08-06T22:53:25+00:00\" \/>\n<meta property=\"og:image\" content=\"https:\/\/arteeluoghi.it\/images\/stories\/comitatoparabita.jpg\" \/>\n<meta name=\"twitter:card\" content=\"summary\" \/>\n<meta name=\"twitter:creator\" content=\"@arteeluoghi\" \/>\n<meta name=\"twitter:site\" content=\"@arteeluoghi\" \/>\n<meta name=\"twitter:label1\" content=\"Scritto da\" \/>\n\t<meta name=\"twitter:data1\" content=\"Staff\" \/>\n\t<meta name=\"twitter:label2\" content=\"Tempo di lettura stimato\" \/>\n\t<meta name=\"twitter:data2\" content=\"2 minuti\" \/>\n<script type=\"application\/ld+json\" class=\"yoast-schema-graph\">{\"@context\":\"https:\/\/schema.org\",\"@graph\":[{\"@type\":\"Organization\",\"@id\":\"https:\/\/arteeluoghi.it\/#organization\",\"name\":\"Arte e Luoghi\",\"url\":\"https:\/\/arteeluoghi.it\/\",\"sameAs\":[\"https:\/\/www.facebook.com\/ArteELuoghi\/\",\"https:\/\/www.instagram.com\/arteeluoghi\/?hl=it\",\"https:\/\/www.youtube.com\/channel\/UCuRVc4JW4-C5sg9rQB-srkw?view_as=subscriber\",\"https:\/\/twitter.com\/arteeluoghi\"],\"logo\":{\"@type\":\"ImageObject\",\"@id\":\"https:\/\/arteeluoghi.it\/#logo\",\"inLanguage\":\"it-IT\",\"url\":\"https:\/\/arteeluoghi.it\/wp-content\/uploads\/2018\/08\/logoinstagramarte.jpg\",\"contentUrl\":\"https:\/\/arteeluoghi.it\/wp-content\/uploads\/2018\/08\/logoinstagramarte.jpg\",\"width\":150,\"height\":150,\"caption\":\"Arte e Luoghi\"},\"image\":{\"@id\":\"https:\/\/arteeluoghi.it\/#logo\"}},{\"@type\":\"WebSite\",\"@id\":\"https:\/\/arteeluoghi.it\/#website\",\"url\":\"https:\/\/arteeluoghi.it\/\",\"name\":\"Arte e Luoghi\",\"description\":\"Mensile di arte, cultura, turismo e curiosit\u00e0\",\"publisher\":{\"@id\":\"https:\/\/arteeluoghi.it\/#organization\"},\"potentialAction\":[{\"@type\":\"SearchAction\",\"target\":{\"@type\":\"EntryPoint\",\"urlTemplate\":\"https:\/\/arteeluoghi.it\/?s={search_term_string}\"},\"query-input\":\"required name=search_term_string\"}],\"inLanguage\":\"it-IT\"},{\"@type\":\"ImageObject\",\"@id\":\"https:\/\/arteeluoghi.it\/index.php\/2012\/01\/23\/la-compagnia-dellumilta\/#primaryimage\",\"inLanguage\":\"it-IT\",\"url\":\"\/images\/stories\/comitatoparabita.jpg\",\"contentUrl\":\"\/images\/stories\/comitatoparabita.jpg\"},{\"@type\":\"WebPage\",\"@id\":\"https:\/\/arteeluoghi.it\/index.php\/2012\/01\/23\/la-compagnia-dellumilta\/#webpage\",\"url\":\"https:\/\/arteeluoghi.it\/index.php\/2012\/01\/23\/la-compagnia-dellumilta\/\",\"name\":\"La compagnia dell'Umilt\u00e0 | Arte e Luoghi\",\"isPartOf\":{\"@id\":\"https:\/\/arteeluoghi.it\/#website\"},\"primaryImageOfPage\":{\"@id\":\"https:\/\/arteeluoghi.it\/index.php\/2012\/01\/23\/la-compagnia-dellumilta\/#primaryimage\"},\"datePublished\":\"2012-01-23T12:11:46+00:00\",\"dateModified\":\"2017-08-06T22:53:25+00:00\",\"breadcrumb\":{\"@id\":\"https:\/\/arteeluoghi.it\/index.php\/2012\/01\/23\/la-compagnia-dellumilta\/#breadcrumb\"},\"inLanguage\":\"it-IT\",\"potentialAction\":[{\"@type\":\"ReadAction\",\"target\":[\"https:\/\/arteeluoghi.it\/index.php\/2012\/01\/23\/la-compagnia-dellumilta\/\"]}]},{\"@type\":\"BreadcrumbList\",\"@id\":\"https:\/\/arteeluoghi.it\/index.php\/2012\/01\/23\/la-compagnia-dellumilta\/#breadcrumb\",\"itemListElement\":[{\"@type\":\"ListItem\",\"position\":1,\"name\":\"Home\",\"item\":\"https:\/\/arteeluoghi.it\/\"},{\"@type\":\"ListItem\",\"position\":2,\"name\":\"La compagnia dell&#8217;Umilt\u00e0\"}]},{\"@type\":\"Article\",\"@id\":\"https:\/\/arteeluoghi.it\/index.php\/2012\/01\/23\/la-compagnia-dellumilta\/#article\",\"isPartOf\":{\"@id\":\"https:\/\/arteeluoghi.it\/index.php\/2012\/01\/23\/la-compagnia-dellumilta\/#webpage\"},\"author\":{\"@id\":\"https:\/\/arteeluoghi.it\/#\/schema\/person\/f84e814e36e91e01448ee07eaadd41d4\"},\"headline\":\"La compagnia dell&#8217;Umilt\u00e0\",\"datePublished\":\"2012-01-23T12:11:46+00:00\",\"dateModified\":\"2017-08-06T22:53:25+00:00\",\"mainEntityOfPage\":{\"@id\":\"https:\/\/arteeluoghi.it\/index.php\/2012\/01\/23\/la-compagnia-dellumilta\/#webpage\"},\"wordCount\":442,\"commentCount\":0,\"publisher\":{\"@id\":\"https:\/\/arteeluoghi.it\/#organization\"},\"image\":{\"@id\":\"https:\/\/arteeluoghi.it\/index.php\/2012\/01\/23\/la-compagnia-dellumilta\/#primaryimage\"},\"thumbnailUrl\":\"\/images\/stories\/comitatoparabita.jpg\",\"articleSection\":[\"Notizie\"],\"inLanguage\":\"it-IT\",\"potentialAction\":[{\"@type\":\"CommentAction\",\"name\":\"Comment\",\"target\":[\"https:\/\/arteeluoghi.it\/index.php\/2012\/01\/23\/la-compagnia-dellumilta\/#respond\"]}]},{\"@type\":\"Person\",\"@id\":\"https:\/\/arteeluoghi.it\/#\/schema\/person\/f84e814e36e91e01448ee07eaadd41d4\",\"name\":\"Staff\",\"image\":{\"@type\":\"ImageObject\",\"@id\":\"https:\/\/arteeluoghi.it\/#personlogo\",\"inLanguage\":\"it-IT\",\"url\":\"https:\/\/secure.gravatar.com\/avatar\/49d2f9e46271bb04e19cebfaf141313a?s=96&d=blank&r=g\",\"contentUrl\":\"https:\/\/secure.gravatar.com\/avatar\/49d2f9e46271bb04e19cebfaf141313a?s=96&d=blank&r=g\",\"caption\":\"Staff\"}}]}<\/script>\n<!-- \/ Yoast SEO plugin. -->","yoast_head_json":{"title":"La compagnia dell'Umilt\u00e0 | Arte e Luoghi","robots":{"index":"index","follow":"follow","max-snippet":"max-snippet:-1","max-image-preview":"max-image-preview:large","max-video-preview":"max-video-preview:-1"},"canonical":"https:\/\/arteeluoghi.it\/index.php\/2012\/01\/23\/la-compagnia-dellumilta\/","og_locale":"it_IT","og_type":"article","og_title":"La compagnia dell'Umilt\u00e0 | Arte e Luoghi","og_description":"\u00a0 La compagnia dell&#8217;Umilt\u00e0 Un nuovo \u201cangelo\u201d per la rinascita del rione antico \u00abRigenerare il cuore storico del paese\u00bb, con","og_url":"https:\/\/arteeluoghi.it\/index.php\/2012\/01\/23\/la-compagnia-dellumilta\/","og_site_name":"Arte e Luoghi","article_publisher":"https:\/\/www.facebook.com\/ArteELuoghi\/","article_published_time":"2012-01-23T12:11:46+00:00","article_modified_time":"2017-08-06T22:53:25+00:00","og_image":[{"url":"https:\/\/arteeluoghi.it\/images\/stories\/comitatoparabita.jpg"}],"twitter_card":"summary","twitter_creator":"@arteeluoghi","twitter_site":"@arteeluoghi","twitter_misc":{"Scritto da":"Staff","Tempo di lettura stimato":"2 minuti"},"schema":{"@context":"https:\/\/schema.org","@graph":[{"@type":"Organization","@id":"https:\/\/arteeluoghi.it\/#organization","name":"Arte e Luoghi","url":"https:\/\/arteeluoghi.it\/","sameAs":["https:\/\/www.facebook.com\/ArteELuoghi\/","https:\/\/www.instagram.com\/arteeluoghi\/?hl=it","https:\/\/www.youtube.com\/channel\/UCuRVc4JW4-C5sg9rQB-srkw?view_as=subscriber","https:\/\/twitter.com\/arteeluoghi"],"logo":{"@type":"ImageObject","@id":"https:\/\/arteeluoghi.it\/#logo","inLanguage":"it-IT","url":"https:\/\/arteeluoghi.it\/wp-content\/uploads\/2018\/08\/logoinstagramarte.jpg","contentUrl":"https:\/\/arteeluoghi.it\/wp-content\/uploads\/2018\/08\/logoinstagramarte.jpg","width":150,"height":150,"caption":"Arte e Luoghi"},"image":{"@id":"https:\/\/arteeluoghi.it\/#logo"}},{"@type":"WebSite","@id":"https:\/\/arteeluoghi.it\/#website","url":"https:\/\/arteeluoghi.it\/","name":"Arte e Luoghi","description":"Mensile di arte, cultura, turismo e curiosit\u00e0","publisher":{"@id":"https:\/\/arteeluoghi.it\/#organization"},"potentialAction":[{"@type":"SearchAction","target":{"@type":"EntryPoint","urlTemplate":"https:\/\/arteeluoghi.it\/?s={search_term_string}"},"query-input":"required name=search_term_string"}],"inLanguage":"it-IT"},{"@type":"ImageObject","@id":"https:\/\/arteeluoghi.it\/index.php\/2012\/01\/23\/la-compagnia-dellumilta\/#primaryimage","inLanguage":"it-IT","url":"\/images\/stories\/comitatoparabita.jpg","contentUrl":"\/images\/stories\/comitatoparabita.jpg"},{"@type":"WebPage","@id":"https:\/\/arteeluoghi.it\/index.php\/2012\/01\/23\/la-compagnia-dellumilta\/#webpage","url":"https:\/\/arteeluoghi.it\/index.php\/2012\/01\/23\/la-compagnia-dellumilta\/","name":"La compagnia dell'Umilt\u00e0 | Arte e Luoghi","isPartOf":{"@id":"https:\/\/arteeluoghi.it\/#website"},"primaryImageOfPage":{"@id":"https:\/\/arteeluoghi.it\/index.php\/2012\/01\/23\/la-compagnia-dellumilta\/#primaryimage"},"datePublished":"2012-01-23T12:11:46+00:00","dateModified":"2017-08-06T22:53:25+00:00","breadcrumb":{"@id":"https:\/\/arteeluoghi.it\/index.php\/2012\/01\/23\/la-compagnia-dellumilta\/#breadcrumb"},"inLanguage":"it-IT","potentialAction":[{"@type":"ReadAction","target":["https:\/\/arteeluoghi.it\/index.php\/2012\/01\/23\/la-compagnia-dellumilta\/"]}]},{"@type":"BreadcrumbList","@id":"https:\/\/arteeluoghi.it\/index.php\/2012\/01\/23\/la-compagnia-dellumilta\/#breadcrumb","itemListElement":[{"@type":"ListItem","position":1,"name":"Home","item":"https:\/\/arteeluoghi.it\/"},{"@type":"ListItem","position":2,"name":"La compagnia dell&#8217;Umilt\u00e0"}]},{"@type":"Article","@id":"https:\/\/arteeluoghi.it\/index.php\/2012\/01\/23\/la-compagnia-dellumilta\/#article","isPartOf":{"@id":"https:\/\/arteeluoghi.it\/index.php\/2012\/01\/23\/la-compagnia-dellumilta\/#webpage"},"author":{"@id":"https:\/\/arteeluoghi.it\/#\/schema\/person\/f84e814e36e91e01448ee07eaadd41d4"},"headline":"La compagnia dell&#8217;Umilt\u00e0","datePublished":"2012-01-23T12:11:46+00:00","dateModified":"2017-08-06T22:53:25+00:00","mainEntityOfPage":{"@id":"https:\/\/arteeluoghi.it\/index.php\/2012\/01\/23\/la-compagnia-dellumilta\/#webpage"},"wordCount":442,"commentCount":0,"publisher":{"@id":"https:\/\/arteeluoghi.it\/#organization"},"image":{"@id":"https:\/\/arteeluoghi.it\/index.php\/2012\/01\/23\/la-compagnia-dellumilta\/#primaryimage"},"thumbnailUrl":"\/images\/stories\/comitatoparabita.jpg","articleSection":["Notizie"],"inLanguage":"it-IT","potentialAction":[{"@type":"CommentAction","name":"Comment","target":["https:\/\/arteeluoghi.it\/index.php\/2012\/01\/23\/la-compagnia-dellumilta\/#respond"]}]},{"@type":"Person","@id":"https:\/\/arteeluoghi.it\/#\/schema\/person\/f84e814e36e91e01448ee07eaadd41d4","name":"Staff","image":{"@type":"ImageObject","@id":"https:\/\/arteeluoghi.it\/#personlogo","inLanguage":"it-IT","url":"https:\/\/secure.gravatar.com\/avatar\/49d2f9e46271bb04e19cebfaf141313a?s=96&d=blank&r=g","contentUrl":"https:\/\/secure.gravatar.com\/avatar\/49d2f9e46271bb04e19cebfaf141313a?s=96&d=blank&r=g","caption":"Staff"}}]}},"_links":{"self":[{"href":"https:\/\/arteeluoghi.it\/index.php\/wp-json\/wp\/v2\/posts\/458"}],"collection":[{"href":"https:\/\/arteeluoghi.it\/index.php\/wp-json\/wp\/v2\/posts"}],"about":[{"href":"https:\/\/arteeluoghi.it\/index.php\/wp-json\/wp\/v2\/types\/post"}],"author":[{"embeddable":true,"href":"https:\/\/arteeluoghi.it\/index.php\/wp-json\/wp\/v2\/users\/1"}],"replies":[{"embeddable":true,"href":"https:\/\/arteeluoghi.it\/index.php\/wp-json\/wp\/v2\/comments?post=458"}],"version-history":[{"count":1,"href":"https:\/\/arteeluoghi.it\/index.php\/wp-json\/wp\/v2\/posts\/458\/revisions"}],"predecessor-version":[{"id":3219,"href":"https:\/\/arteeluoghi.it\/index.php\/wp-json\/wp\/v2\/posts\/458\/revisions\/3219"}],"wp:attachment":[{"href":"https:\/\/arteeluoghi.it\/index.php\/wp-json\/wp\/v2\/media?parent=458"}],"wp:term":[{"taxonomy":"category","embeddable":true,"href":"https:\/\/arteeluoghi.it\/index.php\/wp-json\/wp\/v2\/categories?post=458"},{"taxonomy":"post_tag","embeddable":true,"href":"https:\/\/arteeluoghi.it\/index.php\/wp-json\/wp\/v2\/tags?post=458"}],"curies":[{"name":"wp","href":"https:\/\/api.w.org\/{rel}","templated":true}]}}