{"id":4661,"date":"2018-01-05T00:48:49","date_gmt":"2018-01-04T23:48:49","guid":{"rendered":"http:\/\/arteeluoghi.it\/?p=4661"},"modified":"2018-01-05T00:48:49","modified_gmt":"2018-01-04T23:48:49","slug":"4661","status":"publish","type":"post","link":"https:\/\/arteeluoghi.it\/index.php\/2018\/01\/05\/4661\/","title":{"rendered":"Quando scoppia la pace. Aspettando il Centenario a Vittorio Veneto"},"content":{"rendered":"<div data-canvas-width=\"709.8833333333332\"><img loading=\"lazy\" class=\"size-medium wp-image-4662 alignleft\" src=\"https:\/\/arteeluoghi.it\/wp-content\/uploads\/2018\/01\/9b7e30d9-89e1-401f-a228-f8956cdfebda-300x188.png\" alt=\"\" width=\"300\" height=\"188\" srcset=\"https:\/\/arteeluoghi.it\/wp-content\/uploads\/2018\/01\/9b7e30d9-89e1-401f-a228-f8956cdfebda-300x188.png 300w, https:\/\/arteeluoghi.it\/wp-content\/uploads\/2018\/01\/9b7e30d9-89e1-401f-a228-f8956cdfebda.png 575w\" sizes=\"(max-width: 300px) 100vw, 300px\" \/>VITTORIO VENETO. A partire dal \u201ctelegramma della vittoria\u201d del generale Diaz, Vittorio Veneto, nella Storia e nell\u2019immaginario collettivo, rappresenta il capitolo finale della Prima Guerra Mondiale: un luogo simbolo intriso di significato, per la memoria di tutti gli eventi legati al conflitto che ha sconvolto l\u2019Italia e il mondo tra il 1915 e il 1918, ma anche fronte della battaglia, insieme all\u2019area del Triveneto, chiamato inevitabilmente a pagare il prezzo pi\u00f9 alto.<\/div>\n<p><!--more--><\/p>\n<div data-canvas-width=\"709.8833333333332\">A cento anni dalla fine del conflitto, il Comune di Vittorio Veneto ancora una volta vuole ricordare come monito per il futuro e vuole rendere omaggio, anzi dare voce, a chi non pu\u00f2 pi\u00f9 lasciare la propria testimonianza. I reduci non ci sono pi\u00f9 e spetta alle Istituzioni mantenere la loro memoria. Memoria di una generazione che ha visto s\u00ec l\u2019inizio ma anche la fine di una guerra; che ha vissuto la tragedia, ma che ha anche avuto modo di assistere al fragore dello scoppio di qualcosa di ancora pi\u00f9 carico di significato.<\/div>\n<div data-canvas-width=\"224.06666666666663\">\u201cQuando scoppia la pace\u201d \u00e8 il titolo voluto per le commemorazioni del Centenario a Vittorio Veneto, \u201cheadline\u201d , come si dice in gergo, straordinariamente forte e simbolica dei tanti eventi e progetti che animeranno tutto il 2018, fino al 4 novembre.<\/div>\n<div data-canvas-width=\"224.06666666666663\">\n<div data-canvas-width=\"709.8816666666668\">Ben sei i raduni in programma tra Paracadutisti, Lagunari-Truppe Anfibie, Fanti e Cavalleria, oltre all\u2019Adunata delle Sezioni Alpine del 3\u00b0 RGT, che comprende anche le sezioni estere di Germania, Belgio, Lussemburgo e Nordica, per la quale si prevedono 60.000 presenze in citt\u00e0 (15-17 giugno) e al Raduno Nazionale di Assoarma (22-28 ottobre).<\/div>\n<div data-canvas-width=\"709.8833333333331\">Momenti ufficiali e commemorativi ma anche di festa, con tante manifestazioni collaterali, dalle mostre alle notti bianche. A breve sar\u00e0 reso noto il programma, intanto prepariamoci al Centenario di Vittorio Veneto.<\/div>\n<\/div>\n","protected":false},"excerpt":{"rendered":"<p>VITTORIO VENETO. A partire dal \u201ctelegramma della vittoria\u201d del generale Diaz, Vittorio Veneto, nella Storia e nell\u2019immaginario collettivo, rappresenta il<\/p>\n","protected":false},"author":1,"featured_media":4662,"comment_status":"open","ping_status":"open","sticky":false,"template":"","format":"standard","meta":[],"categories":[28],"tags":[578],"yoast_head":"<!-- This site is optimized with the Yoast SEO plugin v18.0 - https:\/\/yoast.com\/wordpress\/plugins\/seo\/ -->\n<title>Quando scoppia la pace. Aspettando il Centenario a Vittorio Veneto | Arte e Luoghi<\/title>\n<meta name=\"description\" content=\"Vittorio Veneto, Centenario Prima guerra mondiale, pace, mostre, raduni\" \/>\n<meta name=\"robots\" content=\"index, follow, max-snippet:-1, max-image-preview:large, max-video-preview:-1\" \/>\n<link rel=\"canonical\" href=\"https:\/\/arteeluoghi.it\/index.php\/2018\/01\/05\/4661\/\" \/>\n<meta property=\"og:locale\" content=\"it_IT\" \/>\n<meta property=\"og:type\" content=\"article\" \/>\n<meta property=\"og:title\" content=\"Quando scoppia la pace. Aspettando il Centenario a Vittorio Veneto | Arte e Luoghi\" \/>\n<meta property=\"og:description\" content=\"Vittorio Veneto, Centenario Prima guerra mondiale, pace, mostre, raduni\" \/>\n<meta property=\"og:url\" content=\"https:\/\/arteeluoghi.it\/index.php\/2018\/01\/05\/4661\/\" \/>\n<meta property=\"og:site_name\" content=\"Arte e Luoghi\" \/>\n<meta property=\"article:publisher\" content=\"https:\/\/www.facebook.com\/ArteELuoghi\/\" \/>\n<meta property=\"article:published_time\" content=\"2018-01-04T23:48:49+00:00\" \/>\n<meta property=\"og:image\" content=\"https:\/\/arteeluoghi.it\/wp-content\/uploads\/2018\/01\/9b7e30d9-89e1-401f-a228-f8956cdfebda.png\" \/>\n\t<meta property=\"og:image:width\" content=\"575\" \/>\n\t<meta property=\"og:image:height\" content=\"361\" \/>\n\t<meta property=\"og:image:type\" content=\"image\/png\" \/>\n<meta name=\"twitter:card\" content=\"summary\" \/>\n<meta name=\"twitter:creator\" content=\"@arteeluoghi\" \/>\n<meta name=\"twitter:site\" content=\"@arteeluoghi\" \/>\n<meta name=\"twitter:label1\" content=\"Scritto da\" \/>\n\t<meta name=\"twitter:data1\" content=\"Staff\" \/>\n\t<meta name=\"twitter:label2\" content=\"Tempo di lettura stimato\" \/>\n\t<meta name=\"twitter:data2\" content=\"1 minuto\" \/>\n<script type=\"application\/ld+json\" class=\"yoast-schema-graph\">{\"@context\":\"https:\/\/schema.org\",\"@graph\":[{\"@type\":\"Organization\",\"@id\":\"https:\/\/arteeluoghi.it\/#organization\",\"name\":\"Arte e Luoghi\",\"url\":\"https:\/\/arteeluoghi.it\/\",\"sameAs\":[\"https:\/\/www.facebook.com\/ArteELuoghi\/\",\"https:\/\/www.instagram.com\/arteeluoghi\/?hl=it\",\"https:\/\/www.youtube.com\/channel\/UCuRVc4JW4-C5sg9rQB-srkw?view_as=subscriber\",\"https:\/\/twitter.com\/arteeluoghi\"],\"logo\":{\"@type\":\"ImageObject\",\"@id\":\"https:\/\/arteeluoghi.it\/#logo\",\"inLanguage\":\"it-IT\",\"url\":\"https:\/\/arteeluoghi.it\/wp-content\/uploads\/2018\/08\/logoinstagramarte.jpg\",\"contentUrl\":\"https:\/\/arteeluoghi.it\/wp-content\/uploads\/2018\/08\/logoinstagramarte.jpg\",\"width\":150,\"height\":150,\"caption\":\"Arte e Luoghi\"},\"image\":{\"@id\":\"https:\/\/arteeluoghi.it\/#logo\"}},{\"@type\":\"WebSite\",\"@id\":\"https:\/\/arteeluoghi.it\/#website\",\"url\":\"https:\/\/arteeluoghi.it\/\",\"name\":\"Arte e Luoghi\",\"description\":\"Mensile di arte, cultura, turismo e curiosit\u00e0\",\"publisher\":{\"@id\":\"https:\/\/arteeluoghi.it\/#organization\"},\"potentialAction\":[{\"@type\":\"SearchAction\",\"target\":{\"@type\":\"EntryPoint\",\"urlTemplate\":\"https:\/\/arteeluoghi.it\/?s={search_term_string}\"},\"query-input\":\"required name=search_term_string\"}],\"inLanguage\":\"it-IT\"},{\"@type\":\"ImageObject\",\"@id\":\"https:\/\/arteeluoghi.it\/index.php\/2018\/01\/05\/4661\/#primaryimage\",\"inLanguage\":\"it-IT\",\"url\":\"https:\/\/arteeluoghi.it\/wp-content\/uploads\/2018\/01\/9b7e30d9-89e1-401f-a228-f8956cdfebda.png\",\"contentUrl\":\"https:\/\/arteeluoghi.it\/wp-content\/uploads\/2018\/01\/9b7e30d9-89e1-401f-a228-f8956cdfebda.png\",\"width\":575,\"height\":361},{\"@type\":\"WebPage\",\"@id\":\"https:\/\/arteeluoghi.it\/index.php\/2018\/01\/05\/4661\/#webpage\",\"url\":\"https:\/\/arteeluoghi.it\/index.php\/2018\/01\/05\/4661\/\",\"name\":\"Quando scoppia la pace. Aspettando il Centenario a Vittorio Veneto | Arte e Luoghi\",\"isPartOf\":{\"@id\":\"https:\/\/arteeluoghi.it\/#website\"},\"primaryImageOfPage\":{\"@id\":\"https:\/\/arteeluoghi.it\/index.php\/2018\/01\/05\/4661\/#primaryimage\"},\"datePublished\":\"2018-01-04T23:48:49+00:00\",\"dateModified\":\"2018-01-04T23:48:49+00:00\",\"description\":\"Vittorio Veneto, Centenario Prima guerra mondiale, pace, mostre, raduni\",\"breadcrumb\":{\"@id\":\"https:\/\/arteeluoghi.it\/index.php\/2018\/01\/05\/4661\/#breadcrumb\"},\"inLanguage\":\"it-IT\",\"potentialAction\":[{\"@type\":\"ReadAction\",\"target\":[\"https:\/\/arteeluoghi.it\/index.php\/2018\/01\/05\/4661\/\"]}]},{\"@type\":\"BreadcrumbList\",\"@id\":\"https:\/\/arteeluoghi.it\/index.php\/2018\/01\/05\/4661\/#breadcrumb\",\"itemListElement\":[{\"@type\":\"ListItem\",\"position\":1,\"name\":\"Home\",\"item\":\"https:\/\/arteeluoghi.it\/\"},{\"@type\":\"ListItem\",\"position\":2,\"name\":\"Quando scoppia la pace. Aspettando il Centenario a Vittorio Veneto\"}]},{\"@type\":\"Article\",\"@id\":\"https:\/\/arteeluoghi.it\/index.php\/2018\/01\/05\/4661\/#article\",\"isPartOf\":{\"@id\":\"https:\/\/arteeluoghi.it\/index.php\/2018\/01\/05\/4661\/#webpage\"},\"author\":{\"@id\":\"https:\/\/arteeluoghi.it\/#\/schema\/person\/f84e814e36e91e01448ee07eaadd41d4\"},\"headline\":\"Quando scoppia la pace. Aspettando il Centenario a Vittorio Veneto\",\"datePublished\":\"2018-01-04T23:48:49+00:00\",\"dateModified\":\"2018-01-04T23:48:49+00:00\",\"mainEntityOfPage\":{\"@id\":\"https:\/\/arteeluoghi.it\/index.php\/2018\/01\/05\/4661\/#webpage\"},\"wordCount\":296,\"commentCount\":0,\"publisher\":{\"@id\":\"https:\/\/arteeluoghi.it\/#organization\"},\"image\":{\"@id\":\"https:\/\/arteeluoghi.it\/index.php\/2018\/01\/05\/4661\/#primaryimage\"},\"thumbnailUrl\":\"https:\/\/arteeluoghi.it\/wp-content\/uploads\/2018\/01\/9b7e30d9-89e1-401f-a228-f8956cdfebda.png\",\"keywords\":[\"centenario Vittorio Veneto\"],\"articleSection\":[\"Notizie\"],\"inLanguage\":\"it-IT\",\"potentialAction\":[{\"@type\":\"CommentAction\",\"name\":\"Comment\",\"target\":[\"https:\/\/arteeluoghi.it\/index.php\/2018\/01\/05\/4661\/#respond\"]}]},{\"@type\":\"Person\",\"@id\":\"https:\/\/arteeluoghi.it\/#\/schema\/person\/f84e814e36e91e01448ee07eaadd41d4\",\"name\":\"Staff\",\"image\":{\"@type\":\"ImageObject\",\"@id\":\"https:\/\/arteeluoghi.it\/#personlogo\",\"inLanguage\":\"it-IT\",\"url\":\"https:\/\/secure.gravatar.com\/avatar\/49d2f9e46271bb04e19cebfaf141313a?s=96&d=blank&r=g\",\"contentUrl\":\"https:\/\/secure.gravatar.com\/avatar\/49d2f9e46271bb04e19cebfaf141313a?s=96&d=blank&r=g\",\"caption\":\"Staff\"}}]}<\/script>\n<!-- \/ Yoast SEO plugin. -->","yoast_head_json":{"title":"Quando scoppia la pace. Aspettando il Centenario a Vittorio Veneto | Arte e Luoghi","description":"Vittorio Veneto, Centenario Prima guerra mondiale, pace, mostre, raduni","robots":{"index":"index","follow":"follow","max-snippet":"max-snippet:-1","max-image-preview":"max-image-preview:large","max-video-preview":"max-video-preview:-1"},"canonical":"https:\/\/arteeluoghi.it\/index.php\/2018\/01\/05\/4661\/","og_locale":"it_IT","og_type":"article","og_title":"Quando scoppia la pace. Aspettando il Centenario a Vittorio Veneto | Arte e Luoghi","og_description":"Vittorio Veneto, Centenario Prima guerra mondiale, pace, mostre, raduni","og_url":"https:\/\/arteeluoghi.it\/index.php\/2018\/01\/05\/4661\/","og_site_name":"Arte e Luoghi","article_publisher":"https:\/\/www.facebook.com\/ArteELuoghi\/","article_published_time":"2018-01-04T23:48:49+00:00","og_image":[{"width":575,"height":361,"url":"https:\/\/arteeluoghi.it\/wp-content\/uploads\/2018\/01\/9b7e30d9-89e1-401f-a228-f8956cdfebda.png","type":"image\/png"}],"twitter_card":"summary","twitter_creator":"@arteeluoghi","twitter_site":"@arteeluoghi","twitter_misc":{"Scritto da":"Staff","Tempo di lettura stimato":"1 minuto"},"schema":{"@context":"https:\/\/schema.org","@graph":[{"@type":"Organization","@id":"https:\/\/arteeluoghi.it\/#organization","name":"Arte e Luoghi","url":"https:\/\/arteeluoghi.it\/","sameAs":["https:\/\/www.facebook.com\/ArteELuoghi\/","https:\/\/www.instagram.com\/arteeluoghi\/?hl=it","https:\/\/www.youtube.com\/channel\/UCuRVc4JW4-C5sg9rQB-srkw?view_as=subscriber","https:\/\/twitter.com\/arteeluoghi"],"logo":{"@type":"ImageObject","@id":"https:\/\/arteeluoghi.it\/#logo","inLanguage":"it-IT","url":"https:\/\/arteeluoghi.it\/wp-content\/uploads\/2018\/08\/logoinstagramarte.jpg","contentUrl":"https:\/\/arteeluoghi.it\/wp-content\/uploads\/2018\/08\/logoinstagramarte.jpg","width":150,"height":150,"caption":"Arte e Luoghi"},"image":{"@id":"https:\/\/arteeluoghi.it\/#logo"}},{"@type":"WebSite","@id":"https:\/\/arteeluoghi.it\/#website","url":"https:\/\/arteeluoghi.it\/","name":"Arte e Luoghi","description":"Mensile di arte, cultura, turismo e curiosit\u00e0","publisher":{"@id":"https:\/\/arteeluoghi.it\/#organization"},"potentialAction":[{"@type":"SearchAction","target":{"@type":"EntryPoint","urlTemplate":"https:\/\/arteeluoghi.it\/?s={search_term_string}"},"query-input":"required name=search_term_string"}],"inLanguage":"it-IT"},{"@type":"ImageObject","@id":"https:\/\/arteeluoghi.it\/index.php\/2018\/01\/05\/4661\/#primaryimage","inLanguage":"it-IT","url":"https:\/\/arteeluoghi.it\/wp-content\/uploads\/2018\/01\/9b7e30d9-89e1-401f-a228-f8956cdfebda.png","contentUrl":"https:\/\/arteeluoghi.it\/wp-content\/uploads\/2018\/01\/9b7e30d9-89e1-401f-a228-f8956cdfebda.png","width":575,"height":361},{"@type":"WebPage","@id":"https:\/\/arteeluoghi.it\/index.php\/2018\/01\/05\/4661\/#webpage","url":"https:\/\/arteeluoghi.it\/index.php\/2018\/01\/05\/4661\/","name":"Quando scoppia la pace. Aspettando il Centenario a Vittorio Veneto | Arte e Luoghi","isPartOf":{"@id":"https:\/\/arteeluoghi.it\/#website"},"primaryImageOfPage":{"@id":"https:\/\/arteeluoghi.it\/index.php\/2018\/01\/05\/4661\/#primaryimage"},"datePublished":"2018-01-04T23:48:49+00:00","dateModified":"2018-01-04T23:48:49+00:00","description":"Vittorio Veneto, Centenario Prima guerra mondiale, pace, mostre, raduni","breadcrumb":{"@id":"https:\/\/arteeluoghi.it\/index.php\/2018\/01\/05\/4661\/#breadcrumb"},"inLanguage":"it-IT","potentialAction":[{"@type":"ReadAction","target":["https:\/\/arteeluoghi.it\/index.php\/2018\/01\/05\/4661\/"]}]},{"@type":"BreadcrumbList","@id":"https:\/\/arteeluoghi.it\/index.php\/2018\/01\/05\/4661\/#breadcrumb","itemListElement":[{"@type":"ListItem","position":1,"name":"Home","item":"https:\/\/arteeluoghi.it\/"},{"@type":"ListItem","position":2,"name":"Quando scoppia la pace. Aspettando il Centenario a Vittorio Veneto"}]},{"@type":"Article","@id":"https:\/\/arteeluoghi.it\/index.php\/2018\/01\/05\/4661\/#article","isPartOf":{"@id":"https:\/\/arteeluoghi.it\/index.php\/2018\/01\/05\/4661\/#webpage"},"author":{"@id":"https:\/\/arteeluoghi.it\/#\/schema\/person\/f84e814e36e91e01448ee07eaadd41d4"},"headline":"Quando scoppia la pace. Aspettando il Centenario a Vittorio Veneto","datePublished":"2018-01-04T23:48:49+00:00","dateModified":"2018-01-04T23:48:49+00:00","mainEntityOfPage":{"@id":"https:\/\/arteeluoghi.it\/index.php\/2018\/01\/05\/4661\/#webpage"},"wordCount":296,"commentCount":0,"publisher":{"@id":"https:\/\/arteeluoghi.it\/#organization"},"image":{"@id":"https:\/\/arteeluoghi.it\/index.php\/2018\/01\/05\/4661\/#primaryimage"},"thumbnailUrl":"https:\/\/arteeluoghi.it\/wp-content\/uploads\/2018\/01\/9b7e30d9-89e1-401f-a228-f8956cdfebda.png","keywords":["centenario Vittorio Veneto"],"articleSection":["Notizie"],"inLanguage":"it-IT","potentialAction":[{"@type":"CommentAction","name":"Comment","target":["https:\/\/arteeluoghi.it\/index.php\/2018\/01\/05\/4661\/#respond"]}]},{"@type":"Person","@id":"https:\/\/arteeluoghi.it\/#\/schema\/person\/f84e814e36e91e01448ee07eaadd41d4","name":"Staff","image":{"@type":"ImageObject","@id":"https:\/\/arteeluoghi.it\/#personlogo","inLanguage":"it-IT","url":"https:\/\/secure.gravatar.com\/avatar\/49d2f9e46271bb04e19cebfaf141313a?s=96&d=blank&r=g","contentUrl":"https:\/\/secure.gravatar.com\/avatar\/49d2f9e46271bb04e19cebfaf141313a?s=96&d=blank&r=g","caption":"Staff"}}]}},"_links":{"self":[{"href":"https:\/\/arteeluoghi.it\/index.php\/wp-json\/wp\/v2\/posts\/4661"}],"collection":[{"href":"https:\/\/arteeluoghi.it\/index.php\/wp-json\/wp\/v2\/posts"}],"about":[{"href":"https:\/\/arteeluoghi.it\/index.php\/wp-json\/wp\/v2\/types\/post"}],"author":[{"embeddable":true,"href":"https:\/\/arteeluoghi.it\/index.php\/wp-json\/wp\/v2\/users\/1"}],"replies":[{"embeddable":true,"href":"https:\/\/arteeluoghi.it\/index.php\/wp-json\/wp\/v2\/comments?post=4661"}],"version-history":[{"count":1,"href":"https:\/\/arteeluoghi.it\/index.php\/wp-json\/wp\/v2\/posts\/4661\/revisions"}],"predecessor-version":[{"id":4663,"href":"https:\/\/arteeluoghi.it\/index.php\/wp-json\/wp\/v2\/posts\/4661\/revisions\/4663"}],"wp:featuredmedia":[{"embeddable":true,"href":"https:\/\/arteeluoghi.it\/index.php\/wp-json\/wp\/v2\/media\/4662"}],"wp:attachment":[{"href":"https:\/\/arteeluoghi.it\/index.php\/wp-json\/wp\/v2\/media?parent=4661"}],"wp:term":[{"taxonomy":"category","embeddable":true,"href":"https:\/\/arteeluoghi.it\/index.php\/wp-json\/wp\/v2\/categories?post=4661"},{"taxonomy":"post_tag","embeddable":true,"href":"https:\/\/arteeluoghi.it\/index.php\/wp-json\/wp\/v2\/tags?post=4661"}],"curies":[{"name":"wp","href":"https:\/\/api.w.org\/{rel}","templated":true}]}}