{"id":475,"date":"2012-01-27T11:43:00","date_gmt":"2012-01-27T10:43:00","guid":{"rendered":"http:\/\/arteeluoghi.it\/index.php\/2012\/01\/27\/nature-naturans\/"},"modified":"2012-01-27T11:43:00","modified_gmt":"2012-01-27T10:43:00","slug":"nature-naturans","status":"publish","type":"post","link":"https:\/\/arteeluoghi.it\/index.php\/2012\/01\/27\/nature-naturans\/","title":{"rendered":"NATURE NATURANS. Gli artisti riscoprono la natura"},"content":{"rendered":"<p><img src=\"\/images\/stories\/nature naturans invitation.jpg\" border=\"0\" width=\"350\" style=\"margin: 21px; float: left;\" \/><\/p>\n<p>\u00a0<\/p>\n<p>\u00a0<\/p>\n<p>Negli spazi del PRIMO PIANO LIVINGALLERY dal 4 al 29 febbraio 2012<\/p>\n<p style=\"text-align: left;\"><span style=\"font-size: small;\"><strong>NATURE NATURANS<\/strong><\/span><\/p>\n<p style=\"text-align: left;\">\u00a0<\/p>\n<p style=\"text-align: left;\"><em> <\/em><\/p>\n<p style=\"text-align: right;\">\u00a0<\/p>\n<p style=\"text-align: right;\"><em>\u201cVedere un mondo in un granello di sabbia<\/em><em>, e un Cielo in un fiore selvatico,<br \/> Tenere l&#8217;Infinito nel cavo della mano. E l&#8217;Eternit\u00e0 in un&#8217;ora.\u201d <\/em><\/p>\n<p style=\"text-align: right;\">( W. Blake in \u00abAuguries of Innocence\u00bb)<\/p>\n<p align=\"center\">\u00a0<\/p>\n<p>\u00a0<\/p>\n<p>\u00a0<\/p>\n<p>\u00a0<\/p>\n<p>Si inaugura sabato 04 febbraio alle ore 20,00 la mostra d\u2019arte contemporanea \u201cNature Naturans\u201d , curata da <strong>Dores Sacquegna.<\/strong><\/p>\n<p>Parafrasando il poeta e artista inglese William Blake con i suoi \u201ccanti dell\u2019innocenza\u201d , la mostra Nature Naturans, restituisce all&#8217;individuo, isolato e frammentato dalla storia, un senso di appartenenza e di comunione in termini di verit\u00e0 e finzione.<\/p>\n<p>In questo evento che racchiude un percorso di opere che prendono stimolo dalla natura organica, si osserva il creato con le sue evoluzioni, la forza vitale e il ritmo. Novalis scriveva \u00abChi possiede il ritmo, possiede l&#8217;Universo\u00bb. E cos\u00ec prendono forma suggestivi e poetici pattern, forme con codici simbolici, giochi di luce che ricamano lo spazio, elementi della natura visti \u00a0da quindici artisti italiani e stranieri. Nelle sculture zoomorfe di <strong>Giorgio Carluccio<\/strong>, la materia che le compone (pietra, terracotta, ferro, tessuto) entra in relazione con lo spazio sottolineandone i giochi di luce. Il paesaggio \u00e8 la ricerca della leccese <strong>Loredana Campa<\/strong>, l\u2019insieme delle forme di un luogo, la sua prospettiva, la veduta o la direzione in cui guardiamo e il nostro modo di vedere le cose. Sempre pi\u00f9 spesso oggi la natura sembra alzare i toni, stagioni confuse alluvioni improbabili, acque\u00a0 rare o malsane. Cos\u00ec nasce l\u2019idea del progetto d\u2019arte democratica, \u201cEstasi of Contemporary Eden\u201d di <strong>Fabrizio Santona<\/strong>. Una installazione interattiva del \u201cpacco-dono\u201d, nelle cui scatole,\u00a0 migliaia di bulbi di fiore rendono l\u2019idea della semina, della crescita e del rapporto tra uomo e Natura.<\/p>\n<p>  <!--more-->  <\/p>\n<p>Nelle fotografie in bianco e nero di <strong>James Clancy,<\/strong> la natura sembra essersi risvegliata da un grande sonno, violenta e primitiva nelle sue naturali performances. Il rapporto Uomo-Natura anche nelle fotografie del canadese <strong>Tom Ma<\/strong>. Ai colori della natura e alle sue straordinarie forme si ispirano i pattern di <strong>Dario Manco, Judith Duquemin, Barbara Neulinger, Kararina Norling, Wendy Roach<\/strong>. Mentre nel rapporto verit\u00e0\/finzione e metamorfosi\u00a0 le opere di <strong>Irene Clouthier, Mary-Ann Kokoska,<\/strong> <strong>Anne Desfour, Anne Stagg, \u00c7i\u011fdem Mente\u015fo\u011flu.<\/strong><\/p>\n<p>\u00a0<\/p>\n<p><span style=\"text-decoration: underline;\">ARTISTI:<\/span> <strong>Giorgio Carluccio<\/strong> (Brindisi), <strong>Dario Manco<\/strong> (Lecce), <strong>Loredana Campa<\/strong> (Lecce), <strong>Fabrizio Santona<\/strong> (Torino), <strong>James Clancy<\/strong> (Germania), <strong>Tom Ma<\/strong> (Canada), <strong>Judith Duquemin<\/strong> (Autralia), <strong>Barbara Neulinger<\/strong>, <strong>Wendy Roach,<\/strong> <strong>Anne Stagg, Mary-Ann Kokoska, Irene Clouthier<\/strong> (Usa), \u00a0<strong>Anne Desfour<\/strong> (Francia), <strong>Katarina Norling<\/strong> (Svezia), <strong>\u00c7i\u011fdem Mente\u015fo\u011flu <\/strong>(Turchia).<\/p>\n<p>\u00a0<\/p>\n<p>\u00a0<\/p>\n<p>Primo Piano LivinGallery<\/p>\n<p>Viale G. Marconi 4 Lecce, Italy 73100<\/p>\n<p>tel\/fax: 0832.30 40 14<\/p>\n<p>INFO: <a href=\"http:\/\/www.primopianogallery.com\/\">www.primopianogallery.com<\/a><\/p>\n<p><a href=\"mailto:primopianogallery@libero.it\">primopianogallery@libero.it<\/a><\/p>\n<p>\u00a0<\/p>\n<p>dal luned\u00ec al venerd\u00ec<\/p>\n<p>dalle ore 10-13\/17-20<\/p>\n<p>Sabato: 17-20<\/p>\n<p>(fonte: comunicato stampa)<\/p>\n","protected":false},"excerpt":{"rendered":"<p>\u00a0 \u00a0 Negli spazi del PRIMO PIANO LIVINGALLERY dal 4 al 29 febbraio 2012 NATURE NATURANS \u00a0 \u00a0 \u201cVedere un<\/p>\n","protected":false},"author":1,"featured_media":0,"comment_status":"open","ping_status":"open","sticky":false,"template":"","format":"standard","meta":[],"categories":[3],"tags":[],"yoast_head":"<!-- This site is optimized with the Yoast SEO plugin v18.0 - https:\/\/yoast.com\/wordpress\/plugins\/seo\/ -->\n<title>NATURE NATURANS. Gli artisti riscoprono la natura | Arte e Luoghi<\/title>\n<meta name=\"robots\" content=\"index, follow, max-snippet:-1, max-image-preview:large, max-video-preview:-1\" \/>\n<link rel=\"canonical\" href=\"https:\/\/arteeluoghi.it\/index.php\/2012\/01\/27\/nature-naturans\/\" \/>\n<meta property=\"og:locale\" content=\"it_IT\" \/>\n<meta property=\"og:type\" content=\"article\" \/>\n<meta property=\"og:title\" content=\"NATURE NATURANS. Gli artisti riscoprono la natura | Arte e Luoghi\" \/>\n<meta property=\"og:description\" content=\"\u00a0 \u00a0 Negli spazi del PRIMO PIANO LIVINGALLERY dal 4 al 29 febbraio 2012 NATURE NATURANS \u00a0 \u00a0 \u201cVedere un\" \/>\n<meta property=\"og:url\" content=\"https:\/\/arteeluoghi.it\/index.php\/2012\/01\/27\/nature-naturans\/\" \/>\n<meta property=\"og:site_name\" content=\"Arte e Luoghi\" \/>\n<meta property=\"article:publisher\" content=\"https:\/\/www.facebook.com\/ArteELuoghi\/\" \/>\n<meta property=\"article:published_time\" content=\"2012-01-27T10:43:00+00:00\" \/>\n<meta property=\"og:image\" content=\"https:\/\/arteeluoghi.it\/images\/stories\/nature%20naturans%20invitation.jpg\" \/>\n<meta name=\"twitter:card\" content=\"summary\" \/>\n<meta name=\"twitter:creator\" content=\"@arteeluoghi\" \/>\n<meta name=\"twitter:site\" content=\"@arteeluoghi\" \/>\n<meta name=\"twitter:label1\" content=\"Scritto da\" \/>\n\t<meta name=\"twitter:data1\" content=\"Staff\" \/>\n\t<meta name=\"twitter:label2\" content=\"Tempo di lettura stimato\" \/>\n\t<meta name=\"twitter:data2\" content=\"2 minuti\" \/>\n<script type=\"application\/ld+json\" class=\"yoast-schema-graph\">{\"@context\":\"https:\/\/schema.org\",\"@graph\":[{\"@type\":\"Organization\",\"@id\":\"https:\/\/arteeluoghi.it\/#organization\",\"name\":\"Arte e Luoghi\",\"url\":\"https:\/\/arteeluoghi.it\/\",\"sameAs\":[\"https:\/\/www.facebook.com\/ArteELuoghi\/\",\"https:\/\/www.instagram.com\/arteeluoghi\/?hl=it\",\"https:\/\/www.youtube.com\/channel\/UCuRVc4JW4-C5sg9rQB-srkw?view_as=subscriber\",\"https:\/\/twitter.com\/arteeluoghi\"],\"logo\":{\"@type\":\"ImageObject\",\"@id\":\"https:\/\/arteeluoghi.it\/#logo\",\"inLanguage\":\"it-IT\",\"url\":\"https:\/\/arteeluoghi.it\/wp-content\/uploads\/2018\/08\/logoinstagramarte.jpg\",\"contentUrl\":\"https:\/\/arteeluoghi.it\/wp-content\/uploads\/2018\/08\/logoinstagramarte.jpg\",\"width\":150,\"height\":150,\"caption\":\"Arte e Luoghi\"},\"image\":{\"@id\":\"https:\/\/arteeluoghi.it\/#logo\"}},{\"@type\":\"WebSite\",\"@id\":\"https:\/\/arteeluoghi.it\/#website\",\"url\":\"https:\/\/arteeluoghi.it\/\",\"name\":\"Arte e Luoghi\",\"description\":\"Mensile di arte, cultura, turismo e curiosit\u00e0\",\"publisher\":{\"@id\":\"https:\/\/arteeluoghi.it\/#organization\"},\"potentialAction\":[{\"@type\":\"SearchAction\",\"target\":{\"@type\":\"EntryPoint\",\"urlTemplate\":\"https:\/\/arteeluoghi.it\/?s={search_term_string}\"},\"query-input\":\"required name=search_term_string\"}],\"inLanguage\":\"it-IT\"},{\"@type\":\"ImageObject\",\"@id\":\"https:\/\/arteeluoghi.it\/index.php\/2012\/01\/27\/nature-naturans\/#primaryimage\",\"inLanguage\":\"it-IT\",\"url\":\"\/images\/stories\/nature naturans invitation.jpg\",\"contentUrl\":\"\/images\/stories\/nature naturans invitation.jpg\"},{\"@type\":\"WebPage\",\"@id\":\"https:\/\/arteeluoghi.it\/index.php\/2012\/01\/27\/nature-naturans\/#webpage\",\"url\":\"https:\/\/arteeluoghi.it\/index.php\/2012\/01\/27\/nature-naturans\/\",\"name\":\"NATURE NATURANS. Gli artisti riscoprono la natura | Arte e Luoghi\",\"isPartOf\":{\"@id\":\"https:\/\/arteeluoghi.it\/#website\"},\"primaryImageOfPage\":{\"@id\":\"https:\/\/arteeluoghi.it\/index.php\/2012\/01\/27\/nature-naturans\/#primaryimage\"},\"datePublished\":\"2012-01-27T10:43:00+00:00\",\"dateModified\":\"2012-01-27T10:43:00+00:00\",\"breadcrumb\":{\"@id\":\"https:\/\/arteeluoghi.it\/index.php\/2012\/01\/27\/nature-naturans\/#breadcrumb\"},\"inLanguage\":\"it-IT\",\"potentialAction\":[{\"@type\":\"ReadAction\",\"target\":[\"https:\/\/arteeluoghi.it\/index.php\/2012\/01\/27\/nature-naturans\/\"]}]},{\"@type\":\"BreadcrumbList\",\"@id\":\"https:\/\/arteeluoghi.it\/index.php\/2012\/01\/27\/nature-naturans\/#breadcrumb\",\"itemListElement\":[{\"@type\":\"ListItem\",\"position\":1,\"name\":\"Home\",\"item\":\"https:\/\/arteeluoghi.it\/\"},{\"@type\":\"ListItem\",\"position\":2,\"name\":\"NATURE NATURANS. Gli artisti riscoprono la natura\"}]},{\"@type\":\"Article\",\"@id\":\"https:\/\/arteeluoghi.it\/index.php\/2012\/01\/27\/nature-naturans\/#article\",\"isPartOf\":{\"@id\":\"https:\/\/arteeluoghi.it\/index.php\/2012\/01\/27\/nature-naturans\/#webpage\"},\"author\":{\"@id\":\"https:\/\/arteeluoghi.it\/#\/schema\/person\/f84e814e36e91e01448ee07eaadd41d4\"},\"headline\":\"NATURE NATURANS. Gli artisti riscoprono la natura\",\"datePublished\":\"2012-01-27T10:43:00+00:00\",\"dateModified\":\"2012-01-27T10:43:00+00:00\",\"mainEntityOfPage\":{\"@id\":\"https:\/\/arteeluoghi.it\/index.php\/2012\/01\/27\/nature-naturans\/#webpage\"},\"wordCount\":448,\"commentCount\":0,\"publisher\":{\"@id\":\"https:\/\/arteeluoghi.it\/#organization\"},\"image\":{\"@id\":\"https:\/\/arteeluoghi.it\/index.php\/2012\/01\/27\/nature-naturans\/#primaryimage\"},\"thumbnailUrl\":\"\/images\/stories\/nature naturans invitation.jpg\",\"articleSection\":[\"Arti visive\"],\"inLanguage\":\"it-IT\",\"potentialAction\":[{\"@type\":\"CommentAction\",\"name\":\"Comment\",\"target\":[\"https:\/\/arteeluoghi.it\/index.php\/2012\/01\/27\/nature-naturans\/#respond\"]}]},{\"@type\":\"Person\",\"@id\":\"https:\/\/arteeluoghi.it\/#\/schema\/person\/f84e814e36e91e01448ee07eaadd41d4\",\"name\":\"Staff\",\"image\":{\"@type\":\"ImageObject\",\"@id\":\"https:\/\/arteeluoghi.it\/#personlogo\",\"inLanguage\":\"it-IT\",\"url\":\"https:\/\/secure.gravatar.com\/avatar\/49d2f9e46271bb04e19cebfaf141313a?s=96&d=blank&r=g\",\"contentUrl\":\"https:\/\/secure.gravatar.com\/avatar\/49d2f9e46271bb04e19cebfaf141313a?s=96&d=blank&r=g\",\"caption\":\"Staff\"}}]}<\/script>\n<!-- \/ Yoast SEO plugin. -->","yoast_head_json":{"title":"NATURE NATURANS. Gli artisti riscoprono la natura | Arte e Luoghi","robots":{"index":"index","follow":"follow","max-snippet":"max-snippet:-1","max-image-preview":"max-image-preview:large","max-video-preview":"max-video-preview:-1"},"canonical":"https:\/\/arteeluoghi.it\/index.php\/2012\/01\/27\/nature-naturans\/","og_locale":"it_IT","og_type":"article","og_title":"NATURE NATURANS. Gli artisti riscoprono la natura | Arte e Luoghi","og_description":"\u00a0 \u00a0 Negli spazi del PRIMO PIANO LIVINGALLERY dal 4 al 29 febbraio 2012 NATURE NATURANS \u00a0 \u00a0 \u201cVedere un","og_url":"https:\/\/arteeluoghi.it\/index.php\/2012\/01\/27\/nature-naturans\/","og_site_name":"Arte e Luoghi","article_publisher":"https:\/\/www.facebook.com\/ArteELuoghi\/","article_published_time":"2012-01-27T10:43:00+00:00","og_image":[{"url":"https:\/\/arteeluoghi.it\/images\/stories\/nature naturans invitation.jpg"}],"twitter_card":"summary","twitter_creator":"@arteeluoghi","twitter_site":"@arteeluoghi","twitter_misc":{"Scritto da":"Staff","Tempo di lettura stimato":"2 minuti"},"schema":{"@context":"https:\/\/schema.org","@graph":[{"@type":"Organization","@id":"https:\/\/arteeluoghi.it\/#organization","name":"Arte e Luoghi","url":"https:\/\/arteeluoghi.it\/","sameAs":["https:\/\/www.facebook.com\/ArteELuoghi\/","https:\/\/www.instagram.com\/arteeluoghi\/?hl=it","https:\/\/www.youtube.com\/channel\/UCuRVc4JW4-C5sg9rQB-srkw?view_as=subscriber","https:\/\/twitter.com\/arteeluoghi"],"logo":{"@type":"ImageObject","@id":"https:\/\/arteeluoghi.it\/#logo","inLanguage":"it-IT","url":"https:\/\/arteeluoghi.it\/wp-content\/uploads\/2018\/08\/logoinstagramarte.jpg","contentUrl":"https:\/\/arteeluoghi.it\/wp-content\/uploads\/2018\/08\/logoinstagramarte.jpg","width":150,"height":150,"caption":"Arte e Luoghi"},"image":{"@id":"https:\/\/arteeluoghi.it\/#logo"}},{"@type":"WebSite","@id":"https:\/\/arteeluoghi.it\/#website","url":"https:\/\/arteeluoghi.it\/","name":"Arte e Luoghi","description":"Mensile di arte, cultura, turismo e curiosit\u00e0","publisher":{"@id":"https:\/\/arteeluoghi.it\/#organization"},"potentialAction":[{"@type":"SearchAction","target":{"@type":"EntryPoint","urlTemplate":"https:\/\/arteeluoghi.it\/?s={search_term_string}"},"query-input":"required name=search_term_string"}],"inLanguage":"it-IT"},{"@type":"ImageObject","@id":"https:\/\/arteeluoghi.it\/index.php\/2012\/01\/27\/nature-naturans\/#primaryimage","inLanguage":"it-IT","url":"\/images\/stories\/nature naturans invitation.jpg","contentUrl":"\/images\/stories\/nature naturans invitation.jpg"},{"@type":"WebPage","@id":"https:\/\/arteeluoghi.it\/index.php\/2012\/01\/27\/nature-naturans\/#webpage","url":"https:\/\/arteeluoghi.it\/index.php\/2012\/01\/27\/nature-naturans\/","name":"NATURE NATURANS. Gli artisti riscoprono la natura | Arte e Luoghi","isPartOf":{"@id":"https:\/\/arteeluoghi.it\/#website"},"primaryImageOfPage":{"@id":"https:\/\/arteeluoghi.it\/index.php\/2012\/01\/27\/nature-naturans\/#primaryimage"},"datePublished":"2012-01-27T10:43:00+00:00","dateModified":"2012-01-27T10:43:00+00:00","breadcrumb":{"@id":"https:\/\/arteeluoghi.it\/index.php\/2012\/01\/27\/nature-naturans\/#breadcrumb"},"inLanguage":"it-IT","potentialAction":[{"@type":"ReadAction","target":["https:\/\/arteeluoghi.it\/index.php\/2012\/01\/27\/nature-naturans\/"]}]},{"@type":"BreadcrumbList","@id":"https:\/\/arteeluoghi.it\/index.php\/2012\/01\/27\/nature-naturans\/#breadcrumb","itemListElement":[{"@type":"ListItem","position":1,"name":"Home","item":"https:\/\/arteeluoghi.it\/"},{"@type":"ListItem","position":2,"name":"NATURE NATURANS. Gli artisti riscoprono la natura"}]},{"@type":"Article","@id":"https:\/\/arteeluoghi.it\/index.php\/2012\/01\/27\/nature-naturans\/#article","isPartOf":{"@id":"https:\/\/arteeluoghi.it\/index.php\/2012\/01\/27\/nature-naturans\/#webpage"},"author":{"@id":"https:\/\/arteeluoghi.it\/#\/schema\/person\/f84e814e36e91e01448ee07eaadd41d4"},"headline":"NATURE NATURANS. Gli artisti riscoprono la natura","datePublished":"2012-01-27T10:43:00+00:00","dateModified":"2012-01-27T10:43:00+00:00","mainEntityOfPage":{"@id":"https:\/\/arteeluoghi.it\/index.php\/2012\/01\/27\/nature-naturans\/#webpage"},"wordCount":448,"commentCount":0,"publisher":{"@id":"https:\/\/arteeluoghi.it\/#organization"},"image":{"@id":"https:\/\/arteeluoghi.it\/index.php\/2012\/01\/27\/nature-naturans\/#primaryimage"},"thumbnailUrl":"\/images\/stories\/nature naturans invitation.jpg","articleSection":["Arti visive"],"inLanguage":"it-IT","potentialAction":[{"@type":"CommentAction","name":"Comment","target":["https:\/\/arteeluoghi.it\/index.php\/2012\/01\/27\/nature-naturans\/#respond"]}]},{"@type":"Person","@id":"https:\/\/arteeluoghi.it\/#\/schema\/person\/f84e814e36e91e01448ee07eaadd41d4","name":"Staff","image":{"@type":"ImageObject","@id":"https:\/\/arteeluoghi.it\/#personlogo","inLanguage":"it-IT","url":"https:\/\/secure.gravatar.com\/avatar\/49d2f9e46271bb04e19cebfaf141313a?s=96&d=blank&r=g","contentUrl":"https:\/\/secure.gravatar.com\/avatar\/49d2f9e46271bb04e19cebfaf141313a?s=96&d=blank&r=g","caption":"Staff"}}]}},"_links":{"self":[{"href":"https:\/\/arteeluoghi.it\/index.php\/wp-json\/wp\/v2\/posts\/475"}],"collection":[{"href":"https:\/\/arteeluoghi.it\/index.php\/wp-json\/wp\/v2\/posts"}],"about":[{"href":"https:\/\/arteeluoghi.it\/index.php\/wp-json\/wp\/v2\/types\/post"}],"author":[{"embeddable":true,"href":"https:\/\/arteeluoghi.it\/index.php\/wp-json\/wp\/v2\/users\/1"}],"replies":[{"embeddable":true,"href":"https:\/\/arteeluoghi.it\/index.php\/wp-json\/wp\/v2\/comments?post=475"}],"version-history":[{"count":0,"href":"https:\/\/arteeluoghi.it\/index.php\/wp-json\/wp\/v2\/posts\/475\/revisions"}],"wp:attachment":[{"href":"https:\/\/arteeluoghi.it\/index.php\/wp-json\/wp\/v2\/media?parent=475"}],"wp:term":[{"taxonomy":"category","embeddable":true,"href":"https:\/\/arteeluoghi.it\/index.php\/wp-json\/wp\/v2\/categories?post=475"},{"taxonomy":"post_tag","embeddable":true,"href":"https:\/\/arteeluoghi.it\/index.php\/wp-json\/wp\/v2\/tags?post=475"}],"curies":[{"name":"wp","href":"https:\/\/api.w.org\/{rel}","templated":true}]}}