{"id":4759,"date":"2017-11-15T00:05:50","date_gmt":"2017-11-14T23:05:50","guid":{"rendered":"http:\/\/arteeluoghi.it\/?p=4759"},"modified":"2018-01-08T00:11:29","modified_gmt":"2018-01-07T23:11:29","slug":"condominio-78-libro-alessio-masciulli","status":"publish","type":"post","link":"https:\/\/arteeluoghi.it\/index.php\/2017\/11\/15\/condominio-78-libro-alessio-masciulli\/","title":{"rendered":"Condominio 78, il nuovo libro di Alessio Masciulli"},"content":{"rendered":"<p><img loading=\"lazy\" class=\"size-full wp-image-4760 alignleft\" src=\"https:\/\/arteeluoghi.it\/wp-content\/uploads\/2018\/01\/condominio-78.jpg\" alt=\"\" width=\"190\" height=\"265\" \/>di Anna Paola Pascali<\/p>\n<p>\u201cPerch\u00e9 Condominio 78? Perch\u00e9 queste storie sono come tanti appartamenti diversi tra essi di un unico condominio. Immaginatelo come un luogo in qualche citt\u00e0 remota e che questo indirizzo \u00e8 il posto dove tutti i racconti andranno a dormire dopo essere stati letti\u2026 Firmato: il portiere\u201d<\/p>\n<p>Con questa premessa apre il \u201cCondominio 78\u201d di Alessio Masciulli (Edizioni Masciulli 2017) dove i racconti, come piccole stelle che spaziano nell\u2019universo dei sentimenti, toccano l\u2019anima portando il lettore a riflettere sull\u2019importanza dei rapporti umani e soprattutto su ci\u00f2 che li tiene in piedi: l\u2019amore per la vita.<br \/>\nNei racconti di Masciulli si evince l\u2019estrema positivit\u00e0 con cui i personaggi affrontano le difficolt\u00e0 quotidiane intridendole ogni giorno di quella speranza che spesso, nei momenti di sconforto, si perde.<\/p>\n<p><!--more-->Le storie possono essere quelle della porta accanto quasi spiate dal buco della serratura da un ipotetico portiere e dove la porta accanto rappresenta lo sguardo attento per gli altri e il buco della serratura la propria coscienza. Ma possono tranquillamente considerarsi quelle di un altro paese vicino al nostro, di un altro continente lontano, di un altro mondo infinito, anche quello interiore, dove basta un pizzico di nostalgia a far apprezzare i valori de \u201cGli uomini di una volta\u201d o una punta di sofferenza di un bambino a domandarsi \u201cPerch\u00e9 io no?\u201d. E ancora il desiderio di uguaglianza e accoglienza a far di un \u201cAmigo\u201d uno di noi per poi lasciarsi andare a riflessioni personali comprendendo che in questo mondo bisogna \u201cAdattarsi\u201d che non significa cedere o snaturarsi ma rielaborarsi ed evolversi verso nuove realt\u00e0. Si fanno tanti \u201cIncontri\u201d, nel corso della nostra esistenza, e qualche volta la tecnologia \u00e8 il motore di ricerca per agevolarli ma non sempre il vuoto che colma le attese \u00e8 quello che riempir\u00e0 i giorni futuri. Dietro ad un monitor, comunque, c\u2019\u00e8 sempre qualcuno che guarda il mondo a modo suo. Ma il mondo, a volte, pu\u00f2 essere in \u201cBianco e nero\u201d e colorarsi soltanto attraverso gli occhi di una bimba che resta affascinata dalle storie della vecchia nonna o perdersi nella bellezza de \u201cLe cose semplici\u201d come l\u2019estremo fascino di un giorno di pioggia.<br \/>\nOgni cosa \u00e8 differenza e bellezza nel libro del Masciulli e tocca l\u2019apice dell\u2019umana condizione nel racconto \u201cDiversi\u201d in cui la sofferenza e la disabilit\u00e0 di Cristina fanno nascere domande su ci\u00f2 che siamo e su cosa vogliamo veramente dalla nostra vita.<br \/>\nC\u2019\u00e8 chi si avventura per un \u201cViaggio\u201d con un carro attaccato a quattro splendidi cavalli, sentendosi come in un quadro, e rinunciando a mezzi di trasporto pi\u00f9 moderni e veloci ma cogliendo le sfumature della luce di ogni momento vissuto perch\u00e9 basta un attimo e tutto pu\u00f2 diventare \u201cBuio\u201d tanto da non riuscire pi\u00f9 a trovare te stessa se non sul giornale dell\u2019indomani mattina, tra le notizie di cronaca. Ma c\u2019\u00e8 una \u201cMusica\u201d che ci accompagna, che dovremmo coglierla e portarla con noi nel cuore senza essere sopraffatti dall\u2019egoismo e dalla presunzione, responsabili dell\u2019allontanamento dai veri valori della vita e dagli affetti pi\u00f9 cari. Le cose semplici, dirette, esposte con un linguaggio schietto, senza inutili orpelli, si ripetono nelle storie di \u201cCondominio 78\u201d come quella di un biglietto attaccato sotto la pensilina della fermata dei bus dove un timido amore si cerca mentre fuori \u201cPiove e io ti amo\u201d o nella \u201cLettera\u201d di una madre che scrive al suo bambino, ancora in grembo, trasmettendo emozioni e ancora tanto amore per la vita. La vita come soggetto reiterante e fondamentale in ogni racconto anche quello pi\u00f9 pragmatico e leggero, quello che fa sorridere anche solo dal titolo: \u201cStiamo freschi!\u201d o \u201cL\u2019area del rombo\u201d. Chiude la serie l\u2019attualissima storia di Alba dove un\u2019esplosione le cambia la vita. \u201cCome si fa ad essere cos\u00ec malvagi? Come ci si riesce? Prendersela con degli innocenti, come ci si veste ogni mattina per fare la guerra?&#8230; Mio figlio mi chiede del pap\u00e0\u2026 Come faccio a dirgli che un essere umano come quello che diventer\u00e0 lui da grande, ha compiuto un\u2019azione cos\u00ec brutale?&#8230;\u201d Alba se lo chiede e aspetta, vivendo di quelle emozioni sospese \u201cNel vento\u201d.<br \/>\nCondominio 78 di Alessio Masciulli: 16 storie da leggere e chiudere la porta, spegnere la luce e ritornarci ogni volta che se ne sente il bisogno.<\/p>\n<p>&nbsp;<\/p>\n","protected":false},"excerpt":{"rendered":"<p>di Anna Paola Pascali \u201cPerch\u00e9 Condominio 78? Perch\u00e9 queste storie sono come tanti appartamenti diversi tra essi di un unico<\/p>\n","protected":false},"author":1,"featured_media":4761,"comment_status":"open","ping_status":"open","sticky":false,"template":"","format":"standard","meta":[],"categories":[52,17],"tags":[615,617,616,168,614],"yoast_head":"<!-- This site is optimized with the Yoast SEO plugin v18.0 - https:\/\/yoast.com\/wordpress\/plugins\/seo\/ -->\n<title>Condominio 78, il nuovo libro di Alessio Masciulli | Arte e Luoghi<\/title>\n<meta name=\"robots\" content=\"index, follow, max-snippet:-1, max-image-preview:large, max-video-preview:-1\" \/>\n<link rel=\"canonical\" href=\"https:\/\/arteeluoghi.it\/index.php\/2017\/11\/15\/condominio-78-libro-alessio-masciulli\/\" \/>\n<meta property=\"og:locale\" content=\"it_IT\" \/>\n<meta property=\"og:type\" content=\"article\" \/>\n<meta property=\"og:title\" content=\"Condominio 78, il nuovo libro di Alessio Masciulli | Arte e Luoghi\" \/>\n<meta property=\"og:description\" content=\"di Anna Paola Pascali \u201cPerch\u00e9 Condominio 78? Perch\u00e9 queste storie sono come tanti appartamenti diversi tra essi di un unico\" \/>\n<meta property=\"og:url\" content=\"https:\/\/arteeluoghi.it\/index.php\/2017\/11\/15\/condominio-78-libro-alessio-masciulli\/\" \/>\n<meta property=\"og:site_name\" content=\"Arte e Luoghi\" \/>\n<meta property=\"article:publisher\" content=\"https:\/\/www.facebook.com\/ArteELuoghi\/\" \/>\n<meta property=\"article:published_time\" content=\"2017-11-14T23:05:50+00:00\" \/>\n<meta property=\"article:modified_time\" content=\"2018-01-07T23:11:29+00:00\" \/>\n<meta property=\"og:image\" content=\"https:\/\/arteeluoghi.it\/wp-content\/uploads\/2018\/01\/alessiomasciulli.jpg\" \/>\n\t<meta property=\"og:image:width\" content=\"960\" \/>\n\t<meta property=\"og:image:height\" content=\"626\" \/>\n\t<meta property=\"og:image:type\" content=\"image\/jpeg\" \/>\n<meta name=\"twitter:card\" content=\"summary\" \/>\n<meta name=\"twitter:creator\" content=\"@arteeluoghi\" \/>\n<meta name=\"twitter:site\" content=\"@arteeluoghi\" \/>\n<meta name=\"twitter:label1\" content=\"Scritto da\" \/>\n\t<meta name=\"twitter:data1\" content=\"Staff\" \/>\n\t<meta name=\"twitter:label2\" content=\"Tempo di lettura stimato\" \/>\n\t<meta name=\"twitter:data2\" content=\"4 minuti\" \/>\n<script type=\"application\/ld+json\" class=\"yoast-schema-graph\">{\"@context\":\"https:\/\/schema.org\",\"@graph\":[{\"@type\":\"Organization\",\"@id\":\"https:\/\/arteeluoghi.it\/#organization\",\"name\":\"Arte e Luoghi\",\"url\":\"https:\/\/arteeluoghi.it\/\",\"sameAs\":[\"https:\/\/www.facebook.com\/ArteELuoghi\/\",\"https:\/\/www.instagram.com\/arteeluoghi\/?hl=it\",\"https:\/\/www.youtube.com\/channel\/UCuRVc4JW4-C5sg9rQB-srkw?view_as=subscriber\",\"https:\/\/twitter.com\/arteeluoghi\"],\"logo\":{\"@type\":\"ImageObject\",\"@id\":\"https:\/\/arteeluoghi.it\/#logo\",\"inLanguage\":\"it-IT\",\"url\":\"https:\/\/arteeluoghi.it\/wp-content\/uploads\/2018\/08\/logoinstagramarte.jpg\",\"contentUrl\":\"https:\/\/arteeluoghi.it\/wp-content\/uploads\/2018\/08\/logoinstagramarte.jpg\",\"width\":150,\"height\":150,\"caption\":\"Arte e Luoghi\"},\"image\":{\"@id\":\"https:\/\/arteeluoghi.it\/#logo\"}},{\"@type\":\"WebSite\",\"@id\":\"https:\/\/arteeluoghi.it\/#website\",\"url\":\"https:\/\/arteeluoghi.it\/\",\"name\":\"Arte e Luoghi\",\"description\":\"Mensile di arte, cultura, turismo e curiosit\u00e0\",\"publisher\":{\"@id\":\"https:\/\/arteeluoghi.it\/#organization\"},\"potentialAction\":[{\"@type\":\"SearchAction\",\"target\":{\"@type\":\"EntryPoint\",\"urlTemplate\":\"https:\/\/arteeluoghi.it\/?s={search_term_string}\"},\"query-input\":\"required name=search_term_string\"}],\"inLanguage\":\"it-IT\"},{\"@type\":\"ImageObject\",\"@id\":\"https:\/\/arteeluoghi.it\/index.php\/2017\/11\/15\/condominio-78-libro-alessio-masciulli\/#primaryimage\",\"inLanguage\":\"it-IT\",\"url\":\"https:\/\/arteeluoghi.it\/wp-content\/uploads\/2018\/01\/alessiomasciulli.jpg\",\"contentUrl\":\"https:\/\/arteeluoghi.it\/wp-content\/uploads\/2018\/01\/alessiomasciulli.jpg\",\"width\":960,\"height\":626},{\"@type\":\"WebPage\",\"@id\":\"https:\/\/arteeluoghi.it\/index.php\/2017\/11\/15\/condominio-78-libro-alessio-masciulli\/#webpage\",\"url\":\"https:\/\/arteeluoghi.it\/index.php\/2017\/11\/15\/condominio-78-libro-alessio-masciulli\/\",\"name\":\"Condominio 78, il nuovo libro di Alessio Masciulli | Arte e Luoghi\",\"isPartOf\":{\"@id\":\"https:\/\/arteeluoghi.it\/#website\"},\"primaryImageOfPage\":{\"@id\":\"https:\/\/arteeluoghi.it\/index.php\/2017\/11\/15\/condominio-78-libro-alessio-masciulli\/#primaryimage\"},\"datePublished\":\"2017-11-14T23:05:50+00:00\",\"dateModified\":\"2018-01-07T23:11:29+00:00\",\"breadcrumb\":{\"@id\":\"https:\/\/arteeluoghi.it\/index.php\/2017\/11\/15\/condominio-78-libro-alessio-masciulli\/#breadcrumb\"},\"inLanguage\":\"it-IT\",\"potentialAction\":[{\"@type\":\"ReadAction\",\"target\":[\"https:\/\/arteeluoghi.it\/index.php\/2017\/11\/15\/condominio-78-libro-alessio-masciulli\/\"]}]},{\"@type\":\"BreadcrumbList\",\"@id\":\"https:\/\/arteeluoghi.it\/index.php\/2017\/11\/15\/condominio-78-libro-alessio-masciulli\/#breadcrumb\",\"itemListElement\":[{\"@type\":\"ListItem\",\"position\":1,\"name\":\"Home\",\"item\":\"https:\/\/arteeluoghi.it\/\"},{\"@type\":\"ListItem\",\"position\":2,\"name\":\"Condominio 78, il nuovo libro di Alessio Masciulli\"}]},{\"@type\":\"Article\",\"@id\":\"https:\/\/arteeluoghi.it\/index.php\/2017\/11\/15\/condominio-78-libro-alessio-masciulli\/#article\",\"isPartOf\":{\"@id\":\"https:\/\/arteeluoghi.it\/index.php\/2017\/11\/15\/condominio-78-libro-alessio-masciulli\/#webpage\"},\"author\":{\"@id\":\"https:\/\/arteeluoghi.it\/#\/schema\/person\/f84e814e36e91e01448ee07eaadd41d4\"},\"headline\":\"Condominio 78, il nuovo libro di Alessio Masciulli\",\"datePublished\":\"2017-11-14T23:05:50+00:00\",\"dateModified\":\"2018-01-07T23:11:29+00:00\",\"mainEntityOfPage\":{\"@id\":\"https:\/\/arteeluoghi.it\/index.php\/2017\/11\/15\/condominio-78-libro-alessio-masciulli\/#webpage\"},\"wordCount\":720,\"commentCount\":0,\"publisher\":{\"@id\":\"https:\/\/arteeluoghi.it\/#organization\"},\"image\":{\"@id\":\"https:\/\/arteeluoghi.it\/index.php\/2017\/11\/15\/condominio-78-libro-alessio-masciulli\/#primaryimage\"},\"thumbnailUrl\":\"https:\/\/arteeluoghi.it\/wp-content\/uploads\/2018\/01\/alessiomasciulli.jpg\",\"keywords\":[\"Alessio Mssciulli\",\"Anna Paola Pascali\",\"Condominio 78\",\"libri\",\"storie\"],\"articleSection\":[\"I luoghi della parola\",\"LIBRI\"],\"inLanguage\":\"it-IT\",\"potentialAction\":[{\"@type\":\"CommentAction\",\"name\":\"Comment\",\"target\":[\"https:\/\/arteeluoghi.it\/index.php\/2017\/11\/15\/condominio-78-libro-alessio-masciulli\/#respond\"]}]},{\"@type\":\"Person\",\"@id\":\"https:\/\/arteeluoghi.it\/#\/schema\/person\/f84e814e36e91e01448ee07eaadd41d4\",\"name\":\"Staff\",\"image\":{\"@type\":\"ImageObject\",\"@id\":\"https:\/\/arteeluoghi.it\/#personlogo\",\"inLanguage\":\"it-IT\",\"url\":\"https:\/\/secure.gravatar.com\/avatar\/49d2f9e46271bb04e19cebfaf141313a?s=96&d=blank&r=g\",\"contentUrl\":\"https:\/\/secure.gravatar.com\/avatar\/49d2f9e46271bb04e19cebfaf141313a?s=96&d=blank&r=g\",\"caption\":\"Staff\"}}]}<\/script>\n<!-- \/ Yoast SEO plugin. -->","yoast_head_json":{"title":"Condominio 78, il nuovo libro di Alessio Masciulli | Arte e Luoghi","robots":{"index":"index","follow":"follow","max-snippet":"max-snippet:-1","max-image-preview":"max-image-preview:large","max-video-preview":"max-video-preview:-1"},"canonical":"https:\/\/arteeluoghi.it\/index.php\/2017\/11\/15\/condominio-78-libro-alessio-masciulli\/","og_locale":"it_IT","og_type":"article","og_title":"Condominio 78, il nuovo libro di Alessio Masciulli | Arte e Luoghi","og_description":"di Anna Paola Pascali \u201cPerch\u00e9 Condominio 78? Perch\u00e9 queste storie sono come tanti appartamenti diversi tra essi di un unico","og_url":"https:\/\/arteeluoghi.it\/index.php\/2017\/11\/15\/condominio-78-libro-alessio-masciulli\/","og_site_name":"Arte e Luoghi","article_publisher":"https:\/\/www.facebook.com\/ArteELuoghi\/","article_published_time":"2017-11-14T23:05:50+00:00","article_modified_time":"2018-01-07T23:11:29+00:00","og_image":[{"width":960,"height":626,"url":"https:\/\/arteeluoghi.it\/wp-content\/uploads\/2018\/01\/alessiomasciulli.jpg","type":"image\/jpeg"}],"twitter_card":"summary","twitter_creator":"@arteeluoghi","twitter_site":"@arteeluoghi","twitter_misc":{"Scritto da":"Staff","Tempo di lettura stimato":"4 minuti"},"schema":{"@context":"https:\/\/schema.org","@graph":[{"@type":"Organization","@id":"https:\/\/arteeluoghi.it\/#organization","name":"Arte e Luoghi","url":"https:\/\/arteeluoghi.it\/","sameAs":["https:\/\/www.facebook.com\/ArteELuoghi\/","https:\/\/www.instagram.com\/arteeluoghi\/?hl=it","https:\/\/www.youtube.com\/channel\/UCuRVc4JW4-C5sg9rQB-srkw?view_as=subscriber","https:\/\/twitter.com\/arteeluoghi"],"logo":{"@type":"ImageObject","@id":"https:\/\/arteeluoghi.it\/#logo","inLanguage":"it-IT","url":"https:\/\/arteeluoghi.it\/wp-content\/uploads\/2018\/08\/logoinstagramarte.jpg","contentUrl":"https:\/\/arteeluoghi.it\/wp-content\/uploads\/2018\/08\/logoinstagramarte.jpg","width":150,"height":150,"caption":"Arte e Luoghi"},"image":{"@id":"https:\/\/arteeluoghi.it\/#logo"}},{"@type":"WebSite","@id":"https:\/\/arteeluoghi.it\/#website","url":"https:\/\/arteeluoghi.it\/","name":"Arte e Luoghi","description":"Mensile di arte, cultura, turismo e curiosit\u00e0","publisher":{"@id":"https:\/\/arteeluoghi.it\/#organization"},"potentialAction":[{"@type":"SearchAction","target":{"@type":"EntryPoint","urlTemplate":"https:\/\/arteeluoghi.it\/?s={search_term_string}"},"query-input":"required name=search_term_string"}],"inLanguage":"it-IT"},{"@type":"ImageObject","@id":"https:\/\/arteeluoghi.it\/index.php\/2017\/11\/15\/condominio-78-libro-alessio-masciulli\/#primaryimage","inLanguage":"it-IT","url":"https:\/\/arteeluoghi.it\/wp-content\/uploads\/2018\/01\/alessiomasciulli.jpg","contentUrl":"https:\/\/arteeluoghi.it\/wp-content\/uploads\/2018\/01\/alessiomasciulli.jpg","width":960,"height":626},{"@type":"WebPage","@id":"https:\/\/arteeluoghi.it\/index.php\/2017\/11\/15\/condominio-78-libro-alessio-masciulli\/#webpage","url":"https:\/\/arteeluoghi.it\/index.php\/2017\/11\/15\/condominio-78-libro-alessio-masciulli\/","name":"Condominio 78, il nuovo libro di Alessio Masciulli | Arte e Luoghi","isPartOf":{"@id":"https:\/\/arteeluoghi.it\/#website"},"primaryImageOfPage":{"@id":"https:\/\/arteeluoghi.it\/index.php\/2017\/11\/15\/condominio-78-libro-alessio-masciulli\/#primaryimage"},"datePublished":"2017-11-14T23:05:50+00:00","dateModified":"2018-01-07T23:11:29+00:00","breadcrumb":{"@id":"https:\/\/arteeluoghi.it\/index.php\/2017\/11\/15\/condominio-78-libro-alessio-masciulli\/#breadcrumb"},"inLanguage":"it-IT","potentialAction":[{"@type":"ReadAction","target":["https:\/\/arteeluoghi.it\/index.php\/2017\/11\/15\/condominio-78-libro-alessio-masciulli\/"]}]},{"@type":"BreadcrumbList","@id":"https:\/\/arteeluoghi.it\/index.php\/2017\/11\/15\/condominio-78-libro-alessio-masciulli\/#breadcrumb","itemListElement":[{"@type":"ListItem","position":1,"name":"Home","item":"https:\/\/arteeluoghi.it\/"},{"@type":"ListItem","position":2,"name":"Condominio 78, il nuovo libro di Alessio Masciulli"}]},{"@type":"Article","@id":"https:\/\/arteeluoghi.it\/index.php\/2017\/11\/15\/condominio-78-libro-alessio-masciulli\/#article","isPartOf":{"@id":"https:\/\/arteeluoghi.it\/index.php\/2017\/11\/15\/condominio-78-libro-alessio-masciulli\/#webpage"},"author":{"@id":"https:\/\/arteeluoghi.it\/#\/schema\/person\/f84e814e36e91e01448ee07eaadd41d4"},"headline":"Condominio 78, il nuovo libro di Alessio Masciulli","datePublished":"2017-11-14T23:05:50+00:00","dateModified":"2018-01-07T23:11:29+00:00","mainEntityOfPage":{"@id":"https:\/\/arteeluoghi.it\/index.php\/2017\/11\/15\/condominio-78-libro-alessio-masciulli\/#webpage"},"wordCount":720,"commentCount":0,"publisher":{"@id":"https:\/\/arteeluoghi.it\/#organization"},"image":{"@id":"https:\/\/arteeluoghi.it\/index.php\/2017\/11\/15\/condominio-78-libro-alessio-masciulli\/#primaryimage"},"thumbnailUrl":"https:\/\/arteeluoghi.it\/wp-content\/uploads\/2018\/01\/alessiomasciulli.jpg","keywords":["Alessio Mssciulli","Anna Paola Pascali","Condominio 78","libri","storie"],"articleSection":["I luoghi della parola","LIBRI"],"inLanguage":"it-IT","potentialAction":[{"@type":"CommentAction","name":"Comment","target":["https:\/\/arteeluoghi.it\/index.php\/2017\/11\/15\/condominio-78-libro-alessio-masciulli\/#respond"]}]},{"@type":"Person","@id":"https:\/\/arteeluoghi.it\/#\/schema\/person\/f84e814e36e91e01448ee07eaadd41d4","name":"Staff","image":{"@type":"ImageObject","@id":"https:\/\/arteeluoghi.it\/#personlogo","inLanguage":"it-IT","url":"https:\/\/secure.gravatar.com\/avatar\/49d2f9e46271bb04e19cebfaf141313a?s=96&d=blank&r=g","contentUrl":"https:\/\/secure.gravatar.com\/avatar\/49d2f9e46271bb04e19cebfaf141313a?s=96&d=blank&r=g","caption":"Staff"}}]}},"_links":{"self":[{"href":"https:\/\/arteeluoghi.it\/index.php\/wp-json\/wp\/v2\/posts\/4759"}],"collection":[{"href":"https:\/\/arteeluoghi.it\/index.php\/wp-json\/wp\/v2\/posts"}],"about":[{"href":"https:\/\/arteeluoghi.it\/index.php\/wp-json\/wp\/v2\/types\/post"}],"author":[{"embeddable":true,"href":"https:\/\/arteeluoghi.it\/index.php\/wp-json\/wp\/v2\/users\/1"}],"replies":[{"embeddable":true,"href":"https:\/\/arteeluoghi.it\/index.php\/wp-json\/wp\/v2\/comments?post=4759"}],"version-history":[{"count":1,"href":"https:\/\/arteeluoghi.it\/index.php\/wp-json\/wp\/v2\/posts\/4759\/revisions"}],"predecessor-version":[{"id":4762,"href":"https:\/\/arteeluoghi.it\/index.php\/wp-json\/wp\/v2\/posts\/4759\/revisions\/4762"}],"wp:featuredmedia":[{"embeddable":true,"href":"https:\/\/arteeluoghi.it\/index.php\/wp-json\/wp\/v2\/media\/4761"}],"wp:attachment":[{"href":"https:\/\/arteeluoghi.it\/index.php\/wp-json\/wp\/v2\/media?parent=4759"}],"wp:term":[{"taxonomy":"category","embeddable":true,"href":"https:\/\/arteeluoghi.it\/index.php\/wp-json\/wp\/v2\/categories?post=4759"},{"taxonomy":"post_tag","embeddable":true,"href":"https:\/\/arteeluoghi.it\/index.php\/wp-json\/wp\/v2\/tags?post=4759"}],"curies":[{"name":"wp","href":"https:\/\/api.w.org\/{rel}","templated":true}]}}