{"id":4773,"date":"2017-11-15T00:28:31","date_gmt":"2017-11-14T23:28:31","guid":{"rendered":"http:\/\/arteeluoghi.it\/?p=4773"},"modified":"2018-01-08T00:31:46","modified_gmt":"2018-01-07T23:31:46","slug":"mondanita-passione-quotidiana-larte-lino-selvatico","status":"publish","type":"post","link":"https:\/\/arteeluoghi.it\/index.php\/2017\/11\/15\/mondanita-passione-quotidiana-larte-lino-selvatico\/","title":{"rendered":"Mondanit\u00e0 e passione quotidiana. L\u2019arte di Lino Selvatico"},"content":{"rendered":"<p><img loading=\"lazy\" class=\"size-medium wp-image-4775 alignleft\" src=\"https:\/\/arteeluoghi.it\/wp-content\/uploads\/2017\/11\/var_www_vhosts_villaggioglobaleinternational.it_httpdocs_sala_stampa_events_archivio_img_hd_img206_2794-300x225.jpg\" alt=\"\" width=\"300\" height=\"225\" srcset=\"https:\/\/arteeluoghi.it\/wp-content\/uploads\/2017\/11\/var_www_vhosts_villaggioglobaleinternational.it_httpdocs_sala_stampa_events_archivio_img_hd_img206_2794-300x225.jpg 300w, https:\/\/arteeluoghi.it\/wp-content\/uploads\/2017\/11\/var_www_vhosts_villaggioglobaleinternational.it_httpdocs_sala_stampa_events_archivio_img_hd_img206_2794-768x577.jpg 768w, https:\/\/arteeluoghi.it\/wp-content\/uploads\/2017\/11\/var_www_vhosts_villaggioglobaleinternational.it_httpdocs_sala_stampa_events_archivio_img_hd_img206_2794-1024x769.jpg 1024w\" sizes=\"(max-width: 300px) 100vw, 300px\" \/>PADOVA. Il fascino mondano delle donne ritratte nelle opere dell\u2019artista veneziano, Lino Selvatico (1872-1924), cos\u00ec come l\u2019intima descrizione dell\u2019ambiente familiare e della quotidianit\u00e0 hanno affascinato e sorpreso il pubblico dei Musei Civici agli Eremitani a Padova, dove dal 29 settembre si \u00e8 aperta la pi\u00f9 ampia monografica mai realizzata sull&#8217;artista intitolata \u201cLino Selvatico. Mondanit\u00e0 e passione quotidiana\u201d. Il successo decretato nelle sei settimane di apertura ha indotto a prorogare la mostra fino al 28 gennaio 2018.<br \/>\nUn\u2019occasione unica per riscoprire le opere di uno dei protagonisti della scena pittorica lagunare degli inizi del \u2018900, apprezzato dalla critica contemporanea per la \u201cscintillante perizia nella stesura di un colore vivo e vibrante\u201d.<br \/>\n<!--more-->Definito da Pompeo Molmenti uno \u201csquisito indagatore dell\u2019anima attraverso le fattezze del volto umano\u201d , Lino Selvatico fu tra i pi\u00f9 richiesti e apprezzati ritrattisti del primo Novecento italiano.<br \/>\nFiglio del poeta e commediografo Riccardo &#8211; che fu sindaco di Venezia e ideatore della Biennale Internazionale d\u2019Arte &#8211; nato incidentalmente a Padova ove la famiglia<br \/>\naveva forti interessi commerciali e laureato in legge all\u2019ateneo patavino, Lino fin dal suo esordio alla III Mostra Internazionale d\u2019Arte del 1889 aveva mostrato le grandi potenzialit\u00e0 che lo avrebbero presto condotto al successo.<br \/>\nCome ritrattista era dotato di mezzi tecnici ed espressivi personali e sicuri, con un\u2019abilit\u00e0 del tutto inedita nel rendere l\u2019aura e la personalit\u00e0 del personaggio effigiato. Cos\u00ec &#8211; grazie anche a una rete di relazioni di primo piano \u2013 le commissioni da ambienti alto borghesi e nobili divennero sempre pi\u00f9 numerose, giungendo in qualche caso anche da esponenti di case reali, come fu per il ritratto di Alfonso III di Borbone giovane re di Spagna, realizzato nel 1922.<br \/>\nFrequentatore di intellettuali e artisti, ben introdotto nei circoli di Venezia e Milano, amico dei Sarfatti, Selvatico raggiunse con la fama anche il riconoscimento da parte di critici autorevoli come Primo Levi, Pompeo Molmenti, Vittorio Pica e il potentissimo Ugo Ojetti, partecipando a numerose esposizioni nazionali (dall\u2019Esposizione di Belle Arti a Roma nel 1907 a quella Nazionale di Brera nel 1908) e internazionali, da Monaco, a Dusseldorf, da Buenos Aires a Dresda.<br \/>\nGrazie agli oltre cinquanta dipinti ed altrettante opere grafiche esposte nelle sale del Museo, con la curatela di Davide Banzato, Silvio Fuso, Elisabetta Gastaldi e Federica Millozzi, si scoprir\u00e0 quanto la ricerca e la libert\u00e0 di fantasia porti Selvatico a sperimentare e a rendere pi\u00f9 vivi i soggetti.<br \/>\nSono proprio i disegni e le incisioni di Selvatico &#8211; studi preparatori e interpretazioni grafiche di soggetti pi\u00f9 cari &#8211; a costituire uno degli aspetti eccezionali della mostra, rivelati al pubblico per la prima volta in questa occasione ed emersi solo nel 2008. L\u2019esibizione mette in luce non solo l\u2019abilit\u00e0 dell\u2019artista nei ritratti di tono mondano, ma anche le sue note di maggiore intimit\u00e0 e l\u2019attenzione a spunti di vita quotidiana.<br \/>\nLa ricerca della perfezione e la sperimentazione di tecniche diverse lo port\u00f2 al raggiungimento di notevoli effetti chiaroscurali ed illuministici nelle sue opere. Le donne rimangono protagoniste dei suoi dipinti, in primo piano o ritratte nella loro completa nudit\u00e0 ma sempre come icone moderne, erotiche ma mai volgari.<\/p>\n<p>Lino Selvatico. Mondanit\u00e0 e passione quotidiana<br \/>\nMusei Civici agli Eremitani<br \/>\nPadova<br \/>\nInformazioni<br \/>\nbiglietti: intero euro 10,00, ridotto euro 8,00<br \/>\norario 9 \u2013 19.<br \/>\nChiuso i lunedi\u0300 non festivi<br \/>\ntel. +39 049 8204551<\/p>\n<div data-url=\"https:\/\/issuu.com\/arteeluoghi\/docs\/arteeluoghinovembre2017\/92\" style=\"width: 800px; height: 514px;\" class=\"issuuembed\"><\/div>\n<p><script type=\"text\/javascript\" src=\"\/\/e.issuu.com\/embed.js\" async=\"true\"><\/script><\/p>\n","protected":false},"excerpt":{"rendered":"<p>PADOVA. Il fascino mondano delle donne ritratte nelle opere dell\u2019artista veneziano, Lino Selvatico (1872-1924), cos\u00ec come l\u2019intima descrizione dell\u2019ambiente familiare<\/p>\n","protected":false},"author":1,"featured_media":4775,"comment_status":"open","ping_status":"open","sticky":true,"template":"","format":"standard","meta":[],"categories":[27,3],"tags":[622,623,624],"yoast_head":"<!-- This site is optimized with the Yoast SEO plugin v18.0 - https:\/\/yoast.com\/wordpress\/plugins\/seo\/ -->\n<title>Mondanit\u00e0 e passione quotidiana. L\u2019arte di Lino Selvatico | Arte e Luoghi<\/title>\n<meta name=\"robots\" content=\"index, follow, max-snippet:-1, max-image-preview:large, max-video-preview:-1\" \/>\n<link rel=\"canonical\" href=\"https:\/\/arteeluoghi.it\/index.php\/2017\/11\/15\/mondanita-passione-quotidiana-larte-lino-selvatico\/\" \/>\n<meta property=\"og:locale\" content=\"it_IT\" \/>\n<meta property=\"og:type\" content=\"article\" \/>\n<meta property=\"og:title\" content=\"Mondanit\u00e0 e passione quotidiana. L\u2019arte di Lino Selvatico | Arte e Luoghi\" \/>\n<meta property=\"og:description\" content=\"PADOVA. Il fascino mondano delle donne ritratte nelle opere dell\u2019artista veneziano, Lino Selvatico (1872-1924), cos\u00ec come l\u2019intima descrizione dell\u2019ambiente familiare\" \/>\n<meta property=\"og:url\" content=\"https:\/\/arteeluoghi.it\/index.php\/2017\/11\/15\/mondanita-passione-quotidiana-larte-lino-selvatico\/\" \/>\n<meta property=\"og:site_name\" content=\"Arte e Luoghi\" \/>\n<meta property=\"article:publisher\" content=\"https:\/\/www.facebook.com\/ArteELuoghi\/\" \/>\n<meta property=\"article:published_time\" content=\"2017-11-14T23:28:31+00:00\" \/>\n<meta property=\"article:modified_time\" content=\"2018-01-07T23:31:46+00:00\" \/>\n<meta property=\"og:image\" content=\"https:\/\/arteeluoghi.it\/wp-content\/uploads\/2017\/11\/var_www_vhosts_villaggioglobaleinternational.it_httpdocs_sala_stampa_events_archivio_img_hd_img206_2794.jpg\" \/>\n\t<meta property=\"og:image:width\" content=\"2237\" \/>\n\t<meta property=\"og:image:height\" content=\"1680\" \/>\n\t<meta property=\"og:image:type\" content=\"image\/jpeg\" \/>\n<meta name=\"twitter:card\" content=\"summary\" \/>\n<meta name=\"twitter:creator\" content=\"@arteeluoghi\" \/>\n<meta name=\"twitter:site\" content=\"@arteeluoghi\" \/>\n<meta name=\"twitter:label1\" content=\"Scritto da\" \/>\n\t<meta name=\"twitter:data1\" content=\"Staff\" \/>\n\t<meta name=\"twitter:label2\" content=\"Tempo di lettura stimato\" \/>\n\t<meta name=\"twitter:data2\" content=\"3 minuti\" \/>\n<script type=\"application\/ld+json\" class=\"yoast-schema-graph\">{\"@context\":\"https:\/\/schema.org\",\"@graph\":[{\"@type\":\"Organization\",\"@id\":\"https:\/\/arteeluoghi.it\/#organization\",\"name\":\"Arte e Luoghi\",\"url\":\"https:\/\/arteeluoghi.it\/\",\"sameAs\":[\"https:\/\/www.facebook.com\/ArteELuoghi\/\",\"https:\/\/www.instagram.com\/arteeluoghi\/?hl=it\",\"https:\/\/www.youtube.com\/channel\/UCuRVc4JW4-C5sg9rQB-srkw?view_as=subscriber\",\"https:\/\/twitter.com\/arteeluoghi\"],\"logo\":{\"@type\":\"ImageObject\",\"@id\":\"https:\/\/arteeluoghi.it\/#logo\",\"inLanguage\":\"it-IT\",\"url\":\"https:\/\/arteeluoghi.it\/wp-content\/uploads\/2018\/08\/logoinstagramarte.jpg\",\"contentUrl\":\"https:\/\/arteeluoghi.it\/wp-content\/uploads\/2018\/08\/logoinstagramarte.jpg\",\"width\":150,\"height\":150,\"caption\":\"Arte e Luoghi\"},\"image\":{\"@id\":\"https:\/\/arteeluoghi.it\/#logo\"}},{\"@type\":\"WebSite\",\"@id\":\"https:\/\/arteeluoghi.it\/#website\",\"url\":\"https:\/\/arteeluoghi.it\/\",\"name\":\"Arte e Luoghi\",\"description\":\"Mensile di arte, cultura, turismo e curiosit\u00e0\",\"publisher\":{\"@id\":\"https:\/\/arteeluoghi.it\/#organization\"},\"potentialAction\":[{\"@type\":\"SearchAction\",\"target\":{\"@type\":\"EntryPoint\",\"urlTemplate\":\"https:\/\/arteeluoghi.it\/?s={search_term_string}\"},\"query-input\":\"required name=search_term_string\"}],\"inLanguage\":\"it-IT\"},{\"@type\":\"ImageObject\",\"@id\":\"https:\/\/arteeluoghi.it\/index.php\/2017\/11\/15\/mondanita-passione-quotidiana-larte-lino-selvatico\/#primaryimage\",\"inLanguage\":\"it-IT\",\"url\":\"https:\/\/arteeluoghi.it\/wp-content\/uploads\/2017\/11\/var_www_vhosts_villaggioglobaleinternational.it_httpdocs_sala_stampa_events_archivio_img_hd_img206_2794.jpg\",\"contentUrl\":\"https:\/\/arteeluoghi.it\/wp-content\/uploads\/2017\/11\/var_www_vhosts_villaggioglobaleinternational.it_httpdocs_sala_stampa_events_archivio_img_hd_img206_2794.jpg\",\"width\":2237,\"height\":1680},{\"@type\":\"WebPage\",\"@id\":\"https:\/\/arteeluoghi.it\/index.php\/2017\/11\/15\/mondanita-passione-quotidiana-larte-lino-selvatico\/#webpage\",\"url\":\"https:\/\/arteeluoghi.it\/index.php\/2017\/11\/15\/mondanita-passione-quotidiana-larte-lino-selvatico\/\",\"name\":\"Mondanit\u00e0 e passione quotidiana. L\u2019arte di Lino Selvatico | Arte e Luoghi\",\"isPartOf\":{\"@id\":\"https:\/\/arteeluoghi.it\/#website\"},\"primaryImageOfPage\":{\"@id\":\"https:\/\/arteeluoghi.it\/index.php\/2017\/11\/15\/mondanita-passione-quotidiana-larte-lino-selvatico\/#primaryimage\"},\"datePublished\":\"2017-11-14T23:28:31+00:00\",\"dateModified\":\"2018-01-07T23:31:46+00:00\",\"breadcrumb\":{\"@id\":\"https:\/\/arteeluoghi.it\/index.php\/2017\/11\/15\/mondanita-passione-quotidiana-larte-lino-selvatico\/#breadcrumb\"},\"inLanguage\":\"it-IT\",\"potentialAction\":[{\"@type\":\"ReadAction\",\"target\":[\"https:\/\/arteeluoghi.it\/index.php\/2017\/11\/15\/mondanita-passione-quotidiana-larte-lino-selvatico\/\"]}]},{\"@type\":\"BreadcrumbList\",\"@id\":\"https:\/\/arteeluoghi.it\/index.php\/2017\/11\/15\/mondanita-passione-quotidiana-larte-lino-selvatico\/#breadcrumb\",\"itemListElement\":[{\"@type\":\"ListItem\",\"position\":1,\"name\":\"Home\",\"item\":\"https:\/\/arteeluoghi.it\/\"},{\"@type\":\"ListItem\",\"position\":2,\"name\":\"Mondanit\u00e0 e passione quotidiana. L\u2019arte di Lino Selvatico\"}]},{\"@type\":\"Article\",\"@id\":\"https:\/\/arteeluoghi.it\/index.php\/2017\/11\/15\/mondanita-passione-quotidiana-larte-lino-selvatico\/#article\",\"isPartOf\":{\"@id\":\"https:\/\/arteeluoghi.it\/index.php\/2017\/11\/15\/mondanita-passione-quotidiana-larte-lino-selvatico\/#webpage\"},\"author\":{\"@id\":\"https:\/\/arteeluoghi.it\/#\/schema\/person\/f84e814e36e91e01448ee07eaadd41d4\"},\"headline\":\"Mondanit\u00e0 e passione quotidiana. L\u2019arte di Lino Selvatico\",\"datePublished\":\"2017-11-14T23:28:31+00:00\",\"dateModified\":\"2018-01-07T23:31:46+00:00\",\"mainEntityOfPage\":{\"@id\":\"https:\/\/arteeluoghi.it\/index.php\/2017\/11\/15\/mondanita-passione-quotidiana-larte-lino-selvatico\/#webpage\"},\"wordCount\":558,\"commentCount\":0,\"publisher\":{\"@id\":\"https:\/\/arteeluoghi.it\/#organization\"},\"image\":{\"@id\":\"https:\/\/arteeluoghi.it\/index.php\/2017\/11\/15\/mondanita-passione-quotidiana-larte-lino-selvatico\/#primaryimage\"},\"thumbnailUrl\":\"https:\/\/arteeluoghi.it\/wp-content\/uploads\/2017\/11\/var_www_vhosts_villaggioglobaleinternational.it_httpdocs_sala_stampa_events_archivio_img_hd_img206_2794.jpg\",\"keywords\":[\"Lino Selvatico\",\"Musei Civici agli Eremitani\",\"Padova\"],\"articleSection\":[\"Arte\",\"Arti visive\"],\"inLanguage\":\"it-IT\",\"potentialAction\":[{\"@type\":\"CommentAction\",\"name\":\"Comment\",\"target\":[\"https:\/\/arteeluoghi.it\/index.php\/2017\/11\/15\/mondanita-passione-quotidiana-larte-lino-selvatico\/#respond\"]}]},{\"@type\":\"Person\",\"@id\":\"https:\/\/arteeluoghi.it\/#\/schema\/person\/f84e814e36e91e01448ee07eaadd41d4\",\"name\":\"Staff\",\"image\":{\"@type\":\"ImageObject\",\"@id\":\"https:\/\/arteeluoghi.it\/#personlogo\",\"inLanguage\":\"it-IT\",\"url\":\"https:\/\/secure.gravatar.com\/avatar\/49d2f9e46271bb04e19cebfaf141313a?s=96&d=blank&r=g\",\"contentUrl\":\"https:\/\/secure.gravatar.com\/avatar\/49d2f9e46271bb04e19cebfaf141313a?s=96&d=blank&r=g\",\"caption\":\"Staff\"}}]}<\/script>\n<!-- \/ Yoast SEO plugin. -->","yoast_head_json":{"title":"Mondanit\u00e0 e passione quotidiana. L\u2019arte di Lino Selvatico | Arte e Luoghi","robots":{"index":"index","follow":"follow","max-snippet":"max-snippet:-1","max-image-preview":"max-image-preview:large","max-video-preview":"max-video-preview:-1"},"canonical":"https:\/\/arteeluoghi.it\/index.php\/2017\/11\/15\/mondanita-passione-quotidiana-larte-lino-selvatico\/","og_locale":"it_IT","og_type":"article","og_title":"Mondanit\u00e0 e passione quotidiana. L\u2019arte di Lino Selvatico | Arte e Luoghi","og_description":"PADOVA. Il fascino mondano delle donne ritratte nelle opere dell\u2019artista veneziano, Lino Selvatico (1872-1924), cos\u00ec come l\u2019intima descrizione dell\u2019ambiente familiare","og_url":"https:\/\/arteeluoghi.it\/index.php\/2017\/11\/15\/mondanita-passione-quotidiana-larte-lino-selvatico\/","og_site_name":"Arte e Luoghi","article_publisher":"https:\/\/www.facebook.com\/ArteELuoghi\/","article_published_time":"2017-11-14T23:28:31+00:00","article_modified_time":"2018-01-07T23:31:46+00:00","og_image":[{"width":2237,"height":1680,"url":"https:\/\/arteeluoghi.it\/wp-content\/uploads\/2017\/11\/var_www_vhosts_villaggioglobaleinternational.it_httpdocs_sala_stampa_events_archivio_img_hd_img206_2794.jpg","type":"image\/jpeg"}],"twitter_card":"summary","twitter_creator":"@arteeluoghi","twitter_site":"@arteeluoghi","twitter_misc":{"Scritto da":"Staff","Tempo di lettura stimato":"3 minuti"},"schema":{"@context":"https:\/\/schema.org","@graph":[{"@type":"Organization","@id":"https:\/\/arteeluoghi.it\/#organization","name":"Arte e Luoghi","url":"https:\/\/arteeluoghi.it\/","sameAs":["https:\/\/www.facebook.com\/ArteELuoghi\/","https:\/\/www.instagram.com\/arteeluoghi\/?hl=it","https:\/\/www.youtube.com\/channel\/UCuRVc4JW4-C5sg9rQB-srkw?view_as=subscriber","https:\/\/twitter.com\/arteeluoghi"],"logo":{"@type":"ImageObject","@id":"https:\/\/arteeluoghi.it\/#logo","inLanguage":"it-IT","url":"https:\/\/arteeluoghi.it\/wp-content\/uploads\/2018\/08\/logoinstagramarte.jpg","contentUrl":"https:\/\/arteeluoghi.it\/wp-content\/uploads\/2018\/08\/logoinstagramarte.jpg","width":150,"height":150,"caption":"Arte e Luoghi"},"image":{"@id":"https:\/\/arteeluoghi.it\/#logo"}},{"@type":"WebSite","@id":"https:\/\/arteeluoghi.it\/#website","url":"https:\/\/arteeluoghi.it\/","name":"Arte e Luoghi","description":"Mensile di arte, cultura, turismo e curiosit\u00e0","publisher":{"@id":"https:\/\/arteeluoghi.it\/#organization"},"potentialAction":[{"@type":"SearchAction","target":{"@type":"EntryPoint","urlTemplate":"https:\/\/arteeluoghi.it\/?s={search_term_string}"},"query-input":"required name=search_term_string"}],"inLanguage":"it-IT"},{"@type":"ImageObject","@id":"https:\/\/arteeluoghi.it\/index.php\/2017\/11\/15\/mondanita-passione-quotidiana-larte-lino-selvatico\/#primaryimage","inLanguage":"it-IT","url":"https:\/\/arteeluoghi.it\/wp-content\/uploads\/2017\/11\/var_www_vhosts_villaggioglobaleinternational.it_httpdocs_sala_stampa_events_archivio_img_hd_img206_2794.jpg","contentUrl":"https:\/\/arteeluoghi.it\/wp-content\/uploads\/2017\/11\/var_www_vhosts_villaggioglobaleinternational.it_httpdocs_sala_stampa_events_archivio_img_hd_img206_2794.jpg","width":2237,"height":1680},{"@type":"WebPage","@id":"https:\/\/arteeluoghi.it\/index.php\/2017\/11\/15\/mondanita-passione-quotidiana-larte-lino-selvatico\/#webpage","url":"https:\/\/arteeluoghi.it\/index.php\/2017\/11\/15\/mondanita-passione-quotidiana-larte-lino-selvatico\/","name":"Mondanit\u00e0 e passione quotidiana. L\u2019arte di Lino Selvatico | Arte e Luoghi","isPartOf":{"@id":"https:\/\/arteeluoghi.it\/#website"},"primaryImageOfPage":{"@id":"https:\/\/arteeluoghi.it\/index.php\/2017\/11\/15\/mondanita-passione-quotidiana-larte-lino-selvatico\/#primaryimage"},"datePublished":"2017-11-14T23:28:31+00:00","dateModified":"2018-01-07T23:31:46+00:00","breadcrumb":{"@id":"https:\/\/arteeluoghi.it\/index.php\/2017\/11\/15\/mondanita-passione-quotidiana-larte-lino-selvatico\/#breadcrumb"},"inLanguage":"it-IT","potentialAction":[{"@type":"ReadAction","target":["https:\/\/arteeluoghi.it\/index.php\/2017\/11\/15\/mondanita-passione-quotidiana-larte-lino-selvatico\/"]}]},{"@type":"BreadcrumbList","@id":"https:\/\/arteeluoghi.it\/index.php\/2017\/11\/15\/mondanita-passione-quotidiana-larte-lino-selvatico\/#breadcrumb","itemListElement":[{"@type":"ListItem","position":1,"name":"Home","item":"https:\/\/arteeluoghi.it\/"},{"@type":"ListItem","position":2,"name":"Mondanit\u00e0 e passione quotidiana. L\u2019arte di Lino Selvatico"}]},{"@type":"Article","@id":"https:\/\/arteeluoghi.it\/index.php\/2017\/11\/15\/mondanita-passione-quotidiana-larte-lino-selvatico\/#article","isPartOf":{"@id":"https:\/\/arteeluoghi.it\/index.php\/2017\/11\/15\/mondanita-passione-quotidiana-larte-lino-selvatico\/#webpage"},"author":{"@id":"https:\/\/arteeluoghi.it\/#\/schema\/person\/f84e814e36e91e01448ee07eaadd41d4"},"headline":"Mondanit\u00e0 e passione quotidiana. L\u2019arte di Lino Selvatico","datePublished":"2017-11-14T23:28:31+00:00","dateModified":"2018-01-07T23:31:46+00:00","mainEntityOfPage":{"@id":"https:\/\/arteeluoghi.it\/index.php\/2017\/11\/15\/mondanita-passione-quotidiana-larte-lino-selvatico\/#webpage"},"wordCount":558,"commentCount":0,"publisher":{"@id":"https:\/\/arteeluoghi.it\/#organization"},"image":{"@id":"https:\/\/arteeluoghi.it\/index.php\/2017\/11\/15\/mondanita-passione-quotidiana-larte-lino-selvatico\/#primaryimage"},"thumbnailUrl":"https:\/\/arteeluoghi.it\/wp-content\/uploads\/2017\/11\/var_www_vhosts_villaggioglobaleinternational.it_httpdocs_sala_stampa_events_archivio_img_hd_img206_2794.jpg","keywords":["Lino Selvatico","Musei Civici agli Eremitani","Padova"],"articleSection":["Arte","Arti visive"],"inLanguage":"it-IT","potentialAction":[{"@type":"CommentAction","name":"Comment","target":["https:\/\/arteeluoghi.it\/index.php\/2017\/11\/15\/mondanita-passione-quotidiana-larte-lino-selvatico\/#respond"]}]},{"@type":"Person","@id":"https:\/\/arteeluoghi.it\/#\/schema\/person\/f84e814e36e91e01448ee07eaadd41d4","name":"Staff","image":{"@type":"ImageObject","@id":"https:\/\/arteeluoghi.it\/#personlogo","inLanguage":"it-IT","url":"https:\/\/secure.gravatar.com\/avatar\/49d2f9e46271bb04e19cebfaf141313a?s=96&d=blank&r=g","contentUrl":"https:\/\/secure.gravatar.com\/avatar\/49d2f9e46271bb04e19cebfaf141313a?s=96&d=blank&r=g","caption":"Staff"}}]}},"_links":{"self":[{"href":"https:\/\/arteeluoghi.it\/index.php\/wp-json\/wp\/v2\/posts\/4773"}],"collection":[{"href":"https:\/\/arteeluoghi.it\/index.php\/wp-json\/wp\/v2\/posts"}],"about":[{"href":"https:\/\/arteeluoghi.it\/index.php\/wp-json\/wp\/v2\/types\/post"}],"author":[{"embeddable":true,"href":"https:\/\/arteeluoghi.it\/index.php\/wp-json\/wp\/v2\/users\/1"}],"replies":[{"embeddable":true,"href":"https:\/\/arteeluoghi.it\/index.php\/wp-json\/wp\/v2\/comments?post=4773"}],"version-history":[{"count":2,"href":"https:\/\/arteeluoghi.it\/index.php\/wp-json\/wp\/v2\/posts\/4773\/revisions"}],"predecessor-version":[{"id":4776,"href":"https:\/\/arteeluoghi.it\/index.php\/wp-json\/wp\/v2\/posts\/4773\/revisions\/4776"}],"wp:featuredmedia":[{"embeddable":true,"href":"https:\/\/arteeluoghi.it\/index.php\/wp-json\/wp\/v2\/media\/4775"}],"wp:attachment":[{"href":"https:\/\/arteeluoghi.it\/index.php\/wp-json\/wp\/v2\/media?parent=4773"}],"wp:term":[{"taxonomy":"category","embeddable":true,"href":"https:\/\/arteeluoghi.it\/index.php\/wp-json\/wp\/v2\/categories?post=4773"},{"taxonomy":"post_tag","embeddable":true,"href":"https:\/\/arteeluoghi.it\/index.php\/wp-json\/wp\/v2\/tags?post=4773"}],"curies":[{"name":"wp","href":"https:\/\/api.w.org\/{rel}","templated":true}]}}