{"id":4791,"date":"2017-12-01T01:13:37","date_gmt":"2017-12-01T00:13:37","guid":{"rendered":"http:\/\/arteeluoghi.it\/?p=4791"},"modified":"2018-01-08T01:14:25","modified_gmt":"2018-01-08T00:14:25","slug":"nel-levigatissimo-mondo-degli-uguali-la-disabilita-ricchezza","status":"publish","type":"post","link":"https:\/\/arteeluoghi.it\/index.php\/2017\/12\/01\/nel-levigatissimo-mondo-degli-uguali-la-disabilita-ricchezza\/","title":{"rendered":"Nel levigatissimo mondo degli uguali la disabilit\u00e0 \u00e8 ricchezza"},"content":{"rendered":"<p><img loading=\"lazy\" class=\"size-medium wp-image-4792 alignleft\" src=\"https:\/\/arteeluoghi.it\/wp-content\/uploads\/2018\/01\/locandina-lancio3dic-210x300.jpg\" alt=\"\" width=\"210\" height=\"300\" srcset=\"https:\/\/arteeluoghi.it\/wp-content\/uploads\/2018\/01\/locandina-lancio3dic-210x300.jpg 210w, https:\/\/arteeluoghi.it\/wp-content\/uploads\/2018\/01\/locandina-lancio3dic-768x1097.jpg 768w, https:\/\/arteeluoghi.it\/wp-content\/uploads\/2018\/01\/locandina-lancio3dic-717x1024.jpg 717w, https:\/\/arteeluoghi.it\/wp-content\/uploads\/2018\/01\/locandina-lancio3dic.jpg 993w\" sizes=\"(max-width: 210px) 100vw, 210px\" \/>LECCE. Istituita nel 1981, ogni 3 dicembre ricorre la Giornata internazionale dei diritti delle persone con disabilit\u00e0 e si moltiplicano puntualmente le iniziative organizzate su tutto il territorio nazionale. A Lecce il 3 dicembre 2017 l\u2019associazione Le Ali di Pandora in collaborazione con la casa editrice Il Raggio Verde organizza l\u2019incontro \u201cNel levigatissimo mondo degli uguali la disabilit\u00e0 \u00e8 ricchezza\u201d. Lo spirito della serata, che si terr\u00e0 nel Centro Polifunzionale Kolbe in via Pistoia a partire dalle ore 20 con ingresso libero, sar\u00e0 quello di mettere insieme pi\u00f9 voci nel segno dell&#8217;inclusione pi\u00f9 autentica.\u00a0La voce sar\u00e0 data a chi vive varie disabilit\u00e0, ai familiari, a professionisti dei vari settori e a voci poetiche.\u00a0<!--more--><\/p>\n<blockquote><p>Scriveva Caterina Durante: (&#8230;) essere accettato come diverso vuol dire non essere pi\u00f9 una piega nel levigatissimo mondo degli uguali, un accidente nel ben oliato meccanismo, non fare pi\u00f9 parte del divino disordine della natura. Vuol dire insomma essere omologato per sempre nel mondo delle apparenze dove tutto scorre liscio per la gioia dell&#8217;occhio pigro, che detesta gli intoppi e la complessit\u00e0.<\/p><\/blockquote>\n<p>Interverranno:<\/p>\n<p><strong>Ambra Biscuso <\/strong>operatrice culturale e presidente dell&#8217;Assoicazione Le Ali di Pandora<\/p>\n<p><strong>Chiara Armillis\u00a0<\/strong>Psicointerprete delle Scienze e delle Arti, Specialista in Psicosomatica.Coordinatore Pedagogico presso le scuole dell&#8217;Infanzia, Primaria e Secondaria, Coordinatore di progetti a carattere sociale e psicopedagogico a sostegno della donna e della genitorialit\u00e0.<\/p>\n<p><strong>Tiziana Buccarella<\/strong>\u00a0Impiegata presso Consorzio San Raffaele Centro Diurno Alzheimer autrice e attrice teatrale<\/p>\n<p><strong>Chiara D&#8217;Ostuni<\/strong>\u00a0lavora nell&#8217;ambito teatrale come attrice, drammaturga ed esperta in educazione teatrale e teatroterapia<\/p>\n<p><strong>Michela Del Tinto\u00a0<\/strong>artista e madre di un ragazzo autistico insieme al figlio stanno scrivendo un libro che raccoglie testimonianza del loro viaggio nei colori dell&#8217;autismo<\/p>\n<p><strong>Donatella La Rocca<\/strong>\u00a0docente di Scuola Primaria e mamma di un bambino autistico<\/p>\n<p><strong>Roberto Lega<\/strong>\u00a0la disabilit\u00e0 non lo ha fermato tanti sono i suoi interessi vaga dalla scrittura al teatro<\/p>\n<p><strong>Graziella Lupo Pendinelli<\/strong>\u00a0Laureata in filosofia, Master in Sviluppo e gestione delle risorse umane presso l&#8217;universit\u00e0 di Pisa e master in consulenza filosofica presso C\u00e0 Foscari-Venezia. Ideatrice e responsabile del progetto Laboratorio permanente e collettivo del pensiero, dello sportello filosofico e del parco filosofico a Corigliano d&#8217;Otranto.<\/p>\n<p><strong>Maria Martemucci<\/strong>\u00a0non vedente dalla nascita ha studiato presso L&#8217;istituto dei Ciechi Antonacci, laureata in pedagogia ha lavorato in maniera saltuaria nella scuola poi impiegata presso le Poste e Telecomunicazioni a Lecce. \u00c8 consigliera Dell&#8217;Unione Italiana Ciechi<\/p>\n<p><strong>Maurizio Martina<\/strong>\u00a0la sua creativit\u00e0 nel campo dell&#8217;arte lo ha portato alla quadriennale di Roma, la disabilit\u00e0 non lo ha certo fermato negli anni romani oltre alle mostre presso importanti gallerie ha lavorato come scenografo nel teatro; negli ultimi anni si dedicato anche alla poesia, la sua ultima silloge poetica &#8220;Un addio \u00e8 un infinito fantasma\u201d\u00a0 (Il Raggio Verde edizioni) \u00e8 stata presentata lo scorso anno in occasione della giornata mondiale della disabilit\u00e0 ad Arnesano.<\/p>\n<p><strong>Teo Mollaian\u00a0<\/strong>l&#8217;autismo non ha fermato Teo che sta scrivendo insieme alla madre il suo diario di viaggio, si dedica al teatro e allo studio della teologia<\/p>\n<p><strong>Andrea Ortese<\/strong>\u00a0attore e accanto alla recitazione, si occupa di insegnamento delle lingue inglese e francese.<\/p>\n<p><strong>Mauro Ragosta\u00a0<\/strong>economista, giornalista e scrittore poeta, quasi tutti i suoi libri sono dedicati alla citt\u00e0 di Lecce<\/p>\n<p><strong>Enrico Romano<\/strong>\u00a0architetto e appassionato di poesia, con la sua associazione Vitruvio crea eventi culturali.. Fin dagli albori della sua attivit\u00e0 di architetto si \u00e8 occupato di eliminare le barriere architettoniche<\/p>\n<p>&nbsp;<\/p>\n","protected":false},"excerpt":{"rendered":"<p>LECCE. Istituita nel 1981, ogni 3 dicembre ricorre la Giornata internazionale dei diritti delle persone con disabilit\u00e0 e si moltiplicano<\/p>\n","protected":false},"author":1,"featured_media":4792,"comment_status":"open","ping_status":"open","sticky":true,"template":"","format":"standard","meta":[],"categories":[52,28],"tags":[634,268,635],"yoast_head":"<!-- This site is optimized with the Yoast SEO plugin v18.0 - https:\/\/yoast.com\/wordpress\/plugins\/seo\/ -->\n<title>Nel levigatissimo mondo degli uguali la disabilit\u00e0 \u00e8 ricchezza | Arte e Luoghi<\/title>\n<meta name=\"robots\" content=\"index, follow, max-snippet:-1, max-image-preview:large, max-video-preview:-1\" \/>\n<link rel=\"canonical\" href=\"https:\/\/arteeluoghi.it\/index.php\/2017\/12\/01\/nel-levigatissimo-mondo-degli-uguali-la-disabilita-ricchezza\/\" \/>\n<meta property=\"og:locale\" content=\"it_IT\" \/>\n<meta property=\"og:type\" content=\"article\" \/>\n<meta property=\"og:title\" content=\"Nel levigatissimo mondo degli uguali la disabilit\u00e0 \u00e8 ricchezza | Arte e Luoghi\" \/>\n<meta property=\"og:description\" content=\"LECCE. Istituita nel 1981, ogni 3 dicembre ricorre la Giornata internazionale dei diritti delle persone con disabilit\u00e0 e si moltiplicano\" \/>\n<meta property=\"og:url\" content=\"https:\/\/arteeluoghi.it\/index.php\/2017\/12\/01\/nel-levigatissimo-mondo-degli-uguali-la-disabilita-ricchezza\/\" \/>\n<meta property=\"og:site_name\" content=\"Arte e Luoghi\" \/>\n<meta property=\"article:publisher\" content=\"https:\/\/www.facebook.com\/ArteELuoghi\/\" \/>\n<meta property=\"article:published_time\" content=\"2017-12-01T00:13:37+00:00\" \/>\n<meta property=\"article:modified_time\" content=\"2018-01-08T00:14:25+00:00\" \/>\n<meta property=\"og:image\" content=\"https:\/\/arteeluoghi.it\/wp-content\/uploads\/2018\/01\/locandina-lancio3dic.jpg\" \/>\n\t<meta property=\"og:image:width\" content=\"993\" \/>\n\t<meta property=\"og:image:height\" content=\"1418\" \/>\n\t<meta property=\"og:image:type\" content=\"image\/jpeg\" \/>\n<meta name=\"twitter:card\" content=\"summary\" \/>\n<meta name=\"twitter:creator\" content=\"@arteeluoghi\" \/>\n<meta name=\"twitter:site\" content=\"@arteeluoghi\" \/>\n<meta name=\"twitter:label1\" content=\"Scritto da\" \/>\n\t<meta name=\"twitter:data1\" content=\"Staff\" \/>\n\t<meta name=\"twitter:label2\" content=\"Tempo di lettura stimato\" \/>\n\t<meta name=\"twitter:data2\" content=\"3 minuti\" \/>\n<script type=\"application\/ld+json\" class=\"yoast-schema-graph\">{\"@context\":\"https:\/\/schema.org\",\"@graph\":[{\"@type\":\"Organization\",\"@id\":\"https:\/\/arteeluoghi.it\/#organization\",\"name\":\"Arte e Luoghi\",\"url\":\"https:\/\/arteeluoghi.it\/\",\"sameAs\":[\"https:\/\/www.facebook.com\/ArteELuoghi\/\",\"https:\/\/www.instagram.com\/arteeluoghi\/?hl=it\",\"https:\/\/www.youtube.com\/channel\/UCuRVc4JW4-C5sg9rQB-srkw?view_as=subscriber\",\"https:\/\/twitter.com\/arteeluoghi\"],\"logo\":{\"@type\":\"ImageObject\",\"@id\":\"https:\/\/arteeluoghi.it\/#logo\",\"inLanguage\":\"it-IT\",\"url\":\"https:\/\/arteeluoghi.it\/wp-content\/uploads\/2018\/08\/logoinstagramarte.jpg\",\"contentUrl\":\"https:\/\/arteeluoghi.it\/wp-content\/uploads\/2018\/08\/logoinstagramarte.jpg\",\"width\":150,\"height\":150,\"caption\":\"Arte e Luoghi\"},\"image\":{\"@id\":\"https:\/\/arteeluoghi.it\/#logo\"}},{\"@type\":\"WebSite\",\"@id\":\"https:\/\/arteeluoghi.it\/#website\",\"url\":\"https:\/\/arteeluoghi.it\/\",\"name\":\"Arte e Luoghi\",\"description\":\"Mensile di arte, cultura, turismo e curiosit\u00e0\",\"publisher\":{\"@id\":\"https:\/\/arteeluoghi.it\/#organization\"},\"potentialAction\":[{\"@type\":\"SearchAction\",\"target\":{\"@type\":\"EntryPoint\",\"urlTemplate\":\"https:\/\/arteeluoghi.it\/?s={search_term_string}\"},\"query-input\":\"required name=search_term_string\"}],\"inLanguage\":\"it-IT\"},{\"@type\":\"ImageObject\",\"@id\":\"https:\/\/arteeluoghi.it\/index.php\/2017\/12\/01\/nel-levigatissimo-mondo-degli-uguali-la-disabilita-ricchezza\/#primaryimage\",\"inLanguage\":\"it-IT\",\"url\":\"https:\/\/arteeluoghi.it\/wp-content\/uploads\/2018\/01\/locandina-lancio3dic.jpg\",\"contentUrl\":\"https:\/\/arteeluoghi.it\/wp-content\/uploads\/2018\/01\/locandina-lancio3dic.jpg\",\"width\":993,\"height\":1418},{\"@type\":\"WebPage\",\"@id\":\"https:\/\/arteeluoghi.it\/index.php\/2017\/12\/01\/nel-levigatissimo-mondo-degli-uguali-la-disabilita-ricchezza\/#webpage\",\"url\":\"https:\/\/arteeluoghi.it\/index.php\/2017\/12\/01\/nel-levigatissimo-mondo-degli-uguali-la-disabilita-ricchezza\/\",\"name\":\"Nel levigatissimo mondo degli uguali la disabilit\u00e0 \u00e8 ricchezza | Arte e Luoghi\",\"isPartOf\":{\"@id\":\"https:\/\/arteeluoghi.it\/#website\"},\"primaryImageOfPage\":{\"@id\":\"https:\/\/arteeluoghi.it\/index.php\/2017\/12\/01\/nel-levigatissimo-mondo-degli-uguali-la-disabilita-ricchezza\/#primaryimage\"},\"datePublished\":\"2017-12-01T00:13:37+00:00\",\"dateModified\":\"2018-01-08T00:14:25+00:00\",\"breadcrumb\":{\"@id\":\"https:\/\/arteeluoghi.it\/index.php\/2017\/12\/01\/nel-levigatissimo-mondo-degli-uguali-la-disabilita-ricchezza\/#breadcrumb\"},\"inLanguage\":\"it-IT\",\"potentialAction\":[{\"@type\":\"ReadAction\",\"target\":[\"https:\/\/arteeluoghi.it\/index.php\/2017\/12\/01\/nel-levigatissimo-mondo-degli-uguali-la-disabilita-ricchezza\/\"]}]},{\"@type\":\"BreadcrumbList\",\"@id\":\"https:\/\/arteeluoghi.it\/index.php\/2017\/12\/01\/nel-levigatissimo-mondo-degli-uguali-la-disabilita-ricchezza\/#breadcrumb\",\"itemListElement\":[{\"@type\":\"ListItem\",\"position\":1,\"name\":\"Home\",\"item\":\"https:\/\/arteeluoghi.it\/\"},{\"@type\":\"ListItem\",\"position\":2,\"name\":\"Nel levigatissimo mondo degli uguali la disabilit\u00e0 \u00e8 ricchezza\"}]},{\"@type\":\"Article\",\"@id\":\"https:\/\/arteeluoghi.it\/index.php\/2017\/12\/01\/nel-levigatissimo-mondo-degli-uguali-la-disabilita-ricchezza\/#article\",\"isPartOf\":{\"@id\":\"https:\/\/arteeluoghi.it\/index.php\/2017\/12\/01\/nel-levigatissimo-mondo-degli-uguali-la-disabilita-ricchezza\/#webpage\"},\"author\":{\"@id\":\"https:\/\/arteeluoghi.it\/#\/schema\/person\/f84e814e36e91e01448ee07eaadd41d4\"},\"headline\":\"Nel levigatissimo mondo degli uguali la disabilit\u00e0 \u00e8 ricchezza\",\"datePublished\":\"2017-12-01T00:13:37+00:00\",\"dateModified\":\"2018-01-08T00:14:25+00:00\",\"mainEntityOfPage\":{\"@id\":\"https:\/\/arteeluoghi.it\/index.php\/2017\/12\/01\/nel-levigatissimo-mondo-degli-uguali-la-disabilita-ricchezza\/#webpage\"},\"wordCount\":560,\"commentCount\":0,\"publisher\":{\"@id\":\"https:\/\/arteeluoghi.it\/#organization\"},\"image\":{\"@id\":\"https:\/\/arteeluoghi.it\/index.php\/2017\/12\/01\/nel-levigatissimo-mondo-degli-uguali-la-disabilita-ricchezza\/#primaryimage\"},\"thumbnailUrl\":\"https:\/\/arteeluoghi.it\/wp-content\/uploads\/2018\/01\/locandina-lancio3dic.jpg\",\"keywords\":[\"Giornata Internazionale dei diritti delle persone con disabilit\u00e0\",\"Il raggio verde edizioni\",\"Le Ali di Pandora\"],\"articleSection\":[\"I luoghi della parola\",\"Notizie\"],\"inLanguage\":\"it-IT\",\"potentialAction\":[{\"@type\":\"CommentAction\",\"name\":\"Comment\",\"target\":[\"https:\/\/arteeluoghi.it\/index.php\/2017\/12\/01\/nel-levigatissimo-mondo-degli-uguali-la-disabilita-ricchezza\/#respond\"]}]},{\"@type\":\"Person\",\"@id\":\"https:\/\/arteeluoghi.it\/#\/schema\/person\/f84e814e36e91e01448ee07eaadd41d4\",\"name\":\"Staff\",\"image\":{\"@type\":\"ImageObject\",\"@id\":\"https:\/\/arteeluoghi.it\/#personlogo\",\"inLanguage\":\"it-IT\",\"url\":\"https:\/\/secure.gravatar.com\/avatar\/49d2f9e46271bb04e19cebfaf141313a?s=96&d=blank&r=g\",\"contentUrl\":\"https:\/\/secure.gravatar.com\/avatar\/49d2f9e46271bb04e19cebfaf141313a?s=96&d=blank&r=g\",\"caption\":\"Staff\"}}]}<\/script>\n<!-- \/ Yoast SEO plugin. -->","yoast_head_json":{"title":"Nel levigatissimo mondo degli uguali la disabilit\u00e0 \u00e8 ricchezza | Arte e Luoghi","robots":{"index":"index","follow":"follow","max-snippet":"max-snippet:-1","max-image-preview":"max-image-preview:large","max-video-preview":"max-video-preview:-1"},"canonical":"https:\/\/arteeluoghi.it\/index.php\/2017\/12\/01\/nel-levigatissimo-mondo-degli-uguali-la-disabilita-ricchezza\/","og_locale":"it_IT","og_type":"article","og_title":"Nel levigatissimo mondo degli uguali la disabilit\u00e0 \u00e8 ricchezza | Arte e Luoghi","og_description":"LECCE. Istituita nel 1981, ogni 3 dicembre ricorre la Giornata internazionale dei diritti delle persone con disabilit\u00e0 e si moltiplicano","og_url":"https:\/\/arteeluoghi.it\/index.php\/2017\/12\/01\/nel-levigatissimo-mondo-degli-uguali-la-disabilita-ricchezza\/","og_site_name":"Arte e Luoghi","article_publisher":"https:\/\/www.facebook.com\/ArteELuoghi\/","article_published_time":"2017-12-01T00:13:37+00:00","article_modified_time":"2018-01-08T00:14:25+00:00","og_image":[{"width":993,"height":1418,"url":"https:\/\/arteeluoghi.it\/wp-content\/uploads\/2018\/01\/locandina-lancio3dic.jpg","type":"image\/jpeg"}],"twitter_card":"summary","twitter_creator":"@arteeluoghi","twitter_site":"@arteeluoghi","twitter_misc":{"Scritto da":"Staff","Tempo di lettura stimato":"3 minuti"},"schema":{"@context":"https:\/\/schema.org","@graph":[{"@type":"Organization","@id":"https:\/\/arteeluoghi.it\/#organization","name":"Arte e Luoghi","url":"https:\/\/arteeluoghi.it\/","sameAs":["https:\/\/www.facebook.com\/ArteELuoghi\/","https:\/\/www.instagram.com\/arteeluoghi\/?hl=it","https:\/\/www.youtube.com\/channel\/UCuRVc4JW4-C5sg9rQB-srkw?view_as=subscriber","https:\/\/twitter.com\/arteeluoghi"],"logo":{"@type":"ImageObject","@id":"https:\/\/arteeluoghi.it\/#logo","inLanguage":"it-IT","url":"https:\/\/arteeluoghi.it\/wp-content\/uploads\/2018\/08\/logoinstagramarte.jpg","contentUrl":"https:\/\/arteeluoghi.it\/wp-content\/uploads\/2018\/08\/logoinstagramarte.jpg","width":150,"height":150,"caption":"Arte e Luoghi"},"image":{"@id":"https:\/\/arteeluoghi.it\/#logo"}},{"@type":"WebSite","@id":"https:\/\/arteeluoghi.it\/#website","url":"https:\/\/arteeluoghi.it\/","name":"Arte e Luoghi","description":"Mensile di arte, cultura, turismo e curiosit\u00e0","publisher":{"@id":"https:\/\/arteeluoghi.it\/#organization"},"potentialAction":[{"@type":"SearchAction","target":{"@type":"EntryPoint","urlTemplate":"https:\/\/arteeluoghi.it\/?s={search_term_string}"},"query-input":"required name=search_term_string"}],"inLanguage":"it-IT"},{"@type":"ImageObject","@id":"https:\/\/arteeluoghi.it\/index.php\/2017\/12\/01\/nel-levigatissimo-mondo-degli-uguali-la-disabilita-ricchezza\/#primaryimage","inLanguage":"it-IT","url":"https:\/\/arteeluoghi.it\/wp-content\/uploads\/2018\/01\/locandina-lancio3dic.jpg","contentUrl":"https:\/\/arteeluoghi.it\/wp-content\/uploads\/2018\/01\/locandina-lancio3dic.jpg","width":993,"height":1418},{"@type":"WebPage","@id":"https:\/\/arteeluoghi.it\/index.php\/2017\/12\/01\/nel-levigatissimo-mondo-degli-uguali-la-disabilita-ricchezza\/#webpage","url":"https:\/\/arteeluoghi.it\/index.php\/2017\/12\/01\/nel-levigatissimo-mondo-degli-uguali-la-disabilita-ricchezza\/","name":"Nel levigatissimo mondo degli uguali la disabilit\u00e0 \u00e8 ricchezza | Arte e Luoghi","isPartOf":{"@id":"https:\/\/arteeluoghi.it\/#website"},"primaryImageOfPage":{"@id":"https:\/\/arteeluoghi.it\/index.php\/2017\/12\/01\/nel-levigatissimo-mondo-degli-uguali-la-disabilita-ricchezza\/#primaryimage"},"datePublished":"2017-12-01T00:13:37+00:00","dateModified":"2018-01-08T00:14:25+00:00","breadcrumb":{"@id":"https:\/\/arteeluoghi.it\/index.php\/2017\/12\/01\/nel-levigatissimo-mondo-degli-uguali-la-disabilita-ricchezza\/#breadcrumb"},"inLanguage":"it-IT","potentialAction":[{"@type":"ReadAction","target":["https:\/\/arteeluoghi.it\/index.php\/2017\/12\/01\/nel-levigatissimo-mondo-degli-uguali-la-disabilita-ricchezza\/"]}]},{"@type":"BreadcrumbList","@id":"https:\/\/arteeluoghi.it\/index.php\/2017\/12\/01\/nel-levigatissimo-mondo-degli-uguali-la-disabilita-ricchezza\/#breadcrumb","itemListElement":[{"@type":"ListItem","position":1,"name":"Home","item":"https:\/\/arteeluoghi.it\/"},{"@type":"ListItem","position":2,"name":"Nel levigatissimo mondo degli uguali la disabilit\u00e0 \u00e8 ricchezza"}]},{"@type":"Article","@id":"https:\/\/arteeluoghi.it\/index.php\/2017\/12\/01\/nel-levigatissimo-mondo-degli-uguali-la-disabilita-ricchezza\/#article","isPartOf":{"@id":"https:\/\/arteeluoghi.it\/index.php\/2017\/12\/01\/nel-levigatissimo-mondo-degli-uguali-la-disabilita-ricchezza\/#webpage"},"author":{"@id":"https:\/\/arteeluoghi.it\/#\/schema\/person\/f84e814e36e91e01448ee07eaadd41d4"},"headline":"Nel levigatissimo mondo degli uguali la disabilit\u00e0 \u00e8 ricchezza","datePublished":"2017-12-01T00:13:37+00:00","dateModified":"2018-01-08T00:14:25+00:00","mainEntityOfPage":{"@id":"https:\/\/arteeluoghi.it\/index.php\/2017\/12\/01\/nel-levigatissimo-mondo-degli-uguali-la-disabilita-ricchezza\/#webpage"},"wordCount":560,"commentCount":0,"publisher":{"@id":"https:\/\/arteeluoghi.it\/#organization"},"image":{"@id":"https:\/\/arteeluoghi.it\/index.php\/2017\/12\/01\/nel-levigatissimo-mondo-degli-uguali-la-disabilita-ricchezza\/#primaryimage"},"thumbnailUrl":"https:\/\/arteeluoghi.it\/wp-content\/uploads\/2018\/01\/locandina-lancio3dic.jpg","keywords":["Giornata Internazionale dei diritti delle persone con disabilit\u00e0","Il raggio verde edizioni","Le Ali di Pandora"],"articleSection":["I luoghi della parola","Notizie"],"inLanguage":"it-IT","potentialAction":[{"@type":"CommentAction","name":"Comment","target":["https:\/\/arteeluoghi.it\/index.php\/2017\/12\/01\/nel-levigatissimo-mondo-degli-uguali-la-disabilita-ricchezza\/#respond"]}]},{"@type":"Person","@id":"https:\/\/arteeluoghi.it\/#\/schema\/person\/f84e814e36e91e01448ee07eaadd41d4","name":"Staff","image":{"@type":"ImageObject","@id":"https:\/\/arteeluoghi.it\/#personlogo","inLanguage":"it-IT","url":"https:\/\/secure.gravatar.com\/avatar\/49d2f9e46271bb04e19cebfaf141313a?s=96&d=blank&r=g","contentUrl":"https:\/\/secure.gravatar.com\/avatar\/49d2f9e46271bb04e19cebfaf141313a?s=96&d=blank&r=g","caption":"Staff"}}]}},"_links":{"self":[{"href":"https:\/\/arteeluoghi.it\/index.php\/wp-json\/wp\/v2\/posts\/4791"}],"collection":[{"href":"https:\/\/arteeluoghi.it\/index.php\/wp-json\/wp\/v2\/posts"}],"about":[{"href":"https:\/\/arteeluoghi.it\/index.php\/wp-json\/wp\/v2\/types\/post"}],"author":[{"embeddable":true,"href":"https:\/\/arteeluoghi.it\/index.php\/wp-json\/wp\/v2\/users\/1"}],"replies":[{"embeddable":true,"href":"https:\/\/arteeluoghi.it\/index.php\/wp-json\/wp\/v2\/comments?post=4791"}],"version-history":[{"count":2,"href":"https:\/\/arteeluoghi.it\/index.php\/wp-json\/wp\/v2\/posts\/4791\/revisions"}],"predecessor-version":[{"id":4794,"href":"https:\/\/arteeluoghi.it\/index.php\/wp-json\/wp\/v2\/posts\/4791\/revisions\/4794"}],"wp:featuredmedia":[{"embeddable":true,"href":"https:\/\/arteeluoghi.it\/index.php\/wp-json\/wp\/v2\/media\/4792"}],"wp:attachment":[{"href":"https:\/\/arteeluoghi.it\/index.php\/wp-json\/wp\/v2\/media?parent=4791"}],"wp:term":[{"taxonomy":"category","embeddable":true,"href":"https:\/\/arteeluoghi.it\/index.php\/wp-json\/wp\/v2\/categories?post=4791"},{"taxonomy":"post_tag","embeddable":true,"href":"https:\/\/arteeluoghi.it\/index.php\/wp-json\/wp\/v2\/tags?post=4791"}],"curies":[{"name":"wp","href":"https:\/\/api.w.org\/{rel}","templated":true}]}}