{"id":4874,"date":"2017-12-28T22:08:20","date_gmt":"2017-12-28T21:08:20","guid":{"rendered":"http:\/\/arteeluoghi.it\/?p=4874"},"modified":"2018-01-08T22:18:43","modified_gmt":"2018-01-08T21:18:43","slug":"odio-gli-indifferenti-gramsci-oggi","status":"publish","type":"post","link":"https:\/\/arteeluoghi.it\/index.php\/2017\/12\/28\/odio-gli-indifferenti-gramsci-oggi\/","title":{"rendered":"Odio gli indifferenti. Gramsci oggi"},"content":{"rendered":"<p><img loading=\"lazy\" class=\"size-medium wp-image-4875 alignleft\" src=\"https:\/\/arteeluoghi.it\/wp-content\/uploads\/2018\/01\/Lughia-Il-Popolo-Seduto-installazione-2011--300x300.jpg\" alt=\"\" width=\"300\" height=\"300\" srcset=\"https:\/\/arteeluoghi.it\/wp-content\/uploads\/2018\/01\/Lughia-Il-Popolo-Seduto-installazione-2011--300x300.jpg 300w, https:\/\/arteeluoghi.it\/wp-content\/uploads\/2018\/01\/Lughia-Il-Popolo-Seduto-installazione-2011--150x150.jpg 150w, https:\/\/arteeluoghi.it\/wp-content\/uploads\/2018\/01\/Lughia-Il-Popolo-Seduto-installazione-2011--768x768.jpg 768w, https:\/\/arteeluoghi.it\/wp-content\/uploads\/2018\/01\/Lughia-Il-Popolo-Seduto-installazione-2011--1024x1024.jpg 1024w, https:\/\/arteeluoghi.it\/wp-content\/uploads\/2018\/01\/Lughia-Il-Popolo-Seduto-installazione-2011-.jpg 1890w\" sizes=\"(max-width: 300px) 100vw, 300px\" \/>di Giuseppe Salerno<\/p>\n<p>Per quelli che non sono nati nella prima met\u00e0 del secolo scorso, per quelli che non hanno militato nelle fila del Partito Comunista Italiano e non ne sono stati detrattori, per quelli che hanno vissuto lontani dalla politica attiva e non ne hanno fatto oggetto di studio, Gramsci \u00e8 soltanto un nome. Il nome di uno dei tanti personaggi della nostra storia che, sotto il velo di una memoria sbiadita, provocano in pi\u00f9 di qualcuno imbarazzo allorch\u00e9, chiamati a metterne a fuoco la figura, sono costretti a ricercare nell\u2019immaginario collettivo un qualche stereotipo cui appigliarsi per la costruzione di un sia pur minimo discorso.<br \/>\nNato per il rotto della cuffia sul finire della prima met\u00e0 del secolo scorso, pur riconoscendomi un tempo nei valori della sinistra non ho militato nel PCI giacch\u00e9 la coscienza di appartenere ad un universo di individui pensanti mi ha impedito di identificarmi in schieramenti precostituiti, inducendomi piuttosto a monitorare in proprio ogni mutamento sociale pronto a risettare continuamente pensiero e comportamento nella direzione di una societ\u00e0 migliore. Una vita vissuta da cane sciolto che, non preservandomi dall\u2019essere al servizio di un qualche padrone, mi ha per\u00f2 mantenuto intellettualmente vivo, in grado di coltivare una visione critica di quel frenetico divenire che, rimescolando continuamente le carte, fa agio su un numero crescente di indifferenti, quelli tanto in odio a Gramsci.<!--more--><br \/>\n<span class=\"_Tgc _s8w\">\u00c8<\/span> trascorso un secolo dacch\u00e9 il fondatore del PCI scriveva nei suoi quaderni di una societ\u00e0 poi profondamente mutata e nella quale \u00e8 oggi per noi impossibile riconoscersi.<br \/>\nIn un pianeta infinitamente pi\u00f9 piccolo la quotidianit\u00e0 \u00e8 un inestricabile intreccio di reale e virtuale che vede prepotentemente avanzare intelligenza artificiale e robotica.<br \/>\nSovranit\u00e0 nazionale e coscienza di classe sono retaggi del passato di difficile comprensione in un mondo mediatico nel quale il pi\u00f9 lieve battito d\u2019ali \u00e8 suscettibile di divenire ragione di paure planetarie controllate.<br \/>\nSe nel pensiero gramsciano il ruolo egemonico dell\u2019intellettuale discendeva dalla capacit\u00e0 di indicare un avvenire migliore sulla base di una attenta analisi del presente, oggi, costretti in un mondo rettangolare, ci ritroviamo inconsapevolmente anestetizzati da tuttologi che, con scarse conoscenze del passato, pontificano sul presente privi di qualsivoglia visione futura. Un mondo frammentato che si consuma nell\u2019oggi al pari delle merci a scadenza programmata. Egemonizzati, questa volta davvero, da invisibili entit\u00e0 della finanza transnazionale abbiamo dimenticato il sapore della vita in un universo che ci appare privo di senso, dove tutto coesiste nella pi\u00f9 totale confusione.<br \/>\nIn questi scenari in continuo ed inarrestato divenire a ragione dell\u2019assenza della politica, l\u2019arte dimostra la propria capacit\u00e0 di sopravvivere allorch\u00e9 prende le distanze da processi che, in disprezzo della vita, ci allontanano da quell\u2019unicum di cui siamo parte e in cui da tempo stentiamo a riconoscerci.<br \/>\nCon la libert\u00e0 di intelletto e d\u2019azione che lo contraddistingue, l\u2019artista ha la prerogativa di offrire punti di vista non allineati al pensiero unico. Ed \u00e8 cos\u00ec che sedici artisti, rivolgendosi a Gramsci con i limiti di cui sopra, ci mettono di fronte, con modalit\u00e0 e poetiche uniche, ad un sentire che calandosi nella storia non perde di vista il proprio tempo.<br \/>\nTra le tante, l\u2019installazione \u201cIl popolo seduto\u201d di Lughia \u00e8 l\u2019efficace rappresentazione di un paese che, voltate le spalle ad un passato d\u2019azione, soggiace, impotente, alla luce soporifera di un tubo catodico che veicola la nuova ideologia del consumo.<br \/>\nLeonardo Cemak, che riconosce nelle scritte murali la memoria del nostro tempo, accosta l\u2019icona spray di Gramsci a quella del Che Guevara. Giulia di Vitantonio con \u201cCensure\u201d ci dice che annullare il pensiero equivale ad annullare l\u2019intera societ\u00e0. Tre immagini in bianco e nero di Dino Mogianesi ben rappresentano la solitudine ed il procedere in ordine sparso che contraddistingue il nostro tempo.<br \/>\nCurata da Giancarlo Bassotti e promossa dall\u2019Istituto Gramsci, la rassegna Odio gli Indifferenti ha visto a Jesi opere di 16 artisti esposte nei locali di Palazzo Santoni dal 1 al 10 dicembre.<\/p>\n<p>&nbsp;<\/p>\n<div data-url=\"https:\/\/issuu.com\/arteeluoghi\/docs\/arteeluoghidicembre2017\/62\" style=\"width: 800px; height: 514px;\" class=\"issuuembed\"><\/div>\n<p><script type=\"text\/javascript\" src=\"\/\/e.issuu.com\/embed.js\" async=\"true\"><\/script><\/p>\n","protected":false},"excerpt":{"rendered":"<p>di Giuseppe Salerno Per quelli che non sono nati nella prima met\u00e0 del secolo scorso, per quelli che non hanno<\/p>\n","protected":false},"author":1,"featured_media":4876,"comment_status":"open","ping_status":"open","sticky":true,"template":"","format":"standard","meta":[],"categories":[27,3,52],"tags":[655,676,677],"yoast_head":"<!-- This site is optimized with the Yoast SEO plugin v18.0 - https:\/\/yoast.com\/wordpress\/plugins\/seo\/ -->\n<title>Odio gli indifferenti. Gramsci oggi | Arte e Luoghi<\/title>\n<meta name=\"robots\" content=\"index, follow, max-snippet:-1, max-image-preview:large, max-video-preview:-1\" \/>\n<link rel=\"canonical\" href=\"https:\/\/arteeluoghi.it\/index.php\/2017\/12\/28\/odio-gli-indifferenti-gramsci-oggi\/\" \/>\n<meta property=\"og:locale\" content=\"it_IT\" \/>\n<meta property=\"og:type\" content=\"article\" \/>\n<meta property=\"og:title\" content=\"Odio gli indifferenti. Gramsci oggi | Arte e Luoghi\" \/>\n<meta property=\"og:description\" content=\"di Giuseppe Salerno Per quelli che non sono nati nella prima met\u00e0 del secolo scorso, per quelli che non hanno\" \/>\n<meta property=\"og:url\" content=\"https:\/\/arteeluoghi.it\/index.php\/2017\/12\/28\/odio-gli-indifferenti-gramsci-oggi\/\" \/>\n<meta property=\"og:site_name\" content=\"Arte e Luoghi\" \/>\n<meta property=\"article:publisher\" content=\"https:\/\/www.facebook.com\/ArteELuoghi\/\" \/>\n<meta property=\"article:published_time\" content=\"2017-12-28T21:08:20+00:00\" \/>\n<meta property=\"article:modified_time\" content=\"2018-01-08T21:18:43+00:00\" \/>\n<meta property=\"og:image\" content=\"https:\/\/arteeluoghi.it\/wp-content\/uploads\/2018\/01\/Di-Vitantonio-Giulia-Censure-1024x726.jpg\" \/>\n\t<meta property=\"og:image:width\" content=\"1024\" \/>\n\t<meta property=\"og:image:height\" content=\"726\" \/>\n\t<meta property=\"og:image:type\" content=\"image\/jpeg\" \/>\n<meta name=\"twitter:card\" content=\"summary\" \/>\n<meta name=\"twitter:creator\" content=\"@arteeluoghi\" \/>\n<meta name=\"twitter:site\" content=\"@arteeluoghi\" \/>\n<meta name=\"twitter:label1\" content=\"Scritto da\" \/>\n\t<meta name=\"twitter:data1\" content=\"Staff\" \/>\n\t<meta name=\"twitter:label2\" content=\"Tempo di lettura stimato\" \/>\n\t<meta name=\"twitter:data2\" content=\"3 minuti\" \/>\n<script type=\"application\/ld+json\" class=\"yoast-schema-graph\">{\"@context\":\"https:\/\/schema.org\",\"@graph\":[{\"@type\":\"Organization\",\"@id\":\"https:\/\/arteeluoghi.it\/#organization\",\"name\":\"Arte e Luoghi\",\"url\":\"https:\/\/arteeluoghi.it\/\",\"sameAs\":[\"https:\/\/www.facebook.com\/ArteELuoghi\/\",\"https:\/\/www.instagram.com\/arteeluoghi\/?hl=it\",\"https:\/\/www.youtube.com\/channel\/UCuRVc4JW4-C5sg9rQB-srkw?view_as=subscriber\",\"https:\/\/twitter.com\/arteeluoghi\"],\"logo\":{\"@type\":\"ImageObject\",\"@id\":\"https:\/\/arteeluoghi.it\/#logo\",\"inLanguage\":\"it-IT\",\"url\":\"https:\/\/arteeluoghi.it\/wp-content\/uploads\/2018\/08\/logoinstagramarte.jpg\",\"contentUrl\":\"https:\/\/arteeluoghi.it\/wp-content\/uploads\/2018\/08\/logoinstagramarte.jpg\",\"width\":150,\"height\":150,\"caption\":\"Arte e Luoghi\"},\"image\":{\"@id\":\"https:\/\/arteeluoghi.it\/#logo\"}},{\"@type\":\"WebSite\",\"@id\":\"https:\/\/arteeluoghi.it\/#website\",\"url\":\"https:\/\/arteeluoghi.it\/\",\"name\":\"Arte e Luoghi\",\"description\":\"Mensile di arte, cultura, turismo e curiosit\u00e0\",\"publisher\":{\"@id\":\"https:\/\/arteeluoghi.it\/#organization\"},\"potentialAction\":[{\"@type\":\"SearchAction\",\"target\":{\"@type\":\"EntryPoint\",\"urlTemplate\":\"https:\/\/arteeluoghi.it\/?s={search_term_string}\"},\"query-input\":\"required name=search_term_string\"}],\"inLanguage\":\"it-IT\"},{\"@type\":\"ImageObject\",\"@id\":\"https:\/\/arteeluoghi.it\/index.php\/2017\/12\/28\/odio-gli-indifferenti-gramsci-oggi\/#primaryimage\",\"inLanguage\":\"it-IT\",\"url\":\"https:\/\/arteeluoghi.it\/wp-content\/uploads\/2018\/01\/Di-Vitantonio-Giulia-Censure.jpg\",\"contentUrl\":\"https:\/\/arteeluoghi.it\/wp-content\/uploads\/2018\/01\/Di-Vitantonio-Giulia-Censure.jpg\",\"width\":4656,\"height\":3302,\"caption\":\"Di Vitantonio Giulia - Censure\"},{\"@type\":\"WebPage\",\"@id\":\"https:\/\/arteeluoghi.it\/index.php\/2017\/12\/28\/odio-gli-indifferenti-gramsci-oggi\/#webpage\",\"url\":\"https:\/\/arteeluoghi.it\/index.php\/2017\/12\/28\/odio-gli-indifferenti-gramsci-oggi\/\",\"name\":\"Odio gli indifferenti. Gramsci oggi | Arte e Luoghi\",\"isPartOf\":{\"@id\":\"https:\/\/arteeluoghi.it\/#website\"},\"primaryImageOfPage\":{\"@id\":\"https:\/\/arteeluoghi.it\/index.php\/2017\/12\/28\/odio-gli-indifferenti-gramsci-oggi\/#primaryimage\"},\"datePublished\":\"2017-12-28T21:08:20+00:00\",\"dateModified\":\"2018-01-08T21:18:43+00:00\",\"breadcrumb\":{\"@id\":\"https:\/\/arteeluoghi.it\/index.php\/2017\/12\/28\/odio-gli-indifferenti-gramsci-oggi\/#breadcrumb\"},\"inLanguage\":\"it-IT\",\"potentialAction\":[{\"@type\":\"ReadAction\",\"target\":[\"https:\/\/arteeluoghi.it\/index.php\/2017\/12\/28\/odio-gli-indifferenti-gramsci-oggi\/\"]}]},{\"@type\":\"BreadcrumbList\",\"@id\":\"https:\/\/arteeluoghi.it\/index.php\/2017\/12\/28\/odio-gli-indifferenti-gramsci-oggi\/#breadcrumb\",\"itemListElement\":[{\"@type\":\"ListItem\",\"position\":1,\"name\":\"Home\",\"item\":\"https:\/\/arteeluoghi.it\/\"},{\"@type\":\"ListItem\",\"position\":2,\"name\":\"Odio gli indifferenti. Gramsci oggi\"}]},{\"@type\":\"Article\",\"@id\":\"https:\/\/arteeluoghi.it\/index.php\/2017\/12\/28\/odio-gli-indifferenti-gramsci-oggi\/#article\",\"isPartOf\":{\"@id\":\"https:\/\/arteeluoghi.it\/index.php\/2017\/12\/28\/odio-gli-indifferenti-gramsci-oggi\/#webpage\"},\"author\":{\"@id\":\"https:\/\/arteeluoghi.it\/#\/schema\/person\/f84e814e36e91e01448ee07eaadd41d4\"},\"headline\":\"Odio gli indifferenti. Gramsci oggi\",\"datePublished\":\"2017-12-28T21:08:20+00:00\",\"dateModified\":\"2018-01-08T21:18:43+00:00\",\"mainEntityOfPage\":{\"@id\":\"https:\/\/arteeluoghi.it\/index.php\/2017\/12\/28\/odio-gli-indifferenti-gramsci-oggi\/#webpage\"},\"wordCount\":668,\"commentCount\":0,\"publisher\":{\"@id\":\"https:\/\/arteeluoghi.it\/#organization\"},\"image\":{\"@id\":\"https:\/\/arteeluoghi.it\/index.php\/2017\/12\/28\/odio-gli-indifferenti-gramsci-oggi\/#primaryimage\"},\"thumbnailUrl\":\"https:\/\/arteeluoghi.it\/wp-content\/uploads\/2018\/01\/Di-Vitantonio-Giulia-Censure.jpg\",\"keywords\":[\"collettiva d'arte\",\"Gramsci\",\"Istituto Gramsci\"],\"articleSection\":[\"Arte\",\"Arti visive\",\"I luoghi della parola\"],\"inLanguage\":\"it-IT\",\"potentialAction\":[{\"@type\":\"CommentAction\",\"name\":\"Comment\",\"target\":[\"https:\/\/arteeluoghi.it\/index.php\/2017\/12\/28\/odio-gli-indifferenti-gramsci-oggi\/#respond\"]}]},{\"@type\":\"Person\",\"@id\":\"https:\/\/arteeluoghi.it\/#\/schema\/person\/f84e814e36e91e01448ee07eaadd41d4\",\"name\":\"Staff\",\"image\":{\"@type\":\"ImageObject\",\"@id\":\"https:\/\/arteeluoghi.it\/#personlogo\",\"inLanguage\":\"it-IT\",\"url\":\"https:\/\/secure.gravatar.com\/avatar\/49d2f9e46271bb04e19cebfaf141313a?s=96&d=blank&r=g\",\"contentUrl\":\"https:\/\/secure.gravatar.com\/avatar\/49d2f9e46271bb04e19cebfaf141313a?s=96&d=blank&r=g\",\"caption\":\"Staff\"}}]}<\/script>\n<!-- \/ Yoast SEO plugin. -->","yoast_head_json":{"title":"Odio gli indifferenti. Gramsci oggi | Arte e Luoghi","robots":{"index":"index","follow":"follow","max-snippet":"max-snippet:-1","max-image-preview":"max-image-preview:large","max-video-preview":"max-video-preview:-1"},"canonical":"https:\/\/arteeluoghi.it\/index.php\/2017\/12\/28\/odio-gli-indifferenti-gramsci-oggi\/","og_locale":"it_IT","og_type":"article","og_title":"Odio gli indifferenti. Gramsci oggi | Arte e Luoghi","og_description":"di Giuseppe Salerno Per quelli che non sono nati nella prima met\u00e0 del secolo scorso, per quelli che non hanno","og_url":"https:\/\/arteeluoghi.it\/index.php\/2017\/12\/28\/odio-gli-indifferenti-gramsci-oggi\/","og_site_name":"Arte e Luoghi","article_publisher":"https:\/\/www.facebook.com\/ArteELuoghi\/","article_published_time":"2017-12-28T21:08:20+00:00","article_modified_time":"2018-01-08T21:18:43+00:00","og_image":[{"width":1024,"height":726,"url":"https:\/\/arteeluoghi.it\/wp-content\/uploads\/2018\/01\/Di-Vitantonio-Giulia-Censure-1024x726.jpg","type":"image\/jpeg"}],"twitter_card":"summary","twitter_creator":"@arteeluoghi","twitter_site":"@arteeluoghi","twitter_misc":{"Scritto da":"Staff","Tempo di lettura stimato":"3 minuti"},"schema":{"@context":"https:\/\/schema.org","@graph":[{"@type":"Organization","@id":"https:\/\/arteeluoghi.it\/#organization","name":"Arte e Luoghi","url":"https:\/\/arteeluoghi.it\/","sameAs":["https:\/\/www.facebook.com\/ArteELuoghi\/","https:\/\/www.instagram.com\/arteeluoghi\/?hl=it","https:\/\/www.youtube.com\/channel\/UCuRVc4JW4-C5sg9rQB-srkw?view_as=subscriber","https:\/\/twitter.com\/arteeluoghi"],"logo":{"@type":"ImageObject","@id":"https:\/\/arteeluoghi.it\/#logo","inLanguage":"it-IT","url":"https:\/\/arteeluoghi.it\/wp-content\/uploads\/2018\/08\/logoinstagramarte.jpg","contentUrl":"https:\/\/arteeluoghi.it\/wp-content\/uploads\/2018\/08\/logoinstagramarte.jpg","width":150,"height":150,"caption":"Arte e Luoghi"},"image":{"@id":"https:\/\/arteeluoghi.it\/#logo"}},{"@type":"WebSite","@id":"https:\/\/arteeluoghi.it\/#website","url":"https:\/\/arteeluoghi.it\/","name":"Arte e Luoghi","description":"Mensile di arte, cultura, turismo e curiosit\u00e0","publisher":{"@id":"https:\/\/arteeluoghi.it\/#organization"},"potentialAction":[{"@type":"SearchAction","target":{"@type":"EntryPoint","urlTemplate":"https:\/\/arteeluoghi.it\/?s={search_term_string}"},"query-input":"required name=search_term_string"}],"inLanguage":"it-IT"},{"@type":"ImageObject","@id":"https:\/\/arteeluoghi.it\/index.php\/2017\/12\/28\/odio-gli-indifferenti-gramsci-oggi\/#primaryimage","inLanguage":"it-IT","url":"https:\/\/arteeluoghi.it\/wp-content\/uploads\/2018\/01\/Di-Vitantonio-Giulia-Censure.jpg","contentUrl":"https:\/\/arteeluoghi.it\/wp-content\/uploads\/2018\/01\/Di-Vitantonio-Giulia-Censure.jpg","width":4656,"height":3302,"caption":"Di Vitantonio Giulia - Censure"},{"@type":"WebPage","@id":"https:\/\/arteeluoghi.it\/index.php\/2017\/12\/28\/odio-gli-indifferenti-gramsci-oggi\/#webpage","url":"https:\/\/arteeluoghi.it\/index.php\/2017\/12\/28\/odio-gli-indifferenti-gramsci-oggi\/","name":"Odio gli indifferenti. Gramsci oggi | Arte e Luoghi","isPartOf":{"@id":"https:\/\/arteeluoghi.it\/#website"},"primaryImageOfPage":{"@id":"https:\/\/arteeluoghi.it\/index.php\/2017\/12\/28\/odio-gli-indifferenti-gramsci-oggi\/#primaryimage"},"datePublished":"2017-12-28T21:08:20+00:00","dateModified":"2018-01-08T21:18:43+00:00","breadcrumb":{"@id":"https:\/\/arteeluoghi.it\/index.php\/2017\/12\/28\/odio-gli-indifferenti-gramsci-oggi\/#breadcrumb"},"inLanguage":"it-IT","potentialAction":[{"@type":"ReadAction","target":["https:\/\/arteeluoghi.it\/index.php\/2017\/12\/28\/odio-gli-indifferenti-gramsci-oggi\/"]}]},{"@type":"BreadcrumbList","@id":"https:\/\/arteeluoghi.it\/index.php\/2017\/12\/28\/odio-gli-indifferenti-gramsci-oggi\/#breadcrumb","itemListElement":[{"@type":"ListItem","position":1,"name":"Home","item":"https:\/\/arteeluoghi.it\/"},{"@type":"ListItem","position":2,"name":"Odio gli indifferenti. Gramsci oggi"}]},{"@type":"Article","@id":"https:\/\/arteeluoghi.it\/index.php\/2017\/12\/28\/odio-gli-indifferenti-gramsci-oggi\/#article","isPartOf":{"@id":"https:\/\/arteeluoghi.it\/index.php\/2017\/12\/28\/odio-gli-indifferenti-gramsci-oggi\/#webpage"},"author":{"@id":"https:\/\/arteeluoghi.it\/#\/schema\/person\/f84e814e36e91e01448ee07eaadd41d4"},"headline":"Odio gli indifferenti. Gramsci oggi","datePublished":"2017-12-28T21:08:20+00:00","dateModified":"2018-01-08T21:18:43+00:00","mainEntityOfPage":{"@id":"https:\/\/arteeluoghi.it\/index.php\/2017\/12\/28\/odio-gli-indifferenti-gramsci-oggi\/#webpage"},"wordCount":668,"commentCount":0,"publisher":{"@id":"https:\/\/arteeluoghi.it\/#organization"},"image":{"@id":"https:\/\/arteeluoghi.it\/index.php\/2017\/12\/28\/odio-gli-indifferenti-gramsci-oggi\/#primaryimage"},"thumbnailUrl":"https:\/\/arteeluoghi.it\/wp-content\/uploads\/2018\/01\/Di-Vitantonio-Giulia-Censure.jpg","keywords":["collettiva d'arte","Gramsci","Istituto Gramsci"],"articleSection":["Arte","Arti visive","I luoghi della parola"],"inLanguage":"it-IT","potentialAction":[{"@type":"CommentAction","name":"Comment","target":["https:\/\/arteeluoghi.it\/index.php\/2017\/12\/28\/odio-gli-indifferenti-gramsci-oggi\/#respond"]}]},{"@type":"Person","@id":"https:\/\/arteeluoghi.it\/#\/schema\/person\/f84e814e36e91e01448ee07eaadd41d4","name":"Staff","image":{"@type":"ImageObject","@id":"https:\/\/arteeluoghi.it\/#personlogo","inLanguage":"it-IT","url":"https:\/\/secure.gravatar.com\/avatar\/49d2f9e46271bb04e19cebfaf141313a?s=96&d=blank&r=g","contentUrl":"https:\/\/secure.gravatar.com\/avatar\/49d2f9e46271bb04e19cebfaf141313a?s=96&d=blank&r=g","caption":"Staff"}}]}},"_links":{"self":[{"href":"https:\/\/arteeluoghi.it\/index.php\/wp-json\/wp\/v2\/posts\/4874"}],"collection":[{"href":"https:\/\/arteeluoghi.it\/index.php\/wp-json\/wp\/v2\/posts"}],"about":[{"href":"https:\/\/arteeluoghi.it\/index.php\/wp-json\/wp\/v2\/types\/post"}],"author":[{"embeddable":true,"href":"https:\/\/arteeluoghi.it\/index.php\/wp-json\/wp\/v2\/users\/1"}],"replies":[{"embeddable":true,"href":"https:\/\/arteeluoghi.it\/index.php\/wp-json\/wp\/v2\/comments?post=4874"}],"version-history":[{"count":1,"href":"https:\/\/arteeluoghi.it\/index.php\/wp-json\/wp\/v2\/posts\/4874\/revisions"}],"predecessor-version":[{"id":4877,"href":"https:\/\/arteeluoghi.it\/index.php\/wp-json\/wp\/v2\/posts\/4874\/revisions\/4877"}],"wp:featuredmedia":[{"embeddable":true,"href":"https:\/\/arteeluoghi.it\/index.php\/wp-json\/wp\/v2\/media\/4876"}],"wp:attachment":[{"href":"https:\/\/arteeluoghi.it\/index.php\/wp-json\/wp\/v2\/media?parent=4874"}],"wp:term":[{"taxonomy":"category","embeddable":true,"href":"https:\/\/arteeluoghi.it\/index.php\/wp-json\/wp\/v2\/categories?post=4874"},{"taxonomy":"post_tag","embeddable":true,"href":"https:\/\/arteeluoghi.it\/index.php\/wp-json\/wp\/v2\/tags?post=4874"}],"curies":[{"name":"wp","href":"https:\/\/api.w.org\/{rel}","templated":true}]}}