{"id":488,"date":"2012-02-02T14:27:55","date_gmt":"2012-02-02T13:27:55","guid":{"rendered":"http:\/\/arteeluoghi.it\/index.php\/2012\/02\/02\/i-film-in-concorso-per-il-terzo-premio-qmario-verdoneq\/"},"modified":"2017-08-06T03:11:54","modified_gmt":"2017-08-06T01:11:54","slug":"i-film-in-concorso-per-il-terzo-premio-qmario-verdoneq","status":"publish","type":"post","link":"https:\/\/arteeluoghi.it\/index.php\/2012\/02\/02\/i-film-in-concorso-per-il-terzo-premio-qmario-verdoneq\/","title":{"rendered":"I FILM IN CONCORSO PER IL TERZO PREMIO &#8220;MARIO VERDONE&#8221;"},"content":{"rendered":"<p><strong><img src=\"\/images\/stories\/logocinema.jpg\" border=\"0\" style=\"float: left; margin: 40px;\" \/>XIII FESTIVAL DEL CINEMA EUROPEO<\/strong><\/p>\n<p style=\"text-align: left;\">Lecce, 17 \u2013 21 aprile 2012<\/p>\n<p style=\"text-align: left;\">III Premio Mario Verdone<\/p>\n<p style=\"text-align: left;\"><strong>I FILM IN CONCORSO<\/strong><\/p>\n<p style=\"text-align: left;\">\u00a0<\/p>\n<p><strong>Il Comitato di Selezione<\/strong>, composto da Laura Delli Colli, Marcello Foti e Alberto La Monica, <strong>annuncia gli undici film che concorreranno alla III edizione del Premio Mario Verdone che sar\u00e0 consegnato a Lecce durante il prossimo Festival del Cinema Europeo<\/strong>: <strong><em>CAVALLI<\/em> <\/strong>di Michele Rho (2011) opera prima, <strong><em>CORPO CELESTE<\/em> <\/strong>di Alice Rohrwacher (2011) opera prima, <strong><em>IO SONO LI\u2019<\/em> <\/strong>di Andrea Segre (2011) opera prima, <strong><em>LA-B\u00c0S &#8211; EDUCAZIONE CRIMINALE<\/em> <\/strong>di Guido Lombardi (2011) opera prima, <strong><em>MISSIONE DI PACE<\/em> <\/strong>di Francesco Lagi (2011) opera prima, <strong><em>MOZZARELLA STORIES<\/em> <\/strong>di Edoardo De Angelis (2011) opera prima<strong><em>, IL PAESE DELLE SPOSE INFELICI<\/em> <\/strong>di Pippo Mezzapesa (2011) opera prima, <strong><em>LA PEGGIOR SETTIMANA DELLA MIA VITA <\/em><\/strong>di Alessandro Genovesi (2011) opera prima, <strong><em>I PRIMI DELLA LISTA <\/em><\/strong>di Roan Johnson (2011) opera seconda, <strong><em>I PI\u00d9 GRANDI DI TUTTI<\/em> <\/strong>di Carlo Virz\u00ec (2011) opera seconda, <strong><em>SETTE OPERE DI MISERICORDIA<\/em> <\/strong>di Gianluca e Massimiliano De Serio (2011) opera prima.<\/p>\n<p>  <!--more-->  <\/p>\n<p>Il Premio dedicato a Mario Verdone \u00e8 stato istituito tre anni fa &#8211; in accordo con la famiglia Verdone &#8211; dal Festival del Cinema Europeo che si \u00e8 avvalso della prestigiosa collaborazione del Centro Sperimentale di Cinematografia e del Sindacato Nazionale Giornalisti Cinematografici Italiani, con l\u2019intento di premiare un giovane autore italiano (massimo 40 anni) che si sia particolarmente distinto per il suo talento nell&#8217;ultima stagione cinematografica nella realizzazione di un\u2019opera prima o seconda. Sulla base della selezione proposta dal Festival del Cinema Europeo, dal Sindacato Nazionale Giornalisti Cinematografici Italiani e dal Centro Sperimentale di Cinematografia<strong> <\/strong>sar\u00e0 la <strong>famiglia Verdone &#8211; Carlo, Luca e Silvia <\/strong>&#8211; a scegliere il vincitore dell\u2019edizione 2012.<\/p>\n<p><strong> <\/strong><\/p>\n<p><strong>\u201cSiamo sempre pi\u00f9 convinti, io e i miei fratelli Luca e Silvia, <\/strong><strong>&#8211; sottolinea Carlo Verdone &#8211;<\/strong><strong> di aver ricordato nostro padre Mario nella sede ideale. Il Festival del Cinema Europeo, di estrema qualit\u00e0 e sensibilit\u00e0 verso le opere di nuovi autori, si pone come appuntamento di eccellenza per chi ama il rigore e la qualit\u00e0 nei giorni in cui cineasti giovani e pi\u00f9 maturi si incontrano in una grande festa all\u2019insegna del \u201cvalido\u201d e del \u201ctalento\u201d nel Cinema. Questa stagione cinematografica offre molti nuovi nomi all\u2019attenzione del pubblico: registi ed attori dalla personalit\u00e0 forte e dallo stile assolutamente personale. E questo render\u00e0 sicuramente pi\u00f9 arduo e delicato il nostro compito di assegnare il Premio Mario Verdone ad un giovane regista. Gi\u00e0 il fatto di aver premiato, nelle due edizioni precedenti, pellicole che poi si son viste assegnare il David di Donatello, testimonia la nostra grande sensibilit\u00e0 nel giudizio. Non mi resta che augurare a questo giovane Festival di crescere sempre di pi\u00f9, al fine di diventare luogo e riferimento (ma lo \u00e8 gi\u00e0) di seria cultura cinematografica non solo per la Puglia ma per l\u2019intero meridione d\u2019Italia\u201d.<\/strong><strong> <\/strong><\/p>\n<p>\u00a0<\/p>\n<p>\u201cE\u2019 stato naturale aderire a quest\u2019iniziativa &#8211; <strong>dice Laura Delli Colli, per il SNGCI<\/strong> &#8211; non solo per l\u2019affetto che ci lega alla figura del professor Verdone e l\u2019impegno che ci ha regalato negli anni, per il Premio Sacchi, come lettore attento delle tesi di laurea sul cinema. Oggi ci sembra anche importante il valore di promozione dei giovani che questo premio sta dimostrando di avere in s\u00e9. Lo dimostrano le scelte di Carlo, Luca e Silvia e ne \u00e8 una conferma la segnalazione, in questi due anni, di due autori emergenti come Susanna Nicchiarelli, al lavoro per il suo secondo film e Aureliano Amadei, un piccolo caso di successo con un\u2019opera certo non facile come <em>20 sigarette<\/em>. Abbiamo l\u2019impressione che la scelta quest\u2019anno sar\u00e0 pi\u00f9 difficile perch\u00e9 le opere prime e seconde indicano che sta nascendo una nuova leva. Un fenomeno che Mario Verdone avrebbe certamente apprezzato: ancora e sempre suo impegno per il cinema, il suo insegnamento e la pazienza che ha avuto con tanti studenti resta una grande lezione di cultura e di umanit\u00e0 per tutti\u201d.<\/p>\n<p>\u00a0<\/p>\n<p>\u201cAnche in occasione della prossima edizione del Festival del Cinema Europeo \u2013 <strong>dichiara il Direttore Generale del CSC Marcello Foti<\/strong> &#8211; il CSC \u00e8 onorato di continuare ad assicurare la propria adesione e sostegno al Premio Mario Verdone, in ricordo di una delle pi\u00f9 autorevoli figure intellettuali della cultura del nostro Paese e segnatamente del cinema italiano. La rinnovata attenzione della famiglia Verdone verso il giovane cinema contemporaneo rappresenta un apprezzato contributo alla scoperta e all&#8217;affermazione dei nuovi talenti e consolida i forti vincoli di vicinanza con il CSC\u201d.<\/p>\n<p>\u00a0<\/p>\n<p>Il <strong>16 marzo<\/strong>, nel corso della presentazione del Festival a Roma, verr\u00e0 resa nota la <strong>terna dei <\/strong><strong>finalisti<\/strong> in lizza per il Premio Mario Verdone 2012. <strong>Il riconoscimento sar\u00e0 consegnato al vincitore<\/strong> <strong>dai fratelli Carlo, Luca e Silvia sabato 21 aprile a Lecce,<\/strong> durante la Cerimonia di chiusura della XIII edizione del Festival del Cinema Europeo che si terr\u00e0 presso la Multisala Massimo.<\/p>\n<p>Le precedenti edizioni sono state vinte da Susanna Nicchiarelli per <em>COSMONAUTA<\/em> e Aureliano Amadei per <em>20 SIGARETTE<\/em>.<\/p>\n<p>\u00a0<\/p>\n<p>Il Festival del Cinema Europeo,<strong> <\/strong>ideato ed organizzato dall\u2019Associazione Culturale \u201cArt Promotion\u201d, \u00e8 riconosciuto dal Ministero per i Beni e le Attivit\u00e0 Culturali \u201cmanifestazione d\u2019interesse nazionale\u201d. Si pregia del Patrocinio del Parlamento Europeo, del Comune di Lecce, del Ministero per i Beni e le Attivit\u00e0 Culturali-Direzione Generale Cinema, della Regione Puglia, della Provincia di Lecce, del Centro Sperimentale di Cinematografia, del S.N.C.C.I., del S.N.G.C.I., della FIPRESCI, dell&#8217;Apulia Film Commission, del Centro Nazionale del Cortometraggio, dell\u2019AIACE Nazionale, della CCIAA della Provincia di Lecce, dell\u2019Universit\u00e0 del Salento ed \u00e8 membro dell\u2019Associazione Festival Italiani di Cinema.<\/p>\n<p>(fonte: comunicato stampa)<\/p>\n","protected":false},"excerpt":{"rendered":"<p>XIII FESTIVAL DEL CINEMA EUROPEO Lecce, 17 \u2013 21 aprile 2012 III Premio Mario Verdone I FILM IN CONCORSO \u00a0<\/p>\n","protected":false},"author":1,"featured_media":0,"comment_status":"open","ping_status":"open","sticky":false,"template":"","format":"standard","meta":[],"categories":[29],"tags":[],"yoast_head":"<!-- This site is optimized with the Yoast SEO plugin v18.0 - https:\/\/yoast.com\/wordpress\/plugins\/seo\/ -->\n<title>I FILM IN CONCORSO PER IL TERZO PREMIO &quot;MARIO VERDONE&quot; | Arte e Luoghi<\/title>\n<meta name=\"robots\" content=\"index, follow, max-snippet:-1, max-image-preview:large, max-video-preview:-1\" \/>\n<link rel=\"canonical\" href=\"https:\/\/arteeluoghi.it\/index.php\/2012\/02\/02\/i-film-in-concorso-per-il-terzo-premio-qmario-verdoneq\/\" \/>\n<meta property=\"og:locale\" content=\"it_IT\" \/>\n<meta property=\"og:type\" content=\"article\" \/>\n<meta property=\"og:title\" content=\"I FILM IN CONCORSO PER IL TERZO PREMIO &quot;MARIO VERDONE&quot; | Arte e Luoghi\" \/>\n<meta property=\"og:description\" content=\"XIII FESTIVAL DEL CINEMA EUROPEO Lecce, 17 \u2013 21 aprile 2012 III Premio Mario Verdone I FILM IN CONCORSO \u00a0\" \/>\n<meta property=\"og:url\" content=\"https:\/\/arteeluoghi.it\/index.php\/2012\/02\/02\/i-film-in-concorso-per-il-terzo-premio-qmario-verdoneq\/\" \/>\n<meta property=\"og:site_name\" content=\"Arte e Luoghi\" \/>\n<meta property=\"article:publisher\" content=\"https:\/\/www.facebook.com\/ArteELuoghi\/\" \/>\n<meta property=\"article:published_time\" content=\"2012-02-02T13:27:55+00:00\" \/>\n<meta property=\"article:modified_time\" content=\"2017-08-06T01:11:54+00:00\" \/>\n<meta property=\"og:image\" content=\"https:\/\/arteeluoghi.it\/images\/stories\/logocinema.jpg\" \/>\n<meta name=\"twitter:card\" content=\"summary\" \/>\n<meta name=\"twitter:creator\" content=\"@arteeluoghi\" \/>\n<meta name=\"twitter:site\" content=\"@arteeluoghi\" \/>\n<meta name=\"twitter:label1\" content=\"Scritto da\" \/>\n\t<meta name=\"twitter:data1\" content=\"Staff\" \/>\n\t<meta name=\"twitter:label2\" content=\"Tempo di lettura stimato\" \/>\n\t<meta name=\"twitter:data2\" content=\"5 minuti\" \/>\n<script type=\"application\/ld+json\" class=\"yoast-schema-graph\">{\"@context\":\"https:\/\/schema.org\",\"@graph\":[{\"@type\":\"Organization\",\"@id\":\"https:\/\/arteeluoghi.it\/#organization\",\"name\":\"Arte e Luoghi\",\"url\":\"https:\/\/arteeluoghi.it\/\",\"sameAs\":[\"https:\/\/www.facebook.com\/ArteELuoghi\/\",\"https:\/\/www.instagram.com\/arteeluoghi\/?hl=it\",\"https:\/\/www.youtube.com\/channel\/UCuRVc4JW4-C5sg9rQB-srkw?view_as=subscriber\",\"https:\/\/twitter.com\/arteeluoghi\"],\"logo\":{\"@type\":\"ImageObject\",\"@id\":\"https:\/\/arteeluoghi.it\/#logo\",\"inLanguage\":\"it-IT\",\"url\":\"https:\/\/arteeluoghi.it\/wp-content\/uploads\/2018\/08\/logoinstagramarte.jpg\",\"contentUrl\":\"https:\/\/arteeluoghi.it\/wp-content\/uploads\/2018\/08\/logoinstagramarte.jpg\",\"width\":150,\"height\":150,\"caption\":\"Arte e Luoghi\"},\"image\":{\"@id\":\"https:\/\/arteeluoghi.it\/#logo\"}},{\"@type\":\"WebSite\",\"@id\":\"https:\/\/arteeluoghi.it\/#website\",\"url\":\"https:\/\/arteeluoghi.it\/\",\"name\":\"Arte e Luoghi\",\"description\":\"Mensile di arte, cultura, turismo e curiosit\u00e0\",\"publisher\":{\"@id\":\"https:\/\/arteeluoghi.it\/#organization\"},\"potentialAction\":[{\"@type\":\"SearchAction\",\"target\":{\"@type\":\"EntryPoint\",\"urlTemplate\":\"https:\/\/arteeluoghi.it\/?s={search_term_string}\"},\"query-input\":\"required name=search_term_string\"}],\"inLanguage\":\"it-IT\"},{\"@type\":\"ImageObject\",\"@id\":\"https:\/\/arteeluoghi.it\/index.php\/2012\/02\/02\/i-film-in-concorso-per-il-terzo-premio-qmario-verdoneq\/#primaryimage\",\"inLanguage\":\"it-IT\",\"url\":\"\/images\/stories\/logocinema.jpg\",\"contentUrl\":\"\/images\/stories\/logocinema.jpg\"},{\"@type\":\"WebPage\",\"@id\":\"https:\/\/arteeluoghi.it\/index.php\/2012\/02\/02\/i-film-in-concorso-per-il-terzo-premio-qmario-verdoneq\/#webpage\",\"url\":\"https:\/\/arteeluoghi.it\/index.php\/2012\/02\/02\/i-film-in-concorso-per-il-terzo-premio-qmario-verdoneq\/\",\"name\":\"I FILM IN CONCORSO PER IL TERZO PREMIO \\\"MARIO VERDONE\\\" | Arte e Luoghi\",\"isPartOf\":{\"@id\":\"https:\/\/arteeluoghi.it\/#website\"},\"primaryImageOfPage\":{\"@id\":\"https:\/\/arteeluoghi.it\/index.php\/2012\/02\/02\/i-film-in-concorso-per-il-terzo-premio-qmario-verdoneq\/#primaryimage\"},\"datePublished\":\"2012-02-02T13:27:55+00:00\",\"dateModified\":\"2017-08-06T01:11:54+00:00\",\"breadcrumb\":{\"@id\":\"https:\/\/arteeluoghi.it\/index.php\/2012\/02\/02\/i-film-in-concorso-per-il-terzo-premio-qmario-verdoneq\/#breadcrumb\"},\"inLanguage\":\"it-IT\",\"potentialAction\":[{\"@type\":\"ReadAction\",\"target\":[\"https:\/\/arteeluoghi.it\/index.php\/2012\/02\/02\/i-film-in-concorso-per-il-terzo-premio-qmario-verdoneq\/\"]}]},{\"@type\":\"BreadcrumbList\",\"@id\":\"https:\/\/arteeluoghi.it\/index.php\/2012\/02\/02\/i-film-in-concorso-per-il-terzo-premio-qmario-verdoneq\/#breadcrumb\",\"itemListElement\":[{\"@type\":\"ListItem\",\"position\":1,\"name\":\"Home\",\"item\":\"https:\/\/arteeluoghi.it\/\"},{\"@type\":\"ListItem\",\"position\":2,\"name\":\"I FILM IN CONCORSO PER IL TERZO PREMIO &#8220;MARIO VERDONE&#8221;\"}]},{\"@type\":\"Article\",\"@id\":\"https:\/\/arteeluoghi.it\/index.php\/2012\/02\/02\/i-film-in-concorso-per-il-terzo-premio-qmario-verdoneq\/#article\",\"isPartOf\":{\"@id\":\"https:\/\/arteeluoghi.it\/index.php\/2012\/02\/02\/i-film-in-concorso-per-il-terzo-premio-qmario-verdoneq\/#webpage\"},\"author\":{\"@id\":\"https:\/\/arteeluoghi.it\/#\/schema\/person\/f84e814e36e91e01448ee07eaadd41d4\"},\"headline\":\"I FILM IN CONCORSO PER IL TERZO PREMIO &#8220;MARIO VERDONE&#8221;\",\"datePublished\":\"2012-02-02T13:27:55+00:00\",\"dateModified\":\"2017-08-06T01:11:54+00:00\",\"mainEntityOfPage\":{\"@id\":\"https:\/\/arteeluoghi.it\/index.php\/2012\/02\/02\/i-film-in-concorso-per-il-terzo-premio-qmario-verdoneq\/#webpage\"},\"wordCount\":919,\"commentCount\":0,\"publisher\":{\"@id\":\"https:\/\/arteeluoghi.it\/#organization\"},\"image\":{\"@id\":\"https:\/\/arteeluoghi.it\/index.php\/2012\/02\/02\/i-film-in-concorso-per-il-terzo-premio-qmario-verdoneq\/#primaryimage\"},\"thumbnailUrl\":\"\/images\/stories\/logocinema.jpg\",\"articleSection\":[\"Cinema\"],\"inLanguage\":\"it-IT\",\"potentialAction\":[{\"@type\":\"CommentAction\",\"name\":\"Comment\",\"target\":[\"https:\/\/arteeluoghi.it\/index.php\/2012\/02\/02\/i-film-in-concorso-per-il-terzo-premio-qmario-verdoneq\/#respond\"]}]},{\"@type\":\"Person\",\"@id\":\"https:\/\/arteeluoghi.it\/#\/schema\/person\/f84e814e36e91e01448ee07eaadd41d4\",\"name\":\"Staff\",\"image\":{\"@type\":\"ImageObject\",\"@id\":\"https:\/\/arteeluoghi.it\/#personlogo\",\"inLanguage\":\"it-IT\",\"url\":\"https:\/\/secure.gravatar.com\/avatar\/49d2f9e46271bb04e19cebfaf141313a?s=96&d=blank&r=g\",\"contentUrl\":\"https:\/\/secure.gravatar.com\/avatar\/49d2f9e46271bb04e19cebfaf141313a?s=96&d=blank&r=g\",\"caption\":\"Staff\"}}]}<\/script>\n<!-- \/ Yoast SEO plugin. -->","yoast_head_json":{"title":"I FILM IN CONCORSO PER IL TERZO PREMIO \"MARIO VERDONE\" | Arte e Luoghi","robots":{"index":"index","follow":"follow","max-snippet":"max-snippet:-1","max-image-preview":"max-image-preview:large","max-video-preview":"max-video-preview:-1"},"canonical":"https:\/\/arteeluoghi.it\/index.php\/2012\/02\/02\/i-film-in-concorso-per-il-terzo-premio-qmario-verdoneq\/","og_locale":"it_IT","og_type":"article","og_title":"I FILM IN CONCORSO PER IL TERZO PREMIO \"MARIO VERDONE\" | Arte e Luoghi","og_description":"XIII FESTIVAL DEL CINEMA EUROPEO Lecce, 17 \u2013 21 aprile 2012 III Premio Mario Verdone I FILM IN CONCORSO \u00a0","og_url":"https:\/\/arteeluoghi.it\/index.php\/2012\/02\/02\/i-film-in-concorso-per-il-terzo-premio-qmario-verdoneq\/","og_site_name":"Arte e Luoghi","article_publisher":"https:\/\/www.facebook.com\/ArteELuoghi\/","article_published_time":"2012-02-02T13:27:55+00:00","article_modified_time":"2017-08-06T01:11:54+00:00","og_image":[{"url":"https:\/\/arteeluoghi.it\/images\/stories\/logocinema.jpg"}],"twitter_card":"summary","twitter_creator":"@arteeluoghi","twitter_site":"@arteeluoghi","twitter_misc":{"Scritto da":"Staff","Tempo di lettura stimato":"5 minuti"},"schema":{"@context":"https:\/\/schema.org","@graph":[{"@type":"Organization","@id":"https:\/\/arteeluoghi.it\/#organization","name":"Arte e Luoghi","url":"https:\/\/arteeluoghi.it\/","sameAs":["https:\/\/www.facebook.com\/ArteELuoghi\/","https:\/\/www.instagram.com\/arteeluoghi\/?hl=it","https:\/\/www.youtube.com\/channel\/UCuRVc4JW4-C5sg9rQB-srkw?view_as=subscriber","https:\/\/twitter.com\/arteeluoghi"],"logo":{"@type":"ImageObject","@id":"https:\/\/arteeluoghi.it\/#logo","inLanguage":"it-IT","url":"https:\/\/arteeluoghi.it\/wp-content\/uploads\/2018\/08\/logoinstagramarte.jpg","contentUrl":"https:\/\/arteeluoghi.it\/wp-content\/uploads\/2018\/08\/logoinstagramarte.jpg","width":150,"height":150,"caption":"Arte e Luoghi"},"image":{"@id":"https:\/\/arteeluoghi.it\/#logo"}},{"@type":"WebSite","@id":"https:\/\/arteeluoghi.it\/#website","url":"https:\/\/arteeluoghi.it\/","name":"Arte e Luoghi","description":"Mensile di arte, cultura, turismo e curiosit\u00e0","publisher":{"@id":"https:\/\/arteeluoghi.it\/#organization"},"potentialAction":[{"@type":"SearchAction","target":{"@type":"EntryPoint","urlTemplate":"https:\/\/arteeluoghi.it\/?s={search_term_string}"},"query-input":"required name=search_term_string"}],"inLanguage":"it-IT"},{"@type":"ImageObject","@id":"https:\/\/arteeluoghi.it\/index.php\/2012\/02\/02\/i-film-in-concorso-per-il-terzo-premio-qmario-verdoneq\/#primaryimage","inLanguage":"it-IT","url":"\/images\/stories\/logocinema.jpg","contentUrl":"\/images\/stories\/logocinema.jpg"},{"@type":"WebPage","@id":"https:\/\/arteeluoghi.it\/index.php\/2012\/02\/02\/i-film-in-concorso-per-il-terzo-premio-qmario-verdoneq\/#webpage","url":"https:\/\/arteeluoghi.it\/index.php\/2012\/02\/02\/i-film-in-concorso-per-il-terzo-premio-qmario-verdoneq\/","name":"I FILM IN CONCORSO PER IL TERZO PREMIO \"MARIO VERDONE\" | Arte e Luoghi","isPartOf":{"@id":"https:\/\/arteeluoghi.it\/#website"},"primaryImageOfPage":{"@id":"https:\/\/arteeluoghi.it\/index.php\/2012\/02\/02\/i-film-in-concorso-per-il-terzo-premio-qmario-verdoneq\/#primaryimage"},"datePublished":"2012-02-02T13:27:55+00:00","dateModified":"2017-08-06T01:11:54+00:00","breadcrumb":{"@id":"https:\/\/arteeluoghi.it\/index.php\/2012\/02\/02\/i-film-in-concorso-per-il-terzo-premio-qmario-verdoneq\/#breadcrumb"},"inLanguage":"it-IT","potentialAction":[{"@type":"ReadAction","target":["https:\/\/arteeluoghi.it\/index.php\/2012\/02\/02\/i-film-in-concorso-per-il-terzo-premio-qmario-verdoneq\/"]}]},{"@type":"BreadcrumbList","@id":"https:\/\/arteeluoghi.it\/index.php\/2012\/02\/02\/i-film-in-concorso-per-il-terzo-premio-qmario-verdoneq\/#breadcrumb","itemListElement":[{"@type":"ListItem","position":1,"name":"Home","item":"https:\/\/arteeluoghi.it\/"},{"@type":"ListItem","position":2,"name":"I FILM IN CONCORSO PER IL TERZO PREMIO &#8220;MARIO VERDONE&#8221;"}]},{"@type":"Article","@id":"https:\/\/arteeluoghi.it\/index.php\/2012\/02\/02\/i-film-in-concorso-per-il-terzo-premio-qmario-verdoneq\/#article","isPartOf":{"@id":"https:\/\/arteeluoghi.it\/index.php\/2012\/02\/02\/i-film-in-concorso-per-il-terzo-premio-qmario-verdoneq\/#webpage"},"author":{"@id":"https:\/\/arteeluoghi.it\/#\/schema\/person\/f84e814e36e91e01448ee07eaadd41d4"},"headline":"I FILM IN CONCORSO PER IL TERZO PREMIO &#8220;MARIO VERDONE&#8221;","datePublished":"2012-02-02T13:27:55+00:00","dateModified":"2017-08-06T01:11:54+00:00","mainEntityOfPage":{"@id":"https:\/\/arteeluoghi.it\/index.php\/2012\/02\/02\/i-film-in-concorso-per-il-terzo-premio-qmario-verdoneq\/#webpage"},"wordCount":919,"commentCount":0,"publisher":{"@id":"https:\/\/arteeluoghi.it\/#organization"},"image":{"@id":"https:\/\/arteeluoghi.it\/index.php\/2012\/02\/02\/i-film-in-concorso-per-il-terzo-premio-qmario-verdoneq\/#primaryimage"},"thumbnailUrl":"\/images\/stories\/logocinema.jpg","articleSection":["Cinema"],"inLanguage":"it-IT","potentialAction":[{"@type":"CommentAction","name":"Comment","target":["https:\/\/arteeluoghi.it\/index.php\/2012\/02\/02\/i-film-in-concorso-per-il-terzo-premio-qmario-verdoneq\/#respond"]}]},{"@type":"Person","@id":"https:\/\/arteeluoghi.it\/#\/schema\/person\/f84e814e36e91e01448ee07eaadd41d4","name":"Staff","image":{"@type":"ImageObject","@id":"https:\/\/arteeluoghi.it\/#personlogo","inLanguage":"it-IT","url":"https:\/\/secure.gravatar.com\/avatar\/49d2f9e46271bb04e19cebfaf141313a?s=96&d=blank&r=g","contentUrl":"https:\/\/secure.gravatar.com\/avatar\/49d2f9e46271bb04e19cebfaf141313a?s=96&d=blank&r=g","caption":"Staff"}}]}},"_links":{"self":[{"href":"https:\/\/arteeluoghi.it\/index.php\/wp-json\/wp\/v2\/posts\/488"}],"collection":[{"href":"https:\/\/arteeluoghi.it\/index.php\/wp-json\/wp\/v2\/posts"}],"about":[{"href":"https:\/\/arteeluoghi.it\/index.php\/wp-json\/wp\/v2\/types\/post"}],"author":[{"embeddable":true,"href":"https:\/\/arteeluoghi.it\/index.php\/wp-json\/wp\/v2\/users\/1"}],"replies":[{"embeddable":true,"href":"https:\/\/arteeluoghi.it\/index.php\/wp-json\/wp\/v2\/comments?post=488"}],"version-history":[{"count":1,"href":"https:\/\/arteeluoghi.it\/index.php\/wp-json\/wp\/v2\/posts\/488\/revisions"}],"predecessor-version":[{"id":2886,"href":"https:\/\/arteeluoghi.it\/index.php\/wp-json\/wp\/v2\/posts\/488\/revisions\/2886"}],"wp:attachment":[{"href":"https:\/\/arteeluoghi.it\/index.php\/wp-json\/wp\/v2\/media?parent=488"}],"wp:term":[{"taxonomy":"category","embeddable":true,"href":"https:\/\/arteeluoghi.it\/index.php\/wp-json\/wp\/v2\/categories?post=488"},{"taxonomy":"post_tag","embeddable":true,"href":"https:\/\/arteeluoghi.it\/index.php\/wp-json\/wp\/v2\/tags?post=488"}],"curies":[{"name":"wp","href":"https:\/\/api.w.org\/{rel}","templated":true}]}}