{"id":4928,"date":"2017-01-28T00:26:20","date_gmt":"2017-01-27T23:26:20","guid":{"rendered":"http:\/\/arteeluoghi.it\/?p=4928"},"modified":"2018-01-09T00:32:31","modified_gmt":"2018-01-08T23:32:31","slug":"dalle-dolomiti-alla-capitale-inseguire-la-pantera-rosa","status":"publish","type":"post","link":"https:\/\/arteeluoghi.it\/index.php\/2017\/01\/28\/dalle-dolomiti-alla-capitale-inseguire-la-pantera-rosa\/","title":{"rendered":"Dalle Dolomiti alla Capitale  per inseguire la Pantera Rosa"},"content":{"rendered":"<p><img loading=\"lazy\" class=\"size-medium wp-image-4929 alignleft\" src=\"https:\/\/arteeluoghi.it\/wp-content\/uploads\/2018\/01\/locandina-filmpantera-210x300.jpg\" alt=\"\" width=\"210\" height=\"300\" \/>di Stefano Camb\u00f2<\/p>\n<p>Quando si pensa ad un film, spesso lo si associa involontariamente al personaggio principale della storia e di conseguenza all\u2019attore che lo interpreta.<br \/>\n\u00e8 successo cos\u00ec con Johnny Depp e il pirata dei Caraibi Jack Sparrow e in tempi lontani con Sylvester Stallone e il pugile Rocky Balboa. Ma andando ancora pi\u00f9 indietro negli anni (era il 1963), un personaggio che ha legato in maniera indissolubile il suo nome all\u2019attore che lo ha interpretato \u00e8 sicuramente l\u2019ispettore Jacques Clouseau del film La Pantera Rosa di Blake Edwards.<br \/>\nL\u2019attore in questione non poteva che essere l\u2019istrionico Peter Sellers, con il suo baffetto irresistibile e la parlata curiosa con il tipico accento francese.<!--more--><br \/>\nCos\u00ec curiosa da essere osannata sia dalla critica che dal pubblico, tanto che dal primo film (una gradevole commedia corale) ne uscirono in serie molti altri sempre incentrati sulla figura dell\u2019ispettore Clouseau, fino ad arrivare all\u2019ultimo Il figlio della Pantera Rosa interpretato da Roberto Benigni nel 1993.<br \/>\nEppure leggenda vuole che l\u2019attore scelto per il ruolo del goffo ufficiale di polizia fosse in principio Peter Ustinov, il quale per\u00f2 fu mandato via qualche giorno prima dell\u2019inizio delle riprese per alcune divergenze con il regista.<br \/>\nMesso alle strette con i tempi, Blake Edwards dovette fidarsi dei suoi collaboratori e chiamare sul set Peter Sellers, per nulla preparato alla prova che andava ad affrontare.<br \/>\nPer questo i due spesero i giorni rimanenti a lavorare sul personaggio dell\u2019ispettore francese e sulle sue caratteristiche peculiari.<br \/>\nQuelle stesse caratteristiche che diventarono un vero e proprio marchio di fabbrica, facendo identificare per sempre l\u2019attore con il suo personaggio, cos\u00ec come succeder\u00e0 in futuro a molti altri colleghi illustri.<br \/>\nD\u2019altronde, per quanto divertente fosse, la trama del film segue un canovaccio narrativo piuttosto semplice, con la principessa, protagonista della storia, in possesso di un enorme diamante denominato per l\u2019appunto la Pantera Rosa, datole in eredit\u00e0 dal padre.<br \/>\nDiamante amb\u00ecto da Sir Charles Lytton, un ladro gentiluomo e dal suo spavaldo nipote americano George.<br \/>\nI due per\u00f2 non hanno fatto i conti con l\u2019ispettore Clouseau, ufficiale della polizia francese, celebre per la sua inefficienza, ma anche per la capacit\u00e0 innata di risolvere, nel bel mezzo di situazioni rocambolesche, i casi pi\u00f9 difficili e ostici.<br \/>\nCos\u00ec ostici che il buon poliziotto sar\u00e0 addirittura costretto a venire in Italia per affrontare i rischi e i pericoli legati al caso su cui \u00e8 chiamato ad indagare.<br \/>\nInfatti buona parte del film \u00e8 stata girata nella nostra amata Penisola e pi\u00f9 precisamente a Cortina D\u2019Ampezzo in provincia di Belluno e a Rocca di Papa in provincia di Roma (con una piccola incursione anche nella Capitale come vedremo alla fine).<br \/>\nPer quanto riguarda la prima, molte scene sono state ambientate lungo il famoso Corso Italia, il \u201cluogo dello struscio\u201d per eccellenza e attrattiva turistica per gli amanti del costume e della moda.<br \/>\nPasseggiando per le vie del centro storico di Cortina d\u2019Ampezzo si possono ammirare le numerose botteghe artigianali, testimoni dell\u2019espressione artistica del territorio e di una preziosa arte che si tramanda da secoli.<br \/>\nIn realt\u00e0 questa piccola localit\u00e0, oltre ad essere considerata a pieno titolo la regina delle Dolomiti nel periodo invernale, offre degli spunti culturali interessanti che vale la pena di visionare insieme.<br \/>\nIn primis la bellissima Basilica dei Santi Filippo e Giacomo con il maestoso campanile e la Ciasa de ra R\u00e8goles (Casa delle Regole) in piazza Venezia, la cui struttura rappresenta in pieno lo spirito di fratellanza e il senso comunitario di un popolo unito attorno ai propri valori, tanto che al suo interno \u00e8 stato allestito il Museo d\u2019arte moderna Mario Rimordi (con i dipinti, tra gli altri, di Cascella, De Chirico, Guttuso e Morandi).<br \/>\nInoltre, non lontano dal centro storico si possono visitare i ruderi del Castello di Botestagno, un fortilizio d\u2019et\u00e0 medievale che si ergeva sull\u2019omonimo sasso, il Castello di Zana, una piccola e bianca fortezza diroccata e il Sacrario Militare di Pocol in direzione di Passo Falzarego, in memoria delle vittime della Grande Guerra.<br \/>\nUna curiosit\u00e0: la valle e i monti che si affacciano su Cortina D\u2019Ampezzo sono stati scelti per un altro grande film americano (anche se le vicende narrate si svolgono sulle Montagne Rocciose del Colorado). Stiamo parlando di Cliffangher &#8211; L\u2019Ultima Sfida di Renny Harlin con l\u2019attore Sylvester Stallone nei panni di un esperto alpinista che per l\u2019occasione mostra il meglio del suo repertorio sulla magnificenza montuosa dei pendii di Lagazuoi.<br \/>\n<img loading=\"lazy\" class=\"size-medium wp-image-4932 alignleft\" src=\"https:\/\/arteeluoghi.it\/wp-content\/uploads\/2017\/01\/roccadipapa-300x225.jpg\" alt=\"Veduta di Rocca di Papa (fonte: facebook, pagina ufficiale del Comune)\" width=\"300\" height=\"225\" srcset=\"https:\/\/arteeluoghi.it\/wp-content\/uploads\/2017\/01\/roccadipapa-300x225.jpg 300w, https:\/\/arteeluoghi.it\/wp-content\/uploads\/2017\/01\/roccadipapa-768x575.jpg 768w, https:\/\/arteeluoghi.it\/wp-content\/uploads\/2017\/01\/roccadipapa.jpg 960w\" sizes=\"(max-width: 300px) 100vw, 300px\" \/>Per quanto riguarda la seconda localit\u00e0 del film, dalle Dolomiti ci dobbiamo spostare nel Lazio e pi\u00f9 precisamente nel paese di Rocca di Papa in provincia di Roma.<br \/>\nQui infatti \u00e8 stata girata una delle scene pi\u00f9 belle ed esilaranti dell\u2019intera pellicola: quella del maxi inseguimento notturno in costume, con il vecchietto che guarda le auto incrociarsi di continuo in Piazza della Repubblica.<br \/>\nIn realt\u00e0, questo piccolo borgo arroccato sul Monte Cavo (sacro agli antichi latini) ha origini nel lontano medioevo e tutt\u2019ora fa parte della Comunit\u00e0 montana dei Castelli Romani e Prenestini.<br \/>\nDefinito semplicemente \u2018A Rocca nel dialetto del posto, ospita nel punto pi\u00f9 alto una fortezza pontificia risalente al primo secolo del millennio, utilizzata durante l\u2019Ottocento da Guglielmo Marconi e Michele Stefano De Rossi come luogo strategico per i loro esperimenti.<br \/>\nInoltre, \u00e8 ancora percorribile la via Sacra che, in tempi romani, partiva da via Appia Antica presso Ariccia e saliva fino alla sommit\u00e0 del Monte Cavo dove era situato il tempio di Giove Laziale.<br \/>\nPer concludere il nostro viaggio nelle locations del film, come accennato all\u2019inizio dell\u2019articolo, ci spostiamo a Roma e pi\u00f9 precisamente alla Galleria Nazionale di Arte Moderna e Contemporanea, la cui facciata \u00e8 diventata, per esigenze di copione durante la lavorazione, il Palazzo di Giustizia dove si svolgeva il processo per il furto del diamante La Pantera Rosa.<br \/>\nCome molti sapranno, si tratta di un\u2019imponente struttura architettonica che ospita la pi\u00f9 importante collezione di arte contemporanea italiana (e non solo), con ben oltre 4400 opere di pittura e scultura e circa 13000 disegni e stampe di artisti dell\u2019Ottocento e Novecento.<br \/>\nE con l\u2019immagine ancora negli occhi della bellissima Galleria Nazionale e dei capolavori custoditi con cura al suo interno, lasciamo che il film scorra verso i titoli finali accompagnati dall\u2019immancabile colonna sonora diventata ormai un cult, proprio come i disegni animati della Pantera Rosa che aprono l\u2019inizio della pellicola e dai quali \u00e8 stata tratta una meravigliosa serie di piccoli cortometraggi.<\/p>\n<p>&nbsp;<\/p>\n<div data-url=\"https:\/\/issuu.com\/arteeluoghi\/docs\/arteeluoghidicembre2017\/108\" style=\"width: 800px; height: 514px;\" class=\"issuuembed\"><\/div>\n<p><script type=\"text\/javascript\" src=\"\/\/e.issuu.com\/embed.js\" async=\"true\"><\/script><\/p>\n<p>&nbsp;<\/p>\n<p>&nbsp;<\/p>\n<p>&nbsp;<\/p>\n","protected":false},"excerpt":{"rendered":"<p>di Stefano Camb\u00f2 Quando si pensa ad un film, spesso lo si associa involontariamente al personaggio principale della storia e<\/p>\n","protected":false},"author":1,"featured_media":4930,"comment_status":"open","ping_status":"open","sticky":true,"template":"","format":"standard","meta":[],"categories":[110],"tags":[714,712,713,711,715,485],"yoast_head":"<!-- This site is optimized with the Yoast SEO plugin v18.0 - https:\/\/yoast.com\/wordpress\/plugins\/seo\/ -->\n<title>Dalle Dolomiti alla Capitale per inseguire la Pantera Rosa | Arte e Luoghi<\/title>\n<meta name=\"robots\" content=\"index, follow, max-snippet:-1, max-image-preview:large, max-video-preview:-1\" \/>\n<link rel=\"canonical\" href=\"https:\/\/arteeluoghi.it\/index.php\/2017\/01\/28\/dalle-dolomiti-alla-capitale-inseguire-la-pantera-rosa\/\" \/>\n<meta property=\"og:locale\" content=\"it_IT\" \/>\n<meta property=\"og:type\" content=\"article\" \/>\n<meta property=\"og:title\" content=\"Dalle Dolomiti alla Capitale per inseguire la Pantera Rosa | Arte e Luoghi\" \/>\n<meta property=\"og:description\" content=\"di Stefano Camb\u00f2 Quando si pensa ad un film, spesso lo si associa involontariamente al personaggio principale della storia e\" \/>\n<meta property=\"og:url\" content=\"https:\/\/arteeluoghi.it\/index.php\/2017\/01\/28\/dalle-dolomiti-alla-capitale-inseguire-la-pantera-rosa\/\" \/>\n<meta property=\"og:site_name\" content=\"Arte e Luoghi\" \/>\n<meta property=\"article:publisher\" content=\"https:\/\/www.facebook.com\/ArteELuoghi\/\" \/>\n<meta property=\"article:published_time\" content=\"2017-01-27T23:26:20+00:00\" \/>\n<meta property=\"article:modified_time\" content=\"2018-01-08T23:32:31+00:00\" \/>\n<meta property=\"og:image\" content=\"https:\/\/arteeluoghi.it\/wp-content\/uploads\/2018\/01\/chiesasantifilippocortina.jpg\" \/>\n\t<meta property=\"og:image:width\" content=\"600\" \/>\n\t<meta property=\"og:image:height\" content=\"600\" \/>\n\t<meta property=\"og:image:type\" content=\"image\/jpeg\" \/>\n<meta name=\"twitter:card\" content=\"summary\" \/>\n<meta name=\"twitter:creator\" content=\"@arteeluoghi\" \/>\n<meta name=\"twitter:site\" content=\"@arteeluoghi\" \/>\n<meta name=\"twitter:label1\" content=\"Scritto da\" \/>\n\t<meta name=\"twitter:data1\" content=\"Staff\" \/>\n\t<meta name=\"twitter:label2\" content=\"Tempo di lettura stimato\" \/>\n\t<meta name=\"twitter:data2\" content=\"5 minuti\" \/>\n<script type=\"application\/ld+json\" class=\"yoast-schema-graph\">{\"@context\":\"https:\/\/schema.org\",\"@graph\":[{\"@type\":\"Organization\",\"@id\":\"https:\/\/arteeluoghi.it\/#organization\",\"name\":\"Arte e Luoghi\",\"url\":\"https:\/\/arteeluoghi.it\/\",\"sameAs\":[\"https:\/\/www.facebook.com\/ArteELuoghi\/\",\"https:\/\/www.instagram.com\/arteeluoghi\/?hl=it\",\"https:\/\/www.youtube.com\/channel\/UCuRVc4JW4-C5sg9rQB-srkw?view_as=subscriber\",\"https:\/\/twitter.com\/arteeluoghi\"],\"logo\":{\"@type\":\"ImageObject\",\"@id\":\"https:\/\/arteeluoghi.it\/#logo\",\"inLanguage\":\"it-IT\",\"url\":\"https:\/\/arteeluoghi.it\/wp-content\/uploads\/2018\/08\/logoinstagramarte.jpg\",\"contentUrl\":\"https:\/\/arteeluoghi.it\/wp-content\/uploads\/2018\/08\/logoinstagramarte.jpg\",\"width\":150,\"height\":150,\"caption\":\"Arte e Luoghi\"},\"image\":{\"@id\":\"https:\/\/arteeluoghi.it\/#logo\"}},{\"@type\":\"WebSite\",\"@id\":\"https:\/\/arteeluoghi.it\/#website\",\"url\":\"https:\/\/arteeluoghi.it\/\",\"name\":\"Arte e Luoghi\",\"description\":\"Mensile di arte, cultura, turismo e curiosit\u00e0\",\"publisher\":{\"@id\":\"https:\/\/arteeluoghi.it\/#organization\"},\"potentialAction\":[{\"@type\":\"SearchAction\",\"target\":{\"@type\":\"EntryPoint\",\"urlTemplate\":\"https:\/\/arteeluoghi.it\/?s={search_term_string}\"},\"query-input\":\"required name=search_term_string\"}],\"inLanguage\":\"it-IT\"},{\"@type\":\"ImageObject\",\"@id\":\"https:\/\/arteeluoghi.it\/index.php\/2017\/01\/28\/dalle-dolomiti-alla-capitale-inseguire-la-pantera-rosa\/#primaryimage\",\"inLanguage\":\"it-IT\",\"url\":\"https:\/\/arteeluoghi.it\/wp-content\/uploads\/2018\/01\/chiesasantifilippocortina.jpg\",\"contentUrl\":\"https:\/\/arteeluoghi.it\/wp-content\/uploads\/2018\/01\/chiesasantifilippocortina.jpg\",\"width\":600,\"height\":600,\"caption\":\"La chiesa dei santi Filippo e Giacomo vista da Corso Italia (foto Luca Gusso),fonte: www.infodolomiti.it\"},{\"@type\":\"WebPage\",\"@id\":\"https:\/\/arteeluoghi.it\/index.php\/2017\/01\/28\/dalle-dolomiti-alla-capitale-inseguire-la-pantera-rosa\/#webpage\",\"url\":\"https:\/\/arteeluoghi.it\/index.php\/2017\/01\/28\/dalle-dolomiti-alla-capitale-inseguire-la-pantera-rosa\/\",\"name\":\"Dalle Dolomiti alla Capitale per inseguire la Pantera Rosa | Arte e Luoghi\",\"isPartOf\":{\"@id\":\"https:\/\/arteeluoghi.it\/#website\"},\"primaryImageOfPage\":{\"@id\":\"https:\/\/arteeluoghi.it\/index.php\/2017\/01\/28\/dalle-dolomiti-alla-capitale-inseguire-la-pantera-rosa\/#primaryimage\"},\"datePublished\":\"2017-01-27T23:26:20+00:00\",\"dateModified\":\"2018-01-08T23:32:31+00:00\",\"breadcrumb\":{\"@id\":\"https:\/\/arteeluoghi.it\/index.php\/2017\/01\/28\/dalle-dolomiti-alla-capitale-inseguire-la-pantera-rosa\/#breadcrumb\"},\"inLanguage\":\"it-IT\",\"potentialAction\":[{\"@type\":\"ReadAction\",\"target\":[\"https:\/\/arteeluoghi.it\/index.php\/2017\/01\/28\/dalle-dolomiti-alla-capitale-inseguire-la-pantera-rosa\/\"]}]},{\"@type\":\"BreadcrumbList\",\"@id\":\"https:\/\/arteeluoghi.it\/index.php\/2017\/01\/28\/dalle-dolomiti-alla-capitale-inseguire-la-pantera-rosa\/#breadcrumb\",\"itemListElement\":[{\"@type\":\"ListItem\",\"position\":1,\"name\":\"Home\",\"item\":\"https:\/\/arteeluoghi.it\/\"},{\"@type\":\"ListItem\",\"position\":2,\"name\":\"Dalle Dolomiti alla Capitale per inseguire la Pantera Rosa\"}]},{\"@type\":\"Article\",\"@id\":\"https:\/\/arteeluoghi.it\/index.php\/2017\/01\/28\/dalle-dolomiti-alla-capitale-inseguire-la-pantera-rosa\/#article\",\"isPartOf\":{\"@id\":\"https:\/\/arteeluoghi.it\/index.php\/2017\/01\/28\/dalle-dolomiti-alla-capitale-inseguire-la-pantera-rosa\/#webpage\"},\"author\":{\"@id\":\"https:\/\/arteeluoghi.it\/#\/schema\/person\/f84e814e36e91e01448ee07eaadd41d4\"},\"headline\":\"Dalle Dolomiti alla Capitale per inseguire la Pantera Rosa\",\"datePublished\":\"2017-01-27T23:26:20+00:00\",\"dateModified\":\"2018-01-08T23:32:31+00:00\",\"mainEntityOfPage\":{\"@id\":\"https:\/\/arteeluoghi.it\/index.php\/2017\/01\/28\/dalle-dolomiti-alla-capitale-inseguire-la-pantera-rosa\/#webpage\"},\"wordCount\":1102,\"commentCount\":0,\"publisher\":{\"@id\":\"https:\/\/arteeluoghi.it\/#organization\"},\"image\":{\"@id\":\"https:\/\/arteeluoghi.it\/index.php\/2017\/01\/28\/dalle-dolomiti-alla-capitale-inseguire-la-pantera-rosa\/#primaryimage\"},\"thumbnailUrl\":\"https:\/\/arteeluoghi.it\/wp-content\/uploads\/2018\/01\/chiesasantifilippocortina.jpg\",\"keywords\":[\"Belluno\",\"Blake Edwards\",\"Cortina D\u2019Ampezzo\",\"Pantera Rosa\",\"Rocca di Pap\",\"Roma\"],\"articleSection\":[\"i luoghi del cinema\"],\"inLanguage\":\"it-IT\",\"potentialAction\":[{\"@type\":\"CommentAction\",\"name\":\"Comment\",\"target\":[\"https:\/\/arteeluoghi.it\/index.php\/2017\/01\/28\/dalle-dolomiti-alla-capitale-inseguire-la-pantera-rosa\/#respond\"]}]},{\"@type\":\"Person\",\"@id\":\"https:\/\/arteeluoghi.it\/#\/schema\/person\/f84e814e36e91e01448ee07eaadd41d4\",\"name\":\"Staff\",\"image\":{\"@type\":\"ImageObject\",\"@id\":\"https:\/\/arteeluoghi.it\/#personlogo\",\"inLanguage\":\"it-IT\",\"url\":\"https:\/\/secure.gravatar.com\/avatar\/49d2f9e46271bb04e19cebfaf141313a?s=96&d=blank&r=g\",\"contentUrl\":\"https:\/\/secure.gravatar.com\/avatar\/49d2f9e46271bb04e19cebfaf141313a?s=96&d=blank&r=g\",\"caption\":\"Staff\"}}]}<\/script>\n<!-- \/ Yoast SEO plugin. -->","yoast_head_json":{"title":"Dalle Dolomiti alla Capitale per inseguire la Pantera Rosa | Arte e Luoghi","robots":{"index":"index","follow":"follow","max-snippet":"max-snippet:-1","max-image-preview":"max-image-preview:large","max-video-preview":"max-video-preview:-1"},"canonical":"https:\/\/arteeluoghi.it\/index.php\/2017\/01\/28\/dalle-dolomiti-alla-capitale-inseguire-la-pantera-rosa\/","og_locale":"it_IT","og_type":"article","og_title":"Dalle Dolomiti alla Capitale per inseguire la Pantera Rosa | Arte e Luoghi","og_description":"di Stefano Camb\u00f2 Quando si pensa ad un film, spesso lo si associa involontariamente al personaggio principale della storia e","og_url":"https:\/\/arteeluoghi.it\/index.php\/2017\/01\/28\/dalle-dolomiti-alla-capitale-inseguire-la-pantera-rosa\/","og_site_name":"Arte e Luoghi","article_publisher":"https:\/\/www.facebook.com\/ArteELuoghi\/","article_published_time":"2017-01-27T23:26:20+00:00","article_modified_time":"2018-01-08T23:32:31+00:00","og_image":[{"width":600,"height":600,"url":"https:\/\/arteeluoghi.it\/wp-content\/uploads\/2018\/01\/chiesasantifilippocortina.jpg","type":"image\/jpeg"}],"twitter_card":"summary","twitter_creator":"@arteeluoghi","twitter_site":"@arteeluoghi","twitter_misc":{"Scritto da":"Staff","Tempo di lettura stimato":"5 minuti"},"schema":{"@context":"https:\/\/schema.org","@graph":[{"@type":"Organization","@id":"https:\/\/arteeluoghi.it\/#organization","name":"Arte e Luoghi","url":"https:\/\/arteeluoghi.it\/","sameAs":["https:\/\/www.facebook.com\/ArteELuoghi\/","https:\/\/www.instagram.com\/arteeluoghi\/?hl=it","https:\/\/www.youtube.com\/channel\/UCuRVc4JW4-C5sg9rQB-srkw?view_as=subscriber","https:\/\/twitter.com\/arteeluoghi"],"logo":{"@type":"ImageObject","@id":"https:\/\/arteeluoghi.it\/#logo","inLanguage":"it-IT","url":"https:\/\/arteeluoghi.it\/wp-content\/uploads\/2018\/08\/logoinstagramarte.jpg","contentUrl":"https:\/\/arteeluoghi.it\/wp-content\/uploads\/2018\/08\/logoinstagramarte.jpg","width":150,"height":150,"caption":"Arte e Luoghi"},"image":{"@id":"https:\/\/arteeluoghi.it\/#logo"}},{"@type":"WebSite","@id":"https:\/\/arteeluoghi.it\/#website","url":"https:\/\/arteeluoghi.it\/","name":"Arte e Luoghi","description":"Mensile di arte, cultura, turismo e curiosit\u00e0","publisher":{"@id":"https:\/\/arteeluoghi.it\/#organization"},"potentialAction":[{"@type":"SearchAction","target":{"@type":"EntryPoint","urlTemplate":"https:\/\/arteeluoghi.it\/?s={search_term_string}"},"query-input":"required name=search_term_string"}],"inLanguage":"it-IT"},{"@type":"ImageObject","@id":"https:\/\/arteeluoghi.it\/index.php\/2017\/01\/28\/dalle-dolomiti-alla-capitale-inseguire-la-pantera-rosa\/#primaryimage","inLanguage":"it-IT","url":"https:\/\/arteeluoghi.it\/wp-content\/uploads\/2018\/01\/chiesasantifilippocortina.jpg","contentUrl":"https:\/\/arteeluoghi.it\/wp-content\/uploads\/2018\/01\/chiesasantifilippocortina.jpg","width":600,"height":600,"caption":"La chiesa dei santi Filippo e Giacomo vista da Corso Italia (foto Luca Gusso),fonte: www.infodolomiti.it"},{"@type":"WebPage","@id":"https:\/\/arteeluoghi.it\/index.php\/2017\/01\/28\/dalle-dolomiti-alla-capitale-inseguire-la-pantera-rosa\/#webpage","url":"https:\/\/arteeluoghi.it\/index.php\/2017\/01\/28\/dalle-dolomiti-alla-capitale-inseguire-la-pantera-rosa\/","name":"Dalle Dolomiti alla Capitale per inseguire la Pantera Rosa | Arte e Luoghi","isPartOf":{"@id":"https:\/\/arteeluoghi.it\/#website"},"primaryImageOfPage":{"@id":"https:\/\/arteeluoghi.it\/index.php\/2017\/01\/28\/dalle-dolomiti-alla-capitale-inseguire-la-pantera-rosa\/#primaryimage"},"datePublished":"2017-01-27T23:26:20+00:00","dateModified":"2018-01-08T23:32:31+00:00","breadcrumb":{"@id":"https:\/\/arteeluoghi.it\/index.php\/2017\/01\/28\/dalle-dolomiti-alla-capitale-inseguire-la-pantera-rosa\/#breadcrumb"},"inLanguage":"it-IT","potentialAction":[{"@type":"ReadAction","target":["https:\/\/arteeluoghi.it\/index.php\/2017\/01\/28\/dalle-dolomiti-alla-capitale-inseguire-la-pantera-rosa\/"]}]},{"@type":"BreadcrumbList","@id":"https:\/\/arteeluoghi.it\/index.php\/2017\/01\/28\/dalle-dolomiti-alla-capitale-inseguire-la-pantera-rosa\/#breadcrumb","itemListElement":[{"@type":"ListItem","position":1,"name":"Home","item":"https:\/\/arteeluoghi.it\/"},{"@type":"ListItem","position":2,"name":"Dalle Dolomiti alla Capitale per inseguire la Pantera Rosa"}]},{"@type":"Article","@id":"https:\/\/arteeluoghi.it\/index.php\/2017\/01\/28\/dalle-dolomiti-alla-capitale-inseguire-la-pantera-rosa\/#article","isPartOf":{"@id":"https:\/\/arteeluoghi.it\/index.php\/2017\/01\/28\/dalle-dolomiti-alla-capitale-inseguire-la-pantera-rosa\/#webpage"},"author":{"@id":"https:\/\/arteeluoghi.it\/#\/schema\/person\/f84e814e36e91e01448ee07eaadd41d4"},"headline":"Dalle Dolomiti alla Capitale per inseguire la Pantera Rosa","datePublished":"2017-01-27T23:26:20+00:00","dateModified":"2018-01-08T23:32:31+00:00","mainEntityOfPage":{"@id":"https:\/\/arteeluoghi.it\/index.php\/2017\/01\/28\/dalle-dolomiti-alla-capitale-inseguire-la-pantera-rosa\/#webpage"},"wordCount":1102,"commentCount":0,"publisher":{"@id":"https:\/\/arteeluoghi.it\/#organization"},"image":{"@id":"https:\/\/arteeluoghi.it\/index.php\/2017\/01\/28\/dalle-dolomiti-alla-capitale-inseguire-la-pantera-rosa\/#primaryimage"},"thumbnailUrl":"https:\/\/arteeluoghi.it\/wp-content\/uploads\/2018\/01\/chiesasantifilippocortina.jpg","keywords":["Belluno","Blake Edwards","Cortina D\u2019Ampezzo","Pantera Rosa","Rocca di Pap","Roma"],"articleSection":["i luoghi del cinema"],"inLanguage":"it-IT","potentialAction":[{"@type":"CommentAction","name":"Comment","target":["https:\/\/arteeluoghi.it\/index.php\/2017\/01\/28\/dalle-dolomiti-alla-capitale-inseguire-la-pantera-rosa\/#respond"]}]},{"@type":"Person","@id":"https:\/\/arteeluoghi.it\/#\/schema\/person\/f84e814e36e91e01448ee07eaadd41d4","name":"Staff","image":{"@type":"ImageObject","@id":"https:\/\/arteeluoghi.it\/#personlogo","inLanguage":"it-IT","url":"https:\/\/secure.gravatar.com\/avatar\/49d2f9e46271bb04e19cebfaf141313a?s=96&d=blank&r=g","contentUrl":"https:\/\/secure.gravatar.com\/avatar\/49d2f9e46271bb04e19cebfaf141313a?s=96&d=blank&r=g","caption":"Staff"}}]}},"_links":{"self":[{"href":"https:\/\/arteeluoghi.it\/index.php\/wp-json\/wp\/v2\/posts\/4928"}],"collection":[{"href":"https:\/\/arteeluoghi.it\/index.php\/wp-json\/wp\/v2\/posts"}],"about":[{"href":"https:\/\/arteeluoghi.it\/index.php\/wp-json\/wp\/v2\/types\/post"}],"author":[{"embeddable":true,"href":"https:\/\/arteeluoghi.it\/index.php\/wp-json\/wp\/v2\/users\/1"}],"replies":[{"embeddable":true,"href":"https:\/\/arteeluoghi.it\/index.php\/wp-json\/wp\/v2\/comments?post=4928"}],"version-history":[{"count":2,"href":"https:\/\/arteeluoghi.it\/index.php\/wp-json\/wp\/v2\/posts\/4928\/revisions"}],"predecessor-version":[{"id":4933,"href":"https:\/\/arteeluoghi.it\/index.php\/wp-json\/wp\/v2\/posts\/4928\/revisions\/4933"}],"wp:featuredmedia":[{"embeddable":true,"href":"https:\/\/arteeluoghi.it\/index.php\/wp-json\/wp\/v2\/media\/4930"}],"wp:attachment":[{"href":"https:\/\/arteeluoghi.it\/index.php\/wp-json\/wp\/v2\/media?parent=4928"}],"wp:term":[{"taxonomy":"category","embeddable":true,"href":"https:\/\/arteeluoghi.it\/index.php\/wp-json\/wp\/v2\/categories?post=4928"},{"taxonomy":"post_tag","embeddable":true,"href":"https:\/\/arteeluoghi.it\/index.php\/wp-json\/wp\/v2\/tags?post=4928"}],"curies":[{"name":"wp","href":"https:\/\/api.w.org\/{rel}","templated":true}]}}