{"id":502,"date":"2012-02-04T18:30:02","date_gmt":"2012-02-04T17:30:02","guid":{"rendered":"http:\/\/arteeluoghi.it\/index.php\/2012\/02\/04\/la-pittura-italiana-del-xix-secolo-dal-neoclassicismo-al-simbolismo\/"},"modified":"2018-01-04T22:33:39","modified_gmt":"2018-01-04T21:33:39","slug":"la-pittura-italiana-del-xix-secolo-dal-neoclassicismo-al-simbolismo","status":"publish","type":"post","link":"https:\/\/arteeluoghi.it\/index.php\/2012\/02\/04\/la-pittura-italiana-del-xix-secolo-dal-neoclassicismo-al-simbolismo\/","title":{"rendered":"La Pittura italiana  del XIX secolo. Dal Neoclassicismo al Simbolismo"},"content":{"rendered":"<h2><img src=\"\/images\/stories\/pitturaitaliana.jpg\" border=\"0\" width=\"140\" style=\"margin: 21px; float: left;\" \/><\/h2>\n<h2><\/h2>\n<h2>LA PITTURA ITALIANA DEL XIX SECOLO<\/h2>\n<h2>Dal Neoclassicismo al Simbolismo<\/h2>\n<p>Dall&#8217;11 febbraio al9 aprile 2012<\/p>\n<p>\u00a0<\/p>\n<p>La mostra, che sar\u00e0 inaugurata venerd\u00ec 10 febbraio ai Musei Civici, \u00e8  stata un\u2019autentica scoperta per il pubblico russo  e, nel contempo, ha  confermato le importanti e solide relazioni scientifiche e culturali   tra la citt\u00e0 di Pavia e il prestigioso museo Ermitage, inoltre questo  evento ha concluso di fatto l\u2019anno \u2013 il 2011 &#8211;  dedicato ai rapporti  culturali tra Italia e Russia. <br \/>Questa importante mostra torner\u00e0  quindi in Italia per permettere anche al pubblico italiano di poter  ammirare una selezione di circa ottanta opere che grazie ai suoi esempi  eccellenti \u00e8 in grado di testimoniare la ricchezza e la variet\u00e0  dell\u2019arte figurativa italiana del XIX secolo.<\/p>\n<p><strong>Luogo:<\/strong> Pavia, Castello Visconteo \t     \t    <strong>Pavia, Castello Visconteo<\/strong> <strong> <\/strong><br \/><strong>Indirizzo: <\/strong>Piazza del Castello<\/p>\n<p><strong>Orario:<\/strong> Dal marted\u00ec al venerd\u00ec: 10-18; Sabato e domenica: 10-19 Chiuso: luned\u00ec<\/p>\n<p><strong>Costo del biglietto:<\/strong> 9,00<strong> <\/strong><\/p>\n<p><strong>Telefono:<\/strong> 0382 33853 \u2013 0382 304816 \t     \t               <br \/><strong>E-mail: <\/strong> <a href=\"mailto:prenotazionimc@comune.pv.it\">prenotazionimc@comune.pv.it<\/a> <br \/><strong>Sito Web: <\/strong> <a href=\"http:\/\/www.museicivici.pavia.it\/ottocento\" title=\"link esterno\">http:\/\/www.museicivici.pavia.it\/ottocento<\/a><\/p>\n","protected":false},"excerpt":{"rendered":"<p>LA PITTURA ITALIANA DEL XIX SECOLO Dal Neoclassicismo al Simbolismo Dall&#8217;11 febbraio al9 aprile 2012 \u00a0 La mostra, che sar\u00e0<\/p>\n","protected":false},"author":1,"featured_media":0,"comment_status":"open","ping_status":"open","sticky":false,"template":"","format":"standard","meta":[],"categories":[577],"tags":[],"yoast_head":"<!-- This site is optimized with the Yoast SEO plugin v18.0 - https:\/\/yoast.com\/wordpress\/plugins\/seo\/ -->\n<title>La Pittura italiana del XIX secolo. Dal Neoclassicismo al Simbolismo | Arte e Luoghi<\/title>\n<meta name=\"robots\" content=\"index, follow, max-snippet:-1, max-image-preview:large, max-video-preview:-1\" \/>\n<link rel=\"canonical\" href=\"https:\/\/arteeluoghi.it\/index.php\/2012\/02\/04\/la-pittura-italiana-del-xix-secolo-dal-neoclassicismo-al-simbolismo\/\" \/>\n<meta property=\"og:locale\" content=\"it_IT\" \/>\n<meta property=\"og:type\" content=\"article\" \/>\n<meta property=\"og:title\" content=\"La Pittura italiana del XIX secolo. Dal Neoclassicismo al Simbolismo | Arte e Luoghi\" \/>\n<meta property=\"og:description\" content=\"LA PITTURA ITALIANA DEL XIX SECOLO Dal Neoclassicismo al Simbolismo Dall&#8217;11 febbraio al9 aprile 2012 \u00a0 La mostra, che sar\u00e0\" \/>\n<meta property=\"og:url\" content=\"https:\/\/arteeluoghi.it\/index.php\/2012\/02\/04\/la-pittura-italiana-del-xix-secolo-dal-neoclassicismo-al-simbolismo\/\" \/>\n<meta property=\"og:site_name\" content=\"Arte e Luoghi\" \/>\n<meta property=\"article:publisher\" content=\"https:\/\/www.facebook.com\/ArteELuoghi\/\" \/>\n<meta property=\"article:published_time\" content=\"2012-02-04T17:30:02+00:00\" \/>\n<meta property=\"article:modified_time\" content=\"2018-01-04T21:33:39+00:00\" \/>\n<meta property=\"og:image\" content=\"https:\/\/arteeluoghi.it\/images\/stories\/pitturaitaliana.jpg\" \/>\n<meta name=\"twitter:card\" content=\"summary\" \/>\n<meta name=\"twitter:creator\" content=\"@arteeluoghi\" \/>\n<meta name=\"twitter:site\" content=\"@arteeluoghi\" \/>\n<meta name=\"twitter:label1\" content=\"Scritto da\" \/>\n\t<meta name=\"twitter:data1\" content=\"Staff\" \/>\n\t<meta name=\"twitter:label2\" content=\"Tempo di lettura stimato\" \/>\n\t<meta name=\"twitter:data2\" content=\"1 minuto\" \/>\n<script type=\"application\/ld+json\" class=\"yoast-schema-graph\">{\"@context\":\"https:\/\/schema.org\",\"@graph\":[{\"@type\":\"Organization\",\"@id\":\"https:\/\/arteeluoghi.it\/#organization\",\"name\":\"Arte e Luoghi\",\"url\":\"https:\/\/arteeluoghi.it\/\",\"sameAs\":[\"https:\/\/www.facebook.com\/ArteELuoghi\/\",\"https:\/\/www.instagram.com\/arteeluoghi\/?hl=it\",\"https:\/\/www.youtube.com\/channel\/UCuRVc4JW4-C5sg9rQB-srkw?view_as=subscriber\",\"https:\/\/twitter.com\/arteeluoghi\"],\"logo\":{\"@type\":\"ImageObject\",\"@id\":\"https:\/\/arteeluoghi.it\/#logo\",\"inLanguage\":\"it-IT\",\"url\":\"https:\/\/arteeluoghi.it\/wp-content\/uploads\/2018\/08\/logoinstagramarte.jpg\",\"contentUrl\":\"https:\/\/arteeluoghi.it\/wp-content\/uploads\/2018\/08\/logoinstagramarte.jpg\",\"width\":150,\"height\":150,\"caption\":\"Arte e Luoghi\"},\"image\":{\"@id\":\"https:\/\/arteeluoghi.it\/#logo\"}},{\"@type\":\"WebSite\",\"@id\":\"https:\/\/arteeluoghi.it\/#website\",\"url\":\"https:\/\/arteeluoghi.it\/\",\"name\":\"Arte e Luoghi\",\"description\":\"Mensile di arte, cultura, turismo e curiosit\u00e0\",\"publisher\":{\"@id\":\"https:\/\/arteeluoghi.it\/#organization\"},\"potentialAction\":[{\"@type\":\"SearchAction\",\"target\":{\"@type\":\"EntryPoint\",\"urlTemplate\":\"https:\/\/arteeluoghi.it\/?s={search_term_string}\"},\"query-input\":\"required name=search_term_string\"}],\"inLanguage\":\"it-IT\"},{\"@type\":\"ImageObject\",\"@id\":\"https:\/\/arteeluoghi.it\/index.php\/2012\/02\/04\/la-pittura-italiana-del-xix-secolo-dal-neoclassicismo-al-simbolismo\/#primaryimage\",\"inLanguage\":\"it-IT\",\"url\":\"\/images\/stories\/pitturaitaliana.jpg\",\"contentUrl\":\"\/images\/stories\/pitturaitaliana.jpg\"},{\"@type\":\"WebPage\",\"@id\":\"https:\/\/arteeluoghi.it\/index.php\/2012\/02\/04\/la-pittura-italiana-del-xix-secolo-dal-neoclassicismo-al-simbolismo\/#webpage\",\"url\":\"https:\/\/arteeluoghi.it\/index.php\/2012\/02\/04\/la-pittura-italiana-del-xix-secolo-dal-neoclassicismo-al-simbolismo\/\",\"name\":\"La Pittura italiana del XIX secolo. Dal Neoclassicismo al Simbolismo | Arte e Luoghi\",\"isPartOf\":{\"@id\":\"https:\/\/arteeluoghi.it\/#website\"},\"primaryImageOfPage\":{\"@id\":\"https:\/\/arteeluoghi.it\/index.php\/2012\/02\/04\/la-pittura-italiana-del-xix-secolo-dal-neoclassicismo-al-simbolismo\/#primaryimage\"},\"datePublished\":\"2012-02-04T17:30:02+00:00\",\"dateModified\":\"2018-01-04T21:33:39+00:00\",\"breadcrumb\":{\"@id\":\"https:\/\/arteeluoghi.it\/index.php\/2012\/02\/04\/la-pittura-italiana-del-xix-secolo-dal-neoclassicismo-al-simbolismo\/#breadcrumb\"},\"inLanguage\":\"it-IT\",\"potentialAction\":[{\"@type\":\"ReadAction\",\"target\":[\"https:\/\/arteeluoghi.it\/index.php\/2012\/02\/04\/la-pittura-italiana-del-xix-secolo-dal-neoclassicismo-al-simbolismo\/\"]}]},{\"@type\":\"BreadcrumbList\",\"@id\":\"https:\/\/arteeluoghi.it\/index.php\/2012\/02\/04\/la-pittura-italiana-del-xix-secolo-dal-neoclassicismo-al-simbolismo\/#breadcrumb\",\"itemListElement\":[{\"@type\":\"ListItem\",\"position\":1,\"name\":\"Home\",\"item\":\"https:\/\/arteeluoghi.it\/\"},{\"@type\":\"ListItem\",\"position\":2,\"name\":\"La Pittura italiana del XIX secolo. Dal Neoclassicismo al Simbolismo\"}]},{\"@type\":\"Article\",\"@id\":\"https:\/\/arteeluoghi.it\/index.php\/2012\/02\/04\/la-pittura-italiana-del-xix-secolo-dal-neoclassicismo-al-simbolismo\/#article\",\"isPartOf\":{\"@id\":\"https:\/\/arteeluoghi.it\/index.php\/2012\/02\/04\/la-pittura-italiana-del-xix-secolo-dal-neoclassicismo-al-simbolismo\/#webpage\"},\"author\":{\"@id\":\"https:\/\/arteeluoghi.it\/#\/schema\/person\/f84e814e36e91e01448ee07eaadd41d4\"},\"headline\":\"La Pittura italiana del XIX secolo. Dal Neoclassicismo al Simbolismo\",\"datePublished\":\"2012-02-04T17:30:02+00:00\",\"dateModified\":\"2018-01-04T21:33:39+00:00\",\"mainEntityOfPage\":{\"@id\":\"https:\/\/arteeluoghi.it\/index.php\/2012\/02\/04\/la-pittura-italiana-del-xix-secolo-dal-neoclassicismo-al-simbolismo\/#webpage\"},\"wordCount\":168,\"commentCount\":0,\"publisher\":{\"@id\":\"https:\/\/arteeluoghi.it\/#organization\"},\"image\":{\"@id\":\"https:\/\/arteeluoghi.it\/index.php\/2012\/02\/04\/la-pittura-italiana-del-xix-secolo-dal-neoclassicismo-al-simbolismo\/#primaryimage\"},\"thumbnailUrl\":\"\/images\/stories\/pitturaitaliana.jpg\",\"articleSection\":[\"ItinerArte\"],\"inLanguage\":\"it-IT\",\"potentialAction\":[{\"@type\":\"CommentAction\",\"name\":\"Comment\",\"target\":[\"https:\/\/arteeluoghi.it\/index.php\/2012\/02\/04\/la-pittura-italiana-del-xix-secolo-dal-neoclassicismo-al-simbolismo\/#respond\"]}]},{\"@type\":\"Person\",\"@id\":\"https:\/\/arteeluoghi.it\/#\/schema\/person\/f84e814e36e91e01448ee07eaadd41d4\",\"name\":\"Staff\",\"image\":{\"@type\":\"ImageObject\",\"@id\":\"https:\/\/arteeluoghi.it\/#personlogo\",\"inLanguage\":\"it-IT\",\"url\":\"https:\/\/secure.gravatar.com\/avatar\/49d2f9e46271bb04e19cebfaf141313a?s=96&d=blank&r=g\",\"contentUrl\":\"https:\/\/secure.gravatar.com\/avatar\/49d2f9e46271bb04e19cebfaf141313a?s=96&d=blank&r=g\",\"caption\":\"Staff\"}}]}<\/script>\n<!-- \/ Yoast SEO plugin. -->","yoast_head_json":{"title":"La Pittura italiana del XIX secolo. Dal Neoclassicismo al Simbolismo | Arte e Luoghi","robots":{"index":"index","follow":"follow","max-snippet":"max-snippet:-1","max-image-preview":"max-image-preview:large","max-video-preview":"max-video-preview:-1"},"canonical":"https:\/\/arteeluoghi.it\/index.php\/2012\/02\/04\/la-pittura-italiana-del-xix-secolo-dal-neoclassicismo-al-simbolismo\/","og_locale":"it_IT","og_type":"article","og_title":"La Pittura italiana del XIX secolo. Dal Neoclassicismo al Simbolismo | Arte e Luoghi","og_description":"LA PITTURA ITALIANA DEL XIX SECOLO Dal Neoclassicismo al Simbolismo Dall&#8217;11 febbraio al9 aprile 2012 \u00a0 La mostra, che sar\u00e0","og_url":"https:\/\/arteeluoghi.it\/index.php\/2012\/02\/04\/la-pittura-italiana-del-xix-secolo-dal-neoclassicismo-al-simbolismo\/","og_site_name":"Arte e Luoghi","article_publisher":"https:\/\/www.facebook.com\/ArteELuoghi\/","article_published_time":"2012-02-04T17:30:02+00:00","article_modified_time":"2018-01-04T21:33:39+00:00","og_image":[{"url":"https:\/\/arteeluoghi.it\/images\/stories\/pitturaitaliana.jpg"}],"twitter_card":"summary","twitter_creator":"@arteeluoghi","twitter_site":"@arteeluoghi","twitter_misc":{"Scritto da":"Staff","Tempo di lettura stimato":"1 minuto"},"schema":{"@context":"https:\/\/schema.org","@graph":[{"@type":"Organization","@id":"https:\/\/arteeluoghi.it\/#organization","name":"Arte e Luoghi","url":"https:\/\/arteeluoghi.it\/","sameAs":["https:\/\/www.facebook.com\/ArteELuoghi\/","https:\/\/www.instagram.com\/arteeluoghi\/?hl=it","https:\/\/www.youtube.com\/channel\/UCuRVc4JW4-C5sg9rQB-srkw?view_as=subscriber","https:\/\/twitter.com\/arteeluoghi"],"logo":{"@type":"ImageObject","@id":"https:\/\/arteeluoghi.it\/#logo","inLanguage":"it-IT","url":"https:\/\/arteeluoghi.it\/wp-content\/uploads\/2018\/08\/logoinstagramarte.jpg","contentUrl":"https:\/\/arteeluoghi.it\/wp-content\/uploads\/2018\/08\/logoinstagramarte.jpg","width":150,"height":150,"caption":"Arte e Luoghi"},"image":{"@id":"https:\/\/arteeluoghi.it\/#logo"}},{"@type":"WebSite","@id":"https:\/\/arteeluoghi.it\/#website","url":"https:\/\/arteeluoghi.it\/","name":"Arte e Luoghi","description":"Mensile di arte, cultura, turismo e curiosit\u00e0","publisher":{"@id":"https:\/\/arteeluoghi.it\/#organization"},"potentialAction":[{"@type":"SearchAction","target":{"@type":"EntryPoint","urlTemplate":"https:\/\/arteeluoghi.it\/?s={search_term_string}"},"query-input":"required name=search_term_string"}],"inLanguage":"it-IT"},{"@type":"ImageObject","@id":"https:\/\/arteeluoghi.it\/index.php\/2012\/02\/04\/la-pittura-italiana-del-xix-secolo-dal-neoclassicismo-al-simbolismo\/#primaryimage","inLanguage":"it-IT","url":"\/images\/stories\/pitturaitaliana.jpg","contentUrl":"\/images\/stories\/pitturaitaliana.jpg"},{"@type":"WebPage","@id":"https:\/\/arteeluoghi.it\/index.php\/2012\/02\/04\/la-pittura-italiana-del-xix-secolo-dal-neoclassicismo-al-simbolismo\/#webpage","url":"https:\/\/arteeluoghi.it\/index.php\/2012\/02\/04\/la-pittura-italiana-del-xix-secolo-dal-neoclassicismo-al-simbolismo\/","name":"La Pittura italiana del XIX secolo. Dal Neoclassicismo al Simbolismo | Arte e Luoghi","isPartOf":{"@id":"https:\/\/arteeluoghi.it\/#website"},"primaryImageOfPage":{"@id":"https:\/\/arteeluoghi.it\/index.php\/2012\/02\/04\/la-pittura-italiana-del-xix-secolo-dal-neoclassicismo-al-simbolismo\/#primaryimage"},"datePublished":"2012-02-04T17:30:02+00:00","dateModified":"2018-01-04T21:33:39+00:00","breadcrumb":{"@id":"https:\/\/arteeluoghi.it\/index.php\/2012\/02\/04\/la-pittura-italiana-del-xix-secolo-dal-neoclassicismo-al-simbolismo\/#breadcrumb"},"inLanguage":"it-IT","potentialAction":[{"@type":"ReadAction","target":["https:\/\/arteeluoghi.it\/index.php\/2012\/02\/04\/la-pittura-italiana-del-xix-secolo-dal-neoclassicismo-al-simbolismo\/"]}]},{"@type":"BreadcrumbList","@id":"https:\/\/arteeluoghi.it\/index.php\/2012\/02\/04\/la-pittura-italiana-del-xix-secolo-dal-neoclassicismo-al-simbolismo\/#breadcrumb","itemListElement":[{"@type":"ListItem","position":1,"name":"Home","item":"https:\/\/arteeluoghi.it\/"},{"@type":"ListItem","position":2,"name":"La Pittura italiana del XIX secolo. Dal Neoclassicismo al Simbolismo"}]},{"@type":"Article","@id":"https:\/\/arteeluoghi.it\/index.php\/2012\/02\/04\/la-pittura-italiana-del-xix-secolo-dal-neoclassicismo-al-simbolismo\/#article","isPartOf":{"@id":"https:\/\/arteeluoghi.it\/index.php\/2012\/02\/04\/la-pittura-italiana-del-xix-secolo-dal-neoclassicismo-al-simbolismo\/#webpage"},"author":{"@id":"https:\/\/arteeluoghi.it\/#\/schema\/person\/f84e814e36e91e01448ee07eaadd41d4"},"headline":"La Pittura italiana del XIX secolo. Dal Neoclassicismo al Simbolismo","datePublished":"2012-02-04T17:30:02+00:00","dateModified":"2018-01-04T21:33:39+00:00","mainEntityOfPage":{"@id":"https:\/\/arteeluoghi.it\/index.php\/2012\/02\/04\/la-pittura-italiana-del-xix-secolo-dal-neoclassicismo-al-simbolismo\/#webpage"},"wordCount":168,"commentCount":0,"publisher":{"@id":"https:\/\/arteeluoghi.it\/#organization"},"image":{"@id":"https:\/\/arteeluoghi.it\/index.php\/2012\/02\/04\/la-pittura-italiana-del-xix-secolo-dal-neoclassicismo-al-simbolismo\/#primaryimage"},"thumbnailUrl":"\/images\/stories\/pitturaitaliana.jpg","articleSection":["ItinerArte"],"inLanguage":"it-IT","potentialAction":[{"@type":"CommentAction","name":"Comment","target":["https:\/\/arteeluoghi.it\/index.php\/2012\/02\/04\/la-pittura-italiana-del-xix-secolo-dal-neoclassicismo-al-simbolismo\/#respond"]}]},{"@type":"Person","@id":"https:\/\/arteeluoghi.it\/#\/schema\/person\/f84e814e36e91e01448ee07eaadd41d4","name":"Staff","image":{"@type":"ImageObject","@id":"https:\/\/arteeluoghi.it\/#personlogo","inLanguage":"it-IT","url":"https:\/\/secure.gravatar.com\/avatar\/49d2f9e46271bb04e19cebfaf141313a?s=96&d=blank&r=g","contentUrl":"https:\/\/secure.gravatar.com\/avatar\/49d2f9e46271bb04e19cebfaf141313a?s=96&d=blank&r=g","caption":"Staff"}}]}},"_links":{"self":[{"href":"https:\/\/arteeluoghi.it\/index.php\/wp-json\/wp\/v2\/posts\/502"}],"collection":[{"href":"https:\/\/arteeluoghi.it\/index.php\/wp-json\/wp\/v2\/posts"}],"about":[{"href":"https:\/\/arteeluoghi.it\/index.php\/wp-json\/wp\/v2\/types\/post"}],"author":[{"embeddable":true,"href":"https:\/\/arteeluoghi.it\/index.php\/wp-json\/wp\/v2\/users\/1"}],"replies":[{"embeddable":true,"href":"https:\/\/arteeluoghi.it\/index.php\/wp-json\/wp\/v2\/comments?post=502"}],"version-history":[{"count":2,"href":"https:\/\/arteeluoghi.it\/index.php\/wp-json\/wp\/v2\/posts\/502\/revisions"}],"predecessor-version":[{"id":4615,"href":"https:\/\/arteeluoghi.it\/index.php\/wp-json\/wp\/v2\/posts\/502\/revisions\/4615"}],"wp:attachment":[{"href":"https:\/\/arteeluoghi.it\/index.php\/wp-json\/wp\/v2\/media?parent=502"}],"wp:term":[{"taxonomy":"category","embeddable":true,"href":"https:\/\/arteeluoghi.it\/index.php\/wp-json\/wp\/v2\/categories?post=502"},{"taxonomy":"post_tag","embeddable":true,"href":"https:\/\/arteeluoghi.it\/index.php\/wp-json\/wp\/v2\/tags?post=502"}],"curies":[{"name":"wp","href":"https:\/\/api.w.org\/{rel}","templated":true}]}}