{"id":5074,"date":"2018-01-22T22:17:30","date_gmt":"2018-01-22T21:17:30","guid":{"rendered":"http:\/\/arteeluoghi.it\/?p=5074"},"modified":"2018-02-03T22:28:30","modified_gmt":"2018-02-03T21:28:30","slug":"ugo-sbisa-puglia-le-eta-del-jazz","status":"publish","type":"post","link":"https:\/\/arteeluoghi.it\/index.php\/2018\/01\/22\/ugo-sbisa-puglia-le-eta-del-jazz\/","title":{"rendered":"Ugo Sbis\u00e0 Puglia, le et\u00e0 del Jazz"},"content":{"rendered":"<p><img loading=\"lazy\" class=\"size-full wp-image-5075 alignleft\" src=\"https:\/\/arteeluoghi.it\/wp-content\/uploads\/2018\/02\/copsbisa.jpg\" alt=\"\" width=\"300\" height=\"300\" srcset=\"https:\/\/arteeluoghi.it\/wp-content\/uploads\/2018\/02\/copsbisa.jpg 300w, https:\/\/arteeluoghi.it\/wp-content\/uploads\/2018\/02\/copsbisa-150x150.jpg 150w\" sizes=\"(max-width: 300px) 100vw, 300px\" \/>Il chiavistello della Torre cinquecentesca che campeggia nel borgo di Salignano \u00e8 pronto per riaprire il suo antico battente alle\u00a018,00 in punto del 26 gennaio, in occasione della presentazione del libro di\u00a0Ugo Sbis\u00e0\u00a0<em>Puglia, le et\u00e0 del Jazz<\/em>\u00a0(Adda editore).\u00a0Dialogheranno con l\u2019autore\u00a0Eliana Augusti,\u00a0storica e direttore creativo del sito web\u00a0<em>La Orilla &#8211; jazz e dintorni<\/em>\u00a0e\u00a0Fulvio Palese,\u00a0musicista, compositore e insegnante di\u00a0saxofono.\u00a0L\u2019ingresso \u00e8 libero, fino a esaurimento posti.<\/p>\n<p>L\u2019iniziativa, patrocinata dal comune di Castrignano del Capo, \u00e8 organizzata dell\u2019associazione culturale\u00a0<b><em>Lampus<\/em><\/b>, nel quadro del progetto\u00a0<b><em>Parlami di Jazz<\/em><\/b>,\u00a0che prosegue il suo percorso divulgativo fatto di musica e parole, sempre proposto in abbinamento a luoghi di forte fascino.<\/p>\n<p>Apprezzato scenario di due concerti gi\u00e0 organizzati da\u00a0<em>Lampus<\/em>\u00a0in occasione della Giornata Internazionale del Jazz &#8211; UNESCO nella scorsa primavera, la Torre, grazie al jazz, sta incontrando nuova luce, suscitando l&#8217;ammirazione di nuovo pubblico.<\/p>\n<p><!--more--><\/p>\n<p><strong>Il libro<\/strong><\/p>\n<p>Con\u00a0<em>Puglia, le et\u00e0 del jazz,\u00a0<\/em>pubblicato da Adda editore nel mese di dicembre scorso,\u00a0Ugo Sbis\u00e0,\u00a0giornalista, critico musicale della\u00a0<em>Gazzetta del\u00a0Mezzogiorno\u00a0<\/em>e docente di storia del Jazz, ha voluto comporre una sorta di puzzle a forma di Puglia, composto di tante tessere fatte di storie, aneddoti, ricordi, luoghi, personaggi, unite tra loro da un solo elemento: il Jazz. Quindi, non una\u00a0snocciolatura cronografica &#8220;a freddo\u201d di dati, nomi ed eventi ma, come lo stesso autore sottolinea, \u201cuna storia, tante storie, un percorso storico, critico\u00a0e sociale del jazz suonato e ascoltato a Bari e nel resto\u00a0della Puglia dal Dopoguerra ai nostri giorni, attraverso\u00a0la rievocazione di concerti, episodi, festival\u00a0e la ricognizione delle sue principali forme espressive\u201d.<\/p>\n<p>Permeato da una passione viscerale per il jazz e da una conoscenza profonda dello\u00a0scenario musicale\u00a0pugliese, l\u2019autore compone il suo puzzle utilizzando tessere sbiadite in bianco e nero risalenti al Dopoguerra alternandole ad altre dai colori pi\u00f9 vividi di un passato meno remoto.<\/p>\n<p>Il percorso tracciato da Sbis\u00e0, che guarda al passato anelando a un virtuoso futuro, \u00e8 denso e mostra luci e ombre di un panorama variegato che nel tempo ha vissuto fasi alterne di picchi\u00a0d\u2019eccellenza e di opaca stagnazione. Sono moltissimi elementi di riflessione &#8211; a volte dolci, ma anche amari &#8211; che emergono dal libro, che vede protagonisti non solo i musicisti, ma gli organizzatori di festival e rassegne musicali, fucine creative a volte sostenute dal mondo politico, a volte colpevolmente trascurate. Un libro che apprezzeranno gli addetti ai lavori ma anche i curiosi che scopriranno la creativit\u00e0 che la Puglia ha saputo esprimere nel jazz attraverso tanti suoi talenti. Un libro prezioso che ogni assessore alla cultura e al turismo delle amministrazioni pugliesi dovrebbe leggere facendone tesoro!<\/p>\n<p>&nbsp;<\/p>\n<p><strong>Torre di Salignano<\/strong><\/p>\n<p>Costruita intorno al XVI secolo ha pianta circolare con diametro di 20 metri e altezza di 15. <cite class=\"_Rm\">\u00c8<\/cite> una delle torri meglio conservate di tutto il Salento. Costituita da due piani, con una caditoia interna in corrispondenza della porta principale. I due piani sono collegati tra loro da una scaletta ricavata all&#8217;interno della struttura che arriva fin sopra il terrazzo. Al piano terra \u00e8 presente un camino ed una cisterna. In corrispondenza del centro della volta \u00e8 presente un orifizio che era utilizzato per le comunicazioni tra i due piani. Questa torre di seconda linea d\u00e0 perfettamente l&#8217;idea dell&#8217;architettura militare del tempo con le sue imponenti caditoie per la difesa piombante, i beccatelli e le feritoie.<\/p>\n<p>(fonte: comunicato stampa)<\/p>\n","protected":false},"excerpt":{"rendered":"<p>Il chiavistello della Torre cinquecentesca che campeggia nel borgo di Salignano \u00e8 pronto per riaprire il suo antico battente alle\u00a018,00<\/p>\n","protected":false},"author":1,"featured_media":5076,"comment_status":"open","ping_status":"open","sticky":true,"template":"","format":"standard","meta":[],"categories":[17],"tags":[790,792,789,791,521],"yoast_head":"<!-- This site is optimized with the Yoast SEO plugin v18.0 - https:\/\/yoast.com\/wordpress\/plugins\/seo\/ -->\n<title>Ugo Sbis\u00e0 Puglia, le et\u00e0 del Jazz | Arte e Luoghi<\/title>\n<meta name=\"robots\" content=\"index, follow, max-snippet:-1, max-image-preview:large, max-video-preview:-1\" \/>\n<link rel=\"canonical\" href=\"https:\/\/arteeluoghi.it\/index.php\/2018\/01\/22\/ugo-sbisa-puglia-le-eta-del-jazz\/\" \/>\n<meta property=\"og:locale\" content=\"it_IT\" \/>\n<meta property=\"og:type\" content=\"article\" \/>\n<meta property=\"og:title\" content=\"Ugo Sbis\u00e0 Puglia, le et\u00e0 del Jazz | Arte e Luoghi\" \/>\n<meta property=\"og:description\" content=\"Il chiavistello della Torre cinquecentesca che campeggia nel borgo di Salignano \u00e8 pronto per riaprire il suo antico battente alle\u00a018,00\" \/>\n<meta property=\"og:url\" content=\"https:\/\/arteeluoghi.it\/index.php\/2018\/01\/22\/ugo-sbisa-puglia-le-eta-del-jazz\/\" \/>\n<meta property=\"og:site_name\" content=\"Arte e Luoghi\" \/>\n<meta property=\"article:publisher\" content=\"https:\/\/www.facebook.com\/ArteELuoghi\/\" \/>\n<meta property=\"article:published_time\" content=\"2018-01-22T21:17:30+00:00\" \/>\n<meta property=\"article:modified_time\" content=\"2018-02-03T21:28:30+00:00\" \/>\n<meta property=\"og:image\" content=\"https:\/\/arteeluoghi.it\/wp-content\/uploads\/2018\/02\/torre-salignano.jpg\" \/>\n\t<meta property=\"og:image:width\" content=\"514\" \/>\n\t<meta property=\"og:image:height\" content=\"598\" \/>\n\t<meta property=\"og:image:type\" content=\"image\/jpeg\" \/>\n<meta name=\"twitter:card\" content=\"summary\" \/>\n<meta name=\"twitter:creator\" content=\"@arteeluoghi\" \/>\n<meta name=\"twitter:site\" content=\"@arteeluoghi\" \/>\n<meta name=\"twitter:label1\" content=\"Scritto da\" \/>\n\t<meta name=\"twitter:data1\" content=\"Staff\" \/>\n\t<meta name=\"twitter:label2\" content=\"Tempo di lettura stimato\" \/>\n\t<meta name=\"twitter:data2\" content=\"3 minuti\" \/>\n<script type=\"application\/ld+json\" class=\"yoast-schema-graph\">{\"@context\":\"https:\/\/schema.org\",\"@graph\":[{\"@type\":\"Organization\",\"@id\":\"https:\/\/arteeluoghi.it\/#organization\",\"name\":\"Arte e Luoghi\",\"url\":\"https:\/\/arteeluoghi.it\/\",\"sameAs\":[\"https:\/\/www.facebook.com\/ArteELuoghi\/\",\"https:\/\/www.instagram.com\/arteeluoghi\/?hl=it\",\"https:\/\/www.youtube.com\/channel\/UCuRVc4JW4-C5sg9rQB-srkw?view_as=subscriber\",\"https:\/\/twitter.com\/arteeluoghi\"],\"logo\":{\"@type\":\"ImageObject\",\"@id\":\"https:\/\/arteeluoghi.it\/#logo\",\"inLanguage\":\"it-IT\",\"url\":\"https:\/\/arteeluoghi.it\/wp-content\/uploads\/2018\/08\/logoinstagramarte.jpg\",\"contentUrl\":\"https:\/\/arteeluoghi.it\/wp-content\/uploads\/2018\/08\/logoinstagramarte.jpg\",\"width\":150,\"height\":150,\"caption\":\"Arte e Luoghi\"},\"image\":{\"@id\":\"https:\/\/arteeluoghi.it\/#logo\"}},{\"@type\":\"WebSite\",\"@id\":\"https:\/\/arteeluoghi.it\/#website\",\"url\":\"https:\/\/arteeluoghi.it\/\",\"name\":\"Arte e Luoghi\",\"description\":\"Mensile di arte, cultura, turismo e curiosit\u00e0\",\"publisher\":{\"@id\":\"https:\/\/arteeluoghi.it\/#organization\"},\"potentialAction\":[{\"@type\":\"SearchAction\",\"target\":{\"@type\":\"EntryPoint\",\"urlTemplate\":\"https:\/\/arteeluoghi.it\/?s={search_term_string}\"},\"query-input\":\"required name=search_term_string\"}],\"inLanguage\":\"it-IT\"},{\"@type\":\"ImageObject\",\"@id\":\"https:\/\/arteeluoghi.it\/index.php\/2018\/01\/22\/ugo-sbisa-puglia-le-eta-del-jazz\/#primaryimage\",\"inLanguage\":\"it-IT\",\"url\":\"https:\/\/arteeluoghi.it\/wp-content\/uploads\/2018\/02\/torre-salignano.jpg\",\"contentUrl\":\"https:\/\/arteeluoghi.it\/wp-content\/uploads\/2018\/02\/torre-salignano.jpg\",\"width\":514,\"height\":598},{\"@type\":\"WebPage\",\"@id\":\"https:\/\/arteeluoghi.it\/index.php\/2018\/01\/22\/ugo-sbisa-puglia-le-eta-del-jazz\/#webpage\",\"url\":\"https:\/\/arteeluoghi.it\/index.php\/2018\/01\/22\/ugo-sbisa-puglia-le-eta-del-jazz\/\",\"name\":\"Ugo Sbis\u00e0 Puglia, le et\u00e0 del Jazz | Arte e Luoghi\",\"isPartOf\":{\"@id\":\"https:\/\/arteeluoghi.it\/#website\"},\"primaryImageOfPage\":{\"@id\":\"https:\/\/arteeluoghi.it\/index.php\/2018\/01\/22\/ugo-sbisa-puglia-le-eta-del-jazz\/#primaryimage\"},\"datePublished\":\"2018-01-22T21:17:30+00:00\",\"dateModified\":\"2018-02-03T21:28:30+00:00\",\"breadcrumb\":{\"@id\":\"https:\/\/arteeluoghi.it\/index.php\/2018\/01\/22\/ugo-sbisa-puglia-le-eta-del-jazz\/#breadcrumb\"},\"inLanguage\":\"it-IT\",\"potentialAction\":[{\"@type\":\"ReadAction\",\"target\":[\"https:\/\/arteeluoghi.it\/index.php\/2018\/01\/22\/ugo-sbisa-puglia-le-eta-del-jazz\/\"]}]},{\"@type\":\"BreadcrumbList\",\"@id\":\"https:\/\/arteeluoghi.it\/index.php\/2018\/01\/22\/ugo-sbisa-puglia-le-eta-del-jazz\/#breadcrumb\",\"itemListElement\":[{\"@type\":\"ListItem\",\"position\":1,\"name\":\"Home\",\"item\":\"https:\/\/arteeluoghi.it\/\"},{\"@type\":\"ListItem\",\"position\":2,\"name\":\"Ugo Sbis\u00e0 Puglia, le et\u00e0 del Jazz\"}]},{\"@type\":\"Article\",\"@id\":\"https:\/\/arteeluoghi.it\/index.php\/2018\/01\/22\/ugo-sbisa-puglia-le-eta-del-jazz\/#article\",\"isPartOf\":{\"@id\":\"https:\/\/arteeluoghi.it\/index.php\/2018\/01\/22\/ugo-sbisa-puglia-le-eta-del-jazz\/#webpage\"},\"author\":{\"@id\":\"https:\/\/arteeluoghi.it\/#\/schema\/person\/f84e814e36e91e01448ee07eaadd41d4\"},\"headline\":\"Ugo Sbis\u00e0 Puglia, le et\u00e0 del Jazz\",\"datePublished\":\"2018-01-22T21:17:30+00:00\",\"dateModified\":\"2018-02-03T21:28:30+00:00\",\"mainEntityOfPage\":{\"@id\":\"https:\/\/arteeluoghi.it\/index.php\/2018\/01\/22\/ugo-sbisa-puglia-le-eta-del-jazz\/#webpage\"},\"wordCount\":572,\"commentCount\":0,\"publisher\":{\"@id\":\"https:\/\/arteeluoghi.it\/#organization\"},\"image\":{\"@id\":\"https:\/\/arteeluoghi.it\/index.php\/2018\/01\/22\/ugo-sbisa-puglia-le-eta-del-jazz\/#primaryimage\"},\"thumbnailUrl\":\"https:\/\/arteeluoghi.it\/wp-content\/uploads\/2018\/02\/torre-salignano.jpg\",\"keywords\":[\"Jazz\",\"Lampus\",\"Puglia\",\"Torre di Salignano\",\"Ugo Sbis\u00e0\"],\"articleSection\":[\"LIBRI\"],\"inLanguage\":\"it-IT\",\"potentialAction\":[{\"@type\":\"CommentAction\",\"name\":\"Comment\",\"target\":[\"https:\/\/arteeluoghi.it\/index.php\/2018\/01\/22\/ugo-sbisa-puglia-le-eta-del-jazz\/#respond\"]}]},{\"@type\":\"Person\",\"@id\":\"https:\/\/arteeluoghi.it\/#\/schema\/person\/f84e814e36e91e01448ee07eaadd41d4\",\"name\":\"Staff\",\"image\":{\"@type\":\"ImageObject\",\"@id\":\"https:\/\/arteeluoghi.it\/#personlogo\",\"inLanguage\":\"it-IT\",\"url\":\"https:\/\/secure.gravatar.com\/avatar\/49d2f9e46271bb04e19cebfaf141313a?s=96&d=blank&r=g\",\"contentUrl\":\"https:\/\/secure.gravatar.com\/avatar\/49d2f9e46271bb04e19cebfaf141313a?s=96&d=blank&r=g\",\"caption\":\"Staff\"}}]}<\/script>\n<!-- \/ Yoast SEO plugin. -->","yoast_head_json":{"title":"Ugo Sbis\u00e0 Puglia, le et\u00e0 del Jazz | Arte e Luoghi","robots":{"index":"index","follow":"follow","max-snippet":"max-snippet:-1","max-image-preview":"max-image-preview:large","max-video-preview":"max-video-preview:-1"},"canonical":"https:\/\/arteeluoghi.it\/index.php\/2018\/01\/22\/ugo-sbisa-puglia-le-eta-del-jazz\/","og_locale":"it_IT","og_type":"article","og_title":"Ugo Sbis\u00e0 Puglia, le et\u00e0 del Jazz | Arte e Luoghi","og_description":"Il chiavistello della Torre cinquecentesca che campeggia nel borgo di Salignano \u00e8 pronto per riaprire il suo antico battente alle\u00a018,00","og_url":"https:\/\/arteeluoghi.it\/index.php\/2018\/01\/22\/ugo-sbisa-puglia-le-eta-del-jazz\/","og_site_name":"Arte e Luoghi","article_publisher":"https:\/\/www.facebook.com\/ArteELuoghi\/","article_published_time":"2018-01-22T21:17:30+00:00","article_modified_time":"2018-02-03T21:28:30+00:00","og_image":[{"width":514,"height":598,"url":"https:\/\/arteeluoghi.it\/wp-content\/uploads\/2018\/02\/torre-salignano.jpg","type":"image\/jpeg"}],"twitter_card":"summary","twitter_creator":"@arteeluoghi","twitter_site":"@arteeluoghi","twitter_misc":{"Scritto da":"Staff","Tempo di lettura stimato":"3 minuti"},"schema":{"@context":"https:\/\/schema.org","@graph":[{"@type":"Organization","@id":"https:\/\/arteeluoghi.it\/#organization","name":"Arte e Luoghi","url":"https:\/\/arteeluoghi.it\/","sameAs":["https:\/\/www.facebook.com\/ArteELuoghi\/","https:\/\/www.instagram.com\/arteeluoghi\/?hl=it","https:\/\/www.youtube.com\/channel\/UCuRVc4JW4-C5sg9rQB-srkw?view_as=subscriber","https:\/\/twitter.com\/arteeluoghi"],"logo":{"@type":"ImageObject","@id":"https:\/\/arteeluoghi.it\/#logo","inLanguage":"it-IT","url":"https:\/\/arteeluoghi.it\/wp-content\/uploads\/2018\/08\/logoinstagramarte.jpg","contentUrl":"https:\/\/arteeluoghi.it\/wp-content\/uploads\/2018\/08\/logoinstagramarte.jpg","width":150,"height":150,"caption":"Arte e Luoghi"},"image":{"@id":"https:\/\/arteeluoghi.it\/#logo"}},{"@type":"WebSite","@id":"https:\/\/arteeluoghi.it\/#website","url":"https:\/\/arteeluoghi.it\/","name":"Arte e Luoghi","description":"Mensile di arte, cultura, turismo e curiosit\u00e0","publisher":{"@id":"https:\/\/arteeluoghi.it\/#organization"},"potentialAction":[{"@type":"SearchAction","target":{"@type":"EntryPoint","urlTemplate":"https:\/\/arteeluoghi.it\/?s={search_term_string}"},"query-input":"required name=search_term_string"}],"inLanguage":"it-IT"},{"@type":"ImageObject","@id":"https:\/\/arteeluoghi.it\/index.php\/2018\/01\/22\/ugo-sbisa-puglia-le-eta-del-jazz\/#primaryimage","inLanguage":"it-IT","url":"https:\/\/arteeluoghi.it\/wp-content\/uploads\/2018\/02\/torre-salignano.jpg","contentUrl":"https:\/\/arteeluoghi.it\/wp-content\/uploads\/2018\/02\/torre-salignano.jpg","width":514,"height":598},{"@type":"WebPage","@id":"https:\/\/arteeluoghi.it\/index.php\/2018\/01\/22\/ugo-sbisa-puglia-le-eta-del-jazz\/#webpage","url":"https:\/\/arteeluoghi.it\/index.php\/2018\/01\/22\/ugo-sbisa-puglia-le-eta-del-jazz\/","name":"Ugo Sbis\u00e0 Puglia, le et\u00e0 del Jazz | Arte e Luoghi","isPartOf":{"@id":"https:\/\/arteeluoghi.it\/#website"},"primaryImageOfPage":{"@id":"https:\/\/arteeluoghi.it\/index.php\/2018\/01\/22\/ugo-sbisa-puglia-le-eta-del-jazz\/#primaryimage"},"datePublished":"2018-01-22T21:17:30+00:00","dateModified":"2018-02-03T21:28:30+00:00","breadcrumb":{"@id":"https:\/\/arteeluoghi.it\/index.php\/2018\/01\/22\/ugo-sbisa-puglia-le-eta-del-jazz\/#breadcrumb"},"inLanguage":"it-IT","potentialAction":[{"@type":"ReadAction","target":["https:\/\/arteeluoghi.it\/index.php\/2018\/01\/22\/ugo-sbisa-puglia-le-eta-del-jazz\/"]}]},{"@type":"BreadcrumbList","@id":"https:\/\/arteeluoghi.it\/index.php\/2018\/01\/22\/ugo-sbisa-puglia-le-eta-del-jazz\/#breadcrumb","itemListElement":[{"@type":"ListItem","position":1,"name":"Home","item":"https:\/\/arteeluoghi.it\/"},{"@type":"ListItem","position":2,"name":"Ugo Sbis\u00e0 Puglia, le et\u00e0 del Jazz"}]},{"@type":"Article","@id":"https:\/\/arteeluoghi.it\/index.php\/2018\/01\/22\/ugo-sbisa-puglia-le-eta-del-jazz\/#article","isPartOf":{"@id":"https:\/\/arteeluoghi.it\/index.php\/2018\/01\/22\/ugo-sbisa-puglia-le-eta-del-jazz\/#webpage"},"author":{"@id":"https:\/\/arteeluoghi.it\/#\/schema\/person\/f84e814e36e91e01448ee07eaadd41d4"},"headline":"Ugo Sbis\u00e0 Puglia, le et\u00e0 del Jazz","datePublished":"2018-01-22T21:17:30+00:00","dateModified":"2018-02-03T21:28:30+00:00","mainEntityOfPage":{"@id":"https:\/\/arteeluoghi.it\/index.php\/2018\/01\/22\/ugo-sbisa-puglia-le-eta-del-jazz\/#webpage"},"wordCount":572,"commentCount":0,"publisher":{"@id":"https:\/\/arteeluoghi.it\/#organization"},"image":{"@id":"https:\/\/arteeluoghi.it\/index.php\/2018\/01\/22\/ugo-sbisa-puglia-le-eta-del-jazz\/#primaryimage"},"thumbnailUrl":"https:\/\/arteeluoghi.it\/wp-content\/uploads\/2018\/02\/torre-salignano.jpg","keywords":["Jazz","Lampus","Puglia","Torre di Salignano","Ugo Sbis\u00e0"],"articleSection":["LIBRI"],"inLanguage":"it-IT","potentialAction":[{"@type":"CommentAction","name":"Comment","target":["https:\/\/arteeluoghi.it\/index.php\/2018\/01\/22\/ugo-sbisa-puglia-le-eta-del-jazz\/#respond"]}]},{"@type":"Person","@id":"https:\/\/arteeluoghi.it\/#\/schema\/person\/f84e814e36e91e01448ee07eaadd41d4","name":"Staff","image":{"@type":"ImageObject","@id":"https:\/\/arteeluoghi.it\/#personlogo","inLanguage":"it-IT","url":"https:\/\/secure.gravatar.com\/avatar\/49d2f9e46271bb04e19cebfaf141313a?s=96&d=blank&r=g","contentUrl":"https:\/\/secure.gravatar.com\/avatar\/49d2f9e46271bb04e19cebfaf141313a?s=96&d=blank&r=g","caption":"Staff"}}]}},"_links":{"self":[{"href":"https:\/\/arteeluoghi.it\/index.php\/wp-json\/wp\/v2\/posts\/5074"}],"collection":[{"href":"https:\/\/arteeluoghi.it\/index.php\/wp-json\/wp\/v2\/posts"}],"about":[{"href":"https:\/\/arteeluoghi.it\/index.php\/wp-json\/wp\/v2\/types\/post"}],"author":[{"embeddable":true,"href":"https:\/\/arteeluoghi.it\/index.php\/wp-json\/wp\/v2\/users\/1"}],"replies":[{"embeddable":true,"href":"https:\/\/arteeluoghi.it\/index.php\/wp-json\/wp\/v2\/comments?post=5074"}],"version-history":[{"count":1,"href":"https:\/\/arteeluoghi.it\/index.php\/wp-json\/wp\/v2\/posts\/5074\/revisions"}],"predecessor-version":[{"id":5077,"href":"https:\/\/arteeluoghi.it\/index.php\/wp-json\/wp\/v2\/posts\/5074\/revisions\/5077"}],"wp:featuredmedia":[{"embeddable":true,"href":"https:\/\/arteeluoghi.it\/index.php\/wp-json\/wp\/v2\/media\/5076"}],"wp:attachment":[{"href":"https:\/\/arteeluoghi.it\/index.php\/wp-json\/wp\/v2\/media?parent=5074"}],"wp:term":[{"taxonomy":"category","embeddable":true,"href":"https:\/\/arteeluoghi.it\/index.php\/wp-json\/wp\/v2\/categories?post=5074"},{"taxonomy":"post_tag","embeddable":true,"href":"https:\/\/arteeluoghi.it\/index.php\/wp-json\/wp\/v2\/tags?post=5074"}],"curies":[{"name":"wp","href":"https:\/\/api.w.org\/{rel}","templated":true}]}}