{"id":517,"date":"2012-02-10T13:19:14","date_gmt":"2012-02-10T12:19:14","guid":{"rendered":"http:\/\/arteeluoghi.it\/index.php\/2012\/02\/10\/il-design-della-nuova-accoglienza-turistica\/"},"modified":"2017-08-07T00:06:10","modified_gmt":"2017-08-06T22:06:10","slug":"il-design-della-nuova-accoglienza-turistica","status":"publish","type":"post","link":"https:\/\/arteeluoghi.it\/index.php\/2012\/02\/10\/il-design-della-nuova-accoglienza-turistica\/","title":{"rendered":"IL DESIGN DELLA NUOVA ACCOGLIENZA TURISTICA"},"content":{"rendered":"<p><strong><img src=\"\/images\/stories\/foto-incontro-bari-1.jpg\" border=\"0\" width=\"350\" style=\"margin: 21px; float: left;\" \/>IL DESIGN DELLA NUOVA ACCOGLIENZA TURISTICA<\/strong><\/p>\n<p style=\"text-align: left;\">Contest per la progettazione degli Uffici di Informazione di Puglia<\/p>\n<p align=\"center\">\u00a0<\/p>\n<p style=\"text-align: left;\">L\u2019assessore al Mediterraneo, Cultura e Turismo Silvia Godelli \u00a0e il direttore generale di Pugliapromozione Giancarlo Piccirillo hanno presentato al Cineporto di Bari il<\/p>\n<p style=\"text-align: left;\">\u201c<em>Concorso di idee progettuali per il rinnovo degli ambienti e dell\u2019immagine coordinata degli Uffici Informazione e Accoglienza Turistica<\/em>\u201d.<\/p>\n<p style=\"text-align: left;\">\u00a0<\/p>\n<p>L\u2019assessore\u00a0 al Mediterraneo, Cultura e Turismo <strong>Silvia Godelli<\/strong> e il direttore generale di Pugliapromozione <strong>Giancarlo Piccirillo<\/strong> hanno presentato stamani al Cineporto di Bari\u00a0 il \u201cConcorso di idee per il rinnovo degli ambienti e dell\u2019immagine coordinata dei centri IAT (Uffici Informazione e Accoglienza Turistica)\u201d.<\/p>\n<p>Al seminario organizzato dall\u2019Agenzia Pugliapromozione in collaborazione con Id&amp;a, Associazione di Imprese Design &amp; Affini sono intervenuti<strong> Vincenzo Sinisi<\/strong> presidente dell\u2019Ordine degli Architetti di Bari, <strong>Annalisa Di Roma<\/strong> ricercatore e professore di Disegno Industriale della Facolt\u00e0 di Architettura\u00a0 del Politecnico di Bari,<strong> Gianluca Ciullo<\/strong> presidente della Delegazione \u00a0di ADI Puglia e Basilicata (Associazione Design Industriale) e<strong> Vittorio Andidero<\/strong> presidente Commissione Turismo\u00a0 Confindustria Puglia.<\/p>\n<p>\u00a0<\/p>\n<p>  <!--more-->  <\/p>\n<p>\u00a0<\/p>\n<p>&lt;&lt;<em>Stiamo radicalmente riorganizzando <\/em>&#8211; ha affermato l\u2019assessore Godelli\u201d <em>i rapporti con il territorio e i soggetti che agiscono su di esso, avendo in mente uno stile pugliese gi\u00e0 ampiamente riconosciuto.\u00a0 Basti pensare che ad agosto, la Puglia era al primo posto come destinazione turistica italiana.\u00a0 La nostra regione ha un &#8220;caratttere&#8221; che ha in s\u00e9 genuinit\u00e0, un mix tra tradizione e modernit\u00e0 e un fortissimo dinamismo interpretato soprattutto dai giovani nelle diverse iniziative promosse dalla Regione Puglia. Queste sono le parole d&#8217;ordine per il processo di rinnovamento che vogliamo: giovane, creativo, dinamico. Solo cos\u00ec si possono rappresentare gli aspetti pi\u00f9 affascinanti del nostro territorio. Bisogna creare una &#8220;carta d&#8217;identit\u00e0&#8221; della Puglia e puntare sulla<\/em> <em>qualit\u00e0 dell&#8217;accoglienza che deve essere innanzitutto reale, fisica, umana e culturale. Questo \u00e8 il &#8220;turismo emozionale&#8221; che vogliamo promuovere<\/em>&gt;&gt;.<\/p>\n<p>\u00a0<\/p>\n<p>L\u2019Agenzia Pugliapromozione, strumento operativo dell\u2019Assessorato al Mediterraneo, Cultura e Turismo della Regione Puglia, diretta dal <em>manager<\/em> Giancarlo Piccirillo, ha promosso il <em>\u201cConcorso di idee\u201d <\/em>finalizzato ad incentivare lo sviluppo territoriale e a rinnovare il <em>brand<\/em> degli ambienti degli IAT pugliesi, attraverso l\u2019ideazione di una immagine coordinata e l\u2019uniformazione dell\u2019<em>interior design, <\/em>nell\u2019ottica di ottimizzare gli spazi, secondo le funzioni caratteristiche dei centri informazione e accoglienza turistica.<\/p>\n<p><em> <\/em><\/p>\n<p>&lt;&lt;<em>Obiettivo del concorso di idee<\/em> &#8211; spiega Piccirillo &#8211;\u00a0 <em>\u00e8 mettere\u00a0 i cittadini, viaggiatori, operatori turistici e gruppi organizzati, in vacanza in Puglia, nelle condizioni di riconoscere i centri di Informazione e Accoglienza Turistica; di trasferire agli utenti del servizio il senso dell\u2019accoglienza, quale tratto caratteristico dell\u2019 identit\u00e0 regionale; di raccontare gli elementi salienti dell\u2019identit\u00e0<\/em> <em>regionale, quale terra al contempo \u201cautentica\u201d e \u201ccontemporanea\u201d, interpretando i concetti di esperienza (incontri, eventi, sapori, colori) tradizione e innovazione, storia e futuro, terra giovane e dinamica, terra aperta al mondo ed alle culture, qualit\u00e0 della vita e sostenibilit\u00e0;\u00a0di realizzare spazi concepiti nell\u2019ottica della riconoscibilit\u00e0 ed unitariet\u00e0 della immagine regionale, avendo particolare attenzione al \u201cracconto\u201d delle peculiarit\u00e0 del territorio e, in particolare, alle aree territoriali in cui sono localizzati gli Iat del Gargano, dei Monti Dauni, della Puglia di Federico II e del romanico pugliese, di Bari, Valle d\u2019Itria, Gravine e Alta Murgia, Magna Grecia e\u00a0 Salento&gt;&gt;.<\/em><\/p>\n<p>\u00a0<\/p>\n<p>Il miglior progetto \u201cpilota\u201d che cambia <em>look<\/em> agli Iat di Puglia, sar\u00e0 premiato con l\u2019affidamento dell\u2019incarico alla progettazione esecutiva e direzione dei lavori.<\/p>\n<p>Il Bando di concorso \u00e8 scaricabile dal sito aziendale di Pugliapromozione (<a href=\"http:\/\/www.agenziapugliapromozione.it\/\">www.agenziapugliapromozione.it<\/a>), per chiarimenti: ufficio gare (<a href=\"mailto:ufficiogare@viaggiareinpuglia.it\">ufficiogare@viaggiareinpuglia.it<\/a>) per dettagli e approfondimenti: Associazione id&amp;a &#8211; imprese design &amp; affini &#8211; Lecce (<a href=\"http:\/\/www.ideaedesign.it\/\">www.ideaedesign.it<\/a>).<\/p>\n<p>(fonte: comunicato stampa)<\/p>\n","protected":false},"excerpt":{"rendered":"<p>IL DESIGN DELLA NUOVA ACCOGLIENZA TURISTICA Contest per la progettazione degli Uffici di Informazione di Puglia \u00a0 L\u2019assessore al Mediterraneo,<\/p>\n","protected":false},"author":1,"featured_media":0,"comment_status":"open","ping_status":"open","sticky":false,"template":"","format":"standard","meta":[],"categories":[28],"tags":[],"yoast_head":"<!-- This site is optimized with the Yoast SEO plugin v18.0 - https:\/\/yoast.com\/wordpress\/plugins\/seo\/ -->\n<title>IL DESIGN DELLA NUOVA ACCOGLIENZA TURISTICA | Arte e Luoghi<\/title>\n<meta name=\"robots\" content=\"index, follow, max-snippet:-1, max-image-preview:large, max-video-preview:-1\" \/>\n<link rel=\"canonical\" href=\"https:\/\/arteeluoghi.it\/index.php\/2012\/02\/10\/il-design-della-nuova-accoglienza-turistica\/\" \/>\n<meta property=\"og:locale\" content=\"it_IT\" \/>\n<meta property=\"og:type\" content=\"article\" \/>\n<meta property=\"og:title\" content=\"IL DESIGN DELLA NUOVA ACCOGLIENZA TURISTICA | Arte e Luoghi\" \/>\n<meta property=\"og:description\" content=\"IL DESIGN DELLA NUOVA ACCOGLIENZA TURISTICA Contest per la progettazione degli Uffici di Informazione di Puglia \u00a0 L\u2019assessore al Mediterraneo,\" \/>\n<meta property=\"og:url\" content=\"https:\/\/arteeluoghi.it\/index.php\/2012\/02\/10\/il-design-della-nuova-accoglienza-turistica\/\" \/>\n<meta property=\"og:site_name\" content=\"Arte e Luoghi\" \/>\n<meta property=\"article:publisher\" content=\"https:\/\/www.facebook.com\/ArteELuoghi\/\" \/>\n<meta property=\"article:published_time\" content=\"2012-02-10T12:19:14+00:00\" \/>\n<meta property=\"article:modified_time\" content=\"2017-08-06T22:06:10+00:00\" \/>\n<meta property=\"og:image\" content=\"https:\/\/arteeluoghi.it\/images\/stories\/foto-incontro-bari-1.jpg\" \/>\n<meta name=\"twitter:card\" content=\"summary\" \/>\n<meta name=\"twitter:creator\" content=\"@arteeluoghi\" \/>\n<meta name=\"twitter:site\" content=\"@arteeluoghi\" \/>\n<meta name=\"twitter:label1\" content=\"Scritto da\" \/>\n\t<meta name=\"twitter:data1\" content=\"Staff\" \/>\n\t<meta name=\"twitter:label2\" content=\"Tempo di lettura stimato\" \/>\n\t<meta name=\"twitter:data2\" content=\"3 minuti\" \/>\n<script type=\"application\/ld+json\" class=\"yoast-schema-graph\">{\"@context\":\"https:\/\/schema.org\",\"@graph\":[{\"@type\":\"Organization\",\"@id\":\"https:\/\/arteeluoghi.it\/#organization\",\"name\":\"Arte e Luoghi\",\"url\":\"https:\/\/arteeluoghi.it\/\",\"sameAs\":[\"https:\/\/www.facebook.com\/ArteELuoghi\/\",\"https:\/\/www.instagram.com\/arteeluoghi\/?hl=it\",\"https:\/\/www.youtube.com\/channel\/UCuRVc4JW4-C5sg9rQB-srkw?view_as=subscriber\",\"https:\/\/twitter.com\/arteeluoghi\"],\"logo\":{\"@type\":\"ImageObject\",\"@id\":\"https:\/\/arteeluoghi.it\/#logo\",\"inLanguage\":\"it-IT\",\"url\":\"https:\/\/arteeluoghi.it\/wp-content\/uploads\/2018\/08\/logoinstagramarte.jpg\",\"contentUrl\":\"https:\/\/arteeluoghi.it\/wp-content\/uploads\/2018\/08\/logoinstagramarte.jpg\",\"width\":150,\"height\":150,\"caption\":\"Arte e Luoghi\"},\"image\":{\"@id\":\"https:\/\/arteeluoghi.it\/#logo\"}},{\"@type\":\"WebSite\",\"@id\":\"https:\/\/arteeluoghi.it\/#website\",\"url\":\"https:\/\/arteeluoghi.it\/\",\"name\":\"Arte e Luoghi\",\"description\":\"Mensile di arte, cultura, turismo e curiosit\u00e0\",\"publisher\":{\"@id\":\"https:\/\/arteeluoghi.it\/#organization\"},\"potentialAction\":[{\"@type\":\"SearchAction\",\"target\":{\"@type\":\"EntryPoint\",\"urlTemplate\":\"https:\/\/arteeluoghi.it\/?s={search_term_string}\"},\"query-input\":\"required name=search_term_string\"}],\"inLanguage\":\"it-IT\"},{\"@type\":\"ImageObject\",\"@id\":\"https:\/\/arteeluoghi.it\/index.php\/2012\/02\/10\/il-design-della-nuova-accoglienza-turistica\/#primaryimage\",\"inLanguage\":\"it-IT\",\"url\":\"\/images\/stories\/foto-incontro-bari-1.jpg\",\"contentUrl\":\"\/images\/stories\/foto-incontro-bari-1.jpg\"},{\"@type\":\"WebPage\",\"@id\":\"https:\/\/arteeluoghi.it\/index.php\/2012\/02\/10\/il-design-della-nuova-accoglienza-turistica\/#webpage\",\"url\":\"https:\/\/arteeluoghi.it\/index.php\/2012\/02\/10\/il-design-della-nuova-accoglienza-turistica\/\",\"name\":\"IL DESIGN DELLA NUOVA ACCOGLIENZA TURISTICA | Arte e Luoghi\",\"isPartOf\":{\"@id\":\"https:\/\/arteeluoghi.it\/#website\"},\"primaryImageOfPage\":{\"@id\":\"https:\/\/arteeluoghi.it\/index.php\/2012\/02\/10\/il-design-della-nuova-accoglienza-turistica\/#primaryimage\"},\"datePublished\":\"2012-02-10T12:19:14+00:00\",\"dateModified\":\"2017-08-06T22:06:10+00:00\",\"breadcrumb\":{\"@id\":\"https:\/\/arteeluoghi.it\/index.php\/2012\/02\/10\/il-design-della-nuova-accoglienza-turistica\/#breadcrumb\"},\"inLanguage\":\"it-IT\",\"potentialAction\":[{\"@type\":\"ReadAction\",\"target\":[\"https:\/\/arteeluoghi.it\/index.php\/2012\/02\/10\/il-design-della-nuova-accoglienza-turistica\/\"]}]},{\"@type\":\"BreadcrumbList\",\"@id\":\"https:\/\/arteeluoghi.it\/index.php\/2012\/02\/10\/il-design-della-nuova-accoglienza-turistica\/#breadcrumb\",\"itemListElement\":[{\"@type\":\"ListItem\",\"position\":1,\"name\":\"Home\",\"item\":\"https:\/\/arteeluoghi.it\/\"},{\"@type\":\"ListItem\",\"position\":2,\"name\":\"IL DESIGN DELLA NUOVA ACCOGLIENZA TURISTICA\"}]},{\"@type\":\"Article\",\"@id\":\"https:\/\/arteeluoghi.it\/index.php\/2012\/02\/10\/il-design-della-nuova-accoglienza-turistica\/#article\",\"isPartOf\":{\"@id\":\"https:\/\/arteeluoghi.it\/index.php\/2012\/02\/10\/il-design-della-nuova-accoglienza-turistica\/#webpage\"},\"author\":{\"@id\":\"https:\/\/arteeluoghi.it\/#\/schema\/person\/f84e814e36e91e01448ee07eaadd41d4\"},\"headline\":\"IL DESIGN DELLA NUOVA ACCOGLIENZA TURISTICA\",\"datePublished\":\"2012-02-10T12:19:14+00:00\",\"dateModified\":\"2017-08-06T22:06:10+00:00\",\"mainEntityOfPage\":{\"@id\":\"https:\/\/arteeluoghi.it\/index.php\/2012\/02\/10\/il-design-della-nuova-accoglienza-turistica\/#webpage\"},\"wordCount\":611,\"commentCount\":0,\"publisher\":{\"@id\":\"https:\/\/arteeluoghi.it\/#organization\"},\"image\":{\"@id\":\"https:\/\/arteeluoghi.it\/index.php\/2012\/02\/10\/il-design-della-nuova-accoglienza-turistica\/#primaryimage\"},\"thumbnailUrl\":\"\/images\/stories\/foto-incontro-bari-1.jpg\",\"articleSection\":[\"Notizie\"],\"inLanguage\":\"it-IT\",\"potentialAction\":[{\"@type\":\"CommentAction\",\"name\":\"Comment\",\"target\":[\"https:\/\/arteeluoghi.it\/index.php\/2012\/02\/10\/il-design-della-nuova-accoglienza-turistica\/#respond\"]}]},{\"@type\":\"Person\",\"@id\":\"https:\/\/arteeluoghi.it\/#\/schema\/person\/f84e814e36e91e01448ee07eaadd41d4\",\"name\":\"Staff\",\"image\":{\"@type\":\"ImageObject\",\"@id\":\"https:\/\/arteeluoghi.it\/#personlogo\",\"inLanguage\":\"it-IT\",\"url\":\"https:\/\/secure.gravatar.com\/avatar\/49d2f9e46271bb04e19cebfaf141313a?s=96&d=blank&r=g\",\"contentUrl\":\"https:\/\/secure.gravatar.com\/avatar\/49d2f9e46271bb04e19cebfaf141313a?s=96&d=blank&r=g\",\"caption\":\"Staff\"}}]}<\/script>\n<!-- \/ Yoast SEO plugin. -->","yoast_head_json":{"title":"IL DESIGN DELLA NUOVA ACCOGLIENZA TURISTICA | Arte e Luoghi","robots":{"index":"index","follow":"follow","max-snippet":"max-snippet:-1","max-image-preview":"max-image-preview:large","max-video-preview":"max-video-preview:-1"},"canonical":"https:\/\/arteeluoghi.it\/index.php\/2012\/02\/10\/il-design-della-nuova-accoglienza-turistica\/","og_locale":"it_IT","og_type":"article","og_title":"IL DESIGN DELLA NUOVA ACCOGLIENZA TURISTICA | Arte e Luoghi","og_description":"IL DESIGN DELLA NUOVA ACCOGLIENZA TURISTICA Contest per la progettazione degli Uffici di Informazione di Puglia \u00a0 L\u2019assessore al Mediterraneo,","og_url":"https:\/\/arteeluoghi.it\/index.php\/2012\/02\/10\/il-design-della-nuova-accoglienza-turistica\/","og_site_name":"Arte e Luoghi","article_publisher":"https:\/\/www.facebook.com\/ArteELuoghi\/","article_published_time":"2012-02-10T12:19:14+00:00","article_modified_time":"2017-08-06T22:06:10+00:00","og_image":[{"url":"https:\/\/arteeluoghi.it\/images\/stories\/foto-incontro-bari-1.jpg"}],"twitter_card":"summary","twitter_creator":"@arteeluoghi","twitter_site":"@arteeluoghi","twitter_misc":{"Scritto da":"Staff","Tempo di lettura stimato":"3 minuti"},"schema":{"@context":"https:\/\/schema.org","@graph":[{"@type":"Organization","@id":"https:\/\/arteeluoghi.it\/#organization","name":"Arte e Luoghi","url":"https:\/\/arteeluoghi.it\/","sameAs":["https:\/\/www.facebook.com\/ArteELuoghi\/","https:\/\/www.instagram.com\/arteeluoghi\/?hl=it","https:\/\/www.youtube.com\/channel\/UCuRVc4JW4-C5sg9rQB-srkw?view_as=subscriber","https:\/\/twitter.com\/arteeluoghi"],"logo":{"@type":"ImageObject","@id":"https:\/\/arteeluoghi.it\/#logo","inLanguage":"it-IT","url":"https:\/\/arteeluoghi.it\/wp-content\/uploads\/2018\/08\/logoinstagramarte.jpg","contentUrl":"https:\/\/arteeluoghi.it\/wp-content\/uploads\/2018\/08\/logoinstagramarte.jpg","width":150,"height":150,"caption":"Arte e Luoghi"},"image":{"@id":"https:\/\/arteeluoghi.it\/#logo"}},{"@type":"WebSite","@id":"https:\/\/arteeluoghi.it\/#website","url":"https:\/\/arteeluoghi.it\/","name":"Arte e Luoghi","description":"Mensile di arte, cultura, turismo e curiosit\u00e0","publisher":{"@id":"https:\/\/arteeluoghi.it\/#organization"},"potentialAction":[{"@type":"SearchAction","target":{"@type":"EntryPoint","urlTemplate":"https:\/\/arteeluoghi.it\/?s={search_term_string}"},"query-input":"required name=search_term_string"}],"inLanguage":"it-IT"},{"@type":"ImageObject","@id":"https:\/\/arteeluoghi.it\/index.php\/2012\/02\/10\/il-design-della-nuova-accoglienza-turistica\/#primaryimage","inLanguage":"it-IT","url":"\/images\/stories\/foto-incontro-bari-1.jpg","contentUrl":"\/images\/stories\/foto-incontro-bari-1.jpg"},{"@type":"WebPage","@id":"https:\/\/arteeluoghi.it\/index.php\/2012\/02\/10\/il-design-della-nuova-accoglienza-turistica\/#webpage","url":"https:\/\/arteeluoghi.it\/index.php\/2012\/02\/10\/il-design-della-nuova-accoglienza-turistica\/","name":"IL DESIGN DELLA NUOVA ACCOGLIENZA TURISTICA | Arte e Luoghi","isPartOf":{"@id":"https:\/\/arteeluoghi.it\/#website"},"primaryImageOfPage":{"@id":"https:\/\/arteeluoghi.it\/index.php\/2012\/02\/10\/il-design-della-nuova-accoglienza-turistica\/#primaryimage"},"datePublished":"2012-02-10T12:19:14+00:00","dateModified":"2017-08-06T22:06:10+00:00","breadcrumb":{"@id":"https:\/\/arteeluoghi.it\/index.php\/2012\/02\/10\/il-design-della-nuova-accoglienza-turistica\/#breadcrumb"},"inLanguage":"it-IT","potentialAction":[{"@type":"ReadAction","target":["https:\/\/arteeluoghi.it\/index.php\/2012\/02\/10\/il-design-della-nuova-accoglienza-turistica\/"]}]},{"@type":"BreadcrumbList","@id":"https:\/\/arteeluoghi.it\/index.php\/2012\/02\/10\/il-design-della-nuova-accoglienza-turistica\/#breadcrumb","itemListElement":[{"@type":"ListItem","position":1,"name":"Home","item":"https:\/\/arteeluoghi.it\/"},{"@type":"ListItem","position":2,"name":"IL DESIGN DELLA NUOVA ACCOGLIENZA TURISTICA"}]},{"@type":"Article","@id":"https:\/\/arteeluoghi.it\/index.php\/2012\/02\/10\/il-design-della-nuova-accoglienza-turistica\/#article","isPartOf":{"@id":"https:\/\/arteeluoghi.it\/index.php\/2012\/02\/10\/il-design-della-nuova-accoglienza-turistica\/#webpage"},"author":{"@id":"https:\/\/arteeluoghi.it\/#\/schema\/person\/f84e814e36e91e01448ee07eaadd41d4"},"headline":"IL DESIGN DELLA NUOVA ACCOGLIENZA TURISTICA","datePublished":"2012-02-10T12:19:14+00:00","dateModified":"2017-08-06T22:06:10+00:00","mainEntityOfPage":{"@id":"https:\/\/arteeluoghi.it\/index.php\/2012\/02\/10\/il-design-della-nuova-accoglienza-turistica\/#webpage"},"wordCount":611,"commentCount":0,"publisher":{"@id":"https:\/\/arteeluoghi.it\/#organization"},"image":{"@id":"https:\/\/arteeluoghi.it\/index.php\/2012\/02\/10\/il-design-della-nuova-accoglienza-turistica\/#primaryimage"},"thumbnailUrl":"\/images\/stories\/foto-incontro-bari-1.jpg","articleSection":["Notizie"],"inLanguage":"it-IT","potentialAction":[{"@type":"CommentAction","name":"Comment","target":["https:\/\/arteeluoghi.it\/index.php\/2012\/02\/10\/il-design-della-nuova-accoglienza-turistica\/#respond"]}]},{"@type":"Person","@id":"https:\/\/arteeluoghi.it\/#\/schema\/person\/f84e814e36e91e01448ee07eaadd41d4","name":"Staff","image":{"@type":"ImageObject","@id":"https:\/\/arteeluoghi.it\/#personlogo","inLanguage":"it-IT","url":"https:\/\/secure.gravatar.com\/avatar\/49d2f9e46271bb04e19cebfaf141313a?s=96&d=blank&r=g","contentUrl":"https:\/\/secure.gravatar.com\/avatar\/49d2f9e46271bb04e19cebfaf141313a?s=96&d=blank&r=g","caption":"Staff"}}]}},"_links":{"self":[{"href":"https:\/\/arteeluoghi.it\/index.php\/wp-json\/wp\/v2\/posts\/517"}],"collection":[{"href":"https:\/\/arteeluoghi.it\/index.php\/wp-json\/wp\/v2\/posts"}],"about":[{"href":"https:\/\/arteeluoghi.it\/index.php\/wp-json\/wp\/v2\/types\/post"}],"author":[{"embeddable":true,"href":"https:\/\/arteeluoghi.it\/index.php\/wp-json\/wp\/v2\/users\/1"}],"replies":[{"embeddable":true,"href":"https:\/\/arteeluoghi.it\/index.php\/wp-json\/wp\/v2\/comments?post=517"}],"version-history":[{"count":1,"href":"https:\/\/arteeluoghi.it\/index.php\/wp-json\/wp\/v2\/posts\/517\/revisions"}],"predecessor-version":[{"id":3150,"href":"https:\/\/arteeluoghi.it\/index.php\/wp-json\/wp\/v2\/posts\/517\/revisions\/3150"}],"wp:attachment":[{"href":"https:\/\/arteeluoghi.it\/index.php\/wp-json\/wp\/v2\/media?parent=517"}],"wp:term":[{"taxonomy":"category","embeddable":true,"href":"https:\/\/arteeluoghi.it\/index.php\/wp-json\/wp\/v2\/categories?post=517"},{"taxonomy":"post_tag","embeddable":true,"href":"https:\/\/arteeluoghi.it\/index.php\/wp-json\/wp\/v2\/tags?post=517"}],"curies":[{"name":"wp","href":"https:\/\/api.w.org\/{rel}","templated":true}]}}