{"id":5181,"date":"2018-02-13T00:23:45","date_gmt":"2018-02-12T23:23:45","guid":{"rendered":"http:\/\/arteeluoghi.it\/?p=5181"},"modified":"2018-02-13T00:23:45","modified_gmt":"2018-02-12T23:23:45","slug":"focara-di-borgagne","status":"publish","type":"post","link":"https:\/\/arteeluoghi.it\/index.php\/2018\/02\/13\/focara-di-borgagne\/","title":{"rendered":"Torna a riaccendersi la focara a Borgagne"},"content":{"rendered":"<p><img loading=\"lazy\" class=\"size-medium wp-image-5182 alignleft\" src=\"https:\/\/arteeluoghi.it\/wp-content\/uploads\/2018\/02\/DSC0258-M-213x300.jpg\" alt=\"\" width=\"213\" height=\"300\" srcset=\"https:\/\/arteeluoghi.it\/wp-content\/uploads\/2018\/02\/DSC0258-M-213x300.jpg 213w, https:\/\/arteeluoghi.it\/wp-content\/uploads\/2018\/02\/DSC0258-M-768x1080.jpg 768w, https:\/\/arteeluoghi.it\/wp-content\/uploads\/2018\/02\/DSC0258-M-728x1024.jpg 728w, https:\/\/arteeluoghi.it\/wp-content\/uploads\/2018\/02\/DSC0258-M.jpg 1422w\" sizes=\"(max-width: 213px) 100vw, 213px\" \/>\u00a0Torna a riaccendersi la Focara.\u00a0Si rinnova anche quest&#8217;anno una delle pi\u00f9 antiche manifestazioni religiose e civili di Borgagne, frazione di Melendugno, che gioved\u00ec 15 febbraio, alle ore 20.00, accender\u00e0 la tradizionale Focara dedicata alla lingua di Sant&#8217;Antonio da Padova.<\/p>\n<p>Un&#8217;occasione di raccoglimento quello della Focara che rimanda all&#8217;ascolto della Parola e alla metafora della luce che sconfigge le tenebre infondendo speranza nei cuori dei fedeli, ma da qualche anno a questa parte nel piccolo paese di Borgagne questa consuetudine \u00e8 diventata anche motivo di svago grazie ad un gruppo di giovani che formano l&#8217;organizzazione dell&#8217;evento e che hanno introdotto delle novit\u00e0 al suo interno.<\/p>\n<p><!--more--><img loading=\"lazy\" class=\"size-medium wp-image-5183 alignright\" src=\"https:\/\/arteeluoghi.it\/wp-content\/uploads\/2018\/02\/DSC0174-M-300x201.jpg\" alt=\"\" width=\"300\" height=\"201\" srcset=\"https:\/\/arteeluoghi.it\/wp-content\/uploads\/2018\/02\/DSC0174-M-300x201.jpg 300w, https:\/\/arteeluoghi.it\/wp-content\/uploads\/2018\/02\/DSC0174-M-768x514.jpg 768w, https:\/\/arteeluoghi.it\/wp-content\/uploads\/2018\/02\/DSC0174-M-1024x686.jpg 1024w, https:\/\/arteeluoghi.it\/wp-content\/uploads\/2018\/02\/DSC0174-M.jpg 2000w\" sizes=\"(max-width: 300px) 100vw, 300px\" \/>Al rito dell&#8217;accensione della focara, infatti, far\u00e0 seguito anche quest&#8217;anno l&#8217;atteso spettacolo pirotecnico e un momento musicale con il concerto dei TV Color, band salentina colorata e coinvolgente che concorrer\u00e0 a scaldare la serata.<\/p>\n<p>Di seguito il programma della manifestazione tra riti civili e religiosi:<\/p>\n<p>Ore 18.30 &#8211; Processione<\/p>\n<p>Ore 19.00 &#8211; Santa Messa presso Oratorio<\/p>\n<p>Ore 20.00 &#8211; Benedizione e accensione della Focara<\/p>\n<p>A seguire concerto dei TV Color<\/p>\n<p>L&#8217;accensione della Focara e gli eventi correlati avranno luogo all&#8217;entrata di Borgagne, frazione di Melendugno, negli spazi adiacenti all&#8217;Oratorio.<\/p>\n<p>(fonte: comunicato stampa)<\/p>\n","protected":false},"excerpt":{"rendered":"<p>\u00a0Torna a riaccendersi la Focara.\u00a0Si rinnova anche quest&#8217;anno una delle pi\u00f9 antiche manifestazioni religiose e civili di Borgagne, frazione di<\/p>\n","protected":false},"author":1,"featured_media":5184,"comment_status":"open","ping_status":"open","sticky":true,"template":"","format":"standard","meta":[],"categories":[55,28],"tags":[855,854,856,857],"yoast_head":"<!-- This site is optimized with the Yoast SEO plugin v18.0 - https:\/\/yoast.com\/wordpress\/plugins\/seo\/ -->\n<title>Torna a riaccendersi la focara a Borgagne | Arte e Luoghi<\/title>\n<meta name=\"description\" content=\"Focara, Borgagne, musica, Sant&#039;Antonio, concerto, benedeizione, Tv color,\" \/>\n<meta name=\"robots\" content=\"index, follow, max-snippet:-1, max-image-preview:large, max-video-preview:-1\" \/>\n<link rel=\"canonical\" href=\"https:\/\/arteeluoghi.it\/index.php\/2018\/02\/13\/focara-di-borgagne\/\" \/>\n<meta property=\"og:locale\" content=\"it_IT\" \/>\n<meta property=\"og:type\" content=\"article\" \/>\n<meta property=\"og:title\" content=\"Torna a riaccendersi la focara a Borgagne | Arte e Luoghi\" \/>\n<meta property=\"og:description\" content=\"Focara, Borgagne, musica, Sant&#039;Antonio, concerto, benedeizione, Tv color,\" \/>\n<meta property=\"og:url\" content=\"https:\/\/arteeluoghi.it\/index.php\/2018\/02\/13\/focara-di-borgagne\/\" \/>\n<meta property=\"og:site_name\" content=\"Arte e Luoghi\" \/>\n<meta property=\"article:publisher\" content=\"https:\/\/www.facebook.com\/ArteELuoghi\/\" \/>\n<meta property=\"article:published_time\" content=\"2018-02-12T23:23:45+00:00\" \/>\n<meta property=\"og:image\" content=\"https:\/\/arteeluoghi.it\/wp-content\/uploads\/2018\/02\/DSC0039-M.jpg\" \/>\n\t<meta property=\"og:image:width\" content=\"2000\" \/>\n\t<meta property=\"og:image:height\" content=\"1339\" \/>\n\t<meta property=\"og:image:type\" content=\"image\/jpeg\" \/>\n<meta name=\"twitter:card\" content=\"summary\" \/>\n<meta name=\"twitter:creator\" content=\"@arteeluoghi\" \/>\n<meta name=\"twitter:site\" content=\"@arteeluoghi\" \/>\n<meta name=\"twitter:label1\" content=\"Scritto da\" \/>\n\t<meta name=\"twitter:data1\" content=\"Staff\" \/>\n\t<meta name=\"twitter:label2\" content=\"Tempo di lettura stimato\" \/>\n\t<meta name=\"twitter:data2\" content=\"1 minuto\" \/>\n<script type=\"application\/ld+json\" class=\"yoast-schema-graph\">{\"@context\":\"https:\/\/schema.org\",\"@graph\":[{\"@type\":\"Organization\",\"@id\":\"https:\/\/arteeluoghi.it\/#organization\",\"name\":\"Arte e Luoghi\",\"url\":\"https:\/\/arteeluoghi.it\/\",\"sameAs\":[\"https:\/\/www.facebook.com\/ArteELuoghi\/\",\"https:\/\/www.instagram.com\/arteeluoghi\/?hl=it\",\"https:\/\/www.youtube.com\/channel\/UCuRVc4JW4-C5sg9rQB-srkw?view_as=subscriber\",\"https:\/\/twitter.com\/arteeluoghi\"],\"logo\":{\"@type\":\"ImageObject\",\"@id\":\"https:\/\/arteeluoghi.it\/#logo\",\"inLanguage\":\"it-IT\",\"url\":\"https:\/\/arteeluoghi.it\/wp-content\/uploads\/2018\/08\/logoinstagramarte.jpg\",\"contentUrl\":\"https:\/\/arteeluoghi.it\/wp-content\/uploads\/2018\/08\/logoinstagramarte.jpg\",\"width\":150,\"height\":150,\"caption\":\"Arte e Luoghi\"},\"image\":{\"@id\":\"https:\/\/arteeluoghi.it\/#logo\"}},{\"@type\":\"WebSite\",\"@id\":\"https:\/\/arteeluoghi.it\/#website\",\"url\":\"https:\/\/arteeluoghi.it\/\",\"name\":\"Arte e Luoghi\",\"description\":\"Mensile di arte, cultura, turismo e curiosit\u00e0\",\"publisher\":{\"@id\":\"https:\/\/arteeluoghi.it\/#organization\"},\"potentialAction\":[{\"@type\":\"SearchAction\",\"target\":{\"@type\":\"EntryPoint\",\"urlTemplate\":\"https:\/\/arteeluoghi.it\/?s={search_term_string}\"},\"query-input\":\"required name=search_term_string\"}],\"inLanguage\":\"it-IT\"},{\"@type\":\"ImageObject\",\"@id\":\"https:\/\/arteeluoghi.it\/index.php\/2018\/02\/13\/focara-di-borgagne\/#primaryimage\",\"inLanguage\":\"it-IT\",\"url\":\"https:\/\/arteeluoghi.it\/wp-content\/uploads\/2018\/02\/DSC0039-M.jpg\",\"contentUrl\":\"https:\/\/arteeluoghi.it\/wp-content\/uploads\/2018\/02\/DSC0039-M.jpg\",\"width\":2000,\"height\":1339},{\"@type\":\"WebPage\",\"@id\":\"https:\/\/arteeluoghi.it\/index.php\/2018\/02\/13\/focara-di-borgagne\/#webpage\",\"url\":\"https:\/\/arteeluoghi.it\/index.php\/2018\/02\/13\/focara-di-borgagne\/\",\"name\":\"Torna a riaccendersi la focara a Borgagne | Arte e Luoghi\",\"isPartOf\":{\"@id\":\"https:\/\/arteeluoghi.it\/#website\"},\"primaryImageOfPage\":{\"@id\":\"https:\/\/arteeluoghi.it\/index.php\/2018\/02\/13\/focara-di-borgagne\/#primaryimage\"},\"datePublished\":\"2018-02-12T23:23:45+00:00\",\"dateModified\":\"2018-02-12T23:23:45+00:00\",\"description\":\"Focara, Borgagne, musica, Sant'Antonio, concerto, benedeizione, Tv color,\",\"breadcrumb\":{\"@id\":\"https:\/\/arteeluoghi.it\/index.php\/2018\/02\/13\/focara-di-borgagne\/#breadcrumb\"},\"inLanguage\":\"it-IT\",\"potentialAction\":[{\"@type\":\"ReadAction\",\"target\":[\"https:\/\/arteeluoghi.it\/index.php\/2018\/02\/13\/focara-di-borgagne\/\"]}]},{\"@type\":\"BreadcrumbList\",\"@id\":\"https:\/\/arteeluoghi.it\/index.php\/2018\/02\/13\/focara-di-borgagne\/#breadcrumb\",\"itemListElement\":[{\"@type\":\"ListItem\",\"position\":1,\"name\":\"Home\",\"item\":\"https:\/\/arteeluoghi.it\/\"},{\"@type\":\"ListItem\",\"position\":2,\"name\":\"Torna a riaccendersi la focara a Borgagne\"}]},{\"@type\":\"Article\",\"@id\":\"https:\/\/arteeluoghi.it\/index.php\/2018\/02\/13\/focara-di-borgagne\/#article\",\"isPartOf\":{\"@id\":\"https:\/\/arteeluoghi.it\/index.php\/2018\/02\/13\/focara-di-borgagne\/#webpage\"},\"author\":{\"@id\":\"https:\/\/arteeluoghi.it\/#\/schema\/person\/f84e814e36e91e01448ee07eaadd41d4\"},\"headline\":\"Torna a riaccendersi la focara a Borgagne\",\"datePublished\":\"2018-02-12T23:23:45+00:00\",\"dateModified\":\"2018-02-12T23:23:45+00:00\",\"mainEntityOfPage\":{\"@id\":\"https:\/\/arteeluoghi.it\/index.php\/2018\/02\/13\/focara-di-borgagne\/#webpage\"},\"wordCount\":198,\"commentCount\":0,\"publisher\":{\"@id\":\"https:\/\/arteeluoghi.it\/#organization\"},\"image\":{\"@id\":\"https:\/\/arteeluoghi.it\/index.php\/2018\/02\/13\/focara-di-borgagne\/#primaryimage\"},\"thumbnailUrl\":\"https:\/\/arteeluoghi.it\/wp-content\/uploads\/2018\/02\/DSC0039-M.jpg\",\"keywords\":[\"Borgagne\",\"Focara\",\"Sant'Antonio\",\"TV Color\"],\"articleSection\":[\"dinotte\",\"Notizie\"],\"inLanguage\":\"it-IT\",\"potentialAction\":[{\"@type\":\"CommentAction\",\"name\":\"Comment\",\"target\":[\"https:\/\/arteeluoghi.it\/index.php\/2018\/02\/13\/focara-di-borgagne\/#respond\"]}]},{\"@type\":\"Person\",\"@id\":\"https:\/\/arteeluoghi.it\/#\/schema\/person\/f84e814e36e91e01448ee07eaadd41d4\",\"name\":\"Staff\",\"image\":{\"@type\":\"ImageObject\",\"@id\":\"https:\/\/arteeluoghi.it\/#personlogo\",\"inLanguage\":\"it-IT\",\"url\":\"https:\/\/secure.gravatar.com\/avatar\/49d2f9e46271bb04e19cebfaf141313a?s=96&d=blank&r=g\",\"contentUrl\":\"https:\/\/secure.gravatar.com\/avatar\/49d2f9e46271bb04e19cebfaf141313a?s=96&d=blank&r=g\",\"caption\":\"Staff\"}}]}<\/script>\n<!-- \/ Yoast SEO plugin. -->","yoast_head_json":{"title":"Torna a riaccendersi la focara a Borgagne | Arte e Luoghi","description":"Focara, Borgagne, musica, Sant'Antonio, concerto, benedeizione, Tv color,","robots":{"index":"index","follow":"follow","max-snippet":"max-snippet:-1","max-image-preview":"max-image-preview:large","max-video-preview":"max-video-preview:-1"},"canonical":"https:\/\/arteeluoghi.it\/index.php\/2018\/02\/13\/focara-di-borgagne\/","og_locale":"it_IT","og_type":"article","og_title":"Torna a riaccendersi la focara a Borgagne | Arte e Luoghi","og_description":"Focara, Borgagne, musica, Sant'Antonio, concerto, benedeizione, Tv color,","og_url":"https:\/\/arteeluoghi.it\/index.php\/2018\/02\/13\/focara-di-borgagne\/","og_site_name":"Arte e Luoghi","article_publisher":"https:\/\/www.facebook.com\/ArteELuoghi\/","article_published_time":"2018-02-12T23:23:45+00:00","og_image":[{"width":2000,"height":1339,"url":"https:\/\/arteeluoghi.it\/wp-content\/uploads\/2018\/02\/DSC0039-M.jpg","type":"image\/jpeg"}],"twitter_card":"summary","twitter_creator":"@arteeluoghi","twitter_site":"@arteeluoghi","twitter_misc":{"Scritto da":"Staff","Tempo di lettura stimato":"1 minuto"},"schema":{"@context":"https:\/\/schema.org","@graph":[{"@type":"Organization","@id":"https:\/\/arteeluoghi.it\/#organization","name":"Arte e Luoghi","url":"https:\/\/arteeluoghi.it\/","sameAs":["https:\/\/www.facebook.com\/ArteELuoghi\/","https:\/\/www.instagram.com\/arteeluoghi\/?hl=it","https:\/\/www.youtube.com\/channel\/UCuRVc4JW4-C5sg9rQB-srkw?view_as=subscriber","https:\/\/twitter.com\/arteeluoghi"],"logo":{"@type":"ImageObject","@id":"https:\/\/arteeluoghi.it\/#logo","inLanguage":"it-IT","url":"https:\/\/arteeluoghi.it\/wp-content\/uploads\/2018\/08\/logoinstagramarte.jpg","contentUrl":"https:\/\/arteeluoghi.it\/wp-content\/uploads\/2018\/08\/logoinstagramarte.jpg","width":150,"height":150,"caption":"Arte e Luoghi"},"image":{"@id":"https:\/\/arteeluoghi.it\/#logo"}},{"@type":"WebSite","@id":"https:\/\/arteeluoghi.it\/#website","url":"https:\/\/arteeluoghi.it\/","name":"Arte e Luoghi","description":"Mensile di arte, cultura, turismo e curiosit\u00e0","publisher":{"@id":"https:\/\/arteeluoghi.it\/#organization"},"potentialAction":[{"@type":"SearchAction","target":{"@type":"EntryPoint","urlTemplate":"https:\/\/arteeluoghi.it\/?s={search_term_string}"},"query-input":"required name=search_term_string"}],"inLanguage":"it-IT"},{"@type":"ImageObject","@id":"https:\/\/arteeluoghi.it\/index.php\/2018\/02\/13\/focara-di-borgagne\/#primaryimage","inLanguage":"it-IT","url":"https:\/\/arteeluoghi.it\/wp-content\/uploads\/2018\/02\/DSC0039-M.jpg","contentUrl":"https:\/\/arteeluoghi.it\/wp-content\/uploads\/2018\/02\/DSC0039-M.jpg","width":2000,"height":1339},{"@type":"WebPage","@id":"https:\/\/arteeluoghi.it\/index.php\/2018\/02\/13\/focara-di-borgagne\/#webpage","url":"https:\/\/arteeluoghi.it\/index.php\/2018\/02\/13\/focara-di-borgagne\/","name":"Torna a riaccendersi la focara a Borgagne | Arte e Luoghi","isPartOf":{"@id":"https:\/\/arteeluoghi.it\/#website"},"primaryImageOfPage":{"@id":"https:\/\/arteeluoghi.it\/index.php\/2018\/02\/13\/focara-di-borgagne\/#primaryimage"},"datePublished":"2018-02-12T23:23:45+00:00","dateModified":"2018-02-12T23:23:45+00:00","description":"Focara, Borgagne, musica, Sant'Antonio, concerto, benedeizione, Tv color,","breadcrumb":{"@id":"https:\/\/arteeluoghi.it\/index.php\/2018\/02\/13\/focara-di-borgagne\/#breadcrumb"},"inLanguage":"it-IT","potentialAction":[{"@type":"ReadAction","target":["https:\/\/arteeluoghi.it\/index.php\/2018\/02\/13\/focara-di-borgagne\/"]}]},{"@type":"BreadcrumbList","@id":"https:\/\/arteeluoghi.it\/index.php\/2018\/02\/13\/focara-di-borgagne\/#breadcrumb","itemListElement":[{"@type":"ListItem","position":1,"name":"Home","item":"https:\/\/arteeluoghi.it\/"},{"@type":"ListItem","position":2,"name":"Torna a riaccendersi la focara a Borgagne"}]},{"@type":"Article","@id":"https:\/\/arteeluoghi.it\/index.php\/2018\/02\/13\/focara-di-borgagne\/#article","isPartOf":{"@id":"https:\/\/arteeluoghi.it\/index.php\/2018\/02\/13\/focara-di-borgagne\/#webpage"},"author":{"@id":"https:\/\/arteeluoghi.it\/#\/schema\/person\/f84e814e36e91e01448ee07eaadd41d4"},"headline":"Torna a riaccendersi la focara a Borgagne","datePublished":"2018-02-12T23:23:45+00:00","dateModified":"2018-02-12T23:23:45+00:00","mainEntityOfPage":{"@id":"https:\/\/arteeluoghi.it\/index.php\/2018\/02\/13\/focara-di-borgagne\/#webpage"},"wordCount":198,"commentCount":0,"publisher":{"@id":"https:\/\/arteeluoghi.it\/#organization"},"image":{"@id":"https:\/\/arteeluoghi.it\/index.php\/2018\/02\/13\/focara-di-borgagne\/#primaryimage"},"thumbnailUrl":"https:\/\/arteeluoghi.it\/wp-content\/uploads\/2018\/02\/DSC0039-M.jpg","keywords":["Borgagne","Focara","Sant'Antonio","TV Color"],"articleSection":["dinotte","Notizie"],"inLanguage":"it-IT","potentialAction":[{"@type":"CommentAction","name":"Comment","target":["https:\/\/arteeluoghi.it\/index.php\/2018\/02\/13\/focara-di-borgagne\/#respond"]}]},{"@type":"Person","@id":"https:\/\/arteeluoghi.it\/#\/schema\/person\/f84e814e36e91e01448ee07eaadd41d4","name":"Staff","image":{"@type":"ImageObject","@id":"https:\/\/arteeluoghi.it\/#personlogo","inLanguage":"it-IT","url":"https:\/\/secure.gravatar.com\/avatar\/49d2f9e46271bb04e19cebfaf141313a?s=96&d=blank&r=g","contentUrl":"https:\/\/secure.gravatar.com\/avatar\/49d2f9e46271bb04e19cebfaf141313a?s=96&d=blank&r=g","caption":"Staff"}}]}},"_links":{"self":[{"href":"https:\/\/arteeluoghi.it\/index.php\/wp-json\/wp\/v2\/posts\/5181"}],"collection":[{"href":"https:\/\/arteeluoghi.it\/index.php\/wp-json\/wp\/v2\/posts"}],"about":[{"href":"https:\/\/arteeluoghi.it\/index.php\/wp-json\/wp\/v2\/types\/post"}],"author":[{"embeddable":true,"href":"https:\/\/arteeluoghi.it\/index.php\/wp-json\/wp\/v2\/users\/1"}],"replies":[{"embeddable":true,"href":"https:\/\/arteeluoghi.it\/index.php\/wp-json\/wp\/v2\/comments?post=5181"}],"version-history":[{"count":1,"href":"https:\/\/arteeluoghi.it\/index.php\/wp-json\/wp\/v2\/posts\/5181\/revisions"}],"predecessor-version":[{"id":5185,"href":"https:\/\/arteeluoghi.it\/index.php\/wp-json\/wp\/v2\/posts\/5181\/revisions\/5185"}],"wp:featuredmedia":[{"embeddable":true,"href":"https:\/\/arteeluoghi.it\/index.php\/wp-json\/wp\/v2\/media\/5184"}],"wp:attachment":[{"href":"https:\/\/arteeluoghi.it\/index.php\/wp-json\/wp\/v2\/media?parent=5181"}],"wp:term":[{"taxonomy":"category","embeddable":true,"href":"https:\/\/arteeluoghi.it\/index.php\/wp-json\/wp\/v2\/categories?post=5181"},{"taxonomy":"post_tag","embeddable":true,"href":"https:\/\/arteeluoghi.it\/index.php\/wp-json\/wp\/v2\/tags?post=5181"}],"curies":[{"name":"wp","href":"https:\/\/api.w.org\/{rel}","templated":true}]}}