{"id":5199,"date":"2018-02-18T20:01:06","date_gmt":"2018-02-18T19:01:06","guid":{"rendered":"http:\/\/arteeluoghi.it\/?p=5199"},"modified":"2018-02-23T20:10:41","modified_gmt":"2018-02-23T19:10:41","slug":"5199","status":"publish","type":"post","link":"https:\/\/arteeluoghi.it\/index.php\/2018\/02\/18\/5199\/","title":{"rendered":"Meraviglia delle Memorie Le creazioni di Vittorio Fava"},"content":{"rendered":"<p><img loading=\"lazy\" class=\"size-medium wp-image-5200 alignleft\" src=\"https:\/\/arteeluoghi.it\/wp-content\/uploads\/2018\/02\/20170430_130732-2-275x300.jpg\" alt=\"\" width=\"275\" height=\"300\" srcset=\"https:\/\/arteeluoghi.it\/wp-content\/uploads\/2018\/02\/20170430_130732-2-275x300.jpg 275w, https:\/\/arteeluoghi.it\/wp-content\/uploads\/2018\/02\/20170430_130732-2-768x838.jpg 768w, https:\/\/arteeluoghi.it\/wp-content\/uploads\/2018\/02\/20170430_130732-2-938x1024.jpg 938w, https:\/\/arteeluoghi.it\/wp-content\/uploads\/2018\/02\/20170430_130732-2.jpg 1178w\" sizes=\"(max-width: 275px) 100vw, 275px\" \/>di Giuseppe Salerno<\/p>\n<p>FABRIANO. Se l\u2019umanit\u00e0 non avesse manifestato la necessit\u00e0 di disporre di un supporto agevole, idoneo ad accogliere e tramandare nel tempo il pensiero che la ha accompagnata e, con esso, la propria storia, la carta non avrebbe avuto ragion d\u2019essere e senza di essa la Citt\u00e0 di Fabriano avrebbe vissuto un destino diverso.<br \/>\nFortunatamente \u00e8 grazie alla carta che Fabriano vanta una storia gloriosa che la ha resa nota in tutto il mondo e che Vittorio Fava, artista romano, ha potuto sviluppare quel percorso davvero singolare di cui ci offre uno spaccato in questa mostra presso il Museo della Carta e della Filigrana dal 3 marzo al 1 aprile.<br \/>\nAlla carta ed in special modo agli antichi manoscritti rinvenuti nei polverosi depositi dei rigattieri di ogni dove ha dedicato grandi attenzioni questo artista che, in decenni di attivit\u00e0, ha individuato in tale materiale l\u2019elemento fondamentale per la messa in scena dei suoi mondi fantastici.<br \/>\nOpere a parete, libri-oggetto, mobili e piccole strutture sono le realizzazioni scaturite da un fare dal quale emerge forte il senso della costruzione e della storia.<!--more--><br \/>\nFrammenti di memorie umane e piccoli elementi naturali si combinano in realizzazioni che, mai risolvendosi in vuoti assemblaggi, ci pongono di fronte a realt\u00e0 insolite, immaginarie che, alimentate dal passato, ci imbrigliano mentalmente in una dimensione atemporale.<br \/>\nNel fare sperimentale di questo artista il riciclo non \u00e8 mai fine a se stesso essendo piuttosto il modo prescelto per porre in luce il senso di quel divenire che fa agio sul preesistente e da sempre muove il mondo.<br \/>\nCon riferimento ai suoi mobili improbabili, trasbordanti di cassetti nei quali il ricordo immateriale si fa incrostazione, ogni piccolo elemento concorre a generare luoghi nei quali anonimi conglomerati polimaterici si trasformano in spettacolari contenitori di sogni.<br \/>\nSono aggressioni alchemiche quelle che l\u2019artista esercita su documenti di archivio, manoscritti, trine, fiori essiccati e bottoni il cui incontro origina scenari caldi ed accoglienti pronti a dare spazio a nuove immaginifiche memorie. Ed \u00e8 cos\u00ec che con Vittorio Fava le tracce del passato si convertono in ammalianti contenitori di futuro.<br \/>\nTentazione alla quale risulta difficile sottrarsi \u00e8 accostare le opere di questo artista alle wunderkammer, le cinquecentesche camere delle meraviglie che, antesignane del moderno collezionismo, della natura e del prodotto umano mettevano in mostra gli aspetti pi\u00f9 spettacolari. Un riferimento indubbiamente affascinante ma riduttivo per opere che ci catturano in modo ben pi\u00f9 profondo di quanto possa una, seppur stupefacente, raccolta di oggetti. L\u2019attrazione che i lavori di Vittorio Fava esercitano, muovendosi l\u2019artista su un piano profondo che tocca il senso dell\u2019esistenza, \u00e8 assai pi\u00f9 sottile. Sono opere le sue che si collocano in una dimensione altra, pi\u00f9 complessa ed elevata di quella sottesa da ogni singola componente.<br \/>\nCome cori polifonici, le composizioni di Vittorio Fava ci inducono all\u2019ascolto di pi\u00f9 voci narranti che nel loro sovrapporsi ed intrecciarsi ci conducono in una dimensione estranea al tempo ed allo spazio nella quale, sospeso il respiro, affrontiamo l\u2019assoluto.<\/p>\n<div id='gallery-1' class='gallery galleryid-5199 gallery-columns-3 gallery-size-colormag-featured-image'><figure class='gallery-item'>\n\t\t\t<div class='gallery-icon landscape'>\n\t\t\t\t<a href='https:\/\/arteeluoghi.it\/index.php\/2018\/02\/18\/5199\/il-libro-e-al-centro\/'><img width=\"800\" height=\"445\" src=\"https:\/\/arteeluoghi.it\/wp-content\/uploads\/2018\/02\/il-libro-e\u0300-al-centro-800x445.jpg\" class=\"attachment-colormag-featured-image size-colormag-featured-image\" alt=\"\" loading=\"lazy\" \/><\/a>\n\t\t\t<\/div><\/figure><figure class='gallery-item'>\n\t\t\t<div class='gallery-icon portrait'>\n\t\t\t\t<a href='https:\/\/arteeluoghi.it\/index.php\/2018\/02\/18\/5199\/grande-tomo-bianco-2\/'><img width=\"800\" height=\"445\" src=\"https:\/\/arteeluoghi.it\/wp-content\/uploads\/2018\/02\/grande-tomo-bianco-2-800x445.jpg\" class=\"attachment-colormag-featured-image size-colormag-featured-image\" alt=\"\" loading=\"lazy\" \/><\/a>\n\t\t\t<\/div><\/figure><figure class='gallery-item'>\n\t\t\t<div class='gallery-icon portrait'>\n\t\t\t\t<a href='https:\/\/arteeluoghi.it\/index.php\/2018\/02\/18\/5199\/20170910_112339_resized\/'><img width=\"800\" height=\"445\" src=\"https:\/\/arteeluoghi.it\/wp-content\/uploads\/2018\/02\/20170910_112339_resized-800x445.jpg\" class=\"attachment-colormag-featured-image size-colormag-featured-image\" alt=\"\" loading=\"lazy\" \/><\/a>\n\t\t\t<\/div><\/figure><figure class='gallery-item'>\n\t\t\t<div class='gallery-icon landscape'>\n\t\t\t\t<a href='https:\/\/arteeluoghi.it\/index.php\/2018\/02\/18\/5199\/20170501_173304_resized_1-2\/'><img width=\"800\" height=\"445\" src=\"https:\/\/arteeluoghi.it\/wp-content\/uploads\/2018\/02\/20170501_173304_resized_1-2-800x445.jpg\" class=\"attachment-colormag-featured-image size-colormag-featured-image\" alt=\"\" loading=\"lazy\" \/><\/a>\n\t\t\t<\/div><\/figure><figure class='gallery-item'>\n\t\t\t<div class='gallery-icon landscape'>\n\t\t\t\t<a href='https:\/\/arteeluoghi.it\/index.php\/2018\/02\/18\/5199\/20170430_130904-02\/'><img width=\"800\" height=\"445\" src=\"https:\/\/arteeluoghi.it\/wp-content\/uploads\/2018\/02\/20170430_130904-02-800x445.jpg\" class=\"attachment-colormag-featured-image size-colormag-featured-image\" alt=\"\" loading=\"lazy\" \/><\/a>\n\t\t\t<\/div><\/figure><figure class='gallery-item'>\n\t\t\t<div class='gallery-icon portrait'>\n\t\t\t\t<a href='https:\/\/arteeluoghi.it\/index.php\/2018\/02\/18\/5199\/20170430_130732-2\/'><img width=\"800\" height=\"445\" src=\"https:\/\/arteeluoghi.it\/wp-content\/uploads\/2018\/02\/20170430_130732-2-800x445.jpg\" class=\"attachment-colormag-featured-image size-colormag-featured-image\" alt=\"\" loading=\"lazy\" \/><\/a>\n\t\t\t<\/div><\/figure>\n\t\t<\/div>\n\n<p>Meraviglia delle Memorie<br \/>\nOpere di Vittorio Fava<br \/>\na cura di Giuseppe Salerno<br \/>\nMuseo della Carta e della Filigrana<br \/>\nFabriano<br \/>\n3 marzo 1 aprile 2018<br \/>\nInaugurazione: sabato 3 marzo dalle ore 16:00 alle ore 19:00<\/p>\n","protected":false},"excerpt":{"rendered":"<p>di Giuseppe Salerno FABRIANO. Se l\u2019umanit\u00e0 non avesse manifestato la necessit\u00e0 di disporre di un supporto agevole, idoneo ad accogliere<\/p>\n","protected":false},"author":1,"featured_media":5201,"comment_status":"open","ping_status":"open","sticky":true,"template":"","format":"standard","meta":[],"categories":[27,3],"tags":[868,603,869,867],"yoast_head":"<!-- This site is optimized with the Yoast SEO plugin v18.0 - https:\/\/yoast.com\/wordpress\/plugins\/seo\/ -->\n<title>Meraviglia delle Memorie Le creazioni di Vittorio Fava | Arte e Luoghi<\/title>\n<meta name=\"description\" content=\"Vittorio Fava, Fabriano, Museo della Carta e della Filigrana, Giuseppe Salerno, carta, manoscritti antichi, riciclo, libri oggetto\" \/>\n<meta name=\"robots\" content=\"index, follow, max-snippet:-1, max-image-preview:large, max-video-preview:-1\" \/>\n<link rel=\"canonical\" href=\"https:\/\/arteeluoghi.it\/index.php\/2018\/02\/18\/5199\/\" \/>\n<meta property=\"og:locale\" content=\"it_IT\" \/>\n<meta property=\"og:type\" content=\"article\" \/>\n<meta property=\"og:title\" content=\"Meraviglia delle Memorie Le creazioni di Vittorio Fava | Arte e Luoghi\" \/>\n<meta property=\"og:description\" content=\"Vittorio Fava, Fabriano, Museo della Carta e della Filigrana, Giuseppe Salerno, carta, manoscritti antichi, riciclo, libri oggetto\" \/>\n<meta property=\"og:url\" content=\"https:\/\/arteeluoghi.it\/index.php\/2018\/02\/18\/5199\/\" \/>\n<meta property=\"og:site_name\" content=\"Arte e Luoghi\" \/>\n<meta property=\"article:publisher\" content=\"https:\/\/www.facebook.com\/ArteELuoghi\/\" \/>\n<meta property=\"article:published_time\" content=\"2018-02-18T19:01:06+00:00\" \/>\n<meta property=\"article:modified_time\" content=\"2018-02-23T19:10:41+00:00\" \/>\n<meta property=\"og:image\" content=\"https:\/\/arteeluoghi.it\/wp-content\/uploads\/2018\/02\/20170430_130904-02.jpg\" \/>\n\t<meta property=\"og:image:width\" content=\"1541\" \/>\n\t<meta property=\"og:image:height\" content=\"1209\" \/>\n\t<meta property=\"og:image:type\" content=\"image\/jpeg\" \/>\n<meta name=\"twitter:card\" content=\"summary\" \/>\n<meta name=\"twitter:creator\" content=\"@arteeluoghi\" \/>\n<meta name=\"twitter:site\" content=\"@arteeluoghi\" \/>\n<meta name=\"twitter:label1\" content=\"Scritto da\" \/>\n\t<meta name=\"twitter:data1\" content=\"Staff\" \/>\n\t<meta name=\"twitter:label2\" content=\"Tempo di lettura stimato\" \/>\n\t<meta name=\"twitter:data2\" content=\"3 minuti\" \/>\n<script type=\"application\/ld+json\" class=\"yoast-schema-graph\">{\"@context\":\"https:\/\/schema.org\",\"@graph\":[{\"@type\":\"Organization\",\"@id\":\"https:\/\/arteeluoghi.it\/#organization\",\"name\":\"Arte e Luoghi\",\"url\":\"https:\/\/arteeluoghi.it\/\",\"sameAs\":[\"https:\/\/www.facebook.com\/ArteELuoghi\/\",\"https:\/\/www.instagram.com\/arteeluoghi\/?hl=it\",\"https:\/\/www.youtube.com\/channel\/UCuRVc4JW4-C5sg9rQB-srkw?view_as=subscriber\",\"https:\/\/twitter.com\/arteeluoghi\"],\"logo\":{\"@type\":\"ImageObject\",\"@id\":\"https:\/\/arteeluoghi.it\/#logo\",\"inLanguage\":\"it-IT\",\"url\":\"https:\/\/arteeluoghi.it\/wp-content\/uploads\/2018\/08\/logoinstagramarte.jpg\",\"contentUrl\":\"https:\/\/arteeluoghi.it\/wp-content\/uploads\/2018\/08\/logoinstagramarte.jpg\",\"width\":150,\"height\":150,\"caption\":\"Arte e Luoghi\"},\"image\":{\"@id\":\"https:\/\/arteeluoghi.it\/#logo\"}},{\"@type\":\"WebSite\",\"@id\":\"https:\/\/arteeluoghi.it\/#website\",\"url\":\"https:\/\/arteeluoghi.it\/\",\"name\":\"Arte e Luoghi\",\"description\":\"Mensile di arte, cultura, turismo e curiosit\u00e0\",\"publisher\":{\"@id\":\"https:\/\/arteeluoghi.it\/#organization\"},\"potentialAction\":[{\"@type\":\"SearchAction\",\"target\":{\"@type\":\"EntryPoint\",\"urlTemplate\":\"https:\/\/arteeluoghi.it\/?s={search_term_string}\"},\"query-input\":\"required name=search_term_string\"}],\"inLanguage\":\"it-IT\"},{\"@type\":\"ImageObject\",\"@id\":\"https:\/\/arteeluoghi.it\/index.php\/2018\/02\/18\/5199\/#primaryimage\",\"inLanguage\":\"it-IT\",\"url\":\"https:\/\/arteeluoghi.it\/wp-content\/uploads\/2018\/02\/20170430_130904-02.jpg\",\"contentUrl\":\"https:\/\/arteeluoghi.it\/wp-content\/uploads\/2018\/02\/20170430_130904-02.jpg\",\"width\":1541,\"height\":1209},{\"@type\":\"WebPage\",\"@id\":\"https:\/\/arteeluoghi.it\/index.php\/2018\/02\/18\/5199\/#webpage\",\"url\":\"https:\/\/arteeluoghi.it\/index.php\/2018\/02\/18\/5199\/\",\"name\":\"Meraviglia delle Memorie Le creazioni di Vittorio Fava | Arte e Luoghi\",\"isPartOf\":{\"@id\":\"https:\/\/arteeluoghi.it\/#website\"},\"primaryImageOfPage\":{\"@id\":\"https:\/\/arteeluoghi.it\/index.php\/2018\/02\/18\/5199\/#primaryimage\"},\"datePublished\":\"2018-02-18T19:01:06+00:00\",\"dateModified\":\"2018-02-23T19:10:41+00:00\",\"description\":\"Vittorio Fava, Fabriano, Museo della Carta e della Filigrana, Giuseppe Salerno, carta, manoscritti antichi, riciclo, libri oggetto\",\"breadcrumb\":{\"@id\":\"https:\/\/arteeluoghi.it\/index.php\/2018\/02\/18\/5199\/#breadcrumb\"},\"inLanguage\":\"it-IT\",\"potentialAction\":[{\"@type\":\"ReadAction\",\"target\":[\"https:\/\/arteeluoghi.it\/index.php\/2018\/02\/18\/5199\/\"]}]},{\"@type\":\"BreadcrumbList\",\"@id\":\"https:\/\/arteeluoghi.it\/index.php\/2018\/02\/18\/5199\/#breadcrumb\",\"itemListElement\":[{\"@type\":\"ListItem\",\"position\":1,\"name\":\"Home\",\"item\":\"https:\/\/arteeluoghi.it\/\"},{\"@type\":\"ListItem\",\"position\":2,\"name\":\"Meraviglia delle Memorie Le creazioni di Vittorio Fava\"}]},{\"@type\":\"Article\",\"@id\":\"https:\/\/arteeluoghi.it\/index.php\/2018\/02\/18\/5199\/#article\",\"isPartOf\":{\"@id\":\"https:\/\/arteeluoghi.it\/index.php\/2018\/02\/18\/5199\/#webpage\"},\"author\":{\"@id\":\"https:\/\/arteeluoghi.it\/#\/schema\/person\/f84e814e36e91e01448ee07eaadd41d4\"},\"headline\":\"Meraviglia delle Memorie Le creazioni di Vittorio Fava\",\"datePublished\":\"2018-02-18T19:01:06+00:00\",\"dateModified\":\"2018-02-23T19:10:41+00:00\",\"mainEntityOfPage\":{\"@id\":\"https:\/\/arteeluoghi.it\/index.php\/2018\/02\/18\/5199\/#webpage\"},\"wordCount\":534,\"commentCount\":0,\"publisher\":{\"@id\":\"https:\/\/arteeluoghi.it\/#organization\"},\"image\":{\"@id\":\"https:\/\/arteeluoghi.it\/index.php\/2018\/02\/18\/5199\/#primaryimage\"},\"thumbnailUrl\":\"https:\/\/arteeluoghi.it\/wp-content\/uploads\/2018\/02\/20170430_130904-02.jpg\",\"keywords\":[\"Fabriano\",\"Giuseppe Salerno\",\"Museo della Carta e Filigrana\",\"Vittorio Fava\"],\"articleSection\":[\"Arte\",\"Arti visive\"],\"inLanguage\":\"it-IT\",\"potentialAction\":[{\"@type\":\"CommentAction\",\"name\":\"Comment\",\"target\":[\"https:\/\/arteeluoghi.it\/index.php\/2018\/02\/18\/5199\/#respond\"]}]},{\"@type\":\"Person\",\"@id\":\"https:\/\/arteeluoghi.it\/#\/schema\/person\/f84e814e36e91e01448ee07eaadd41d4\",\"name\":\"Staff\",\"image\":{\"@type\":\"ImageObject\",\"@id\":\"https:\/\/arteeluoghi.it\/#personlogo\",\"inLanguage\":\"it-IT\",\"url\":\"https:\/\/secure.gravatar.com\/avatar\/49d2f9e46271bb04e19cebfaf141313a?s=96&d=blank&r=g\",\"contentUrl\":\"https:\/\/secure.gravatar.com\/avatar\/49d2f9e46271bb04e19cebfaf141313a?s=96&d=blank&r=g\",\"caption\":\"Staff\"}}]}<\/script>\n<!-- \/ Yoast SEO plugin. -->","yoast_head_json":{"title":"Meraviglia delle Memorie Le creazioni di Vittorio Fava | Arte e Luoghi","description":"Vittorio Fava, Fabriano, Museo della Carta e della Filigrana, Giuseppe Salerno, carta, manoscritti antichi, riciclo, libri oggetto","robots":{"index":"index","follow":"follow","max-snippet":"max-snippet:-1","max-image-preview":"max-image-preview:large","max-video-preview":"max-video-preview:-1"},"canonical":"https:\/\/arteeluoghi.it\/index.php\/2018\/02\/18\/5199\/","og_locale":"it_IT","og_type":"article","og_title":"Meraviglia delle Memorie Le creazioni di Vittorio Fava | Arte e Luoghi","og_description":"Vittorio Fava, Fabriano, Museo della Carta e della Filigrana, Giuseppe Salerno, carta, manoscritti antichi, riciclo, libri oggetto","og_url":"https:\/\/arteeluoghi.it\/index.php\/2018\/02\/18\/5199\/","og_site_name":"Arte e Luoghi","article_publisher":"https:\/\/www.facebook.com\/ArteELuoghi\/","article_published_time":"2018-02-18T19:01:06+00:00","article_modified_time":"2018-02-23T19:10:41+00:00","og_image":[{"width":1541,"height":1209,"url":"https:\/\/arteeluoghi.it\/wp-content\/uploads\/2018\/02\/20170430_130904-02.jpg","type":"image\/jpeg"}],"twitter_card":"summary","twitter_creator":"@arteeluoghi","twitter_site":"@arteeluoghi","twitter_misc":{"Scritto da":"Staff","Tempo di lettura stimato":"3 minuti"},"schema":{"@context":"https:\/\/schema.org","@graph":[{"@type":"Organization","@id":"https:\/\/arteeluoghi.it\/#organization","name":"Arte e Luoghi","url":"https:\/\/arteeluoghi.it\/","sameAs":["https:\/\/www.facebook.com\/ArteELuoghi\/","https:\/\/www.instagram.com\/arteeluoghi\/?hl=it","https:\/\/www.youtube.com\/channel\/UCuRVc4JW4-C5sg9rQB-srkw?view_as=subscriber","https:\/\/twitter.com\/arteeluoghi"],"logo":{"@type":"ImageObject","@id":"https:\/\/arteeluoghi.it\/#logo","inLanguage":"it-IT","url":"https:\/\/arteeluoghi.it\/wp-content\/uploads\/2018\/08\/logoinstagramarte.jpg","contentUrl":"https:\/\/arteeluoghi.it\/wp-content\/uploads\/2018\/08\/logoinstagramarte.jpg","width":150,"height":150,"caption":"Arte e Luoghi"},"image":{"@id":"https:\/\/arteeluoghi.it\/#logo"}},{"@type":"WebSite","@id":"https:\/\/arteeluoghi.it\/#website","url":"https:\/\/arteeluoghi.it\/","name":"Arte e Luoghi","description":"Mensile di arte, cultura, turismo e curiosit\u00e0","publisher":{"@id":"https:\/\/arteeluoghi.it\/#organization"},"potentialAction":[{"@type":"SearchAction","target":{"@type":"EntryPoint","urlTemplate":"https:\/\/arteeluoghi.it\/?s={search_term_string}"},"query-input":"required name=search_term_string"}],"inLanguage":"it-IT"},{"@type":"ImageObject","@id":"https:\/\/arteeluoghi.it\/index.php\/2018\/02\/18\/5199\/#primaryimage","inLanguage":"it-IT","url":"https:\/\/arteeluoghi.it\/wp-content\/uploads\/2018\/02\/20170430_130904-02.jpg","contentUrl":"https:\/\/arteeluoghi.it\/wp-content\/uploads\/2018\/02\/20170430_130904-02.jpg","width":1541,"height":1209},{"@type":"WebPage","@id":"https:\/\/arteeluoghi.it\/index.php\/2018\/02\/18\/5199\/#webpage","url":"https:\/\/arteeluoghi.it\/index.php\/2018\/02\/18\/5199\/","name":"Meraviglia delle Memorie Le creazioni di Vittorio Fava | Arte e Luoghi","isPartOf":{"@id":"https:\/\/arteeluoghi.it\/#website"},"primaryImageOfPage":{"@id":"https:\/\/arteeluoghi.it\/index.php\/2018\/02\/18\/5199\/#primaryimage"},"datePublished":"2018-02-18T19:01:06+00:00","dateModified":"2018-02-23T19:10:41+00:00","description":"Vittorio Fava, Fabriano, Museo della Carta e della Filigrana, Giuseppe Salerno, carta, manoscritti antichi, riciclo, libri oggetto","breadcrumb":{"@id":"https:\/\/arteeluoghi.it\/index.php\/2018\/02\/18\/5199\/#breadcrumb"},"inLanguage":"it-IT","potentialAction":[{"@type":"ReadAction","target":["https:\/\/arteeluoghi.it\/index.php\/2018\/02\/18\/5199\/"]}]},{"@type":"BreadcrumbList","@id":"https:\/\/arteeluoghi.it\/index.php\/2018\/02\/18\/5199\/#breadcrumb","itemListElement":[{"@type":"ListItem","position":1,"name":"Home","item":"https:\/\/arteeluoghi.it\/"},{"@type":"ListItem","position":2,"name":"Meraviglia delle Memorie Le creazioni di Vittorio Fava"}]},{"@type":"Article","@id":"https:\/\/arteeluoghi.it\/index.php\/2018\/02\/18\/5199\/#article","isPartOf":{"@id":"https:\/\/arteeluoghi.it\/index.php\/2018\/02\/18\/5199\/#webpage"},"author":{"@id":"https:\/\/arteeluoghi.it\/#\/schema\/person\/f84e814e36e91e01448ee07eaadd41d4"},"headline":"Meraviglia delle Memorie Le creazioni di Vittorio Fava","datePublished":"2018-02-18T19:01:06+00:00","dateModified":"2018-02-23T19:10:41+00:00","mainEntityOfPage":{"@id":"https:\/\/arteeluoghi.it\/index.php\/2018\/02\/18\/5199\/#webpage"},"wordCount":534,"commentCount":0,"publisher":{"@id":"https:\/\/arteeluoghi.it\/#organization"},"image":{"@id":"https:\/\/arteeluoghi.it\/index.php\/2018\/02\/18\/5199\/#primaryimage"},"thumbnailUrl":"https:\/\/arteeluoghi.it\/wp-content\/uploads\/2018\/02\/20170430_130904-02.jpg","keywords":["Fabriano","Giuseppe Salerno","Museo della Carta e Filigrana","Vittorio Fava"],"articleSection":["Arte","Arti visive"],"inLanguage":"it-IT","potentialAction":[{"@type":"CommentAction","name":"Comment","target":["https:\/\/arteeluoghi.it\/index.php\/2018\/02\/18\/5199\/#respond"]}]},{"@type":"Person","@id":"https:\/\/arteeluoghi.it\/#\/schema\/person\/f84e814e36e91e01448ee07eaadd41d4","name":"Staff","image":{"@type":"ImageObject","@id":"https:\/\/arteeluoghi.it\/#personlogo","inLanguage":"it-IT","url":"https:\/\/secure.gravatar.com\/avatar\/49d2f9e46271bb04e19cebfaf141313a?s=96&d=blank&r=g","contentUrl":"https:\/\/secure.gravatar.com\/avatar\/49d2f9e46271bb04e19cebfaf141313a?s=96&d=blank&r=g","caption":"Staff"}}]}},"_links":{"self":[{"href":"https:\/\/arteeluoghi.it\/index.php\/wp-json\/wp\/v2\/posts\/5199"}],"collection":[{"href":"https:\/\/arteeluoghi.it\/index.php\/wp-json\/wp\/v2\/posts"}],"about":[{"href":"https:\/\/arteeluoghi.it\/index.php\/wp-json\/wp\/v2\/types\/post"}],"author":[{"embeddable":true,"href":"https:\/\/arteeluoghi.it\/index.php\/wp-json\/wp\/v2\/users\/1"}],"replies":[{"embeddable":true,"href":"https:\/\/arteeluoghi.it\/index.php\/wp-json\/wp\/v2\/comments?post=5199"}],"version-history":[{"count":3,"href":"https:\/\/arteeluoghi.it\/index.php\/wp-json\/wp\/v2\/posts\/5199\/revisions"}],"predecessor-version":[{"id":5208,"href":"https:\/\/arteeluoghi.it\/index.php\/wp-json\/wp\/v2\/posts\/5199\/revisions\/5208"}],"wp:featuredmedia":[{"embeddable":true,"href":"https:\/\/arteeluoghi.it\/index.php\/wp-json\/wp\/v2\/media\/5201"}],"wp:attachment":[{"href":"https:\/\/arteeluoghi.it\/index.php\/wp-json\/wp\/v2\/media?parent=5199"}],"wp:term":[{"taxonomy":"category","embeddable":true,"href":"https:\/\/arteeluoghi.it\/index.php\/wp-json\/wp\/v2\/categories?post=5199"},{"taxonomy":"post_tag","embeddable":true,"href":"https:\/\/arteeluoghi.it\/index.php\/wp-json\/wp\/v2\/tags?post=5199"}],"curies":[{"name":"wp","href":"https:\/\/api.w.org\/{rel}","templated":true}]}}