{"id":526,"date":"2012-02-12T15:36:08","date_gmt":"2012-02-12T14:36:08","guid":{"rendered":"http:\/\/arteeluoghi.it\/index.php\/2012\/02\/12\/salviamo-giotto\/"},"modified":"2017-08-07T00:05:45","modified_gmt":"2017-08-06T22:05:45","slug":"salviamo-giotto","status":"publish","type":"post","link":"https:\/\/arteeluoghi.it\/index.php\/2012\/02\/12\/salviamo-giotto\/","title":{"rendered":"Salviamo Giotto"},"content":{"rendered":"<p><img src=\"\/images\/stories\/giotto primobacio.jpg\" border=\"0\" style=\"margin: 21px; float: left;\" \/><\/p>\n<p><strong>Appello degli storici per la salvaguardia degli Affreschi della Cappella Scrovegni<\/strong><\/p>\n<p>Nel ciclo pittorico l&#8217;artista toscano dipinse il primo bacio nella storia dell&#8217;Arte<\/p>\n<p><strong>L&#8217;appello \u00e8 on-line sul sito dedicato http:\/\/savegiotto.com<\/strong><\/p>\n<p>di Antonietta Fulvio<\/p>\n<p>\u00a0<\/p>\n<p>Il nostro Bel Paese sembra proprio destinato ahinoi a perdere pezzi. Pezzi inestimabili dell&#8217;immenso patrimonio artistico e architettonico che il mondo ci invidia e che potrebbe rappresentare una fonte, tra quelle principali, per la ripresa e lo sviluppo della nostra economia\u2026 Chi viene in Italia\u00a0 non viene certo solo per il clima, anche se il termometro sotto lo zero di questi giorni sembra scongiurare di per s\u00e9 questa ipotesi. Chi viene in Italia vuole innanzitutto trovarsi a tu per tu con l&#8217;Arte. Quella sublime che ha attraversato i secoli.<br \/>Dal Colosseo e i Fori imperiali agli scavi di Pompei, dal cupolone del Brunelleschi al Mausoleo di Teodorico. Dalla Torre pendente di Pisa alla Valle dei Templi di Agrigento. Dalla mole antoneliana al Palazzo dei Diamanti di Ferrara, dalla basilica di San Marco a quella di Assisi\u2026.e si potrebbe continuare cos\u00ec, fino all&#8217;infinito, perch\u00e9 infinite sono le bellezze che il nostro Paese possiede. Dalle grandi citt\u00e0 d&#8217;arte ai borghi disseminati in lungo e in largo come Gradara, Furore, fin sotto il tacco giungendo a Specchia.<\/p>\n<p>Troppo spesso dimentichiamo (?) che abbiamo siti archeologici e architettonici importantissimi, capolavori di assoluta bellezza la cui salvaguardia dovrebbe essere una delle prime voci di spesa nei bilanci amministrativi e statali. E non solo. Il primo bene da tutelare, soprattutto, quando ci si appresta con il nuovo a modificare l&#8217;aspetto e l&#8217;assetto delle nostre citt\u00e0. Una lunga premessa, noiosa forse, ma doverosa per parlare della Cappella degli Scrovegni di Padova e dei bellissimi affreschi di Giotto da salvare.<br \/>Affreschi che impreziosiscono la cappella, intitolata a Santa Maria della Carit\u00e0, e che Giotto realizz\u00f2 su commissione di Enrico degli Scrovegni tra il 1303 e il 1305. In soli due anni l&#8217;artista toscano, che aveva gi\u00e0 affrescato per il Papa la Basilica di Assisi e San Giovanni in Laterano e proprio a Padova gli affreschi per la Basilica di Sant&#8217;Antonio e per il palazzo della Ragione, diede vita ad uno dei massimi capolavori dell&#8217;arte occidentale concependo un ciclo pittorico che attraversa Vecchio e Nuovo Testamento.<\/p>\n<p>\u00a0<\/p>\n<p>  <!--more-->  <\/p>\n<p><img src=\"\/images\/stories\/giottomagiscrovegni.jpg\" border=\"0\" width=\"450\" style=\"margin: 21px; float: right;\" \/>Una pittura poetica delicata ma cromaticamente intensa e con una resa spaziale eccezionale per l&#8217;epoca (la prospettiva sar\u00e0 teorizzata solo pi\u00f9 tardi da Brunelleschi). Giotto immagin\u00f2 una struttura architettonica in finti marmi dipinti che sorreggeva la volta, un meraviglioso cielo stellato blu cobalto, sotto il quale, incastonati in riquadri, si svolgevano le storie di Gioacchino e Anna, della Vergine e di Cristo: dalla rappresentazione del primo bacio nella storia dell&#8217;arte, tra Anna e Gioacchino, alla nascita del Bambino, l&#8217;adorazione dei Magi, la fuga in Egitto fino alla morte e risurrezione di Cristo e la sua ascesa al cielo nel giorno della Pentecoste; in controfacciata, invece,\u00a0 il Giudizio Universale quale monito alla salvazione umana.<\/p>\n<p>Sin dal 1880, anno in cui la Cappella \u00e8 stata acquisita dalla citt\u00e0 di Padova, gli affreschi sono stati continuamente oggetto di particolari attenzioni e nel corso degli anni sono stati compiuti diversi interventi conservativi; grazie alla sinergia di Amministrazione locale, Soprintendenze e Istituto Centrale per il Restauro, dagli anni settanta ad oggi sono stati compiuti accurati studi e monitoraggi sullo stato dell&#8217;edificio, sulla qualit\u00e0 dell&#8217;aria, sui fattori inquinanti, sullo stato di conservazione delle pitture. Per salvaguardarle si \u00e8 ricorso alla all&#8217;installazione di un impianto di trattamento dell&#8217;aria che consente di gestire il forte flusso dei visitatori che viene ripartito in gruppi, non pi\u00f9 di venticinque per volta, che accedono alla cappella grazie ad un nuovo ingresso, che prevede l&#8217;entrata nel Corpo Tecnologico Attrezzato, una sala di compensazione per la stabilizzazione del microclima interno. Risale al 2001 l&#8217;ultimo intervento di restauro, ma la situazione \u00e8 continuamente monitorata con verifiche sullo stato dei dipinti murali da parte dell&#8217;Istituto Centrale per il Restauro di Roma, non ultimi quelli che dal 9 al 14 gennaio 2012 hanno tenuto la Cappella degli Scrovegni chiusa ai visitatori. <\/p>\n<p>L&#8217;appello \u00e8 partito dalla storica dell&#8217;arte Chiara Frugoni, la stessa che lo scorso novembre rivel\u00f2 una scoperta estremamente interessante ovvero il volto di un demone disegnato da Giotto ad Assisi tra le nuvole degli affreschi della Basilica superiore. Ora la studiosa ha unito la propria voce a quella di Alessandro Nova e Steffi Roettgen rivolgendosi a tutti gli amanti dell&#8217;arte e del nostro Paese per chiedere la realizzazione di opere di massima salvaguardia del sottosuolo prima di dare avvio alla costruzione dell&#8217;Auditorium. Edificio che, trovandosi a meno di duecento metri dalla Cappella, rischia di modificare la gi\u00e0 compromessa\u00a0 situazione idrogeologica dei terreni.<br \/>Nella stessa zona\u00a0 &#8211; ha scritto recentemente la studiosa su Il Manifesto &#8211; esiste anche il progetto di un grattacielo di 104 metri ed \u00e8 stato appena ultimato un parcheggio, cio\u00e8 una vasta cementificazione che ha modificato l\u2019assorbimento delle piogge nel terreno.<\/p>\n<p>L&#8217;appello, divenuto ora anche un sito\u00a0 &#8211; http:\/\/savegiotto.com &#8211; \u00e8 stato sottoscritto da Francesco Aceto \/ Roberto Bartalini \/ Francesco Caglioti \/ Laura Cavazzini \/ Keith Christiansen \/ Maria Monica Donato \/ Vittorio Emiliani, per il Comitato per la Bellezza \/ Julian Gardner \/ Carlo Ginzburg \/ Maria Pia Guermandi, per Eddyburg \/ Donata Levi, per PatrimonioSos \/ Franco Miracco \/ Tomaso Montanari \/ Alessandra Mottola Molfino, per Italia Nostra \/ Alessandro Nova \/ Titti Panajotti, per Italia Nostra Padova \/ Giuseppe Pavanello \/ Antonio Pinelli \/ Giuliano Pisani \/ Serena Romano \/ Steffi Roettgen \/ Salvatore Settis \/ Giovanna Valenzano \/ Bruno Zanardi. Grande mobilitaizone anche on line per la raccolta firme anche su Facebook (Kadastrofe a Padova) e su Twitter(savegiotto). <\/p>\n<p>&#8220;Quanto valgono gli affreschi di Giotto, rispetto ai vantaggi portati dalle nuove costruzioni? Non lasciamo soli i padovani a discuterne il prezzo, perch\u00e9 non c\u2019\u00e8 prezzo&#8221;. Ha tuonato Chiara Frugoni dalle pagine de &#8220;Il Manifesto&#8221; (7 febbraio, 2012). <br \/>Come non condividerle a pieno le sue parole? Siamo stufi di vedere crollare i nostri monumenti. Di opere d&#8217;arte trafugate o distrutte dall&#8217;incuria pi\u00f9 che dal tempo. <br \/>Il crollo della Domus Aurea di Nerone a Roma e della Domus dei gladiatori a Pompei hanno mostrato al mondo non solo il potere distruttivo dell&#8217;acqua ma quello ancor pi\u00f9 letale che viene dall&#8217;incuria e della miopia degli uomini, ma forse per la Cappella degli Scrovegni c&#8217;\u00e8 ancora il tempo di agire: sottoscriviamo la petizione. Salviamo Giotto. Salviamo il Colosseo. Salviamo Pompei\u2026. Salviamo i nostri Beni culturali perch\u00e9 sono insieme alla nostra identit\u00e0 l&#8217;unica cosa che non ha e non deve avere prezzo. Mai.<\/p>\n<p>\u00a0<\/p>\n<hr \/>\n<p>\u00a0<\/p>\n<p>Per visitare la Cappella si rimanda alla visione del sito<\/p>\n<p>http:\/\/www.cappelladegliscrovegni.it<\/p>\n<p>dove si possono reperire tutte le informazioni necessarie<\/p>\n","protected":false},"excerpt":{"rendered":"<p>Appello degli storici per la salvaguardia degli Affreschi della Cappella Scrovegni Nel ciclo pittorico l&#8217;artista toscano dipinse il primo bacio<\/p>\n","protected":false},"author":1,"featured_media":0,"comment_status":"open","ping_status":"open","sticky":false,"template":"","format":"standard","meta":[],"categories":[28],"tags":[],"yoast_head":"<!-- This site is optimized with the Yoast SEO plugin v18.0 - https:\/\/yoast.com\/wordpress\/plugins\/seo\/ -->\n<title>Salviamo Giotto | Arte e Luoghi<\/title>\n<meta name=\"robots\" content=\"index, follow, max-snippet:-1, max-image-preview:large, max-video-preview:-1\" \/>\n<link rel=\"canonical\" href=\"https:\/\/arteeluoghi.it\/index.php\/2012\/02\/12\/salviamo-giotto\/\" \/>\n<meta property=\"og:locale\" content=\"it_IT\" \/>\n<meta property=\"og:type\" content=\"article\" \/>\n<meta property=\"og:title\" content=\"Salviamo Giotto | Arte e Luoghi\" \/>\n<meta property=\"og:description\" content=\"Appello degli storici per la salvaguardia degli Affreschi della Cappella Scrovegni Nel ciclo pittorico l&#8217;artista toscano dipinse il primo bacio\" \/>\n<meta property=\"og:url\" content=\"https:\/\/arteeluoghi.it\/index.php\/2012\/02\/12\/salviamo-giotto\/\" \/>\n<meta property=\"og:site_name\" content=\"Arte e Luoghi\" \/>\n<meta property=\"article:publisher\" content=\"https:\/\/www.facebook.com\/ArteELuoghi\/\" \/>\n<meta property=\"article:published_time\" content=\"2012-02-12T14:36:08+00:00\" \/>\n<meta property=\"article:modified_time\" content=\"2017-08-06T22:05:45+00:00\" \/>\n<meta property=\"og:image\" content=\"https:\/\/arteeluoghi.it\/images\/stories\/giotto%20primobacio.jpg\" \/>\n<meta name=\"twitter:card\" content=\"summary\" \/>\n<meta name=\"twitter:creator\" content=\"@arteeluoghi\" \/>\n<meta name=\"twitter:site\" content=\"@arteeluoghi\" \/>\n<meta name=\"twitter:label1\" content=\"Scritto da\" \/>\n\t<meta name=\"twitter:data1\" content=\"Staff\" \/>\n\t<meta name=\"twitter:label2\" content=\"Tempo di lettura stimato\" \/>\n\t<meta name=\"twitter:data2\" content=\"5 minuti\" \/>\n<script type=\"application\/ld+json\" class=\"yoast-schema-graph\">{\"@context\":\"https:\/\/schema.org\",\"@graph\":[{\"@type\":\"Organization\",\"@id\":\"https:\/\/arteeluoghi.it\/#organization\",\"name\":\"Arte e Luoghi\",\"url\":\"https:\/\/arteeluoghi.it\/\",\"sameAs\":[\"https:\/\/www.facebook.com\/ArteELuoghi\/\",\"https:\/\/www.instagram.com\/arteeluoghi\/?hl=it\",\"https:\/\/www.youtube.com\/channel\/UCuRVc4JW4-C5sg9rQB-srkw?view_as=subscriber\",\"https:\/\/twitter.com\/arteeluoghi\"],\"logo\":{\"@type\":\"ImageObject\",\"@id\":\"https:\/\/arteeluoghi.it\/#logo\",\"inLanguage\":\"it-IT\",\"url\":\"https:\/\/arteeluoghi.it\/wp-content\/uploads\/2018\/08\/logoinstagramarte.jpg\",\"contentUrl\":\"https:\/\/arteeluoghi.it\/wp-content\/uploads\/2018\/08\/logoinstagramarte.jpg\",\"width\":150,\"height\":150,\"caption\":\"Arte e Luoghi\"},\"image\":{\"@id\":\"https:\/\/arteeluoghi.it\/#logo\"}},{\"@type\":\"WebSite\",\"@id\":\"https:\/\/arteeluoghi.it\/#website\",\"url\":\"https:\/\/arteeluoghi.it\/\",\"name\":\"Arte e Luoghi\",\"description\":\"Mensile di arte, cultura, turismo e curiosit\u00e0\",\"publisher\":{\"@id\":\"https:\/\/arteeluoghi.it\/#organization\"},\"potentialAction\":[{\"@type\":\"SearchAction\",\"target\":{\"@type\":\"EntryPoint\",\"urlTemplate\":\"https:\/\/arteeluoghi.it\/?s={search_term_string}\"},\"query-input\":\"required name=search_term_string\"}],\"inLanguage\":\"it-IT\"},{\"@type\":\"ImageObject\",\"@id\":\"https:\/\/arteeluoghi.it\/index.php\/2012\/02\/12\/salviamo-giotto\/#primaryimage\",\"inLanguage\":\"it-IT\",\"url\":\"\/images\/stories\/giotto primobacio.jpg\",\"contentUrl\":\"\/images\/stories\/giotto primobacio.jpg\"},{\"@type\":\"WebPage\",\"@id\":\"https:\/\/arteeluoghi.it\/index.php\/2012\/02\/12\/salviamo-giotto\/#webpage\",\"url\":\"https:\/\/arteeluoghi.it\/index.php\/2012\/02\/12\/salviamo-giotto\/\",\"name\":\"Salviamo Giotto | Arte e Luoghi\",\"isPartOf\":{\"@id\":\"https:\/\/arteeluoghi.it\/#website\"},\"primaryImageOfPage\":{\"@id\":\"https:\/\/arteeluoghi.it\/index.php\/2012\/02\/12\/salviamo-giotto\/#primaryimage\"},\"datePublished\":\"2012-02-12T14:36:08+00:00\",\"dateModified\":\"2017-08-06T22:05:45+00:00\",\"breadcrumb\":{\"@id\":\"https:\/\/arteeluoghi.it\/index.php\/2012\/02\/12\/salviamo-giotto\/#breadcrumb\"},\"inLanguage\":\"it-IT\",\"potentialAction\":[{\"@type\":\"ReadAction\",\"target\":[\"https:\/\/arteeluoghi.it\/index.php\/2012\/02\/12\/salviamo-giotto\/\"]}]},{\"@type\":\"BreadcrumbList\",\"@id\":\"https:\/\/arteeluoghi.it\/index.php\/2012\/02\/12\/salviamo-giotto\/#breadcrumb\",\"itemListElement\":[{\"@type\":\"ListItem\",\"position\":1,\"name\":\"Home\",\"item\":\"https:\/\/arteeluoghi.it\/\"},{\"@type\":\"ListItem\",\"position\":2,\"name\":\"Salviamo Giotto\"}]},{\"@type\":\"Article\",\"@id\":\"https:\/\/arteeluoghi.it\/index.php\/2012\/02\/12\/salviamo-giotto\/#article\",\"isPartOf\":{\"@id\":\"https:\/\/arteeluoghi.it\/index.php\/2012\/02\/12\/salviamo-giotto\/#webpage\"},\"author\":{\"@id\":\"https:\/\/arteeluoghi.it\/#\/schema\/person\/f84e814e36e91e01448ee07eaadd41d4\"},\"headline\":\"Salviamo Giotto\",\"datePublished\":\"2012-02-12T14:36:08+00:00\",\"dateModified\":\"2017-08-06T22:05:45+00:00\",\"mainEntityOfPage\":{\"@id\":\"https:\/\/arteeluoghi.it\/index.php\/2012\/02\/12\/salviamo-giotto\/#webpage\"},\"wordCount\":1070,\"commentCount\":0,\"publisher\":{\"@id\":\"https:\/\/arteeluoghi.it\/#organization\"},\"image\":{\"@id\":\"https:\/\/arteeluoghi.it\/index.php\/2012\/02\/12\/salviamo-giotto\/#primaryimage\"},\"thumbnailUrl\":\"\/images\/stories\/giotto primobacio.jpg\",\"articleSection\":[\"Notizie\"],\"inLanguage\":\"it-IT\",\"potentialAction\":[{\"@type\":\"CommentAction\",\"name\":\"Comment\",\"target\":[\"https:\/\/arteeluoghi.it\/index.php\/2012\/02\/12\/salviamo-giotto\/#respond\"]}]},{\"@type\":\"Person\",\"@id\":\"https:\/\/arteeluoghi.it\/#\/schema\/person\/f84e814e36e91e01448ee07eaadd41d4\",\"name\":\"Staff\",\"image\":{\"@type\":\"ImageObject\",\"@id\":\"https:\/\/arteeluoghi.it\/#personlogo\",\"inLanguage\":\"it-IT\",\"url\":\"https:\/\/secure.gravatar.com\/avatar\/49d2f9e46271bb04e19cebfaf141313a?s=96&d=blank&r=g\",\"contentUrl\":\"https:\/\/secure.gravatar.com\/avatar\/49d2f9e46271bb04e19cebfaf141313a?s=96&d=blank&r=g\",\"caption\":\"Staff\"}}]}<\/script>\n<!-- \/ Yoast SEO plugin. -->","yoast_head_json":{"title":"Salviamo Giotto | Arte e Luoghi","robots":{"index":"index","follow":"follow","max-snippet":"max-snippet:-1","max-image-preview":"max-image-preview:large","max-video-preview":"max-video-preview:-1"},"canonical":"https:\/\/arteeluoghi.it\/index.php\/2012\/02\/12\/salviamo-giotto\/","og_locale":"it_IT","og_type":"article","og_title":"Salviamo Giotto | Arte e Luoghi","og_description":"Appello degli storici per la salvaguardia degli Affreschi della Cappella Scrovegni Nel ciclo pittorico l&#8217;artista toscano dipinse il primo bacio","og_url":"https:\/\/arteeluoghi.it\/index.php\/2012\/02\/12\/salviamo-giotto\/","og_site_name":"Arte e Luoghi","article_publisher":"https:\/\/www.facebook.com\/ArteELuoghi\/","article_published_time":"2012-02-12T14:36:08+00:00","article_modified_time":"2017-08-06T22:05:45+00:00","og_image":[{"url":"https:\/\/arteeluoghi.it\/images\/stories\/giotto primobacio.jpg"}],"twitter_card":"summary","twitter_creator":"@arteeluoghi","twitter_site":"@arteeluoghi","twitter_misc":{"Scritto da":"Staff","Tempo di lettura stimato":"5 minuti"},"schema":{"@context":"https:\/\/schema.org","@graph":[{"@type":"Organization","@id":"https:\/\/arteeluoghi.it\/#organization","name":"Arte e Luoghi","url":"https:\/\/arteeluoghi.it\/","sameAs":["https:\/\/www.facebook.com\/ArteELuoghi\/","https:\/\/www.instagram.com\/arteeluoghi\/?hl=it","https:\/\/www.youtube.com\/channel\/UCuRVc4JW4-C5sg9rQB-srkw?view_as=subscriber","https:\/\/twitter.com\/arteeluoghi"],"logo":{"@type":"ImageObject","@id":"https:\/\/arteeluoghi.it\/#logo","inLanguage":"it-IT","url":"https:\/\/arteeluoghi.it\/wp-content\/uploads\/2018\/08\/logoinstagramarte.jpg","contentUrl":"https:\/\/arteeluoghi.it\/wp-content\/uploads\/2018\/08\/logoinstagramarte.jpg","width":150,"height":150,"caption":"Arte e Luoghi"},"image":{"@id":"https:\/\/arteeluoghi.it\/#logo"}},{"@type":"WebSite","@id":"https:\/\/arteeluoghi.it\/#website","url":"https:\/\/arteeluoghi.it\/","name":"Arte e Luoghi","description":"Mensile di arte, cultura, turismo e curiosit\u00e0","publisher":{"@id":"https:\/\/arteeluoghi.it\/#organization"},"potentialAction":[{"@type":"SearchAction","target":{"@type":"EntryPoint","urlTemplate":"https:\/\/arteeluoghi.it\/?s={search_term_string}"},"query-input":"required name=search_term_string"}],"inLanguage":"it-IT"},{"@type":"ImageObject","@id":"https:\/\/arteeluoghi.it\/index.php\/2012\/02\/12\/salviamo-giotto\/#primaryimage","inLanguage":"it-IT","url":"\/images\/stories\/giotto primobacio.jpg","contentUrl":"\/images\/stories\/giotto primobacio.jpg"},{"@type":"WebPage","@id":"https:\/\/arteeluoghi.it\/index.php\/2012\/02\/12\/salviamo-giotto\/#webpage","url":"https:\/\/arteeluoghi.it\/index.php\/2012\/02\/12\/salviamo-giotto\/","name":"Salviamo Giotto | Arte e Luoghi","isPartOf":{"@id":"https:\/\/arteeluoghi.it\/#website"},"primaryImageOfPage":{"@id":"https:\/\/arteeluoghi.it\/index.php\/2012\/02\/12\/salviamo-giotto\/#primaryimage"},"datePublished":"2012-02-12T14:36:08+00:00","dateModified":"2017-08-06T22:05:45+00:00","breadcrumb":{"@id":"https:\/\/arteeluoghi.it\/index.php\/2012\/02\/12\/salviamo-giotto\/#breadcrumb"},"inLanguage":"it-IT","potentialAction":[{"@type":"ReadAction","target":["https:\/\/arteeluoghi.it\/index.php\/2012\/02\/12\/salviamo-giotto\/"]}]},{"@type":"BreadcrumbList","@id":"https:\/\/arteeluoghi.it\/index.php\/2012\/02\/12\/salviamo-giotto\/#breadcrumb","itemListElement":[{"@type":"ListItem","position":1,"name":"Home","item":"https:\/\/arteeluoghi.it\/"},{"@type":"ListItem","position":2,"name":"Salviamo Giotto"}]},{"@type":"Article","@id":"https:\/\/arteeluoghi.it\/index.php\/2012\/02\/12\/salviamo-giotto\/#article","isPartOf":{"@id":"https:\/\/arteeluoghi.it\/index.php\/2012\/02\/12\/salviamo-giotto\/#webpage"},"author":{"@id":"https:\/\/arteeluoghi.it\/#\/schema\/person\/f84e814e36e91e01448ee07eaadd41d4"},"headline":"Salviamo Giotto","datePublished":"2012-02-12T14:36:08+00:00","dateModified":"2017-08-06T22:05:45+00:00","mainEntityOfPage":{"@id":"https:\/\/arteeluoghi.it\/index.php\/2012\/02\/12\/salviamo-giotto\/#webpage"},"wordCount":1070,"commentCount":0,"publisher":{"@id":"https:\/\/arteeluoghi.it\/#organization"},"image":{"@id":"https:\/\/arteeluoghi.it\/index.php\/2012\/02\/12\/salviamo-giotto\/#primaryimage"},"thumbnailUrl":"\/images\/stories\/giotto primobacio.jpg","articleSection":["Notizie"],"inLanguage":"it-IT","potentialAction":[{"@type":"CommentAction","name":"Comment","target":["https:\/\/arteeluoghi.it\/index.php\/2012\/02\/12\/salviamo-giotto\/#respond"]}]},{"@type":"Person","@id":"https:\/\/arteeluoghi.it\/#\/schema\/person\/f84e814e36e91e01448ee07eaadd41d4","name":"Staff","image":{"@type":"ImageObject","@id":"https:\/\/arteeluoghi.it\/#personlogo","inLanguage":"it-IT","url":"https:\/\/secure.gravatar.com\/avatar\/49d2f9e46271bb04e19cebfaf141313a?s=96&d=blank&r=g","contentUrl":"https:\/\/secure.gravatar.com\/avatar\/49d2f9e46271bb04e19cebfaf141313a?s=96&d=blank&r=g","caption":"Staff"}}]}},"_links":{"self":[{"href":"https:\/\/arteeluoghi.it\/index.php\/wp-json\/wp\/v2\/posts\/526"}],"collection":[{"href":"https:\/\/arteeluoghi.it\/index.php\/wp-json\/wp\/v2\/posts"}],"about":[{"href":"https:\/\/arteeluoghi.it\/index.php\/wp-json\/wp\/v2\/types\/post"}],"author":[{"embeddable":true,"href":"https:\/\/arteeluoghi.it\/index.php\/wp-json\/wp\/v2\/users\/1"}],"replies":[{"embeddable":true,"href":"https:\/\/arteeluoghi.it\/index.php\/wp-json\/wp\/v2\/comments?post=526"}],"version-history":[{"count":1,"href":"https:\/\/arteeluoghi.it\/index.php\/wp-json\/wp\/v2\/posts\/526\/revisions"}],"predecessor-version":[{"id":3147,"href":"https:\/\/arteeluoghi.it\/index.php\/wp-json\/wp\/v2\/posts\/526\/revisions\/3147"}],"wp:attachment":[{"href":"https:\/\/arteeluoghi.it\/index.php\/wp-json\/wp\/v2\/media?parent=526"}],"wp:term":[{"taxonomy":"category","embeddable":true,"href":"https:\/\/arteeluoghi.it\/index.php\/wp-json\/wp\/v2\/categories?post=526"},{"taxonomy":"post_tag","embeddable":true,"href":"https:\/\/arteeluoghi.it\/index.php\/wp-json\/wp\/v2\/tags?post=526"}],"curies":[{"name":"wp","href":"https:\/\/api.w.org\/{rel}","templated":true}]}}