{"id":53,"date":"2010-02-19T11:30:23","date_gmt":"2010-02-19T10:30:23","guid":{"rendered":"http:\/\/arteeluoghi.it\/index.php\/2010\/02\/19\/bruno-cattani-memorie\/"},"modified":"2010-02-19T11:30:23","modified_gmt":"2010-02-19T10:30:23","slug":"bruno-cattani-memorie","status":"publish","type":"post","link":"https:\/\/arteeluoghi.it\/index.php\/2010\/02\/19\/bruno-cattani-memorie\/","title":{"rendered":"Bruno Cattani. Memorie"},"content":{"rendered":"<p>Normal.dotm   0   0   1   767   4376   Il Raggio Verde   36   8   5374   12.258               0   false      14      18 pt   18 pt   0   0      false   false   false                                     \/* Style Definitions *\/ table.MsoNormalTable \t{mso-style-name:&#8221;Tabella normale&#8221;; \tmso-tstyle-rowband-size:0; \tmso-tstyle-colband-size:0; \tmso-style-noshow:yes; \tmso-style-parent:&#8221;&#8221;; \tmso-padding-alt:0cm 5.4pt 0cm 5.4pt; \tmso-para-margin:0cm; \tmso-para-margin-bottom:.0001pt; \tmso-pagination:widow-orphan; \tfont-size:12.0pt; \tfont-family:&#8221;Times New Roman&#8221;; \tmso-ascii-font-family:Cambria; \tmso-ascii-theme-font:minor-latin; \tmso-fareast-font-family:&#8221;Times New Roman&#8221;; \tmso-fareast-theme-font:minor-fareast; \tmso-hansi-font-family:Cambria; \tmso-hansi-theme-font:minor-latin; \tmso-bidi-font-family:&#8221;Times New Roman&#8221;; \tmso-bidi-theme-font:minor-bidi;}<\/p>\n<p class=\"MsoNormal\" style=\"text-align: center\" align=\"center\"><strong><span style=\"font-size: 16pt; font-family: 'Arial Narrow'\">DAL 17 APRILE AL 23 MAGGIO 2010<\/span><\/strong><\/p>\n<p class=\"MsoNormal\" style=\"text-align: center\" align=\"center\"><strong><span style=\"font-size: 16pt; font-family: 'Arial Narrow'\">AL PALAZZO DEI PRINCIPI DI CORREGGIO<\/span><\/strong><\/p>\n<p class=\"MsoNormal\" style=\"text-align: center\" align=\"center\"><strong><span style=\"font-size: 16pt; font-family: 'Arial Narrow'\">LA MOSTRA<\/span><\/strong><\/p>\n<p class=\"MsoNormal\" style=\"text-align: center\" align=\"center\"><strong><em><span style=\"font-size: 16pt; font-family: 'Arial Narrow'\">MEMORIE<\/span><\/em><\/strong><strong><\/strong><\/p>\n<p class=\"MsoNormal\" style=\"text-align: center\" align=\"center\"><strong><span style=\"font-size: 16pt; font-family: 'Arial Narrow'\">DI BRUNO CATTANI<\/span><\/strong><\/p>\n<p class=\"MsoNormal\" style=\"text-align: center\" align=\"center\"><span style=\"font-family: 'Arial Narrow'\"> <\/span><\/p>\n<p class=\"MsoNormal\"><span style=\"font-family: 'Arial Narrow'\"> <\/span><\/p>\n<p class=\"MsoNormal\"><span style=\"font-family: 'Arial Narrow'\"> <\/span><\/p>\n<p class=\"MsoNormal\" style=\"text-align: justify\"><strong><span style=\"font-family: 'Arial Narrow'\">Dal 17 aprile al 23 maggio, al Palazzo dei Principi di Correggio (RE)<\/span><\/strong><span style=\"font-family: 'Arial Narrow'\"> si terr\u00e0 la mostra di <strong>Bruno Cattani<\/strong>, <strong><em>Memorie<\/em><\/strong>. L\u2019esposizione, curata da Sandro Parmiggiani, Francesca Baboni e Stefano Taddei, col patrocinio del Comune di Correggio, della Provincia di Reggio Emilia, di Palazzo Magnani di Reggio Emilia, nell\u2019\u00e0mbito di Fotografia Europea 2010 &#8211; Reggio Emilia, presenter\u00e0 <strong>70 fotografie<\/strong> dell\u2019artista reggiano, che documentano un percorso di ricerca iniziato cinque anni fa, incentrato sul tema della memoria collettiva.<\/span><\/p>\n<p class=\"MsoNormal\" style=\"text-align: justify\"><span style=\"font-family: 'Arial Narrow'\">La serie delle \u201cMemorie\u201d si \u00e8 sviluppata infatti a partire dal 2004 quando il Comune di Reggio Emilia commission\u00f2, ad alcuni fotografi del territorio, un lavoro legato a questo argomento. <\/span><\/p>\n<p class=\"MsoNormal\" style=\"text-align: justify\"><span style=\"font-family: 'Arial Narrow'\"> <\/span><\/p>\n<p class=\"MsoNormal\" style=\"text-align: justify\"><span style=\"font-family: 'Arial Narrow'\">Le fotografie di Cattani evocano ricordi che provengono dal passato, dalla storia minima di ciascuna persona. I soggetti immortalati nei suoi scatti, siano essi strade deserte o popolate soltanto da una panchina o da un bambino che gioca in mezzo alle foglie, altalene e giochi che si mischiano a nebbiosi paesaggi padani e a interni spogli di fabbriche abbandonate, vecchie foto ingiallite, immagini di giocattoli di legno, hanno il potere di rendere vivi e attuali queste reminiscenze ricostruendo, attraverso il dettaglio, piccoli frammenti di vicende private che non scadono mai nella banalit\u00e0. <\/span><\/p>\n<p class=\"MsoNormal\" style=\"text-align: justify\"><span style=\"font-family: 'Arial Narrow'\"> <\/span><\/p>\n<p class=\"MsoNormal\" style=\"text-align: justify\"><span style=\"font-family: 'Arial Narrow'\">Come afferma lo stesso Bruno Cattani \u201cda sempre la memoria \u00e8 il sottile <\/span><em><span style=\"font-family: 'Arial Narrow'\">fil rouge <\/span><\/em><span style=\"font-family: 'Arial Narrow'\">che lega indissolubilmente il mio lavoro ano. A tutti \u00e8 capitato di ritornare in luoghi dove abbiamo passato la nostra vita e che ci richiamano la storia come se fosse incisa sulla pietra: la malinconia di momenti che non rivivremo pi\u00f9, il rimpianto del passato che si trasforma in sottile piacere, l\u2019immagine impallidita, solo accennata, che riemerge ad un tratto tra le pagine di un libro sfogliato. Ricercare e fotografare questi luoghi significa recuperarli dal passato salvandoli dall\u2019oblio\u201d.<\/span><\/p>\n<p class=\"MsoNormal\" style=\"text-align: justify\"><span style=\"font-family: 'Arial Narrow'\"> <\/span><\/p>\n<p class=\"MsoNormal\" style=\"text-align: justify\"><span style=\"font-family: 'Arial Narrow'\">Accompagna la mostra un catalogo Allemandi.<\/span><\/p>\n<p class=\"MsoNormal\" style=\"text-align: justify\"><span style=\"font-family: 'Arial Narrow'\"> <\/span><\/p>\n<p class=\"MsoNormal\" style=\"text-align: justify\"><span style=\"font-family: 'Arial Narrow'\"> <\/span><\/p>\n<p class=\"MsoNormal\" style=\"text-align: justify\"><strong><span style=\"font-family: 'Arial Narrow'\">Bruno Cattani<\/span><\/strong><span style=\"font-family: 'Arial Narrow'\"> nasce a Reggio Emilia nel 1964. Inizia a fotografare dal 1982 e nel 1995, dopo alcuni anni di ricerca e mostre personali, partecipa alla mostra collettiva <em>Musica in Fotografia<\/em> organizzata da IF Immagine Fotografia a Milano. Nel 1996 partecipa a una ricerca fotografica collettiva sui Musei Civici di Reggio Emilia che si concluder\u00e0 con la mostra <em>Metti il fotografo al Museo<\/em>. Continua in questi anni\u00a0il suo percorso\u00a0sui Luoghi dell&#8217;arte arricchendo la sua raccolta di immagini in vari musei d&#8217;Europa. Viene selezionato da Italo Zannier per l&#8217;esposizione <em>Giovani e sconosciuti<\/em> che si tiene a Spilimbergo nel 1997. Nel 1998 \u00e8 invitato a realizzare una ricerca sul Pergamonmuseum di Berlino, dove esporr\u00e0 parte del lavoro. Seguono negli anni numerosi incarichi di ricerca fotografica in musei quali il Mus\u00e9e Rodin (1999), il Mus\u00e9e du Louvre (2000), l\u2019\u00c9cole Nationale Sup\u00e9rieure des Beaux-Arts di Parigi, l\u2019Istituto Nazionale per la Grafica e Calcografia a Roma e\u00a0la Soprintendenza Archeologica di Pompei (2001). <\/span><\/p>\n<p class=\"MsoNormal\" style=\"text-align: justify\"><span style=\"font-family: 'Arial Narrow'\">Nel 2003 espone nella collettiva <em>Ritratto di una collezione<\/em> alla Fondazione Maeght. Nello stesso anno il Museo Archeologico Nazionale di Napoli acquisisce le fotografie ivi realizzate. Nel 2004 partecipa alla proiezione sulla scuola fotografica di Reggio Emilia alla Maison Europeenne de la Photographie. Nel 2005 partecipa alla collettiva <em>Architettura come paesaggio<\/em>, che espone i lavori pi\u00f9 importanti realizzati dallo Studio Gabetti e Isola Isolarchitetti di Torino e che porta alla realizzazione di un volume con testi di Valter Bordini, Federica Dal Falco, Carlo Olmo e Paolo Portoghesi (Allemandi Editore). Nel 2006 partecipa alla mostra collettiva <em>Uno sguardo sulla citt\u00e0 <\/em>nell\u2019ambito della manifestazione \u201cReggio Emilia &#8211; Settimana della fotografia europea\u201d. Nello stesso anno partecipa alla mostra collettiva <em>ITALIA 1946-2006<\/em> organizzata dal CRAF di Spilimbergo e curata da Cesare Colombo, Claudio Em\u00e8 e Walter Liva. Nel 2007 \u00e8 invitato ad esporre alla Biennale della fotografia di Salonicco e partecipa alla collettiva <em>Italia-Provenza<\/em> organizzata dalla Fontaine Oscure di Aix En Provance. Partecipa, a Pordenone, ad una mostra collettiva curata da Elio Grazioli dal titolo <em>Movimento- Emozione,<\/em> che porta alla realizzazione di un catalogo. Nello stesso anno, una sua mostra personale dal titolo <em>Figure nel tempo<\/em> viene realizzata presso le Officine Fotografiche di Roma. Nel 2008, ai Musei Civici di Reggio Emilia, si \u00e8 tenuta la mostra <em>Dialogo di corpi<\/em>, una delle iniziative di Fotografia Europea &#8211; Reggio Emilia 2008.<\/span><\/p>\n<p class=\"MsoNormal\" style=\"text-align: justify\"><span style=\"font-family: 'Arial Narrow'\"> <\/span><\/p>\n<p class=\"MsoNormal\" style=\"text-align: justify\"><span style=\"font-family: 'Arial Narrow'\"> <\/span><\/p>\n<p class=\"MsoNormal\"><span style=\"font-family: 'Arial Narrow'\">Correggio (RE), febbraio 2010<\/span><\/p>\n<p class=\"MsoNormal\"><span style=\"font-family: 'Arial Narrow'\"> <\/span><\/p>\n<p class=\"MsoNormal\"><span style=\"font-family: 'Arial Narrow'\"> <\/span><\/p>\n<p class=\"MsoNormal\"><strong><span style=\"font-size: 11pt; font-family: 'Arial Narrow'\">BRUNO CATTANI. <em>MEMORIE<\/em><\/span><\/strong><\/p>\n<p class=\"MsoNormal\"><span style=\"font-size: 11pt; font-family: 'Arial Narrow'\">Correggio (RE), Palazzo dei Principi (Corso Cavour 7)<\/span><\/p>\n<p class=\"MsoNormal\"><strong><span style=\"font-size: 11pt; font-family: 'Arial Narrow'\">17 aprile &#8211; 23 maggio 2010<\/span><\/strong><\/p>\n<p class=\"MsoNormal\"><span style=\"font-size: 11pt; font-family: 'Arial Narrow'\"> <\/span><\/p>\n<p class=\"MsoNormal\" style=\"margin-right: -0.05pt; text-align: justify\"><strong><span style=\"font-size: 11pt; font-family: 'Arial Narrow'\">Orari<\/span><\/strong><span style=\"font-size: 11pt; font-family: 'Arial Narrow'\">: sabato, 15.30-18.30, domenica e festivi: 10.00-12.30; 15.30-18.30; altri giorni su appuntamento.<\/span><\/p>\n<p class=\"MsoNormal\" style=\"margin-right: -0.05pt\"><span style=\"font-size: 11pt; font-family: 'Arial Narrow'\"> <\/span><\/p>\n<p class=\"MsoNormal\" style=\"margin-right: -0.05pt\"><strong><span style=\"font-size: 11pt; font-family: 'Arial Narrow'\">Catalogo<\/span><\/strong><span style=\"font-size: 11pt; font-family: 'Arial Narrow'\">: Umberto Allemandi &amp; C.<\/span><\/p>\n<p class=\"MsoNormal\" style=\"margin-right: -0.05pt\"><span style=\"font-size: 11pt; font-family: 'Arial Narrow'\"> <\/span><\/p>\n<p class=\"MsoNormal\" style=\"margin-right: -0.05pt\"><strong><span style=\"font-size: 11pt; font-family: 'Arial Narrow'\">Informazioni<\/span><\/strong><span style=\"font-size: 11pt; font-family: 'Arial Narrow'\">: <\/span><span style=\"font-size: 11pt; font-family: 'Arial Narrow'\">0522\/691806; <a href=\"mailto:museo@comune.correggio.re.it\">museo@comune.correggio.re.it<\/a><\/span><\/p>\n<p class=\"MsoNormal\" style=\"margin-right: -0.05pt; text-align: justify\"><span style=\"font-size: 11pt; font-family: 'Arial Narrow'\"><span> <\/span><a href=\"http:\/\/www.brunocattani.it\/\" title=\"http:\/\/www.brunocattani.it\/\">http:\/\/www.brunocattani.it\/<\/a><\/span><\/p>\n","protected":false},"excerpt":{"rendered":"<p>Normal.dotm 0 0 1 767 4376 Il Raggio Verde 36 8 5374 12.258 0 false 14 18 pt 18 pt<\/p>\n","protected":false},"author":1,"featured_media":0,"comment_status":"open","ping_status":"open","sticky":false,"template":"","format":"standard","meta":[],"categories":[36],"tags":[],"yoast_head":"<!-- This site is optimized with the Yoast SEO plugin v18.0 - https:\/\/yoast.com\/wordpress\/plugins\/seo\/ -->\n<title>Bruno Cattani. Memorie | Arte e Luoghi<\/title>\n<meta name=\"robots\" content=\"index, follow, max-snippet:-1, max-image-preview:large, max-video-preview:-1\" \/>\n<link rel=\"canonical\" href=\"https:\/\/arteeluoghi.it\/index.php\/2010\/02\/19\/bruno-cattani-memorie\/\" \/>\n<meta property=\"og:locale\" content=\"it_IT\" \/>\n<meta property=\"og:type\" content=\"article\" \/>\n<meta property=\"og:title\" content=\"Bruno Cattani. Memorie | Arte e Luoghi\" \/>\n<meta property=\"og:description\" content=\"Normal.dotm 0 0 1 767 4376 Il Raggio Verde 36 8 5374 12.258 0 false 14 18 pt 18 pt\" \/>\n<meta property=\"og:url\" content=\"https:\/\/arteeluoghi.it\/index.php\/2010\/02\/19\/bruno-cattani-memorie\/\" \/>\n<meta property=\"og:site_name\" content=\"Arte e Luoghi\" \/>\n<meta property=\"article:publisher\" content=\"https:\/\/www.facebook.com\/ArteELuoghi\/\" \/>\n<meta property=\"article:published_time\" content=\"2010-02-19T10:30:23+00:00\" \/>\n<meta name=\"twitter:card\" content=\"summary\" \/>\n<meta name=\"twitter:creator\" content=\"@arteeluoghi\" \/>\n<meta name=\"twitter:site\" content=\"@arteeluoghi\" \/>\n<meta name=\"twitter:label1\" content=\"Scritto da\" \/>\n\t<meta name=\"twitter:data1\" content=\"Staff\" \/>\n\t<meta name=\"twitter:label2\" content=\"Tempo di lettura stimato\" \/>\n\t<meta name=\"twitter:data2\" content=\"4 minuti\" \/>\n<script type=\"application\/ld+json\" class=\"yoast-schema-graph\">{\"@context\":\"https:\/\/schema.org\",\"@graph\":[{\"@type\":\"Organization\",\"@id\":\"https:\/\/arteeluoghi.it\/#organization\",\"name\":\"Arte e Luoghi\",\"url\":\"https:\/\/arteeluoghi.it\/\",\"sameAs\":[\"https:\/\/www.facebook.com\/ArteELuoghi\/\",\"https:\/\/www.instagram.com\/arteeluoghi\/?hl=it\",\"https:\/\/www.youtube.com\/channel\/UCuRVc4JW4-C5sg9rQB-srkw?view_as=subscriber\",\"https:\/\/twitter.com\/arteeluoghi\"],\"logo\":{\"@type\":\"ImageObject\",\"@id\":\"https:\/\/arteeluoghi.it\/#logo\",\"inLanguage\":\"it-IT\",\"url\":\"https:\/\/arteeluoghi.it\/wp-content\/uploads\/2018\/08\/logoinstagramarte.jpg\",\"contentUrl\":\"https:\/\/arteeluoghi.it\/wp-content\/uploads\/2018\/08\/logoinstagramarte.jpg\",\"width\":150,\"height\":150,\"caption\":\"Arte e Luoghi\"},\"image\":{\"@id\":\"https:\/\/arteeluoghi.it\/#logo\"}},{\"@type\":\"WebSite\",\"@id\":\"https:\/\/arteeluoghi.it\/#website\",\"url\":\"https:\/\/arteeluoghi.it\/\",\"name\":\"Arte e Luoghi\",\"description\":\"Mensile di arte, cultura, turismo e curiosit\u00e0\",\"publisher\":{\"@id\":\"https:\/\/arteeluoghi.it\/#organization\"},\"potentialAction\":[{\"@type\":\"SearchAction\",\"target\":{\"@type\":\"EntryPoint\",\"urlTemplate\":\"https:\/\/arteeluoghi.it\/?s={search_term_string}\"},\"query-input\":\"required name=search_term_string\"}],\"inLanguage\":\"it-IT\"},{\"@type\":\"WebPage\",\"@id\":\"https:\/\/arteeluoghi.it\/index.php\/2010\/02\/19\/bruno-cattani-memorie\/#webpage\",\"url\":\"https:\/\/arteeluoghi.it\/index.php\/2010\/02\/19\/bruno-cattani-memorie\/\",\"name\":\"Bruno Cattani. Memorie | Arte e Luoghi\",\"isPartOf\":{\"@id\":\"https:\/\/arteeluoghi.it\/#website\"},\"datePublished\":\"2010-02-19T10:30:23+00:00\",\"dateModified\":\"2010-02-19T10:30:23+00:00\",\"breadcrumb\":{\"@id\":\"https:\/\/arteeluoghi.it\/index.php\/2010\/02\/19\/bruno-cattani-memorie\/#breadcrumb\"},\"inLanguage\":\"it-IT\",\"potentialAction\":[{\"@type\":\"ReadAction\",\"target\":[\"https:\/\/arteeluoghi.it\/index.php\/2010\/02\/19\/bruno-cattani-memorie\/\"]}]},{\"@type\":\"BreadcrumbList\",\"@id\":\"https:\/\/arteeluoghi.it\/index.php\/2010\/02\/19\/bruno-cattani-memorie\/#breadcrumb\",\"itemListElement\":[{\"@type\":\"ListItem\",\"position\":1,\"name\":\"Home\",\"item\":\"https:\/\/arteeluoghi.it\/\"},{\"@type\":\"ListItem\",\"position\":2,\"name\":\"Bruno Cattani. Memorie\"}]},{\"@type\":\"Article\",\"@id\":\"https:\/\/arteeluoghi.it\/index.php\/2010\/02\/19\/bruno-cattani-memorie\/#article\",\"isPartOf\":{\"@id\":\"https:\/\/arteeluoghi.it\/index.php\/2010\/02\/19\/bruno-cattani-memorie\/#webpage\"},\"author\":{\"@id\":\"https:\/\/arteeluoghi.it\/#\/schema\/person\/f84e814e36e91e01448ee07eaadd41d4\"},\"headline\":\"Bruno Cattani. Memorie\",\"datePublished\":\"2010-02-19T10:30:23+00:00\",\"dateModified\":\"2010-02-19T10:30:23+00:00\",\"mainEntityOfPage\":{\"@id\":\"https:\/\/arteeluoghi.it\/index.php\/2010\/02\/19\/bruno-cattani-memorie\/#webpage\"},\"wordCount\":790,\"commentCount\":0,\"publisher\":{\"@id\":\"https:\/\/arteeluoghi.it\/#organization\"},\"articleSection\":[\"CuriosAr(t)e\"],\"inLanguage\":\"it-IT\",\"potentialAction\":[{\"@type\":\"CommentAction\",\"name\":\"Comment\",\"target\":[\"https:\/\/arteeluoghi.it\/index.php\/2010\/02\/19\/bruno-cattani-memorie\/#respond\"]}]},{\"@type\":\"Person\",\"@id\":\"https:\/\/arteeluoghi.it\/#\/schema\/person\/f84e814e36e91e01448ee07eaadd41d4\",\"name\":\"Staff\",\"image\":{\"@type\":\"ImageObject\",\"@id\":\"https:\/\/arteeluoghi.it\/#personlogo\",\"inLanguage\":\"it-IT\",\"url\":\"https:\/\/secure.gravatar.com\/avatar\/49d2f9e46271bb04e19cebfaf141313a?s=96&d=blank&r=g\",\"contentUrl\":\"https:\/\/secure.gravatar.com\/avatar\/49d2f9e46271bb04e19cebfaf141313a?s=96&d=blank&r=g\",\"caption\":\"Staff\"}}]}<\/script>\n<!-- \/ Yoast SEO plugin. -->","yoast_head_json":{"title":"Bruno Cattani. Memorie | Arte e Luoghi","robots":{"index":"index","follow":"follow","max-snippet":"max-snippet:-1","max-image-preview":"max-image-preview:large","max-video-preview":"max-video-preview:-1"},"canonical":"https:\/\/arteeluoghi.it\/index.php\/2010\/02\/19\/bruno-cattani-memorie\/","og_locale":"it_IT","og_type":"article","og_title":"Bruno Cattani. Memorie | Arte e Luoghi","og_description":"Normal.dotm 0 0 1 767 4376 Il Raggio Verde 36 8 5374 12.258 0 false 14 18 pt 18 pt","og_url":"https:\/\/arteeluoghi.it\/index.php\/2010\/02\/19\/bruno-cattani-memorie\/","og_site_name":"Arte e Luoghi","article_publisher":"https:\/\/www.facebook.com\/ArteELuoghi\/","article_published_time":"2010-02-19T10:30:23+00:00","twitter_card":"summary","twitter_creator":"@arteeluoghi","twitter_site":"@arteeluoghi","twitter_misc":{"Scritto da":"Staff","Tempo di lettura stimato":"4 minuti"},"schema":{"@context":"https:\/\/schema.org","@graph":[{"@type":"Organization","@id":"https:\/\/arteeluoghi.it\/#organization","name":"Arte e Luoghi","url":"https:\/\/arteeluoghi.it\/","sameAs":["https:\/\/www.facebook.com\/ArteELuoghi\/","https:\/\/www.instagram.com\/arteeluoghi\/?hl=it","https:\/\/www.youtube.com\/channel\/UCuRVc4JW4-C5sg9rQB-srkw?view_as=subscriber","https:\/\/twitter.com\/arteeluoghi"],"logo":{"@type":"ImageObject","@id":"https:\/\/arteeluoghi.it\/#logo","inLanguage":"it-IT","url":"https:\/\/arteeluoghi.it\/wp-content\/uploads\/2018\/08\/logoinstagramarte.jpg","contentUrl":"https:\/\/arteeluoghi.it\/wp-content\/uploads\/2018\/08\/logoinstagramarte.jpg","width":150,"height":150,"caption":"Arte e Luoghi"},"image":{"@id":"https:\/\/arteeluoghi.it\/#logo"}},{"@type":"WebSite","@id":"https:\/\/arteeluoghi.it\/#website","url":"https:\/\/arteeluoghi.it\/","name":"Arte e Luoghi","description":"Mensile di arte, cultura, turismo e curiosit\u00e0","publisher":{"@id":"https:\/\/arteeluoghi.it\/#organization"},"potentialAction":[{"@type":"SearchAction","target":{"@type":"EntryPoint","urlTemplate":"https:\/\/arteeluoghi.it\/?s={search_term_string}"},"query-input":"required name=search_term_string"}],"inLanguage":"it-IT"},{"@type":"WebPage","@id":"https:\/\/arteeluoghi.it\/index.php\/2010\/02\/19\/bruno-cattani-memorie\/#webpage","url":"https:\/\/arteeluoghi.it\/index.php\/2010\/02\/19\/bruno-cattani-memorie\/","name":"Bruno Cattani. Memorie | Arte e Luoghi","isPartOf":{"@id":"https:\/\/arteeluoghi.it\/#website"},"datePublished":"2010-02-19T10:30:23+00:00","dateModified":"2010-02-19T10:30:23+00:00","breadcrumb":{"@id":"https:\/\/arteeluoghi.it\/index.php\/2010\/02\/19\/bruno-cattani-memorie\/#breadcrumb"},"inLanguage":"it-IT","potentialAction":[{"@type":"ReadAction","target":["https:\/\/arteeluoghi.it\/index.php\/2010\/02\/19\/bruno-cattani-memorie\/"]}]},{"@type":"BreadcrumbList","@id":"https:\/\/arteeluoghi.it\/index.php\/2010\/02\/19\/bruno-cattani-memorie\/#breadcrumb","itemListElement":[{"@type":"ListItem","position":1,"name":"Home","item":"https:\/\/arteeluoghi.it\/"},{"@type":"ListItem","position":2,"name":"Bruno Cattani. Memorie"}]},{"@type":"Article","@id":"https:\/\/arteeluoghi.it\/index.php\/2010\/02\/19\/bruno-cattani-memorie\/#article","isPartOf":{"@id":"https:\/\/arteeluoghi.it\/index.php\/2010\/02\/19\/bruno-cattani-memorie\/#webpage"},"author":{"@id":"https:\/\/arteeluoghi.it\/#\/schema\/person\/f84e814e36e91e01448ee07eaadd41d4"},"headline":"Bruno Cattani. Memorie","datePublished":"2010-02-19T10:30:23+00:00","dateModified":"2010-02-19T10:30:23+00:00","mainEntityOfPage":{"@id":"https:\/\/arteeluoghi.it\/index.php\/2010\/02\/19\/bruno-cattani-memorie\/#webpage"},"wordCount":790,"commentCount":0,"publisher":{"@id":"https:\/\/arteeluoghi.it\/#organization"},"articleSection":["CuriosAr(t)e"],"inLanguage":"it-IT","potentialAction":[{"@type":"CommentAction","name":"Comment","target":["https:\/\/arteeluoghi.it\/index.php\/2010\/02\/19\/bruno-cattani-memorie\/#respond"]}]},{"@type":"Person","@id":"https:\/\/arteeluoghi.it\/#\/schema\/person\/f84e814e36e91e01448ee07eaadd41d4","name":"Staff","image":{"@type":"ImageObject","@id":"https:\/\/arteeluoghi.it\/#personlogo","inLanguage":"it-IT","url":"https:\/\/secure.gravatar.com\/avatar\/49d2f9e46271bb04e19cebfaf141313a?s=96&d=blank&r=g","contentUrl":"https:\/\/secure.gravatar.com\/avatar\/49d2f9e46271bb04e19cebfaf141313a?s=96&d=blank&r=g","caption":"Staff"}}]}},"_links":{"self":[{"href":"https:\/\/arteeluoghi.it\/index.php\/wp-json\/wp\/v2\/posts\/53"}],"collection":[{"href":"https:\/\/arteeluoghi.it\/index.php\/wp-json\/wp\/v2\/posts"}],"about":[{"href":"https:\/\/arteeluoghi.it\/index.php\/wp-json\/wp\/v2\/types\/post"}],"author":[{"embeddable":true,"href":"https:\/\/arteeluoghi.it\/index.php\/wp-json\/wp\/v2\/users\/1"}],"replies":[{"embeddable":true,"href":"https:\/\/arteeluoghi.it\/index.php\/wp-json\/wp\/v2\/comments?post=53"}],"version-history":[{"count":0,"href":"https:\/\/arteeluoghi.it\/index.php\/wp-json\/wp\/v2\/posts\/53\/revisions"}],"wp:attachment":[{"href":"https:\/\/arteeluoghi.it\/index.php\/wp-json\/wp\/v2\/media?parent=53"}],"wp:term":[{"taxonomy":"category","embeddable":true,"href":"https:\/\/arteeluoghi.it\/index.php\/wp-json\/wp\/v2\/categories?post=53"},{"taxonomy":"post_tag","embeddable":true,"href":"https:\/\/arteeluoghi.it\/index.php\/wp-json\/wp\/v2\/tags?post=53"}],"curies":[{"name":"wp","href":"https:\/\/api.w.org\/{rel}","templated":true}]}}