{"id":5332,"date":"2018-03-13T01:14:05","date_gmt":"2018-03-13T00:14:05","guid":{"rendered":"http:\/\/arteeluoghi.it\/?p=5332"},"modified":"2018-03-13T01:14:05","modified_gmt":"2018-03-13T00:14:05","slug":"digiunando-davanti-al-mare-un-racconto-danilo-dolci","status":"publish","type":"post","link":"https:\/\/arteeluoghi.it\/index.php\/2018\/03\/13\/digiunando-davanti-al-mare-un-racconto-danilo-dolci\/","title":{"rendered":"Digiunando davanti al mare. Per un racconto su Danilo Dolci"},"content":{"rendered":"<p><span style=\"font-family: verdana,sans-serif;\"><i><img loading=\"lazy\" class=\"size-medium wp-image-5333 alignleft\" src=\"https:\/\/arteeluoghi.it\/wp-content\/uploads\/2018\/03\/Giuseppe-Semeraro-300x201.jpg\" alt=\"\" width=\"300\" height=\"201\" srcset=\"https:\/\/arteeluoghi.it\/wp-content\/uploads\/2018\/03\/Giuseppe-Semeraro-300x201.jpg 300w, https:\/\/arteeluoghi.it\/wp-content\/uploads\/2018\/03\/Giuseppe-Semeraro-768x514.jpg 768w, https:\/\/arteeluoghi.it\/wp-content\/uploads\/2018\/03\/Giuseppe-Semeraro-1024x686.jpg 1024w, https:\/\/arteeluoghi.it\/wp-content\/uploads\/2018\/03\/Giuseppe-Semeraro.jpg 1417w\" sizes=\"(max-width: 300px) 100vw, 300px\" \/>La rassegna &#8220;La scena dei ragazzi&#8221; organizzata da Comune di Lecce e Teatro Pubblico Pugliese, a cura di Factory Compagnia Transadriatica, propone lo spettacolo con Giuseppe Semeraro dedicato a Danilo Dolci.<\/i><\/span><\/p>\n<p><span style=\"font-family: verdana,sans-serif;\"><b>Marted\u00ec 13 marzo<\/b> (<i>ore 20.30 &#8211; ingresso 6 euro<\/i>) al <b>Teatro Paisiello<\/b> di <b>Lecce<\/b>, per la rassegna &#8220;<b>La scena dei ragazzi<\/b>&#8220;, organizzata da Comune di Lecce e Teatro Pubblico Pugliese, a cura di <b>Factory Compagnia Transadriatica<\/b>, appuntamento con &#8220;<b>Digiunando davanti al mare. Per un racconto su Danilo Dolci<\/b>&#8220;, un progetto di <b>Giuseppe Semeraro <\/b>su drammaturgia di<b> Francesco Niccolini<\/b>, per la regia di <b>Fabrizio Saccomanno<\/b>, prodotto da <b>Principio Attivo Teatro<\/b>.<br \/>\n<\/span><br \/>\n<!--more--><img loading=\"lazy\" class=\"size-medium wp-image-5334 alignleft\" src=\"https:\/\/arteeluoghi.it\/wp-content\/uploads\/2018\/03\/giuseppe_danilodolci-300x114.jpg\" alt=\"\" width=\"300\" height=\"114\" srcset=\"https:\/\/arteeluoghi.it\/wp-content\/uploads\/2018\/03\/giuseppe_danilodolci-300x114.jpg 300w, https:\/\/arteeluoghi.it\/wp-content\/uploads\/2018\/03\/giuseppe_danilodolci-768x292.jpg 768w, https:\/\/arteeluoghi.it\/wp-content\/uploads\/2018\/03\/giuseppe_danilodolci.jpg 960w\" sizes=\"(max-width: 300px) 100vw, 300px\" \/><span style=\"font-family: verdana,sans-serif;\"> La figura di Danilo Dolci sfugge a qualsiasi tentativo di classificazione: poeta, intellettuale, pedagogo. Dopo un breve viaggio in Sicilia decide di ritornarci e di mettersi al fianco degli ultimi, dei diseredati, dei banditi come li chiamava lui stesso. Negli anni cinquanta organizza e promuove tantissime manifestazioni e scioperi in difesa dei diritti dei contadini, dei pescatori, dei disoccupati. Il suo attivismo gli valse due candidature a premio Nobel per la pace e il riconoscimento a livello internazionale del suo operare. Sempre in quegli anni con i contadini progetta e realizza una radio clandestina, un asilo, una diga, l&#8217;universit\u00e0 popolare insieme a tanti progetti culturali. &#8220;Quello che pi\u00f9 mi interessa in questa figura sono le sue qualit\u00e0 umane, il suo grande potere comunicativo e soprattutto la fiducia che sapeva spargere attorno a s\u00e9&#8221;, sottolinea Semeraro. Qualit\u00e0 che gli permisero di creare un grande movimento popolare che sfoci\u00f2 nel grande \u201cSciopero alla rovescia\u201d; manifestazione che rivendicava il fatto che dei disoccupati per protesta andavano a lavorare rendendosi utili in lavori per la collettivit\u00e0. &#8220;Danilo Dolci voleva, con i disoccupati Siciliani, ricordare all&#8217;Italia intera che per la Costituzione Italiana il lavoro \u00e8 un diritto ma anche un dovere se questo lavoro ha un\u2019utilit\u00e0 pubblica. Durante la manifestazione Danilo Dolci fu arrestato assieme ad alcuni collaboratori, ne segui un processo che segn\u00f2 un profondo spartiacque nell&#8217;Italia del dopoguerra. Dalle vicende umane di questo gigante dimenticato \u00e8 nato questo pezzo teatrale che tenta non solo di raccontarne i momenti pi\u00f9 importanti ma di evocarli con il corpo nudo del teatro&#8221;, conclude l&#8217;attore.<\/span><\/p>\n<p>(fonte: comunicato stampa)<\/p>\n","protected":false},"excerpt":{"rendered":"<p>La rassegna &#8220;La scena dei ragazzi&#8221; organizzata da Comune di Lecce e Teatro Pubblico Pugliese, a cura di Factory Compagnia<\/p>\n","protected":false},"author":1,"featured_media":5334,"comment_status":"open","ping_status":"open","sticky":false,"template":"","format":"standard","meta":[],"categories":[13],"tags":[],"yoast_head":"<!-- This site is optimized with the Yoast SEO plugin v18.0 - https:\/\/yoast.com\/wordpress\/plugins\/seo\/ -->\n<title>Digiunando davanti al mare. Per un racconto su Danilo Dolci | Arte e Luoghi<\/title>\n<meta name=\"description\" content=\"Danilo Dolci, Giuseppe Semeraro, Teatro Paisiello, Comune di Lecce, Teatro Pubblico Pugliese, Francesco Niccolini, La scena dei ragazzi\" \/>\n<meta name=\"robots\" content=\"index, follow, max-snippet:-1, max-image-preview:large, max-video-preview:-1\" \/>\n<link rel=\"canonical\" href=\"https:\/\/arteeluoghi.it\/index.php\/2018\/03\/13\/digiunando-davanti-al-mare-un-racconto-danilo-dolci\/\" \/>\n<meta property=\"og:locale\" content=\"it_IT\" \/>\n<meta property=\"og:type\" content=\"article\" \/>\n<meta property=\"og:title\" content=\"Digiunando davanti al mare. Per un racconto su Danilo Dolci | Arte e Luoghi\" \/>\n<meta property=\"og:description\" content=\"Danilo Dolci, Giuseppe Semeraro, Teatro Paisiello, Comune di Lecce, Teatro Pubblico Pugliese, Francesco Niccolini, La scena dei ragazzi\" \/>\n<meta property=\"og:url\" content=\"https:\/\/arteeluoghi.it\/index.php\/2018\/03\/13\/digiunando-davanti-al-mare-un-racconto-danilo-dolci\/\" \/>\n<meta property=\"og:site_name\" content=\"Arte e Luoghi\" \/>\n<meta property=\"article:publisher\" content=\"https:\/\/www.facebook.com\/ArteELuoghi\/\" \/>\n<meta property=\"article:published_time\" content=\"2018-03-13T00:14:05+00:00\" \/>\n<meta property=\"og:image\" content=\"https:\/\/arteeluoghi.it\/wp-content\/uploads\/2018\/03\/giuseppe_danilodolci.jpg\" \/>\n\t<meta property=\"og:image:width\" content=\"960\" \/>\n\t<meta property=\"og:image:height\" content=\"365\" \/>\n\t<meta property=\"og:image:type\" content=\"image\/jpeg\" \/>\n<meta name=\"twitter:card\" content=\"summary\" \/>\n<meta name=\"twitter:creator\" content=\"@arteeluoghi\" \/>\n<meta name=\"twitter:site\" content=\"@arteeluoghi\" \/>\n<meta name=\"twitter:label1\" content=\"Scritto da\" \/>\n\t<meta name=\"twitter:data1\" content=\"Staff\" \/>\n\t<meta name=\"twitter:label2\" content=\"Tempo di lettura stimato\" \/>\n\t<meta name=\"twitter:data2\" content=\"2 minuti\" \/>\n<script type=\"application\/ld+json\" class=\"yoast-schema-graph\">{\"@context\":\"https:\/\/schema.org\",\"@graph\":[{\"@type\":\"Organization\",\"@id\":\"https:\/\/arteeluoghi.it\/#organization\",\"name\":\"Arte e Luoghi\",\"url\":\"https:\/\/arteeluoghi.it\/\",\"sameAs\":[\"https:\/\/www.facebook.com\/ArteELuoghi\/\",\"https:\/\/www.instagram.com\/arteeluoghi\/?hl=it\",\"https:\/\/www.youtube.com\/channel\/UCuRVc4JW4-C5sg9rQB-srkw?view_as=subscriber\",\"https:\/\/twitter.com\/arteeluoghi\"],\"logo\":{\"@type\":\"ImageObject\",\"@id\":\"https:\/\/arteeluoghi.it\/#logo\",\"inLanguage\":\"it-IT\",\"url\":\"https:\/\/arteeluoghi.it\/wp-content\/uploads\/2018\/08\/logoinstagramarte.jpg\",\"contentUrl\":\"https:\/\/arteeluoghi.it\/wp-content\/uploads\/2018\/08\/logoinstagramarte.jpg\",\"width\":150,\"height\":150,\"caption\":\"Arte e Luoghi\"},\"image\":{\"@id\":\"https:\/\/arteeluoghi.it\/#logo\"}},{\"@type\":\"WebSite\",\"@id\":\"https:\/\/arteeluoghi.it\/#website\",\"url\":\"https:\/\/arteeluoghi.it\/\",\"name\":\"Arte e Luoghi\",\"description\":\"Mensile di arte, cultura, turismo e curiosit\u00e0\",\"publisher\":{\"@id\":\"https:\/\/arteeluoghi.it\/#organization\"},\"potentialAction\":[{\"@type\":\"SearchAction\",\"target\":{\"@type\":\"EntryPoint\",\"urlTemplate\":\"https:\/\/arteeluoghi.it\/?s={search_term_string}\"},\"query-input\":\"required name=search_term_string\"}],\"inLanguage\":\"it-IT\"},{\"@type\":\"ImageObject\",\"@id\":\"https:\/\/arteeluoghi.it\/index.php\/2018\/03\/13\/digiunando-davanti-al-mare-un-racconto-danilo-dolci\/#primaryimage\",\"inLanguage\":\"it-IT\",\"url\":\"https:\/\/arteeluoghi.it\/wp-content\/uploads\/2018\/03\/giuseppe_danilodolci.jpg\",\"contentUrl\":\"https:\/\/arteeluoghi.it\/wp-content\/uploads\/2018\/03\/giuseppe_danilodolci.jpg\",\"width\":960,\"height\":365},{\"@type\":\"WebPage\",\"@id\":\"https:\/\/arteeluoghi.it\/index.php\/2018\/03\/13\/digiunando-davanti-al-mare-un-racconto-danilo-dolci\/#webpage\",\"url\":\"https:\/\/arteeluoghi.it\/index.php\/2018\/03\/13\/digiunando-davanti-al-mare-un-racconto-danilo-dolci\/\",\"name\":\"Digiunando davanti al mare. Per un racconto su Danilo Dolci | Arte e Luoghi\",\"isPartOf\":{\"@id\":\"https:\/\/arteeluoghi.it\/#website\"},\"primaryImageOfPage\":{\"@id\":\"https:\/\/arteeluoghi.it\/index.php\/2018\/03\/13\/digiunando-davanti-al-mare-un-racconto-danilo-dolci\/#primaryimage\"},\"datePublished\":\"2018-03-13T00:14:05+00:00\",\"dateModified\":\"2018-03-13T00:14:05+00:00\",\"description\":\"Danilo Dolci, Giuseppe Semeraro, Teatro Paisiello, Comune di Lecce, Teatro Pubblico Pugliese, Francesco Niccolini, La scena dei ragazzi\",\"breadcrumb\":{\"@id\":\"https:\/\/arteeluoghi.it\/index.php\/2018\/03\/13\/digiunando-davanti-al-mare-un-racconto-danilo-dolci\/#breadcrumb\"},\"inLanguage\":\"it-IT\",\"potentialAction\":[{\"@type\":\"ReadAction\",\"target\":[\"https:\/\/arteeluoghi.it\/index.php\/2018\/03\/13\/digiunando-davanti-al-mare-un-racconto-danilo-dolci\/\"]}]},{\"@type\":\"BreadcrumbList\",\"@id\":\"https:\/\/arteeluoghi.it\/index.php\/2018\/03\/13\/digiunando-davanti-al-mare-un-racconto-danilo-dolci\/#breadcrumb\",\"itemListElement\":[{\"@type\":\"ListItem\",\"position\":1,\"name\":\"Home\",\"item\":\"https:\/\/arteeluoghi.it\/\"},{\"@type\":\"ListItem\",\"position\":2,\"name\":\"Digiunando davanti al mare. Per un racconto su Danilo Dolci\"}]},{\"@type\":\"Article\",\"@id\":\"https:\/\/arteeluoghi.it\/index.php\/2018\/03\/13\/digiunando-davanti-al-mare-un-racconto-danilo-dolci\/#article\",\"isPartOf\":{\"@id\":\"https:\/\/arteeluoghi.it\/index.php\/2018\/03\/13\/digiunando-davanti-al-mare-un-racconto-danilo-dolci\/#webpage\"},\"author\":{\"@id\":\"https:\/\/arteeluoghi.it\/#\/schema\/person\/f84e814e36e91e01448ee07eaadd41d4\"},\"headline\":\"Digiunando davanti al mare. Per un racconto su Danilo Dolci\",\"datePublished\":\"2018-03-13T00:14:05+00:00\",\"dateModified\":\"2018-03-13T00:14:05+00:00\",\"mainEntityOfPage\":{\"@id\":\"https:\/\/arteeluoghi.it\/index.php\/2018\/03\/13\/digiunando-davanti-al-mare-un-racconto-danilo-dolci\/#webpage\"},\"wordCount\":367,\"commentCount\":0,\"publisher\":{\"@id\":\"https:\/\/arteeluoghi.it\/#organization\"},\"image\":{\"@id\":\"https:\/\/arteeluoghi.it\/index.php\/2018\/03\/13\/digiunando-davanti-al-mare-un-racconto-danilo-dolci\/#primaryimage\"},\"thumbnailUrl\":\"https:\/\/arteeluoghi.it\/wp-content\/uploads\/2018\/03\/giuseppe_danilodolci.jpg\",\"articleSection\":[\"teatro\"],\"inLanguage\":\"it-IT\",\"potentialAction\":[{\"@type\":\"CommentAction\",\"name\":\"Comment\",\"target\":[\"https:\/\/arteeluoghi.it\/index.php\/2018\/03\/13\/digiunando-davanti-al-mare-un-racconto-danilo-dolci\/#respond\"]}]},{\"@type\":\"Person\",\"@id\":\"https:\/\/arteeluoghi.it\/#\/schema\/person\/f84e814e36e91e01448ee07eaadd41d4\",\"name\":\"Staff\",\"image\":{\"@type\":\"ImageObject\",\"@id\":\"https:\/\/arteeluoghi.it\/#personlogo\",\"inLanguage\":\"it-IT\",\"url\":\"https:\/\/secure.gravatar.com\/avatar\/49d2f9e46271bb04e19cebfaf141313a?s=96&d=blank&r=g\",\"contentUrl\":\"https:\/\/secure.gravatar.com\/avatar\/49d2f9e46271bb04e19cebfaf141313a?s=96&d=blank&r=g\",\"caption\":\"Staff\"}}]}<\/script>\n<!-- \/ Yoast SEO plugin. -->","yoast_head_json":{"title":"Digiunando davanti al mare. Per un racconto su Danilo Dolci | Arte e Luoghi","description":"Danilo Dolci, Giuseppe Semeraro, Teatro Paisiello, Comune di Lecce, Teatro Pubblico Pugliese, Francesco Niccolini, La scena dei ragazzi","robots":{"index":"index","follow":"follow","max-snippet":"max-snippet:-1","max-image-preview":"max-image-preview:large","max-video-preview":"max-video-preview:-1"},"canonical":"https:\/\/arteeluoghi.it\/index.php\/2018\/03\/13\/digiunando-davanti-al-mare-un-racconto-danilo-dolci\/","og_locale":"it_IT","og_type":"article","og_title":"Digiunando davanti al mare. Per un racconto su Danilo Dolci | Arte e Luoghi","og_description":"Danilo Dolci, Giuseppe Semeraro, Teatro Paisiello, Comune di Lecce, Teatro Pubblico Pugliese, Francesco Niccolini, La scena dei ragazzi","og_url":"https:\/\/arteeluoghi.it\/index.php\/2018\/03\/13\/digiunando-davanti-al-mare-un-racconto-danilo-dolci\/","og_site_name":"Arte e Luoghi","article_publisher":"https:\/\/www.facebook.com\/ArteELuoghi\/","article_published_time":"2018-03-13T00:14:05+00:00","og_image":[{"width":960,"height":365,"url":"https:\/\/arteeluoghi.it\/wp-content\/uploads\/2018\/03\/giuseppe_danilodolci.jpg","type":"image\/jpeg"}],"twitter_card":"summary","twitter_creator":"@arteeluoghi","twitter_site":"@arteeluoghi","twitter_misc":{"Scritto da":"Staff","Tempo di lettura stimato":"2 minuti"},"schema":{"@context":"https:\/\/schema.org","@graph":[{"@type":"Organization","@id":"https:\/\/arteeluoghi.it\/#organization","name":"Arte e Luoghi","url":"https:\/\/arteeluoghi.it\/","sameAs":["https:\/\/www.facebook.com\/ArteELuoghi\/","https:\/\/www.instagram.com\/arteeluoghi\/?hl=it","https:\/\/www.youtube.com\/channel\/UCuRVc4JW4-C5sg9rQB-srkw?view_as=subscriber","https:\/\/twitter.com\/arteeluoghi"],"logo":{"@type":"ImageObject","@id":"https:\/\/arteeluoghi.it\/#logo","inLanguage":"it-IT","url":"https:\/\/arteeluoghi.it\/wp-content\/uploads\/2018\/08\/logoinstagramarte.jpg","contentUrl":"https:\/\/arteeluoghi.it\/wp-content\/uploads\/2018\/08\/logoinstagramarte.jpg","width":150,"height":150,"caption":"Arte e Luoghi"},"image":{"@id":"https:\/\/arteeluoghi.it\/#logo"}},{"@type":"WebSite","@id":"https:\/\/arteeluoghi.it\/#website","url":"https:\/\/arteeluoghi.it\/","name":"Arte e Luoghi","description":"Mensile di arte, cultura, turismo e curiosit\u00e0","publisher":{"@id":"https:\/\/arteeluoghi.it\/#organization"},"potentialAction":[{"@type":"SearchAction","target":{"@type":"EntryPoint","urlTemplate":"https:\/\/arteeluoghi.it\/?s={search_term_string}"},"query-input":"required name=search_term_string"}],"inLanguage":"it-IT"},{"@type":"ImageObject","@id":"https:\/\/arteeluoghi.it\/index.php\/2018\/03\/13\/digiunando-davanti-al-mare-un-racconto-danilo-dolci\/#primaryimage","inLanguage":"it-IT","url":"https:\/\/arteeluoghi.it\/wp-content\/uploads\/2018\/03\/giuseppe_danilodolci.jpg","contentUrl":"https:\/\/arteeluoghi.it\/wp-content\/uploads\/2018\/03\/giuseppe_danilodolci.jpg","width":960,"height":365},{"@type":"WebPage","@id":"https:\/\/arteeluoghi.it\/index.php\/2018\/03\/13\/digiunando-davanti-al-mare-un-racconto-danilo-dolci\/#webpage","url":"https:\/\/arteeluoghi.it\/index.php\/2018\/03\/13\/digiunando-davanti-al-mare-un-racconto-danilo-dolci\/","name":"Digiunando davanti al mare. Per un racconto su Danilo Dolci | Arte e Luoghi","isPartOf":{"@id":"https:\/\/arteeluoghi.it\/#website"},"primaryImageOfPage":{"@id":"https:\/\/arteeluoghi.it\/index.php\/2018\/03\/13\/digiunando-davanti-al-mare-un-racconto-danilo-dolci\/#primaryimage"},"datePublished":"2018-03-13T00:14:05+00:00","dateModified":"2018-03-13T00:14:05+00:00","description":"Danilo Dolci, Giuseppe Semeraro, Teatro Paisiello, Comune di Lecce, Teatro Pubblico Pugliese, Francesco Niccolini, La scena dei ragazzi","breadcrumb":{"@id":"https:\/\/arteeluoghi.it\/index.php\/2018\/03\/13\/digiunando-davanti-al-mare-un-racconto-danilo-dolci\/#breadcrumb"},"inLanguage":"it-IT","potentialAction":[{"@type":"ReadAction","target":["https:\/\/arteeluoghi.it\/index.php\/2018\/03\/13\/digiunando-davanti-al-mare-un-racconto-danilo-dolci\/"]}]},{"@type":"BreadcrumbList","@id":"https:\/\/arteeluoghi.it\/index.php\/2018\/03\/13\/digiunando-davanti-al-mare-un-racconto-danilo-dolci\/#breadcrumb","itemListElement":[{"@type":"ListItem","position":1,"name":"Home","item":"https:\/\/arteeluoghi.it\/"},{"@type":"ListItem","position":2,"name":"Digiunando davanti al mare. Per un racconto su Danilo Dolci"}]},{"@type":"Article","@id":"https:\/\/arteeluoghi.it\/index.php\/2018\/03\/13\/digiunando-davanti-al-mare-un-racconto-danilo-dolci\/#article","isPartOf":{"@id":"https:\/\/arteeluoghi.it\/index.php\/2018\/03\/13\/digiunando-davanti-al-mare-un-racconto-danilo-dolci\/#webpage"},"author":{"@id":"https:\/\/arteeluoghi.it\/#\/schema\/person\/f84e814e36e91e01448ee07eaadd41d4"},"headline":"Digiunando davanti al mare. Per un racconto su Danilo Dolci","datePublished":"2018-03-13T00:14:05+00:00","dateModified":"2018-03-13T00:14:05+00:00","mainEntityOfPage":{"@id":"https:\/\/arteeluoghi.it\/index.php\/2018\/03\/13\/digiunando-davanti-al-mare-un-racconto-danilo-dolci\/#webpage"},"wordCount":367,"commentCount":0,"publisher":{"@id":"https:\/\/arteeluoghi.it\/#organization"},"image":{"@id":"https:\/\/arteeluoghi.it\/index.php\/2018\/03\/13\/digiunando-davanti-al-mare-un-racconto-danilo-dolci\/#primaryimage"},"thumbnailUrl":"https:\/\/arteeluoghi.it\/wp-content\/uploads\/2018\/03\/giuseppe_danilodolci.jpg","articleSection":["teatro"],"inLanguage":"it-IT","potentialAction":[{"@type":"CommentAction","name":"Comment","target":["https:\/\/arteeluoghi.it\/index.php\/2018\/03\/13\/digiunando-davanti-al-mare-un-racconto-danilo-dolci\/#respond"]}]},{"@type":"Person","@id":"https:\/\/arteeluoghi.it\/#\/schema\/person\/f84e814e36e91e01448ee07eaadd41d4","name":"Staff","image":{"@type":"ImageObject","@id":"https:\/\/arteeluoghi.it\/#personlogo","inLanguage":"it-IT","url":"https:\/\/secure.gravatar.com\/avatar\/49d2f9e46271bb04e19cebfaf141313a?s=96&d=blank&r=g","contentUrl":"https:\/\/secure.gravatar.com\/avatar\/49d2f9e46271bb04e19cebfaf141313a?s=96&d=blank&r=g","caption":"Staff"}}]}},"_links":{"self":[{"href":"https:\/\/arteeluoghi.it\/index.php\/wp-json\/wp\/v2\/posts\/5332"}],"collection":[{"href":"https:\/\/arteeluoghi.it\/index.php\/wp-json\/wp\/v2\/posts"}],"about":[{"href":"https:\/\/arteeluoghi.it\/index.php\/wp-json\/wp\/v2\/types\/post"}],"author":[{"embeddable":true,"href":"https:\/\/arteeluoghi.it\/index.php\/wp-json\/wp\/v2\/users\/1"}],"replies":[{"embeddable":true,"href":"https:\/\/arteeluoghi.it\/index.php\/wp-json\/wp\/v2\/comments?post=5332"}],"version-history":[{"count":1,"href":"https:\/\/arteeluoghi.it\/index.php\/wp-json\/wp\/v2\/posts\/5332\/revisions"}],"predecessor-version":[{"id":5335,"href":"https:\/\/arteeluoghi.it\/index.php\/wp-json\/wp\/v2\/posts\/5332\/revisions\/5335"}],"wp:featuredmedia":[{"embeddable":true,"href":"https:\/\/arteeluoghi.it\/index.php\/wp-json\/wp\/v2\/media\/5334"}],"wp:attachment":[{"href":"https:\/\/arteeluoghi.it\/index.php\/wp-json\/wp\/v2\/media?parent=5332"}],"wp:term":[{"taxonomy":"category","embeddable":true,"href":"https:\/\/arteeluoghi.it\/index.php\/wp-json\/wp\/v2\/categories?post=5332"},{"taxonomy":"post_tag","embeddable":true,"href":"https:\/\/arteeluoghi.it\/index.php\/wp-json\/wp\/v2\/tags?post=5332"}],"curies":[{"name":"wp","href":"https:\/\/api.w.org\/{rel}","templated":true}]}}