{"id":5380,"date":"2018-03-21T23:17:10","date_gmt":"2018-03-21T22:17:10","guid":{"rendered":"http:\/\/arteeluoghi.it\/?p=5380"},"modified":"2018-03-24T23:25:00","modified_gmt":"2018-03-24T22:25:00","slug":"comunicazione-in-movimento-un-convegno-da-laica","status":"publish","type":"post","link":"https:\/\/arteeluoghi.it\/index.php\/2018\/03\/21\/comunicazione-in-movimento-un-convegno-da-laica\/","title":{"rendered":"Comunicazione in movimento. Un convegno da Laica"},"content":{"rendered":"<p><strong><img loading=\"lazy\" class=\"size-medium wp-image-5381 alignleft\" src=\"https:\/\/arteeluoghi.it\/wp-content\/uploads\/2018\/03\/Locandina-La-comunicazione-in-movimento-212x300.jpg\" alt=\"\" width=\"212\" height=\"300\" srcset=\"https:\/\/arteeluoghi.it\/wp-content\/uploads\/2018\/03\/Locandina-La-comunicazione-in-movimento-212x300.jpg 212w, https:\/\/arteeluoghi.it\/wp-content\/uploads\/2018\/03\/Locandina-La-comunicazione-in-movimento-768x1086.jpg 768w, https:\/\/arteeluoghi.it\/wp-content\/uploads\/2018\/03\/Locandina-La-comunicazione-in-movimento-724x1024.jpg 724w\" sizes=\"(max-width: 212px) 100vw, 212px\" \/>La comunicazione in movimento: sabato 24 marzo il convegno da Laica<\/strong><\/p>\n<p>Sabato 24 marzo, alle ore 17.00, l\u2019associazione Laica, con sede in via Cesare Abba 46 a Lecce, ospita il convegno dal titolo \u201cLa comunicazione in movimento\u201d.<\/p>\n<p>L\u2019incontro d\u2019interesse culturale e giornalistico nasce allo scopo di far emergere tutte le potenzialit\u00e0 della comunicazione.<\/p>\n<p>Aperto dal Presidente dell\u2019associazione, Roberto Fatano, il convegno sar\u00e0 introdotto e moderato da Irene Tommasi, giornalista e responsabile filiera Radio Web Laica.<\/p>\n<p><!--more--><\/p>\n<p>Seguir\u00e0 l\u2019intervento di Toni Candeloro, noto coreografo ed \u00e9toile, che si soffermer\u00e0 sulla capacit\u00e0 di espressione della danza e del suo alto potere comunicativo espresso mediante il linguaggio del corpo.<\/p>\n<p>Concluder\u00e0 la serata l\u2019intervento del giornalista professionista Vincenzo Sparviero, il quale evidenzier\u00e0 le responsabilit\u00e0 del giornalista nel raccontare l\u2019arte e nello sviluppare la notizia in maniera corretta affinch\u00e9 il processo comunicativo possa essere rapido ed efficace.<\/p>\n","protected":false},"excerpt":{"rendered":"<p>La comunicazione in movimento: sabato 24 marzo il convegno da Laica Sabato 24 marzo, alle ore 17.00, l\u2019associazione Laica, con<\/p>\n","protected":false},"author":1,"featured_media":5382,"comment_status":"open","ping_status":"open","sticky":true,"template":"","format":"standard","meta":[],"categories":[52],"tags":[955,547,911,956,957],"yoast_head":"<!-- This site is optimized with the Yoast SEO plugin v18.0 - https:\/\/yoast.com\/wordpress\/plugins\/seo\/ -->\n<title>Comunicazione in movimento. Un convegno da Laica | Arte e Luoghi<\/title>\n<meta name=\"robots\" content=\"index, follow, max-snippet:-1, max-image-preview:large, max-video-preview:-1\" \/>\n<link rel=\"canonical\" href=\"https:\/\/arteeluoghi.it\/index.php\/2018\/03\/21\/comunicazione-in-movimento-un-convegno-da-laica\/\" \/>\n<meta property=\"og:locale\" content=\"it_IT\" \/>\n<meta property=\"og:type\" content=\"article\" \/>\n<meta property=\"og:title\" content=\"Comunicazione in movimento. Un convegno da Laica | Arte e Luoghi\" \/>\n<meta property=\"og:description\" content=\"La comunicazione in movimento: sabato 24 marzo il convegno da Laica Sabato 24 marzo, alle ore 17.00, l\u2019associazione Laica, con\" \/>\n<meta property=\"og:url\" content=\"https:\/\/arteeluoghi.it\/index.php\/2018\/03\/21\/comunicazione-in-movimento-un-convegno-da-laica\/\" \/>\n<meta property=\"og:site_name\" content=\"Arte e Luoghi\" \/>\n<meta property=\"article:publisher\" content=\"https:\/\/www.facebook.com\/ArteELuoghi\/\" \/>\n<meta property=\"article:published_time\" content=\"2018-03-21T22:17:10+00:00\" \/>\n<meta property=\"article:modified_time\" content=\"2018-03-24T22:25:00+00:00\" \/>\n<meta property=\"og:image\" content=\"https:\/\/arteeluoghi.it\/wp-content\/uploads\/2018\/03\/21766462_1986762464941853_3136967087529303946_n.jpg\" \/>\n\t<meta property=\"og:image:width\" content=\"960\" \/>\n\t<meta property=\"og:image:height\" content=\"790\" \/>\n\t<meta property=\"og:image:type\" content=\"image\/jpeg\" \/>\n<meta name=\"twitter:card\" content=\"summary\" \/>\n<meta name=\"twitter:creator\" content=\"@arteeluoghi\" \/>\n<meta name=\"twitter:site\" content=\"@arteeluoghi\" \/>\n<meta name=\"twitter:label1\" content=\"Scritto da\" \/>\n\t<meta name=\"twitter:data1\" content=\"Staff\" \/>\n\t<meta name=\"twitter:label2\" content=\"Tempo di lettura stimato\" \/>\n\t<meta name=\"twitter:data2\" content=\"1 minuto\" \/>\n<script type=\"application\/ld+json\" class=\"yoast-schema-graph\">{\"@context\":\"https:\/\/schema.org\",\"@graph\":[{\"@type\":\"Organization\",\"@id\":\"https:\/\/arteeluoghi.it\/#organization\",\"name\":\"Arte e Luoghi\",\"url\":\"https:\/\/arteeluoghi.it\/\",\"sameAs\":[\"https:\/\/www.facebook.com\/ArteELuoghi\/\",\"https:\/\/www.instagram.com\/arteeluoghi\/?hl=it\",\"https:\/\/www.youtube.com\/channel\/UCuRVc4JW4-C5sg9rQB-srkw?view_as=subscriber\",\"https:\/\/twitter.com\/arteeluoghi\"],\"logo\":{\"@type\":\"ImageObject\",\"@id\":\"https:\/\/arteeluoghi.it\/#logo\",\"inLanguage\":\"it-IT\",\"url\":\"https:\/\/arteeluoghi.it\/wp-content\/uploads\/2018\/08\/logoinstagramarte.jpg\",\"contentUrl\":\"https:\/\/arteeluoghi.it\/wp-content\/uploads\/2018\/08\/logoinstagramarte.jpg\",\"width\":150,\"height\":150,\"caption\":\"Arte e Luoghi\"},\"image\":{\"@id\":\"https:\/\/arteeluoghi.it\/#logo\"}},{\"@type\":\"WebSite\",\"@id\":\"https:\/\/arteeluoghi.it\/#website\",\"url\":\"https:\/\/arteeluoghi.it\/\",\"name\":\"Arte e Luoghi\",\"description\":\"Mensile di arte, cultura, turismo e curiosit\u00e0\",\"publisher\":{\"@id\":\"https:\/\/arteeluoghi.it\/#organization\"},\"potentialAction\":[{\"@type\":\"SearchAction\",\"target\":{\"@type\":\"EntryPoint\",\"urlTemplate\":\"https:\/\/arteeluoghi.it\/?s={search_term_string}\"},\"query-input\":\"required name=search_term_string\"}],\"inLanguage\":\"it-IT\"},{\"@type\":\"ImageObject\",\"@id\":\"https:\/\/arteeluoghi.it\/index.php\/2018\/03\/21\/comunicazione-in-movimento-un-convegno-da-laica\/#primaryimage\",\"inLanguage\":\"it-IT\",\"url\":\"https:\/\/arteeluoghi.it\/wp-content\/uploads\/2018\/03\/21766462_1986762464941853_3136967087529303946_n.jpg\",\"contentUrl\":\"https:\/\/arteeluoghi.it\/wp-content\/uploads\/2018\/03\/21766462_1986762464941853_3136967087529303946_n.jpg\",\"width\":960,\"height\":790},{\"@type\":\"WebPage\",\"@id\":\"https:\/\/arteeluoghi.it\/index.php\/2018\/03\/21\/comunicazione-in-movimento-un-convegno-da-laica\/#webpage\",\"url\":\"https:\/\/arteeluoghi.it\/index.php\/2018\/03\/21\/comunicazione-in-movimento-un-convegno-da-laica\/\",\"name\":\"Comunicazione in movimento. Un convegno da Laica | Arte e Luoghi\",\"isPartOf\":{\"@id\":\"https:\/\/arteeluoghi.it\/#website\"},\"primaryImageOfPage\":{\"@id\":\"https:\/\/arteeluoghi.it\/index.php\/2018\/03\/21\/comunicazione-in-movimento-un-convegno-da-laica\/#primaryimage\"},\"datePublished\":\"2018-03-21T22:17:10+00:00\",\"dateModified\":\"2018-03-24T22:25:00+00:00\",\"breadcrumb\":{\"@id\":\"https:\/\/arteeluoghi.it\/index.php\/2018\/03\/21\/comunicazione-in-movimento-un-convegno-da-laica\/#breadcrumb\"},\"inLanguage\":\"it-IT\",\"potentialAction\":[{\"@type\":\"ReadAction\",\"target\":[\"https:\/\/arteeluoghi.it\/index.php\/2018\/03\/21\/comunicazione-in-movimento-un-convegno-da-laica\/\"]}]},{\"@type\":\"BreadcrumbList\",\"@id\":\"https:\/\/arteeluoghi.it\/index.php\/2018\/03\/21\/comunicazione-in-movimento-un-convegno-da-laica\/#breadcrumb\",\"itemListElement\":[{\"@type\":\"ListItem\",\"position\":1,\"name\":\"Home\",\"item\":\"https:\/\/arteeluoghi.it\/\"},{\"@type\":\"ListItem\",\"position\":2,\"name\":\"Comunicazione in movimento. Un convegno da Laica\"}]},{\"@type\":\"Article\",\"@id\":\"https:\/\/arteeluoghi.it\/index.php\/2018\/03\/21\/comunicazione-in-movimento-un-convegno-da-laica\/#article\",\"isPartOf\":{\"@id\":\"https:\/\/arteeluoghi.it\/index.php\/2018\/03\/21\/comunicazione-in-movimento-un-convegno-da-laica\/#webpage\"},\"author\":{\"@id\":\"https:\/\/arteeluoghi.it\/#\/schema\/person\/f84e814e36e91e01448ee07eaadd41d4\"},\"headline\":\"Comunicazione in movimento. Un convegno da Laica\",\"datePublished\":\"2018-03-21T22:17:10+00:00\",\"dateModified\":\"2018-03-24T22:25:00+00:00\",\"mainEntityOfPage\":{\"@id\":\"https:\/\/arteeluoghi.it\/index.php\/2018\/03\/21\/comunicazione-in-movimento-un-convegno-da-laica\/#webpage\"},\"wordCount\":151,\"commentCount\":0,\"publisher\":{\"@id\":\"https:\/\/arteeluoghi.it\/#organization\"},\"image\":{\"@id\":\"https:\/\/arteeluoghi.it\/index.php\/2018\/03\/21\/comunicazione-in-movimento-un-convegno-da-laica\/#primaryimage\"},\"thumbnailUrl\":\"https:\/\/arteeluoghi.it\/wp-content\/uploads\/2018\/03\/21766462_1986762464941853_3136967087529303946_n.jpg\",\"keywords\":[\"Comunicazione\",\"danza\",\"Laica\",\"Toni Candeloro\",\"Vincenzo Sparviero\"],\"articleSection\":[\"I luoghi della parola\"],\"inLanguage\":\"it-IT\",\"potentialAction\":[{\"@type\":\"CommentAction\",\"name\":\"Comment\",\"target\":[\"https:\/\/arteeluoghi.it\/index.php\/2018\/03\/21\/comunicazione-in-movimento-un-convegno-da-laica\/#respond\"]}]},{\"@type\":\"Person\",\"@id\":\"https:\/\/arteeluoghi.it\/#\/schema\/person\/f84e814e36e91e01448ee07eaadd41d4\",\"name\":\"Staff\",\"image\":{\"@type\":\"ImageObject\",\"@id\":\"https:\/\/arteeluoghi.it\/#personlogo\",\"inLanguage\":\"it-IT\",\"url\":\"https:\/\/secure.gravatar.com\/avatar\/49d2f9e46271bb04e19cebfaf141313a?s=96&d=blank&r=g\",\"contentUrl\":\"https:\/\/secure.gravatar.com\/avatar\/49d2f9e46271bb04e19cebfaf141313a?s=96&d=blank&r=g\",\"caption\":\"Staff\"}}]}<\/script>\n<!-- \/ Yoast SEO plugin. -->","yoast_head_json":{"title":"Comunicazione in movimento. Un convegno da Laica | Arte e Luoghi","robots":{"index":"index","follow":"follow","max-snippet":"max-snippet:-1","max-image-preview":"max-image-preview:large","max-video-preview":"max-video-preview:-1"},"canonical":"https:\/\/arteeluoghi.it\/index.php\/2018\/03\/21\/comunicazione-in-movimento-un-convegno-da-laica\/","og_locale":"it_IT","og_type":"article","og_title":"Comunicazione in movimento. Un convegno da Laica | Arte e Luoghi","og_description":"La comunicazione in movimento: sabato 24 marzo il convegno da Laica Sabato 24 marzo, alle ore 17.00, l\u2019associazione Laica, con","og_url":"https:\/\/arteeluoghi.it\/index.php\/2018\/03\/21\/comunicazione-in-movimento-un-convegno-da-laica\/","og_site_name":"Arte e Luoghi","article_publisher":"https:\/\/www.facebook.com\/ArteELuoghi\/","article_published_time":"2018-03-21T22:17:10+00:00","article_modified_time":"2018-03-24T22:25:00+00:00","og_image":[{"width":960,"height":790,"url":"https:\/\/arteeluoghi.it\/wp-content\/uploads\/2018\/03\/21766462_1986762464941853_3136967087529303946_n.jpg","type":"image\/jpeg"}],"twitter_card":"summary","twitter_creator":"@arteeluoghi","twitter_site":"@arteeluoghi","twitter_misc":{"Scritto da":"Staff","Tempo di lettura stimato":"1 minuto"},"schema":{"@context":"https:\/\/schema.org","@graph":[{"@type":"Organization","@id":"https:\/\/arteeluoghi.it\/#organization","name":"Arte e Luoghi","url":"https:\/\/arteeluoghi.it\/","sameAs":["https:\/\/www.facebook.com\/ArteELuoghi\/","https:\/\/www.instagram.com\/arteeluoghi\/?hl=it","https:\/\/www.youtube.com\/channel\/UCuRVc4JW4-C5sg9rQB-srkw?view_as=subscriber","https:\/\/twitter.com\/arteeluoghi"],"logo":{"@type":"ImageObject","@id":"https:\/\/arteeluoghi.it\/#logo","inLanguage":"it-IT","url":"https:\/\/arteeluoghi.it\/wp-content\/uploads\/2018\/08\/logoinstagramarte.jpg","contentUrl":"https:\/\/arteeluoghi.it\/wp-content\/uploads\/2018\/08\/logoinstagramarte.jpg","width":150,"height":150,"caption":"Arte e Luoghi"},"image":{"@id":"https:\/\/arteeluoghi.it\/#logo"}},{"@type":"WebSite","@id":"https:\/\/arteeluoghi.it\/#website","url":"https:\/\/arteeluoghi.it\/","name":"Arte e Luoghi","description":"Mensile di arte, cultura, turismo e curiosit\u00e0","publisher":{"@id":"https:\/\/arteeluoghi.it\/#organization"},"potentialAction":[{"@type":"SearchAction","target":{"@type":"EntryPoint","urlTemplate":"https:\/\/arteeluoghi.it\/?s={search_term_string}"},"query-input":"required name=search_term_string"}],"inLanguage":"it-IT"},{"@type":"ImageObject","@id":"https:\/\/arteeluoghi.it\/index.php\/2018\/03\/21\/comunicazione-in-movimento-un-convegno-da-laica\/#primaryimage","inLanguage":"it-IT","url":"https:\/\/arteeluoghi.it\/wp-content\/uploads\/2018\/03\/21766462_1986762464941853_3136967087529303946_n.jpg","contentUrl":"https:\/\/arteeluoghi.it\/wp-content\/uploads\/2018\/03\/21766462_1986762464941853_3136967087529303946_n.jpg","width":960,"height":790},{"@type":"WebPage","@id":"https:\/\/arteeluoghi.it\/index.php\/2018\/03\/21\/comunicazione-in-movimento-un-convegno-da-laica\/#webpage","url":"https:\/\/arteeluoghi.it\/index.php\/2018\/03\/21\/comunicazione-in-movimento-un-convegno-da-laica\/","name":"Comunicazione in movimento. Un convegno da Laica | Arte e Luoghi","isPartOf":{"@id":"https:\/\/arteeluoghi.it\/#website"},"primaryImageOfPage":{"@id":"https:\/\/arteeluoghi.it\/index.php\/2018\/03\/21\/comunicazione-in-movimento-un-convegno-da-laica\/#primaryimage"},"datePublished":"2018-03-21T22:17:10+00:00","dateModified":"2018-03-24T22:25:00+00:00","breadcrumb":{"@id":"https:\/\/arteeluoghi.it\/index.php\/2018\/03\/21\/comunicazione-in-movimento-un-convegno-da-laica\/#breadcrumb"},"inLanguage":"it-IT","potentialAction":[{"@type":"ReadAction","target":["https:\/\/arteeluoghi.it\/index.php\/2018\/03\/21\/comunicazione-in-movimento-un-convegno-da-laica\/"]}]},{"@type":"BreadcrumbList","@id":"https:\/\/arteeluoghi.it\/index.php\/2018\/03\/21\/comunicazione-in-movimento-un-convegno-da-laica\/#breadcrumb","itemListElement":[{"@type":"ListItem","position":1,"name":"Home","item":"https:\/\/arteeluoghi.it\/"},{"@type":"ListItem","position":2,"name":"Comunicazione in movimento. Un convegno da Laica"}]},{"@type":"Article","@id":"https:\/\/arteeluoghi.it\/index.php\/2018\/03\/21\/comunicazione-in-movimento-un-convegno-da-laica\/#article","isPartOf":{"@id":"https:\/\/arteeluoghi.it\/index.php\/2018\/03\/21\/comunicazione-in-movimento-un-convegno-da-laica\/#webpage"},"author":{"@id":"https:\/\/arteeluoghi.it\/#\/schema\/person\/f84e814e36e91e01448ee07eaadd41d4"},"headline":"Comunicazione in movimento. Un convegno da Laica","datePublished":"2018-03-21T22:17:10+00:00","dateModified":"2018-03-24T22:25:00+00:00","mainEntityOfPage":{"@id":"https:\/\/arteeluoghi.it\/index.php\/2018\/03\/21\/comunicazione-in-movimento-un-convegno-da-laica\/#webpage"},"wordCount":151,"commentCount":0,"publisher":{"@id":"https:\/\/arteeluoghi.it\/#organization"},"image":{"@id":"https:\/\/arteeluoghi.it\/index.php\/2018\/03\/21\/comunicazione-in-movimento-un-convegno-da-laica\/#primaryimage"},"thumbnailUrl":"https:\/\/arteeluoghi.it\/wp-content\/uploads\/2018\/03\/21766462_1986762464941853_3136967087529303946_n.jpg","keywords":["Comunicazione","danza","Laica","Toni Candeloro","Vincenzo Sparviero"],"articleSection":["I luoghi della parola"],"inLanguage":"it-IT","potentialAction":[{"@type":"CommentAction","name":"Comment","target":["https:\/\/arteeluoghi.it\/index.php\/2018\/03\/21\/comunicazione-in-movimento-un-convegno-da-laica\/#respond"]}]},{"@type":"Person","@id":"https:\/\/arteeluoghi.it\/#\/schema\/person\/f84e814e36e91e01448ee07eaadd41d4","name":"Staff","image":{"@type":"ImageObject","@id":"https:\/\/arteeluoghi.it\/#personlogo","inLanguage":"it-IT","url":"https:\/\/secure.gravatar.com\/avatar\/49d2f9e46271bb04e19cebfaf141313a?s=96&d=blank&r=g","contentUrl":"https:\/\/secure.gravatar.com\/avatar\/49d2f9e46271bb04e19cebfaf141313a?s=96&d=blank&r=g","caption":"Staff"}}]}},"_links":{"self":[{"href":"https:\/\/arteeluoghi.it\/index.php\/wp-json\/wp\/v2\/posts\/5380"}],"collection":[{"href":"https:\/\/arteeluoghi.it\/index.php\/wp-json\/wp\/v2\/posts"}],"about":[{"href":"https:\/\/arteeluoghi.it\/index.php\/wp-json\/wp\/v2\/types\/post"}],"author":[{"embeddable":true,"href":"https:\/\/arteeluoghi.it\/index.php\/wp-json\/wp\/v2\/users\/1"}],"replies":[{"embeddable":true,"href":"https:\/\/arteeluoghi.it\/index.php\/wp-json\/wp\/v2\/comments?post=5380"}],"version-history":[{"count":1,"href":"https:\/\/arteeluoghi.it\/index.php\/wp-json\/wp\/v2\/posts\/5380\/revisions"}],"predecessor-version":[{"id":5383,"href":"https:\/\/arteeluoghi.it\/index.php\/wp-json\/wp\/v2\/posts\/5380\/revisions\/5383"}],"wp:featuredmedia":[{"embeddable":true,"href":"https:\/\/arteeluoghi.it\/index.php\/wp-json\/wp\/v2\/media\/5382"}],"wp:attachment":[{"href":"https:\/\/arteeluoghi.it\/index.php\/wp-json\/wp\/v2\/media?parent=5380"}],"wp:term":[{"taxonomy":"category","embeddable":true,"href":"https:\/\/arteeluoghi.it\/index.php\/wp-json\/wp\/v2\/categories?post=5380"},{"taxonomy":"post_tag","embeddable":true,"href":"https:\/\/arteeluoghi.it\/index.php\/wp-json\/wp\/v2\/tags?post=5380"}],"curies":[{"name":"wp","href":"https:\/\/api.w.org\/{rel}","templated":true}]}}