{"id":544,"date":"2012-02-21T23:40:45","date_gmt":"2012-02-21T22:40:45","guid":{"rendered":"http:\/\/arteeluoghi.it\/index.php\/2012\/02\/21\/traditeci-pure-ma-non-lasciateci-soli\/"},"modified":"2012-02-21T23:40:45","modified_gmt":"2012-02-21T22:40:45","slug":"traditeci-pure-ma-non-lasciateci-soli","status":"publish","type":"post","link":"https:\/\/arteeluoghi.it\/index.php\/2012\/02\/21\/traditeci-pure-ma-non-lasciateci-soli\/","title":{"rendered":"Traditeci pure\u2026 ma non lasciateci soli"},"content":{"rendered":"<p><img src=\"\/images\/stories\/cifali.jpg\" border=\"0\" width=\"300\" style=\"float: left; margin: 21px;\" \/>Dal 26 febbraio al 15 aprile negli spazi della Galleria Marconi<\/p>\n<p>\u00a0<\/p>\n<p><span style=\"font-size: small;\"><strong>Absence of water di Gigi Cifali<\/strong><\/span><\/p>\n<p><span style=\"font-size: small;\"><span style=\"font-size: x-small;\">Traditeci pure\u2026 ma non lasciateci soli,\u00a0 un singolare progetto espositivo<\/span><br \/><\/span><\/p>\n<p>\u00a0<\/p>\n<p>La personale di Gigi Cifali \u00e8 il secondo appuntamento di Traditeci pure\u2026 ma non lasciateci soli, la rassegna di mostre che la Galleria Marconi organizza per la stagione 2011\/2012.<br \/>Grazie alla collaborazione con lo studio Design? la Galleria Marconi sbarca a San Benedetto del Tronto allestendo un nuovo spazio dedicato all&#8217;arte Contemporanea che si affianca a quello storico a Cupra Marittima. \u201cTraditeci pure\u2026 ma non lasciateci soli!\u201d \u00e8 il nome del progetto nato dal fortunato incontro.<br \/>L\u2019idea \u00e8 quella di diffondere sul territorio regionale la passione per l\u2019arte e il design, due mondi che spesso si toccano e giocano a dialogare tra loro.<\/p>\n<p>La Galleria Marconi continua cos\u00ec la sua operazione di promozione artistica all\u2019esterno del proprio ambiente, sperimentando altri luoghi rispetto a quelli canonici. Design? Studio Associato si propone di superare i limiti di uno studio di architettura per diventare promotore di cultura e offrire nuove prospettive a chi frequenta i suoi spazi.<br \/>Accomunati dallo stesso spirito critico di ricerca, applicato alle arti visive, all\u2019architettura e alla progettazione, la collaborazione vuole dare il via ad un nuovo percorso di studio e sperimentazione attraverso l\u2019analisi e la rielaborazione della realt\u00e0 che ci circonda.  <!--more-->  <\/p>\n<p>\u201cAbsence of Water &#8211; scrive Dario Ciferri &#8211; \u00e8 un progetto attraverso cui Gigi Cifali sta documentando lo stato di decadenza di alcuni bagni, piscine e lidi pubblici nel Regno Unito. Fino agli anni \u201930 del XX secolo essi erano dei luoghi in auge, fondamentali per la vita della comunit\u00e0. Con il cambio delle abitudini sono stati via via abbandonati, spesso anche demoliti, perch\u00e9 ormai stavano diventando antieconomici. Il progetto ci offre l\u2019opportunit\u00e0 di riflettere sull\u2019acqua: sulla sua funzione e l\u2019importanza che ricopre per lo sviluppo e la crescita dell\u2019uomo e della\u00a0 societ\u00e0. L\u2019acqua determina la ricchezza, \u00e8 indispensabile per vivere e la sua mancanza porta inesorabilmente alla rovina, esattamente come \u00e8 accaduto a queste piscine. Queste architetture ci mostrano attraverso il loro fascino l\u2019azione irreversibile del tempo, la rovina, il senso di vuoto che le circonda e le riempie. Eppure esse sono testimonianza e memoria di un\u2019epoca, non troppo lontana, in cui furono luoghi pieni di voci e risa e il centro pulsante della vita della comunit\u00e0\u201d. <\/p>\n<p>Traditeci pure ci sono tante cose da vedere, l\u2019arte \u00e8 un fiume che accoglie, raccoglie sedimenta e spande. Guardate le mostre, cercate l\u2019arte, visitate gallerie, musei, luoghi contaminati, senza preconcetti ma anche senza superficialit\u00e0. L\u2019importante \u00e8 non farsi ingannare, lealt\u00e0 e infedelt\u00e0 camminano spesso insieme. Andate \u2026ma non lasciateci soli.<\/p>\n<p>(foto: MOSELEY BATHS BIRMINGHAM<br \/>dimensions 68 ft x 36 ft<br \/>max depth 5 ft 7 inches<br \/>max attendances per day 120 people<br \/>opened 1907 &#8211; closed 2004 )<\/p>\n<p>orario: luned\u00ec-venerd\u00ec dalle 9 alle 13 e dalle 14 alle 18<\/p>\n<p>orario: sabato e domenica su appuntamento<\/p>\n<p>info<br \/>Galleria Marconi di Franco Marconi<br \/>C.so Vittorio Emanuele, 70<br \/>63064 Cupra Marittima (AP)<br \/>tel 0735778703<br \/>e-mail galleriamarconi@vodafone.it<br \/>web http:\/\/www.siscom.it\/marconi<br \/>blog http:\/\/galleriamarconicupra.blogspot.com\/<br \/>Facebook http:\/\/www.facebook.com\/galleriamarconi<\/p>\n<p>(fonte: comunicato stampa)<\/p>\n","protected":false},"excerpt":{"rendered":"<p>Dal 26 febbraio al 15 aprile negli spazi della Galleria Marconi \u00a0 Absence of water di Gigi Cifali Traditeci pure\u2026<\/p>\n","protected":false},"author":1,"featured_media":0,"comment_status":"open","ping_status":"open","sticky":false,"template":"","format":"standard","meta":[],"categories":[3],"tags":[],"yoast_head":"<!-- This site is optimized with the Yoast SEO plugin v18.0 - https:\/\/yoast.com\/wordpress\/plugins\/seo\/ -->\n<title>Traditeci pure\u2026 ma non lasciateci soli | Arte e Luoghi<\/title>\n<meta name=\"robots\" content=\"index, follow, max-snippet:-1, max-image-preview:large, max-video-preview:-1\" \/>\n<link rel=\"canonical\" href=\"https:\/\/arteeluoghi.it\/index.php\/2012\/02\/21\/traditeci-pure-ma-non-lasciateci-soli\/\" \/>\n<meta property=\"og:locale\" content=\"it_IT\" \/>\n<meta property=\"og:type\" content=\"article\" \/>\n<meta property=\"og:title\" content=\"Traditeci pure\u2026 ma non lasciateci soli | Arte e Luoghi\" \/>\n<meta property=\"og:description\" content=\"Dal 26 febbraio al 15 aprile negli spazi della Galleria Marconi \u00a0 Absence of water di Gigi Cifali Traditeci pure\u2026\" \/>\n<meta property=\"og:url\" content=\"https:\/\/arteeluoghi.it\/index.php\/2012\/02\/21\/traditeci-pure-ma-non-lasciateci-soli\/\" \/>\n<meta property=\"og:site_name\" content=\"Arte e Luoghi\" \/>\n<meta property=\"article:publisher\" content=\"https:\/\/www.facebook.com\/ArteELuoghi\/\" \/>\n<meta property=\"article:published_time\" content=\"2012-02-21T22:40:45+00:00\" \/>\n<meta property=\"og:image\" content=\"https:\/\/arteeluoghi.it\/images\/stories\/cifali.jpg\" \/>\n<meta name=\"twitter:card\" content=\"summary\" \/>\n<meta name=\"twitter:creator\" content=\"@arteeluoghi\" \/>\n<meta name=\"twitter:site\" content=\"@arteeluoghi\" \/>\n<meta name=\"twitter:label1\" content=\"Scritto da\" \/>\n\t<meta name=\"twitter:data1\" content=\"Staff\" \/>\n\t<meta name=\"twitter:label2\" content=\"Tempo di lettura stimato\" \/>\n\t<meta name=\"twitter:data2\" content=\"3 minuti\" \/>\n<script type=\"application\/ld+json\" class=\"yoast-schema-graph\">{\"@context\":\"https:\/\/schema.org\",\"@graph\":[{\"@type\":\"Organization\",\"@id\":\"https:\/\/arteeluoghi.it\/#organization\",\"name\":\"Arte e Luoghi\",\"url\":\"https:\/\/arteeluoghi.it\/\",\"sameAs\":[\"https:\/\/www.facebook.com\/ArteELuoghi\/\",\"https:\/\/www.instagram.com\/arteeluoghi\/?hl=it\",\"https:\/\/www.youtube.com\/channel\/UCuRVc4JW4-C5sg9rQB-srkw?view_as=subscriber\",\"https:\/\/twitter.com\/arteeluoghi\"],\"logo\":{\"@type\":\"ImageObject\",\"@id\":\"https:\/\/arteeluoghi.it\/#logo\",\"inLanguage\":\"it-IT\",\"url\":\"https:\/\/arteeluoghi.it\/wp-content\/uploads\/2018\/08\/logoinstagramarte.jpg\",\"contentUrl\":\"https:\/\/arteeluoghi.it\/wp-content\/uploads\/2018\/08\/logoinstagramarte.jpg\",\"width\":150,\"height\":150,\"caption\":\"Arte e Luoghi\"},\"image\":{\"@id\":\"https:\/\/arteeluoghi.it\/#logo\"}},{\"@type\":\"WebSite\",\"@id\":\"https:\/\/arteeluoghi.it\/#website\",\"url\":\"https:\/\/arteeluoghi.it\/\",\"name\":\"Arte e Luoghi\",\"description\":\"Mensile di arte, cultura, turismo e curiosit\u00e0\",\"publisher\":{\"@id\":\"https:\/\/arteeluoghi.it\/#organization\"},\"potentialAction\":[{\"@type\":\"SearchAction\",\"target\":{\"@type\":\"EntryPoint\",\"urlTemplate\":\"https:\/\/arteeluoghi.it\/?s={search_term_string}\"},\"query-input\":\"required name=search_term_string\"}],\"inLanguage\":\"it-IT\"},{\"@type\":\"ImageObject\",\"@id\":\"https:\/\/arteeluoghi.it\/index.php\/2012\/02\/21\/traditeci-pure-ma-non-lasciateci-soli\/#primaryimage\",\"inLanguage\":\"it-IT\",\"url\":\"\/images\/stories\/cifali.jpg\",\"contentUrl\":\"\/images\/stories\/cifali.jpg\"},{\"@type\":\"WebPage\",\"@id\":\"https:\/\/arteeluoghi.it\/index.php\/2012\/02\/21\/traditeci-pure-ma-non-lasciateci-soli\/#webpage\",\"url\":\"https:\/\/arteeluoghi.it\/index.php\/2012\/02\/21\/traditeci-pure-ma-non-lasciateci-soli\/\",\"name\":\"Traditeci pure\u2026 ma non lasciateci soli | Arte e Luoghi\",\"isPartOf\":{\"@id\":\"https:\/\/arteeluoghi.it\/#website\"},\"primaryImageOfPage\":{\"@id\":\"https:\/\/arteeluoghi.it\/index.php\/2012\/02\/21\/traditeci-pure-ma-non-lasciateci-soli\/#primaryimage\"},\"datePublished\":\"2012-02-21T22:40:45+00:00\",\"dateModified\":\"2012-02-21T22:40:45+00:00\",\"breadcrumb\":{\"@id\":\"https:\/\/arteeluoghi.it\/index.php\/2012\/02\/21\/traditeci-pure-ma-non-lasciateci-soli\/#breadcrumb\"},\"inLanguage\":\"it-IT\",\"potentialAction\":[{\"@type\":\"ReadAction\",\"target\":[\"https:\/\/arteeluoghi.it\/index.php\/2012\/02\/21\/traditeci-pure-ma-non-lasciateci-soli\/\"]}]},{\"@type\":\"BreadcrumbList\",\"@id\":\"https:\/\/arteeluoghi.it\/index.php\/2012\/02\/21\/traditeci-pure-ma-non-lasciateci-soli\/#breadcrumb\",\"itemListElement\":[{\"@type\":\"ListItem\",\"position\":1,\"name\":\"Home\",\"item\":\"https:\/\/arteeluoghi.it\/\"},{\"@type\":\"ListItem\",\"position\":2,\"name\":\"Traditeci pure\u2026 ma non lasciateci soli\"}]},{\"@type\":\"Article\",\"@id\":\"https:\/\/arteeluoghi.it\/index.php\/2012\/02\/21\/traditeci-pure-ma-non-lasciateci-soli\/#article\",\"isPartOf\":{\"@id\":\"https:\/\/arteeluoghi.it\/index.php\/2012\/02\/21\/traditeci-pure-ma-non-lasciateci-soli\/#webpage\"},\"author\":{\"@id\":\"https:\/\/arteeluoghi.it\/#\/schema\/person\/f84e814e36e91e01448ee07eaadd41d4\"},\"headline\":\"Traditeci pure\u2026 ma non lasciateci soli\",\"datePublished\":\"2012-02-21T22:40:45+00:00\",\"dateModified\":\"2012-02-21T22:40:45+00:00\",\"mainEntityOfPage\":{\"@id\":\"https:\/\/arteeluoghi.it\/index.php\/2012\/02\/21\/traditeci-pure-ma-non-lasciateci-soli\/#webpage\"},\"wordCount\":511,\"commentCount\":0,\"publisher\":{\"@id\":\"https:\/\/arteeluoghi.it\/#organization\"},\"image\":{\"@id\":\"https:\/\/arteeluoghi.it\/index.php\/2012\/02\/21\/traditeci-pure-ma-non-lasciateci-soli\/#primaryimage\"},\"thumbnailUrl\":\"\/images\/stories\/cifali.jpg\",\"articleSection\":[\"Arti visive\"],\"inLanguage\":\"it-IT\",\"potentialAction\":[{\"@type\":\"CommentAction\",\"name\":\"Comment\",\"target\":[\"https:\/\/arteeluoghi.it\/index.php\/2012\/02\/21\/traditeci-pure-ma-non-lasciateci-soli\/#respond\"]}]},{\"@type\":\"Person\",\"@id\":\"https:\/\/arteeluoghi.it\/#\/schema\/person\/f84e814e36e91e01448ee07eaadd41d4\",\"name\":\"Staff\",\"image\":{\"@type\":\"ImageObject\",\"@id\":\"https:\/\/arteeluoghi.it\/#personlogo\",\"inLanguage\":\"it-IT\",\"url\":\"https:\/\/secure.gravatar.com\/avatar\/49d2f9e46271bb04e19cebfaf141313a?s=96&d=blank&r=g\",\"contentUrl\":\"https:\/\/secure.gravatar.com\/avatar\/49d2f9e46271bb04e19cebfaf141313a?s=96&d=blank&r=g\",\"caption\":\"Staff\"}}]}<\/script>\n<!-- \/ Yoast SEO plugin. -->","yoast_head_json":{"title":"Traditeci pure\u2026 ma non lasciateci soli | Arte e Luoghi","robots":{"index":"index","follow":"follow","max-snippet":"max-snippet:-1","max-image-preview":"max-image-preview:large","max-video-preview":"max-video-preview:-1"},"canonical":"https:\/\/arteeluoghi.it\/index.php\/2012\/02\/21\/traditeci-pure-ma-non-lasciateci-soli\/","og_locale":"it_IT","og_type":"article","og_title":"Traditeci pure\u2026 ma non lasciateci soli | Arte e Luoghi","og_description":"Dal 26 febbraio al 15 aprile negli spazi della Galleria Marconi \u00a0 Absence of water di Gigi Cifali Traditeci pure\u2026","og_url":"https:\/\/arteeluoghi.it\/index.php\/2012\/02\/21\/traditeci-pure-ma-non-lasciateci-soli\/","og_site_name":"Arte e Luoghi","article_publisher":"https:\/\/www.facebook.com\/ArteELuoghi\/","article_published_time":"2012-02-21T22:40:45+00:00","og_image":[{"url":"https:\/\/arteeluoghi.it\/images\/stories\/cifali.jpg"}],"twitter_card":"summary","twitter_creator":"@arteeluoghi","twitter_site":"@arteeluoghi","twitter_misc":{"Scritto da":"Staff","Tempo di lettura stimato":"3 minuti"},"schema":{"@context":"https:\/\/schema.org","@graph":[{"@type":"Organization","@id":"https:\/\/arteeluoghi.it\/#organization","name":"Arte e Luoghi","url":"https:\/\/arteeluoghi.it\/","sameAs":["https:\/\/www.facebook.com\/ArteELuoghi\/","https:\/\/www.instagram.com\/arteeluoghi\/?hl=it","https:\/\/www.youtube.com\/channel\/UCuRVc4JW4-C5sg9rQB-srkw?view_as=subscriber","https:\/\/twitter.com\/arteeluoghi"],"logo":{"@type":"ImageObject","@id":"https:\/\/arteeluoghi.it\/#logo","inLanguage":"it-IT","url":"https:\/\/arteeluoghi.it\/wp-content\/uploads\/2018\/08\/logoinstagramarte.jpg","contentUrl":"https:\/\/arteeluoghi.it\/wp-content\/uploads\/2018\/08\/logoinstagramarte.jpg","width":150,"height":150,"caption":"Arte e Luoghi"},"image":{"@id":"https:\/\/arteeluoghi.it\/#logo"}},{"@type":"WebSite","@id":"https:\/\/arteeluoghi.it\/#website","url":"https:\/\/arteeluoghi.it\/","name":"Arte e Luoghi","description":"Mensile di arte, cultura, turismo e curiosit\u00e0","publisher":{"@id":"https:\/\/arteeluoghi.it\/#organization"},"potentialAction":[{"@type":"SearchAction","target":{"@type":"EntryPoint","urlTemplate":"https:\/\/arteeluoghi.it\/?s={search_term_string}"},"query-input":"required name=search_term_string"}],"inLanguage":"it-IT"},{"@type":"ImageObject","@id":"https:\/\/arteeluoghi.it\/index.php\/2012\/02\/21\/traditeci-pure-ma-non-lasciateci-soli\/#primaryimage","inLanguage":"it-IT","url":"\/images\/stories\/cifali.jpg","contentUrl":"\/images\/stories\/cifali.jpg"},{"@type":"WebPage","@id":"https:\/\/arteeluoghi.it\/index.php\/2012\/02\/21\/traditeci-pure-ma-non-lasciateci-soli\/#webpage","url":"https:\/\/arteeluoghi.it\/index.php\/2012\/02\/21\/traditeci-pure-ma-non-lasciateci-soli\/","name":"Traditeci pure\u2026 ma non lasciateci soli | Arte e Luoghi","isPartOf":{"@id":"https:\/\/arteeluoghi.it\/#website"},"primaryImageOfPage":{"@id":"https:\/\/arteeluoghi.it\/index.php\/2012\/02\/21\/traditeci-pure-ma-non-lasciateci-soli\/#primaryimage"},"datePublished":"2012-02-21T22:40:45+00:00","dateModified":"2012-02-21T22:40:45+00:00","breadcrumb":{"@id":"https:\/\/arteeluoghi.it\/index.php\/2012\/02\/21\/traditeci-pure-ma-non-lasciateci-soli\/#breadcrumb"},"inLanguage":"it-IT","potentialAction":[{"@type":"ReadAction","target":["https:\/\/arteeluoghi.it\/index.php\/2012\/02\/21\/traditeci-pure-ma-non-lasciateci-soli\/"]}]},{"@type":"BreadcrumbList","@id":"https:\/\/arteeluoghi.it\/index.php\/2012\/02\/21\/traditeci-pure-ma-non-lasciateci-soli\/#breadcrumb","itemListElement":[{"@type":"ListItem","position":1,"name":"Home","item":"https:\/\/arteeluoghi.it\/"},{"@type":"ListItem","position":2,"name":"Traditeci pure\u2026 ma non lasciateci soli"}]},{"@type":"Article","@id":"https:\/\/arteeluoghi.it\/index.php\/2012\/02\/21\/traditeci-pure-ma-non-lasciateci-soli\/#article","isPartOf":{"@id":"https:\/\/arteeluoghi.it\/index.php\/2012\/02\/21\/traditeci-pure-ma-non-lasciateci-soli\/#webpage"},"author":{"@id":"https:\/\/arteeluoghi.it\/#\/schema\/person\/f84e814e36e91e01448ee07eaadd41d4"},"headline":"Traditeci pure\u2026 ma non lasciateci soli","datePublished":"2012-02-21T22:40:45+00:00","dateModified":"2012-02-21T22:40:45+00:00","mainEntityOfPage":{"@id":"https:\/\/arteeluoghi.it\/index.php\/2012\/02\/21\/traditeci-pure-ma-non-lasciateci-soli\/#webpage"},"wordCount":511,"commentCount":0,"publisher":{"@id":"https:\/\/arteeluoghi.it\/#organization"},"image":{"@id":"https:\/\/arteeluoghi.it\/index.php\/2012\/02\/21\/traditeci-pure-ma-non-lasciateci-soli\/#primaryimage"},"thumbnailUrl":"\/images\/stories\/cifali.jpg","articleSection":["Arti visive"],"inLanguage":"it-IT","potentialAction":[{"@type":"CommentAction","name":"Comment","target":["https:\/\/arteeluoghi.it\/index.php\/2012\/02\/21\/traditeci-pure-ma-non-lasciateci-soli\/#respond"]}]},{"@type":"Person","@id":"https:\/\/arteeluoghi.it\/#\/schema\/person\/f84e814e36e91e01448ee07eaadd41d4","name":"Staff","image":{"@type":"ImageObject","@id":"https:\/\/arteeluoghi.it\/#personlogo","inLanguage":"it-IT","url":"https:\/\/secure.gravatar.com\/avatar\/49d2f9e46271bb04e19cebfaf141313a?s=96&d=blank&r=g","contentUrl":"https:\/\/secure.gravatar.com\/avatar\/49d2f9e46271bb04e19cebfaf141313a?s=96&d=blank&r=g","caption":"Staff"}}]}},"_links":{"self":[{"href":"https:\/\/arteeluoghi.it\/index.php\/wp-json\/wp\/v2\/posts\/544"}],"collection":[{"href":"https:\/\/arteeluoghi.it\/index.php\/wp-json\/wp\/v2\/posts"}],"about":[{"href":"https:\/\/arteeluoghi.it\/index.php\/wp-json\/wp\/v2\/types\/post"}],"author":[{"embeddable":true,"href":"https:\/\/arteeluoghi.it\/index.php\/wp-json\/wp\/v2\/users\/1"}],"replies":[{"embeddable":true,"href":"https:\/\/arteeluoghi.it\/index.php\/wp-json\/wp\/v2\/comments?post=544"}],"version-history":[{"count":0,"href":"https:\/\/arteeluoghi.it\/index.php\/wp-json\/wp\/v2\/posts\/544\/revisions"}],"wp:attachment":[{"href":"https:\/\/arteeluoghi.it\/index.php\/wp-json\/wp\/v2\/media?parent=544"}],"wp:term":[{"taxonomy":"category","embeddable":true,"href":"https:\/\/arteeluoghi.it\/index.php\/wp-json\/wp\/v2\/categories?post=544"},{"taxonomy":"post_tag","embeddable":true,"href":"https:\/\/arteeluoghi.it\/index.php\/wp-json\/wp\/v2\/tags?post=544"}],"curies":[{"name":"wp","href":"https:\/\/api.w.org\/{rel}","templated":true}]}}