{"id":5557,"date":"2018-06-06T08:13:13","date_gmt":"2018-06-06T06:13:13","guid":{"rendered":"http:\/\/arteeluoghi.it\/?p=5557"},"modified":"2018-06-12T22:26:51","modified_gmt":"2018-06-12T20:26:51","slug":"5557","status":"publish","type":"post","link":"https:\/\/arteeluoghi.it\/index.php\/2018\/06\/06\/5557\/","title":{"rendered":"Salento Book, Festival Nazionale del Libro. Dal 7 giugno al 22 luglio"},"content":{"rendered":"<p><img loading=\"lazy\" class=\"size-medium wp-image-5572 alignleft\" src=\"https:\/\/arteeluoghi.it\/wp-content\/uploads\/2018\/06\/Luca-Bianchini-225x300.jpg\" alt=\"\" width=\"225\" height=\"300\" srcset=\"https:\/\/arteeluoghi.it\/wp-content\/uploads\/2018\/06\/Luca-Bianchini-225x300.jpg 225w, https:\/\/arteeluoghi.it\/wp-content\/uploads\/2018\/06\/Luca-Bianchini-768x1024.jpg 768w\" sizes=\"(max-width: 225px) 100vw, 225px\" \/>Con un doppio appuntamento al via il\u00a0<strong>7 giugno<\/strong>\u00a0da\u00a0<strong>Nard\u00f2<\/strong>\u00a0il \u201c<strong>Salento Book, Festival Nazionale del Libro<\/strong><strong>\u201d.\u00a0<\/strong>Lungo\u00a0un mese e mezzo, fino al 22 luglio, proporr\u00e0 oltre venti appuntamenti, con oltre 50 autori ed artisti, facendo tappa in cinque comuni salentini pronti a fare un\u00a0<strong><em>tuffo nelle pagine<\/em><\/strong>.<\/p>\n<p>Il\u00a0primo autore protagonista dell\u2019ottava edizione della rassegna sar\u00e0\u00a0<strong>Pierluigi Pardo<\/strong>. Giornalista sportivo e conduttore televisivo, dal 2013 conduce su Italia 1 Tiki Taka, la trasmissione televisiva che lo ha reso famoso al grande pubblico. Nel cuore storico della cittadina neretina nota per il suo barocco, in\u00a0<strong>piazza Salandra<\/strong>, alle\u00a0<strong>20.30<\/strong>, Pardo presenter\u00e0 il suo primo romanzo,\u00a0<strong>\u201cLo stretto necessario\u201d<\/strong>, edito da Rizzoli. Attraversa i temi del dubbio, del viaggio, dell\u2019amicizia e dei diversi modi di concepire l\u2019attrazione tra uomo e donna, raccontando la fuga dalla noia di un pubblicitario\u00a0milanese\u00a0nell\u2019estate dei Mondiali del 2006 vinti dall&#8217;Italia del commissario tecnico Marcello Lippi. Incontra l\u2019autore\u00a0<strong>Danilo Siciliano<\/strong>.<!--more--><img loading=\"lazy\" class=\"size-medium wp-image-5571 alignright\" src=\"https:\/\/arteeluoghi.it\/wp-content\/uploads\/2018\/06\/Foto-Pierluigi-Pardo-200x300.jpg\" alt=\"\" width=\"200\" height=\"300\" srcset=\"https:\/\/arteeluoghi.it\/wp-content\/uploads\/2018\/06\/Foto-Pierluigi-Pardo-200x300.jpg 200w, https:\/\/arteeluoghi.it\/wp-content\/uploads\/2018\/06\/Foto-Pierluigi-Pardo-768x1152.jpg 768w, https:\/\/arteeluoghi.it\/wp-content\/uploads\/2018\/06\/Foto-Pierluigi-Pardo-683x1024.jpg 683w\" sizes=\"(max-width: 200px) 100vw, 200px\" \/><\/p>\n<p>A seguire, alle ore<strong>\u00a0<\/strong>21.30, sempre in\u00a0piazza Salandra a Nard\u00f2,\u00a0ci sar\u00e0 il concerto dell\u2019<strong>\u201dOrchestra del Liceo Scientifico L. Da Vinci\u201d di Maglie,<\/strong>\u00a0formazione nata nel 2011 e oggi composta da 35 studenti dal primo al quinto anno del liceo. Il loro repertorio spazia dal cantautorato italiano ai brani classici, dalle colonne sonore di film, alla musica d\u2019ascolto.\u00a0Direttore d\u2019orchestra Armando Ciardo e Davide Sergi. Presenta\u00a0<strong>Azzurra De Razza.<\/strong><\/p>\n<p>Dopo\u00a0<strong>Nard\u00f2<\/strong>, il Festival proseguir\u00e0 con appuntamenti anche a\u00a0<strong>Corigliano d\u2019Otranto,<\/strong>\u00a0<strong>Galatina, Galatone<\/strong>,\u00a0<strong>Gallipoli<\/strong>, tutti in provincia di Lecce. In programma\u00a0<strong>dal 7 giugno al 22 luglio<\/strong>\u00a02018, il\u00a0<strong>Salento Book<\/strong>\u00a0si conferma cos\u00ec\u00a0<strong>La Festa dei Libri, la Movida dei Lettori<\/strong>, diventando ancor di pi\u00f9 una solida piattaforma da cui\u00a0<strong><em>tuffarsi in un mare di storie<\/em><\/strong>.<\/p>\n<p>Ogni anno, la manifestazione, organizzata come sempre dall\u2019associazione culturale\u00a0<strong>Festival Nazionale del Libro,<\/strong>\u00a0presieduta dall\u2019ideatore della manifestazione,\u00a0<strong>Gianpiero Pisanello<\/strong>, ospita gli scrittori delle pi\u00f9 importanti case editrici nazionali, ma anche\u00a0personalit\u00e0 del mondo dello\u00a0spettacolo, della\u00a0cultura, dell\u2019arte, della\u00a0musica, dello sport e della comunicazione.<\/p>\n<p><img loading=\"lazy\" class=\"size-medium wp-image-5570 alignleft\" src=\"https:\/\/arteeluoghi.it\/wp-content\/uploads\/2018\/06\/Foto-Orchestra-Maglie-300x293.jpg\" alt=\"\" width=\"300\" height=\"293\" srcset=\"https:\/\/arteeluoghi.it\/wp-content\/uploads\/2018\/06\/Foto-Orchestra-Maglie-300x293.jpg 300w, https:\/\/arteeluoghi.it\/wp-content\/uploads\/2018\/06\/Foto-Orchestra-Maglie-768x751.jpg 768w, https:\/\/arteeluoghi.it\/wp-content\/uploads\/2018\/06\/Foto-Orchestra-Maglie-1024x1001.jpg 1024w, https:\/\/arteeluoghi.it\/wp-content\/uploads\/2018\/06\/Foto-Orchestra-Maglie.jpg 1225w\" sizes=\"(max-width: 300px) 100vw, 300px\" \/>Luciana\u00a0<strong>Littizzetto<\/strong>, Serena<strong>\u00a0Dandini<\/strong>, Albano<strong>\u00a0Carrisi,\u00a0<\/strong>Marco\u00a0<strong>Travaglio<\/strong>, Dario\u00a0<strong>Franceschini<\/strong>,\u00a0Pierluigi\u00a0<strong>Pardo<\/strong>,\u00a0Caterina\u00a0<strong>Chinnici<\/strong>,\u00a0Chiara\u00a0<strong>Francini<\/strong>, Gino\u00a0<strong>Castaldo<\/strong>,\u00a0Chiara\u00a0<strong>Galiazzo<\/strong>, Selvaggia\u00a0<strong>Lucarelli<\/strong>, Giovanni\u00a0<strong>Impastato<\/strong>, Gianluigi\u00a0<strong>Paragone<\/strong>, Marino\u00a0<strong>Bartoletti<\/strong>,\u00a0Antonio<strong>\u00a0Manzini<\/strong>. Sono solo alcuni dei nomi scelti per l\u2019edizione 2018 da\u00a0<strong>LUCA BIANCHINI<\/strong>, al debutto da\u00a0<strong>direttore artistico<\/strong>\u00a0e, in particolare, conduttore degli eventi programmati tra il\u00a0<strong>18 e il 24 giugno<\/strong>.\u00a0Al SBF\u00a0ci si tuffa davvero in un mare di storie che spaziano dall\u2019attualit\u00e0 ai racconti delle vite che hanno segnato i nostri tempi. Si parler\u00e0 di societ\u00e0, politica e poteri, con Roberto<strong>\u00a0Napoletano<\/strong>, Piero<strong>\u00a0Fassino<\/strong>\u00a0e<strong>\u00a0<\/strong>Federico<strong>\u00a0Rampini<\/strong>, di giornalismo e comunicazione, con Francesco<strong>\u00a0Giorgino<\/strong>, di giustizia, con Luciano\u00a0<strong>Violante\u00a0<\/strong>e<strong>\u00a0<\/strong>Marta<strong>\u00a0Cartabia<\/strong>, di ingiustizie, con Alberto<strong>\u00a0Matano<\/strong>.<strong>\u00a0<\/strong>Focus sulle grandi inchieste che hanno coinvolto l\u2019Italia con<strong>\u00a0<\/strong>Giorgio\u00a0<strong>Mottola<\/strong>\u00a0e Danilo<strong>\u00a0Procaccianti,\u00a0<\/strong>mentre Antonio<strong>\u00a0Caprarica<\/strong>\u00a0accompagner\u00e0 i lettori alla scoperta delle vite dei \u201cRoyal baby\u201d. Ancora,Duccio<strong>\u00a0Forzano<\/strong>, Francesco<strong>\u00a0Sole<\/strong>, Corrado<strong>\u00a0Fortuna,\u00a0<\/strong>Max\u00a0<strong>Laudadio<\/strong>,\u00a0Pino\u00a0<strong>Strabioli<\/strong><strong>,\u00a0<\/strong><strong>Pinuccio<\/strong>,\u00a0Raffaella\u00a0<strong>Fanelli<\/strong>,\u00a0Francesco\u00a0<strong>Rutelli<\/strong>,\u00a0Peppe\u00a0<strong>Vessicchio<\/strong>,\u00a0Fabio<strong>\u00a0Calenda,\u00a0<\/strong>Simona\u00a0<strong>Cavallari<\/strong>, Sergio\u00a0<strong>Sylvestre<\/strong>, Luciano\u00a0<strong>Melchionna<\/strong>, Gioele\u00a0<strong>Dix<\/strong>,\u00a0Federico\u00a0<strong>Russo<\/strong>,\u00a0Sofia<strong>\u00a0Viscardi<\/strong>,\u00a0Gioia\u00a0<strong>Bartali<\/strong>, Don Antonio\u00a0<strong>Mazzi<\/strong>, Elena\u00a0<strong>Catozzi<\/strong>, Don Antonio\u00a0<strong>Rizzolo<\/strong>, Mons. Vito<strong>Angiuli<\/strong>,\u00a0Annalaura\u00a0<strong>Giannelli<\/strong>,\u00a0Rossana\u00a0<strong>Gabrieli<\/strong>,\u00a0Ada\u00a0<strong>Fiore<\/strong>.<\/p>\n<p>Oltre alle presentazioni di libri, il programma si arricchisce con\u00a0<strong>reading<\/strong>,\u00a0<strong>live show<\/strong>,\u00a0<strong>concerti<\/strong>,\u00a0<strong>laboratori di lettura<\/strong>\u00a0e\u00a0<strong>iniziative legate al mondo dei libri dedicate ai bambini e ragazzi<\/strong>, anche con la partecipazione di\u00a0Carmelo\u00a0<strong>Chianura<\/strong>,\u00a0Adelaide\u00a0<strong>Di Bitonto<\/strong>, Marika\u00a0<strong>De Chiara<\/strong>, Emanuela\u00a0<strong>Gabrieli<\/strong>, Sandro\u00a0<strong>Stefanini<\/strong>,\u00a0<strong>H.E.R<\/strong>.,\u00a0Roberto\u00a0<strong>Treglia<\/strong>,\u00a0Alberto<strong>Greco<\/strong>,\u00a0Giuseppe\u00a0<strong>Pezzulla<\/strong>,\u00a0Gianluca\u00a0<strong>Longo<\/strong>,\u00a0Alessandra\u00a0<strong>Caiulo<\/strong>,\u00a0Salvatore\u00a0<strong>Casaluce<\/strong>, Roberto\u00a0<strong>Chiga<\/strong>, Antonio\u00a0<strong>Cal\u00f2<\/strong>,\u00a0Alice\u00a0<strong>Montagnini<\/strong>, Rebecca\u00a0<strong>Serchi<\/strong>, Luisa\u00a0<strong>Carretti<\/strong>, Patrizia\u00a0<strong>Frassanito<\/strong>, Elvira\u00a0<strong>Zaccagnino<\/strong>, Luca\u00a0<strong>Errani<\/strong>, Gianna\u00a0<strong>Rosato<\/strong>, Carla\u00a0<strong>Petrachi<\/strong>,\u00a0Marco\u00a0<strong>Tuma<\/strong>,\u00a0Francesco\u00a0<strong>Cortese<\/strong>, Ottavia\u00a0<strong>Perrone<\/strong>,\u00a0<strong>Orchestra del Liceo Scientifico Leonardo Da Vinci<\/strong>\u00a0di Maglie,\u00a0<strong>Zolla dj<\/strong>.<\/p>\n<p><strong>Il libro come occasione di incontro e confronto, nelle piazze, sui sagrati delle chiese, tra le strade e i vicoli.<\/strong>\u00a0Il successo di pubblico ottenuto negli ultimi sette anni dal\u00a0<strong>Festival Nazionale del Libro<\/strong>\u00a0conferma che il\u00a0<strong>segmento cultura<\/strong>\u00a0non sia semplicemente un\u2019altra chance per creare appeal in una terra di per s\u00e9 attrattiva, piuttosto un investimento logico e quasi scontato per una comunit\u00e0\u00a0che non deve dimenticare la ricchezza che un libro pu\u00f2 contenere e la semplice bellezza di una storia tra le pagine.<\/p>\n<p>La rassegna itinerante fa tappa quest\u2019anno in\u00a0<strong>cinque centri<\/strong>\u00a0del territorio salentino confinanti, tutti ricchi di storia e tradizione, che in questo caso accolgono autori e pubblico in luoghi di pregio, simbolo della propria comunit\u00e0. Piazze, castelli, sagrati, vicoli e corti che diventano teatro di libri, su scenografie di pietra leccese e carparo o di azzurro mare.<\/p>\n<p>Il\u00a0<strong>Salento Book Festival<\/strong>\u00a0\u00e8 finanziato dall\u2019<strong>Assessorato all\u2019Industria Turistica e Culturale della Regione Puglia\u00a0<\/strong>nell\u2019ambito del<strong>\u00a0FSC 2014-2020,\u00a0<\/strong>con\u00a0<strong>Comune di Corigliano d\u2019Otranto<\/strong>,\u00a0<strong>Citt\u00e0 di Galatina<\/strong>,\u00a0<strong>Comune di Galatone<\/strong>,\u00a0<strong>Comune di Gallipoli<\/strong>\u00a0e\u00a0<strong>Citt\u00e0 di Nard\u00f2<\/strong>. L\u2019evento \u00e8 patrocinato dall\u2019<strong>Universit\u00e0 del Salento<\/strong>\u00a0e da\u00a0<strong>Puglia Events.<\/strong><\/p>\n<p>&nbsp;<\/p>\n<p style=\"font-weight: 400;\"><strong>PROGRAMMA<\/strong><\/p>\n<p style=\"font-weight: 400;\"><strong><u>Gioved\u00ec 7 giugno 2018 \u2013 NARDO\u2019<\/u><\/strong><\/p>\n<p style=\"font-weight: 400;\"><strong>&#8211; Ore 20.30\u00a0<\/strong>\u2013 Piazza Salandra.<\/p>\n<p style=\"font-weight: 400;\"><strong>PIERLUIGI PARDO<\/strong><strong>\u00a0<\/strong>presenta il libro<strong>\u00a0\u201cLO STRETTO NECESSARIO\u201d\u00a0<\/strong>(Rizzoli)<strong>.\u00a0<\/strong>Incontra l\u2019autore\u00a0<strong>DANILO SICILIANO<\/strong>.<\/p>\n<p style=\"font-weight: 400;\"><strong>&#8211; Ore 21.30\u00a0<\/strong>\u2013<strong>\u00a0<\/strong>Piazza Salandra.<\/p>\n<p style=\"font-weight: 400;\">Concerto dell\u2019<strong>\u201cORCHESTRA DEL LICEO SCIENTIFICO LEONARDO DA VINCI\u201d<\/strong>\u00a0di\u00a0<strong>MAGLIE\u00a0<\/strong>diretta da\u00a0<strong>ARMANDO CIARDO\u00a0<\/strong>e<strong>\u00a0DAVIDE SERGI.\u00a0<\/strong>Presenta<strong>\u00a0AZZURRA DE RAZZA<\/strong>.<\/p>\n<p style=\"font-weight: 400;\"><strong><u>Sabato 9 giugno 2018 \u2013 GALATONE<\/u><\/strong><\/p>\n<p style=\"font-weight: 400;\"><strong>&#8211; Ore 20.30\u00a0<\/strong>\u2013 Atrio del Palazzo Marchesale.<\/p>\n<p style=\"font-weight: 400;\"><strong>ADA FIORE<\/strong><strong>\u00a0<\/strong>presenta il libro<strong>\u00a0\u201cSONO LIBERA DENTRO\u201d\u00a0<\/strong>(Industria Filosofica). Incontra l\u2019autrice\u00a0<strong>LARA NAPOLI<\/strong>.<\/p>\n<p style=\"font-weight: 400;\"><strong>&#8211; Ore 21.30\u00a0<\/strong>\u2013 Atrio del Palazzo Marchesale.<\/p>\n<p style=\"font-weight: 400;\"><strong>FRANCESCO GIORGINO<\/strong><strong>\u00a0presenta il libro \u201cGIORNALISMI E SOCIETA\u2019. INFORMAZIONE, POLITICA, ECONOMIA E CULTURA\u201d\u00a0<\/strong>(Mondadori Education). Incontra l\u2019autore\u00a0<strong>LARA NAPOLI<\/strong>.<\/p>\n<p style=\"font-weight: 400;\"><strong>\u00a0<\/strong><\/p>\n<p style=\"font-weight: 400;\"><strong><u>Luned\u00ec 11 giugno 2018 \u2013 NARDO\u2019<\/u><\/strong><\/p>\n<p style=\"font-weight: 400;\"><strong>&#8211; Ore 20.30<\/strong>\u00a0\u2013 Chiostro dei Carmelitani.<\/p>\n<p style=\"font-weight: 400;\"><strong>\u201c4 Attori x 4 Monologhi\u201d<\/strong>. Una performance teatrale tratta da \u201c<strong>DIGNITA\u2019, mono-luoghi per attori spettatori e lettori attivi\u201d\u00a0<\/strong>(Chi Pi\u00f9 Ne Art Edizioni)<strong>\u00a0<\/strong>il libro di\u00a0<strong>LUCIANO MELCHIONNA<\/strong>\u00a0con\u00a0<strong>ADELAIDE DI BITONTO<\/strong>,\u00a0<strong>MARIKA DE CHIARA<\/strong>,\u00a0<strong>EMANUELA GABRIELI<\/strong>,\u00a0<strong>SANDRO STEFANINI\u00a0<\/strong>e con<strong>\u00a0H.E.R.\u00a0<\/strong>violino e voce. Sar\u00e0 presente l\u2019autore.<\/p>\n<p style=\"font-weight: 400;\"><strong><u>Marted\u00ec 12 giugno 2018 \u2013 CORIGLIANO D\u2019OTRANTO<\/u><\/strong><\/p>\n<p style=\"font-weight: 400;\"><strong>&#8211; Ore 20.30<\/strong>\u00a0\u2013 Atrio del Castello.<\/p>\n<p style=\"font-weight: 400;\"><strong>\u201c4 Attori x 4 Monologhi\u201d<\/strong>. Una performance teatrale tratta da \u201c<strong>DIGNITA\u2019, mono-luoghi per attori spettatori e lettori attivi\u201d\u00a0<\/strong>(Chi Pi\u00f9 Ne Art Edizioni)<strong>\u00a0<\/strong>il libro di\u00a0<strong>LUCIANO MELCHIONNA<\/strong>\u00a0con\u00a0<strong>ADELAIDE DI BITONTO<\/strong>,\u00a0<strong>MARIKA DE CHIARA<\/strong>,\u00a0<strong>EMANUELA GABRIELI<\/strong>,\u00a0<strong>SANDRO STEFANINI\u00a0<\/strong>e con<strong>\u00a0H.E.R.\u00a0<\/strong>violino e voce. Sar\u00e0 presente l\u2019autore.<\/p>\n<p style=\"font-weight: 400;\"><strong><u>Gioved\u00ec 14 giugno 2018 \u2013 GALATONE<\/u><\/strong><\/p>\n<p style=\"font-weight: 400;\"><strong>&#8211; Ore 20.30\u00a0<\/strong>\u2013 Atrio del Palazzo Marchesale.<\/p>\n<p style=\"font-weight: 400;\"><strong>DARIO FRANCESCHINI<\/strong><strong>\u00a0<\/strong>presenta il libro<strong>\u00a0\u201cDISADORNA E ALTRE STORIE\u201d\u00a0<\/strong>(La Nave di Teseo). Incontra l\u2019autore\u00a0<strong>FERNANDO D\u2019APRILE<\/strong>.<\/p>\n<p style=\"font-weight: 400;\"><strong>\u00a0<\/strong><\/p>\n<p style=\"font-weight: 400;\"><strong><u>Venerd\u00ec 15 giugno 2018 \u2013 NARDO\u2019<\/u><\/strong><\/p>\n<p style=\"font-weight: 400;\"><strong>&#8211; Ore 20.30<\/strong>\u00a0\u2013 Piazza Salandra.<\/p>\n<p style=\"font-weight: 400;\"><strong>ANNALAURA GIANELLI<\/strong><strong>\u00a0<\/strong>presenta i libri<strong>\u00a0\u201cDI TERRA E D\u2019ANIMA\u201d\u00a0<\/strong>e<strong>\u00a0\u201cLA FIGLIA DEL DESTINO\u201d\u00a0<\/strong>(Adda Editore). Incontra l\u2019autrice\u00a0<strong>LUIGI GRASSO.<\/strong><\/p>\n<p style=\"font-weight: 400;\"><strong>&#8211; Ore 21.30<\/strong>\u00a0\u2013 Piazza Salandra.<\/p>\n<p style=\"font-weight: 400;\"><strong>GIANLUIGI PARAGONE<\/strong>\u00a0presenta il libro\u00a0<strong>\u201cNOI NO!\u201d<\/strong>\u00a0(Piemme). Incontra l\u2019autore\u00a0<strong>LARA NAPOLI.<\/strong><\/p>\n<p style=\"font-weight: 400;\"><strong><u>Sabato 16 giugno 2018 \u2013 GALATONE<\/u><\/strong><\/p>\n<p style=\"font-weight: 400;\"><strong>&#8211; Ore 20.30\u00a0<\/strong>\u2013 Piazzetta San Demetrio.<\/p>\n<p style=\"font-weight: 400;\"><strong>ROBERTO NAPOLETANO<\/strong><strong>\u00a0<\/strong>presenta il libro<strong>\u00a0\u201cIL CIGNO NERO E IL CAVALIERE BIANCO\u201d\u00a0<\/strong>(La Nave di Teseo). Incontra l\u2019autore\u00a0<strong>PAOLA MOSCARDINO<\/strong>.<\/p>\n<p style=\"font-weight: 400;\"><strong>Ore 21.30\u00a0<\/strong>\u2013 Piazzetta San Demetrio.<\/p>\n<p style=\"font-weight: 400;\"><strong>FRANCESCO SOLE<\/strong>\u00a0presenta il libro\u00a0<strong>\u201c#TIAMO\u201d<\/strong>\u00a0(Mondadori) con la partecipazione musicale di\u00a0<strong>GIANLUCA\u00a0LONGO<\/strong>. Incontra l\u2019autore\u00a0<strong>AZZURRA DE RAZZA<\/strong>.<\/p>\n<p style=\"font-weight: 400;\"><strong>Ore 22.30<\/strong>\u00a0\u2013 Piazzetta San Demetrio.<\/p>\n<p style=\"font-weight: 400;\"><strong>ZOLLA DJ<\/strong>\u00a0in collaborazione con Qualo.<\/p>\n<p style=\"font-weight: 400;\"><strong><u>Domenica 17 giugno 2018 \u2013 GALLIPOLI<\/u><\/strong><\/p>\n<p style=\"font-weight: 400;\"><strong>&#8211; Ore 20.30\u00a0<\/strong>\u2013 Piazza Aldo Moro (nei pressi del Santuario del Canneto).<\/p>\n<p style=\"font-weight: 400;\"><strong>ADA FIORE<\/strong><strong>\u00a0<\/strong>presenta il libro<strong>\u00a0\u201cSONO LIBERA DENTRO\u201d\u00a0<\/strong>(Industria Filosofica). Incontra l\u2019autrice\u00a0<strong>AZZURRA DE RAZZA.\u00a0<\/strong><\/p>\n<p style=\"font-weight: 400;\"><strong>Ore 21.30\u00a0<\/strong>\u2013 Piazza Aldo Moro (nei pressi del Santuario del Canneto).<\/p>\n<p style=\"font-weight: 400;\"><strong>FRANCESCO SOLE<\/strong>\u00a0presenta il libro\u00a0<strong>\u201c#TIAMO\u201d<\/strong>\u00a0(Mondadori) con la partecipazione musicale di\u00a0<strong>GIANLUCA\u00a0LONGO<\/strong>. Incontra l\u2019autore\u00a0<strong>AZZURRA DE RAZZA<\/strong>.<\/p>\n<p style=\"font-weight: 400;\"><strong><u>Luned\u00ec 18 giugno 2018 \u2013 NARDO\u2019<\/u><\/strong><\/p>\n<p style=\"font-weight: 400;\"><strong>&#8211; Ore 20.30\u00a0<\/strong>\u2013 Piazza Salandra.<\/p>\n<p style=\"font-weight: 400;\"><strong>LUCIANA LITTIZZETTO<\/strong><strong>\u00a0<\/strong>presenta il libro<strong>\u00a0\u201cLA BELLA ADDORMENTATA IN QUEL POSTO\u201d\u00a0<\/strong>(Mondadori). Intervista l\u2019autrice\u00a0<strong>LUCA BIANCHINI<\/strong>.<\/p>\n<p style=\"font-weight: 400;\"><strong><u>Marted\u00ec 19 giugno 2018 \u2013 CORIGLIANO D\u2019OTRANTO<\/u><\/strong><\/p>\n<p style=\"font-weight: 400;\"><strong>&#8211; Ore 20.30\u00a0<\/strong>\u2013 Piazza Vittime di Mafia (nei pressi del Castello).<\/p>\n<p style=\"font-weight: 400;\"><strong>ALBERTO MATANO<\/strong><strong>\u00a0<\/strong>presenta il libro<strong>\u00a0\u201cINNOCENTI\u201d\u00a0<\/strong>(Rai Eri). Intervista l\u2019autore\u00a0<strong>LUCA BIANCHINI<\/strong>.<\/p>\n<p style=\"font-weight: 400;\"><strong><u>Venerd\u00ec 22 giugno 2018 \u2013 GALATINA<\/u><\/strong><\/p>\n<p style=\"font-weight: 400;\"><strong>&#8211; Ore 18.30\u00a0<\/strong>\u2013<strong>\u00a0<\/strong>Piazzetta Orsini (nei pressi della Basilica di Santa Caterina).<\/p>\n<p style=\"font-weight: 400;\"><strong>&#8220;TUTTAUNALTRASTORIA\u201d\u00a0<\/strong>a cura di\u00a0<strong>ZEROMECCANICO TEATRO<\/strong>\u00a0con\u00a0<strong>FRANCESCO CORTESE<\/strong>\u00a0e\u00a0<strong>OTTAVIA PERRONE<\/strong>. Laboratorio tra lettura e teatro dedicato a bambini da 5 a 11 anni. Partecipazione gratuita. Per info e prenotazioni (max n.25 bambini): 348\/3819266.<\/p>\n<p style=\"font-weight: 400;\"><strong>&#8211; Ore 20.30\u00a0<\/strong>\u2013 Piazzetta Orsini (nei pressi della Basilica di Santa Caterina).<\/p>\n<p style=\"font-weight: 400;\"><strong>GINO CASTALDO<\/strong><strong>\u00a0<\/strong>presenta il libro<strong>\u00a0\u201cIL ROMANZO DELLA CANZONE ITALIANA\u201d\u00a0<\/strong>(Einaudi). Intervista l\u2019autore\u00a0<strong>LUCA BIANCHINI<\/strong>\u00a0con la partecipazione straordinaria\u00a0di\u00a0<strong>CHIARA GALIAZZO<\/strong>\u00a0e del musicista\u00a0<strong>GIANLUCA\u00a0LONGO<\/strong>.<\/p>\n<p style=\"font-weight: 400;\"><strong><u>Sabato 23 giugno 2018 \u2013 GALATONE<\/u><\/strong><\/p>\n<p style=\"font-weight: 400;\"><strong>&#8211; Ore 20.30\u00a0<\/strong>\u2013 Atrio del Palazzo Marchesale.<\/p>\n<p style=\"font-weight: 400;\"><strong>SERENA DANDINI<\/strong><strong>\u00a0<\/strong>presenta il libro<strong>\u00a0\u201cIL CATALOGO DELLE DONNE VALOROSE\u201d\u00a0<\/strong>(Mondadori). Intervista l\u2019autrice\u00a0<strong>LUCA BIANCHINI<\/strong>.<\/p>\n<p style=\"font-weight: 400;\"><strong><u>Domenica 24 giugno 2018 \u2013 GALLIPOLI<\/u><\/strong><\/p>\n<p style=\"font-weight: 400;\"><strong>&#8211; Ore 20.30\u00a0<\/strong>\u2013 Atrio della Cattedrale.<\/p>\n<p style=\"font-weight: 400;\"><strong>ANTONIO MANZINI<\/strong><strong>\u00a0<\/strong>presenta il libro<strong>\u00a0&#8220;L&#8217;ANELLO MANCANTE. CINQUE INDAGINI DI ROCCO SCHIAVONE&#8221;\u00a0<\/strong>(Sellerio Editore Palermo).<strong>\u00a0<\/strong>Intervista l\u2019autore\u00a0<strong>LUCA BIANCHINI<\/strong>.<\/p>\n<p style=\"font-weight: 400;\"><strong><u>Luned\u00ec 25 giugno 2018 \u2013 NARDO\u2019<\/u><\/strong><\/p>\n<p style=\"font-weight: 400;\"><strong>&#8211; Ore 18.30\u00a0<\/strong>\u2013 Piazza Salandra.<\/p>\n<p style=\"font-weight: 400;\">Lettura con laboratorio creativo<strong>\u00a0\u201cL\u2019INVENZIONE CHE HO INVENTATO\u201d\u00a0<\/strong>(Storie Cucite) con la partecipazione di\u00a0<strong>ALICE MONTAGNINI<\/strong>\u00a0e<strong>\u00a0REBECCA SERCHI.\u00a0<\/strong>Partecipazione gratuita. Per info e prenotazioni (max n.25 bambini): 348\/5465650.<\/p>\n<p style=\"font-weight: 400;\"><strong>&#8211; Ore 20.00\u00a0<\/strong>\u2013 Piazza Salandra.<\/p>\n<p style=\"font-weight: 400;\">Incontro sul tema de<strong>\u00a0\u201cLA LETTURA ACCESSIBILE A TUTTI, IL MODELLO INBOOK\u201d\u00a0<\/strong>con\u00a0<strong>LUISA CARRETTI\u00a0<\/strong>e<strong>\u00a0PATRIZIA FRASSANITO\u00a0<\/strong>(Storie Cucite),<strong>\u00a0ELVIRA ZACCAGNINO\u00a0<\/strong>(Edizioni La Meridiana),\u00a0<strong>LUCA ERRANI\u00a0<\/strong>(Associazione Arca \u2013 Comunit\u00e0 Arcobaleno),<strong>\u00a0GIANNA ROSATO\u00a0<\/strong>(Biblioteca Comunale di Cavallino). Modera\u00a0<strong>AZZURRA DE RAZZA<\/strong>.<\/p>\n<p style=\"font-weight: 400;\"><strong>&#8211; Ore 21.30\u00a0<\/strong>\u2013 Piazza Salandra.<\/p>\n<p style=\"font-weight: 400;\"><strong>MARINO BARTOLETTI<\/strong><strong>\u00a0<\/strong>presenta il libro<strong>\u00a0&#8220;BARTOLETTI COSI\u2019 HO SFIDATO FACEBOOK&#8221;\u00a0<\/strong>(Minerva).<strong>\u00a0<\/strong>Incontra l\u2019autore<strong>\u00a0DANILO SICILIANO.<\/strong><\/p>\n<p style=\"font-weight: 400;\"><strong><u>Marted\u00ec 26 giugno 2018 \u2013 NARDO\u2019<\/u><\/strong><\/p>\n<p style=\"font-weight: 400;\"><strong>&#8211; Ore 20.30\u00a0<\/strong>\u2013 Piazza Salandra<\/p>\n<p style=\"font-weight: 400;\"><strong>ALBANO CARRISI<\/strong><strong>\u00a0<\/strong>presenta il libro<strong>\u00a0&#8220;MADRE MIA. L\u2019ORIGINE DEL MIO MONDO&#8221;\u00a0<\/strong>(Baldini &amp; Castoldi).<strong>\u00a0<\/strong>Incontra l\u2019autore<strong>\u00a0AZZURRA DE RAZZA<\/strong>.<\/p>\n<p style=\"font-weight: 400;\"><strong><u>Venerd\u00ec 29 giugno 2018 \u2013 GALLIPOLI<\/u><\/strong><\/p>\n<p style=\"font-weight: 400;\"><strong>&#8211; Ore 18.30\u00a0<\/strong>\u2013 Piazza Aldo Moro (nei pressi del Santuario del Canneto).<\/p>\n<p style=\"font-weight: 400;\"><strong>&#8220;TUTTAUNALTRASTORIA&#8221;<\/strong>\u00a0a cura di\u00a0<strong>ZEROMECCANICO TEATRO<\/strong>\u00a0con\u00a0<strong>FRANCESCO CORTESE<\/strong>\u00a0e\u00a0<strong>OTTAVIA PERRONE<\/strong>. Laboratorio tra lettura e teatro dedicato a bambini da 5 a 11 anni. Partecipazione gratuita. Per info e prenotazioni (max n.25 bambini): 348\/3819266.<\/p>\n<p style=\"font-weight: 400;\"><strong>&#8211; Ore 20.30\u00a0<\/strong>\u2013 Piazza Aldo Moro (nei pressi del Santuario del Canneto)<\/p>\n<p style=\"font-weight: 400;\"><strong>LUCIANO VIOLANTE<\/strong><strong>\u00a0<\/strong>e<strong>\u00a0MARTA CARTABIA\u00a0<\/strong>presentano il libro<strong>\u00a0&#8220;GIUSTIZIA E MITO&#8221;\u00a0<\/strong>(Il Mulino).<strong>\u00a0<\/strong>Incontra gli autori<strong>\u00a0ANNARITA CORRADO.<\/strong><\/p>\n<p style=\"font-weight: 400;\"><strong>&#8211; Ore 21.30\u00a0<\/strong>\u2013 Piazza Aldo Moro (nei pressi del Santuario del Canneto)<\/p>\n<p style=\"font-weight: 400;\"><strong>PIERO FASSINO<\/strong>\u00a0presenta il libro\u00a0<strong>\u201cPD DAVVERO\u201d<\/strong>\u00a0(La Nave di Teseo). Incontra l\u2019autore\u00a0<strong>MARCO CATALDO<\/strong>.<\/p>\n<p style=\"font-weight: 400;\"><strong><u>Sabato 30 giugno 2018 \u2013 CORIGLIANO D\u2019OTRANTO<\/u><\/strong><\/p>\n<p style=\"font-weight: 400;\"><strong>&#8211; Ore 20.30\u00a0<\/strong>\u2013 Piazza Vittime di Mafia (nei pressi del Castello).<\/p>\n<p style=\"font-weight: 400;\"><strong>CATERINA CHINNICI<\/strong><strong>\u00a0<\/strong>presenta il libro<strong>\u00a0&#8220;E\u2019 COS\u00cc LIEVE IL TUO BACIO SULLA FRONTE&#8221;\u00a0<\/strong>(Mondadori).<strong>\u00a0<\/strong>Incontra l\u2019autrice<strong>\u00a0LARA NAPOLI.<\/strong><\/p>\n<p style=\"font-weight: 400;\"><strong>&#8211; Ore 21.30\u00a0<\/strong>\u2013 Piazza Vittime di Mafia (nei pressi del Castello).<\/p>\n<p style=\"font-weight: 400;\"><strong>CORRADO FORTUNA<\/strong>\u00a0presenta il libro\u00a0<strong>\u201cL\u2019AMORE CAPOVOLTO\u201d<\/strong>\u00a0(Rizzoli). Incontra l\u2019autore\u00a0<strong>FEDERICO RUSSO<\/strong>.<\/p>\n<p style=\"font-weight: 400;\"><strong><u>Domenica 1\u00b0 luglio 2018 \u2013 GALATONE<\/u><\/strong><\/p>\n<p style=\"font-weight: 400;\"><strong>&#8211; Ore 20.30\u00a0<\/strong>\u2013 Atrio del Palazzo Marchesale.<\/p>\n<p style=\"font-weight: 400;\"><strong>FRANCESCO RUTELLI<\/strong><strong>\u00a0<\/strong>presenta il libro<strong>\u00a0\u201cCONTRO GLI IMMEDIATI. PER LA SCUOLA, IL LAVORO, LA POLITICA\u201d\u00a0<\/strong>(La Nave di Teseo). Incontra l\u2019autore\u00a0<strong>PAOLA MOSCARDINO<\/strong>.<\/p>\n<p style=\"font-weight: 400;\"><strong><u>Luned\u00ec 2 luglio 2018 \u2013 CORIGLIANO D\u2019OTRANTO<\/u><\/strong><\/p>\n<p style=\"font-weight: 400;\"><strong>&#8211; Ore 20.00 \u2013<\/strong>\u00a0Piazza Vittime di Mafia (nei pressi del Castello).<\/p>\n<p style=\"font-weight: 400;\">Presentazione del progetto\u00a0<strong>\u201cMABASTA\u201d<\/strong>\u00a0a cura degli studenti dell\u2019 \u201c<strong>ISTITUTO GALILEI-COSTA<\/strong>\u201d di Lecce. Modera\u00a0<strong>VALERIA BLANCO<\/strong>.<\/p>\n<p style=\"font-weight: 400;\"><strong>&#8211; Ore 20.30\u00a0<\/strong>\u2013 Piazza Vittime di Mafia (nei pressi del Castello).<\/p>\n<p style=\"font-weight: 400;\"><strong>SERGIO SYLVESTRE<\/strong><strong>\u00a0<\/strong>presenta il libro<strong>\u00a0&#8220;BIG BOY. SE NON FOSSE STATO PER LA MUSICA&#8221;\u00a0<\/strong>(Rizzoli).<strong>\u00a0<\/strong>Incontra l\u2019autore<strong>\u00a0VALERIA BLANCO.<\/strong><\/p>\n<p style=\"font-weight: 400;\"><strong>&#8211; Ore 21.30\u00a0<\/strong>\u2013 Piazza Vittime di Mafia (nei pressi del Castello).<\/p>\n<p style=\"font-weight: 400;\"><strong>PINO STRABIOLI<\/strong>\u00a0presenta il libro\u00a0<strong>\u201cSEMPRE FIORI, MAI UN FIORAIO\u201d\u00a0<\/strong>(Rizzoli) con la partecipazione musicale di\u00a0<strong>EMANUELA GABRIELI<\/strong>,\u00a0<strong>CARLA PETRACHI<\/strong>,\u00a0<strong>MARCO TUMA<\/strong>\u00a0che presentano il progetto\u00a0<strong>\u201cNANNAR\u00c8. OMAGGIO A GABRIELLA FERRI\u201d.\u00a0<\/strong>Incontra l\u2019autore<strong>\u00a0CHIARA ELEONORA COPPOLA.<\/strong><\/p>\n<p style=\"font-weight: 400;\"><strong>\u00a0<\/strong><\/p>\n<p style=\"font-weight: 400;\"><strong><u>Marted\u00ec 3 luglio 2018 \u2013 CORIGLIANO D\u2019OTRANTO<\/u><\/strong><\/p>\n<p style=\"font-weight: 400;\"><strong>&#8211; Ore 20.00 \u2013\u00a0<\/strong>Piazza San Nicola.<\/p>\n<p style=\"font-weight: 400;\"><strong>SOFIA VISCARDI<\/strong><strong>\u00a0<\/strong>presenta il libro<strong>\u00a0\u201cABBASTANZA\u201d\u00a0<\/strong>(Mondadori). Incontra l\u2019autrice\u00a0<strong>ELEONORA LEILA MOSCARA<\/strong>.<\/p>\n<p style=\"font-weight: 400;\"><strong>&#8211; Ore 21.00 \u2013<\/strong>\u00a0Piazza San Nicola.<\/p>\n<p style=\"font-weight: 400;\"><strong>PINUCCIO<\/strong>\u00a0presenta il libro\u00a0<strong>\u201cTRUMPADVISOR\u201d<\/strong>\u00a0(Mondadori). Incontra l\u2019autore\u00a0<strong>ELEONORA LEILA MOSCARA<\/strong>.<\/p>\n<p style=\"font-weight: 400;\"><strong>&#8211; Ore 22.00 \u2013<\/strong>\u00a0Piazza San Nicola.<\/p>\n<p style=\"font-weight: 400;\"><strong>DUCCIO FORZANO<\/strong>\u00a0presenta il libro\u00a0<strong>\u201cCOME ROCKY BALBOA\u201d<\/strong>\u00a0(Longanesi). Incontra l\u2019autore\u00a0<strong>CHIARA ELEONORA COPPOLA<\/strong>.<\/p>\n<p style=\"font-weight: 400;\"><strong><u>Mercoled\u00ec 4 luglio 2018 \u2013 GALLIPOLI<\/u><\/strong><\/p>\n<p style=\"font-weight: 400;\"><strong>&#8211; Ore 19.30 \u2013\u00a0<\/strong>Atrio della Cattedrale.<\/p>\n<p style=\"font-weight: 400;\">Firma copie con<strong>\u00a0SOFIA VISCARDI\u00a0<\/strong>del libro<strong>\u00a0\u201cABBASTANZA\u201d\u00a0<\/strong>(Mondadori).<\/p>\n<p style=\"font-weight: 400;\"><strong>&#8211; Ore 20.00 \u2013<\/strong>\u00a0Atrio della Cattedrale<\/p>\n<p style=\"font-weight: 400;\"><strong>RAFFAELLA FANELLI<\/strong>\u00a0presenta il libro\u00a0<strong>\u201cLA VERIT\u00c0 DEL FREDDO. LA STORIA. I DELITTI. I RETROSCENA. L\u2019ULTIMA TESTIMONIANZA DEL CAPO DELLA BANDA DELLA MAGLIANA\u201d<\/strong>\u00a0(Chiarelettere). Incontra l\u2019autrice\u00a0<strong>GIUSEPPE ALBAHARI<\/strong>.<\/p>\n<p style=\"font-weight: 400;\"><strong>&#8211; Ore 21.00\u00a0\u00a0<\/strong>\u2013 Atrio della Cattedrale.<\/p>\n<p>&nbsp;<\/p>\n<p>(fonte. comunicato stampa)<\/p>\n","protected":false},"excerpt":{"rendered":"<p>Con un doppio appuntamento al via il\u00a07 giugno\u00a0da\u00a0Nard\u00f2\u00a0il \u201cSalento Book, Festival Nazionale del Libro\u201d.\u00a0Lungo\u00a0un mese e mezzo, fino al 22<\/p>\n","protected":false},"author":1,"featured_media":5573,"comment_status":"open","ping_status":"open","sticky":true,"template":"","format":"standard","meta":[],"categories":[52,17],"tags":[1051],"yoast_head":"<!-- This site is optimized with the Yoast SEO plugin v18.0 - https:\/\/yoast.com\/wordpress\/plugins\/seo\/ -->\n<title>Salento Book, Festival Nazionale del Libro. Dal 7 giugno al 22 luglio | Arte e Luoghi<\/title>\n<meta name=\"robots\" content=\"index, follow, max-snippet:-1, max-image-preview:large, max-video-preview:-1\" \/>\n<link rel=\"canonical\" href=\"https:\/\/arteeluoghi.it\/index.php\/2018\/06\/06\/5557\/\" \/>\n<meta property=\"og:locale\" content=\"it_IT\" \/>\n<meta property=\"og:type\" content=\"article\" \/>\n<meta property=\"og:title\" content=\"Salento Book, Festival Nazionale del Libro. Dal 7 giugno al 22 luglio | Arte e Luoghi\" \/>\n<meta property=\"og:description\" content=\"Con un doppio appuntamento al via il\u00a07 giugno\u00a0da\u00a0Nard\u00f2\u00a0il \u201cSalento Book, Festival Nazionale del Libro\u201d.\u00a0Lungo\u00a0un mese e mezzo, fino al 22\" \/>\n<meta property=\"og:url\" content=\"https:\/\/arteeluoghi.it\/index.php\/2018\/06\/06\/5557\/\" \/>\n<meta property=\"og:site_name\" content=\"Arte e Luoghi\" \/>\n<meta property=\"article:publisher\" content=\"https:\/\/www.facebook.com\/ArteELuoghi\/\" \/>\n<meta property=\"article:published_time\" content=\"2018-06-06T06:13:13+00:00\" \/>\n<meta property=\"article:modified_time\" content=\"2018-06-12T20:26:51+00:00\" \/>\n<meta property=\"og:image\" content=\"https:\/\/arteeluoghi.it\/wp-content\/uploads\/2018\/06\/salentobookfestival.jpg\" \/>\n\t<meta property=\"og:image:width\" content=\"2500\" \/>\n\t<meta property=\"og:image:height\" content=\"1104\" \/>\n\t<meta property=\"og:image:type\" content=\"image\/jpeg\" \/>\n<meta name=\"twitter:card\" content=\"summary\" \/>\n<meta name=\"twitter:creator\" content=\"@arteeluoghi\" \/>\n<meta name=\"twitter:site\" content=\"@arteeluoghi\" \/>\n<meta name=\"twitter:label1\" content=\"Scritto da\" \/>\n\t<meta name=\"twitter:data1\" content=\"Staff\" \/>\n\t<meta name=\"twitter:label2\" content=\"Tempo di lettura stimato\" \/>\n\t<meta name=\"twitter:data2\" content=\"10 minuti\" \/>\n<script type=\"application\/ld+json\" class=\"yoast-schema-graph\">{\"@context\":\"https:\/\/schema.org\",\"@graph\":[{\"@type\":\"Organization\",\"@id\":\"https:\/\/arteeluoghi.it\/#organization\",\"name\":\"Arte e Luoghi\",\"url\":\"https:\/\/arteeluoghi.it\/\",\"sameAs\":[\"https:\/\/www.facebook.com\/ArteELuoghi\/\",\"https:\/\/www.instagram.com\/arteeluoghi\/?hl=it\",\"https:\/\/www.youtube.com\/channel\/UCuRVc4JW4-C5sg9rQB-srkw?view_as=subscriber\",\"https:\/\/twitter.com\/arteeluoghi\"],\"logo\":{\"@type\":\"ImageObject\",\"@id\":\"https:\/\/arteeluoghi.it\/#logo\",\"inLanguage\":\"it-IT\",\"url\":\"https:\/\/arteeluoghi.it\/wp-content\/uploads\/2018\/08\/logoinstagramarte.jpg\",\"contentUrl\":\"https:\/\/arteeluoghi.it\/wp-content\/uploads\/2018\/08\/logoinstagramarte.jpg\",\"width\":150,\"height\":150,\"caption\":\"Arte e Luoghi\"},\"image\":{\"@id\":\"https:\/\/arteeluoghi.it\/#logo\"}},{\"@type\":\"WebSite\",\"@id\":\"https:\/\/arteeluoghi.it\/#website\",\"url\":\"https:\/\/arteeluoghi.it\/\",\"name\":\"Arte e Luoghi\",\"description\":\"Mensile di arte, cultura, turismo e curiosit\u00e0\",\"publisher\":{\"@id\":\"https:\/\/arteeluoghi.it\/#organization\"},\"potentialAction\":[{\"@type\":\"SearchAction\",\"target\":{\"@type\":\"EntryPoint\",\"urlTemplate\":\"https:\/\/arteeluoghi.it\/?s={search_term_string}\"},\"query-input\":\"required name=search_term_string\"}],\"inLanguage\":\"it-IT\"},{\"@type\":\"ImageObject\",\"@id\":\"https:\/\/arteeluoghi.it\/index.php\/2018\/06\/06\/5557\/#primaryimage\",\"inLanguage\":\"it-IT\",\"url\":\"https:\/\/arteeluoghi.it\/wp-content\/uploads\/2018\/06\/salentobookfestival.jpg\",\"contentUrl\":\"https:\/\/arteeluoghi.it\/wp-content\/uploads\/2018\/06\/salentobookfestival.jpg\",\"width\":2500,\"height\":1104},{\"@type\":\"WebPage\",\"@id\":\"https:\/\/arteeluoghi.it\/index.php\/2018\/06\/06\/5557\/#webpage\",\"url\":\"https:\/\/arteeluoghi.it\/index.php\/2018\/06\/06\/5557\/\",\"name\":\"Salento Book, Festival Nazionale del Libro. Dal 7 giugno al 22 luglio | Arte e Luoghi\",\"isPartOf\":{\"@id\":\"https:\/\/arteeluoghi.it\/#website\"},\"primaryImageOfPage\":{\"@id\":\"https:\/\/arteeluoghi.it\/index.php\/2018\/06\/06\/5557\/#primaryimage\"},\"datePublished\":\"2018-06-06T06:13:13+00:00\",\"dateModified\":\"2018-06-12T20:26:51+00:00\",\"breadcrumb\":{\"@id\":\"https:\/\/arteeluoghi.it\/index.php\/2018\/06\/06\/5557\/#breadcrumb\"},\"inLanguage\":\"it-IT\",\"potentialAction\":[{\"@type\":\"ReadAction\",\"target\":[\"https:\/\/arteeluoghi.it\/index.php\/2018\/06\/06\/5557\/\"]}]},{\"@type\":\"BreadcrumbList\",\"@id\":\"https:\/\/arteeluoghi.it\/index.php\/2018\/06\/06\/5557\/#breadcrumb\",\"itemListElement\":[{\"@type\":\"ListItem\",\"position\":1,\"name\":\"Home\",\"item\":\"https:\/\/arteeluoghi.it\/\"},{\"@type\":\"ListItem\",\"position\":2,\"name\":\"Salento Book, Festival Nazionale del Libro. Dal 7 giugno al 22 luglio\"}]},{\"@type\":\"Article\",\"@id\":\"https:\/\/arteeluoghi.it\/index.php\/2018\/06\/06\/5557\/#article\",\"isPartOf\":{\"@id\":\"https:\/\/arteeluoghi.it\/index.php\/2018\/06\/06\/5557\/#webpage\"},\"author\":{\"@id\":\"https:\/\/arteeluoghi.it\/#\/schema\/person\/f84e814e36e91e01448ee07eaadd41d4\"},\"headline\":\"Salento Book, Festival Nazionale del Libro. Dal 7 giugno al 22 luglio\",\"datePublished\":\"2018-06-06T06:13:13+00:00\",\"dateModified\":\"2018-06-12T20:26:51+00:00\",\"mainEntityOfPage\":{\"@id\":\"https:\/\/arteeluoghi.it\/index.php\/2018\/06\/06\/5557\/#webpage\"},\"wordCount\":1979,\"commentCount\":0,\"publisher\":{\"@id\":\"https:\/\/arteeluoghi.it\/#organization\"},\"image\":{\"@id\":\"https:\/\/arteeluoghi.it\/index.php\/2018\/06\/06\/5557\/#primaryimage\"},\"thumbnailUrl\":\"https:\/\/arteeluoghi.it\/wp-content\/uploads\/2018\/06\/salentobookfestival.jpg\",\"keywords\":[\"Salento Book festival\"],\"articleSection\":[\"I luoghi della parola\",\"LIBRI\"],\"inLanguage\":\"it-IT\",\"potentialAction\":[{\"@type\":\"CommentAction\",\"name\":\"Comment\",\"target\":[\"https:\/\/arteeluoghi.it\/index.php\/2018\/06\/06\/5557\/#respond\"]}]},{\"@type\":\"Person\",\"@id\":\"https:\/\/arteeluoghi.it\/#\/schema\/person\/f84e814e36e91e01448ee07eaadd41d4\",\"name\":\"Staff\",\"image\":{\"@type\":\"ImageObject\",\"@id\":\"https:\/\/arteeluoghi.it\/#personlogo\",\"inLanguage\":\"it-IT\",\"url\":\"https:\/\/secure.gravatar.com\/avatar\/49d2f9e46271bb04e19cebfaf141313a?s=96&d=blank&r=g\",\"contentUrl\":\"https:\/\/secure.gravatar.com\/avatar\/49d2f9e46271bb04e19cebfaf141313a?s=96&d=blank&r=g\",\"caption\":\"Staff\"}}]}<\/script>\n<!-- \/ Yoast SEO plugin. -->","yoast_head_json":{"title":"Salento Book, Festival Nazionale del Libro. Dal 7 giugno al 22 luglio | Arte e Luoghi","robots":{"index":"index","follow":"follow","max-snippet":"max-snippet:-1","max-image-preview":"max-image-preview:large","max-video-preview":"max-video-preview:-1"},"canonical":"https:\/\/arteeluoghi.it\/index.php\/2018\/06\/06\/5557\/","og_locale":"it_IT","og_type":"article","og_title":"Salento Book, Festival Nazionale del Libro. Dal 7 giugno al 22 luglio | Arte e Luoghi","og_description":"Con un doppio appuntamento al via il\u00a07 giugno\u00a0da\u00a0Nard\u00f2\u00a0il \u201cSalento Book, Festival Nazionale del Libro\u201d.\u00a0Lungo\u00a0un mese e mezzo, fino al 22","og_url":"https:\/\/arteeluoghi.it\/index.php\/2018\/06\/06\/5557\/","og_site_name":"Arte e Luoghi","article_publisher":"https:\/\/www.facebook.com\/ArteELuoghi\/","article_published_time":"2018-06-06T06:13:13+00:00","article_modified_time":"2018-06-12T20:26:51+00:00","og_image":[{"width":2500,"height":1104,"url":"https:\/\/arteeluoghi.it\/wp-content\/uploads\/2018\/06\/salentobookfestival.jpg","type":"image\/jpeg"}],"twitter_card":"summary","twitter_creator":"@arteeluoghi","twitter_site":"@arteeluoghi","twitter_misc":{"Scritto da":"Staff","Tempo di lettura stimato":"10 minuti"},"schema":{"@context":"https:\/\/schema.org","@graph":[{"@type":"Organization","@id":"https:\/\/arteeluoghi.it\/#organization","name":"Arte e Luoghi","url":"https:\/\/arteeluoghi.it\/","sameAs":["https:\/\/www.facebook.com\/ArteELuoghi\/","https:\/\/www.instagram.com\/arteeluoghi\/?hl=it","https:\/\/www.youtube.com\/channel\/UCuRVc4JW4-C5sg9rQB-srkw?view_as=subscriber","https:\/\/twitter.com\/arteeluoghi"],"logo":{"@type":"ImageObject","@id":"https:\/\/arteeluoghi.it\/#logo","inLanguage":"it-IT","url":"https:\/\/arteeluoghi.it\/wp-content\/uploads\/2018\/08\/logoinstagramarte.jpg","contentUrl":"https:\/\/arteeluoghi.it\/wp-content\/uploads\/2018\/08\/logoinstagramarte.jpg","width":150,"height":150,"caption":"Arte e Luoghi"},"image":{"@id":"https:\/\/arteeluoghi.it\/#logo"}},{"@type":"WebSite","@id":"https:\/\/arteeluoghi.it\/#website","url":"https:\/\/arteeluoghi.it\/","name":"Arte e Luoghi","description":"Mensile di arte, cultura, turismo e curiosit\u00e0","publisher":{"@id":"https:\/\/arteeluoghi.it\/#organization"},"potentialAction":[{"@type":"SearchAction","target":{"@type":"EntryPoint","urlTemplate":"https:\/\/arteeluoghi.it\/?s={search_term_string}"},"query-input":"required name=search_term_string"}],"inLanguage":"it-IT"},{"@type":"ImageObject","@id":"https:\/\/arteeluoghi.it\/index.php\/2018\/06\/06\/5557\/#primaryimage","inLanguage":"it-IT","url":"https:\/\/arteeluoghi.it\/wp-content\/uploads\/2018\/06\/salentobookfestival.jpg","contentUrl":"https:\/\/arteeluoghi.it\/wp-content\/uploads\/2018\/06\/salentobookfestival.jpg","width":2500,"height":1104},{"@type":"WebPage","@id":"https:\/\/arteeluoghi.it\/index.php\/2018\/06\/06\/5557\/#webpage","url":"https:\/\/arteeluoghi.it\/index.php\/2018\/06\/06\/5557\/","name":"Salento Book, Festival Nazionale del Libro. Dal 7 giugno al 22 luglio | Arte e Luoghi","isPartOf":{"@id":"https:\/\/arteeluoghi.it\/#website"},"primaryImageOfPage":{"@id":"https:\/\/arteeluoghi.it\/index.php\/2018\/06\/06\/5557\/#primaryimage"},"datePublished":"2018-06-06T06:13:13+00:00","dateModified":"2018-06-12T20:26:51+00:00","breadcrumb":{"@id":"https:\/\/arteeluoghi.it\/index.php\/2018\/06\/06\/5557\/#breadcrumb"},"inLanguage":"it-IT","potentialAction":[{"@type":"ReadAction","target":["https:\/\/arteeluoghi.it\/index.php\/2018\/06\/06\/5557\/"]}]},{"@type":"BreadcrumbList","@id":"https:\/\/arteeluoghi.it\/index.php\/2018\/06\/06\/5557\/#breadcrumb","itemListElement":[{"@type":"ListItem","position":1,"name":"Home","item":"https:\/\/arteeluoghi.it\/"},{"@type":"ListItem","position":2,"name":"Salento Book, Festival Nazionale del Libro. Dal 7 giugno al 22 luglio"}]},{"@type":"Article","@id":"https:\/\/arteeluoghi.it\/index.php\/2018\/06\/06\/5557\/#article","isPartOf":{"@id":"https:\/\/arteeluoghi.it\/index.php\/2018\/06\/06\/5557\/#webpage"},"author":{"@id":"https:\/\/arteeluoghi.it\/#\/schema\/person\/f84e814e36e91e01448ee07eaadd41d4"},"headline":"Salento Book, Festival Nazionale del Libro. Dal 7 giugno al 22 luglio","datePublished":"2018-06-06T06:13:13+00:00","dateModified":"2018-06-12T20:26:51+00:00","mainEntityOfPage":{"@id":"https:\/\/arteeluoghi.it\/index.php\/2018\/06\/06\/5557\/#webpage"},"wordCount":1979,"commentCount":0,"publisher":{"@id":"https:\/\/arteeluoghi.it\/#organization"},"image":{"@id":"https:\/\/arteeluoghi.it\/index.php\/2018\/06\/06\/5557\/#primaryimage"},"thumbnailUrl":"https:\/\/arteeluoghi.it\/wp-content\/uploads\/2018\/06\/salentobookfestival.jpg","keywords":["Salento Book festival"],"articleSection":["I luoghi della parola","LIBRI"],"inLanguage":"it-IT","potentialAction":[{"@type":"CommentAction","name":"Comment","target":["https:\/\/arteeluoghi.it\/index.php\/2018\/06\/06\/5557\/#respond"]}]},{"@type":"Person","@id":"https:\/\/arteeluoghi.it\/#\/schema\/person\/f84e814e36e91e01448ee07eaadd41d4","name":"Staff","image":{"@type":"ImageObject","@id":"https:\/\/arteeluoghi.it\/#personlogo","inLanguage":"it-IT","url":"https:\/\/secure.gravatar.com\/avatar\/49d2f9e46271bb04e19cebfaf141313a?s=96&d=blank&r=g","contentUrl":"https:\/\/secure.gravatar.com\/avatar\/49d2f9e46271bb04e19cebfaf141313a?s=96&d=blank&r=g","caption":"Staff"}}]}},"_links":{"self":[{"href":"https:\/\/arteeluoghi.it\/index.php\/wp-json\/wp\/v2\/posts\/5557"}],"collection":[{"href":"https:\/\/arteeluoghi.it\/index.php\/wp-json\/wp\/v2\/posts"}],"about":[{"href":"https:\/\/arteeluoghi.it\/index.php\/wp-json\/wp\/v2\/types\/post"}],"author":[{"embeddable":true,"href":"https:\/\/arteeluoghi.it\/index.php\/wp-json\/wp\/v2\/users\/1"}],"replies":[{"embeddable":true,"href":"https:\/\/arteeluoghi.it\/index.php\/wp-json\/wp\/v2\/comments?post=5557"}],"version-history":[{"count":4,"href":"https:\/\/arteeluoghi.it\/index.php\/wp-json\/wp\/v2\/posts\/5557\/revisions"}],"predecessor-version":[{"id":5575,"href":"https:\/\/arteeluoghi.it\/index.php\/wp-json\/wp\/v2\/posts\/5557\/revisions\/5575"}],"wp:featuredmedia":[{"embeddable":true,"href":"https:\/\/arteeluoghi.it\/index.php\/wp-json\/wp\/v2\/media\/5573"}],"wp:attachment":[{"href":"https:\/\/arteeluoghi.it\/index.php\/wp-json\/wp\/v2\/media?parent=5557"}],"wp:term":[{"taxonomy":"category","embeddable":true,"href":"https:\/\/arteeluoghi.it\/index.php\/wp-json\/wp\/v2\/categories?post=5557"},{"taxonomy":"post_tag","embeddable":true,"href":"https:\/\/arteeluoghi.it\/index.php\/wp-json\/wp\/v2\/tags?post=5557"}],"curies":[{"name":"wp","href":"https:\/\/api.w.org\/{rel}","templated":true}]}}