{"id":5576,"date":"2018-06-18T20:10:53","date_gmt":"2018-06-18T18:10:53","guid":{"rendered":"http:\/\/arteeluoghi.it\/?p=5576"},"modified":"2018-06-19T08:14:06","modified_gmt":"2018-06-19T06:14:06","slug":"intervista-a-riccardo-belardi","status":"publish","type":"post","link":"https:\/\/arteeluoghi.it\/index.php\/2018\/06\/18\/intervista-a-riccardo-belardi\/","title":{"rendered":"La fotografia come racconto. Intervista al fotografo Riccardo Belardi"},"content":{"rendered":"<p>&nbsp;<\/p>\n<p><img loading=\"lazy\" class=\"size-medium wp-image-5598 alignleft\" src=\"https:\/\/arteeluoghi.it\/wp-content\/uploads\/2018\/06\/riccardo-belardi-295x300.jpg\" alt=\"\" width=\"295\" height=\"300\" srcset=\"https:\/\/arteeluoghi.it\/wp-content\/uploads\/2018\/06\/riccardo-belardi-295x300.jpg 295w, https:\/\/arteeluoghi.it\/wp-content\/uploads\/2018\/06\/riccardo-belardi-768x782.jpg 768w, https:\/\/arteeluoghi.it\/wp-content\/uploads\/2018\/06\/riccardo-belardi.jpg 863w\" sizes=\"(max-width: 295px) 100vw, 295px\" \/>di Antonietta Fulvio<\/p>\n<p>Ci sono mostre rivelatrici\u00a0 perch\u00e9 riescono a mettere in evidenza &#8220;giovani&#8221; talenti.\u00a0 \u00c8 il caso di &#8220;S Oggetti&#8221;, la collettiva di fotografia, che si \u00e8 svolta a Lecce dal 6 al 16 giugno negli spazi di Set 32, sede di FotoScuolaLecce. Una mostra &#8211; e un libro curato dal fotografo Bruno Barillari (Il Raggio Verde edizioni) &#8211; che ha messo a fuoco l&#8217;importanza della fotografia come strumento di indagine antropologica raccontando, con una serie esclusiva di ritratti, alcuni personaggi di spicco della comunit\u00e0 salentina. A fotografarli sono stati gli allievi della scuola, ideata da <strong>Alessandra de Donatis<\/strong>, punto di riferimento nel territorio in ambito di &#8220;formazione per immagini&#8221; cos\u00ec come recita il suo slogan. Per l&#8217;occasione, abbiamo incontrato il fotografo <strong>Riccardo Belardi,<\/strong> che firma due foto di S Oggetti, inaugurando, in virt\u00f9 del sodalizio tra la rivista &#8220;<strong>Arte e Luoghi<\/strong>&#8221; e<a href=\"http:\/\/www.fotoscuolalecce.it\/\"><strong>\u00a0FotoScuolaLecce<\/strong><\/a>, la prima di una serie di interviste dedicate a questi giovani professionisti della fotografia.<!--more--><\/p>\n<p><strong><img loading=\"lazy\" class=\"alignright wp-image-5656 size-medium\" src=\"https:\/\/arteeluoghi.it\/wp-content\/uploads\/2018\/06\/India-Marzo-2018-2-300x200.jpg\" alt=\"India, Marzo 2018\" width=\"300\" height=\"200\" srcset=\"https:\/\/arteeluoghi.it\/wp-content\/uploads\/2018\/06\/India-Marzo-2018-2-300x200.jpg 300w, https:\/\/arteeluoghi.it\/wp-content\/uploads\/2018\/06\/India-Marzo-2018-2-768x512.jpg 768w, https:\/\/arteeluoghi.it\/wp-content\/uploads\/2018\/06\/India-Marzo-2018-2.jpg 850w\" sizes=\"(max-width: 300px) 100vw, 300px\" \/>Romano ma salentino d&#8217;adozione, Riccardo Belardi nella vita \u00e8 controllore di volo in un ACC (Area Controle Centre) adiacente l&#8217;aeroporto di Brindisi.<\/strong>\u00a0<strong>Perch\u00e9 un &#8220;uomo radar&#8221; ad un certo punto sceglie di andare a scuola di fotografia?<\/strong><\/p>\n<blockquote><p>Ogni volta che mi trovavo di fronte a qualcosa che a i miei occhi risultava bello ed emozionante, cercavo sempre di riprodurre in fotografia le emozioni che mi trasmetteva\u2026 fallendo miseramente. Vedendo i progressi post corso di FotoScuolaLecce fatti da persone vicino a me, mi sono deciso a seguire questa strada. L\u2019improvvisazione e il fai da te molto spesso portano solo brutti vizi e cattive abitudini, per questo ho pensato fosse la soluzione migliore affidarmi a dei professionisti.\u00a0Tre anni fa ho iniziato a frequentare i corsi di FotoScuolaLecce\u00a0 con lo scopo di riuscire ad immortalare in maniera decente ci\u00f2 che vedevo durante le vacanze\u2026 e poi mi si \u00e8 aperto un mondo, scoprendo molte affinit\u00e0 col mio lavoro. Si dice che mettendo in una stanza un problema con due controllori escano tre pareri diversi, lo stesso vale per i fotografi con un\u2019immagine. Grazie ai corsi accademici che ho frequentato, ho scoperto rami della fotografia che non pensavo esistessero e che esiste un altro punto di vista oltre a quello dell\u2019occhio, quello dell\u2019occhio del fotografo.<\/p><\/blockquote>\n<p><strong>Come \u00e8 cambiato il suo approccio con la fotografia da allievo?<\/strong><\/p>\n<blockquote><p>Il programma scolastico non mi ha solo aiutato ad apprendere tecniche e regole nuove, ma soprattutto mi ha indirizzato verso quello che poteva diventare la &#8220;mia fotografia&#8221;. Inizialmente mi sono dedicato ai paesaggi salentini, sempre cercando di <em>fare la differenza<\/em>, perch\u00e9 questo \u00e8 stato uno dei primi insegnamenti della scuola. Ormai la fotografia esiste da secoli e tutti hanno fotografato tutto e in tutti i modi, o quasi. Ed \u00e8 quel <em>quasi<\/em> che cerco sempre di raggiungere. La prima \u201cspecializzazione\u201d\u00a0 \u00e8 stata la fotografia di strada: la presenza umana, in tutte le sue sfaccettature, secondo me d\u00e0 un altro peso alla fotografia e un\u2019emozione diversa all\u2019osservatore\u2026 \u00e8 un\u2019arma a doppio taglio ma se usata bene pu\u00f2 produrre sensazioni positive. L\u2019importante \u00e8 che la fotografia racconti qualcosa\u00a0 e che riesca a catturare l&#8217;attenzione dell\u2019osservatore come se stesse ascoltando il racconto.<\/p><\/blockquote>\n<p><strong><style id=\"bwg-style-0\">  #bwg_container1_0 {    display: table;\t\/*visibility: hidden;*\/  }  #bwg_container1_0 * {\t  -moz-user-select: none;\t  -khtml-user-select: none;\t  -webkit-user-select: none;\t  -ms-user-select: none;\t  user-select: none;  }  #bwg_container1_0 #bwg_container2_0 .bwg_slideshow_image_wrap_0 {\t  background-color: #000000;\t  width: 800px;\t  height: 500px;  }  #bwg_container1_0 #bwg_container2_0 .bwg_slideshow_image_0 {\t  max-width: 800px;\t  max-height: 410px;  }  #bwg_container1_0 #bwg_container2_0 .bwg_slideshow_embed_0 {    width: 800px;    height: 410px;  }  #bwg_container1_0 #bwg_container2_0 #bwg_slideshow_play_pause_0 {\t  background: transparent url(\"https:\/\/arteeluoghi.it\/wp-content\/plugins\/photo-gallery\/images\/blank.gif\") repeat scroll 0 0;  }  #bwg_container1_0 #bwg_container2_0 #bwg_slideshow_play_pause-ico_0 {    color: #FFFFFF;    font-size: 60px;  }  #bwg_container1_0 #bwg_container2_0 #bwg_slideshow_play_pause-ico_0:hover {\t  color: #DBDBDB;  }  #bwg_container1_0 #bwg_container2_0 #spider_slideshow_left_0,  #bwg_container1_0 #bwg_container2_0 #spider_slideshow_right_0 {\t  background: transparent url(\"https:\/\/arteeluoghi.it\/wp-content\/plugins\/photo-gallery\/images\/blank.gif\") repeat scroll 0 0;  }  #bwg_container1_0 #bwg_container2_0 #spider_slideshow_left-ico_0,  #bwg_container1_0 #bwg_container2_0 #spider_slideshow_right-ico_0 {\t  background-color: #000000;\t  border-radius: 20px;\t  border: 0px none #FFFFFF;\t  box-shadow: ;\t  color: #FFFFFF;\t  height: 40px;\t  font-size: 20px;\t  width: 40px;\t  opacity: 1.00;  }  #bwg_container1_0 #bwg_container2_0 #spider_slideshow_left-ico_0:hover,  #bwg_container1_0 #bwg_container2_0 #spider_slideshow_right-ico_0:hover {\t  color: #DBDBDB;  }      #spider_slideshow_left-ico_0{      left: -9999px;    }    #spider_slideshow_right-ico_0{      left: -9999px;    }      #bwg_container1_0 #bwg_container2_0 .bwg_slideshow_image_container_0 {\t  bottom: 90px;\t  width: 800px;\t  height: 500px;\t}\t#bwg_container1_0 #bwg_container2_0 .bwg_slideshow_filmstrip_container_0 {\t  display: table;\t  height: 90px;\t  width: 800px;\t  bottom: 0;  }  \/* Filmstrip dimension *\/  #bwg_container1_0 #bwg_container2_0 .bwg_slideshow_filmstrip_0 {\t  left: 20px;\t  width: 760px;\t  \/*z-index: 10106;*\/  }  #bwg_container1_0 #bwg_container2_0 .bwg_slideshow_filmstrip_thumbnails_0 {    left: 0px;    width: 4075px;    height: 90px;  }  #bwg_container1_0 #bwg_container2_0 .bwg_slideshow_filmstrip_thumbnail_0 {    width: 161px;    height: 90px;    margin: 0 1px;    border: 1px none #000000;    border-radius: 0;  }  #bwg_container1_0 #bwg_container2_0 .bwg_slideshow_thumb_active_0 {\t  border: 0px solid #FFFFFF;  }  #bwg_container1_0 #bwg_container2_0 .bwg_slideshow_thumb_deactive_0 {    opacity: 0.80;  }  #bwg_container1_0 #bwg_container2_0 .bwg_slideshow_filmstrip_left_0,  #bwg_container1_0 #bwg_container2_0 .bwg_slideshow_filmstrip_left_disabled_0 {\t  background-color: #303030;\t  display: table-cell;\t  width: 20px;\t  left: 0;\t  \t    }  #bwg_container1_0 #bwg_container2_0 .bwg_slideshow_filmstrip_right_0,  #bwg_container1_0 #bwg_container2_0 .bwg_slideshow_filmstrip_right_disabled_0 {\t  background-color: #303030;    display: table-cell;    right: 0;\t  width: 20px;\t  \t    }  #bwg_container1_0 #bwg_container2_0 .bwg_slideshow_filmstrip_left_0 i,  #bwg_container1_0 #bwg_container2_0 .bwg_slideshow_filmstrip_right_0 i,  #bwg_container1_0 #bwg_container2_0 .bwg_slideshow_filmstrip_left_disabled_0 i,  #bwg_container1_0 #bwg_container2_0 .bwg_slideshow_filmstrip_right_disabled_0 i {\t  color: #FFFFFF;\t  font-size: 20px;  }  #bwg_container1_0 #bwg_container2_0 .bwg_slideshow_filmstrip_left_0 {    display: none;  }  #bwg_container1_0 #bwg_container2_0 .bwg_slideshow_filmstrip_left_disabled_0,  #bwg_container1_0 #bwg_container2_0 .bwg_slideshow_filmstrip_right_disabled_0 {    display: none;    opacity: 0.3;  }  #bwg_container1_0 #bwg_container2_0 .bwg_slideshow_filmstrip_left_disabled_0 {    display: table-cell;  }  #bwg_container1_0 #bwg_container2_0 .bwg_slideshow_watermark_spun_0 {\t  text-align: left;\t  vertical-align: bottom;  }  #bwg_container1_0 #bwg_container2_0 .bwg_slideshow_title_spun_0 {\t  text-align: right;\t  vertical-align: top;  }  #bwg_container1_0 #bwg_container2_0 .bwg_slideshow_description_spun_0 {\t  text-align: right;\t  vertical-align: bottom;  }  #bwg_container1_0 #bwg_container2_0 .bwg_slideshow_watermark_image_0 {\t  max-height: 90px;\t  max-width: 90px;\t  opacity: 0.30;  }  #bwg_container1_0 #bwg_container2_0 .bwg_slideshow_watermark_text_0,  #bwg_container1_0 #bwg_container2_0 .bwg_slideshow_watermark_text_0:hover {\t  text-decoration: none;\t  margin: 4px;\t  position: relative;\t  z-index: 15;  }  #bwg_container1_0 #bwg_container2_0 .bwg_slideshow_title_text_0 {\t  font-size: 16px;\t  font-family: segoe ui;\t  color: #FFFFFF !important;\t  opacity: 0.70;    border-radius: 5px;\t  background-color: #000000;\t  padding: 5px 10px 5px 10px;\t  \t\tmargin: 5px;\t  \t    }  #bwg_container1_0 #bwg_container2_0 .bwg_slideshow_description_text_0 {\t  font-size: 14px;\t  font-family: segoe ui;\t  color: #FFFFFF !important;\t  opacity: 0.70;    border-radius: 0;\t  background-color: #000000;\t  padding: 5px 10px 5px 10px;\t    }  #bwg_container1_0 #bwg_container2_0 .bwg_slideshow_description_text_0 * {\ttext-decoration: none;\tcolor: #FFFFFF !important;  }  #bwg_container1_0 #bwg_container2_0 .bwg_slideshow_dots_0 {\t  width: 10px;\t  height: 10px;\t  border-radius: 10px;\t  background: #292929;\t  margin: 1px;  }  #bwg_container1_0 #bwg_container2_0 .bwg_slideshow_dots_container_0 {\t  width: 800px;\t  bottom: 0;  }  #bwg_container1_0 #bwg_container2_0 .bwg_slideshow_dots_thumbnails_0 {\t  height: 12px;\t  width: 300px;  }  #bwg_container1_0 #bwg_container2_0 .bwg_slideshow_dots_active_0 {\t  background: #292929;\t  border: 2px solid #FFC933;  }  <\/style>    <div id=\"bwg_container1_0\"         class=\"bwg_container bwg_thumbnail bwg_slideshow \"         data-right-click-protection=\"0\"         data-bwg=\"0\"         data-scroll=\"0\"         data-gallery-type=\"slideshow\"         data-gallery-view-type=\"slideshow\"         data-current-url=\"\/index.php\/wp-json\/wp\/v2\/posts\/5576\"         data-lightbox-url=\"https:\/\/arteeluoghi.it\/wp-admin\/admin-ajax.php?action=GalleryBox&#038;current_view=0&#038;gallery_id=8&#038;tag=0&#038;theme_id=2&#038;shortcode_id=37&#038;sort_by=order&#038;order_by=asc&#038;current_url=%2Findex.php%2Fwp-json%2Fwp%2Fv2%2Fposts%2F5576\"         data-gallery-id=\"8\"         data-popup-width=\"800\"         data-popup-height=\"500\"         data-is-album=\"gallery\"         data-buttons-position=\"bottom\">      <div id=\"bwg_container2_0\">             <div id=\"ajax_loading_0\" class=\"bwg_loading_div_1\">      <div class=\"bwg_loading_div_2\">        <div class=\"bwg_loading_div_3\">          <div id=\"loading_div_0\" class=\"bwg_spider_ajax_loading\">          <\/div>        <\/div>      <\/div>    <\/div>            <form id=\"gal_front_form_0\"              class=\"bwg-hidden\"              method=\"post\"              action=\"#\"              data-current=\"0\"              data-shortcode-id=\"37\"              data-gallery-type=\"slideshow\"              data-gallery-id=\"8\"              data-tag=\"0\"              data-album-id=\"0\"              data-theme-id=\"2\"              data-ajax-url=\"https:\/\/arteeluoghi.it\/wp-admin\/admin-ajax.php?action=bwg_frontend_data\">          <div id=\"bwg_container3_0\" class=\"bwg-background bwg-background-0\">              <div class=\"bwg_slideshow_image_wrap_0 bwg-slideshow-images-wrapper bwg-container\"       data-bwg=\"0\"       data-lightbox-url=\"https:\/\/arteeluoghi.it\/wp-admin\/admin-ajax.php?action=GalleryBox&#038;current_view=0&#038;gallery_id=8&#038;tag=0&#038;theme_id=2&#038;shortcode_id=37&#038;sort_by=order&#038;order_by=asc&#038;current_url=%2Findex.php%2Fwp-json%2Fwp%2Fv2%2Fposts%2F5576\">          <div class=\"bwg_slideshow_filmstrip_container_0\">        <div class=\"bwg_slideshow_filmstrip_left_0\">          <i class=\"bwg-icon-angle-left\"><\/i>        <\/div>        <div class=\"bwg_slideshow_filmstrip_left_disabled_0\">          <i class=\"bwg-icon-angle-left\"><\/i>        <\/div>        <div class=\"bwg_slideshow_filmstrip_0 bwg_slideshow_filmstrip\">          <div class=\"bwg_slideshow_filmstrip_thumbnails_0\">                          <div id=\"bwg_filmstrip_thumbnail_0_0\"                class=\"bwg_slideshow_filmstrip_thumbnail_0 bwg_slideshow_thumb_active_0\"                data-style=\"width:161px; height:90px;\">                <img class=\"bwg_filmstrip_thumbnail_img bwg_slideshow_filmstrip_thumbnail_img_0\"                  style=\"width:161px; height:107.548px; margin-left: 0px; margin-top: -8.774px;\"                  data-style=\"width:161px; height:107.548px; margin-left: 0px; margin-top: -8.774px;\"                  src=\"https:\/\/arteeluoghi.it\/wp-content\/uploads\/photo-gallery\/riccardo_belardi\/thumb\/India_Marzo_2018_(1).jpg\"                  data-src=\"https:\/\/arteeluoghi.it\/wp-content\/uploads\/photo-gallery\/riccardo_belardi\/thumb\/India_Marzo_2018_(1).jpg\"                  onclick=\"bwg_change_image(parseInt(jQuery('#bwg_current_image_key_0').val()), '0', '', '', '0')\"                  image_id=\"204\"                  image_key=\"0\"                  alt=\"India Marzo 2018 (1)\"                  title=\"India Marzo 2018 (1)\" \/>              <\/div>                            <div id=\"bwg_filmstrip_thumbnail_1_0\"                class=\"bwg_slideshow_filmstrip_thumbnail_0 bwg_slideshow_thumb_deactive_0\"                data-style=\"width:161px; height:90px;\">                <img class=\"bwg_filmstrip_thumbnail_img bwg_slideshow_filmstrip_thumbnail_img_0\"                  style=\"width:161px; height:120.75px; margin-left: 0px; margin-top: -15.375px;\"                  data-style=\"width:161px; height:120.75px; margin-left: 0px; margin-top: -15.375px;\"                  src=\"https:\/\/arteeluoghi.it\/wp-content\/uploads\/photo-gallery\/riccardo_belardi\/thumb\/Lecce_Febbraio_2018_(1).jpg\"                  data-src=\"https:\/\/arteeluoghi.it\/wp-content\/uploads\/photo-gallery\/riccardo_belardi\/thumb\/Lecce_Febbraio_2018_(1).jpg\"                  onclick=\"bwg_change_image(parseInt(jQuery('#bwg_current_image_key_0').val()), '1', '', '', '0')\"                  image_id=\"203\"                  image_key=\"1\"                  alt=\"Lecce Febbraio 2018 (1)\"                  title=\"Lecce Febbraio 2018 (1)\" \/>              <\/div>                            <div id=\"bwg_filmstrip_thumbnail_2_0\"                class=\"bwg_slideshow_filmstrip_thumbnail_0 bwg_slideshow_thumb_deactive_0\"                data-style=\"width:161px; height:90px;\">                <img class=\"bwg_filmstrip_thumbnail_img bwg_slideshow_filmstrip_thumbnail_img_0\"                  style=\"width:161px; height:107.548px; margin-left: 0px; margin-top: -8.774px;\"                  data-style=\"width:161px; height:107.548px; margin-left: 0px; margin-top: -8.774px;\"                  src=\"https:\/\/arteeluoghi.it\/wp-content\/uploads\/photo-gallery\/riccardo_belardi\/thumb\/India_Marzo_2018_(2).jpg\"                  data-src=\"https:\/\/arteeluoghi.it\/wp-content\/uploads\/photo-gallery\/riccardo_belardi\/thumb\/India_Marzo_2018_(2).jpg\"                  onclick=\"bwg_change_image(parseInt(jQuery('#bwg_current_image_key_0').val()), '2', '', '', '0')\"                  image_id=\"202\"                  image_key=\"2\"                  alt=\"India Marzo 2018 (2)\"                  title=\"India Marzo 2018 (2)\" \/>              <\/div>                            <div id=\"bwg_filmstrip_thumbnail_3_0\"                class=\"bwg_slideshow_filmstrip_thumbnail_0 bwg_slideshow_thumb_deactive_0\"                data-style=\"width:161px; height:90px;\">                <img class=\"bwg_filmstrip_thumbnail_img bwg_slideshow_filmstrip_thumbnail_img_0\"                  style=\"width:161px; height:107.548px; margin-left: 0px; margin-top: -8.774px;\"                  data-style=\"width:161px; height:107.548px; margin-left: 0px; margin-top: -8.774px;\"                  src=\"https:\/\/arteeluoghi.it\/wp-content\/uploads\/photo-gallery\/riccardo_belardi\/thumb\/Lecce_Febbraio_2018_(2)%20(1).jpg\"                  data-src=\"https:\/\/arteeluoghi.it\/wp-content\/uploads\/photo-gallery\/riccardo_belardi\/thumb\/Lecce_Febbraio_2018_(2)%20(1).jpg\"                  onclick=\"bwg_change_image(parseInt(jQuery('#bwg_current_image_key_0').val()), '3', '', '', '0')\"                  image_id=\"201\"                  image_key=\"3\"                  alt=\"Lecce Febbraio 2018 (2) (1)\"                  title=\"Lecce Febbraio 2018 (2) (1)\" \/>              <\/div>                            <div id=\"bwg_filmstrip_thumbnail_4_0\"                class=\"bwg_slideshow_filmstrip_thumbnail_0 bwg_slideshow_thumb_deactive_0\"                data-style=\"width:161px; height:90px;\">                <img class=\"bwg_filmstrip_thumbnail_img bwg_slideshow_filmstrip_thumbnail_img_0\"                  style=\"width:161px; height:107.226px; margin-left: 0px; margin-top: -8.613px;\"                  data-style=\"width:161px; height:107.226px; margin-left: 0px; margin-top: -8.613px;\"                  src=\"https:\/\/arteeluoghi.it\/wp-content\/uploads\/photo-gallery\/riccardo_belardi\/thumb\/Lecce_Giugno_2016_(1).jpg\"                  data-src=\"https:\/\/arteeluoghi.it\/wp-content\/uploads\/photo-gallery\/riccardo_belardi\/thumb\/Lecce_Giugno_2016_(1).jpg\"                  onclick=\"bwg_change_image(parseInt(jQuery('#bwg_current_image_key_0').val()), '4', '', '', '0')\"                  image_id=\"200\"                  image_key=\"4\"                  alt=\"Lecce Giugno 2016 (1)\"                  title=\"Lecce Giugno 2016 (1)\" \/>              <\/div>                            <div id=\"bwg_filmstrip_thumbnail_5_0\"                class=\"bwg_slideshow_filmstrip_thumbnail_0 bwg_slideshow_thumb_deactive_0\"                data-style=\"width:161px; height:90px;\">                <img class=\"bwg_filmstrip_thumbnail_img bwg_slideshow_filmstrip_thumbnail_img_0\"                  style=\"width:161px; height:107.226px; margin-left: 0px; margin-top: -8.613px;\"                  data-style=\"width:161px; height:107.226px; margin-left: 0px; margin-top: -8.613px;\"                  src=\"https:\/\/arteeluoghi.it\/wp-content\/uploads\/photo-gallery\/riccardo_belardi\/thumb\/Lecce_Giugno_2016_(3).jpg\"                  data-src=\"https:\/\/arteeluoghi.it\/wp-content\/uploads\/photo-gallery\/riccardo_belardi\/thumb\/Lecce_Giugno_2016_(3).jpg\"                  onclick=\"bwg_change_image(parseInt(jQuery('#bwg_current_image_key_0').val()), '5', '', '', '0')\"                  image_id=\"199\"                  image_key=\"5\"                  alt=\"Lecce Giugno 2016 (3)\"                  title=\"Lecce Giugno 2016 (3)\" \/>              <\/div>                            <div id=\"bwg_filmstrip_thumbnail_6_0\"                class=\"bwg_slideshow_filmstrip_thumbnail_0 bwg_slideshow_thumb_deactive_0\"                data-style=\"width:161px; height:90px;\">                <img class=\"bwg_filmstrip_thumbnail_img bwg_slideshow_filmstrip_thumbnail_img_0\"                  style=\"width:161px; height:120.75px; margin-left: 0px; margin-top: -15.375px;\"                  data-style=\"width:161px; height:120.75px; margin-left: 0px; margin-top: -15.375px;\"                  src=\"https:\/\/arteeluoghi.it\/wp-content\/uploads\/photo-gallery\/riccardo_belardi\/thumb\/Lecce_Giugno_2016_(4).jpg\"                  data-src=\"https:\/\/arteeluoghi.it\/wp-content\/uploads\/photo-gallery\/riccardo_belardi\/thumb\/Lecce_Giugno_2016_(4).jpg\"                  onclick=\"bwg_change_image(parseInt(jQuery('#bwg_current_image_key_0').val()), '6', '', '', '0')\"                  image_id=\"198\"                  image_key=\"6\"                  alt=\"Lecce Giugno 2016 (4)\"                  title=\"Lecce Giugno 2016 (4)\" \/>              <\/div>                            <div id=\"bwg_filmstrip_thumbnail_7_0\"                class=\"bwg_slideshow_filmstrip_thumbnail_0 bwg_slideshow_thumb_deactive_0\"                data-style=\"width:161px; height:90px;\">                <img class=\"bwg_filmstrip_thumbnail_img bwg_slideshow_filmstrip_thumbnail_img_0\"                  style=\"width:161px; height:120.75px; margin-left: 0px; margin-top: -15.375px;\"                  data-style=\"width:161px; height:120.75px; margin-left: 0px; margin-top: -15.375px;\"                  src=\"https:\/\/arteeluoghi.it\/wp-content\/uploads\/photo-gallery\/riccardo_belardi\/thumb\/Lecce_Giugno_2016_(2).jpg\"                  data-src=\"https:\/\/arteeluoghi.it\/wp-content\/uploads\/photo-gallery\/riccardo_belardi\/thumb\/Lecce_Giugno_2016_(2).jpg\"                  onclick=\"bwg_change_image(parseInt(jQuery('#bwg_current_image_key_0').val()), '7', '', '', '0')\"                  image_id=\"197\"                  image_key=\"7\"                  alt=\"Lecce Giugno 2016 (2)\"                  title=\"Lecce Giugno 2016 (2)\" \/>              <\/div>                            <div id=\"bwg_filmstrip_thumbnail_8_0\"                class=\"bwg_slideshow_filmstrip_thumbnail_0 bwg_slideshow_thumb_deactive_0\"                data-style=\"width:161px; height:90px;\">                <img class=\"bwg_filmstrip_thumbnail_img bwg_slideshow_filmstrip_thumbnail_img_0\"                  style=\"width:161px; height:241.74174174174px; margin-left: 0px; margin-top: -75.870870870871px;\"                  data-style=\"width:161px; height:241.74174174174px; margin-left: 0px; margin-top: -75.870870870871px;\"                  src=\"https:\/\/arteeluoghi.it\/wp-content\/uploads\/photo-gallery\/riccardo_belardi\/thumb\/Otranto_Agosto_2016.jpg\"                  data-src=\"https:\/\/arteeluoghi.it\/wp-content\/uploads\/photo-gallery\/riccardo_belardi\/thumb\/Otranto_Agosto_2016.jpg\"                  onclick=\"bwg_change_image(parseInt(jQuery('#bwg_current_image_key_0').val()), '8', '', '', '0')\"                  image_id=\"196\"                  image_key=\"8\"                  alt=\"Otranto Agosto 2016\"                  title=\"Otranto Agosto 2016\" \/>              <\/div>                            <div id=\"bwg_filmstrip_thumbnail_9_0\"                class=\"bwg_slideshow_filmstrip_thumbnail_0 bwg_slideshow_thumb_deactive_0\"                data-style=\"width:161px; height:90px;\">                <img class=\"bwg_filmstrip_thumbnail_img bwg_slideshow_filmstrip_thumbnail_img_0\"                  style=\"width:161px; height:107.226px; margin-left: 0px; margin-top: -8.613px;\"                  data-style=\"width:161px; height:107.226px; margin-left: 0px; margin-top: -8.613px;\"                  src=\"https:\/\/arteeluoghi.it\/wp-content\/uploads\/photo-gallery\/riccardo_belardi\/thumb\/Pompei_Marzo_2016.jpg\"                  data-src=\"https:\/\/arteeluoghi.it\/wp-content\/uploads\/photo-gallery\/riccardo_belardi\/thumb\/Pompei_Marzo_2016.jpg\"                  onclick=\"bwg_change_image(parseInt(jQuery('#bwg_current_image_key_0').val()), '9', '', '', '0')\"                  image_id=\"195\"                  image_key=\"9\"                  alt=\"Pompei Marzo 2016\"                  title=\"Pompei Marzo 2016\" \/>              <\/div>                            <div id=\"bwg_filmstrip_thumbnail_10_0\"                class=\"bwg_slideshow_filmstrip_thumbnail_0 bwg_slideshow_thumb_deactive_0\"                data-style=\"width:161px; height:90px;\">                <img class=\"bwg_filmstrip_thumbnail_img bwg_slideshow_filmstrip_thumbnail_img_0\"                  style=\"width:161px; height:107.226px; margin-left: 0px; margin-top: -8.613px;\"                  data-style=\"width:161px; height:107.226px; margin-left: 0px; margin-top: -8.613px;\"                  src=\"https:\/\/arteeluoghi.it\/wp-content\/uploads\/photo-gallery\/riccardo_belardi\/thumb\/Pompei_Marzo_2016_(2).jpg\"                  data-src=\"https:\/\/arteeluoghi.it\/wp-content\/uploads\/photo-gallery\/riccardo_belardi\/thumb\/Pompei_Marzo_2016_(2).jpg\"                  onclick=\"bwg_change_image(parseInt(jQuery('#bwg_current_image_key_0').val()), '10', '', '', '0')\"                  image_id=\"194\"                  image_key=\"10\"                  alt=\"Pompei Marzo 2016 (2)\"                  title=\"Pompei Marzo 2016 (2)\" \/>              <\/div>                            <div id=\"bwg_filmstrip_thumbnail_11_0\"                class=\"bwg_slideshow_filmstrip_thumbnail_0 bwg_slideshow_thumb_deactive_0\"                data-style=\"width:161px; height:90px;\">                <img class=\"bwg_filmstrip_thumbnail_img bwg_slideshow_filmstrip_thumbnail_img_0\"                  style=\"width:161px; height:107.226px; margin-left: 0px; margin-top: -8.613px;\"                  data-style=\"width:161px; height:107.226px; margin-left: 0px; margin-top: -8.613px;\"                  src=\"https:\/\/arteeluoghi.it\/wp-content\/uploads\/photo-gallery\/riccardo_belardi\/thumb\/Roma_Febbraio_2016_(1).jpg\"                  data-src=\"https:\/\/arteeluoghi.it\/wp-content\/uploads\/photo-gallery\/riccardo_belardi\/thumb\/Roma_Febbraio_2016_(1).jpg\"                  onclick=\"bwg_change_image(parseInt(jQuery('#bwg_current_image_key_0').val()), '11', '', '', '0')\"                  image_id=\"192\"                  image_key=\"11\"                  alt=\"Roma Febbraio 2016 (1)\"                  title=\"Roma Febbraio 2016 (1)\" \/>              <\/div>                            <div id=\"bwg_filmstrip_thumbnail_12_0\"                class=\"bwg_slideshow_filmstrip_thumbnail_0 bwg_slideshow_thumb_deactive_0\"                data-style=\"width:161px; height:90px;\">                <img class=\"bwg_filmstrip_thumbnail_img bwg_slideshow_filmstrip_thumbnail_img_0\"                  style=\"width:161px; height:241.74174174174px; margin-left: 0px; margin-top: -75.870870870871px;\"                  data-style=\"width:161px; height:241.74174174174px; margin-left: 0px; margin-top: -75.870870870871px;\"                  src=\"https:\/\/arteeluoghi.it\/wp-content\/uploads\/photo-gallery\/riccardo_belardi\/thumb\/Roma_Febbraio_2016_(2).jpg\"                  data-src=\"https:\/\/arteeluoghi.it\/wp-content\/uploads\/photo-gallery\/riccardo_belardi\/thumb\/Roma_Febbraio_2016_(2).jpg\"                  onclick=\"bwg_change_image(parseInt(jQuery('#bwg_current_image_key_0').val()), '12', '', '', '0')\"                  image_id=\"191\"                  image_key=\"12\"                  alt=\"Roma Febbraio 2016 (2)\"                  title=\"Roma Febbraio 2016 (2)\" \/>              <\/div>                            <div id=\"bwg_filmstrip_thumbnail_13_0\"                class=\"bwg_slideshow_filmstrip_thumbnail_0 bwg_slideshow_thumb_deactive_0\"                data-style=\"width:161px; height:90px;\">                <img class=\"bwg_filmstrip_thumbnail_img bwg_slideshow_filmstrip_thumbnail_img_0\"                  style=\"width:161px; height:102.074px; margin-left: 0px; margin-top: -6.037px;\"                  data-style=\"width:161px; height:102.074px; margin-left: 0px; margin-top: -6.037px;\"                  src=\"https:\/\/arteeluoghi.it\/wp-content\/uploads\/photo-gallery\/riccardo_belardi\/thumb\/Lecce_Maggio_2016.jpg\"                  data-src=\"https:\/\/arteeluoghi.it\/wp-content\/uploads\/photo-gallery\/riccardo_belardi\/thumb\/Lecce_Maggio_2016.jpg\"                  onclick=\"bwg_change_image(parseInt(jQuery('#bwg_current_image_key_0').val()), '13', '', '', '0')\"                  image_id=\"190\"                  image_key=\"13\"                  alt=\"Lecce Maggio 2016\"                  title=\"Lecce Maggio 2016\" \/>              <\/div>                            <div id=\"bwg_filmstrip_thumbnail_14_0\"                class=\"bwg_slideshow_filmstrip_thumbnail_0 bwg_slideshow_thumb_deactive_0\"                data-style=\"width:161px; height:90px;\">                <img class=\"bwg_filmstrip_thumbnail_img bwg_slideshow_filmstrip_thumbnail_img_0\"                  style=\"width:161px; height:110.446px; margin-left: 0px; margin-top: -10.223px;\"                  data-style=\"width:161px; height:110.446px; margin-left: 0px; margin-top: -10.223px;\"                  src=\"https:\/\/arteeluoghi.it\/wp-content\/uploads\/photo-gallery\/riccardo_belardi\/thumb\/Roma_Febbraio_2016_(3).jpg\"                  data-src=\"https:\/\/arteeluoghi.it\/wp-content\/uploads\/photo-gallery\/riccardo_belardi\/thumb\/Roma_Febbraio_2016_(3).jpg\"                  onclick=\"bwg_change_image(parseInt(jQuery('#bwg_current_image_key_0').val()), '14', '', '', '0')\"                  image_id=\"189\"                  image_key=\"14\"                  alt=\"Roma Febbraio 2016 (3)\"                  title=\"Roma Febbraio 2016 (3)\" \/>              <\/div>                            <div id=\"bwg_filmstrip_thumbnail_15_0\"                class=\"bwg_slideshow_filmstrip_thumbnail_0 bwg_slideshow_thumb_deactive_0\"                data-style=\"width:161px; height:90px;\">                <img class=\"bwg_filmstrip_thumbnail_img bwg_slideshow_filmstrip_thumbnail_img_0\"                  style=\"width:161px; height:107.226px; margin-left: 0px; margin-top: -8.613px;\"                  data-style=\"width:161px; height:107.226px; margin-left: 0px; margin-top: -8.613px;\"                  src=\"https:\/\/arteeluoghi.it\/wp-content\/uploads\/photo-gallery\/riccardo_belardi\/thumb\/Roma_Febbraio_2016.jpg\"                  data-src=\"https:\/\/arteeluoghi.it\/wp-content\/uploads\/photo-gallery\/riccardo_belardi\/thumb\/Roma_Febbraio_2016.jpg\"                  onclick=\"bwg_change_image(parseInt(jQuery('#bwg_current_image_key_0').val()), '15', '', '', '0')\"                  image_id=\"186\"                  image_key=\"15\"                  alt=\"Roma Febbraio 2016\"                  title=\"Roma Febbraio 2016\" \/>              <\/div>                            <div id=\"bwg_filmstrip_thumbnail_16_0\"                class=\"bwg_slideshow_filmstrip_thumbnail_0 bwg_slideshow_thumb_deactive_0\"                data-style=\"width:161px; height:90px;\">                <img class=\"bwg_filmstrip_thumbnail_img bwg_slideshow_filmstrip_thumbnail_img_0\"                  style=\"width:161px; height:107.226px; margin-left: 0px; margin-top: -8.613px;\"                  data-style=\"width:161px; height:107.226px; margin-left: 0px; margin-top: -8.613px;\"                  src=\"https:\/\/arteeluoghi.it\/wp-content\/uploads\/photo-gallery\/riccardo_belardi\/thumb\/Sorrento_Marzo_2016_(3).jpg\"                  data-src=\"https:\/\/arteeluoghi.it\/wp-content\/uploads\/photo-gallery\/riccardo_belardi\/thumb\/Sorrento_Marzo_2016_(3).jpg\"                  onclick=\"bwg_change_image(parseInt(jQuery('#bwg_current_image_key_0').val()), '16', '', '', '0')\"                  image_id=\"185\"                  image_key=\"16\"                  alt=\"Sorrento Marzo 2016 (3)\"                  title=\"Sorrento Marzo 2016 (3)\" \/>              <\/div>                            <div id=\"bwg_filmstrip_thumbnail_17_0\"                class=\"bwg_slideshow_filmstrip_thumbnail_0 bwg_slideshow_thumb_deactive_0\"                data-style=\"width:161px; height:90px;\">                <img class=\"bwg_filmstrip_thumbnail_img bwg_slideshow_filmstrip_thumbnail_img_0\"                  style=\"width:161px; height:107.226px; margin-left: 0px; margin-top: -8.613px;\"                  data-style=\"width:161px; height:107.226px; margin-left: 0px; margin-top: -8.613px;\"                  src=\"https:\/\/arteeluoghi.it\/wp-content\/uploads\/photo-gallery\/riccardo_belardi\/thumb\/Sorrento_Marzo_2016_(2).jpg\"                  data-src=\"https:\/\/arteeluoghi.it\/wp-content\/uploads\/photo-gallery\/riccardo_belardi\/thumb\/Sorrento_Marzo_2016_(2).jpg\"                  onclick=\"bwg_change_image(parseInt(jQuery('#bwg_current_image_key_0').val()), '17', '', '', '0')\"                  image_id=\"188\"                  image_key=\"17\"                  alt=\"Sorrento Marzo 2016 (2)\"                  title=\"Sorrento Marzo 2016 (2)\" \/>              <\/div>                            <div id=\"bwg_filmstrip_thumbnail_18_0\"                class=\"bwg_slideshow_filmstrip_thumbnail_0 bwg_slideshow_thumb_deactive_0\"                data-style=\"width:161px; height:90px;\">                <img class=\"bwg_filmstrip_thumbnail_img bwg_slideshow_filmstrip_thumbnail_img_0\"                  style=\"width:161px; height:218.75px; margin-left: 0px; margin-top: -64.375px;\"                  data-style=\"width:161px; height:218.75px; margin-left: 0px; margin-top: -64.375px;\"                  src=\"https:\/\/arteeluoghi.it\/wp-content\/uploads\/photo-gallery\/riccardo_belardi\/thumb\/luisa_ruggio_foto_riccardo_belardi.jpg\"                  data-src=\"https:\/\/arteeluoghi.it\/wp-content\/uploads\/photo-gallery\/riccardo_belardi\/thumb\/luisa_ruggio_foto_riccardo_belardi.jpg\"                  onclick=\"bwg_change_image(parseInt(jQuery('#bwg_current_image_key_0').val()), '18', '', '', '0')\"                  image_id=\"193\"                  image_key=\"18\"                  alt=\"Luisa Ruggio , S Oggetti, 2018\"                  title=\"Luisa Ruggio , S Oggetti, 2018\" \/>              <\/div>                            <div id=\"bwg_filmstrip_thumbnail_19_0\"                class=\"bwg_slideshow_filmstrip_thumbnail_0 bwg_slideshow_thumb_deactive_0\"                data-style=\"width:161px; height:90px;\">                <img class=\"bwg_filmstrip_thumbnail_img bwg_slideshow_filmstrip_thumbnail_img_0\"                  style=\"width:161px; height:211.84210526316px; margin-left: 0px; margin-top: -60.921052631579px;\"                  data-style=\"width:161px; height:211.84210526316px; margin-left: 0px; margin-top: -60.921052631579px;\"                  src=\"https:\/\/arteeluoghi.it\/wp-content\/uploads\/photo-gallery\/riccardo_belardi\/thumb\/silviamiglietta_foto_riccardo_belardi.jpg\"                  data-src=\"https:\/\/arteeluoghi.it\/wp-content\/uploads\/photo-gallery\/riccardo_belardi\/thumb\/silviamiglietta_foto_riccardo_belardi.jpg\"                  onclick=\"bwg_change_image(parseInt(jQuery('#bwg_current_image_key_0').val()), '19', '', '', '0')\"                  image_id=\"187\"                  image_key=\"19\"                  alt=\"Silvia Miglietta S Oggetti, 2018\"                  title=\"Silvia Miglietta S Oggetti, 2018\" \/>              <\/div>                            <div id=\"bwg_filmstrip_thumbnail_20_0\"                class=\"bwg_slideshow_filmstrip_thumbnail_0 bwg_slideshow_thumb_deactive_0\"                data-style=\"width:161px; height:90px;\">                <img class=\"bwg_filmstrip_thumbnail_img bwg_slideshow_filmstrip_thumbnail_img_0\"                  style=\"width:161px; height:107.226px; margin-left: 0px; margin-top: -8.613px;\"                  data-style=\"width:161px; height:107.226px; margin-left: 0px; margin-top: -8.613px;\"                  src=\"https:\/\/arteeluoghi.it\/wp-content\/uploads\/photo-gallery\/riccardo_belardi\/thumb\/Ulivi_Serranova_Ottobre_2015.jpg\"                  data-src=\"https:\/\/arteeluoghi.it\/wp-content\/uploads\/photo-gallery\/riccardo_belardi\/thumb\/Ulivi_Serranova_Ottobre_2015.jpg\"                  onclick=\"bwg_change_image(parseInt(jQuery('#bwg_current_image_key_0').val()), '20', '', '', '0')\"                  image_id=\"184\"                  image_key=\"20\"                  alt=\"Ulivi Serranova Ottobre 2015\"                  title=\"Ulivi Serranova Ottobre 2015\" \/>              <\/div>                            <div id=\"bwg_filmstrip_thumbnail_21_0\"                class=\"bwg_slideshow_filmstrip_thumbnail_0 bwg_slideshow_thumb_deactive_0\"                data-style=\"width:161px; height:90px;\">                <img class=\"bwg_filmstrip_thumbnail_img bwg_slideshow_filmstrip_thumbnail_img_0\"                  style=\"width:161px; height:107.226px; margin-left: 0px; margin-top: -8.613px;\"                  data-style=\"width:161px; height:107.226px; margin-left: 0px; margin-top: -8.613px;\"                  src=\"https:\/\/arteeluoghi.it\/wp-content\/uploads\/photo-gallery\/riccardo_belardi\/thumb\/Torre_dell&#039;orso_Ottobre_2015.jpg\"                  data-src=\"https:\/\/arteeluoghi.it\/wp-content\/uploads\/photo-gallery\/riccardo_belardi\/thumb\/Torre_dell&#039;orso_Ottobre_2015.jpg\"                  onclick=\"bwg_change_image(parseInt(jQuery('#bwg_current_image_key_0').val()), '21', '', '', '0')\"                  image_id=\"183\"                  image_key=\"21\"                  alt=\"Torre dell&#039;orso Ottobre 2015\"                  title=\"Torre dell&#039;orso Ottobre 2015\" \/>              <\/div>                            <div id=\"bwg_filmstrip_thumbnail_22_0\"                class=\"bwg_slideshow_filmstrip_thumbnail_0 bwg_slideshow_thumb_deactive_0\"                data-style=\"width:161px; height:90px;\">                <img class=\"bwg_filmstrip_thumbnail_img bwg_slideshow_filmstrip_thumbnail_img_0\"                  style=\"width:161px; height:120.75px; margin-left: 0px; margin-top: -15.375px;\"                  data-style=\"width:161px; height:120.75px; margin-left: 0px; margin-top: -15.375px;\"                  src=\"https:\/\/arteeluoghi.it\/wp-content\/uploads\/photo-gallery\/riccardo_belardi\/thumb\/sorrento-pompei-1-137.jpg\"                  data-src=\"https:\/\/arteeluoghi.it\/wp-content\/uploads\/photo-gallery\/riccardo_belardi\/thumb\/sorrento-pompei-1-137.jpg\"                  onclick=\"bwg_change_image(parseInt(jQuery('#bwg_current_image_key_0').val()), '22', '', '', '0')\"                  image_id=\"182\"                  image_key=\"22\"                  alt=\"sorrento-pompei-1-137\"                  title=\"sorrento-pompei-1-137\" \/>              <\/div>                            <div id=\"bwg_filmstrip_thumbnail_23_0\"                class=\"bwg_slideshow_filmstrip_thumbnail_0 bwg_slideshow_thumb_deactive_0\"                data-style=\"width:161px; height:90px;\">                <img class=\"bwg_filmstrip_thumbnail_img bwg_slideshow_filmstrip_thumbnail_img_0\"                  style=\"width:161px; height:107.226px; margin-left: 0px; margin-top: -8.613px;\"                  data-style=\"width:161px; height:107.226px; margin-left: 0px; margin-top: -8.613px;\"                  src=\"https:\/\/arteeluoghi.it\/wp-content\/uploads\/photo-gallery\/riccardo_belardi\/thumb\/Sorrento_Marzo_2016.jpg\"                  data-src=\"https:\/\/arteeluoghi.it\/wp-content\/uploads\/photo-gallery\/riccardo_belardi\/thumb\/Sorrento_Marzo_2016.jpg\"                  onclick=\"bwg_change_image(parseInt(jQuery('#bwg_current_image_key_0').val()), '23', '', '', '0')\"                  image_id=\"181\"                  image_key=\"23\"                  alt=\"Sorrento Marzo 2016\"                  title=\"Sorrento Marzo 2016\" \/>              <\/div>                            <div id=\"bwg_filmstrip_thumbnail_24_0\"                class=\"bwg_slideshow_filmstrip_thumbnail_0 bwg_slideshow_thumb_deactive_0\"                data-style=\"width:161px; height:90px;\">                <img class=\"bwg_filmstrip_thumbnail_img bwg_slideshow_filmstrip_thumbnail_img_0\"                  style=\"width:161px; height:107.548px; margin-left: 0px; margin-top: -8.774px;\"                  data-style=\"width:161px; height:107.548px; margin-left: 0px; margin-top: -8.774px;\"                  src=\"https:\/\/arteeluoghi.it\/wp-content\/uploads\/photo-gallery\/riccardo_belardi\/thumb\/Torre_Sant&#039;Emiliano_Marzo_2017.jpg\"                  data-src=\"https:\/\/arteeluoghi.it\/wp-content\/uploads\/photo-gallery\/riccardo_belardi\/thumb\/Torre_Sant&#039;Emiliano_Marzo_2017.jpg\"                  onclick=\"bwg_change_image(parseInt(jQuery('#bwg_current_image_key_0').val()), '24', '', '', '0')\"                  image_id=\"180\"                  image_key=\"24\"                  alt=\"Torre Sant&#039;Emiliano Marzo 2017\"                  title=\"Torre Sant&#039;Emiliano Marzo 2017\" \/>              <\/div>                        <\/div>        <\/div>        <div class=\"bwg_slideshow_filmstrip_right_0\">          <i class=\"bwg-icon-angle-right\"><\/i>        <\/div>        <div class=\"bwg_slideshow_filmstrip_right_disabled_0\">          <i class=\"bwg-icon-angle-right\"><\/i>        <\/div>      <\/div>          <div id=\"bwg_slideshow_image_container_0\"         class=\"bwg_slideshow_image_container_0\"         data-params='{&quot;bwg_source&quot;:&quot;slider&quot;,&quot;bwg_current_key&quot;:&quot;&quot;,&quot;bwg_transition_duration&quot;:100,&quot;bwg_trans_in_progress&quot;:false,&quot;data&quot;:[{&quot;id&quot;:&quot;204&quot;,&quot;alt&quot;:&quot;India Marzo 2018 (1)&quot;,&quot;description&quot;:&quot; foto di Riccardo Belardi&quot;,&quot;filetype&quot;:&quot;JPG&quot;,&quot;filename&quot;:&quot;India Marzo 2018 (1)&quot;,&quot;image_url&quot;:&quot;\\\/riccardo_belardi\\\/India_Marzo_2018_(1).jpg&quot;,&quot;thumb_url&quot;:&quot;\\\/riccardo_belardi\\\/thumb\\\/India_Marzo_2018_(1).jpg&quot;,&quot;redirect_url&quot;:&quot;&quot;,&quot;date&quot;:&quot;18 June 2018, 18:06&quot;,&quot;is_embed&quot;:false,&quot;is_embed_video&quot;:false,&quot;image_width&quot;:&quot;1200&quot;,&quot;image_height&quot;:&quot;801&quot;},{&quot;id&quot;:&quot;203&quot;,&quot;alt&quot;:&quot;Lecce Febbraio 2018 (1)&quot;,&quot;description&quot;:&quot; foto di Riccardo Belardi&quot;,&quot;filetype&quot;:&quot;JPG&quot;,&quot;filename&quot;:&quot;Lecce Febbraio 2018 (1)&quot;,&quot;image_url&quot;:&quot;\\\/riccardo_belardi\\\/Lecce_Febbraio_2018_(1).jpg&quot;,&quot;thumb_url&quot;:&quot;\\\/riccardo_belardi\\\/thumb\\\/Lecce_Febbraio_2018_(1).jpg&quot;,&quot;redirect_url&quot;:&quot;&quot;,&quot;date&quot;:&quot;18 June 2018, 18:06&quot;,&quot;is_embed&quot;:false,&quot;is_embed_video&quot;:false,&quot;image_width&quot;:&quot;850&quot;,&quot;image_height&quot;:&quot;638&quot;},{&quot;id&quot;:&quot;202&quot;,&quot;alt&quot;:&quot;India Marzo 2018 (2)&quot;,&quot;description&quot;:&quot; foto di Riccardo Belardi&quot;,&quot;filetype&quot;:&quot;JPG&quot;,&quot;filename&quot;:&quot;India Marzo 2018 (2)&quot;,&quot;image_url&quot;:&quot;\\\/riccardo_belardi\\\/India_Marzo_2018_(2).jpg&quot;,&quot;thumb_url&quot;:&quot;\\\/riccardo_belardi\\\/thumb\\\/India_Marzo_2018_(2).jpg&quot;,&quot;redirect_url&quot;:&quot;&quot;,&quot;date&quot;:&quot;18 June 2018, 18:06&quot;,&quot;is_embed&quot;:false,&quot;is_embed_video&quot;:false,&quot;image_width&quot;:&quot;850&quot;,&quot;image_height&quot;:&quot;567&quot;},{&quot;id&quot;:&quot;201&quot;,&quot;alt&quot;:&quot;Lecce Febbraio 2018 (2) (1)&quot;,&quot;description&quot;:&quot; foto di Riccardo Belardi&quot;,&quot;filetype&quot;:&quot;JPG&quot;,&quot;filename&quot;:&quot;Lecce Febbraio 2018 (2) (1)&quot;,&quot;image_url&quot;:&quot;\\\/riccardo_belardi\\\/Lecce_Febbraio_2018_(2) (1).jpg&quot;,&quot;thumb_url&quot;:&quot;\\\/riccardo_belardi\\\/thumb\\\/Lecce_Febbraio_2018_(2) (1).jpg&quot;,&quot;redirect_url&quot;:&quot;&quot;,&quot;date&quot;:&quot;18 June 2018, 18:06&quot;,&quot;is_embed&quot;:false,&quot;is_embed_video&quot;:false,&quot;image_width&quot;:&quot;850&quot;,&quot;image_height&quot;:&quot;568&quot;},{&quot;id&quot;:&quot;200&quot;,&quot;alt&quot;:&quot;Lecce Giugno 2016 (1)&quot;,&quot;description&quot;:&quot; foto di Riccardo Belardi&quot;,&quot;filetype&quot;:&quot;JPG&quot;,&quot;filename&quot;:&quot;Lecce Giugno 2016 (1)&quot;,&quot;image_url&quot;:&quot;\\\/riccardo_belardi\\\/Lecce_Giugno_2016_(1).jpg&quot;,&quot;thumb_url&quot;:&quot;\\\/riccardo_belardi\\\/thumb\\\/Lecce_Giugno_2016_(1).jpg&quot;,&quot;redirect_url&quot;:&quot;&quot;,&quot;date&quot;:&quot;18 June 2018, 18:07&quot;,&quot;is_embed&quot;:false,&quot;is_embed_video&quot;:false,&quot;image_width&quot;:&quot;500&quot;,&quot;image_height&quot;:&quot;333&quot;},{&quot;id&quot;:&quot;199&quot;,&quot;alt&quot;:&quot;Lecce Giugno 2016 (3)&quot;,&quot;description&quot;:&quot; foto di Riccardo Belardi&quot;,&quot;filetype&quot;:&quot;JPG&quot;,&quot;filename&quot;:&quot;Lecce Giugno 2016 (3)&quot;,&quot;image_url&quot;:&quot;\\\/riccardo_belardi\\\/Lecce_Giugno_2016_(3).jpg&quot;,&quot;thumb_url&quot;:&quot;\\\/riccardo_belardi\\\/thumb\\\/Lecce_Giugno_2016_(3).jpg&quot;,&quot;redirect_url&quot;:&quot;&quot;,&quot;date&quot;:&quot;18 June 2018, 18:07&quot;,&quot;is_embed&quot;:false,&quot;is_embed_video&quot;:false,&quot;image_width&quot;:&quot;500&quot;,&quot;image_height&quot;:&quot;333&quot;},{&quot;id&quot;:&quot;198&quot;,&quot;alt&quot;:&quot;Lecce Giugno 2016 (4)&quot;,&quot;description&quot;:&quot; foto di Riccardo Belardi&quot;,&quot;filetype&quot;:&quot;JPG&quot;,&quot;filename&quot;:&quot;Lecce Giugno 2016 (4)&quot;,&quot;image_url&quot;:&quot;\\\/riccardo_belardi\\\/Lecce_Giugno_2016_(4).jpg&quot;,&quot;thumb_url&quot;:&quot;\\\/riccardo_belardi\\\/thumb\\\/Lecce_Giugno_2016_(4).jpg&quot;,&quot;redirect_url&quot;:&quot;&quot;,&quot;date&quot;:&quot;18 June 2018, 18:07&quot;,&quot;is_embed&quot;:false,&quot;is_embed_video&quot;:false,&quot;image_width&quot;:&quot;500&quot;,&quot;image_height&quot;:&quot;375&quot;},{&quot;id&quot;:&quot;197&quot;,&quot;alt&quot;:&quot;Lecce Giugno 2016 (2)&quot;,&quot;description&quot;:&quot; foto di Riccardo Belardi&quot;,&quot;filetype&quot;:&quot;JPG&quot;,&quot;filename&quot;:&quot;Lecce Giugno 2016 (2)&quot;,&quot;image_url&quot;:&quot;\\\/riccardo_belardi\\\/Lecce_Giugno_2016_(2).jpg&quot;,&quot;thumb_url&quot;:&quot;\\\/riccardo_belardi\\\/thumb\\\/Lecce_Giugno_2016_(2).jpg&quot;,&quot;redirect_url&quot;:&quot;&quot;,&quot;date&quot;:&quot;18 June 2018, 18:07&quot;,&quot;is_embed&quot;:false,&quot;is_embed_video&quot;:false,&quot;image_width&quot;:&quot;500&quot;,&quot;image_height&quot;:&quot;375&quot;},{&quot;id&quot;:&quot;196&quot;,&quot;alt&quot;:&quot;Otranto Agosto 2016&quot;,&quot;description&quot;:&quot; foto di Riccardo Belardi&quot;,&quot;filetype&quot;:&quot;JPG&quot;,&quot;filename&quot;:&quot;Otranto Agosto 2016&quot;,&quot;image_url&quot;:&quot;\\\/riccardo_belardi\\\/Otranto_Agosto_2016.jpg&quot;,&quot;thumb_url&quot;:&quot;\\\/riccardo_belardi\\\/thumb\\\/Otranto_Agosto_2016.jpg&quot;,&quot;redirect_url&quot;:&quot;&quot;,&quot;date&quot;:&quot;18 June 2018, 18:08&quot;,&quot;is_embed&quot;:false,&quot;is_embed_video&quot;:false,&quot;image_width&quot;:&quot;333&quot;,&quot;image_height&quot;:&quot;500&quot;},{&quot;id&quot;:&quot;195&quot;,&quot;alt&quot;:&quot;Pompei Marzo 2016&quot;,&quot;description&quot;:&quot; foto di Riccardo Belardi&quot;,&quot;filetype&quot;:&quot;JPG&quot;,&quot;filename&quot;:&quot;Pompei Marzo 2016&quot;,&quot;image_url&quot;:&quot;\\\/riccardo_belardi\\\/Pompei_Marzo_2016.jpg&quot;,&quot;thumb_url&quot;:&quot;\\\/riccardo_belardi\\\/thumb\\\/Pompei_Marzo_2016.jpg&quot;,&quot;redirect_url&quot;:&quot;&quot;,&quot;date&quot;:&quot;18 June 2018, 18:08&quot;,&quot;is_embed&quot;:false,&quot;is_embed_video&quot;:false,&quot;image_width&quot;:&quot;500&quot;,&quot;image_height&quot;:&quot;333&quot;},{&quot;id&quot;:&quot;194&quot;,&quot;alt&quot;:&quot;Pompei Marzo 2016 (2)&quot;,&quot;description&quot;:&quot; foto di Riccardo Belardi&quot;,&quot;filetype&quot;:&quot;JPG&quot;,&quot;filename&quot;:&quot;Pompei Marzo 2016 (2)&quot;,&quot;image_url&quot;:&quot;\\\/riccardo_belardi\\\/Pompei_Marzo_2016_(2).jpg&quot;,&quot;thumb_url&quot;:&quot;\\\/riccardo_belardi\\\/thumb\\\/Pompei_Marzo_2016_(2).jpg&quot;,&quot;redirect_url&quot;:&quot;&quot;,&quot;date&quot;:&quot;18 June 2018, 18:08&quot;,&quot;is_embed&quot;:false,&quot;is_embed_video&quot;:false,&quot;image_width&quot;:&quot;500&quot;,&quot;image_height&quot;:&quot;333&quot;},{&quot;id&quot;:&quot;192&quot;,&quot;alt&quot;:&quot;Roma Febbraio 2016 (1)&quot;,&quot;description&quot;:&quot; foto di Riccardo Belardi&quot;,&quot;filetype&quot;:&quot;JPG&quot;,&quot;filename&quot;:&quot;Roma Febbraio 2016 (1)&quot;,&quot;image_url&quot;:&quot;\\\/riccardo_belardi\\\/Roma_Febbraio_2016_(1).jpg&quot;,&quot;thumb_url&quot;:&quot;\\\/riccardo_belardi\\\/thumb\\\/Roma_Febbraio_2016_(1).jpg&quot;,&quot;redirect_url&quot;:&quot;&quot;,&quot;date&quot;:&quot;18 June 2018, 18:08&quot;,&quot;is_embed&quot;:false,&quot;is_embed_video&quot;:false,&quot;image_width&quot;:&quot;500&quot;,&quot;image_height&quot;:&quot;333&quot;},{&quot;id&quot;:&quot;191&quot;,&quot;alt&quot;:&quot;Roma Febbraio 2016 (2)&quot;,&quot;description&quot;:&quot; foto di Riccardo Belardi&quot;,&quot;filetype&quot;:&quot;JPG&quot;,&quot;filename&quot;:&quot;Roma Febbraio 2016 (2)&quot;,&quot;image_url&quot;:&quot;\\\/riccardo_belardi\\\/Roma_Febbraio_2016_(2).jpg&quot;,&quot;thumb_url&quot;:&quot;\\\/riccardo_belardi\\\/thumb\\\/Roma_Febbraio_2016_(2).jpg&quot;,&quot;redirect_url&quot;:&quot;&quot;,&quot;date&quot;:&quot;18 June 2018, 18:08&quot;,&quot;is_embed&quot;:false,&quot;is_embed_video&quot;:false,&quot;image_width&quot;:&quot;333&quot;,&quot;image_height&quot;:&quot;500&quot;},{&quot;id&quot;:&quot;190&quot;,&quot;alt&quot;:&quot;Lecce Maggio 2016&quot;,&quot;description&quot;:&quot; foto di Riccardo Belardi&quot;,&quot;filetype&quot;:&quot;JPG&quot;,&quot;filename&quot;:&quot;Lecce Maggio 2016&quot;,&quot;image_url&quot;:&quot;\\\/riccardo_belardi\\\/Lecce_Maggio_2016.jpg&quot;,&quot;thumb_url&quot;:&quot;\\\/riccardo_belardi\\\/thumb\\\/Lecce_Maggio_2016.jpg&quot;,&quot;redirect_url&quot;:&quot;&quot;,&quot;date&quot;:&quot;18 June 2018, 18:08&quot;,&quot;is_embed&quot;:false,&quot;is_embed_video&quot;:false,&quot;image_width&quot;:&quot;1200&quot;,&quot;image_height&quot;:&quot;761&quot;},{&quot;id&quot;:&quot;189&quot;,&quot;alt&quot;:&quot;Roma Febbraio 2016 (3)&quot;,&quot;description&quot;:&quot; foto di Riccardo Belardi&quot;,&quot;filetype&quot;:&quot;JPG&quot;,&quot;filename&quot;:&quot;Roma Febbraio 2016 (3)&quot;,&quot;image_url&quot;:&quot;\\\/riccardo_belardi\\\/Roma_Febbraio_2016_(3).jpg&quot;,&quot;thumb_url&quot;:&quot;\\\/riccardo_belardi\\\/thumb\\\/Roma_Febbraio_2016_(3).jpg&quot;,&quot;redirect_url&quot;:&quot;&quot;,&quot;date&quot;:&quot;18 June 2018, 18:08&quot;,&quot;is_embed&quot;:false,&quot;is_embed_video&quot;:false,&quot;image_width&quot;:&quot;500&quot;,&quot;image_height&quot;:&quot;343&quot;},{&quot;id&quot;:&quot;186&quot;,&quot;alt&quot;:&quot;Roma Febbraio 2016&quot;,&quot;description&quot;:&quot; foto di Riccardo Belardi&quot;,&quot;filetype&quot;:&quot;JPG&quot;,&quot;filename&quot;:&quot;Roma Febbraio 2016&quot;,&quot;image_url&quot;:&quot;\\\/riccardo_belardi\\\/Roma_Febbraio_2016.jpg&quot;,&quot;thumb_url&quot;:&quot;\\\/riccardo_belardi\\\/thumb\\\/Roma_Febbraio_2016.jpg&quot;,&quot;redirect_url&quot;:&quot;&quot;,&quot;date&quot;:&quot;18 June 2018, 18:09&quot;,&quot;is_embed&quot;:false,&quot;is_embed_video&quot;:false,&quot;image_width&quot;:&quot;573&quot;,&quot;image_height&quot;:&quot;382&quot;},{&quot;id&quot;:&quot;185&quot;,&quot;alt&quot;:&quot;Sorrento Marzo 2016 (3)&quot;,&quot;description&quot;:&quot; foto di Riccardo Belardi&quot;,&quot;filetype&quot;:&quot;JPG&quot;,&quot;filename&quot;:&quot;Sorrento Marzo 2016 (3)&quot;,&quot;image_url&quot;:&quot;\\\/riccardo_belardi\\\/Sorrento_Marzo_2016_(3).jpg&quot;,&quot;thumb_url&quot;:&quot;\\\/riccardo_belardi\\\/thumb\\\/Sorrento_Marzo_2016_(3).jpg&quot;,&quot;redirect_url&quot;:&quot;&quot;,&quot;date&quot;:&quot;18 June 2018, 18:09&quot;,&quot;is_embed&quot;:false,&quot;is_embed_video&quot;:false,&quot;image_width&quot;:&quot;500&quot;,&quot;image_height&quot;:&quot;333&quot;},{&quot;id&quot;:&quot;188&quot;,&quot;alt&quot;:&quot;Sorrento Marzo 2016 (2)&quot;,&quot;description&quot;:&quot; foto di Riccardo Belardi&quot;,&quot;filetype&quot;:&quot;JPG&quot;,&quot;filename&quot;:&quot;Sorrento Marzo 2016 (2)&quot;,&quot;image_url&quot;:&quot;\\\/riccardo_belardi\\\/Sorrento_Marzo_2016_(2).jpg&quot;,&quot;thumb_url&quot;:&quot;\\\/riccardo_belardi\\\/thumb\\\/Sorrento_Marzo_2016_(2).jpg&quot;,&quot;redirect_url&quot;:&quot;&quot;,&quot;date&quot;:&quot;18 June 2018, 18:09&quot;,&quot;is_embed&quot;:false,&quot;is_embed_video&quot;:false,&quot;image_width&quot;:&quot;500&quot;,&quot;image_height&quot;:&quot;333&quot;},{&quot;id&quot;:&quot;193&quot;,&quot;alt&quot;:&quot;Luisa Ruggio , S Oggetti, 2018&quot;,&quot;description&quot;:&quot; foto di Riccardo Belardi&quot;,&quot;filetype&quot;:&quot;JPG&quot;,&quot;filename&quot;:&quot;luisa ruggio foto riccardo belardi&quot;,&quot;image_url&quot;:&quot;\\\/riccardo_belardi\\\/luisa_ruggio_foto_riccardo_belardi.jpg&quot;,&quot;thumb_url&quot;:&quot;\\\/riccardo_belardi\\\/thumb\\\/luisa_ruggio_foto_riccardo_belardi.jpg&quot;,&quot;redirect_url&quot;:&quot;&quot;,&quot;date&quot;:&quot;18 June 2018, 18:08&quot;,&quot;is_embed&quot;:false,&quot;is_embed_video&quot;:false,&quot;image_width&quot;:&quot;368&quot;,&quot;image_height&quot;:&quot;500&quot;},{&quot;id&quot;:&quot;187&quot;,&quot;alt&quot;:&quot;Silvia Miglietta S Oggetti, 2018&quot;,&quot;description&quot;:&quot; foto di Riccardo Belardi&quot;,&quot;filetype&quot;:&quot;JPG&quot;,&quot;filename&quot;:&quot;silviamiglietta foto riccardo belardi&quot;,&quot;image_url&quot;:&quot;\\\/riccardo_belardi\\\/silviamiglietta_foto_riccardo_belardi.jpg&quot;,&quot;thumb_url&quot;:&quot;\\\/riccardo_belardi\\\/thumb\\\/silviamiglietta_foto_riccardo_belardi.jpg&quot;,&quot;redirect_url&quot;:&quot;&quot;,&quot;date&quot;:&quot;18 June 2018, 18:09&quot;,&quot;is_embed&quot;:false,&quot;is_embed_video&quot;:false,&quot;image_width&quot;:&quot;380&quot;,&quot;image_height&quot;:&quot;500&quot;},{&quot;id&quot;:&quot;184&quot;,&quot;alt&quot;:&quot;Ulivi Serranova Ottobre 2015&quot;,&quot;description&quot;:&quot; foto di Riccardo Belardi&quot;,&quot;filetype&quot;:&quot;JPG&quot;,&quot;filename&quot;:&quot;Ulivi Serranova Ottobre 2015&quot;,&quot;image_url&quot;:&quot;\\\/riccardo_belardi\\\/Ulivi_Serranova_Ottobre_2015.jpg&quot;,&quot;thumb_url&quot;:&quot;\\\/riccardo_belardi\\\/thumb\\\/Ulivi_Serranova_Ottobre_2015.jpg&quot;,&quot;redirect_url&quot;:&quot;&quot;,&quot;date&quot;:&quot;18 June 2018, 18:10&quot;,&quot;is_embed&quot;:false,&quot;is_embed_video&quot;:false,&quot;image_width&quot;:&quot;500&quot;,&quot;image_height&quot;:&quot;333&quot;},{&quot;id&quot;:&quot;183&quot;,&quot;alt&quot;:&quot;Torre dell&#039;orso Ottobre 2015&quot;,&quot;description&quot;:&quot; foto di Riccardo Belardi&quot;,&quot;filetype&quot;:&quot;JPG&quot;,&quot;filename&quot;:&quot;Torre dell&#039;orso Ottobre 2015&quot;,&quot;image_url&quot;:&quot;\\\/riccardo_belardi\\\/Torre_dell&#039;orso_Ottobre_2015.jpg&quot;,&quot;thumb_url&quot;:&quot;\\\/riccardo_belardi\\\/thumb\\\/Torre_dell&#039;orso_Ottobre_2015.jpg&quot;,&quot;redirect_url&quot;:&quot;&quot;,&quot;date&quot;:&quot;18 June 2018, 18:10&quot;,&quot;is_embed&quot;:false,&quot;is_embed_video&quot;:false,&quot;image_width&quot;:&quot;500&quot;,&quot;image_height&quot;:&quot;333&quot;},{&quot;id&quot;:&quot;182&quot;,&quot;alt&quot;:&quot;sorrento-pompei-1-137&quot;,&quot;description&quot;:&quot; foto di Riccardo Belardi&quot;,&quot;filetype&quot;:&quot;JPG&quot;,&quot;filename&quot;:&quot;sorrento-pompei-1-137&quot;,&quot;image_url&quot;:&quot;\\\/riccardo_belardi\\\/sorrento-pompei-1-137.jpg&quot;,&quot;thumb_url&quot;:&quot;\\\/riccardo_belardi\\\/thumb\\\/sorrento-pompei-1-137.jpg&quot;,&quot;redirect_url&quot;:&quot;&quot;,&quot;date&quot;:&quot;18 June 2018, 18:10&quot;,&quot;is_embed&quot;:false,&quot;is_embed_video&quot;:false,&quot;image_width&quot;:&quot;1020&quot;,&quot;image_height&quot;:&quot;765&quot;},{&quot;id&quot;:&quot;181&quot;,&quot;alt&quot;:&quot;Sorrento Marzo 2016&quot;,&quot;description&quot;:&quot; foto di Riccardo Belardi&quot;,&quot;filetype&quot;:&quot;JPG&quot;,&quot;filename&quot;:&quot;Sorrento Marzo 2016&quot;,&quot;image_url&quot;:&quot;\\\/riccardo_belardi\\\/Sorrento_Marzo_2016.jpg&quot;,&quot;thumb_url&quot;:&quot;\\\/riccardo_belardi\\\/thumb\\\/Sorrento_Marzo_2016.jpg&quot;,&quot;redirect_url&quot;:&quot;&quot;,&quot;date&quot;:&quot;18 June 2018, 18:10&quot;,&quot;is_embed&quot;:false,&quot;is_embed_video&quot;:false,&quot;image_width&quot;:&quot;500&quot;,&quot;image_height&quot;:&quot;333&quot;},{&quot;id&quot;:&quot;180&quot;,&quot;alt&quot;:&quot;Torre Sant&#039;Emiliano Marzo 2017&quot;,&quot;description&quot;:&quot;foto di Riccardo Belardi&quot;,&quot;filetype&quot;:&quot;JPG&quot;,&quot;filename&quot;:&quot;Torre Sant&#039;Emiliano Marzo 2017&quot;,&quot;image_url&quot;:&quot;\\\/riccardo_belardi\\\/Torre_Sant&#039;Emiliano_Marzo_2017.jpg&quot;,&quot;thumb_url&quot;:&quot;\\\/riccardo_belardi\\\/thumb\\\/Torre_Sant&#039;Emiliano_Marzo_2017.jpg&quot;,&quot;redirect_url&quot;:&quot;&quot;,&quot;date&quot;:&quot;18 June 2018, 18:10&quot;,&quot;is_embed&quot;:false,&quot;is_embed_video&quot;:false,&quot;image_width&quot;:&quot;500&quot;,&quot;image_height&quot;:&quot;334&quot;}],&quot;width_or_height&quot;:&quot;width&quot;,&quot;filmstrip_thumb_margin_hor&quot;:2,&quot;left_or_top&quot;:&quot;left&quot;,&quot;outerWidth_or_outerHeight&quot;:&quot;outerWidth&quot;,&quot;enable_slideshow_shuffle&quot;:&quot;0&quot;,&quot;lightbox_filmstrip_thumb_border_width&quot;:&quot;1&quot;,&quot;thumb_click_action&quot;:&quot;open_lightbox&quot;,&quot;thumb_link_target&quot;:&quot;1&quot;,&quot;upload_url&quot;:&quot;https:\\\/\\\/arteeluoghi.it\\\/wp-content\\\/uploads\\\/photo-gallery&quot;,&quot;preload_images&quot;:&quot;1&quot;,&quot;slideshow_effect&quot;:&quot;fade&quot;,&quot;event_stack&quot;:&quot;&quot;,&quot;preload_images_count&quot;:10,&quot;image_width&quot;:&quot;800&quot;,&quot;image_height&quot;:&quot;500&quot;,&quot;thumb_width&quot;:&quot;250&quot;,&quot;thumb_height&quot;:&quot;140&quot;,&quot;filmstrip_direction&quot;:&quot;horizontal&quot;,&quot;slideshow_filmstrip_type&quot;:1,&quot;slideshow_thumbnails_count&quot;:5,&quot;slideshow_filmstrip_width&quot;:161,&quot;slideshow_filmstrip_height&quot;:&quot;90&quot;,&quot;slideshow_filmstrip_rl_btn_size&quot;:&quot;20&quot;,&quot;slideshow_play_pause_btn_size&quot;:&quot;60&quot;,&quot;watermark_type&quot;:&quot;90&quot;,&quot;watermark_height&quot;:&quot;90&quot;,&quot;watermark_font_size&quot;:&quot;20&quot;,&quot;slideshow_title_font_size&quot;:&quot;16&quot;,&quot;slideshow_description_font_size&quot;:&quot;14&quot;,&quot;bwg_playInterval&quot;:&quot;&quot;,&quot;slideshow_interval&quot;:5,&quot;image_right_click&quot;:&quot;0&quot;,&quot;enable_slideshow_autoplay&quot;:&quot;0&quot;,&quot;enable_slideshow_music&quot;:&quot;0&quot;,&quot;bwg_current_filmstrip_pos&quot;:0}'         data-filmstrip-position=\"bottom\"         data-filmstrip-size=\"90\">      <div class=\"bwg_slide_container_0\">        <div class=\"bwg_slide_bg_0\">          <div class=\"bwg_slider_0\">                            <span class=\"bwg_slideshow_image_spun_0\" id=\"image_id_0_204\">                    <span class=\"bwg_slideshow_image_spun1_0\">                      <span class=\"bwg_slideshow_image_spun2_0\">                                                  <a  class=\"bwg-a bwg_lightbox\" href=\"https:\/\/arteeluoghi.it\/wp-content\/uploads\/photo-gallery\/riccardo_belardi\/India_Marzo_2018_(1).jpg\" data-image-id=\"204\" data-elementor-open-lightbox=\"no\">                          <img id=\"bwg_slideshow_image_0\"                               class=\"skip-lazy bwg_slide bwg_slideshow_image_0 \"                               src=\"https:\/\/arteeluoghi.it\/wp-content\/uploads\/photo-gallery\/riccardo_belardi\/India_Marzo_2018_(1).jpg\"                               data-src=\"https:\/\/arteeluoghi.it\/wp-content\/uploads\/photo-gallery\/riccardo_belardi\/India_Marzo_2018_(1).jpg\"                               image_id=\"204\"                               alt=\"India Marzo 2018 (1)\" \/>                          <\/a>                                                <\/span>                    <\/span>                  <\/span>                <span class=\"bwg_slideshow_image_second_spun_0\">                  <\/span>                <input type=\"hidden\" id=\"bwg_current_image_key_0\" value=\"0\" \/>                          <\/div>        <\/div>      <\/div>              <a class=\"bwg-a\" id=\"spider_slideshow_left_0\" onclick=\"bwg_change_image(parseInt(jQuery('#bwg_current_image_key_0').val()), (parseInt(jQuery('#bwg_current_image_key_0').val()) + 25 - bwg_iterator(0)) % 25, '', '', 0); return false;\"><span id=\"spider_slideshow_left-ico_0\"><span><i class=\"bwg-icon-chevron-left bwg_slideshow_prev_btn_0\"><\/i><\/span><\/span><\/a>        <span id=\"bwg_slideshow_play_pause_0\" class=\"bwg_slideshow_play_pause\" style=\"display: ;\"><span><span id=\"bwg_slideshow_play_pause-ico_0\"><i class=\"bwg-icon-play bwg_ctrl_btn_0 bwg_slideshow_play_pause_0\"><\/i><\/span><\/span><\/span>        <a class=\"bwg-a\" id=\"spider_slideshow_right_0\" onclick=\"bwg_change_image(parseInt(jQuery('#bwg_current_image_key_0').val()), (parseInt(jQuery('#bwg_current_image_key_0').val()) + bwg_iterator(0)) % 25, '', '', 0); return false;\"><span id=\"spider_slideshow_right-ico_0\"><span><i class=\"bwg-icon-chevron-right bwg_slideshow_next_btn_0\"><\/i><\/span><\/span><\/a>            <\/div>      <\/div>            <\/div>        <\/form>        <style>          #bwg_container1_0 #bwg_container2_0 #spider_popup_overlay_0 {          background-color: #000000;          opacity: 0.70;          }          <\/style>        <div id=\"bwg_spider_popup_loading_0\" class=\"bwg_spider_popup_loading\"><\/div>        <div id=\"spider_popup_overlay_0\" class=\"spider_popup_overlay\" onclick=\"spider_destroypopup(1000)\"><\/div>        <input type=\"hidden\" id=\"bwg_random_seed_0\" value=\"765378666\">                <\/div>    <\/div>    <script>      if (document.readyState === 'complete') {        if( typeof bwg_main_ready == 'function' ) {          if ( jQuery(\"#bwg_container1_0\").height() ) {            bwg_main_ready(jQuery(\"#bwg_container1_0\"));          }        }      } else {        document.addEventListener('DOMContentLoaded', function() {          if( typeof bwg_main_ready == 'function' ) {            if ( jQuery(\"#bwg_container1_0\").height() ) {             bwg_main_ready(jQuery(\"#bwg_container1_0\"));            }          }        });      }    <\/script>    <\/p>\n<p><\/strong><\/p>\n<p>&nbsp;<\/p>\n<p>&nbsp;<\/p>\n<p><strong>Qual \u00e8 stata la lezione pi\u00f9 bella di questi tre anni di corso?<\/strong><\/p>\n<blockquote><p>Ogni lezione mi ha dato qualcosa, anche quella del modulo riguardante una fotografia che non avrei mai considerato per me, perch\u00e9 mi ha aiutato ad apprezzare meglio il lavoro che c\u2019\u00e8 dietro. Diciamo che lezioni pratiche, le uscite con la macchina fotografica al collo davano un senso agli studi teorici fatti prima, proprio perch\u00e9 andavano a completare il percorso, teoria e pratica. Grazie alla disponibilit\u00e0 dei docenti le lezioni pi\u00f9 belle le vivevi anche al di fuori della scuola e dell\u2019orario scolastico, merce rara ai giorni d\u2019oggi<\/p><\/blockquote>\n<div><strong><img loading=\"lazy\" class=\"alignleft wp-image-5601 size-medium\" src=\"https:\/\/arteeluoghi.it\/wp-content\/uploads\/2018\/06\/luisa-ruggio_foto-riccardo-belardi-221x300.jpg\" alt=\"Luisa Ruggio, foto di Riccardo Belardi\" width=\"221\" height=\"300\" srcset=\"https:\/\/arteeluoghi.it\/wp-content\/uploads\/2018\/06\/luisa-ruggio_foto-riccardo-belardi-221x300.jpg 221w, https:\/\/arteeluoghi.it\/wp-content\/uploads\/2018\/06\/luisa-ruggio_foto-riccardo-belardi-768x1043.jpg 768w, https:\/\/arteeluoghi.it\/wp-content\/uploads\/2018\/06\/luisa-ruggio_foto-riccardo-belardi-754x1024.jpg 754w\" sizes=\"(max-width: 221px) 100vw, 221px\" \/>Nel progetto\u00a0 &#8220;S Oggetti&#8221; hai fotografato due importanti donne salentine: la scrittrice Luisa Ruggio e l&#8217;assessore comunale ai Diritti Civili Silvia Miglietta. Ci racconta come sono nati questi due scatti?<\/strong><\/div>\n<div>\n<blockquote><p>Luisa \u00e8 sposata con uno dei migliori fotografi italiani, \u00e8 stata immortalata in ogni aspetto e momento della sua vita, tranne nella condizione di intimit\u00e0 pi\u00f9 estrema che in genere vive una scrittrice, ovvero quando si trova da sola con i suoi pensieri rivolti alla sua prossima opera. Quello secondo me era un istante da immortalare perch\u00e9 raramente viene colto dall\u2019osservatore, e raramente lo scrittore riesce a vedersi.<\/p>\n<p><img loading=\"lazy\" class=\"alignright wp-image-5602 size-medium\" src=\"https:\/\/arteeluoghi.it\/wp-content\/uploads\/2018\/06\/silviamiglietta_foto-riccardo-belardi-228x300.jpg\" alt=\"Silvia Miglietta, foto di Riccardo Belardi\" width=\"228\" height=\"300\" srcset=\"https:\/\/arteeluoghi.it\/wp-content\/uploads\/2018\/06\/silviamiglietta_foto-riccardo-belardi-228x300.jpg 228w, https:\/\/arteeluoghi.it\/wp-content\/uploads\/2018\/06\/silviamiglietta_foto-riccardo-belardi-768x1011.jpg 768w, https:\/\/arteeluoghi.it\/wp-content\/uploads\/2018\/06\/silviamiglietta_foto-riccardo-belardi-778x1024.jpg 778w\" sizes=\"(max-width: 228px) 100vw, 228px\" \/>Silvia ha la qualit\u00e0 di risolvere problemi essendo diretta, semplice e non preoccupandosi della negativit\u00e0 che la circonda, per questo ho voluto rappresentare il problema con il fuoco, la soluzione con l\u2019acqua, e il suo sguardo in camera diretto ed efficace fa la differenza.<\/p><\/blockquote>\n<\/div>\n<p>&nbsp;<\/p>\n<p><strong>A qual progetto si sta dedicando?<\/strong><\/p>\n<blockquote><p>La completezza della formazione acquisita con i docenti di FotoScuolaLecce mi ha permesso di esprimermi sotto molti punti di vista e su diversi fronti, di conseguenza su diversi progetti. Al momento siamo a fine anno scolastico e ho deciso di presentare un progetto scaturito da un viaggio in India, un reportage che la racconti cercando di non cadere nel gi\u00e0 fatto o gi\u00e0 visto. Un altro progetto in ballo tende a raccontare la periferia leccese, cercando di trasmettere a chi vede da fuori la bellezza di zone della citt\u00e0 che normalmente non verrebbero considerate. Io vengo da un quartiere della periferia romana e son convinto che ogni quartiere, come ogni citt\u00e0, venga rappresentato dalle persone che lo vivono, per questo ho cercato di rappresentare attivit\u00e0 di quartiere grazie ad opere della gente che lo vive e lo vuol far crescere. Il corso professionale dar\u00e0 sicuramente seguito a pubblicazioni e mostre in seguito che racconteranno la mia crescita grazie agli studi fatti.<\/p><\/blockquote>\n<p>&nbsp;<\/p>\n<div><strong><img loading=\"lazy\" class=\"size-medium wp-image-5603 alignleft\" src=\"https:\/\/arteeluoghi.it\/wp-content\/uploads\/2018\/06\/bw-Riccardo-Belardi-200x300.jpg\" alt=\"\" width=\"200\" height=\"300\" srcset=\"https:\/\/arteeluoghi.it\/wp-content\/uploads\/2018\/06\/bw-Riccardo-Belardi-200x300.jpg 200w, https:\/\/arteeluoghi.it\/wp-content\/uploads\/2018\/06\/bw-Riccardo-Belardi-768x1152.jpg 768w, https:\/\/arteeluoghi.it\/wp-content\/uploads\/2018\/06\/bw-Riccardo-Belardi-683x1024.jpg 683w, https:\/\/arteeluoghi.it\/wp-content\/uploads\/2018\/06\/bw-Riccardo-Belardi.jpg 1277w\" sizes=\"(max-width: 200px) 100vw, 200px\" \/>Da qualche anno vive e lavora in Puglia. Il rapporto con la sua citt\u00e0 natale raccontato in uno scatto? E con Lecce?\u00a0<\/strong><\/div>\n<blockquote><p>Si dice che un romano che viva fuori Roma non \u00e8 \u201cemigrato\u201d, ma sta controllando le colonie. Al di l\u00e0 della battuta, il legame con la citt\u00e0 di Roma non pu\u00f2 mai spezzarsi, perch\u00e9 il romano la sua citt\u00e0 la porta sempre dentro di s\u00e9, con la propria romanit\u00e0. La lontananza mi ha permesso di vivere la mia citt\u00e0 da turista, e forse \u00e8 il modo migliore per farlo evitando tutto lo stress che la quotidianit\u00e0 concerne. Ma siccome il romano \u00e8 un animale strano, a volte sente il bisogno di respirare anche quella Roma l\u00ec, soprattutto situazioni di vita che meritano di essere immortalate. Spesso non basta fare il turista perch\u00e9 la citt\u00e0 \u00e8 una splendida cornice, ma il dipinto \u00e8 composto dai cittadini, da chi vive la citt\u00e0, e si sente il bisogno di farne parte.<\/p>\n<p>Lecce con la sua composizione urbana e i suoi aneddoti \u00e8 una Roma in piccolo, e ogni luogo \u00e8 bello se composto dalle giuste persone e da queste mi sono circondato per viverla al meglio.<\/p><\/blockquote>\n<div><strong>Il personaggio che avrebbe voluto o vorrebbe fotografare?<\/strong><\/div>\n<div>\n<blockquote><p>Il primo personaggio che mi viene in mente non \u00e8 uno che vorrei fotografare, ma che avrei voluto. Da buon romano legato alla romanit\u00e0, il primo nome che mi viene in mente \u00e8 Alberto Sordi che ha incarnato l\u2019intera Italia nei suoi film, e ha reso un film la sua stessa vita. Guardando le foto in cui \u00e8 stato immortalato non posso fare a meno di pensare anche Mohamed Ali, personaggio col quale ad ogni fotografo piaceva vincere facile.<\/p><\/blockquote>\n<p><strong>Per Riccardo Belardi la fotografia \u00e8&#8230;<\/strong><\/p>\n<blockquote><p>Per me la fotografia \u00e8 riuscire a trasmettere il proprio punto di vista. Vorrei poter far vivere a chiunque guardi le mie foto ci\u00f2 che io ho vissuto nel momento in cui le ho scattate; vorrei far percepire le stesse emozioni sia al pi\u00f9 grande intenditore sia a chi vede per la prima volta una fotografia. Cercare di rendere interessante ed emozionante anche il quotidiano, magari quel gradino che si scende ogni mattina senza avergli dato mai importanza.<\/p>\n<p>&nbsp;<\/p><\/blockquote>\n<\/div>\n","protected":false},"excerpt":{"rendered":"<p>&nbsp; di Antonietta Fulvio Ci sono mostre rivelatrici\u00a0 perch\u00e9 riescono a mettere in evidenza &#8220;giovani&#8221; talenti.\u00a0 \u00c8 il caso di<\/p>\n","protected":false},"author":1,"featured_media":5609,"comment_status":"open","ping_status":"open","sticky":true,"template":"","format":"standard","meta":[],"categories":[27,3,22],"tags":[1048,1053],"yoast_head":"<!-- This site is optimized with the Yoast SEO plugin v18.0 - https:\/\/yoast.com\/wordpress\/plugins\/seo\/ -->\n<title>La fotografia come racconto. Intervista al fotografo Riccardo Belardi | Arte e Luoghi<\/title>\n<meta name=\"description\" content=\"FotoScuolaLecce, fotografia, Lecce, Roma, paesaggi,\" \/>\n<meta name=\"robots\" content=\"index, follow, max-snippet:-1, max-image-preview:large, max-video-preview:-1\" \/>\n<link rel=\"canonical\" href=\"https:\/\/arteeluoghi.it\/index.php\/2018\/06\/18\/intervista-a-riccardo-belardi\/\" \/>\n<meta property=\"og:locale\" content=\"it_IT\" \/>\n<meta property=\"og:type\" content=\"article\" \/>\n<meta property=\"og:title\" content=\"La fotografia come racconto. Intervista al fotografo Riccardo Belardi | Arte e Luoghi\" \/>\n<meta property=\"og:description\" content=\"FotoScuolaLecce, fotografia, Lecce, Roma, paesaggi,\" \/>\n<meta property=\"og:url\" content=\"https:\/\/arteeluoghi.it\/index.php\/2018\/06\/18\/intervista-a-riccardo-belardi\/\" \/>\n<meta property=\"og:site_name\" content=\"Arte e Luoghi\" \/>\n<meta property=\"article:publisher\" content=\"https:\/\/www.facebook.com\/ArteELuoghi\/\" \/>\n<meta property=\"article:published_time\" content=\"2018-06-18T18:10:53+00:00\" \/>\n<meta property=\"article:modified_time\" content=\"2018-06-19T06:14:06+00:00\" \/>\n<meta property=\"og:image\" content=\"https:\/\/arteeluoghi.it\/wp-content\/uploads\/2018\/06\/lv-1-2_Riccardo-Belardi.jpg\" \/>\n\t<meta property=\"og:image:width\" content=\"1024\" \/>\n\t<meta property=\"og:image:height\" content=\"683\" \/>\n\t<meta property=\"og:image:type\" content=\"image\/jpeg\" \/>\n<meta name=\"twitter:card\" content=\"summary\" \/>\n<meta name=\"twitter:creator\" content=\"@arteeluoghi\" \/>\n<meta name=\"twitter:site\" content=\"@arteeluoghi\" \/>\n<meta name=\"twitter:label1\" content=\"Scritto da\" \/>\n\t<meta name=\"twitter:data1\" content=\"Staff\" \/>\n\t<meta name=\"twitter:label2\" content=\"Tempo di lettura stimato\" \/>\n\t<meta name=\"twitter:data2\" content=\"6 minuti\" \/>\n<script type=\"application\/ld+json\" class=\"yoast-schema-graph\">{\"@context\":\"https:\/\/schema.org\",\"@graph\":[{\"@type\":\"Organization\",\"@id\":\"https:\/\/arteeluoghi.it\/#organization\",\"name\":\"Arte e Luoghi\",\"url\":\"https:\/\/arteeluoghi.it\/\",\"sameAs\":[\"https:\/\/www.facebook.com\/ArteELuoghi\/\",\"https:\/\/www.instagram.com\/arteeluoghi\/?hl=it\",\"https:\/\/www.youtube.com\/channel\/UCuRVc4JW4-C5sg9rQB-srkw?view_as=subscriber\",\"https:\/\/twitter.com\/arteeluoghi\"],\"logo\":{\"@type\":\"ImageObject\",\"@id\":\"https:\/\/arteeluoghi.it\/#logo\",\"inLanguage\":\"it-IT\",\"url\":\"https:\/\/arteeluoghi.it\/wp-content\/uploads\/2018\/08\/logoinstagramarte.jpg\",\"contentUrl\":\"https:\/\/arteeluoghi.it\/wp-content\/uploads\/2018\/08\/logoinstagramarte.jpg\",\"width\":150,\"height\":150,\"caption\":\"Arte e Luoghi\"},\"image\":{\"@id\":\"https:\/\/arteeluoghi.it\/#logo\"}},{\"@type\":\"WebSite\",\"@id\":\"https:\/\/arteeluoghi.it\/#website\",\"url\":\"https:\/\/arteeluoghi.it\/\",\"name\":\"Arte e Luoghi\",\"description\":\"Mensile di arte, cultura, turismo e curiosit\u00e0\",\"publisher\":{\"@id\":\"https:\/\/arteeluoghi.it\/#organization\"},\"potentialAction\":[{\"@type\":\"SearchAction\",\"target\":{\"@type\":\"EntryPoint\",\"urlTemplate\":\"https:\/\/arteeluoghi.it\/?s={search_term_string}\"},\"query-input\":\"required name=search_term_string\"}],\"inLanguage\":\"it-IT\"},{\"@type\":\"ImageObject\",\"@id\":\"https:\/\/arteeluoghi.it\/index.php\/2018\/06\/18\/intervista-a-riccardo-belardi\/#primaryimage\",\"inLanguage\":\"it-IT\",\"url\":\"https:\/\/arteeluoghi.it\/wp-content\/uploads\/2018\/06\/lv-1-2_Riccardo-Belardi.jpg\",\"contentUrl\":\"https:\/\/arteeluoghi.it\/wp-content\/uploads\/2018\/06\/lv-1-2_Riccardo-Belardi.jpg\",\"width\":1024,\"height\":683},{\"@type\":\"WebPage\",\"@id\":\"https:\/\/arteeluoghi.it\/index.php\/2018\/06\/18\/intervista-a-riccardo-belardi\/#webpage\",\"url\":\"https:\/\/arteeluoghi.it\/index.php\/2018\/06\/18\/intervista-a-riccardo-belardi\/\",\"name\":\"La fotografia come racconto. Intervista al fotografo Riccardo Belardi | Arte e Luoghi\",\"isPartOf\":{\"@id\":\"https:\/\/arteeluoghi.it\/#website\"},\"primaryImageOfPage\":{\"@id\":\"https:\/\/arteeluoghi.it\/index.php\/2018\/06\/18\/intervista-a-riccardo-belardi\/#primaryimage\"},\"datePublished\":\"2018-06-18T18:10:53+00:00\",\"dateModified\":\"2018-06-19T06:14:06+00:00\",\"description\":\"FotoScuolaLecce, fotografia, Lecce, Roma, paesaggi,\",\"breadcrumb\":{\"@id\":\"https:\/\/arteeluoghi.it\/index.php\/2018\/06\/18\/intervista-a-riccardo-belardi\/#breadcrumb\"},\"inLanguage\":\"it-IT\",\"potentialAction\":[{\"@type\":\"ReadAction\",\"target\":[\"https:\/\/arteeluoghi.it\/index.php\/2018\/06\/18\/intervista-a-riccardo-belardi\/\"]}]},{\"@type\":\"BreadcrumbList\",\"@id\":\"https:\/\/arteeluoghi.it\/index.php\/2018\/06\/18\/intervista-a-riccardo-belardi\/#breadcrumb\",\"itemListElement\":[{\"@type\":\"ListItem\",\"position\":1,\"name\":\"Home\",\"item\":\"https:\/\/arteeluoghi.it\/\"},{\"@type\":\"ListItem\",\"position\":2,\"name\":\"La fotografia come racconto. Intervista al fotografo Riccardo Belardi\"}]},{\"@type\":\"Article\",\"@id\":\"https:\/\/arteeluoghi.it\/index.php\/2018\/06\/18\/intervista-a-riccardo-belardi\/#article\",\"isPartOf\":{\"@id\":\"https:\/\/arteeluoghi.it\/index.php\/2018\/06\/18\/intervista-a-riccardo-belardi\/#webpage\"},\"author\":{\"@id\":\"https:\/\/arteeluoghi.it\/#\/schema\/person\/f84e814e36e91e01448ee07eaadd41d4\"},\"headline\":\"La fotografia come racconto. Intervista al fotografo Riccardo Belardi\",\"datePublished\":\"2018-06-18T18:10:53+00:00\",\"dateModified\":\"2018-06-19T06:14:06+00:00\",\"mainEntityOfPage\":{\"@id\":\"https:\/\/arteeluoghi.it\/index.php\/2018\/06\/18\/intervista-a-riccardo-belardi\/#webpage\"},\"wordCount\":1306,\"commentCount\":0,\"publisher\":{\"@id\":\"https:\/\/arteeluoghi.it\/#organization\"},\"image\":{\"@id\":\"https:\/\/arteeluoghi.it\/index.php\/2018\/06\/18\/intervista-a-riccardo-belardi\/#primaryimage\"},\"thumbnailUrl\":\"https:\/\/arteeluoghi.it\/wp-content\/uploads\/2018\/06\/lv-1-2_Riccardo-Belardi.jpg\",\"keywords\":[\"FotoScuolaLecce\",\"Riccardo Belardi\"],\"articleSection\":[\"Arte\",\"Arti visive\",\"interviste\"],\"inLanguage\":\"it-IT\",\"potentialAction\":[{\"@type\":\"CommentAction\",\"name\":\"Comment\",\"target\":[\"https:\/\/arteeluoghi.it\/index.php\/2018\/06\/18\/intervista-a-riccardo-belardi\/#respond\"]}]},{\"@type\":\"Person\",\"@id\":\"https:\/\/arteeluoghi.it\/#\/schema\/person\/f84e814e36e91e01448ee07eaadd41d4\",\"name\":\"Staff\",\"image\":{\"@type\":\"ImageObject\",\"@id\":\"https:\/\/arteeluoghi.it\/#personlogo\",\"inLanguage\":\"it-IT\",\"url\":\"https:\/\/secure.gravatar.com\/avatar\/49d2f9e46271bb04e19cebfaf141313a?s=96&d=blank&r=g\",\"contentUrl\":\"https:\/\/secure.gravatar.com\/avatar\/49d2f9e46271bb04e19cebfaf141313a?s=96&d=blank&r=g\",\"caption\":\"Staff\"}}]}<\/script>\n<!-- \/ Yoast SEO plugin. -->","yoast_head_json":{"title":"La fotografia come racconto. Intervista al fotografo Riccardo Belardi | Arte e Luoghi","description":"FotoScuolaLecce, fotografia, Lecce, Roma, paesaggi,","robots":{"index":"index","follow":"follow","max-snippet":"max-snippet:-1","max-image-preview":"max-image-preview:large","max-video-preview":"max-video-preview:-1"},"canonical":"https:\/\/arteeluoghi.it\/index.php\/2018\/06\/18\/intervista-a-riccardo-belardi\/","og_locale":"it_IT","og_type":"article","og_title":"La fotografia come racconto. Intervista al fotografo Riccardo Belardi | Arte e Luoghi","og_description":"FotoScuolaLecce, fotografia, Lecce, Roma, paesaggi,","og_url":"https:\/\/arteeluoghi.it\/index.php\/2018\/06\/18\/intervista-a-riccardo-belardi\/","og_site_name":"Arte e Luoghi","article_publisher":"https:\/\/www.facebook.com\/ArteELuoghi\/","article_published_time":"2018-06-18T18:10:53+00:00","article_modified_time":"2018-06-19T06:14:06+00:00","og_image":[{"width":1024,"height":683,"url":"https:\/\/arteeluoghi.it\/wp-content\/uploads\/2018\/06\/lv-1-2_Riccardo-Belardi.jpg","type":"image\/jpeg"}],"twitter_card":"summary","twitter_creator":"@arteeluoghi","twitter_site":"@arteeluoghi","twitter_misc":{"Scritto da":"Staff","Tempo di lettura stimato":"6 minuti"},"schema":{"@context":"https:\/\/schema.org","@graph":[{"@type":"Organization","@id":"https:\/\/arteeluoghi.it\/#organization","name":"Arte e Luoghi","url":"https:\/\/arteeluoghi.it\/","sameAs":["https:\/\/www.facebook.com\/ArteELuoghi\/","https:\/\/www.instagram.com\/arteeluoghi\/?hl=it","https:\/\/www.youtube.com\/channel\/UCuRVc4JW4-C5sg9rQB-srkw?view_as=subscriber","https:\/\/twitter.com\/arteeluoghi"],"logo":{"@type":"ImageObject","@id":"https:\/\/arteeluoghi.it\/#logo","inLanguage":"it-IT","url":"https:\/\/arteeluoghi.it\/wp-content\/uploads\/2018\/08\/logoinstagramarte.jpg","contentUrl":"https:\/\/arteeluoghi.it\/wp-content\/uploads\/2018\/08\/logoinstagramarte.jpg","width":150,"height":150,"caption":"Arte e Luoghi"},"image":{"@id":"https:\/\/arteeluoghi.it\/#logo"}},{"@type":"WebSite","@id":"https:\/\/arteeluoghi.it\/#website","url":"https:\/\/arteeluoghi.it\/","name":"Arte e Luoghi","description":"Mensile di arte, cultura, turismo e curiosit\u00e0","publisher":{"@id":"https:\/\/arteeluoghi.it\/#organization"},"potentialAction":[{"@type":"SearchAction","target":{"@type":"EntryPoint","urlTemplate":"https:\/\/arteeluoghi.it\/?s={search_term_string}"},"query-input":"required name=search_term_string"}],"inLanguage":"it-IT"},{"@type":"ImageObject","@id":"https:\/\/arteeluoghi.it\/index.php\/2018\/06\/18\/intervista-a-riccardo-belardi\/#primaryimage","inLanguage":"it-IT","url":"https:\/\/arteeluoghi.it\/wp-content\/uploads\/2018\/06\/lv-1-2_Riccardo-Belardi.jpg","contentUrl":"https:\/\/arteeluoghi.it\/wp-content\/uploads\/2018\/06\/lv-1-2_Riccardo-Belardi.jpg","width":1024,"height":683},{"@type":"WebPage","@id":"https:\/\/arteeluoghi.it\/index.php\/2018\/06\/18\/intervista-a-riccardo-belardi\/#webpage","url":"https:\/\/arteeluoghi.it\/index.php\/2018\/06\/18\/intervista-a-riccardo-belardi\/","name":"La fotografia come racconto. Intervista al fotografo Riccardo Belardi | Arte e Luoghi","isPartOf":{"@id":"https:\/\/arteeluoghi.it\/#website"},"primaryImageOfPage":{"@id":"https:\/\/arteeluoghi.it\/index.php\/2018\/06\/18\/intervista-a-riccardo-belardi\/#primaryimage"},"datePublished":"2018-06-18T18:10:53+00:00","dateModified":"2018-06-19T06:14:06+00:00","description":"FotoScuolaLecce, fotografia, Lecce, Roma, paesaggi,","breadcrumb":{"@id":"https:\/\/arteeluoghi.it\/index.php\/2018\/06\/18\/intervista-a-riccardo-belardi\/#breadcrumb"},"inLanguage":"it-IT","potentialAction":[{"@type":"ReadAction","target":["https:\/\/arteeluoghi.it\/index.php\/2018\/06\/18\/intervista-a-riccardo-belardi\/"]}]},{"@type":"BreadcrumbList","@id":"https:\/\/arteeluoghi.it\/index.php\/2018\/06\/18\/intervista-a-riccardo-belardi\/#breadcrumb","itemListElement":[{"@type":"ListItem","position":1,"name":"Home","item":"https:\/\/arteeluoghi.it\/"},{"@type":"ListItem","position":2,"name":"La fotografia come racconto. Intervista al fotografo Riccardo Belardi"}]},{"@type":"Article","@id":"https:\/\/arteeluoghi.it\/index.php\/2018\/06\/18\/intervista-a-riccardo-belardi\/#article","isPartOf":{"@id":"https:\/\/arteeluoghi.it\/index.php\/2018\/06\/18\/intervista-a-riccardo-belardi\/#webpage"},"author":{"@id":"https:\/\/arteeluoghi.it\/#\/schema\/person\/f84e814e36e91e01448ee07eaadd41d4"},"headline":"La fotografia come racconto. Intervista al fotografo Riccardo Belardi","datePublished":"2018-06-18T18:10:53+00:00","dateModified":"2018-06-19T06:14:06+00:00","mainEntityOfPage":{"@id":"https:\/\/arteeluoghi.it\/index.php\/2018\/06\/18\/intervista-a-riccardo-belardi\/#webpage"},"wordCount":1306,"commentCount":0,"publisher":{"@id":"https:\/\/arteeluoghi.it\/#organization"},"image":{"@id":"https:\/\/arteeluoghi.it\/index.php\/2018\/06\/18\/intervista-a-riccardo-belardi\/#primaryimage"},"thumbnailUrl":"https:\/\/arteeluoghi.it\/wp-content\/uploads\/2018\/06\/lv-1-2_Riccardo-Belardi.jpg","keywords":["FotoScuolaLecce","Riccardo Belardi"],"articleSection":["Arte","Arti visive","interviste"],"inLanguage":"it-IT","potentialAction":[{"@type":"CommentAction","name":"Comment","target":["https:\/\/arteeluoghi.it\/index.php\/2018\/06\/18\/intervista-a-riccardo-belardi\/#respond"]}]},{"@type":"Person","@id":"https:\/\/arteeluoghi.it\/#\/schema\/person\/f84e814e36e91e01448ee07eaadd41d4","name":"Staff","image":{"@type":"ImageObject","@id":"https:\/\/arteeluoghi.it\/#personlogo","inLanguage":"it-IT","url":"https:\/\/secure.gravatar.com\/avatar\/49d2f9e46271bb04e19cebfaf141313a?s=96&d=blank&r=g","contentUrl":"https:\/\/secure.gravatar.com\/avatar\/49d2f9e46271bb04e19cebfaf141313a?s=96&d=blank&r=g","caption":"Staff"}}]}},"_links":{"self":[{"href":"https:\/\/arteeluoghi.it\/index.php\/wp-json\/wp\/v2\/posts\/5576"}],"collection":[{"href":"https:\/\/arteeluoghi.it\/index.php\/wp-json\/wp\/v2\/posts"}],"about":[{"href":"https:\/\/arteeluoghi.it\/index.php\/wp-json\/wp\/v2\/types\/post"}],"author":[{"embeddable":true,"href":"https:\/\/arteeluoghi.it\/index.php\/wp-json\/wp\/v2\/users\/1"}],"replies":[{"embeddable":true,"href":"https:\/\/arteeluoghi.it\/index.php\/wp-json\/wp\/v2\/comments?post=5576"}],"version-history":[{"count":27,"href":"https:\/\/arteeluoghi.it\/index.php\/wp-json\/wp\/v2\/posts\/5576\/revisions"}],"predecessor-version":[{"id":5677,"href":"https:\/\/arteeluoghi.it\/index.php\/wp-json\/wp\/v2\/posts\/5576\/revisions\/5677"}],"wp:featuredmedia":[{"embeddable":true,"href":"https:\/\/arteeluoghi.it\/index.php\/wp-json\/wp\/v2\/media\/5609"}],"wp:attachment":[{"href":"https:\/\/arteeluoghi.it\/index.php\/wp-json\/wp\/v2\/media?parent=5576"}],"wp:term":[{"taxonomy":"category","embeddable":true,"href":"https:\/\/arteeluoghi.it\/index.php\/wp-json\/wp\/v2\/categories?post=5576"},{"taxonomy":"post_tag","embeddable":true,"href":"https:\/\/arteeluoghi.it\/index.php\/wp-json\/wp\/v2\/tags?post=5576"}],"curies":[{"name":"wp","href":"https:\/\/api.w.org\/{rel}","templated":true}]}}