{"id":5627,"date":"2018-06-17T23:34:20","date_gmt":"2018-06-17T21:34:20","guid":{"rendered":"http:\/\/arteeluoghi.it\/?p=5627"},"modified":"2018-06-18T10:23:23","modified_gmt":"2018-06-18T08:23:23","slug":"900-in-italia-da-de-chirico-a-fontana-al-castello-aragonese-di-otranto","status":"publish","type":"post","link":"https:\/\/arteeluoghi.it\/index.php\/2018\/06\/17\/900-in-italia-da-de-chirico-a-fontana-al-castello-aragonese-di-otranto\/","title":{"rendered":"900 in Italia. Da De Chirico a Fontana. Al Castello Aragonese di Otranto"},"content":{"rendered":"<p><img loading=\"lazy\" class=\"size-medium wp-image-5629 alignleft\" src=\"https:\/\/arteeluoghi.it\/wp-content\/uploads\/2018\/06\/Giorgio-De-Chirico-Lattesa-1973-olio-tela-254x300.jpg\" alt=\"\" width=\"254\" height=\"300\" srcset=\"https:\/\/arteeluoghi.it\/wp-content\/uploads\/2018\/06\/Giorgio-De-Chirico-Lattesa-1973-olio-tela-254x300.jpg 254w, https:\/\/arteeluoghi.it\/wp-content\/uploads\/2018\/06\/Giorgio-De-Chirico-Lattesa-1973-olio-tela-768x908.jpg 768w, https:\/\/arteeluoghi.it\/wp-content\/uploads\/2018\/06\/Giorgio-De-Chirico-Lattesa-1973-olio-tela-866x1024.jpg 866w, https:\/\/arteeluoghi.it\/wp-content\/uploads\/2018\/06\/Giorgio-De-Chirico-Lattesa-1973-olio-tela.jpg 1198w\" sizes=\"(max-width: 254px) 100vw, 254px\" \/>OTRANTO (LECCE). Si \u00e8 inaugurata il 14 giugno nel Castello aragonese di Otranto \u201c<strong>900 in Italia. Da De Chirico a Fontana&#8221; <\/strong>e si potr\u00e0 visitare fino al prossimo 21 ottobre.<strong>\u00a0<\/strong>\u00a0Una ricognizione sulla storia dell\u2019arte del secolo scorso attraverso l\u2019esposizione di oltre quaranta opere, alcune delle quali inedite, di riconosciuti maestri, tra i quali <strong>Renato Guttuso<\/strong>, <strong>Mario Schifano<\/strong>, <strong>Mimmo Rotella<\/strong>, <strong>Jannis Kounellis<\/strong>, <strong>Fausto Melotti<\/strong>, <strong>Achille Perilli<\/strong> e <strong>Michelangelo Pistoletto<\/strong>.<\/p>\n<p>La mostra, curata da Luca Barsi e Lorenzo Madaro, si propone di indagare un secolo straordinario per l\u2019arte e la cultura italiana nelle sue declinazioni pi\u00f9 sofisticate, dalla <strong>Metafisica<\/strong> all\u2019astrazione di <strong>Forma 1<\/strong>, dall\u2019<strong>Informale<\/strong> alla <strong>Pop Art<\/strong>, dall\u2019<strong>Arte Povera <\/strong>alla <strong>Transavanguardia<\/strong>, ovvero i maggiori movimenti che hanno costellato il secolo scorso, anche nel contesto internazionale.<\/p>\n<p><!--more--><img loading=\"lazy\" class=\"size-medium wp-image-5630 alignleft\" src=\"https:\/\/arteeluoghi.it\/wp-content\/uploads\/2018\/06\/Felice-Casoratiera-alluovo-su-tela-cm33-1-256x300.jpg\" alt=\"\" width=\"256\" height=\"300\" srcset=\"https:\/\/arteeluoghi.it\/wp-content\/uploads\/2018\/06\/Felice-Casoratiera-alluovo-su-tela-cm33-1-256x300.jpg 256w, https:\/\/arteeluoghi.it\/wp-content\/uploads\/2018\/06\/Felice-Casoratiera-alluovo-su-tela-cm33-1-768x902.jpg 768w, https:\/\/arteeluoghi.it\/wp-content\/uploads\/2018\/06\/Felice-Casoratiera-alluovo-su-tela-cm33-1-872x1024.jpg 872w, https:\/\/arteeluoghi.it\/wp-content\/uploads\/2018\/06\/Felice-Casoratiera-alluovo-su-tela-cm33-1.jpg 1208w\" sizes=\"(max-width: 256px) 100vw, 256px\" \/>Artisti storicizzati, protagonisti delle pagine pi\u00f9 significative della storia dell\u2019arte nazionale e internazionale, hanno contribuito alle grandi rivoluzioni artistiche del XX secolo e alla storia delle immagini e della forma, attraverso ricerche sperimentali, idee pionieristiche e relazioni intellettuali con poeti, scrittori e musicisti, all\u2019insegna di un dialogo fervido indirizzato alla costruzione di quell\u2019immaginario sfaccettato che \u00e8 il \u2018900 nella sua totalit\u00e0.<\/p>\n<p><img loading=\"lazy\" class=\"size-medium wp-image-5628 alignright\" src=\"https:\/\/arteeluoghi.it\/wp-content\/uploads\/2018\/06\/Renato-Guttuso-Tetti-di-Roma-1957-olio-su-tela-64-x-80-300x236.jpg\" alt=\"\" width=\"300\" height=\"236\" srcset=\"https:\/\/arteeluoghi.it\/wp-content\/uploads\/2018\/06\/Renato-Guttuso-Tetti-di-Roma-1957-olio-su-tela-64-x-80-300x236.jpg 300w, https:\/\/arteeluoghi.it\/wp-content\/uploads\/2018\/06\/Renato-Guttuso-Tetti-di-Roma-1957-olio-su-tela-64-x-80-768x604.jpg 768w, https:\/\/arteeluoghi.it\/wp-content\/uploads\/2018\/06\/Renato-Guttuso-Tetti-di-Roma-1957-olio-su-tela-64-x-80-1024x806.jpg 1024w\" sizes=\"(max-width: 300px) 100vw, 300px\" \/>Le sale espositive del Castello Aragonese saranno cos\u00ec al centro di un ambizioso progetto espositivo, composto da singole sezioni, in cui saranno raccolti nuclei specifici di opere legate tra loro da connessioni intellettuali, visive e quindi non soltanto cronologiche. Il progetto allestitivo, curato dagli architetti Francesca Fiore e Lorenzo Spagnolo, si propone di essere fruito da un vasto pubblico di non addetti ai lavori, perci\u00f2 al suo interno ospiter\u00e0 anche un ampio e fruibile apparato didattico che consentir\u00e0 a tutti i visitatori (anche attraverso video e materiali multimediali) di immergersi nelle opere (e nelle biografie dei rispettivi autori, redatte dagli studenti del corso di Storia e metodologia della critica d\u2019arte, prof. L. Madaro, dell\u2019Accademia di Belle Arti di Lecce) con pi\u00f9 consapevolezza.<\/p>\n<p>La mostra sar\u00e0 accompagnata da una pubblicazione \u2013 progettata, cos\u00ec come il resto della comunicazione visiva, da Giorgio Casciaro \u2013, che sar\u00e0 disponibile nel bookshop del castello, e sar\u00e0 al centro di una programmazione di visite guidate e attivit\u00e0 collaterali.<\/p>\n<p>&nbsp;<\/p>\n<p><strong>Gli artisti protagonisti del progetto espositivo <\/strong><\/p>\n<p>Carla Accardi, Franco Angeli, Giacomo Balla, Agostino Bonalumi, Massimo Campigli, Carlo Carr\u00e0, Felice Casorati, Bruno Cassinari, Enrico Castellani, Sandro Chia, Roberto Crippa, Enzo Cucchi, Giorgio De Chirico, Nicola De Maria, Filippo De Pisis, Piero Dorazio, Tano Festa, Giosetta Fioroni, Lucio Fontana, Mimmo German\u00e0, Renato Guttuso, Jannis Kounellis, Fausto Melotti, Giorgio Morandi, Ennio Morlotti, Mimmo Paladino, Pino Pascali, Achille Perilli, Michelangelo Pistoletto, Mario Radice, Mauro Reggiani, Manlio Rho, Mimmo Rotella, Antonio Sanfilippo, Emilio Scanavino, Mario Schifano, Mario Tozzi, Emilio Vedova.<\/p>\n<p>Contestualmente sar\u00e0 visitabile, fino al 9 settembre, la mostra di Oliviero Toscani, <em>Cinquant\u2019anni di magnifici fallimenti<\/em>, promossa da <strong>Theutra <\/strong>e <strong>Comune di Otranto<\/strong> e curata da Nicolas Ballario con il coordinamento di Lorenzo Madaro. L\u2019esposizione mette in scena la potenza creativa e la carriera del fotografo, attraverso le sue immagini pi\u00f9 note che hanno fatto discutere il mondo su temi come il <strong>razzismo<\/strong>, la <strong>pena di morte<\/strong>, l\u2019<strong>AIDS<\/strong> e la <strong>guerra<\/strong>. Tra i lavori in mostra il celebre <strong>Bacio tra prete e suora del 1991<\/strong>, i <strong>Tre Cuori White\/Black\/Yellow del 1996<\/strong>, <strong>No-Anorexia\u00a0 del 2007 <\/strong>e tantissimi altri.<\/p>\n<p><strong>Info<br \/>\n<\/strong>Castello di Otranto, Piazza Castello, 73028 &#8211; Otranto &#8211; Tel. 0836 210094<\/p>\n<p><strong>La mostra sar\u00e0 visitabile dal 14 giugno al 21 ottobre 2018<\/strong><br \/>\nOrari di apertura: tutti i giorni dalle 10 alle 24 (orario continuato).<\/p>\n<p>red. Cultura<\/p>\n","protected":false},"excerpt":{"rendered":"<p>OTRANTO (LECCE). Si \u00e8 inaugurata il 14 giugno nel Castello aragonese di Otranto \u201c900 in Italia. Da De Chirico a<\/p>\n","protected":false},"author":1,"featured_media":5631,"comment_status":"open","ping_status":"open","sticky":true,"template":"","format":"standard","meta":[],"categories":[27,3],"tags":[1089,1069,1095,1073,1066,1071,1064,1096,1098,1087,1074,1076,1085,1072,1079,1065,1067,1068,1077,1086,1082,927,1083,1093,1091,145,1097,1070,1092,1090,1084,1013,1094,1078,428,1080,1088,890,1075,926,1081],"yoast_head":"<!-- This site is optimized with the Yoast SEO plugin v18.0 - https:\/\/yoast.com\/wordpress\/plugins\/seo\/ -->\n<title>900 in Italia. Da De Chirico a Fontana. Al Castello Aragonese di Otranto | Arte e Luoghi<\/title>\n<meta name=\"robots\" content=\"index, follow, max-snippet:-1, max-image-preview:large, max-video-preview:-1\" \/>\n<link rel=\"canonical\" href=\"https:\/\/arteeluoghi.it\/index.php\/2018\/06\/17\/900-in-italia-da-de-chirico-a-fontana-al-castello-aragonese-di-otranto\/\" \/>\n<meta property=\"og:locale\" content=\"it_IT\" \/>\n<meta property=\"og:type\" content=\"article\" \/>\n<meta property=\"og:title\" content=\"900 in Italia. Da De Chirico a Fontana. Al Castello Aragonese di Otranto | Arte e Luoghi\" \/>\n<meta property=\"og:description\" content=\"OTRANTO (LECCE). Si \u00e8 inaugurata il 14 giugno nel Castello aragonese di Otranto \u201c900 in Italia. Da De Chirico a\" \/>\n<meta property=\"og:url\" content=\"https:\/\/arteeluoghi.it\/index.php\/2018\/06\/17\/900-in-italia-da-de-chirico-a-fontana-al-castello-aragonese-di-otranto\/\" \/>\n<meta property=\"og:site_name\" content=\"Arte e Luoghi\" \/>\n<meta property=\"article:publisher\" content=\"https:\/\/www.facebook.com\/ArteELuoghi\/\" \/>\n<meta property=\"article:published_time\" content=\"2018-06-17T21:34:20+00:00\" \/>\n<meta property=\"article:modified_time\" content=\"2018-06-18T08:23:23+00:00\" \/>\n<meta property=\"og:image\" content=\"https:\/\/arteeluoghi.it\/wp-content\/uploads\/2018\/06\/manfiesto-de-chirico-a-otranto-e1529271176211.jpg\" \/>\n\t<meta property=\"og:image:width\" content=\"957\" \/>\n\t<meta property=\"og:image:height\" content=\"631\" \/>\n\t<meta property=\"og:image:type\" content=\"image\/jpeg\" \/>\n<meta name=\"twitter:card\" content=\"summary\" \/>\n<meta name=\"twitter:creator\" content=\"@arteeluoghi\" \/>\n<meta name=\"twitter:site\" content=\"@arteeluoghi\" \/>\n<meta name=\"twitter:label1\" content=\"Scritto da\" \/>\n\t<meta name=\"twitter:data1\" content=\"Staff\" \/>\n\t<meta name=\"twitter:label2\" content=\"Tempo di lettura stimato\" \/>\n\t<meta name=\"twitter:data2\" content=\"3 minuti\" \/>\n<script type=\"application\/ld+json\" class=\"yoast-schema-graph\">{\"@context\":\"https:\/\/schema.org\",\"@graph\":[{\"@type\":\"Organization\",\"@id\":\"https:\/\/arteeluoghi.it\/#organization\",\"name\":\"Arte e Luoghi\",\"url\":\"https:\/\/arteeluoghi.it\/\",\"sameAs\":[\"https:\/\/www.facebook.com\/ArteELuoghi\/\",\"https:\/\/www.instagram.com\/arteeluoghi\/?hl=it\",\"https:\/\/www.youtube.com\/channel\/UCuRVc4JW4-C5sg9rQB-srkw?view_as=subscriber\",\"https:\/\/twitter.com\/arteeluoghi\"],\"logo\":{\"@type\":\"ImageObject\",\"@id\":\"https:\/\/arteeluoghi.it\/#logo\",\"inLanguage\":\"it-IT\",\"url\":\"https:\/\/arteeluoghi.it\/wp-content\/uploads\/2018\/08\/logoinstagramarte.jpg\",\"contentUrl\":\"https:\/\/arteeluoghi.it\/wp-content\/uploads\/2018\/08\/logoinstagramarte.jpg\",\"width\":150,\"height\":150,\"caption\":\"Arte e Luoghi\"},\"image\":{\"@id\":\"https:\/\/arteeluoghi.it\/#logo\"}},{\"@type\":\"WebSite\",\"@id\":\"https:\/\/arteeluoghi.it\/#website\",\"url\":\"https:\/\/arteeluoghi.it\/\",\"name\":\"Arte e Luoghi\",\"description\":\"Mensile di arte, cultura, turismo e curiosit\u00e0\",\"publisher\":{\"@id\":\"https:\/\/arteeluoghi.it\/#organization\"},\"potentialAction\":[{\"@type\":\"SearchAction\",\"target\":{\"@type\":\"EntryPoint\",\"urlTemplate\":\"https:\/\/arteeluoghi.it\/?s={search_term_string}\"},\"query-input\":\"required name=search_term_string\"}],\"inLanguage\":\"it-IT\"},{\"@type\":\"ImageObject\",\"@id\":\"https:\/\/arteeluoghi.it\/index.php\/2018\/06\/17\/900-in-italia-da-de-chirico-a-fontana-al-castello-aragonese-di-otranto\/#primaryimage\",\"inLanguage\":\"it-IT\",\"url\":\"https:\/\/arteeluoghi.it\/wp-content\/uploads\/2018\/06\/manfiesto-de-chirico-a-otranto-e1529271176211.jpg\",\"contentUrl\":\"https:\/\/arteeluoghi.it\/wp-content\/uploads\/2018\/06\/manfiesto-de-chirico-a-otranto-e1529271176211.jpg\",\"width\":957,\"height\":631},{\"@type\":\"WebPage\",\"@id\":\"https:\/\/arteeluoghi.it\/index.php\/2018\/06\/17\/900-in-italia-da-de-chirico-a-fontana-al-castello-aragonese-di-otranto\/#webpage\",\"url\":\"https:\/\/arteeluoghi.it\/index.php\/2018\/06\/17\/900-in-italia-da-de-chirico-a-fontana-al-castello-aragonese-di-otranto\/\",\"name\":\"900 in Italia. Da De Chirico a Fontana. Al Castello Aragonese di Otranto | Arte e Luoghi\",\"isPartOf\":{\"@id\":\"https:\/\/arteeluoghi.it\/#website\"},\"primaryImageOfPage\":{\"@id\":\"https:\/\/arteeluoghi.it\/index.php\/2018\/06\/17\/900-in-italia-da-de-chirico-a-fontana-al-castello-aragonese-di-otranto\/#primaryimage\"},\"datePublished\":\"2018-06-17T21:34:20+00:00\",\"dateModified\":\"2018-06-18T08:23:23+00:00\",\"breadcrumb\":{\"@id\":\"https:\/\/arteeluoghi.it\/index.php\/2018\/06\/17\/900-in-italia-da-de-chirico-a-fontana-al-castello-aragonese-di-otranto\/#breadcrumb\"},\"inLanguage\":\"it-IT\",\"potentialAction\":[{\"@type\":\"ReadAction\",\"target\":[\"https:\/\/arteeluoghi.it\/index.php\/2018\/06\/17\/900-in-italia-da-de-chirico-a-fontana-al-castello-aragonese-di-otranto\/\"]}]},{\"@type\":\"BreadcrumbList\",\"@id\":\"https:\/\/arteeluoghi.it\/index.php\/2018\/06\/17\/900-in-italia-da-de-chirico-a-fontana-al-castello-aragonese-di-otranto\/#breadcrumb\",\"itemListElement\":[{\"@type\":\"ListItem\",\"position\":1,\"name\":\"Home\",\"item\":\"https:\/\/arteeluoghi.it\/\"},{\"@type\":\"ListItem\",\"position\":2,\"name\":\"900 in Italia. Da De Chirico a Fontana. Al Castello Aragonese di Otranto\"}]},{\"@type\":\"Article\",\"@id\":\"https:\/\/arteeluoghi.it\/index.php\/2018\/06\/17\/900-in-italia-da-de-chirico-a-fontana-al-castello-aragonese-di-otranto\/#article\",\"isPartOf\":{\"@id\":\"https:\/\/arteeluoghi.it\/index.php\/2018\/06\/17\/900-in-italia-da-de-chirico-a-fontana-al-castello-aragonese-di-otranto\/#webpage\"},\"author\":{\"@id\":\"https:\/\/arteeluoghi.it\/#\/schema\/person\/f84e814e36e91e01448ee07eaadd41d4\"},\"headline\":\"900 in Italia. Da De Chirico a Fontana. Al Castello Aragonese di Otranto\",\"datePublished\":\"2018-06-17T21:34:20+00:00\",\"dateModified\":\"2018-06-18T08:23:23+00:00\",\"mainEntityOfPage\":{\"@id\":\"https:\/\/arteeluoghi.it\/index.php\/2018\/06\/17\/900-in-italia-da-de-chirico-a-fontana-al-castello-aragonese-di-otranto\/#webpage\"},\"wordCount\":575,\"commentCount\":0,\"publisher\":{\"@id\":\"https:\/\/arteeluoghi.it\/#organization\"},\"image\":{\"@id\":\"https:\/\/arteeluoghi.it\/index.php\/2018\/06\/17\/900-in-italia-da-de-chirico-a-fontana-al-castello-aragonese-di-otranto\/#primaryimage\"},\"thumbnailUrl\":\"https:\/\/arteeluoghi.it\/wp-content\/uploads\/2018\/06\/manfiesto-de-chirico-a-otranto-e1529271176211.jpg\",\"keywords\":[\"Achille Perilli\",\"Agostino Bonalumi\",\"Antonio Sanfilippo\",\"Bruno Cassinari\",\"Carla Accardi\",\"Carlo Carr\u00e0\",\"De Chirico\",\"Emilio Scanavino\",\"Emilio Vedova.\",\"Ennio Morlotti\",\"Enrico Castellani\",\"Enzo Cucchi\",\"Fausto Melotti\",\"Felice Casorati\",\"Filippo De Pisis\",\"Fontana\",\"Franco Angeli\",\"Giacomo Balla\",\"Giorgio De Chirico\",\"Giorgio Morandi\",\"Giosetta Fioroni\",\"Jannis Kounellis\",\"Lucio Fontana\",\"Manlio Rho\",\"Mario Radice\",\"Mario Schifano\",\"Mario Tozzi\",\"Massimo Campigli\",\"Mauro Reggiani\",\"Michelangelo Pistoletto\",\"Mimmo German\u00e0\",\"Mimmo Paladino\",\"Mimmo Rotella\",\"Nicola De Maria\",\"Otranto\",\"Piero Dorazio\",\"Pino Pascali\",\"Renato Guttuso\",\"Roberto Crippa\",\"Sandro Chia\",\"Tano Festa\"],\"articleSection\":[\"Arte\",\"Arti visive\"],\"inLanguage\":\"it-IT\",\"potentialAction\":[{\"@type\":\"CommentAction\",\"name\":\"Comment\",\"target\":[\"https:\/\/arteeluoghi.it\/index.php\/2018\/06\/17\/900-in-italia-da-de-chirico-a-fontana-al-castello-aragonese-di-otranto\/#respond\"]}]},{\"@type\":\"Person\",\"@id\":\"https:\/\/arteeluoghi.it\/#\/schema\/person\/f84e814e36e91e01448ee07eaadd41d4\",\"name\":\"Staff\",\"image\":{\"@type\":\"ImageObject\",\"@id\":\"https:\/\/arteeluoghi.it\/#personlogo\",\"inLanguage\":\"it-IT\",\"url\":\"https:\/\/secure.gravatar.com\/avatar\/49d2f9e46271bb04e19cebfaf141313a?s=96&d=blank&r=g\",\"contentUrl\":\"https:\/\/secure.gravatar.com\/avatar\/49d2f9e46271bb04e19cebfaf141313a?s=96&d=blank&r=g\",\"caption\":\"Staff\"}}]}<\/script>\n<!-- \/ Yoast SEO plugin. -->","yoast_head_json":{"title":"900 in Italia. Da De Chirico a Fontana. Al Castello Aragonese di Otranto | Arte e Luoghi","robots":{"index":"index","follow":"follow","max-snippet":"max-snippet:-1","max-image-preview":"max-image-preview:large","max-video-preview":"max-video-preview:-1"},"canonical":"https:\/\/arteeluoghi.it\/index.php\/2018\/06\/17\/900-in-italia-da-de-chirico-a-fontana-al-castello-aragonese-di-otranto\/","og_locale":"it_IT","og_type":"article","og_title":"900 in Italia. Da De Chirico a Fontana. Al Castello Aragonese di Otranto | Arte e Luoghi","og_description":"OTRANTO (LECCE). Si \u00e8 inaugurata il 14 giugno nel Castello aragonese di Otranto \u201c900 in Italia. Da De Chirico a","og_url":"https:\/\/arteeluoghi.it\/index.php\/2018\/06\/17\/900-in-italia-da-de-chirico-a-fontana-al-castello-aragonese-di-otranto\/","og_site_name":"Arte e Luoghi","article_publisher":"https:\/\/www.facebook.com\/ArteELuoghi\/","article_published_time":"2018-06-17T21:34:20+00:00","article_modified_time":"2018-06-18T08:23:23+00:00","og_image":[{"width":957,"height":631,"url":"https:\/\/arteeluoghi.it\/wp-content\/uploads\/2018\/06\/manfiesto-de-chirico-a-otranto-e1529271176211.jpg","type":"image\/jpeg"}],"twitter_card":"summary","twitter_creator":"@arteeluoghi","twitter_site":"@arteeluoghi","twitter_misc":{"Scritto da":"Staff","Tempo di lettura stimato":"3 minuti"},"schema":{"@context":"https:\/\/schema.org","@graph":[{"@type":"Organization","@id":"https:\/\/arteeluoghi.it\/#organization","name":"Arte e Luoghi","url":"https:\/\/arteeluoghi.it\/","sameAs":["https:\/\/www.facebook.com\/ArteELuoghi\/","https:\/\/www.instagram.com\/arteeluoghi\/?hl=it","https:\/\/www.youtube.com\/channel\/UCuRVc4JW4-C5sg9rQB-srkw?view_as=subscriber","https:\/\/twitter.com\/arteeluoghi"],"logo":{"@type":"ImageObject","@id":"https:\/\/arteeluoghi.it\/#logo","inLanguage":"it-IT","url":"https:\/\/arteeluoghi.it\/wp-content\/uploads\/2018\/08\/logoinstagramarte.jpg","contentUrl":"https:\/\/arteeluoghi.it\/wp-content\/uploads\/2018\/08\/logoinstagramarte.jpg","width":150,"height":150,"caption":"Arte e Luoghi"},"image":{"@id":"https:\/\/arteeluoghi.it\/#logo"}},{"@type":"WebSite","@id":"https:\/\/arteeluoghi.it\/#website","url":"https:\/\/arteeluoghi.it\/","name":"Arte e Luoghi","description":"Mensile di arte, cultura, turismo e curiosit\u00e0","publisher":{"@id":"https:\/\/arteeluoghi.it\/#organization"},"potentialAction":[{"@type":"SearchAction","target":{"@type":"EntryPoint","urlTemplate":"https:\/\/arteeluoghi.it\/?s={search_term_string}"},"query-input":"required name=search_term_string"}],"inLanguage":"it-IT"},{"@type":"ImageObject","@id":"https:\/\/arteeluoghi.it\/index.php\/2018\/06\/17\/900-in-italia-da-de-chirico-a-fontana-al-castello-aragonese-di-otranto\/#primaryimage","inLanguage":"it-IT","url":"https:\/\/arteeluoghi.it\/wp-content\/uploads\/2018\/06\/manfiesto-de-chirico-a-otranto-e1529271176211.jpg","contentUrl":"https:\/\/arteeluoghi.it\/wp-content\/uploads\/2018\/06\/manfiesto-de-chirico-a-otranto-e1529271176211.jpg","width":957,"height":631},{"@type":"WebPage","@id":"https:\/\/arteeluoghi.it\/index.php\/2018\/06\/17\/900-in-italia-da-de-chirico-a-fontana-al-castello-aragonese-di-otranto\/#webpage","url":"https:\/\/arteeluoghi.it\/index.php\/2018\/06\/17\/900-in-italia-da-de-chirico-a-fontana-al-castello-aragonese-di-otranto\/","name":"900 in Italia. Da De Chirico a Fontana. Al Castello Aragonese di Otranto | Arte e Luoghi","isPartOf":{"@id":"https:\/\/arteeluoghi.it\/#website"},"primaryImageOfPage":{"@id":"https:\/\/arteeluoghi.it\/index.php\/2018\/06\/17\/900-in-italia-da-de-chirico-a-fontana-al-castello-aragonese-di-otranto\/#primaryimage"},"datePublished":"2018-06-17T21:34:20+00:00","dateModified":"2018-06-18T08:23:23+00:00","breadcrumb":{"@id":"https:\/\/arteeluoghi.it\/index.php\/2018\/06\/17\/900-in-italia-da-de-chirico-a-fontana-al-castello-aragonese-di-otranto\/#breadcrumb"},"inLanguage":"it-IT","potentialAction":[{"@type":"ReadAction","target":["https:\/\/arteeluoghi.it\/index.php\/2018\/06\/17\/900-in-italia-da-de-chirico-a-fontana-al-castello-aragonese-di-otranto\/"]}]},{"@type":"BreadcrumbList","@id":"https:\/\/arteeluoghi.it\/index.php\/2018\/06\/17\/900-in-italia-da-de-chirico-a-fontana-al-castello-aragonese-di-otranto\/#breadcrumb","itemListElement":[{"@type":"ListItem","position":1,"name":"Home","item":"https:\/\/arteeluoghi.it\/"},{"@type":"ListItem","position":2,"name":"900 in Italia. Da De Chirico a Fontana. Al Castello Aragonese di Otranto"}]},{"@type":"Article","@id":"https:\/\/arteeluoghi.it\/index.php\/2018\/06\/17\/900-in-italia-da-de-chirico-a-fontana-al-castello-aragonese-di-otranto\/#article","isPartOf":{"@id":"https:\/\/arteeluoghi.it\/index.php\/2018\/06\/17\/900-in-italia-da-de-chirico-a-fontana-al-castello-aragonese-di-otranto\/#webpage"},"author":{"@id":"https:\/\/arteeluoghi.it\/#\/schema\/person\/f84e814e36e91e01448ee07eaadd41d4"},"headline":"900 in Italia. Da De Chirico a Fontana. Al Castello Aragonese di Otranto","datePublished":"2018-06-17T21:34:20+00:00","dateModified":"2018-06-18T08:23:23+00:00","mainEntityOfPage":{"@id":"https:\/\/arteeluoghi.it\/index.php\/2018\/06\/17\/900-in-italia-da-de-chirico-a-fontana-al-castello-aragonese-di-otranto\/#webpage"},"wordCount":575,"commentCount":0,"publisher":{"@id":"https:\/\/arteeluoghi.it\/#organization"},"image":{"@id":"https:\/\/arteeluoghi.it\/index.php\/2018\/06\/17\/900-in-italia-da-de-chirico-a-fontana-al-castello-aragonese-di-otranto\/#primaryimage"},"thumbnailUrl":"https:\/\/arteeluoghi.it\/wp-content\/uploads\/2018\/06\/manfiesto-de-chirico-a-otranto-e1529271176211.jpg","keywords":["Achille Perilli","Agostino Bonalumi","Antonio Sanfilippo","Bruno Cassinari","Carla Accardi","Carlo Carr\u00e0","De Chirico","Emilio Scanavino","Emilio Vedova.","Ennio Morlotti","Enrico Castellani","Enzo Cucchi","Fausto Melotti","Felice Casorati","Filippo De Pisis","Fontana","Franco Angeli","Giacomo Balla","Giorgio De Chirico","Giorgio Morandi","Giosetta Fioroni","Jannis Kounellis","Lucio Fontana","Manlio Rho","Mario Radice","Mario Schifano","Mario Tozzi","Massimo Campigli","Mauro Reggiani","Michelangelo Pistoletto","Mimmo German\u00e0","Mimmo Paladino","Mimmo Rotella","Nicola De Maria","Otranto","Piero Dorazio","Pino Pascali","Renato Guttuso","Roberto Crippa","Sandro Chia","Tano Festa"],"articleSection":["Arte","Arti visive"],"inLanguage":"it-IT","potentialAction":[{"@type":"CommentAction","name":"Comment","target":["https:\/\/arteeluoghi.it\/index.php\/2018\/06\/17\/900-in-italia-da-de-chirico-a-fontana-al-castello-aragonese-di-otranto\/#respond"]}]},{"@type":"Person","@id":"https:\/\/arteeluoghi.it\/#\/schema\/person\/f84e814e36e91e01448ee07eaadd41d4","name":"Staff","image":{"@type":"ImageObject","@id":"https:\/\/arteeluoghi.it\/#personlogo","inLanguage":"it-IT","url":"https:\/\/secure.gravatar.com\/avatar\/49d2f9e46271bb04e19cebfaf141313a?s=96&d=blank&r=g","contentUrl":"https:\/\/secure.gravatar.com\/avatar\/49d2f9e46271bb04e19cebfaf141313a?s=96&d=blank&r=g","caption":"Staff"}}]}},"_links":{"self":[{"href":"https:\/\/arteeluoghi.it\/index.php\/wp-json\/wp\/v2\/posts\/5627"}],"collection":[{"href":"https:\/\/arteeluoghi.it\/index.php\/wp-json\/wp\/v2\/posts"}],"about":[{"href":"https:\/\/arteeluoghi.it\/index.php\/wp-json\/wp\/v2\/types\/post"}],"author":[{"embeddable":true,"href":"https:\/\/arteeluoghi.it\/index.php\/wp-json\/wp\/v2\/users\/1"}],"replies":[{"embeddable":true,"href":"https:\/\/arteeluoghi.it\/index.php\/wp-json\/wp\/v2\/comments?post=5627"}],"version-history":[{"count":3,"href":"https:\/\/arteeluoghi.it\/index.php\/wp-json\/wp\/v2\/posts\/5627\/revisions"}],"predecessor-version":[{"id":5655,"href":"https:\/\/arteeluoghi.it\/index.php\/wp-json\/wp\/v2\/posts\/5627\/revisions\/5655"}],"wp:featuredmedia":[{"embeddable":true,"href":"https:\/\/arteeluoghi.it\/index.php\/wp-json\/wp\/v2\/media\/5631"}],"wp:attachment":[{"href":"https:\/\/arteeluoghi.it\/index.php\/wp-json\/wp\/v2\/media?parent=5627"}],"wp:term":[{"taxonomy":"category","embeddable":true,"href":"https:\/\/arteeluoghi.it\/index.php\/wp-json\/wp\/v2\/categories?post=5627"},{"taxonomy":"post_tag","embeddable":true,"href":"https:\/\/arteeluoghi.it\/index.php\/wp-json\/wp\/v2\/tags?post=5627"}],"curies":[{"name":"wp","href":"https:\/\/api.w.org\/{rel}","templated":true}]}}