{"id":564,"date":"2012-02-26T13:13:30","date_gmt":"2012-02-26T12:13:30","guid":{"rendered":"http:\/\/arteeluoghi.it\/index.php\/2012\/02\/26\/rumore\/"},"modified":"2012-02-26T13:13:30","modified_gmt":"2012-02-26T12:13:30","slug":"rumore","status":"publish","type":"post","link":"https:\/\/arteeluoghi.it\/index.php\/2012\/02\/26\/rumore\/","title":{"rendered":"umore del colore"},"content":{"rendered":"<p style=\"text-align: justify;\"><span style=\"font-size: small;\">\u2018l <strong>\u00ae<\/strong><\/span><span style=\"font-size: small;\">umore del colore<\/p>\n<p><span style=\"font-size: x-small;\"><em>Lo stridio prolungato sulla liscia superficie di ardesia \u00e8 uno dei \u201crumori\u201d pi\u00f9 sgradevoli, ma non per questo ce ne dobbiamo privare o cancellare<\/em><\/span><\/span><\/p>\n<p style=\"text-align: justify;\"><span style=\"font-size: small;\"><span style=\"font-size: medium;\"><em><span style=\"font-size: x-small;\">novit\u00e0 per i bibliofili: \u00e8 uscito il n.10, l&#8217;undicesimo numero di Diversalit\u00e0 Poetiche.<\/span><\/em><\/span><\/span><\/p>\n<p style=\"text-align: left;\"><span style=\"font-size: small;\"><span style=\"font-size: medium;\"> <\/span><\/span><strong>In questo Foglio<\/strong><\/p>\n<p align=\"center\"><strong> <\/strong><\/p>\n<p><strong> <\/strong><\/p>\n<ul>\n<li><strong><em>Le Opere di \u00a0Orod\u00e8 Deoro e di Salvatore Toma<\/em><\/strong><\/li>\n<li><strong><em>Paolo Vincenti <\/em><\/strong><em>Elementi <\/em><\/li>\n<li><strong>Antonio Errico <\/strong><em>la paura del poeta<\/em><strong> <\/strong><\/li>\n<li><strong>Maurizio Nocera <\/strong><em>Tot\u00f2 Franz <\/em><\/li>\n<li><strong>Francesco Pasca <\/strong><em> \u00aeumore del colore<\/em><strong> <\/strong><\/li>\n<li><strong>Francesco Carrozzo <\/strong><em>poesie <\/em><strong> <\/strong><\/li>\n<li><strong>Maria Pia Romano <\/strong>le poesie liquide<strong> <\/strong><\/li>\n<li><strong>Antonio L. Verri<\/strong><em> diario ottobre 1983<\/em><strong> <\/strong><\/li>\n<li><strong>Lorenzo Madaro <\/strong><em>le azioni pittoriche di Orod\u00e8<\/em><strong> <\/strong><\/li>\n<\/ul>\n<p><img loading=\"lazy\" src=\"\/images\/stories\/diversalitopen11.jpg\" border=\"0\" width=\"596\" height=\"410\" style=\"border: 0pt none;\" \/><\/p>\n<p style=\"text-align: left;\"><span style=\"font-size: small;\"><br \/><span style=\"font-size: x-small;\">di<\/span><strong><span style=\"font-size: x-small;\"> Francesco Pasca<\/span><\/strong><\/span><\/p>\n<p style=\"text-align: justify;\"><span style=\"font-size: x-small;\">Vi sono tanti rumori tra noi che inquinano, altri che sono graditi per antica tradizione dalle nostre orecchie, altri che altrettanto graditi o sgraditi lo sono per nostri personali interessi, altri ancora che zittiscono, cos\u00ec come fece Quint (Robert Shaw), il cacciatore di squali. Zitt\u00ec la sua classe rumorosa con un lungo graffio sulla lavagna, nel film <em>Lo squalo o (Jaws)<\/em> del 1975, diretto da Steven Spielberg. <br \/><em>Skriiiiiiiiiishhhcckkkriiikshh, Skriiiiiiiiiishhhcckkkriiikshh, Skriiiiiiiiiishhhcckkriiikhh<\/em>, \u00e8 l\u2019onomatopeico rumore che stride e zittisce, lo scricch\u00ec\u00ec\u00ec\u00ec\u00eco che accappona. <br \/>Da qui anche l\u2019espressoimpressionescritta, cosa sar\u00e0 mai? <br \/>\u00c8, l\u2019audacia di un segno? O cosa? <br \/>Cos\u2019\u00e8?, cos\u2019\u00e8?, cos\u2019\u00e8?, e poi ancora \u2026\u00a0 <strong>Skriiiiiiiiiishhhcckkkriiikshh<\/strong> \u2026 nel\u2019infinit\u00e0 d(e)i \u00aeumore del colore Ma se cos\u00ec non \u00e8, allora, cos\u2019\u00e8 il pensiero automatico? <\/span><\/p>\n<p>  <!--more-->  <\/p>\n<p>Della scrittura automatica s\u2019\u00e8 detto, s\u2019\u00e8 ribadito il concetto, mi ritorna sovente con lo stringere e muovere un pennello, una matita, un segno che mi scalfisca il dentro, che segni, disegni. <br \/>Per Diversalit\u00e0\u00ae poetiche n.DIECI, l\u2019attuale, \u00e8 cimentarsi, tentare e tentarci. <br \/>Oggi si coniugano due generazioni e due luoghi. Taranto con Maglie,\u00a0 si incontrano e possono passare, benissimo, anche da Lecce. Diversalit\u00e0 le unisce, le fa andare per il segno poetico e le scricchiola\u00a0 con \u00aeumore di senso e verso, ne fa il testimone di un\u2019epoca, di epoche, di luoghi, di pensieri scrittoscolpiti dal colore e dalla parola. <br \/>Ecco allora che Diversalit\u00e0 diventa la fusione irreale del colore con la fusione poetica delle parole. <br \/>Oggi \u00e8 la performance scrittoscolpita di Orod\u00e8 generata dal \u00aeumore e con l\u2019ausilio di attori, dei musicisti (con gli attori-poeti Simone Franco, Simone Giorgino e le musiche dal vivo dell&#8217;Ensemble di Teatro Valle Occupato). \u00c8 anche quella dei poeti, del poeta \u201cFranz\u201d, del Tot\u00f2 Toma dalle macchine umane parlanti. Diversalit\u00e0 oggi \u00e8 tra uno spettacolo detto totale e un suono-segno che \u00e8 parola e colore. <br \/>Pu\u00f2 diventare, realmente, tutto questo? <br \/>Si pu\u00f2 procedere per onomatopee parlate, graffiate, segnate con il ritmo di un rumore? <span style=\"font-size: large;\">S\u00ec! <\/span><br \/><strong>Lo Premetto.<\/strong> <br \/>Del tempo da me trascorso ho sempre voluto andare a ricordare, \u00e8 necessit\u00e0. <br \/>Lo faccio per raccontare agli altri, fors\u2019anche a me stesso, qualcosa. Ci provo da sempre, anche oggi, ma dello Spazio Tempo e, di quel rammentare, di cui ho voglia d\u2019intrattenermi, suppongo che scivoli repentino qualcosa. <br \/>Non sempre il percorso a ritroso aiuta a procedere sino al risultato, credo che, banalmente, sgattaioli a me cos\u00ec come dalle \u201cmani\u201d di chiunque, e, sebbene \u00e8 di un trascorso sufficientemente breve nel ritroso, ma, altrettanto sufficientemente lungo nella sua permanenza di tempo,\u00a0 \u00e8 proprio per questo che ne voglio parlare. Scorrendo, m\u2019accorgo che in quel luogo-contenitore ho poche cose raccolte. Probabilmente\u00a0 non ho avuto modo e tempo di assemblare o saper fermare, in quel luogo, in quel tempo.<br \/>Quel che \u00e8 certo, \u00e8 che in un rincorrere molto pi\u00f9 anteriore ci sono anche nato in quei luoghi, m\u2019\u00e8 stata data l\u2019opportunit\u00e0 di frignare nel paesino, fondato intorno al X secolo d.C., quello della presenza dei Messapi e dei Bizantini, degli scampati dai Saraceni, degli eversori alla feudalit\u00e0, Sanarica, posto ad un soffio di chilometri dalla signorile cittadina, Maglie, quella posta a terminale economico e culturale e in una vasta area d\u2019uniforme bassopiano compreso tra i rialti terrazzati delle Serre salentine, che corrono a Sud. <br \/>Per caso, o meglio per le vicissitudini dell\u2019insegnante ramingo, quello vagante da ramo in ramo, ci sono ritornato sul finire degli anni \u201980, quelli del secolo scorso. Ho cos\u00ec insegnato a Maglie per circa un decennio e sono stato accolto dall\u2019antico e prestigioso Liceo-Ginnasio \u201cFrancesca Capece\u201d. L\u00ec ho appreso della morte di Salvatore Toma, ma non mi chiedete come,\u00a0 ho paura di non sapervi rispondere. <br \/>Non so. Comunque, neanche io allora me lo sono chiesto. Di fatto, \u00e8 oggi che ne ricordo e ne scrivo. <br \/>Forse, ho creduto, credevo, che la rappresentazione del tempo, in poesia, passasse dal solo inizio e fine o dal trascorrere in un luogo,\u00a0 che, la mia permanenza fosse solo passaggio obbligato o casuale. L\u2019ho continuato a credere sino a quando ho \u201craccolto\u201d un dire che m\u2019ha interrotto e riportato indietro proprio a quel tempo. <br \/>Nelle prime ore di pomeriggio, quelle ormai di un giorno gi\u00e0 scorso, sono stato in giro per le vie di Maglie,\u00a0 l\u2019ho fatto all\u2019insegna di un caff\u00e8 con amici, Lorenzo Capone, Maurizio Nocera, Gianni Carluccio, insieme per godere anche di una facciata particolare, di uno scorcio di vicolo, di un rilievo o di un ricordo frantumato da tenere a mente. \u00c8 stata una sensazione strana. Era come osservare per la prima volta. L\u2019amico Lorenzo, da attento Editore, s\u2019\u00e8 accorto, e, conoscendo del mio, come degli altri amici un trascorso a Maglie, ci ha apostrofato con queste parole: \u201c<em>Se non si sono conosciuti i luoghi, le persone, le storie di un luogo vorr\u00e0 dire che l\u00ec, in quel tempo, non ci si \u00e8 mai stati,\u201d Ancor pi\u00f9 drasticamente: \u201cche quel luogo non \u00e8 mai esistito<\/em>\u201d.<br \/>Sebbene l\u2019invettiva non fosse indirizzata con malizia, a me \u00e8 tornato alla mente Salvatore Toma. Di Toma ne avevo parlato con l\u2019amico Maurizio nei giorni ancora precedenti. <br \/>Ne parlo perch\u00e9 il poeta dei boschi era ancora vivo all\u2019epoca di quel mio arrivo, ho trascorso in quel luogo. E, mi sovviene l\u2019insoluto perch\u00e9: \u201cCome ho potuto non incontrarlo, stringergli la mano, bere un sorso del suo vino?\u201d<br \/>Ora che ne scrivo, il cruccio diventa il non averlo mai incontrato, n\u00e9 cercato, quindi, mai scambiato alcun tono di voce. <br \/>Il disagio \u00e8 ora, era, e diventa per un allora e per un \u201ccui\u201d del quale non ne ho avuto n\u00e9 sentito minimamente il bisogno. L\u2019incontro con il \u201cLupo\u201d non c\u2019\u00e8 mai stato. <br \/>L\u2019unico riferimento rimastomi \u00e8 del ricordo collegato, di quel ripetuto e giornaliero incontrare suo fratello Antonio, del gironzolante attaccato alla radiolina FM gracchiante, dell\u2019instancabile \u201cperipatetico\u201d e \u201cpresente\u201d fra P.zza F. Capece e l\u2019antico bar della Repubblica. \u00a0<br \/>Di Salvatore Toma riconosco e ricordo solo la sua scrittura e quanto amici a lui cari hanno lasciato tracce scritte, mi hanno raccontato.<br \/>Ecco che oggi sono alla ricerca della traccia lasciata e persa. Indugio sulla ricerca anche di altri, per me, brandelli di storia, di altri personaggi che, come lui non sono stati, entrati nel mio tempo, nella mia storia. <br \/>Rincorro Verri cos\u00ec come De Candia, inseguo personaggi ormai solo scritti. Cerco al contempo anche altri folletti che saltano come loro dai boschi, che sono l&#8217;espressione dello spiritello danzante, della creatura magica tradotta nel sincretismo linguistico posto tra il volgare e il folle. Forse proprio di una folata di vento che accarezza, \u00e8 che ho bisogno. Cerco chi mi \u201dammazzi\u201d veloce e sfuggente come in un\u2019imboscata ribelle, cerco l\u2019agile che sa rendersi invisibilmente presente e diventare, appunto, folata di vento o misterioso burlone che m\u2019intrecci parole e colori come fossero i capelli di una bionda fanciulla o la criniera di una cavalla. \u00a0<br \/>Cerco L\u2019espressoimpressionescritta e la coniugo con una giovane presenza sul territorio che credo si esprima all\u2019unisono con l\u2019idea di vita e d\u2019esperienza volta alla sua totalit\u00e0. Cos\u00ec come dev\u2019essere. <br \/>Toma Franz diventa per me Orod\u00e8 Deoro e viceversa. Lo paleso per quella filosofia di visione, per la quale \u00e8 Diversalit\u00e0 che si caratterizza. <br \/>Sono Anime diversissime per carattere e cultura, ma straordinariamente vicine al tessuto fantastico del poeta poetante, del messaggero parlante, dello stravagante burlone o l\u2019erudito che t\u2019addrizza lo spirito e ti fa pensare. <br \/>Cerco nell\u2019opulenza del sogno dagli sfavillanti rumori di parole e colori, che sono il gesto del poeta primigenio.<br \/>Cerco la stessa \u201cgratuit\u00e0\u201d dei colori che diventano \u201cgratuit\u00e0\u201d scritte, che assolvono all\u2019esperienza Live. <br \/>Cerco anime da adottare o scappate oppure scomparse, anime urlanti e dimenticate in Luoghi persi, dispersi fra altopiani e canaloni di pietraie unite dal sortilegio di un\u2019effimera legge fisica della conservazione e dell\u2019equilibrio.\u00a0 \u00a0<br \/>Per l\u2019Oggi che \u00e8 gi\u00e0 ieri e che si ripeter\u00e0 certamente nel domani, pu\u00f2 esserlo quella del giovane tarantino adottato leccese. Un nome da re Mida che ama toccare il colore e trasformarlo. Per Ieri che \u00e8 gi\u00e0 oggi e che potr\u00e0 ripetersi anche domani, sar\u00e0 della condizione dolcemente reversibile dell\u2019uomo che contemplava in se stesso la presenza ancestrale dell\u2019animalit\u00e0 inespressa o da esprimere. Oggi trovo nell\u2019unisono del mio immaginario, gli Ezechiele, i Verri, gli Edoardo, i Pasolini, i Vincent\u00a0 di ogni Luogo e Tempo. <br \/>Domani, Altri, troveranno altri Luoghi e altri Tempi, altri narratori-poeti, altri colorati mondi da esplorare con l\u2019anima dell\u2019Argonauta, del Giasone \u201cgratuito\u201d e non ditemi che la soluzione sta nell\u2019ovvio, scoprite cos\u2019\u00e8 l\u2019ovvio e datevi soluzione. Nel Salento che \u00e8 Talento, di giovani che crescono ve ne sono, certamente \u201cnell\u2019ovvio\u201d, ma da scoprire. <\/p>\n","protected":false},"excerpt":{"rendered":"<p>\u2018l \u00aeumore del colore Lo stridio prolungato sulla liscia superficie di ardesia \u00e8 uno dei \u201crumori\u201d pi\u00f9 sgradevoli, ma non<\/p>\n","protected":false},"author":1,"featured_media":0,"comment_status":"open","ping_status":"open","sticky":false,"template":"","format":"standard","meta":[],"categories":[17],"tags":[],"yoast_head":"<!-- This site is optimized with the Yoast SEO plugin v18.0 - https:\/\/yoast.com\/wordpress\/plugins\/seo\/ -->\n<title>umore del colore | Arte e Luoghi<\/title>\n<meta name=\"robots\" content=\"index, follow, max-snippet:-1, max-image-preview:large, max-video-preview:-1\" \/>\n<link rel=\"canonical\" href=\"https:\/\/arteeluoghi.it\/index.php\/2012\/02\/26\/rumore\/\" \/>\n<meta property=\"og:locale\" content=\"it_IT\" \/>\n<meta property=\"og:type\" content=\"article\" \/>\n<meta property=\"og:title\" content=\"umore del colore | Arte e Luoghi\" \/>\n<meta property=\"og:description\" content=\"\u2018l \u00aeumore del colore Lo stridio prolungato sulla liscia superficie di ardesia \u00e8 uno dei \u201crumori\u201d pi\u00f9 sgradevoli, ma non\" \/>\n<meta property=\"og:url\" content=\"https:\/\/arteeluoghi.it\/index.php\/2012\/02\/26\/rumore\/\" \/>\n<meta property=\"og:site_name\" content=\"Arte e Luoghi\" \/>\n<meta property=\"article:publisher\" content=\"https:\/\/www.facebook.com\/ArteELuoghi\/\" \/>\n<meta property=\"article:published_time\" content=\"2012-02-26T12:13:30+00:00\" \/>\n<meta property=\"og:image\" content=\"https:\/\/arteeluoghi.it\/images\/stories\/diversalitopen11.jpg\" \/>\n<meta name=\"twitter:card\" content=\"summary\" \/>\n<meta name=\"twitter:creator\" content=\"@arteeluoghi\" \/>\n<meta name=\"twitter:site\" content=\"@arteeluoghi\" \/>\n<meta name=\"twitter:label1\" content=\"Scritto da\" \/>\n\t<meta name=\"twitter:data1\" content=\"Staff\" \/>\n\t<meta name=\"twitter:label2\" content=\"Tempo di lettura stimato\" \/>\n\t<meta name=\"twitter:data2\" content=\"8 minuti\" \/>\n<script type=\"application\/ld+json\" class=\"yoast-schema-graph\">{\"@context\":\"https:\/\/schema.org\",\"@graph\":[{\"@type\":\"Organization\",\"@id\":\"https:\/\/arteeluoghi.it\/#organization\",\"name\":\"Arte e Luoghi\",\"url\":\"https:\/\/arteeluoghi.it\/\",\"sameAs\":[\"https:\/\/www.facebook.com\/ArteELuoghi\/\",\"https:\/\/www.instagram.com\/arteeluoghi\/?hl=it\",\"https:\/\/www.youtube.com\/channel\/UCuRVc4JW4-C5sg9rQB-srkw?view_as=subscriber\",\"https:\/\/twitter.com\/arteeluoghi\"],\"logo\":{\"@type\":\"ImageObject\",\"@id\":\"https:\/\/arteeluoghi.it\/#logo\",\"inLanguage\":\"it-IT\",\"url\":\"https:\/\/arteeluoghi.it\/wp-content\/uploads\/2018\/08\/logoinstagramarte.jpg\",\"contentUrl\":\"https:\/\/arteeluoghi.it\/wp-content\/uploads\/2018\/08\/logoinstagramarte.jpg\",\"width\":150,\"height\":150,\"caption\":\"Arte e Luoghi\"},\"image\":{\"@id\":\"https:\/\/arteeluoghi.it\/#logo\"}},{\"@type\":\"WebSite\",\"@id\":\"https:\/\/arteeluoghi.it\/#website\",\"url\":\"https:\/\/arteeluoghi.it\/\",\"name\":\"Arte e Luoghi\",\"description\":\"Mensile di arte, cultura, turismo e curiosit\u00e0\",\"publisher\":{\"@id\":\"https:\/\/arteeluoghi.it\/#organization\"},\"potentialAction\":[{\"@type\":\"SearchAction\",\"target\":{\"@type\":\"EntryPoint\",\"urlTemplate\":\"https:\/\/arteeluoghi.it\/?s={search_term_string}\"},\"query-input\":\"required name=search_term_string\"}],\"inLanguage\":\"it-IT\"},{\"@type\":\"ImageObject\",\"@id\":\"https:\/\/arteeluoghi.it\/index.php\/2012\/02\/26\/rumore\/#primaryimage\",\"inLanguage\":\"it-IT\",\"url\":\"\/images\/stories\/diversalitopen11.jpg\",\"contentUrl\":\"\/images\/stories\/diversalitopen11.jpg\"},{\"@type\":\"WebPage\",\"@id\":\"https:\/\/arteeluoghi.it\/index.php\/2012\/02\/26\/rumore\/#webpage\",\"url\":\"https:\/\/arteeluoghi.it\/index.php\/2012\/02\/26\/rumore\/\",\"name\":\"umore del colore | Arte e Luoghi\",\"isPartOf\":{\"@id\":\"https:\/\/arteeluoghi.it\/#website\"},\"primaryImageOfPage\":{\"@id\":\"https:\/\/arteeluoghi.it\/index.php\/2012\/02\/26\/rumore\/#primaryimage\"},\"datePublished\":\"2012-02-26T12:13:30+00:00\",\"dateModified\":\"2012-02-26T12:13:30+00:00\",\"breadcrumb\":{\"@id\":\"https:\/\/arteeluoghi.it\/index.php\/2012\/02\/26\/rumore\/#breadcrumb\"},\"inLanguage\":\"it-IT\",\"potentialAction\":[{\"@type\":\"ReadAction\",\"target\":[\"https:\/\/arteeluoghi.it\/index.php\/2012\/02\/26\/rumore\/\"]}]},{\"@type\":\"BreadcrumbList\",\"@id\":\"https:\/\/arteeluoghi.it\/index.php\/2012\/02\/26\/rumore\/#breadcrumb\",\"itemListElement\":[{\"@type\":\"ListItem\",\"position\":1,\"name\":\"Home\",\"item\":\"https:\/\/arteeluoghi.it\/\"},{\"@type\":\"ListItem\",\"position\":2,\"name\":\"umore del colore\"}]},{\"@type\":\"Article\",\"@id\":\"https:\/\/arteeluoghi.it\/index.php\/2012\/02\/26\/rumore\/#article\",\"isPartOf\":{\"@id\":\"https:\/\/arteeluoghi.it\/index.php\/2012\/02\/26\/rumore\/#webpage\"},\"author\":{\"@id\":\"https:\/\/arteeluoghi.it\/#\/schema\/person\/f84e814e36e91e01448ee07eaadd41d4\"},\"headline\":\"umore del colore\",\"datePublished\":\"2012-02-26T12:13:30+00:00\",\"dateModified\":\"2012-02-26T12:13:30+00:00\",\"mainEntityOfPage\":{\"@id\":\"https:\/\/arteeluoghi.it\/index.php\/2012\/02\/26\/rumore\/#webpage\"},\"wordCount\":1534,\"commentCount\":0,\"publisher\":{\"@id\":\"https:\/\/arteeluoghi.it\/#organization\"},\"image\":{\"@id\":\"https:\/\/arteeluoghi.it\/index.php\/2012\/02\/26\/rumore\/#primaryimage\"},\"thumbnailUrl\":\"\/images\/stories\/diversalitopen11.jpg\",\"articleSection\":[\"LIBRI\"],\"inLanguage\":\"it-IT\",\"potentialAction\":[{\"@type\":\"CommentAction\",\"name\":\"Comment\",\"target\":[\"https:\/\/arteeluoghi.it\/index.php\/2012\/02\/26\/rumore\/#respond\"]}]},{\"@type\":\"Person\",\"@id\":\"https:\/\/arteeluoghi.it\/#\/schema\/person\/f84e814e36e91e01448ee07eaadd41d4\",\"name\":\"Staff\",\"image\":{\"@type\":\"ImageObject\",\"@id\":\"https:\/\/arteeluoghi.it\/#personlogo\",\"inLanguage\":\"it-IT\",\"url\":\"https:\/\/secure.gravatar.com\/avatar\/49d2f9e46271bb04e19cebfaf141313a?s=96&d=blank&r=g\",\"contentUrl\":\"https:\/\/secure.gravatar.com\/avatar\/49d2f9e46271bb04e19cebfaf141313a?s=96&d=blank&r=g\",\"caption\":\"Staff\"}}]}<\/script>\n<!-- \/ Yoast SEO plugin. -->","yoast_head_json":{"title":"umore del colore | Arte e Luoghi","robots":{"index":"index","follow":"follow","max-snippet":"max-snippet:-1","max-image-preview":"max-image-preview:large","max-video-preview":"max-video-preview:-1"},"canonical":"https:\/\/arteeluoghi.it\/index.php\/2012\/02\/26\/rumore\/","og_locale":"it_IT","og_type":"article","og_title":"umore del colore | Arte e Luoghi","og_description":"\u2018l \u00aeumore del colore Lo stridio prolungato sulla liscia superficie di ardesia \u00e8 uno dei \u201crumori\u201d pi\u00f9 sgradevoli, ma non","og_url":"https:\/\/arteeluoghi.it\/index.php\/2012\/02\/26\/rumore\/","og_site_name":"Arte e Luoghi","article_publisher":"https:\/\/www.facebook.com\/ArteELuoghi\/","article_published_time":"2012-02-26T12:13:30+00:00","og_image":[{"url":"https:\/\/arteeluoghi.it\/images\/stories\/diversalitopen11.jpg"}],"twitter_card":"summary","twitter_creator":"@arteeluoghi","twitter_site":"@arteeluoghi","twitter_misc":{"Scritto da":"Staff","Tempo di lettura stimato":"8 minuti"},"schema":{"@context":"https:\/\/schema.org","@graph":[{"@type":"Organization","@id":"https:\/\/arteeluoghi.it\/#organization","name":"Arte e Luoghi","url":"https:\/\/arteeluoghi.it\/","sameAs":["https:\/\/www.facebook.com\/ArteELuoghi\/","https:\/\/www.instagram.com\/arteeluoghi\/?hl=it","https:\/\/www.youtube.com\/channel\/UCuRVc4JW4-C5sg9rQB-srkw?view_as=subscriber","https:\/\/twitter.com\/arteeluoghi"],"logo":{"@type":"ImageObject","@id":"https:\/\/arteeluoghi.it\/#logo","inLanguage":"it-IT","url":"https:\/\/arteeluoghi.it\/wp-content\/uploads\/2018\/08\/logoinstagramarte.jpg","contentUrl":"https:\/\/arteeluoghi.it\/wp-content\/uploads\/2018\/08\/logoinstagramarte.jpg","width":150,"height":150,"caption":"Arte e Luoghi"},"image":{"@id":"https:\/\/arteeluoghi.it\/#logo"}},{"@type":"WebSite","@id":"https:\/\/arteeluoghi.it\/#website","url":"https:\/\/arteeluoghi.it\/","name":"Arte e Luoghi","description":"Mensile di arte, cultura, turismo e curiosit\u00e0","publisher":{"@id":"https:\/\/arteeluoghi.it\/#organization"},"potentialAction":[{"@type":"SearchAction","target":{"@type":"EntryPoint","urlTemplate":"https:\/\/arteeluoghi.it\/?s={search_term_string}"},"query-input":"required name=search_term_string"}],"inLanguage":"it-IT"},{"@type":"ImageObject","@id":"https:\/\/arteeluoghi.it\/index.php\/2012\/02\/26\/rumore\/#primaryimage","inLanguage":"it-IT","url":"\/images\/stories\/diversalitopen11.jpg","contentUrl":"\/images\/stories\/diversalitopen11.jpg"},{"@type":"WebPage","@id":"https:\/\/arteeluoghi.it\/index.php\/2012\/02\/26\/rumore\/#webpage","url":"https:\/\/arteeluoghi.it\/index.php\/2012\/02\/26\/rumore\/","name":"umore del colore | Arte e Luoghi","isPartOf":{"@id":"https:\/\/arteeluoghi.it\/#website"},"primaryImageOfPage":{"@id":"https:\/\/arteeluoghi.it\/index.php\/2012\/02\/26\/rumore\/#primaryimage"},"datePublished":"2012-02-26T12:13:30+00:00","dateModified":"2012-02-26T12:13:30+00:00","breadcrumb":{"@id":"https:\/\/arteeluoghi.it\/index.php\/2012\/02\/26\/rumore\/#breadcrumb"},"inLanguage":"it-IT","potentialAction":[{"@type":"ReadAction","target":["https:\/\/arteeluoghi.it\/index.php\/2012\/02\/26\/rumore\/"]}]},{"@type":"BreadcrumbList","@id":"https:\/\/arteeluoghi.it\/index.php\/2012\/02\/26\/rumore\/#breadcrumb","itemListElement":[{"@type":"ListItem","position":1,"name":"Home","item":"https:\/\/arteeluoghi.it\/"},{"@type":"ListItem","position":2,"name":"umore del colore"}]},{"@type":"Article","@id":"https:\/\/arteeluoghi.it\/index.php\/2012\/02\/26\/rumore\/#article","isPartOf":{"@id":"https:\/\/arteeluoghi.it\/index.php\/2012\/02\/26\/rumore\/#webpage"},"author":{"@id":"https:\/\/arteeluoghi.it\/#\/schema\/person\/f84e814e36e91e01448ee07eaadd41d4"},"headline":"umore del colore","datePublished":"2012-02-26T12:13:30+00:00","dateModified":"2012-02-26T12:13:30+00:00","mainEntityOfPage":{"@id":"https:\/\/arteeluoghi.it\/index.php\/2012\/02\/26\/rumore\/#webpage"},"wordCount":1534,"commentCount":0,"publisher":{"@id":"https:\/\/arteeluoghi.it\/#organization"},"image":{"@id":"https:\/\/arteeluoghi.it\/index.php\/2012\/02\/26\/rumore\/#primaryimage"},"thumbnailUrl":"\/images\/stories\/diversalitopen11.jpg","articleSection":["LIBRI"],"inLanguage":"it-IT","potentialAction":[{"@type":"CommentAction","name":"Comment","target":["https:\/\/arteeluoghi.it\/index.php\/2012\/02\/26\/rumore\/#respond"]}]},{"@type":"Person","@id":"https:\/\/arteeluoghi.it\/#\/schema\/person\/f84e814e36e91e01448ee07eaadd41d4","name":"Staff","image":{"@type":"ImageObject","@id":"https:\/\/arteeluoghi.it\/#personlogo","inLanguage":"it-IT","url":"https:\/\/secure.gravatar.com\/avatar\/49d2f9e46271bb04e19cebfaf141313a?s=96&d=blank&r=g","contentUrl":"https:\/\/secure.gravatar.com\/avatar\/49d2f9e46271bb04e19cebfaf141313a?s=96&d=blank&r=g","caption":"Staff"}}]}},"_links":{"self":[{"href":"https:\/\/arteeluoghi.it\/index.php\/wp-json\/wp\/v2\/posts\/564"}],"collection":[{"href":"https:\/\/arteeluoghi.it\/index.php\/wp-json\/wp\/v2\/posts"}],"about":[{"href":"https:\/\/arteeluoghi.it\/index.php\/wp-json\/wp\/v2\/types\/post"}],"author":[{"embeddable":true,"href":"https:\/\/arteeluoghi.it\/index.php\/wp-json\/wp\/v2\/users\/1"}],"replies":[{"embeddable":true,"href":"https:\/\/arteeluoghi.it\/index.php\/wp-json\/wp\/v2\/comments?post=564"}],"version-history":[{"count":0,"href":"https:\/\/arteeluoghi.it\/index.php\/wp-json\/wp\/v2\/posts\/564\/revisions"}],"wp:attachment":[{"href":"https:\/\/arteeluoghi.it\/index.php\/wp-json\/wp\/v2\/media?parent=564"}],"wp:term":[{"taxonomy":"category","embeddable":true,"href":"https:\/\/arteeluoghi.it\/index.php\/wp-json\/wp\/v2\/categories?post=564"},{"taxonomy":"post_tag","embeddable":true,"href":"https:\/\/arteeluoghi.it\/index.php\/wp-json\/wp\/v2\/tags?post=564"}],"curies":[{"name":"wp","href":"https:\/\/api.w.org\/{rel}","templated":true}]}}