{"id":57,"date":"2010-08-19T19:20:12","date_gmt":"2010-08-19T17:20:12","guid":{"rendered":"http:\/\/arteeluoghi.it\/index.php\/2010\/08\/19\/premio-italia\/"},"modified":"2017-08-07T00:32:08","modified_gmt":"2017-08-06T22:32:08","slug":"premio-italia","status":"publish","type":"post","link":"https:\/\/arteeluoghi.it\/index.php\/2010\/08\/19\/premio-italia\/","title":{"rendered":"Premio Italia Arte contemporanea"},"content":{"rendered":"<p style=\"text-align: left;\">\u00a0<\/p>\n<p class=\"MsoNormal\" style=\"text-align: left;\"><span style=\"font-size: x-small;\"><strong><span style=\"font-family: Arial;\">ricerca, produzione e sostegno all\u2019arte<\/span><\/strong><\/span><\/p>\n<p class=\"MsoNormal\" style=\"text-align: left;\"><span style=\"font-size: small;\"><strong><span style=\"font-family: Arial;\">LA MISSIONE DEL MAXXI<\/span><\/strong><\/span><\/p>\n<p class=\"MsoNormal\" style=\"text-align: left;\"><span style=\"font-family: Arial;\"> <\/span><\/p>\n<p class=\"MsoNormal\" style=\"text-align: left;\"><span style=\"font-size: small;\"><strong><span style=\"font-family: Arial;\">il PREMIO ITALIA ARTE CONTEMPORANEA<\/span><\/strong><\/span><\/p>\n<p class=\"MsoNormal\" style=\"text-align: left;\"><span style=\"font-size: xx-small;\"><strong><span style=\"font-family: Arial;\">in autunno  una mostra; il vincitore nella collezione permanente<\/span><\/strong><\/span><\/p>\n<hr id=\"system-readmore\" style=\"text-align: left;\" \/>\n<p style=\"text-align: left;\" \/><strong \/>   <!--more-->  <\/strong><\/p>\n<p style=\"text-align: left;\"><strong> <\/strong><\/p>\n<p class=\"MsoNormal\" style=\"text-align: left;\"><strong><span style=\"font-size: 4pt; font-family: Arial;\"> <\/span><\/strong><\/p>\n<p class=\"MsoNormal\" style=\"text-align: left;\"><strong> <\/strong><\/p>\n<p class=\"MsoNormal\" style=\"text-align: left;\"><span style=\"font-family: Arial;\"> <\/span><\/p>\n<p class=\"MsoNormal\" style=\"text-align: left;\"><span style=\"font-size: 16pt; font-family: Arial;\"> <\/span><\/p>\n<p class=\"MsoNormal\" style=\"text-align: left;\"><em><span style=\"font-size: 11pt; font-family: Arial;\"> <\/span><\/em><span style=\"font-size: 11pt; font-family: Arial;\"> S<span style=\"font-size: small;\">ono <strong>Rosa Barba, Rossella Biscotti, Gianluca e Massimiliano De Serio e Piero Golia<\/strong> i 4 finalisti della prima edizione del <strong><em>Premio Italia Arte Contemporanea <\/em><\/strong>promosso dal <strong>MAXXI<\/strong> e curato da <strong>Bartolomeo Pietromarchi<\/strong>.<\/span><\/span><\/p>\n<p class=\"MsoNormal\" style=\"text-align: left;\"><span style=\"font-size: small;\"><span style=\"font-family: Arial;\"> <\/span><\/span><\/p>\n<p class=\"MsoNormal\" style=\"text-align: left;\"><span style=\"font-size: small;\"><span style=\"font-family: Arial;\">Mentre \u00e8 iniziato il <em>countdown<\/em> verso l\u2019inaugurazione del museo progettato da Zaha Hadid con la presentazione al pubblico delle sue collezioni di arte e di architettura,  il MAXXI sottolinea ancora una volta la sua <em>mission<\/em>: ricerca e sostegno degli artisti contemporanei; produzione di mostre, eventi e progetti che arricchiscano la collezione; volont\u00e0 di porsi come punto di riferimento internazionale.<\/span><\/span><\/p>\n<p class=\"MsoNormal\" style=\"text-align: left;\"><span style=\"font-size: small;\"><span style=\"font-family: Arial;\"> <\/span><\/span><\/p>\n<p class=\"MsoNormal\" style=\"text-align: left;\"><span style=\"font-size: small;\"><span style=\"font-family: Arial;\">Il premio \u00e8 rivolto ad artisti italiani o residenti in Italia che abbiano fino a 45 anni.<\/span><\/span><\/p>\n<p class=\"MsoNormal\" style=\"text-align: left;\"><span style=\"font-size: small;\"><span style=\"font-family: Arial;\">Ai quattro finalisti &#8211; selezionati da una giuria internazionale tra candidati proposti da nove direttori delle maggiori istituzioni di arte contemporanea in Italia \u2013 in autunno il MAXXI dedicher\u00e0 una mostra con opere prodotte per l\u2019 occasione dal museo.<\/span><\/span><\/p>\n<p class=\"MsoNormal\" style=\"text-align: left;\"><span style=\"font-size: small;\"><span style=\"font-family: Arial;\">Sulla base dei lavori realizzati, la giuria decreter\u00e0 il vincitore. La sua opera entrer\u00e0 a far parte della collezione permanente del MAXXI e all\u2019artista verr\u00e0 dedicato un catalogo monografico <\/span><span style=\"font-family: Arial;\">su tutto il suo percorso artistico.<\/span><\/span><\/p>\n<p class=\"MsoNormal\" style=\"text-align: left;\"><span style=\"font-size: small;\"><span style=\"font-family: Arial;\"> <\/span><\/span><\/p>\n<p class=\"MsoNormal\" style=\"text-align: left;\"><span style=\"font-size: small;\"><span style=\"font-family: Arial;\">\u201cIl <strong><em>Premio Italia Arte Contemporanea<\/em><\/strong> \u2013 dice <strong>Anna Mattirolo<\/strong>, Direttore del MAXXI Arte &#8211; nasce dall\u2019esperienza del <em>Premio per la Giovane Arte Italiana <\/em>che, nelle sue quattro edizioni a partire dal 2000, ha visto la partecipazione di artisti quali Stefano Arienti, Vanessa Beecroft, Lara Favaretto, Eva Marisaldi, Nico Vascellari, Francesco Vezzoli e molti altri, offrendo loro un trampolino di lancio e incrementando allo stesso tempo il patrimonio del museo. E\u2019 particolarmente significativo che, alla vigilia dell\u2019apertura del MAXXI, Il premio ritorni dopo 10 anni nel luogo in cui \u00e8 nato\u201d.<\/span><\/span><\/p>\n<p class=\"MsoNormal\" style=\"text-align: left;\"><span style=\"font-size: small;\"><span style=\"font-family: Arial;\"> \u201cQuesto premio \u2013 continua <strong>Bartolomeo Pietromarchi<\/strong> \u2013 \u00e8 rivolto a quegli artisti con un\u2019attivit\u00e0 riconosciuta alla spalle e particolarmente rappresentativi della ricerca degli ultimi anni. Ha l\u2019ambizione di diventare sin dalla prima edizione tra i pi\u00f9 importanti riconoscimenti istituzionali per l\u2019arte contemporanea, come dimostra l\u2019alto profilo sia dei selezionatori sia dei membri della giuria\u201d.<\/span><span style=\"font-family: Arial;\"> <\/span><\/span><\/p>\n<p class=\"MsoNormal\" style=\"text-align: left;\"><span style=\"font-size: small;\"><span style=\"font-family: Arial;\"> <\/span><\/span><\/p>\n<p class=\"MsoNormal\" style=\"text-align: left;\"><span style=\"font-size: small;\"><span style=\"font-family: Arial;\">I candidati sono stati selezionati da <\/span><strong><span style=\"font-family: Arial;\">Luca Massimo Barbero<\/span><\/strong><span style=\"font-family: Arial;\"> (MACRO &#8211; Roma), <strong>Cristiana Collu<\/strong> (MAN &#8211; Nuoro), <strong>Paolo Falcone<\/strong> (Fondazione Sambuca &#8211; Palermo), <strong>Massimiliano Gioni<\/strong> (Fondazione Trussardi &#8211; Milano), <strong>Beatrice Merz<\/strong> (Castello di Rivoli &#8211; Torino), <strong>Ludovico Pratesi<\/strong> (Centro Arti Visive Pescheria &#8211; Pesaro), <strong>Letizia Ragaglia <\/strong>(Museion &#8211; Bolzano), <strong>Annie Ratti<\/strong> (Fondazione Ratti &#8211; Como), <strong>Andrea Viliani<\/strong> (Fondazione Galleria Civica &#8211; Trento). <\/span><\/span><\/p>\n<p class=\"MsoNormal\" style=\"text-align: left;\"><span style=\"font-size: small;\"><span style=\"font-family: Arial;\">La giuria internazionale si \u00e8 riunita il 25 marzo al MAXXI e ha scelto i finalisti. Erano presenti <\/span><strong><span style=\"font-family: Arial;\">Lorenzo Bini Smaghi<\/span><\/strong><span style=\"font-family: Arial;\"> (Presidente Palazzo Strozzi &#8211; Firenze), <strong>Iwona Blazwick<\/strong>, (Direttore della Whitechapel Art Gallery &#8211; Londra), <strong>Carolyn Christov Bakargiev<\/strong> (Direttore artistico di Documenta 13 &#8211; Kassel), <strong>Anna Mattirolo<\/strong> (Direttore Maxxi Arte \u2013 Roma), <strong>Jannis Kounellis<\/strong> (artista), <strong>Adam Szymczyk<\/strong> (Direttore della Kunsthalle \u2013 Basilea).<\/span><\/span><\/p>\n<p class=\"MsoNormal\" style=\"text-align: left;\"><span style=\"font-size: small;\"><span style=\"font-family: Arial;\"> <\/span><\/span><\/p>\n<p class=\"MsoNormal\" style=\"text-align: left;\"><span style=\"font-size: small;\"><strong><span style=\"font-family: Arial;\">Rosa Barba<\/span><\/strong><span style=\"font-family: Arial;\"> \u00e8 nata ad Agrigento nel 1972. Vive e lavora a Berlino.<\/span><\/span><\/p>\n<p class=\"MsoNormal\" style=\"text-align: left;\"><span style=\"font-size: small;\"><span style=\"font-family: Arial;\">Motivazioni della giuria: E\u2019 stata selezionata per l\u2019uso sapiente del linguaggio filmico e documentaristico che le consente di creare narrazioni originali e sincroniche dove paesaggi naturali e paesaggi creati dall\u2019uomo si fondono in visioni fantastiche e enigmatiche.<\/span><\/span><\/p>\n<p class=\"MsoNormal\" style=\"text-align: left;\"><span style=\"font-size: small;\"><strong><span style=\"font-family: Arial;\"> <\/span><\/strong><\/span><\/p>\n<p class=\"MsoNormal\" style=\"text-align: left;\"><span style=\"font-size: small;\"><strong><span style=\"font-family: Arial;\">Rossella Biscotti<\/span><\/strong><span style=\"font-family: Arial;\"> \u00e8 nata a Molfetta (BA) nel 1978. Vive e lavora a Rotterdam.<\/span><\/span><\/p>\n<p class=\"MsoNormal\" style=\"text-align: left;\"><span style=\"font-size: small;\"><span style=\"font-family: Arial;\">Motivazioni della giuria: E\u2019 stata scelta per le sue installazioni, performance e azioni che riflettono sul confine tra cultura e politica. La sua ricerca su ruoli e personaggi diversi rivela la simultanea presenza di piani di realt\u00e0 sovrapposti e paralleli.<\/span><\/span><\/p>\n<p class=\"MsoNormal\" style=\"text-align: left;\"><span style=\"font-size: small;\"><strong><span style=\"font-family: Arial;\"> <\/span><\/strong><\/span><\/p>\n<p class=\"MsoNormal\" style=\"text-align: left;\"><span style=\"font-size: small;\"><strong><span style=\"font-family: Arial;\">Gianluca e Massimiliano De Serio<\/span><\/strong><span style=\"font-family: Arial;\"> sono nati a Torino nel 1978 dove vivono e lavorano.<\/span><\/span><\/p>\n<p class=\"MsoNormal\" style=\"text-align: left;\"><span style=\"font-size: small;\"><span style=\"font-family: Arial;\">Motivazioni della giuria: Sono stati nominati per i loro intimi ritratti di persone in situazioni marginali. Indagando allo stesso tempo la loro identit\u00e0 e il loro ruolo nella societ\u00e0, gli artisti esplorano la dimensione del s\u00e9 tra linguaggio e relazione. <\/span><\/span><\/p>\n<p class=\"MsoNormal\" style=\"text-align: left;\"><span style=\"font-size: small;\"><strong><span style=\"font-family: Arial;\"> <\/span><\/strong><\/span><\/p>\n<p class=\"MsoNormal\" style=\"text-align: left;\"><span style=\"font-size: small;\"><strong><span style=\"font-family: Arial;\">Piero Golia<\/span><\/strong><span style=\"font-family: Arial;\"> \u00e8 nato a Napoli nel 1974. Dal 2002 vive e lavora a Los Angeles, California.<\/span><\/span><\/p>\n<p class=\"MsoNormal\" style=\"text-align: left;\"><span style=\"font-size: small;\"><span style=\"font-family: Arial;\">Motivazioni della giuria: E\u2019 stato selezionato per i suoi progetti e le sue imprese immaginative e tragicomiche; scultoreo, ambientale e performativo, l\u2019artista si muove in una dimensione dell\u2019assurdo capace di trasformare le nostre percezioni e la nostra visione del mondo.<\/span><\/span><\/p>\n<p class=\"MsoNormal\" style=\"text-align: left;\"><span style=\"font-size: small;\"><span style=\"font-family: Verdana;\"> <\/span><\/span><\/p>\n<p class=\"MsoNormal\" style=\"text-align: left;\"><span style=\"font-size: small;\"><span style=\"font-family: Arial;\"> <\/span><\/span><\/p>\n<p class=\"MsoNormal\" style=\"text-align: left;\"><span style=\"font-size: small;\"><span style=\"font-family: Arial;\"> <\/span><\/span><\/p>\n<p class=\"MsoNormal\" style=\"text-align: left;\"><span style=\"font-size: small;\"><strong><span style=\"font-family: Arial;\">Ufficio stampa MAXXI<\/span><\/strong><\/span><\/p>\n<p class=\"MsoNormal\" style=\"text-align: left;\"><span style=\"font-size: small;\"><span style=\"font-family: Arial;\">Beatrice Fabbretti<\/span><\/span><\/p>\n<p class=\"MsoNormal\" style=\"text-align: left;\"><span style=\"font-size: small;\"><span style=\"font-family: Arial;\">+39 06 32.10.18.50 \/ <a href=\"mailto:beatrice.fabbretti@fondazionemaxxi.it\">beatrice.fabbretti@fondazionemaxxi.it<\/a><\/span><\/span><\/p>\n<p class=\"MsoNormal\" style=\"text-align: left;\"><span style=\"font-size: small;\"><span style=\"font-family: Arial;\">Annalisa Inzana<\/span><\/span><\/p>\n<p class=\"MsoNormal\" style=\"text-align: left;\"><span style=\"font-size: small;\"><span style=\"font-family: Arial;\">+39 06 32.10.18.50 \/ press@fondazionemaxxi.it<\/span><\/span><\/p>\n<p class=\"MsoNormal\" style=\"text-align: left;\"><span style=\"font-size: small;\"><span style=\"font-family: Arial;\"> <\/span><\/span><\/p>\n<p class=\"MsoNormal\" style=\"text-align: left;\"><span style=\"font-size: small;\"><span style=\"font-family: Arial;\">www.maxxi.beniculturali.it<\/span><\/span><\/p>\n","protected":false},"excerpt":{"rendered":"<p>\u00a0 ricerca, produzione e sostegno all\u2019arte LA MISSIONE DEL MAXXI il PREMIO ITALIA ARTE CONTEMPORANEA in autunno una mostra; il<\/p>\n","protected":false},"author":1,"featured_media":0,"comment_status":"open","ping_status":"open","sticky":false,"template":"","format":"standard","meta":[],"categories":[28],"tags":[],"yoast_head":"<!-- This site is optimized with the Yoast SEO plugin v18.0 - https:\/\/yoast.com\/wordpress\/plugins\/seo\/ -->\n<title>Premio Italia Arte contemporanea | Arte e Luoghi<\/title>\n<meta name=\"robots\" content=\"index, follow, max-snippet:-1, max-image-preview:large, max-video-preview:-1\" \/>\n<link rel=\"canonical\" href=\"https:\/\/arteeluoghi.it\/index.php\/2010\/08\/19\/premio-italia\/\" \/>\n<meta property=\"og:locale\" content=\"it_IT\" \/>\n<meta property=\"og:type\" content=\"article\" \/>\n<meta property=\"og:title\" content=\"Premio Italia Arte contemporanea | Arte e Luoghi\" \/>\n<meta property=\"og:description\" content=\"\u00a0 ricerca, produzione e sostegno all\u2019arte LA MISSIONE DEL MAXXI il PREMIO ITALIA ARTE CONTEMPORANEA in autunno una mostra; il\" \/>\n<meta property=\"og:url\" content=\"https:\/\/arteeluoghi.it\/index.php\/2010\/08\/19\/premio-italia\/\" \/>\n<meta property=\"og:site_name\" content=\"Arte e Luoghi\" \/>\n<meta property=\"article:publisher\" content=\"https:\/\/www.facebook.com\/ArteELuoghi\/\" \/>\n<meta property=\"article:published_time\" content=\"2010-08-19T17:20:12+00:00\" \/>\n<meta property=\"article:modified_time\" content=\"2017-08-06T22:32:08+00:00\" \/>\n<meta name=\"twitter:card\" content=\"summary\" \/>\n<meta name=\"twitter:creator\" content=\"@arteeluoghi\" \/>\n<meta name=\"twitter:site\" content=\"@arteeluoghi\" \/>\n<meta name=\"twitter:label1\" content=\"Scritto da\" \/>\n\t<meta name=\"twitter:data1\" content=\"Staff\" \/>\n\t<meta name=\"twitter:label2\" content=\"Tempo di lettura stimato\" \/>\n\t<meta name=\"twitter:data2\" content=\"3 minuti\" \/>\n<script type=\"application\/ld+json\" class=\"yoast-schema-graph\">{\"@context\":\"https:\/\/schema.org\",\"@graph\":[{\"@type\":\"Organization\",\"@id\":\"https:\/\/arteeluoghi.it\/#organization\",\"name\":\"Arte e Luoghi\",\"url\":\"https:\/\/arteeluoghi.it\/\",\"sameAs\":[\"https:\/\/www.facebook.com\/ArteELuoghi\/\",\"https:\/\/www.instagram.com\/arteeluoghi\/?hl=it\",\"https:\/\/www.youtube.com\/channel\/UCuRVc4JW4-C5sg9rQB-srkw?view_as=subscriber\",\"https:\/\/twitter.com\/arteeluoghi\"],\"logo\":{\"@type\":\"ImageObject\",\"@id\":\"https:\/\/arteeluoghi.it\/#logo\",\"inLanguage\":\"it-IT\",\"url\":\"https:\/\/arteeluoghi.it\/wp-content\/uploads\/2018\/08\/logoinstagramarte.jpg\",\"contentUrl\":\"https:\/\/arteeluoghi.it\/wp-content\/uploads\/2018\/08\/logoinstagramarte.jpg\",\"width\":150,\"height\":150,\"caption\":\"Arte e Luoghi\"},\"image\":{\"@id\":\"https:\/\/arteeluoghi.it\/#logo\"}},{\"@type\":\"WebSite\",\"@id\":\"https:\/\/arteeluoghi.it\/#website\",\"url\":\"https:\/\/arteeluoghi.it\/\",\"name\":\"Arte e Luoghi\",\"description\":\"Mensile di arte, cultura, turismo e curiosit\u00e0\",\"publisher\":{\"@id\":\"https:\/\/arteeluoghi.it\/#organization\"},\"potentialAction\":[{\"@type\":\"SearchAction\",\"target\":{\"@type\":\"EntryPoint\",\"urlTemplate\":\"https:\/\/arteeluoghi.it\/?s={search_term_string}\"},\"query-input\":\"required name=search_term_string\"}],\"inLanguage\":\"it-IT\"},{\"@type\":\"WebPage\",\"@id\":\"https:\/\/arteeluoghi.it\/index.php\/2010\/08\/19\/premio-italia\/#webpage\",\"url\":\"https:\/\/arteeluoghi.it\/index.php\/2010\/08\/19\/premio-italia\/\",\"name\":\"Premio Italia Arte contemporanea | Arte e Luoghi\",\"isPartOf\":{\"@id\":\"https:\/\/arteeluoghi.it\/#website\"},\"datePublished\":\"2010-08-19T17:20:12+00:00\",\"dateModified\":\"2017-08-06T22:32:08+00:00\",\"breadcrumb\":{\"@id\":\"https:\/\/arteeluoghi.it\/index.php\/2010\/08\/19\/premio-italia\/#breadcrumb\"},\"inLanguage\":\"it-IT\",\"potentialAction\":[{\"@type\":\"ReadAction\",\"target\":[\"https:\/\/arteeluoghi.it\/index.php\/2010\/08\/19\/premio-italia\/\"]}]},{\"@type\":\"BreadcrumbList\",\"@id\":\"https:\/\/arteeluoghi.it\/index.php\/2010\/08\/19\/premio-italia\/#breadcrumb\",\"itemListElement\":[{\"@type\":\"ListItem\",\"position\":1,\"name\":\"Home\",\"item\":\"https:\/\/arteeluoghi.it\/\"},{\"@type\":\"ListItem\",\"position\":2,\"name\":\"Premio Italia Arte contemporanea\"}]},{\"@type\":\"Article\",\"@id\":\"https:\/\/arteeluoghi.it\/index.php\/2010\/08\/19\/premio-italia\/#article\",\"isPartOf\":{\"@id\":\"https:\/\/arteeluoghi.it\/index.php\/2010\/08\/19\/premio-italia\/#webpage\"},\"author\":{\"@id\":\"https:\/\/arteeluoghi.it\/#\/schema\/person\/f84e814e36e91e01448ee07eaadd41d4\"},\"headline\":\"Premio Italia Arte contemporanea\",\"datePublished\":\"2010-08-19T17:20:12+00:00\",\"dateModified\":\"2017-08-06T22:32:08+00:00\",\"mainEntityOfPage\":{\"@id\":\"https:\/\/arteeluoghi.it\/index.php\/2010\/08\/19\/premio-italia\/#webpage\"},\"wordCount\":699,\"commentCount\":0,\"publisher\":{\"@id\":\"https:\/\/arteeluoghi.it\/#organization\"},\"articleSection\":[\"Notizie\"],\"inLanguage\":\"it-IT\",\"potentialAction\":[{\"@type\":\"CommentAction\",\"name\":\"Comment\",\"target\":[\"https:\/\/arteeluoghi.it\/index.php\/2010\/08\/19\/premio-italia\/#respond\"]}]},{\"@type\":\"Person\",\"@id\":\"https:\/\/arteeluoghi.it\/#\/schema\/person\/f84e814e36e91e01448ee07eaadd41d4\",\"name\":\"Staff\",\"image\":{\"@type\":\"ImageObject\",\"@id\":\"https:\/\/arteeluoghi.it\/#personlogo\",\"inLanguage\":\"it-IT\",\"url\":\"https:\/\/secure.gravatar.com\/avatar\/49d2f9e46271bb04e19cebfaf141313a?s=96&d=blank&r=g\",\"contentUrl\":\"https:\/\/secure.gravatar.com\/avatar\/49d2f9e46271bb04e19cebfaf141313a?s=96&d=blank&r=g\",\"caption\":\"Staff\"}}]}<\/script>\n<!-- \/ Yoast SEO plugin. -->","yoast_head_json":{"title":"Premio Italia Arte contemporanea | Arte e Luoghi","robots":{"index":"index","follow":"follow","max-snippet":"max-snippet:-1","max-image-preview":"max-image-preview:large","max-video-preview":"max-video-preview:-1"},"canonical":"https:\/\/arteeluoghi.it\/index.php\/2010\/08\/19\/premio-italia\/","og_locale":"it_IT","og_type":"article","og_title":"Premio Italia Arte contemporanea | Arte e Luoghi","og_description":"\u00a0 ricerca, produzione e sostegno all\u2019arte LA MISSIONE DEL MAXXI il PREMIO ITALIA ARTE CONTEMPORANEA in autunno una mostra; il","og_url":"https:\/\/arteeluoghi.it\/index.php\/2010\/08\/19\/premio-italia\/","og_site_name":"Arte e Luoghi","article_publisher":"https:\/\/www.facebook.com\/ArteELuoghi\/","article_published_time":"2010-08-19T17:20:12+00:00","article_modified_time":"2017-08-06T22:32:08+00:00","twitter_card":"summary","twitter_creator":"@arteeluoghi","twitter_site":"@arteeluoghi","twitter_misc":{"Scritto da":"Staff","Tempo di lettura stimato":"3 minuti"},"schema":{"@context":"https:\/\/schema.org","@graph":[{"@type":"Organization","@id":"https:\/\/arteeluoghi.it\/#organization","name":"Arte e Luoghi","url":"https:\/\/arteeluoghi.it\/","sameAs":["https:\/\/www.facebook.com\/ArteELuoghi\/","https:\/\/www.instagram.com\/arteeluoghi\/?hl=it","https:\/\/www.youtube.com\/channel\/UCuRVc4JW4-C5sg9rQB-srkw?view_as=subscriber","https:\/\/twitter.com\/arteeluoghi"],"logo":{"@type":"ImageObject","@id":"https:\/\/arteeluoghi.it\/#logo","inLanguage":"it-IT","url":"https:\/\/arteeluoghi.it\/wp-content\/uploads\/2018\/08\/logoinstagramarte.jpg","contentUrl":"https:\/\/arteeluoghi.it\/wp-content\/uploads\/2018\/08\/logoinstagramarte.jpg","width":150,"height":150,"caption":"Arte e Luoghi"},"image":{"@id":"https:\/\/arteeluoghi.it\/#logo"}},{"@type":"WebSite","@id":"https:\/\/arteeluoghi.it\/#website","url":"https:\/\/arteeluoghi.it\/","name":"Arte e Luoghi","description":"Mensile di arte, cultura, turismo e curiosit\u00e0","publisher":{"@id":"https:\/\/arteeluoghi.it\/#organization"},"potentialAction":[{"@type":"SearchAction","target":{"@type":"EntryPoint","urlTemplate":"https:\/\/arteeluoghi.it\/?s={search_term_string}"},"query-input":"required name=search_term_string"}],"inLanguage":"it-IT"},{"@type":"WebPage","@id":"https:\/\/arteeluoghi.it\/index.php\/2010\/08\/19\/premio-italia\/#webpage","url":"https:\/\/arteeluoghi.it\/index.php\/2010\/08\/19\/premio-italia\/","name":"Premio Italia Arte contemporanea | Arte e Luoghi","isPartOf":{"@id":"https:\/\/arteeluoghi.it\/#website"},"datePublished":"2010-08-19T17:20:12+00:00","dateModified":"2017-08-06T22:32:08+00:00","breadcrumb":{"@id":"https:\/\/arteeluoghi.it\/index.php\/2010\/08\/19\/premio-italia\/#breadcrumb"},"inLanguage":"it-IT","potentialAction":[{"@type":"ReadAction","target":["https:\/\/arteeluoghi.it\/index.php\/2010\/08\/19\/premio-italia\/"]}]},{"@type":"BreadcrumbList","@id":"https:\/\/arteeluoghi.it\/index.php\/2010\/08\/19\/premio-italia\/#breadcrumb","itemListElement":[{"@type":"ListItem","position":1,"name":"Home","item":"https:\/\/arteeluoghi.it\/"},{"@type":"ListItem","position":2,"name":"Premio Italia Arte contemporanea"}]},{"@type":"Article","@id":"https:\/\/arteeluoghi.it\/index.php\/2010\/08\/19\/premio-italia\/#article","isPartOf":{"@id":"https:\/\/arteeluoghi.it\/index.php\/2010\/08\/19\/premio-italia\/#webpage"},"author":{"@id":"https:\/\/arteeluoghi.it\/#\/schema\/person\/f84e814e36e91e01448ee07eaadd41d4"},"headline":"Premio Italia Arte contemporanea","datePublished":"2010-08-19T17:20:12+00:00","dateModified":"2017-08-06T22:32:08+00:00","mainEntityOfPage":{"@id":"https:\/\/arteeluoghi.it\/index.php\/2010\/08\/19\/premio-italia\/#webpage"},"wordCount":699,"commentCount":0,"publisher":{"@id":"https:\/\/arteeluoghi.it\/#organization"},"articleSection":["Notizie"],"inLanguage":"it-IT","potentialAction":[{"@type":"CommentAction","name":"Comment","target":["https:\/\/arteeluoghi.it\/index.php\/2010\/08\/19\/premio-italia\/#respond"]}]},{"@type":"Person","@id":"https:\/\/arteeluoghi.it\/#\/schema\/person\/f84e814e36e91e01448ee07eaadd41d4","name":"Staff","image":{"@type":"ImageObject","@id":"https:\/\/arteeluoghi.it\/#personlogo","inLanguage":"it-IT","url":"https:\/\/secure.gravatar.com\/avatar\/49d2f9e46271bb04e19cebfaf141313a?s=96&d=blank&r=g","contentUrl":"https:\/\/secure.gravatar.com\/avatar\/49d2f9e46271bb04e19cebfaf141313a?s=96&d=blank&r=g","caption":"Staff"}}]}},"_links":{"self":[{"href":"https:\/\/arteeluoghi.it\/index.php\/wp-json\/wp\/v2\/posts\/57"}],"collection":[{"href":"https:\/\/arteeluoghi.it\/index.php\/wp-json\/wp\/v2\/posts"}],"about":[{"href":"https:\/\/arteeluoghi.it\/index.php\/wp-json\/wp\/v2\/types\/post"}],"author":[{"embeddable":true,"href":"https:\/\/arteeluoghi.it\/index.php\/wp-json\/wp\/v2\/users\/1"}],"replies":[{"embeddable":true,"href":"https:\/\/arteeluoghi.it\/index.php\/wp-json\/wp\/v2\/comments?post=57"}],"version-history":[{"count":1,"href":"https:\/\/arteeluoghi.it\/index.php\/wp-json\/wp\/v2\/posts\/57\/revisions"}],"predecessor-version":[{"id":3184,"href":"https:\/\/arteeluoghi.it\/index.php\/wp-json\/wp\/v2\/posts\/57\/revisions\/3184"}],"wp:attachment":[{"href":"https:\/\/arteeluoghi.it\/index.php\/wp-json\/wp\/v2\/media?parent=57"}],"wp:term":[{"taxonomy":"category","embeddable":true,"href":"https:\/\/arteeluoghi.it\/index.php\/wp-json\/wp\/v2\/categories?post=57"},{"taxonomy":"post_tag","embeddable":true,"href":"https:\/\/arteeluoghi.it\/index.php\/wp-json\/wp\/v2\/tags?post=57"}],"curies":[{"name":"wp","href":"https:\/\/api.w.org\/{rel}","templated":true}]}}