{"id":5719,"date":"2018-06-25T22:54:07","date_gmt":"2018-06-25T20:54:07","guid":{"rendered":"http:\/\/arteeluoghi.it\/?p=5719"},"modified":"2018-06-25T22:58:22","modified_gmt":"2018-06-25T20:58:22","slug":"le-ali-di-pandora-di-lecce-testimone-del-tempo","status":"publish","type":"post","link":"https:\/\/arteeluoghi.it\/index.php\/2018\/06\/25\/le-ali-di-pandora-di-lecce-testimone-del-tempo\/","title":{"rendered":"Le Ali di Pandora di Lecce: testimone del tempo"},"content":{"rendered":"<p><img loading=\"lazy\" class=\"size-medium wp-image-5721 alignleft\" src=\"https:\/\/arteeluoghi.it\/wp-content\/uploads\/2018\/06\/35884186_1054468764709052_613915139162243072_o-223x300.jpg\" alt=\"\" width=\"223\" height=\"300\" srcset=\"https:\/\/arteeluoghi.it\/wp-content\/uploads\/2018\/06\/35884186_1054468764709052_613915139162243072_o-223x300.jpg 223w, https:\/\/arteeluoghi.it\/wp-content\/uploads\/2018\/06\/35884186_1054468764709052_613915139162243072_o-768x1035.jpg 768w, https:\/\/arteeluoghi.it\/wp-content\/uploads\/2018\/06\/35884186_1054468764709052_613915139162243072_o-760x1024.jpg 760w, https:\/\/arteeluoghi.it\/wp-content\/uploads\/2018\/06\/35884186_1054468764709052_613915139162243072_o.jpg 1152w\" sizes=\"(max-width: 223px) 100vw, 223px\" \/>di Michela Maffei<\/p>\n<p><em>Testimone del tempo<\/em> \u00e8 un libro di <strong>Enzo Biagi<\/strong>, uno dei pi\u00f9 importanti giornalisti del Novecento che raccont\u00f2 l\u2019incontro con personaggi come <strong>Montale<\/strong>, <strong>Fellini<\/strong>, <strong>Bergman<\/strong>, <strong>Hemingway<\/strong>, <strong>Kafka<\/strong> e tanti altri.<\/p>\n<p>Il testimone \u00e8 chi assiste a un fatto, a un avvenimento e ferma il tempo in cui quelle azioni si sono svolte come un depositario del sapere. L\u2019associazione \u201c<strong>Le Ali di Pandora<\/strong>\u201d di <strong>Lecce<\/strong> \u00e8, in questa visuale, la testimonianza di un lungo percorso intrapreso <strong>da operatori culturali<\/strong>, <strong>artisti<\/strong>, <strong>intellettuali<\/strong>, <strong>gente comune<\/strong>.<\/p>\n<p>&nbsp;<\/p>\n<p><!--more--><\/p>\n<p><img loading=\"lazy\" class=\"size-medium wp-image-5723 alignright\" src=\"https:\/\/arteeluoghi.it\/wp-content\/uploads\/2018\/06\/35941751_10214593238536289_2067030019963617280_o-300x225.jpg\" alt=\"\" width=\"300\" height=\"225\" srcset=\"https:\/\/arteeluoghi.it\/wp-content\/uploads\/2018\/06\/35941751_10214593238536289_2067030019963617280_o-300x225.jpg 300w, https:\/\/arteeluoghi.it\/wp-content\/uploads\/2018\/06\/35941751_10214593238536289_2067030019963617280_o-768x576.jpg 768w, https:\/\/arteeluoghi.it\/wp-content\/uploads\/2018\/06\/35941751_10214593238536289_2067030019963617280_o-1024x768.jpg 1024w, https:\/\/arteeluoghi.it\/wp-content\/uploads\/2018\/06\/35941751_10214593238536289_2067030019963617280_o.jpg 1600w\" sizes=\"(max-width: 300px) 100vw, 300px\" \/>Nata nel solstizio di primavera del 2009, si \u00e8 impegnata in un lavoro capillare e popolare di <strong>divulgazione socio-culturale e artistico<\/strong>, ha incontrato volti, ha raccontato storie, ha dato la sua testimonianza su fatti e personaggi. Si \u00e8 adoperata per far conoscere pittori intensi come <strong>Edoardo De Candia<\/strong>, intellettuali eclettici come <strong>Antonio Verri<\/strong>, poeti del calibro di <strong>Alda Merini<\/strong>, <strong>Dario Bellezza<\/strong>, <strong>Ezechiele Leandro<\/strong>, <strong>Sandro Penna<\/strong>, <strong>Francesco D\u00f2daro<\/strong>, con approfondimenti dedicati alla <strong>poesia concreta, poesia visiva, Fluxus, Concept Art<\/strong>, <strong>Mail Art<\/strong>.<\/p>\n<p><img loading=\"lazy\" class=\"size-medium wp-image-5726 alignleft\" src=\"https:\/\/arteeluoghi.it\/wp-content\/uploads\/2018\/06\/ambra-300x169.jpg\" alt=\"\" width=\"300\" height=\"169\" srcset=\"https:\/\/arteeluoghi.it\/wp-content\/uploads\/2018\/06\/ambra-300x169.jpg 300w, https:\/\/arteeluoghi.it\/wp-content\/uploads\/2018\/06\/ambra-768x432.jpg 768w, https:\/\/arteeluoghi.it\/wp-content\/uploads\/2018\/06\/ambra.jpg 960w\" sizes=\"(max-width: 300px) 100vw, 300px\" \/>Venerd\u00ec 22 giugno, dopo un intenso lavoro di sistemazione dell\u2019ambiente e della ricca libreria \u2013 donata dal <strong>Lions Club Copertino-Salento,<\/strong> progettazione e realizzazione <strong>Mario Calcagnile<\/strong> \u2013 \u00e8 stata inaugurata la nuova sede in via Massimiliano Kolbe. La presidente <strong>Ambra Biscuso<\/strong> ha inteso porre l\u2019associazione come un bastione ovvero una fucina di cultura, progetti, ed opere finalizzate a <strong>rivalorizzare la periferia<\/strong> ancora chiamata \u201c<strong>167<\/strong>\u201d, con un significato di area emarginata e degradata.<\/p>\n<p>In realt\u00e0 l\u2019associazione ha sede in una zona con <strong>un\u2019ottima ciclabile<\/strong> \u2013 nota inusuale per l\u2019intera citt\u00e0 che non asseconda lo spostamento con la bicicletta e nemmeno con gli <strong>autobus<\/strong>, essendo <strong>esiguo<\/strong> il <strong>numero<\/strong> delle corse che si fermano alle 21.00 \u2013 e si respira quell\u2019atmosfera distesa data dagli ampi spazi urbani in cui tanto pu\u00f2 essere fatto.<\/p>\n<p>La volont\u00e0 \u00e8 di dare concretezza a parole come \u201c<strong>inclusione<\/strong>\u201d, \u201c<strong>condivisione<\/strong>\u201d, \u201c<strong>partecipazione<\/strong>\u201d per non dimenticare che ogni organismo \u00e8 un insieme olistico di parti interdipendenti. Il valore di ogni parte sociale \u00e8 ricordato, perfino, dal celebre discorso di <strong>Menenio <\/strong><em><strong>Agrippa<\/strong><\/em> pronunciato nel 494 a.C. ai plebei in rivolta che per protesta avevano abbandonato la citt\u00e0 e occupato il Monte Sacro, il colle <em>Aventino<\/em>.<\/p>\n<p>L\u2019antica orazione evidenzia che <strong>non esistono un centro privilegiato ed una periferia declassata,<\/strong> ma \u00e8 dovere morale, prima che principio etico, dare a <strong>tutti i cittadini gli stessi diritti, possibilit\u00e0, e servizi<\/strong>. L\u2019auspicio \u00e8, pertanto, di agire e consolidare una prassi e non solo una teoria filantropica, affinch\u00e9 lo sviluppo sia generale e generi nuova linfa e benessere a vantaggio di tutta la collettivit\u00e0.<\/p>\n<p><img loading=\"lazy\" class=\"size-medium wp-image-5725 alignleft\" src=\"https:\/\/arteeluoghi.it\/wp-content\/uploads\/2018\/06\/35971489_1054468678042394_471516215722901504_n-225x300.jpg\" alt=\"\" width=\"225\" height=\"300\" srcset=\"https:\/\/arteeluoghi.it\/wp-content\/uploads\/2018\/06\/35971489_1054468678042394_471516215722901504_n-225x300.jpg 225w, https:\/\/arteeluoghi.it\/wp-content\/uploads\/2018\/06\/35971489_1054468678042394_471516215722901504_n.jpg 720w\" sizes=\"(max-width: 225px) 100vw, 225px\" \/>Il locale dato in uso dal Comune di Lecce era una vecchia pescheria e per questo motivo l\u2019inaugurazione \u00e8 stata fatta con lo slogan \u201c<strong>scongeliamo la mente, libri freschi e surgelati<\/strong>\u201d. L\u2019antico e degno mestiere del pescatore si sposa perfettamente con il desiderio di servire <strong>nutrimento per la mente<\/strong> attraverso libri che spaziano dal genere classico, al fumetto, alla collezione Harmony.<\/p>\n<p>Non mancano i libri gialli, le enciclopedie, i cataloghi di arte, preziose pagine ocra, leggermente brunite dal tempo, con segni di usura pieni di orgoglio, come rughe su un viso pieno di interessi. Questo <strong>patrimonio librario<\/strong>, che non pretende di essere una biblioteca, ma di fornire un accogliente angolo di lettura, costituisce una cultura viva che sta nelle idee e nelle capacit\u00e0 delle persone, prima ancora che sugli scaffali.<\/p>\n<p>La lettura \u00e8, nonostante lo stereotipo per cui al sud si legge poco, un valore molto apprezzato che ha prodotto un alto grado di alfabetizzazione nel Sud Italia. Qui migliaia di giovani frequentano gli atenei fino alla laurea, a differenza di regioni industrializzate dove \u00e8 pi\u00f9 semplice trovare lavoro. Lo sviluppo delle Arti del Trivio e del Quadrivio ha percorso regolarmente anche il meridione, fino a giungere alla fondazione negli anni Cinquanta dell\u2019<strong>Accademia Salentina<\/strong>\u00a0 nella casa del barone <strong>Girolamo Comi<\/strong>\u00a0 a Lucugnano (Le) luogo d\u2019incontro di poeti, scrittori e artisti di respiro nazionale: <strong>Macr\u00ec<\/strong>, <strong>Bodini<\/strong>, <strong>Pagano<\/strong>, <strong>Corti<\/strong>, <strong>Merini<\/strong>, <strong>Pierri<\/strong>, <strong>Ciardo<\/strong>, <strong>Ferrazzi<\/strong>, <strong>Anceschi<\/strong> e <strong>Gatto<\/strong>, che dedic\u00f2 a Comi e alla sua casa dei versi: \u201c<em>Nel silenzio <\/em>[\u2026].<em> In questa casa anche le ombre sono amiche<\/em>\u201d.<\/p>\n<p><img loading=\"lazy\" class=\"size-medium wp-image-5722 alignright\" src=\"https:\/\/arteeluoghi.it\/wp-content\/uploads\/2018\/06\/35297157_1054468838042378_3468189424414621696_n-300x225.jpg\" alt=\"\" width=\"300\" height=\"225\" srcset=\"https:\/\/arteeluoghi.it\/wp-content\/uploads\/2018\/06\/35297157_1054468838042378_3468189424414621696_n-300x225.jpg 300w, https:\/\/arteeluoghi.it\/wp-content\/uploads\/2018\/06\/35297157_1054468838042378_3468189424414621696_n-768x576.jpg 768w, https:\/\/arteeluoghi.it\/wp-content\/uploads\/2018\/06\/35297157_1054468838042378_3468189424414621696_n.jpg 960w\" sizes=\"(max-width: 300px) 100vw, 300px\" \/>\u00c8 questo il background culturale del Salento e dell\u2019Associazione \u201cLe Ali di Pandora\u201d dove \u00e8 possibile seguire il <strong>laboratorio di pittura e disegno di Daniela Cecere<\/strong>, il <strong>laboratorio di scrittura, letteratura e narrativa di Ambra Biscuso<\/strong>, il <strong>laboratorio di teatro di Chiara D\u2019Ostuni<\/strong>. Si pu\u00f2 anche partecipare a molteplici iniziative per recuperare la storia della periferia, per sottolineare le esigenze dei disabili, per soddisfare i bisogni dei giovani e dei bambini.<\/p>\n<p>&nbsp;<\/p>\n<p>L\u2019inaugurazione si \u00e8 svolta alla presenza delle autorit\u00e0: il sindaco <strong>Carlo Salvemini<\/strong>, l\u2019assessore <strong>Antonella Agnoli<\/strong> che ha sottolineato come sia \u201cfondamentale che ogni zona della citt\u00e0 abbia un presidio culturale dove gli abitanti possano ritrovarsi\u201d e l\u2019assessore <strong>Saverio Citraro<\/strong> che ha confermato \u201cl\u2019impegno per le associazioni culturali come questa\u201d.<\/p>\n<p>Inizia con l\u2019entusiasmo di sempre una nuova pagina de \u201cLe Ali di Pandora\u201d, testimone del nostro tempo affinch\u00e9 tutti possano essere protagonisti della storia e della propria vita. <strong>Ambra Biscuso<\/strong> cita un verso di <strong>Alda Merini <\/strong>tratto dalla lirica<strong> \u201cSono nata il 21 a primavera\u201d<\/strong>: \u201cNon sapevamo che nascere folle, aprire le zolle, potesse portare tempesta&#8221;. Il testimone del tempo \u00e8 la nostra memoria e la nostra identit\u00e0, \u00e8 un <strong>folle<\/strong>, nell\u2019accezione di visionario che \u201c<strong>vede oltre<\/strong> \u2013 afferma la presidente \u2013 con i suoi colori, la sua energia e la sua originalit\u00e0\u201d. I testimoni sono <strong>rivoluzionari che cambiano il modo di vivere<\/strong>.<\/p>\n","protected":false},"excerpt":{"rendered":"<p>di Michela Maffei Testimone del tempo \u00e8 un libro di Enzo Biagi, uno dei pi\u00f9 importanti giornalisti del Novecento che<\/p>\n","protected":false},"author":1,"featured_media":5724,"comment_status":"open","ping_status":"open","sticky":true,"template":"","format":"standard","meta":[],"categories":[52,17],"tags":[1130,1128,1131,134,1129],"yoast_head":"<!-- This site is optimized with the Yoast SEO plugin v18.0 - https:\/\/yoast.com\/wordpress\/plugins\/seo\/ -->\n<title>Le Ali di Pandora di Lecce: testimone del tempo | Arte e Luoghi<\/title>\n<meta name=\"robots\" content=\"index, follow, max-snippet:-1, max-image-preview:large, max-video-preview:-1\" \/>\n<link rel=\"canonical\" href=\"https:\/\/arteeluoghi.it\/index.php\/2018\/06\/25\/le-ali-di-pandora-di-lecce-testimone-del-tempo\/\" \/>\n<meta property=\"og:locale\" content=\"it_IT\" \/>\n<meta property=\"og:type\" content=\"article\" \/>\n<meta property=\"og:title\" content=\"Le Ali di Pandora di Lecce: testimone del tempo | Arte e Luoghi\" \/>\n<meta property=\"og:description\" content=\"di Michela Maffei Testimone del tempo \u00e8 un libro di Enzo Biagi, uno dei pi\u00f9 importanti giornalisti del Novecento che\" \/>\n<meta property=\"og:url\" content=\"https:\/\/arteeluoghi.it\/index.php\/2018\/06\/25\/le-ali-di-pandora-di-lecce-testimone-del-tempo\/\" \/>\n<meta property=\"og:site_name\" content=\"Arte e Luoghi\" \/>\n<meta property=\"article:publisher\" content=\"https:\/\/www.facebook.com\/ArteELuoghi\/\" \/>\n<meta property=\"article:published_time\" content=\"2018-06-25T20:54:07+00:00\" \/>\n<meta property=\"article:modified_time\" content=\"2018-06-25T20:58:22+00:00\" \/>\n<meta property=\"og:image\" content=\"https:\/\/arteeluoghi.it\/wp-content\/uploads\/2018\/06\/35970825_1576400945820637_6547983994179289088_o.jpg\" \/>\n\t<meta property=\"og:image:width\" content=\"1920\" \/>\n\t<meta property=\"og:image:height\" content=\"1440\" \/>\n\t<meta property=\"og:image:type\" content=\"image\/jpeg\" \/>\n<meta name=\"twitter:card\" content=\"summary\" \/>\n<meta name=\"twitter:creator\" content=\"@arteeluoghi\" \/>\n<meta name=\"twitter:site\" content=\"@arteeluoghi\" \/>\n<meta name=\"twitter:label1\" content=\"Scritto da\" \/>\n\t<meta name=\"twitter:data1\" content=\"Staff\" \/>\n\t<meta name=\"twitter:label2\" content=\"Tempo di lettura stimato\" \/>\n\t<meta name=\"twitter:data2\" content=\"4 minuti\" \/>\n<script type=\"application\/ld+json\" class=\"yoast-schema-graph\">{\"@context\":\"https:\/\/schema.org\",\"@graph\":[{\"@type\":\"Organization\",\"@id\":\"https:\/\/arteeluoghi.it\/#organization\",\"name\":\"Arte e Luoghi\",\"url\":\"https:\/\/arteeluoghi.it\/\",\"sameAs\":[\"https:\/\/www.facebook.com\/ArteELuoghi\/\",\"https:\/\/www.instagram.com\/arteeluoghi\/?hl=it\",\"https:\/\/www.youtube.com\/channel\/UCuRVc4JW4-C5sg9rQB-srkw?view_as=subscriber\",\"https:\/\/twitter.com\/arteeluoghi\"],\"logo\":{\"@type\":\"ImageObject\",\"@id\":\"https:\/\/arteeluoghi.it\/#logo\",\"inLanguage\":\"it-IT\",\"url\":\"https:\/\/arteeluoghi.it\/wp-content\/uploads\/2018\/08\/logoinstagramarte.jpg\",\"contentUrl\":\"https:\/\/arteeluoghi.it\/wp-content\/uploads\/2018\/08\/logoinstagramarte.jpg\",\"width\":150,\"height\":150,\"caption\":\"Arte e Luoghi\"},\"image\":{\"@id\":\"https:\/\/arteeluoghi.it\/#logo\"}},{\"@type\":\"WebSite\",\"@id\":\"https:\/\/arteeluoghi.it\/#website\",\"url\":\"https:\/\/arteeluoghi.it\/\",\"name\":\"Arte e Luoghi\",\"description\":\"Mensile di arte, cultura, turismo e curiosit\u00e0\",\"publisher\":{\"@id\":\"https:\/\/arteeluoghi.it\/#organization\"},\"potentialAction\":[{\"@type\":\"SearchAction\",\"target\":{\"@type\":\"EntryPoint\",\"urlTemplate\":\"https:\/\/arteeluoghi.it\/?s={search_term_string}\"},\"query-input\":\"required name=search_term_string\"}],\"inLanguage\":\"it-IT\"},{\"@type\":\"ImageObject\",\"@id\":\"https:\/\/arteeluoghi.it\/index.php\/2018\/06\/25\/le-ali-di-pandora-di-lecce-testimone-del-tempo\/#primaryimage\",\"inLanguage\":\"it-IT\",\"url\":\"https:\/\/arteeluoghi.it\/wp-content\/uploads\/2018\/06\/35970825_1576400945820637_6547983994179289088_o.jpg\",\"contentUrl\":\"https:\/\/arteeluoghi.it\/wp-content\/uploads\/2018\/06\/35970825_1576400945820637_6547983994179289088_o.jpg\",\"width\":1920,\"height\":1440},{\"@type\":\"WebPage\",\"@id\":\"https:\/\/arteeluoghi.it\/index.php\/2018\/06\/25\/le-ali-di-pandora-di-lecce-testimone-del-tempo\/#webpage\",\"url\":\"https:\/\/arteeluoghi.it\/index.php\/2018\/06\/25\/le-ali-di-pandora-di-lecce-testimone-del-tempo\/\",\"name\":\"Le Ali di Pandora di Lecce: testimone del tempo | Arte e Luoghi\",\"isPartOf\":{\"@id\":\"https:\/\/arteeluoghi.it\/#website\"},\"primaryImageOfPage\":{\"@id\":\"https:\/\/arteeluoghi.it\/index.php\/2018\/06\/25\/le-ali-di-pandora-di-lecce-testimone-del-tempo\/#primaryimage\"},\"datePublished\":\"2018-06-25T20:54:07+00:00\",\"dateModified\":\"2018-06-25T20:58:22+00:00\",\"breadcrumb\":{\"@id\":\"https:\/\/arteeluoghi.it\/index.php\/2018\/06\/25\/le-ali-di-pandora-di-lecce-testimone-del-tempo\/#breadcrumb\"},\"inLanguage\":\"it-IT\",\"potentialAction\":[{\"@type\":\"ReadAction\",\"target\":[\"https:\/\/arteeluoghi.it\/index.php\/2018\/06\/25\/le-ali-di-pandora-di-lecce-testimone-del-tempo\/\"]}]},{\"@type\":\"BreadcrumbList\",\"@id\":\"https:\/\/arteeluoghi.it\/index.php\/2018\/06\/25\/le-ali-di-pandora-di-lecce-testimone-del-tempo\/#breadcrumb\",\"itemListElement\":[{\"@type\":\"ListItem\",\"position\":1,\"name\":\"Home\",\"item\":\"https:\/\/arteeluoghi.it\/\"},{\"@type\":\"ListItem\",\"position\":2,\"name\":\"Le Ali di Pandora di Lecce: testimone del tempo\"}]},{\"@type\":\"Article\",\"@id\":\"https:\/\/arteeluoghi.it\/index.php\/2018\/06\/25\/le-ali-di-pandora-di-lecce-testimone-del-tempo\/#article\",\"isPartOf\":{\"@id\":\"https:\/\/arteeluoghi.it\/index.php\/2018\/06\/25\/le-ali-di-pandora-di-lecce-testimone-del-tempo\/#webpage\"},\"author\":{\"@id\":\"https:\/\/arteeluoghi.it\/#\/schema\/person\/f84e814e36e91e01448ee07eaadd41d4\"},\"headline\":\"Le Ali di Pandora di Lecce: testimone del tempo\",\"datePublished\":\"2018-06-25T20:54:07+00:00\",\"dateModified\":\"2018-06-25T20:58:22+00:00\",\"mainEntityOfPage\":{\"@id\":\"https:\/\/arteeluoghi.it\/index.php\/2018\/06\/25\/le-ali-di-pandora-di-lecce-testimone-del-tempo\/#webpage\"},\"wordCount\":902,\"commentCount\":0,\"publisher\":{\"@id\":\"https:\/\/arteeluoghi.it\/#organization\"},\"image\":{\"@id\":\"https:\/\/arteeluoghi.it\/index.php\/2018\/06\/25\/le-ali-di-pandora-di-lecce-testimone-del-tempo\/#primaryimage\"},\"thumbnailUrl\":\"https:\/\/arteeluoghi.it\/wp-content\/uploads\/2018\/06\/35970825_1576400945820637_6547983994179289088_o.jpg\",\"keywords\":[\"Ambra Biscuso\",\"Centro Lettura Le Ali di Pandora\",\"Comune di Lecce\",\"Lecce\",\"periferia\"],\"articleSection\":[\"I luoghi della parola\",\"LIBRI\"],\"inLanguage\":\"it-IT\",\"potentialAction\":[{\"@type\":\"CommentAction\",\"name\":\"Comment\",\"target\":[\"https:\/\/arteeluoghi.it\/index.php\/2018\/06\/25\/le-ali-di-pandora-di-lecce-testimone-del-tempo\/#respond\"]}]},{\"@type\":\"Person\",\"@id\":\"https:\/\/arteeluoghi.it\/#\/schema\/person\/f84e814e36e91e01448ee07eaadd41d4\",\"name\":\"Staff\",\"image\":{\"@type\":\"ImageObject\",\"@id\":\"https:\/\/arteeluoghi.it\/#personlogo\",\"inLanguage\":\"it-IT\",\"url\":\"https:\/\/secure.gravatar.com\/avatar\/49d2f9e46271bb04e19cebfaf141313a?s=96&d=blank&r=g\",\"contentUrl\":\"https:\/\/secure.gravatar.com\/avatar\/49d2f9e46271bb04e19cebfaf141313a?s=96&d=blank&r=g\",\"caption\":\"Staff\"}}]}<\/script>\n<!-- \/ Yoast SEO plugin. -->","yoast_head_json":{"title":"Le Ali di Pandora di Lecce: testimone del tempo | Arte e Luoghi","robots":{"index":"index","follow":"follow","max-snippet":"max-snippet:-1","max-image-preview":"max-image-preview:large","max-video-preview":"max-video-preview:-1"},"canonical":"https:\/\/arteeluoghi.it\/index.php\/2018\/06\/25\/le-ali-di-pandora-di-lecce-testimone-del-tempo\/","og_locale":"it_IT","og_type":"article","og_title":"Le Ali di Pandora di Lecce: testimone del tempo | Arte e Luoghi","og_description":"di Michela Maffei Testimone del tempo \u00e8 un libro di Enzo Biagi, uno dei pi\u00f9 importanti giornalisti del Novecento che","og_url":"https:\/\/arteeluoghi.it\/index.php\/2018\/06\/25\/le-ali-di-pandora-di-lecce-testimone-del-tempo\/","og_site_name":"Arte e Luoghi","article_publisher":"https:\/\/www.facebook.com\/ArteELuoghi\/","article_published_time":"2018-06-25T20:54:07+00:00","article_modified_time":"2018-06-25T20:58:22+00:00","og_image":[{"width":1920,"height":1440,"url":"https:\/\/arteeluoghi.it\/wp-content\/uploads\/2018\/06\/35970825_1576400945820637_6547983994179289088_o.jpg","type":"image\/jpeg"}],"twitter_card":"summary","twitter_creator":"@arteeluoghi","twitter_site":"@arteeluoghi","twitter_misc":{"Scritto da":"Staff","Tempo di lettura stimato":"4 minuti"},"schema":{"@context":"https:\/\/schema.org","@graph":[{"@type":"Organization","@id":"https:\/\/arteeluoghi.it\/#organization","name":"Arte e Luoghi","url":"https:\/\/arteeluoghi.it\/","sameAs":["https:\/\/www.facebook.com\/ArteELuoghi\/","https:\/\/www.instagram.com\/arteeluoghi\/?hl=it","https:\/\/www.youtube.com\/channel\/UCuRVc4JW4-C5sg9rQB-srkw?view_as=subscriber","https:\/\/twitter.com\/arteeluoghi"],"logo":{"@type":"ImageObject","@id":"https:\/\/arteeluoghi.it\/#logo","inLanguage":"it-IT","url":"https:\/\/arteeluoghi.it\/wp-content\/uploads\/2018\/08\/logoinstagramarte.jpg","contentUrl":"https:\/\/arteeluoghi.it\/wp-content\/uploads\/2018\/08\/logoinstagramarte.jpg","width":150,"height":150,"caption":"Arte e Luoghi"},"image":{"@id":"https:\/\/arteeluoghi.it\/#logo"}},{"@type":"WebSite","@id":"https:\/\/arteeluoghi.it\/#website","url":"https:\/\/arteeluoghi.it\/","name":"Arte e Luoghi","description":"Mensile di arte, cultura, turismo e curiosit\u00e0","publisher":{"@id":"https:\/\/arteeluoghi.it\/#organization"},"potentialAction":[{"@type":"SearchAction","target":{"@type":"EntryPoint","urlTemplate":"https:\/\/arteeluoghi.it\/?s={search_term_string}"},"query-input":"required name=search_term_string"}],"inLanguage":"it-IT"},{"@type":"ImageObject","@id":"https:\/\/arteeluoghi.it\/index.php\/2018\/06\/25\/le-ali-di-pandora-di-lecce-testimone-del-tempo\/#primaryimage","inLanguage":"it-IT","url":"https:\/\/arteeluoghi.it\/wp-content\/uploads\/2018\/06\/35970825_1576400945820637_6547983994179289088_o.jpg","contentUrl":"https:\/\/arteeluoghi.it\/wp-content\/uploads\/2018\/06\/35970825_1576400945820637_6547983994179289088_o.jpg","width":1920,"height":1440},{"@type":"WebPage","@id":"https:\/\/arteeluoghi.it\/index.php\/2018\/06\/25\/le-ali-di-pandora-di-lecce-testimone-del-tempo\/#webpage","url":"https:\/\/arteeluoghi.it\/index.php\/2018\/06\/25\/le-ali-di-pandora-di-lecce-testimone-del-tempo\/","name":"Le Ali di Pandora di Lecce: testimone del tempo | Arte e Luoghi","isPartOf":{"@id":"https:\/\/arteeluoghi.it\/#website"},"primaryImageOfPage":{"@id":"https:\/\/arteeluoghi.it\/index.php\/2018\/06\/25\/le-ali-di-pandora-di-lecce-testimone-del-tempo\/#primaryimage"},"datePublished":"2018-06-25T20:54:07+00:00","dateModified":"2018-06-25T20:58:22+00:00","breadcrumb":{"@id":"https:\/\/arteeluoghi.it\/index.php\/2018\/06\/25\/le-ali-di-pandora-di-lecce-testimone-del-tempo\/#breadcrumb"},"inLanguage":"it-IT","potentialAction":[{"@type":"ReadAction","target":["https:\/\/arteeluoghi.it\/index.php\/2018\/06\/25\/le-ali-di-pandora-di-lecce-testimone-del-tempo\/"]}]},{"@type":"BreadcrumbList","@id":"https:\/\/arteeluoghi.it\/index.php\/2018\/06\/25\/le-ali-di-pandora-di-lecce-testimone-del-tempo\/#breadcrumb","itemListElement":[{"@type":"ListItem","position":1,"name":"Home","item":"https:\/\/arteeluoghi.it\/"},{"@type":"ListItem","position":2,"name":"Le Ali di Pandora di Lecce: testimone del tempo"}]},{"@type":"Article","@id":"https:\/\/arteeluoghi.it\/index.php\/2018\/06\/25\/le-ali-di-pandora-di-lecce-testimone-del-tempo\/#article","isPartOf":{"@id":"https:\/\/arteeluoghi.it\/index.php\/2018\/06\/25\/le-ali-di-pandora-di-lecce-testimone-del-tempo\/#webpage"},"author":{"@id":"https:\/\/arteeluoghi.it\/#\/schema\/person\/f84e814e36e91e01448ee07eaadd41d4"},"headline":"Le Ali di Pandora di Lecce: testimone del tempo","datePublished":"2018-06-25T20:54:07+00:00","dateModified":"2018-06-25T20:58:22+00:00","mainEntityOfPage":{"@id":"https:\/\/arteeluoghi.it\/index.php\/2018\/06\/25\/le-ali-di-pandora-di-lecce-testimone-del-tempo\/#webpage"},"wordCount":902,"commentCount":0,"publisher":{"@id":"https:\/\/arteeluoghi.it\/#organization"},"image":{"@id":"https:\/\/arteeluoghi.it\/index.php\/2018\/06\/25\/le-ali-di-pandora-di-lecce-testimone-del-tempo\/#primaryimage"},"thumbnailUrl":"https:\/\/arteeluoghi.it\/wp-content\/uploads\/2018\/06\/35970825_1576400945820637_6547983994179289088_o.jpg","keywords":["Ambra Biscuso","Centro Lettura Le Ali di Pandora","Comune di Lecce","Lecce","periferia"],"articleSection":["I luoghi della parola","LIBRI"],"inLanguage":"it-IT","potentialAction":[{"@type":"CommentAction","name":"Comment","target":["https:\/\/arteeluoghi.it\/index.php\/2018\/06\/25\/le-ali-di-pandora-di-lecce-testimone-del-tempo\/#respond"]}]},{"@type":"Person","@id":"https:\/\/arteeluoghi.it\/#\/schema\/person\/f84e814e36e91e01448ee07eaadd41d4","name":"Staff","image":{"@type":"ImageObject","@id":"https:\/\/arteeluoghi.it\/#personlogo","inLanguage":"it-IT","url":"https:\/\/secure.gravatar.com\/avatar\/49d2f9e46271bb04e19cebfaf141313a?s=96&d=blank&r=g","contentUrl":"https:\/\/secure.gravatar.com\/avatar\/49d2f9e46271bb04e19cebfaf141313a?s=96&d=blank&r=g","caption":"Staff"}}]}},"_links":{"self":[{"href":"https:\/\/arteeluoghi.it\/index.php\/wp-json\/wp\/v2\/posts\/5719"}],"collection":[{"href":"https:\/\/arteeluoghi.it\/index.php\/wp-json\/wp\/v2\/posts"}],"about":[{"href":"https:\/\/arteeluoghi.it\/index.php\/wp-json\/wp\/v2\/types\/post"}],"author":[{"embeddable":true,"href":"https:\/\/arteeluoghi.it\/index.php\/wp-json\/wp\/v2\/users\/1"}],"replies":[{"embeddable":true,"href":"https:\/\/arteeluoghi.it\/index.php\/wp-json\/wp\/v2\/comments?post=5719"}],"version-history":[{"count":2,"href":"https:\/\/arteeluoghi.it\/index.php\/wp-json\/wp\/v2\/posts\/5719\/revisions"}],"predecessor-version":[{"id":5728,"href":"https:\/\/arteeluoghi.it\/index.php\/wp-json\/wp\/v2\/posts\/5719\/revisions\/5728"}],"wp:featuredmedia":[{"embeddable":true,"href":"https:\/\/arteeluoghi.it\/index.php\/wp-json\/wp\/v2\/media\/5724"}],"wp:attachment":[{"href":"https:\/\/arteeluoghi.it\/index.php\/wp-json\/wp\/v2\/media?parent=5719"}],"wp:term":[{"taxonomy":"category","embeddable":true,"href":"https:\/\/arteeluoghi.it\/index.php\/wp-json\/wp\/v2\/categories?post=5719"},{"taxonomy":"post_tag","embeddable":true,"href":"https:\/\/arteeluoghi.it\/index.php\/wp-json\/wp\/v2\/tags?post=5719"}],"curies":[{"name":"wp","href":"https:\/\/api.w.org\/{rel}","templated":true}]}}