{"id":579,"date":"2012-03-01T17:22:46","date_gmt":"2012-03-01T16:22:46","guid":{"rendered":"http:\/\/arteeluoghi.it\/index.php\/2012\/03\/01\/la-compagnia-dellumilta-i-cittadini-per-il-centro-storico-di-parabita\/"},"modified":"2017-08-14T04:05:32","modified_gmt":"2017-08-14T02:05:32","slug":"la-compagnia-dellumilta-i-cittadini-per-il-centro-storico-di-parabita","status":"publish","type":"post","link":"https:\/\/arteeluoghi.it\/index.php\/2012\/03\/01\/la-compagnia-dellumilta-i-cittadini-per-il-centro-storico-di-parabita\/","title":{"rendered":"La compagnia dell&#8217;Umilt\u00e0. I cittadini per il centro storico di Parabita"},"content":{"rendered":"<p><strong><img src=\"\/images\/stories\/chiesa maria Ss. immacolataparabita.JPG\" border=\"0\" width=\"400\" style=\"float: left; margin: 21px; border: 0pt none;\" \/><\/strong><\/p>\n<p>\u00a0<\/p>\n<p><strong>Luoghi\/ Salento &#8211; Parabita (Lecce)<br \/><\/strong><\/p>\n<p><strong>La Compagnia dell\u2019Umilt\u00e0<\/strong><strong> \u2013 <\/strong><strong>comitato di cittadini per il<\/strong><strong> <\/strong><strong>Centro Storico di Parabita<\/strong><\/p>\n<p>\u00a0<\/p>\n<p>Riceviamo e pubblichiamo il resoconto dell&#8217;incontro con le autorit\u00e0 istituzionali<\/p>\n<p>\u00a0<\/p>\n<p>\u00a0<\/p>\n<p>A Parabita, la scorsa Domenica, 26 Febbraio 2012, nella Chiesa di Maria Ss. Immacolata si \u00e8 tenuto l\u2019incontro aperto a tutti i cittadini, sulle problematiche del Centro Storico organizzato da <strong>\u201cLa Compagnia dell\u2019Umilt\u00e0<\/strong><strong> \u2013 <\/strong><strong>comitato di cittadini per il<\/strong><strong> <\/strong><strong>Centro Storico di Parabita<\/strong><strong>\u201d<\/strong>, associazione a-partitica e a-confessionale senza fini di lucro di recente costituzione, nata come strumento di cittadinanza attiva per la maggiore tutela degli interessi collettivi, e costituita grazie all\u2019iniziativa di un gruppo di professionisti, commercianti e residenti nel Centro Storico di Parabita, al fine specifico di migliorarne concretamente le attuali condizioni di oggettivo degrado urbano, abbandono sociale ed impoverimento economico, che sono visibili a tutti.<\/p>\n<p>Nella consapevolezza che, spesso, anche a Parabita, i momenti di confronto pubblico corrono il rischio di trasformarsi in dibattiti tanto affollati ed accesi quanto generici e poco produttivi, ai fini del cambiamento reale di situazioni di disagio sociale, l\u2019incontro non si proponeva quale occasione di dibattito pubblico sulle molteplici prospettive attraverso le quali, a Parabita, pu\u00f2 essere affrontato il tema, ma aveva obiettivi precisi, formalmente comunicati con considerevole anticipo ai soggetti invitati in qualit\u00e0 di relatori e richiamati in apertura dell\u2019incontro.<\/p>\n<p>\u00a0<\/p>\n<p>  <!--more-->  <\/p>\n<p>\u00a0<\/p>\n<p>\u00a0<\/p>\n<p>\u00a0<\/p>\n<p>Obiettivi specifici erano: 1) presentare pubblicamente ai cittadini di Parabita la neo-costituita associazione, nelle sue finalit\u00e0 e modalit\u00e0 di funzionamento ed illustrare il piano d\u2019intervento proposto, articolato in otto specifici punti; 2) verificare, nel quadro delle attuali politiche comunali, i possibili ambiti e le pi\u00f9 efficaci modalit\u00e0 di collaborazione fra l\u2019Amministrazione comunale ed il neo-nato<strong> <\/strong>comitato<img src=\"\/images\/stories\/incontro 26 02 2012 - 1.JPG\" border=\"0\" width=\"450\" style=\"float: right; margin: 21px;\" \/>, ai fini dell\u2019ideazione e della realizzazione di un efficace piano di riqualificazione del Centro Storico di Parabita. All\u2019incontro, coordinato da <em>Patrizia Prete,<\/em> hanno partecipato, in qualit\u00e0 di relatori, tutti i soci Promotori del comitato (<em>Giovanna Caggiula<\/em>, <em>Maria Grazia Felline<\/em>, <em>Francesco Grisolia<\/em>, <em>Anna Leganza<\/em>, <em>Francesco Prete<\/em>, <em>Patrizia Prete<\/em>, <em>Alberto Spinelli<\/em>, <em>Florinda Spinelli<\/em>), <em>Alfredo Cacciapaglia<\/em>, Sindaco di Parabita, <em>Alberto Cacciatore<\/em>, Vice-sindaco di Parabita ed Assessore al Centro Storico, <em>Don Angelo Corvo<\/em>, Parroco della Chiesa Matrice di San Giovanni Battista. L\u2019incontro \u00e8 durato dalle 17.00 alle 20.00 ed \u00e8 stato seguito, oltre che dai soci Promotori e Sostenitori dell\u2019associazione, anche da un pubblico di circa 40 cittadini. Per quanto attiene alla \u201cpartecipazione popolare\u201d, il comitato valuta in termini molto soddisfacenti il risultato raggiunto, anche in considerazione di fattori quali la novit\u00e0 dell\u2019iniziativa, la recente costituzione del comitato stesso, i mezzi di pubblicizzazione molto semplici ed \u201ceconomici\u201d utilizzati (volantini ed inviti distribuiti in un numero molto limitato di copie). Il comitato considera molto soddisfacente anche il risultato raggiunto rispetto all\u2019obiettivo di presentarsi pubblicamente ai cittadini di Parabita. Per quanto attiene, invece, il secondo obiettivo, ossia la verifica dei possibili ambiti di collaborazione fra l\u2019Amministrazione comunale e la neo-costituita associazione, la valutazione non pu\u00f2 ancora essere, per il momento, ugualmente positiva. Ci\u00f2 in virt\u00f9 di due fattori specifici: 1) gli amministratori comunali non hanno fornito, n\u00e9 verbalmente n\u00e9 con documentazione di supporto, elementi descrittivi di una \u201cpolitica\u201d per il Centro Storico di Parabita, se dobbiamo intendere per \u201cpolitica\u201d, come normalmente si deve intendere, un insieme coerente di finalit\u00e0 strategiche, piani, obiettivi, progetti di intervento, azioni, budget, strumenti, modalit\u00e0, tempi e strutture organizzative per la loro realizzazione. Stabilire una politica \u00e8 il compito primario di un\u2019amministrazione, anche a livello locale, comunicarla ai cittadini con modalit\u00e0 adeguate \u00e8 doveroso, anche per costruire positive sinergie (obiettivo dell\u2019associazione) e non solo per creare \u201cconsenso\u201d. Perci\u00f2 il neo-nato comitato non ha avuto la possibilit\u00e0 di \u201craccogliere\u201d richieste specifiche in questa direzione. 2) Conclusa, come da programma, la sessione dedicata alla presentazione della neo-costituita associazione, che si \u00e8 svolta molto tranquillamente, quando la parola \u00e8 passata agli amministratori comunali presenti, il \u201cclima relazionale\u201d \u00e8 diventato decisamente pi\u00f9 \u201cteso\u201d. Gli amministratori hanno assunto una posizione estremamente ambivalente e chiaramente difensiva. Ambivalente in quanto: se, da un lato, hanno fatto riferimento alla volont\u00e0 di avviare un processo volto a favorire la partecipazione dei cittadini rispetto al tema in discussione, dall\u2019altro hanno mantenuto, fino alla conclusione dell\u2019incontro, una posizione evidentemente polemica, che \u00e8 stata espressa in varie forme: sminuendo la rilevanza e la potenzialit\u00e0 dell\u2019oggetto \u201cCentro Storico\u201d ai fini dello sviluppo socio-economico del paese, negando le criticit\u00e0 visibili a tutti, formulando messaggi decisamente squalificanti rivolti agli interlocutori presenti, \u201cscaricando\u201d sui cittadini le responsabilit\u00e0 per i problemi esistenti, \u201cribaltando\u201d su altri enti pubblici le responsabilit\u00e0 dei disservizi segnalati, \u201cuscendo dal seminato\u201d con digressioni su altri temi non pertinenti rispetto a quelli in esame. A fronte di ci\u00f2, i Promotori de <strong>\u201cLa Compagnia dell\u2019Umilt\u00e0\u201d<\/strong>, non hanno avuto altra possibilit\u00e0 che quella di ri-confermare pi\u00f9 volte, per la propria parte, i propri scopi sociali ed i propri intenti collaborativi. In conclusione dell\u2019incontro, dati gli obiettivi, la durata, il \u201cclima\u201d creato, l\u2019esigenza di \u201ctutelare\u201d i presenti rispetto all\u2019effettuazione di ulteriori interventi di taglio polemico o \u201cconfusivo\u201d, \u00e8 stato dato spazio solo a due interventi, effettuati dai presenti nel pubblico. Gli intervenuti hanno messo in evidenza, da un lato, l\u2019effettiva criticit\u00e0 delle condizioni del Centro Storico e, dall\u2019altro, l\u2019esigenza di sollecitare un maggiore impegno in questa direzione da parte di tutti i cittadini di Parabita.<\/p>\n<p><strong>L\u2019andamento \u201cfaticoso\u201d dell\u2019incontro, tuttavia, non ha minimamente scalfito la fiducia che i Promotori del Comitato nutrono nella possibilit\u00e0 che un rapporto collaborativo con gli attuali amministratori del paese sia realmente possibile e non, viceversa, solo formalmente \u201causpicato\u201d e mai veramente praticato. Siamo convinti che quanto accaduto possa rimanere un episodio \u201cisolato\u201d e continuiamo a cercare un confronto costruttivo e di merito con i nostri principali interlocutori. Non vorremmo mai ritrovarci a pensare che il mettere a disposizione degli attuali amministratori del paese competenze professionali, impegno e risorse di credibilit\u00e0 personale sia stato solo tempo inutilmente sprecato. Auspichiamo che ai cittadini di Parabita siano offerte le dovute occasioni per un\u2019autentica partecipazione alla soluzione dei problemi che li riguardano direttamente. Proprio il confronto con la \u201crealt\u00e0\u201d (politica, sociale, civile) del paese, in tutte le forme, positive o negative, in cui si manifesta, ci motiva a confermare l\u2019urgenza di continuare con determinazione sulla strada intrapresa: l\u2019\u201cumilt\u00e0\u201d, come valore-guida, per noi certamente significa proporci ed agire in spirito di collaborazione, ma anche con concretezza e finalizzazione. E\u2019 nostro obiettivo ottenere risultati concreti per il Centro Storico di Parabita e continueremo ad impegnarci per la \u201cgiusta causa\u201d che abbiamo scelto. <\/strong><\/p>\n<p>\u00a0<\/p>\n<p><strong>Patrizia Prete <\/strong>per <strong>\u201cLa Compagnia dell\u2019Umilt\u00e0<\/strong><strong>\u2013 <\/strong><strong>comitato di cittadini per il<\/strong><strong> <\/strong><strong>Centro Storico di Parabita<\/strong><strong>\u201d<\/strong><\/p>\n","protected":false},"excerpt":{"rendered":"<p>\u00a0 Luoghi\/ Salento &#8211; Parabita (Lecce) La Compagnia dell\u2019Umilt\u00e0 \u2013 comitato di cittadini per il Centro Storico di Parabita \u00a0<\/p>\n","protected":false},"author":1,"featured_media":0,"comment_status":"open","ping_status":"open","sticky":false,"template":"","format":"standard","meta":[],"categories":[30],"tags":[],"yoast_head":"<!-- This site is optimized with the Yoast SEO plugin v18.0 - https:\/\/yoast.com\/wordpress\/plugins\/seo\/ -->\n<title>La compagnia dell&#039;Umilt\u00e0. I cittadini per il centro storico di Parabita | Arte e Luoghi<\/title>\n<meta name=\"robots\" content=\"index, follow, max-snippet:-1, max-image-preview:large, max-video-preview:-1\" \/>\n<link rel=\"canonical\" href=\"https:\/\/arteeluoghi.it\/index.php\/2012\/03\/01\/la-compagnia-dellumilta-i-cittadini-per-il-centro-storico-di-parabita\/\" \/>\n<meta property=\"og:locale\" content=\"it_IT\" \/>\n<meta property=\"og:type\" content=\"article\" \/>\n<meta property=\"og:title\" content=\"La compagnia dell&#039;Umilt\u00e0. I cittadini per il centro storico di Parabita | Arte e Luoghi\" \/>\n<meta property=\"og:description\" content=\"\u00a0 Luoghi\/ Salento &#8211; Parabita (Lecce) La Compagnia dell\u2019Umilt\u00e0 \u2013 comitato di cittadini per il Centro Storico di Parabita \u00a0\" \/>\n<meta property=\"og:url\" content=\"https:\/\/arteeluoghi.it\/index.php\/2012\/03\/01\/la-compagnia-dellumilta-i-cittadini-per-il-centro-storico-di-parabita\/\" \/>\n<meta property=\"og:site_name\" content=\"Arte e Luoghi\" \/>\n<meta property=\"article:publisher\" content=\"https:\/\/www.facebook.com\/ArteELuoghi\/\" \/>\n<meta property=\"article:published_time\" content=\"2012-03-01T16:22:46+00:00\" \/>\n<meta property=\"article:modified_time\" content=\"2017-08-14T02:05:32+00:00\" \/>\n<meta property=\"og:image\" content=\"https:\/\/arteeluoghi.it\/images\/stories\/chiesa%20maria%20Ss.%20immacolataparabita.JPG\" \/>\n<meta name=\"twitter:card\" content=\"summary\" \/>\n<meta name=\"twitter:creator\" content=\"@arteeluoghi\" \/>\n<meta name=\"twitter:site\" content=\"@arteeluoghi\" \/>\n<meta name=\"twitter:label1\" content=\"Scritto da\" \/>\n\t<meta name=\"twitter:data1\" content=\"Staff\" \/>\n\t<meta name=\"twitter:label2\" content=\"Tempo di lettura stimato\" \/>\n\t<meta name=\"twitter:data2\" content=\"5 minuti\" \/>\n<script type=\"application\/ld+json\" class=\"yoast-schema-graph\">{\"@context\":\"https:\/\/schema.org\",\"@graph\":[{\"@type\":\"Organization\",\"@id\":\"https:\/\/arteeluoghi.it\/#organization\",\"name\":\"Arte e Luoghi\",\"url\":\"https:\/\/arteeluoghi.it\/\",\"sameAs\":[\"https:\/\/www.facebook.com\/ArteELuoghi\/\",\"https:\/\/www.instagram.com\/arteeluoghi\/?hl=it\",\"https:\/\/www.youtube.com\/channel\/UCuRVc4JW4-C5sg9rQB-srkw?view_as=subscriber\",\"https:\/\/twitter.com\/arteeluoghi\"],\"logo\":{\"@type\":\"ImageObject\",\"@id\":\"https:\/\/arteeluoghi.it\/#logo\",\"inLanguage\":\"it-IT\",\"url\":\"https:\/\/arteeluoghi.it\/wp-content\/uploads\/2018\/08\/logoinstagramarte.jpg\",\"contentUrl\":\"https:\/\/arteeluoghi.it\/wp-content\/uploads\/2018\/08\/logoinstagramarte.jpg\",\"width\":150,\"height\":150,\"caption\":\"Arte e Luoghi\"},\"image\":{\"@id\":\"https:\/\/arteeluoghi.it\/#logo\"}},{\"@type\":\"WebSite\",\"@id\":\"https:\/\/arteeluoghi.it\/#website\",\"url\":\"https:\/\/arteeluoghi.it\/\",\"name\":\"Arte e Luoghi\",\"description\":\"Mensile di arte, cultura, turismo e curiosit\u00e0\",\"publisher\":{\"@id\":\"https:\/\/arteeluoghi.it\/#organization\"},\"potentialAction\":[{\"@type\":\"SearchAction\",\"target\":{\"@type\":\"EntryPoint\",\"urlTemplate\":\"https:\/\/arteeluoghi.it\/?s={search_term_string}\"},\"query-input\":\"required name=search_term_string\"}],\"inLanguage\":\"it-IT\"},{\"@type\":\"ImageObject\",\"@id\":\"https:\/\/arteeluoghi.it\/index.php\/2012\/03\/01\/la-compagnia-dellumilta-i-cittadini-per-il-centro-storico-di-parabita\/#primaryimage\",\"inLanguage\":\"it-IT\",\"url\":\"\/images\/stories\/chiesa maria Ss. immacolataparabita.JPG\",\"contentUrl\":\"\/images\/stories\/chiesa maria Ss. immacolataparabita.JPG\"},{\"@type\":\"WebPage\",\"@id\":\"https:\/\/arteeluoghi.it\/index.php\/2012\/03\/01\/la-compagnia-dellumilta-i-cittadini-per-il-centro-storico-di-parabita\/#webpage\",\"url\":\"https:\/\/arteeluoghi.it\/index.php\/2012\/03\/01\/la-compagnia-dellumilta-i-cittadini-per-il-centro-storico-di-parabita\/\",\"name\":\"La compagnia dell'Umilt\u00e0. I cittadini per il centro storico di Parabita | Arte e Luoghi\",\"isPartOf\":{\"@id\":\"https:\/\/arteeluoghi.it\/#website\"},\"primaryImageOfPage\":{\"@id\":\"https:\/\/arteeluoghi.it\/index.php\/2012\/03\/01\/la-compagnia-dellumilta-i-cittadini-per-il-centro-storico-di-parabita\/#primaryimage\"},\"datePublished\":\"2012-03-01T16:22:46+00:00\",\"dateModified\":\"2017-08-14T02:05:32+00:00\",\"breadcrumb\":{\"@id\":\"https:\/\/arteeluoghi.it\/index.php\/2012\/03\/01\/la-compagnia-dellumilta-i-cittadini-per-il-centro-storico-di-parabita\/#breadcrumb\"},\"inLanguage\":\"it-IT\",\"potentialAction\":[{\"@type\":\"ReadAction\",\"target\":[\"https:\/\/arteeluoghi.it\/index.php\/2012\/03\/01\/la-compagnia-dellumilta-i-cittadini-per-il-centro-storico-di-parabita\/\"]}]},{\"@type\":\"BreadcrumbList\",\"@id\":\"https:\/\/arteeluoghi.it\/index.php\/2012\/03\/01\/la-compagnia-dellumilta-i-cittadini-per-il-centro-storico-di-parabita\/#breadcrumb\",\"itemListElement\":[{\"@type\":\"ListItem\",\"position\":1,\"name\":\"Home\",\"item\":\"https:\/\/arteeluoghi.it\/\"},{\"@type\":\"ListItem\",\"position\":2,\"name\":\"La compagnia dell&#8217;Umilt\u00e0. I cittadini per il centro storico di Parabita\"}]},{\"@type\":\"Article\",\"@id\":\"https:\/\/arteeluoghi.it\/index.php\/2012\/03\/01\/la-compagnia-dellumilta-i-cittadini-per-il-centro-storico-di-parabita\/#article\",\"isPartOf\":{\"@id\":\"https:\/\/arteeluoghi.it\/index.php\/2012\/03\/01\/la-compagnia-dellumilta-i-cittadini-per-il-centro-storico-di-parabita\/#webpage\"},\"author\":{\"@id\":\"https:\/\/arteeluoghi.it\/#\/schema\/person\/f84e814e36e91e01448ee07eaadd41d4\"},\"headline\":\"La compagnia dell&#8217;Umilt\u00e0. I cittadini per il centro storico di Parabita\",\"datePublished\":\"2012-03-01T16:22:46+00:00\",\"dateModified\":\"2017-08-14T02:05:32+00:00\",\"mainEntityOfPage\":{\"@id\":\"https:\/\/arteeluoghi.it\/index.php\/2012\/03\/01\/la-compagnia-dellumilta-i-cittadini-per-il-centro-storico-di-parabita\/#webpage\"},\"wordCount\":1091,\"commentCount\":0,\"publisher\":{\"@id\":\"https:\/\/arteeluoghi.it\/#organization\"},\"image\":{\"@id\":\"https:\/\/arteeluoghi.it\/index.php\/2012\/03\/01\/la-compagnia-dellumilta-i-cittadini-per-il-centro-storico-di-parabita\/#primaryimage\"},\"thumbnailUrl\":\"\/images\/stories\/chiesa maria Ss. immacolataparabita.JPG\",\"articleSection\":[\"Turismo | geografica-mente\"],\"inLanguage\":\"it-IT\",\"potentialAction\":[{\"@type\":\"CommentAction\",\"name\":\"Comment\",\"target\":[\"https:\/\/arteeluoghi.it\/index.php\/2012\/03\/01\/la-compagnia-dellumilta-i-cittadini-per-il-centro-storico-di-parabita\/#respond\"]}]},{\"@type\":\"Person\",\"@id\":\"https:\/\/arteeluoghi.it\/#\/schema\/person\/f84e814e36e91e01448ee07eaadd41d4\",\"name\":\"Staff\",\"image\":{\"@type\":\"ImageObject\",\"@id\":\"https:\/\/arteeluoghi.it\/#personlogo\",\"inLanguage\":\"it-IT\",\"url\":\"https:\/\/secure.gravatar.com\/avatar\/49d2f9e46271bb04e19cebfaf141313a?s=96&d=blank&r=g\",\"contentUrl\":\"https:\/\/secure.gravatar.com\/avatar\/49d2f9e46271bb04e19cebfaf141313a?s=96&d=blank&r=g\",\"caption\":\"Staff\"}}]}<\/script>\n<!-- \/ Yoast SEO plugin. -->","yoast_head_json":{"title":"La compagnia dell'Umilt\u00e0. I cittadini per il centro storico di Parabita | Arte e Luoghi","robots":{"index":"index","follow":"follow","max-snippet":"max-snippet:-1","max-image-preview":"max-image-preview:large","max-video-preview":"max-video-preview:-1"},"canonical":"https:\/\/arteeluoghi.it\/index.php\/2012\/03\/01\/la-compagnia-dellumilta-i-cittadini-per-il-centro-storico-di-parabita\/","og_locale":"it_IT","og_type":"article","og_title":"La compagnia dell'Umilt\u00e0. I cittadini per il centro storico di Parabita | Arte e Luoghi","og_description":"\u00a0 Luoghi\/ Salento &#8211; Parabita (Lecce) La Compagnia dell\u2019Umilt\u00e0 \u2013 comitato di cittadini per il Centro Storico di Parabita \u00a0","og_url":"https:\/\/arteeluoghi.it\/index.php\/2012\/03\/01\/la-compagnia-dellumilta-i-cittadini-per-il-centro-storico-di-parabita\/","og_site_name":"Arte e Luoghi","article_publisher":"https:\/\/www.facebook.com\/ArteELuoghi\/","article_published_time":"2012-03-01T16:22:46+00:00","article_modified_time":"2017-08-14T02:05:32+00:00","og_image":[{"url":"https:\/\/arteeluoghi.it\/images\/stories\/chiesa maria Ss. immacolataparabita.JPG"}],"twitter_card":"summary","twitter_creator":"@arteeluoghi","twitter_site":"@arteeluoghi","twitter_misc":{"Scritto da":"Staff","Tempo di lettura stimato":"5 minuti"},"schema":{"@context":"https:\/\/schema.org","@graph":[{"@type":"Organization","@id":"https:\/\/arteeluoghi.it\/#organization","name":"Arte e Luoghi","url":"https:\/\/arteeluoghi.it\/","sameAs":["https:\/\/www.facebook.com\/ArteELuoghi\/","https:\/\/www.instagram.com\/arteeluoghi\/?hl=it","https:\/\/www.youtube.com\/channel\/UCuRVc4JW4-C5sg9rQB-srkw?view_as=subscriber","https:\/\/twitter.com\/arteeluoghi"],"logo":{"@type":"ImageObject","@id":"https:\/\/arteeluoghi.it\/#logo","inLanguage":"it-IT","url":"https:\/\/arteeluoghi.it\/wp-content\/uploads\/2018\/08\/logoinstagramarte.jpg","contentUrl":"https:\/\/arteeluoghi.it\/wp-content\/uploads\/2018\/08\/logoinstagramarte.jpg","width":150,"height":150,"caption":"Arte e Luoghi"},"image":{"@id":"https:\/\/arteeluoghi.it\/#logo"}},{"@type":"WebSite","@id":"https:\/\/arteeluoghi.it\/#website","url":"https:\/\/arteeluoghi.it\/","name":"Arte e Luoghi","description":"Mensile di arte, cultura, turismo e curiosit\u00e0","publisher":{"@id":"https:\/\/arteeluoghi.it\/#organization"},"potentialAction":[{"@type":"SearchAction","target":{"@type":"EntryPoint","urlTemplate":"https:\/\/arteeluoghi.it\/?s={search_term_string}"},"query-input":"required name=search_term_string"}],"inLanguage":"it-IT"},{"@type":"ImageObject","@id":"https:\/\/arteeluoghi.it\/index.php\/2012\/03\/01\/la-compagnia-dellumilta-i-cittadini-per-il-centro-storico-di-parabita\/#primaryimage","inLanguage":"it-IT","url":"\/images\/stories\/chiesa maria Ss. immacolataparabita.JPG","contentUrl":"\/images\/stories\/chiesa maria Ss. immacolataparabita.JPG"},{"@type":"WebPage","@id":"https:\/\/arteeluoghi.it\/index.php\/2012\/03\/01\/la-compagnia-dellumilta-i-cittadini-per-il-centro-storico-di-parabita\/#webpage","url":"https:\/\/arteeluoghi.it\/index.php\/2012\/03\/01\/la-compagnia-dellumilta-i-cittadini-per-il-centro-storico-di-parabita\/","name":"La compagnia dell'Umilt\u00e0. I cittadini per il centro storico di Parabita | Arte e Luoghi","isPartOf":{"@id":"https:\/\/arteeluoghi.it\/#website"},"primaryImageOfPage":{"@id":"https:\/\/arteeluoghi.it\/index.php\/2012\/03\/01\/la-compagnia-dellumilta-i-cittadini-per-il-centro-storico-di-parabita\/#primaryimage"},"datePublished":"2012-03-01T16:22:46+00:00","dateModified":"2017-08-14T02:05:32+00:00","breadcrumb":{"@id":"https:\/\/arteeluoghi.it\/index.php\/2012\/03\/01\/la-compagnia-dellumilta-i-cittadini-per-il-centro-storico-di-parabita\/#breadcrumb"},"inLanguage":"it-IT","potentialAction":[{"@type":"ReadAction","target":["https:\/\/arteeluoghi.it\/index.php\/2012\/03\/01\/la-compagnia-dellumilta-i-cittadini-per-il-centro-storico-di-parabita\/"]}]},{"@type":"BreadcrumbList","@id":"https:\/\/arteeluoghi.it\/index.php\/2012\/03\/01\/la-compagnia-dellumilta-i-cittadini-per-il-centro-storico-di-parabita\/#breadcrumb","itemListElement":[{"@type":"ListItem","position":1,"name":"Home","item":"https:\/\/arteeluoghi.it\/"},{"@type":"ListItem","position":2,"name":"La compagnia dell&#8217;Umilt\u00e0. I cittadini per il centro storico di Parabita"}]},{"@type":"Article","@id":"https:\/\/arteeluoghi.it\/index.php\/2012\/03\/01\/la-compagnia-dellumilta-i-cittadini-per-il-centro-storico-di-parabita\/#article","isPartOf":{"@id":"https:\/\/arteeluoghi.it\/index.php\/2012\/03\/01\/la-compagnia-dellumilta-i-cittadini-per-il-centro-storico-di-parabita\/#webpage"},"author":{"@id":"https:\/\/arteeluoghi.it\/#\/schema\/person\/f84e814e36e91e01448ee07eaadd41d4"},"headline":"La compagnia dell&#8217;Umilt\u00e0. I cittadini per il centro storico di Parabita","datePublished":"2012-03-01T16:22:46+00:00","dateModified":"2017-08-14T02:05:32+00:00","mainEntityOfPage":{"@id":"https:\/\/arteeluoghi.it\/index.php\/2012\/03\/01\/la-compagnia-dellumilta-i-cittadini-per-il-centro-storico-di-parabita\/#webpage"},"wordCount":1091,"commentCount":0,"publisher":{"@id":"https:\/\/arteeluoghi.it\/#organization"},"image":{"@id":"https:\/\/arteeluoghi.it\/index.php\/2012\/03\/01\/la-compagnia-dellumilta-i-cittadini-per-il-centro-storico-di-parabita\/#primaryimage"},"thumbnailUrl":"\/images\/stories\/chiesa maria Ss. immacolataparabita.JPG","articleSection":["Turismo | geografica-mente"],"inLanguage":"it-IT","potentialAction":[{"@type":"CommentAction","name":"Comment","target":["https:\/\/arteeluoghi.it\/index.php\/2012\/03\/01\/la-compagnia-dellumilta-i-cittadini-per-il-centro-storico-di-parabita\/#respond"]}]},{"@type":"Person","@id":"https:\/\/arteeluoghi.it\/#\/schema\/person\/f84e814e36e91e01448ee07eaadd41d4","name":"Staff","image":{"@type":"ImageObject","@id":"https:\/\/arteeluoghi.it\/#personlogo","inLanguage":"it-IT","url":"https:\/\/secure.gravatar.com\/avatar\/49d2f9e46271bb04e19cebfaf141313a?s=96&d=blank&r=g","contentUrl":"https:\/\/secure.gravatar.com\/avatar\/49d2f9e46271bb04e19cebfaf141313a?s=96&d=blank&r=g","caption":"Staff"}}]}},"_links":{"self":[{"href":"https:\/\/arteeluoghi.it\/index.php\/wp-json\/wp\/v2\/posts\/579"}],"collection":[{"href":"https:\/\/arteeluoghi.it\/index.php\/wp-json\/wp\/v2\/posts"}],"about":[{"href":"https:\/\/arteeluoghi.it\/index.php\/wp-json\/wp\/v2\/types\/post"}],"author":[{"embeddable":true,"href":"https:\/\/arteeluoghi.it\/index.php\/wp-json\/wp\/v2\/users\/1"}],"replies":[{"embeddable":true,"href":"https:\/\/arteeluoghi.it\/index.php\/wp-json\/wp\/v2\/comments?post=579"}],"version-history":[{"count":1,"href":"https:\/\/arteeluoghi.it\/index.php\/wp-json\/wp\/v2\/posts\/579\/revisions"}],"predecessor-version":[{"id":3453,"href":"https:\/\/arteeluoghi.it\/index.php\/wp-json\/wp\/v2\/posts\/579\/revisions\/3453"}],"wp:attachment":[{"href":"https:\/\/arteeluoghi.it\/index.php\/wp-json\/wp\/v2\/media?parent=579"}],"wp:term":[{"taxonomy":"category","embeddable":true,"href":"https:\/\/arteeluoghi.it\/index.php\/wp-json\/wp\/v2\/categories?post=579"},{"taxonomy":"post_tag","embeddable":true,"href":"https:\/\/arteeluoghi.it\/index.php\/wp-json\/wp\/v2\/tags?post=579"}],"curies":[{"name":"wp","href":"https:\/\/api.w.org\/{rel}","templated":true}]}}