{"id":5805,"date":"2018-07-25T00:26:57","date_gmt":"2018-07-24T22:26:57","guid":{"rendered":"http:\/\/arteeluoghi.it\/?p=5805"},"modified":"2018-07-25T00:26:57","modified_gmt":"2018-07-24T22:26:57","slug":"libri-mostre-seminari-tanta-musica-nella-marina-di-san-cataldo-torna-a-lecce-il-sei-sud-est-indipendente-festival","status":"publish","type":"post","link":"https:\/\/arteeluoghi.it\/index.php\/2018\/07\/25\/libri-mostre-seminari-tanta-musica-nella-marina-di-san-cataldo-torna-a-lecce-il-sei-sud-est-indipendente-festival\/","title":{"rendered":"Libri, mostre, seminari  tanta musica nella marina di San Cataldo. Torna a Lecce il SEI, Sud Est Indipendente festival"},"content":{"rendered":"<div align=\"justify\"><span style=\"font-family: verdana, sans-serif;\"><b><img loading=\"lazy\" class=\"size-medium wp-image-5808 alignleft\" src=\"https:\/\/arteeluoghi.it\/wp-content\/uploads\/2018\/07\/Leonardo-Palmisano-300x300.jpg\" alt=\"\" width=\"300\" height=\"300\" srcset=\"https:\/\/arteeluoghi.it\/wp-content\/uploads\/2018\/07\/Leonardo-Palmisano-300x300.jpg 300w, https:\/\/arteeluoghi.it\/wp-content\/uploads\/2018\/07\/Leonardo-Palmisano-150x150.jpg 150w, https:\/\/arteeluoghi.it\/wp-content\/uploads\/2018\/07\/Leonardo-Palmisano.jpg 480w\" sizes=\"(max-width: 300px) 100vw, 300px\" \/>LECCE. Da gioved\u00ec 26 a domenica 29 luglio<\/b>\u00a0a\u00a0<b>San Cataldo e Lecce<\/b>, il\u00a0<b>Sud Est Indipendente<\/b>, festival, ideato, organizzato e promosso dalla\u00a0<b>Cooperativa CoolClub<\/b>, con la direzione artistica di\u00a0<b>Cesare Liaci<\/b>, oltre a quattro serate in musica con le esibizioni di alcune tra le pi\u00f9 interessanti realt\u00e0 della giovane scena rock, cantautorale ed elettronica italiana (Bud Spencer Blues Explosion, Coma_Cose, Galeffi, Eugenio In Via di Gioia, Andrea Poggio, Siberia, La R\u00e9p\u00e9tition &#8211; Orchestra senza confini, Gigante, Muffx, Carmine Tundo, Makai, Minimanimalist, Le Scimmie sulla Luna, Blumosso), accoglier\u00e0 presentazioni di libri (<b>Carlo D&#8217;Amicis<\/b>,\u00a0<b>Leonardo Palmisano<\/b>,\u00a0<b>Lamantice<\/b>,\u00a0<b>Matteo Casilli<\/b>,\u00a0<b>Adelmo Monachese<\/b>,\u00a0<b>Dino Mignogna<\/b>,\u00a0<b>Roberto Guido<\/b>), seminari e workshop (<b>Gianluca Testani<\/b>,\u00a0<b>Fabrizio Galassi\u00a0<\/b>e\u00a0<b>Leonello Bertolucci<\/b>), mostre, installazioni e appuntamenti per i pi\u00f9 piccoli (Kids Rock!, le mostra fotografica &#8220;La Puglia e il Rock&#8221;, le illustrazioni del collettivo Lamantice e di Andy Trema, autrice del manifesto d&#8217;artista del Sei 2018, Artbit &#8211; Installazione sensoriale a cura di Swapmuseum e Poiesis) e una serie di attivit\u00e0 dedicate all&#8217;accessibilit\u00e0 (Mappa tattile dell&#8217;Ostello del Sole, Programma del festival in Braille e ad alta leggibilit\u00e0).\u00a0<!--more--><br \/>\n<b>Gioved\u00ec 26 luglio dalle 19.30<\/b>\u00a0nell&#8217;<b>Ostello del Sole<\/b>\u00a0di\u00a0<b>San Cataldo<\/b>\u00a0di Lecce presentazione de &#8220;<b>Lamantice<\/b>&#8220;, una rivista indipendente, fondata da un gruppo di disegnatori salentini, pubblicata da Ergot. A seguire il fotografo\u00a0<b>Matteo Casilli\u00a0<\/b>con il suo libro\u00a0<b>Musician<\/b>. Il progetto \u00e8 il racconto di una musica senza confini o generi assegnati, rappresentazione di un\u2019armonia libera che vibra tra le corde dell\u2019underground, dell\u2019indie e anche tra i grandi nomi della scena nazionale. A seguire (ingresso libero)<b>\u00a0<\/b>spazio alla musica con<b>\u00a0Minimanimalist,\u00a0<\/b><b>Muffx,\u00a0Carmine Tundo e Makai<\/b>.<b><br \/>\n<\/b><b><img loading=\"lazy\" class=\"size-medium wp-image-5807 alignright\" src=\"https:\/\/arteeluoghi.it\/wp-content\/uploads\/2018\/07\/CARLO-DAMICIS-300x169.jpg\" alt=\"\" width=\"300\" height=\"169\" srcset=\"https:\/\/arteeluoghi.it\/wp-content\/uploads\/2018\/07\/CARLO-DAMICIS-300x169.jpg 300w, https:\/\/arteeluoghi.it\/wp-content\/uploads\/2018\/07\/CARLO-DAMICIS-768x432.jpg 768w, https:\/\/arteeluoghi.it\/wp-content\/uploads\/2018\/07\/CARLO-DAMICIS-1024x576.jpg 1024w, https:\/\/arteeluoghi.it\/wp-content\/uploads\/2018\/07\/CARLO-DAMICIS.jpg 1920w\" sizes=\"(max-width: 300px) 100vw, 300px\" \/>Venerd\u00ec 27 luglio<\/b>\u00a0<b>dalle 10 alle 13\u00a0<\/b>(<i>ingresso libero<\/i>) alle\u00a0<b>Officine Culturali Ergot<\/b>\u00a0di\u00a0<b>Lecce<\/b>\u00a0primo dei due appuntamenti promossi in collaborazione con l&#8217;Ordine dei giornalisti della Puglia (validi per i crediti formativi). Il direttore editoriale di Arcana,\u00a0<b>Gianluca Testani<\/b>, terr\u00e0 un incontro dal titolo &#8220;<b>Da dipendente a indipendente. L&#8217;editoria musicale in Italia<\/b>&#8220;.\u00a0<b>Dalle 19.30 alle 22<\/b>\u00a0(ingresso libero) sul Lungomare Amerigo Vespucci di San Cataldo di Lecce (negli spazi esterni del\u00a0<b>Lido York<\/b>) spazio ai libri con\u00a0<b>Il gioco<\/b>\u00a0di\u00a0<b>Carlo d&#8217;Amicis<\/b>, finalista al Premio Strega 2018, pubblicato da Mondadori, che dialogher\u00e0 con la scrittrice Elisabetta Liguori e con Antonella Agnoli (assessore alla cultura, creativit\u00e0 e valorizzazione del patrimonio culturale del Comune di Lecce). La cosa pi\u00f9 affascinante del sesso non \u00e8 il sesso, ma tutto ci\u00f2 che gli ruota attorno: in una sola parola, la vita. \u00c8 per questo che Leonardo, Eva e Giorgio, dovendo parlare di sesso, raccontano le rispettive esistenze (audaci e innocenti allo stesso tempo) a un intervistatore che vorrebbe scrivere un libro sul piacere, e che invece si ritrova in continuazione a fare i conti con il loro dolore. A seguire &#8220;<b>Song analysis. St<\/b><\/span><\/div>\n<div align=\"justify\"><span style=\"font-family: verdana, sans-serif;\"><b>rumenti di analisi musicale per la pop music<\/b>&#8221; di\u00a0<b>Dino Mignogna<\/b>\u00a0(Arcana) che dialogher\u00e0 con\u00a0<b>Laura Rizzo<\/b>\u00a0(critica musicale) e\u00a0\u00a0<b>Gianluca Testani<\/b>\u00a0(direttore editoriale Arcana). Il musicista e didatta ci introduce ai meccanismi base delle produzioni pop, incluse quelle destinate alla sonorizzazione di immagini. Il tutto attraverso l&#8217;analisi di brani di grande successo, visti con gli occhi del produttore musicale, a partire dai quali sono proposte numerose considerazioni di carattere musicale, tecnico e artistico. Dalle 22 (ingresso 10 euro) nell&#8217;Ostello del Sole si esibiranno\u00a0<b>Le Scimmie sulla Luna, Siberia, Gigante, Galeffi<\/b>e<b>\u00a0Bud Spencer Blues Explosion<\/b>.<\/p>\n<p><\/span><\/div>\n<p>&nbsp;<\/p>\n<div align=\"justify\"><span style=\"font-family: verdana, sans-serif;\"><b>Sabato 28 luglio\u00a0<\/b>dalle 9.30 al via il workshop (info e iscrizioni 3348615548 &#8211;\u00a0<a class=\"m_9108048920508229799m_649464839525991212moz-txt-link-abbreviated\" href=\"mailto:info@fotoscuolalecce.it\" target=\"_blank\" rel=\"noopener\">info@fotoscuolalecce.it<\/a>) &#8220;La fotografia di spettacolo. Pratica operativa, narrazione ed estetica nella fotografia di scena&#8221; a cura di Leonello Bertolucci, promosso da\u00a0<b>Foto Scuola Lecce<\/b>\u00a0in collaborazione con il Sud Est Indipendente.\u00a0<b>Dalle 10 alle 13<\/b>\u00a0secondo incontro promosso in collaborazione con l&#8217;Ordine dei giornalisti della Puglia (valido per i crediti formativi). Il giornalista, docente e consulente media digitali e web journalism Fabrizio Galassi terr\u00e0 un seminario su &#8220;<b>Ufficio stampa e promozione della musica al tempo dei social<\/b>&#8220;.\u00a0<b>Dalle 19.30<\/b>\u00a0(ingresso libero) si torna a\u00a0<b>San Cataldo\u00a0<\/b>su Lungomare Amerigo Vespucci (Lido York) per &#8220;Tutto torna. Il primo caso del bandito Mazzacani&#8221;, nuovo romanzo del giornalista e scrittore<b>Leonardo Palmisano<\/b><b>\u00a0<\/b>(Fandango) che dialogher\u00e0 con la giornalista\u00a0<b>AnnaChiara Pennetta<\/b>. Maria, l&#8217;adorata nipotina del boss sdentino Nino De Guido, detto &#8216;Zi Nino, \u00e8 stata rapita. Un solo uomo pu\u00f2 ritrovarla, uno a cui non \u00e8 rimasto niente da perdere perch\u00e9 ha gi\u00e0 perso tutto, un fantasma. Mazzacani \u00e8 un bandito, un cane sciolto, uno che non si \u00e8 mai affiliato alla Sacra Corona Unita, e per questo \u00e8 stato punito.\u00a0<b>Dalle 20.45<\/b>\u00a0spazio alla satira di\u00a0<b>Adelmo Monachese<\/b>, tra i fondatori del collettivo Lercio.it e attualmente collaboratore di Calciatoribrutti.com, Libreriamo.it e Acidolattico.org. che presenter\u00e0 il monologo &#8220;Come preparare un attentato al piccolo principe e altri grandi classici per ridere leggendo, leggere ridendo all\u2019infinito (e al gerundio)&#8221;. A seguire la musica con il duo composto dalla cantante<b>Serena Spedicato<\/b>\u00a0e dal cantante e chitarrista\u00a0<b>S<\/b><b>alvatore Casaluce<\/b>, per un viaggio tra cantautorato e jazz. Dalle 22 (ingresso 10 euro) nell&#8217;Ostello del Sole) ancora musica live con\u00a0<b>Blumosso, Andrea Poggio, Eugenio in via di Gioia e Coma_Cose<\/b>.<b><br \/>\n<\/b><\/span><\/div>\n<div align=\"justify\"><span style=\"font-family: verdana, sans-serif;\"><b>Domenica 29 luglio\u00a0<\/b>serata finale e gratuita all&#8217;<b>Ostello del Sole di San Cataldo<\/b>. Si parte\u00a0<b>alle 20<\/b>\u00a0con la presentazione del volume &#8220;<b>C<\/b><b>iclovia dell&#8217;Acquedotto Pugliese. Cicloesplorazione da Caposele a Santa Maria di Leuca<\/b>&#8221; del giornalista\u00a0<b>Roberto Guido<\/b>\u00a0(Ediciclo Editore). La Ciclovia dell\u2019Acquedotto Pugliese \u00e8 uno straordinario itinerario, tra storia e natura, nell\u2019Italia interna del Sud. Il percorso si snoda tra Campania, Basilicata e Puglia, lungo le tracce storiche del pi\u00f9 grande acquedotto d\u2019Europa. Si pedala \u201csull\u2019acqua\u201d per 500 chilometri, dall\u2019Irpinia al Salento, passando per il Vulture, l\u2019Alta Murgia e la Valle d\u2019Itria, attraverso un percorso che mette insieme il fascino dei luoghi con l\u2019opera dell\u2019uomo, producendo bellezza. Si segue la condotta storica dell\u2019Acquedotto Pugliese, realizzata tra il 1906 e il 1939, un\u2019opera magnifica di pregiata archeologia industriale. Pedalando su strade secondarie e sentieri sterrati, un perfetto itinerario gravel, si attraversano borghi arroccati e incantevoli citt\u00e0 del Mezzogiorno ma anche straordinari ambienti naturali. Da Caposele a Santa Maria di Leuca \u00e8 un susseguirsi di emozioni, suddivise in nove tappe, che culminano nell\u2019arrivo trionfale davanti alla Cascata Monumentale, nel cuore del Mediterraneo.<b>\u00a0Dalle 21.30\u00a0<\/b>concerto in anteprima de &#8220;<b>La R\u00e9p\u00e9tition &#8211; Orchestra senza Confini<\/b>&#8221; diretta da\u00a0<b>Giovanni Martella<\/b>\u00a0e\u00a0<b>Claudio Prima<\/b>.<\/p>\n<p>Dopo la quattro giorni di San Cataldo il festival proporr\u00e0\u00a0<b>Hollie Cook<\/b>\u00a0(sabato 4 agosto al Castello Volante di Corigliano d&#8217;Otranto),\u00a0<b>Cosmo<\/b>\u00a0(gioved\u00ec 9 agosto in Piazza Libertini a Lecce),\u00a0<b>Bombino<\/b>\u00a0(sabato 18 agosto nel Mercatino delle arti e delle etnie di Lecce) e altri ospiti che saranno annunciati nelle prossime settimane.<\/span><\/div>\n<div align=\"justify\"><span style=\"font-family: verdana, sans-serif;\">Il Festival, vincitore per il secondo anno consecutivo del bando \u201c<b>S\u2019illumina<\/b>\u201d di\u00a0<b>Mibac<\/b>\u00a0e\u00a0<b>Siae<\/b>, \u00e8 finanziato dalla\u00a0<b>Regione Puglia<\/b>\u00a0nell\u2019ambito dell\u2019Avviso pubblico per lo Spettacolo e le Attivit\u00e0 culturali FSC 2014-2020 \u2013 Patto per la Puglia e, per la prima volta, \u00e8 sostenuto anche dal\u00a0<b>Fus &#8211; Fondo Unico dello Spettacolo del Mibac<\/b>. Organizzato con il patrocinio dei Comuni di Lecce e Corigliano d\u2019Otranto e del Distretto\u00a0 Produttivo Puglia Creativa, il Sei coinvolge un ricco partenariato con Fermenti Lattici, Poiesis, Swap Museum, Sum, Km97, Manigold e con i media partner SentireAscoltare, BlogFoolk e Radio Wau. La dodicesima edizione del Sud Est Indipendente Festival \u00e8 realizzata anche grazie alla collaborazione di due sponsor che hanno sposato e sostenuto il progetto: il gruppo\u00a0<b>Vestas Hotel &amp; Resor<\/b>t con il quale sono stati ideati pacchetti di accoglienza per i turisti che seguiranno i concerti del festival e il\u00a0<b>Birrificio B94<\/b>\u00a0che ha realizzato una produzione esclusiva di birre artigianali a marchio SEI.<\/span><\/div>\n<div align=\"justify\"><span style=\"font-family: verdana, sans-serif;\">(fonte: comunicato stampa)<\/p>\n<p><\/span><\/p>\n<div style=\"text-align: left;\" align=\"center\"><span style=\"font-family: verdana, sans-serif;\">Prevendite e abbonamenti nei circuiti<br \/>\nBookingShow e VivaTicket<\/p>\n<p>Info 3331803375 &#8211;\u00a0<a href=\"http:\/\/seifestival.it\/\" target=\"_blank\" rel=\"noopener\" data-saferedirecturl=\"https:\/\/www.google.com\/url?hl=it&amp;q=http:\/\/seifestival.it&amp;source=gmail&amp;ust=1532546841776000&amp;usg=AFQjCNHN9EOPMKr_8w0yhVlADrWZXRhOAg\">seifestival.it<\/a><br \/>\n#seifestival<\/span><\/div>\n<\/div>\n","protected":false},"excerpt":{"rendered":"<p>LECCE. Da gioved\u00ec 26 a domenica 29 luglio\u00a0a\u00a0San Cataldo e Lecce, il\u00a0Sud Est Indipendente, festival, ideato, organizzato e promosso dalla\u00a0Cooperativa<\/p>\n","protected":false},"author":1,"featured_media":5806,"comment_status":"open","ping_status":"open","sticky":false,"template":"","format":"standard","meta":[],"categories":[27,17,12],"tags":[134,1188,1187],"yoast_head":"<!-- This site is optimized with the Yoast SEO plugin v18.0 - https:\/\/yoast.com\/wordpress\/plugins\/seo\/ -->\n<title>Libri, mostre, seminari tanta musica nella marina di San Cataldo. Torna a Lecce il SEI, Sud Est Indipendente festival | Arte e Luoghi<\/title>\n<meta name=\"robots\" content=\"index, follow, max-snippet:-1, max-image-preview:large, max-video-preview:-1\" \/>\n<link rel=\"canonical\" href=\"https:\/\/arteeluoghi.it\/index.php\/2018\/07\/25\/libri-mostre-seminari-tanta-musica-nella-marina-di-san-cataldo-torna-a-lecce-il-sei-sud-est-indipendente-festival\/\" \/>\n<meta property=\"og:locale\" content=\"it_IT\" \/>\n<meta property=\"og:type\" content=\"article\" \/>\n<meta property=\"og:title\" content=\"Libri, mostre, seminari tanta musica nella marina di San Cataldo. Torna a Lecce il SEI, Sud Est Indipendente festival | Arte e Luoghi\" \/>\n<meta property=\"og:description\" content=\"LECCE. Da gioved\u00ec 26 a domenica 29 luglio\u00a0a\u00a0San Cataldo e Lecce, il\u00a0Sud Est Indipendente, festival, ideato, organizzato e promosso dalla\u00a0Cooperativa\" \/>\n<meta property=\"og:url\" content=\"https:\/\/arteeluoghi.it\/index.php\/2018\/07\/25\/libri-mostre-seminari-tanta-musica-nella-marina-di-san-cataldo-torna-a-lecce-il-sei-sud-est-indipendente-festival\/\" \/>\n<meta property=\"og:site_name\" content=\"Arte e Luoghi\" \/>\n<meta property=\"article:publisher\" content=\"https:\/\/www.facebook.com\/ArteELuoghi\/\" \/>\n<meta property=\"article:published_time\" content=\"2018-07-24T22:26:57+00:00\" \/>\n<meta property=\"og:image\" content=\"https:\/\/arteeluoghi.it\/wp-content\/uploads\/2018\/07\/Adelmo-Monachese.jpg\" \/>\n\t<meta property=\"og:image:width\" content=\"787\" \/>\n\t<meta property=\"og:image:height\" content=\"438\" \/>\n\t<meta property=\"og:image:type\" content=\"image\/jpeg\" \/>\n<meta name=\"twitter:card\" content=\"summary\" \/>\n<meta name=\"twitter:creator\" content=\"@arteeluoghi\" \/>\n<meta name=\"twitter:site\" content=\"@arteeluoghi\" \/>\n<meta name=\"twitter:label1\" content=\"Scritto da\" \/>\n\t<meta name=\"twitter:data1\" content=\"Staff\" \/>\n\t<meta name=\"twitter:label2\" content=\"Tempo di lettura stimato\" \/>\n\t<meta name=\"twitter:data2\" content=\"6 minuti\" \/>\n<script type=\"application\/ld+json\" class=\"yoast-schema-graph\">{\"@context\":\"https:\/\/schema.org\",\"@graph\":[{\"@type\":\"Organization\",\"@id\":\"https:\/\/arteeluoghi.it\/#organization\",\"name\":\"Arte e Luoghi\",\"url\":\"https:\/\/arteeluoghi.it\/\",\"sameAs\":[\"https:\/\/www.facebook.com\/ArteELuoghi\/\",\"https:\/\/www.instagram.com\/arteeluoghi\/?hl=it\",\"https:\/\/www.youtube.com\/channel\/UCuRVc4JW4-C5sg9rQB-srkw?view_as=subscriber\",\"https:\/\/twitter.com\/arteeluoghi\"],\"logo\":{\"@type\":\"ImageObject\",\"@id\":\"https:\/\/arteeluoghi.it\/#logo\",\"inLanguage\":\"it-IT\",\"url\":\"https:\/\/arteeluoghi.it\/wp-content\/uploads\/2018\/08\/logoinstagramarte.jpg\",\"contentUrl\":\"https:\/\/arteeluoghi.it\/wp-content\/uploads\/2018\/08\/logoinstagramarte.jpg\",\"width\":150,\"height\":150,\"caption\":\"Arte e Luoghi\"},\"image\":{\"@id\":\"https:\/\/arteeluoghi.it\/#logo\"}},{\"@type\":\"WebSite\",\"@id\":\"https:\/\/arteeluoghi.it\/#website\",\"url\":\"https:\/\/arteeluoghi.it\/\",\"name\":\"Arte e Luoghi\",\"description\":\"Mensile di arte, cultura, turismo e curiosit\u00e0\",\"publisher\":{\"@id\":\"https:\/\/arteeluoghi.it\/#organization\"},\"potentialAction\":[{\"@type\":\"SearchAction\",\"target\":{\"@type\":\"EntryPoint\",\"urlTemplate\":\"https:\/\/arteeluoghi.it\/?s={search_term_string}\"},\"query-input\":\"required name=search_term_string\"}],\"inLanguage\":\"it-IT\"},{\"@type\":\"ImageObject\",\"@id\":\"https:\/\/arteeluoghi.it\/index.php\/2018\/07\/25\/libri-mostre-seminari-tanta-musica-nella-marina-di-san-cataldo-torna-a-lecce-il-sei-sud-est-indipendente-festival\/#primaryimage\",\"inLanguage\":\"it-IT\",\"url\":\"https:\/\/arteeluoghi.it\/wp-content\/uploads\/2018\/07\/Adelmo-Monachese.jpg\",\"contentUrl\":\"https:\/\/arteeluoghi.it\/wp-content\/uploads\/2018\/07\/Adelmo-Monachese.jpg\",\"width\":787,\"height\":438},{\"@type\":\"WebPage\",\"@id\":\"https:\/\/arteeluoghi.it\/index.php\/2018\/07\/25\/libri-mostre-seminari-tanta-musica-nella-marina-di-san-cataldo-torna-a-lecce-il-sei-sud-est-indipendente-festival\/#webpage\",\"url\":\"https:\/\/arteeluoghi.it\/index.php\/2018\/07\/25\/libri-mostre-seminari-tanta-musica-nella-marina-di-san-cataldo-torna-a-lecce-il-sei-sud-est-indipendente-festival\/\",\"name\":\"Libri, mostre, seminari tanta musica nella marina di San Cataldo. Torna a Lecce il SEI, Sud Est Indipendente festival | Arte e Luoghi\",\"isPartOf\":{\"@id\":\"https:\/\/arteeluoghi.it\/#website\"},\"primaryImageOfPage\":{\"@id\":\"https:\/\/arteeluoghi.it\/index.php\/2018\/07\/25\/libri-mostre-seminari-tanta-musica-nella-marina-di-san-cataldo-torna-a-lecce-il-sei-sud-est-indipendente-festival\/#primaryimage\"},\"datePublished\":\"2018-07-24T22:26:57+00:00\",\"dateModified\":\"2018-07-24T22:26:57+00:00\",\"breadcrumb\":{\"@id\":\"https:\/\/arteeluoghi.it\/index.php\/2018\/07\/25\/libri-mostre-seminari-tanta-musica-nella-marina-di-san-cataldo-torna-a-lecce-il-sei-sud-est-indipendente-festival\/#breadcrumb\"},\"inLanguage\":\"it-IT\",\"potentialAction\":[{\"@type\":\"ReadAction\",\"target\":[\"https:\/\/arteeluoghi.it\/index.php\/2018\/07\/25\/libri-mostre-seminari-tanta-musica-nella-marina-di-san-cataldo-torna-a-lecce-il-sei-sud-est-indipendente-festival\/\"]}]},{\"@type\":\"BreadcrumbList\",\"@id\":\"https:\/\/arteeluoghi.it\/index.php\/2018\/07\/25\/libri-mostre-seminari-tanta-musica-nella-marina-di-san-cataldo-torna-a-lecce-il-sei-sud-est-indipendente-festival\/#breadcrumb\",\"itemListElement\":[{\"@type\":\"ListItem\",\"position\":1,\"name\":\"Home\",\"item\":\"https:\/\/arteeluoghi.it\/\"},{\"@type\":\"ListItem\",\"position\":2,\"name\":\"Libri, mostre, seminari tanta musica nella marina di San Cataldo. Torna a Lecce il SEI, Sud Est Indipendente festival\"}]},{\"@type\":\"Article\",\"@id\":\"https:\/\/arteeluoghi.it\/index.php\/2018\/07\/25\/libri-mostre-seminari-tanta-musica-nella-marina-di-san-cataldo-torna-a-lecce-il-sei-sud-est-indipendente-festival\/#article\",\"isPartOf\":{\"@id\":\"https:\/\/arteeluoghi.it\/index.php\/2018\/07\/25\/libri-mostre-seminari-tanta-musica-nella-marina-di-san-cataldo-torna-a-lecce-il-sei-sud-est-indipendente-festival\/#webpage\"},\"author\":{\"@id\":\"https:\/\/arteeluoghi.it\/#\/schema\/person\/f84e814e36e91e01448ee07eaadd41d4\"},\"headline\":\"Libri, mostre, seminari tanta musica nella marina di San Cataldo. Torna a Lecce il SEI, Sud Est Indipendente festival\",\"datePublished\":\"2018-07-24T22:26:57+00:00\",\"dateModified\":\"2018-07-24T22:26:57+00:00\",\"mainEntityOfPage\":{\"@id\":\"https:\/\/arteeluoghi.it\/index.php\/2018\/07\/25\/libri-mostre-seminari-tanta-musica-nella-marina-di-san-cataldo-torna-a-lecce-il-sei-sud-est-indipendente-festival\/#webpage\"},\"wordCount\":1268,\"commentCount\":0,\"publisher\":{\"@id\":\"https:\/\/arteeluoghi.it\/#organization\"},\"image\":{\"@id\":\"https:\/\/arteeluoghi.it\/index.php\/2018\/07\/25\/libri-mostre-seminari-tanta-musica-nella-marina-di-san-cataldo-torna-a-lecce-il-sei-sud-est-indipendente-festival\/#primaryimage\"},\"thumbnailUrl\":\"https:\/\/arteeluoghi.it\/wp-content\/uploads\/2018\/07\/Adelmo-Monachese.jpg\",\"keywords\":[\"Lecce\",\"San Cataldo\",\"Sud Est Indipendente festival\"],\"articleSection\":[\"Arte\",\"LIBRI\",\"MUSICA\"],\"inLanguage\":\"it-IT\",\"potentialAction\":[{\"@type\":\"CommentAction\",\"name\":\"Comment\",\"target\":[\"https:\/\/arteeluoghi.it\/index.php\/2018\/07\/25\/libri-mostre-seminari-tanta-musica-nella-marina-di-san-cataldo-torna-a-lecce-il-sei-sud-est-indipendente-festival\/#respond\"]}]},{\"@type\":\"Person\",\"@id\":\"https:\/\/arteeluoghi.it\/#\/schema\/person\/f84e814e36e91e01448ee07eaadd41d4\",\"name\":\"Staff\",\"image\":{\"@type\":\"ImageObject\",\"@id\":\"https:\/\/arteeluoghi.it\/#personlogo\",\"inLanguage\":\"it-IT\",\"url\":\"https:\/\/secure.gravatar.com\/avatar\/49d2f9e46271bb04e19cebfaf141313a?s=96&d=blank&r=g\",\"contentUrl\":\"https:\/\/secure.gravatar.com\/avatar\/49d2f9e46271bb04e19cebfaf141313a?s=96&d=blank&r=g\",\"caption\":\"Staff\"}}]}<\/script>\n<!-- \/ Yoast SEO plugin. -->","yoast_head_json":{"title":"Libri, mostre, seminari tanta musica nella marina di San Cataldo. Torna a Lecce il SEI, Sud Est Indipendente festival | Arte e Luoghi","robots":{"index":"index","follow":"follow","max-snippet":"max-snippet:-1","max-image-preview":"max-image-preview:large","max-video-preview":"max-video-preview:-1"},"canonical":"https:\/\/arteeluoghi.it\/index.php\/2018\/07\/25\/libri-mostre-seminari-tanta-musica-nella-marina-di-san-cataldo-torna-a-lecce-il-sei-sud-est-indipendente-festival\/","og_locale":"it_IT","og_type":"article","og_title":"Libri, mostre, seminari tanta musica nella marina di San Cataldo. Torna a Lecce il SEI, Sud Est Indipendente festival | Arte e Luoghi","og_description":"LECCE. Da gioved\u00ec 26 a domenica 29 luglio\u00a0a\u00a0San Cataldo e Lecce, il\u00a0Sud Est Indipendente, festival, ideato, organizzato e promosso dalla\u00a0Cooperativa","og_url":"https:\/\/arteeluoghi.it\/index.php\/2018\/07\/25\/libri-mostre-seminari-tanta-musica-nella-marina-di-san-cataldo-torna-a-lecce-il-sei-sud-est-indipendente-festival\/","og_site_name":"Arte e Luoghi","article_publisher":"https:\/\/www.facebook.com\/ArteELuoghi\/","article_published_time":"2018-07-24T22:26:57+00:00","og_image":[{"width":787,"height":438,"url":"https:\/\/arteeluoghi.it\/wp-content\/uploads\/2018\/07\/Adelmo-Monachese.jpg","type":"image\/jpeg"}],"twitter_card":"summary","twitter_creator":"@arteeluoghi","twitter_site":"@arteeluoghi","twitter_misc":{"Scritto da":"Staff","Tempo di lettura stimato":"6 minuti"},"schema":{"@context":"https:\/\/schema.org","@graph":[{"@type":"Organization","@id":"https:\/\/arteeluoghi.it\/#organization","name":"Arte e Luoghi","url":"https:\/\/arteeluoghi.it\/","sameAs":["https:\/\/www.facebook.com\/ArteELuoghi\/","https:\/\/www.instagram.com\/arteeluoghi\/?hl=it","https:\/\/www.youtube.com\/channel\/UCuRVc4JW4-C5sg9rQB-srkw?view_as=subscriber","https:\/\/twitter.com\/arteeluoghi"],"logo":{"@type":"ImageObject","@id":"https:\/\/arteeluoghi.it\/#logo","inLanguage":"it-IT","url":"https:\/\/arteeluoghi.it\/wp-content\/uploads\/2018\/08\/logoinstagramarte.jpg","contentUrl":"https:\/\/arteeluoghi.it\/wp-content\/uploads\/2018\/08\/logoinstagramarte.jpg","width":150,"height":150,"caption":"Arte e Luoghi"},"image":{"@id":"https:\/\/arteeluoghi.it\/#logo"}},{"@type":"WebSite","@id":"https:\/\/arteeluoghi.it\/#website","url":"https:\/\/arteeluoghi.it\/","name":"Arte e Luoghi","description":"Mensile di arte, cultura, turismo e curiosit\u00e0","publisher":{"@id":"https:\/\/arteeluoghi.it\/#organization"},"potentialAction":[{"@type":"SearchAction","target":{"@type":"EntryPoint","urlTemplate":"https:\/\/arteeluoghi.it\/?s={search_term_string}"},"query-input":"required name=search_term_string"}],"inLanguage":"it-IT"},{"@type":"ImageObject","@id":"https:\/\/arteeluoghi.it\/index.php\/2018\/07\/25\/libri-mostre-seminari-tanta-musica-nella-marina-di-san-cataldo-torna-a-lecce-il-sei-sud-est-indipendente-festival\/#primaryimage","inLanguage":"it-IT","url":"https:\/\/arteeluoghi.it\/wp-content\/uploads\/2018\/07\/Adelmo-Monachese.jpg","contentUrl":"https:\/\/arteeluoghi.it\/wp-content\/uploads\/2018\/07\/Adelmo-Monachese.jpg","width":787,"height":438},{"@type":"WebPage","@id":"https:\/\/arteeluoghi.it\/index.php\/2018\/07\/25\/libri-mostre-seminari-tanta-musica-nella-marina-di-san-cataldo-torna-a-lecce-il-sei-sud-est-indipendente-festival\/#webpage","url":"https:\/\/arteeluoghi.it\/index.php\/2018\/07\/25\/libri-mostre-seminari-tanta-musica-nella-marina-di-san-cataldo-torna-a-lecce-il-sei-sud-est-indipendente-festival\/","name":"Libri, mostre, seminari tanta musica nella marina di San Cataldo. Torna a Lecce il SEI, Sud Est Indipendente festival | Arte e Luoghi","isPartOf":{"@id":"https:\/\/arteeluoghi.it\/#website"},"primaryImageOfPage":{"@id":"https:\/\/arteeluoghi.it\/index.php\/2018\/07\/25\/libri-mostre-seminari-tanta-musica-nella-marina-di-san-cataldo-torna-a-lecce-il-sei-sud-est-indipendente-festival\/#primaryimage"},"datePublished":"2018-07-24T22:26:57+00:00","dateModified":"2018-07-24T22:26:57+00:00","breadcrumb":{"@id":"https:\/\/arteeluoghi.it\/index.php\/2018\/07\/25\/libri-mostre-seminari-tanta-musica-nella-marina-di-san-cataldo-torna-a-lecce-il-sei-sud-est-indipendente-festival\/#breadcrumb"},"inLanguage":"it-IT","potentialAction":[{"@type":"ReadAction","target":["https:\/\/arteeluoghi.it\/index.php\/2018\/07\/25\/libri-mostre-seminari-tanta-musica-nella-marina-di-san-cataldo-torna-a-lecce-il-sei-sud-est-indipendente-festival\/"]}]},{"@type":"BreadcrumbList","@id":"https:\/\/arteeluoghi.it\/index.php\/2018\/07\/25\/libri-mostre-seminari-tanta-musica-nella-marina-di-san-cataldo-torna-a-lecce-il-sei-sud-est-indipendente-festival\/#breadcrumb","itemListElement":[{"@type":"ListItem","position":1,"name":"Home","item":"https:\/\/arteeluoghi.it\/"},{"@type":"ListItem","position":2,"name":"Libri, mostre, seminari tanta musica nella marina di San Cataldo. Torna a Lecce il SEI, Sud Est Indipendente festival"}]},{"@type":"Article","@id":"https:\/\/arteeluoghi.it\/index.php\/2018\/07\/25\/libri-mostre-seminari-tanta-musica-nella-marina-di-san-cataldo-torna-a-lecce-il-sei-sud-est-indipendente-festival\/#article","isPartOf":{"@id":"https:\/\/arteeluoghi.it\/index.php\/2018\/07\/25\/libri-mostre-seminari-tanta-musica-nella-marina-di-san-cataldo-torna-a-lecce-il-sei-sud-est-indipendente-festival\/#webpage"},"author":{"@id":"https:\/\/arteeluoghi.it\/#\/schema\/person\/f84e814e36e91e01448ee07eaadd41d4"},"headline":"Libri, mostre, seminari tanta musica nella marina di San Cataldo. Torna a Lecce il SEI, Sud Est Indipendente festival","datePublished":"2018-07-24T22:26:57+00:00","dateModified":"2018-07-24T22:26:57+00:00","mainEntityOfPage":{"@id":"https:\/\/arteeluoghi.it\/index.php\/2018\/07\/25\/libri-mostre-seminari-tanta-musica-nella-marina-di-san-cataldo-torna-a-lecce-il-sei-sud-est-indipendente-festival\/#webpage"},"wordCount":1268,"commentCount":0,"publisher":{"@id":"https:\/\/arteeluoghi.it\/#organization"},"image":{"@id":"https:\/\/arteeluoghi.it\/index.php\/2018\/07\/25\/libri-mostre-seminari-tanta-musica-nella-marina-di-san-cataldo-torna-a-lecce-il-sei-sud-est-indipendente-festival\/#primaryimage"},"thumbnailUrl":"https:\/\/arteeluoghi.it\/wp-content\/uploads\/2018\/07\/Adelmo-Monachese.jpg","keywords":["Lecce","San Cataldo","Sud Est Indipendente festival"],"articleSection":["Arte","LIBRI","MUSICA"],"inLanguage":"it-IT","potentialAction":[{"@type":"CommentAction","name":"Comment","target":["https:\/\/arteeluoghi.it\/index.php\/2018\/07\/25\/libri-mostre-seminari-tanta-musica-nella-marina-di-san-cataldo-torna-a-lecce-il-sei-sud-est-indipendente-festival\/#respond"]}]},{"@type":"Person","@id":"https:\/\/arteeluoghi.it\/#\/schema\/person\/f84e814e36e91e01448ee07eaadd41d4","name":"Staff","image":{"@type":"ImageObject","@id":"https:\/\/arteeluoghi.it\/#personlogo","inLanguage":"it-IT","url":"https:\/\/secure.gravatar.com\/avatar\/49d2f9e46271bb04e19cebfaf141313a?s=96&d=blank&r=g","contentUrl":"https:\/\/secure.gravatar.com\/avatar\/49d2f9e46271bb04e19cebfaf141313a?s=96&d=blank&r=g","caption":"Staff"}}]}},"_links":{"self":[{"href":"https:\/\/arteeluoghi.it\/index.php\/wp-json\/wp\/v2\/posts\/5805"}],"collection":[{"href":"https:\/\/arteeluoghi.it\/index.php\/wp-json\/wp\/v2\/posts"}],"about":[{"href":"https:\/\/arteeluoghi.it\/index.php\/wp-json\/wp\/v2\/types\/post"}],"author":[{"embeddable":true,"href":"https:\/\/arteeluoghi.it\/index.php\/wp-json\/wp\/v2\/users\/1"}],"replies":[{"embeddable":true,"href":"https:\/\/arteeluoghi.it\/index.php\/wp-json\/wp\/v2\/comments?post=5805"}],"version-history":[{"count":1,"href":"https:\/\/arteeluoghi.it\/index.php\/wp-json\/wp\/v2\/posts\/5805\/revisions"}],"predecessor-version":[{"id":5809,"href":"https:\/\/arteeluoghi.it\/index.php\/wp-json\/wp\/v2\/posts\/5805\/revisions\/5809"}],"wp:featuredmedia":[{"embeddable":true,"href":"https:\/\/arteeluoghi.it\/index.php\/wp-json\/wp\/v2\/media\/5806"}],"wp:attachment":[{"href":"https:\/\/arteeluoghi.it\/index.php\/wp-json\/wp\/v2\/media?parent=5805"}],"wp:term":[{"taxonomy":"category","embeddable":true,"href":"https:\/\/arteeluoghi.it\/index.php\/wp-json\/wp\/v2\/categories?post=5805"},{"taxonomy":"post_tag","embeddable":true,"href":"https:\/\/arteeluoghi.it\/index.php\/wp-json\/wp\/v2\/tags?post=5805"}],"curies":[{"name":"wp","href":"https:\/\/api.w.org\/{rel}","templated":true}]}}