{"id":5876,"date":"2018-08-05T18:57:14","date_gmt":"2018-08-05T16:57:14","guid":{"rendered":"https:\/\/arteeluoghi.it\/?p=5876"},"modified":"2018-08-05T18:57:26","modified_gmt":"2018-08-05T16:57:26","slug":"note-di-viaggio-pino-ingrosso-in-concerto-a-poggiardo","status":"publish","type":"post","link":"https:\/\/arteeluoghi.it\/index.php\/2018\/08\/05\/note-di-viaggio-pino-ingrosso-in-concerto-a-poggiardo\/","title":{"rendered":"Note di viaggio. Pino Ingrosso in concerto a Poggiardo"},"content":{"rendered":"<p><img loading=\"lazy\" class=\"size-medium wp-image-5877 alignleft\" src=\"https:\/\/arteeluoghi.it\/wp-content\/uploads\/2018\/08\/locandina-ingrosso-183x300.jpeg\" alt=\"\" width=\"183\" height=\"300\" srcset=\"https:\/\/arteeluoghi.it\/wp-content\/uploads\/2018\/08\/locandina-ingrosso-183x300.jpeg 183w, https:\/\/arteeluoghi.it\/wp-content\/uploads\/2018\/08\/locandina-ingrosso-768x1260.jpeg 768w, https:\/\/arteeluoghi.it\/wp-content\/uploads\/2018\/08\/locandina-ingrosso-624x1024.jpeg 624w, https:\/\/arteeluoghi.it\/wp-content\/uploads\/2018\/08\/locandina-ingrosso.jpeg 876w\" sizes=\"(max-width: 183px) 100vw, 183px\" \/>Si terr\u00e0 il 7 agosto in piazza Giovanni Paolo II a Poggiardo, a partire dalle 21:30 con ingresso libero,\u00a0 il concerto di Pino Ingrosso, la voce solista del premio Oscar Nicola Piovani e considerato, dallo stesso Piovani, &#8220;voce unica, tra le pi\u00f9 belle d\u2019Europa&#8221;.<\/p>\n<p>Sar\u00e0 lui il protagonista di una serata musicale imperdibile, organizzata dal Comune di Poggiardo e dedicata a quanti, alla musica, chiedono di pi\u00f9.<br \/>\n\u201cNote di un viaggio\u201d \u00e8 un percorso musicale, un racconto leggero e brillante impreziosito da una musica emozionante che \u00e8 un carosello di sonorit\u00e0 mediterranee.<\/p>\n<p>La maggior parte dei brani dello spettacolo sono stati composti da Pino Ingrosso attingendo dal ricchissimo patrimonio musicale del Sud Italia e dei Paesi del Mediterraneo.<\/p>\n<p><!--more-->Pino Ingrosso (voce, chitarra acustica e ukulele) sar\u00e0 affiancato, in scena, da:<br \/>\nAlessandro Caione: tastiere\/piano elettrico<br \/>\nSilvio Cantoro: basso acustico<br \/>\nNico Berardi: flauti, zampogna,<br \/>\nDavide Chiarelli: percussioni e tamburi<br \/>\nAlessandro Monteduro: batteria e percussioni<br \/>\nDaniela Guercia: voce recitante, cori e colori percussivi<br \/>\nDeborah De Blasi: cori<br \/>\nIngresso libero. Info 329.3173865<\/p>\n","protected":false},"excerpt":{"rendered":"<p>Si terr\u00e0 il 7 agosto in piazza Giovanni Paolo II a Poggiardo, a partire dalle 21:30 con ingresso libero,\u00a0 il<\/p>\n","protected":false},"author":1,"featured_media":5877,"comment_status":"open","ping_status":"open","sticky":true,"template":"","format":"standard","meta":[],"categories":[12],"tags":[235,1204,1205],"yoast_head":"<!-- This site is optimized with the Yoast SEO plugin v18.0 - https:\/\/yoast.com\/wordpress\/plugins\/seo\/ -->\n<title>Note di viaggio. Pino Ingrosso in concerto a Poggiardo | Arte e Luoghi<\/title>\n<meta name=\"robots\" content=\"index, follow, max-snippet:-1, max-image-preview:large, max-video-preview:-1\" \/>\n<link rel=\"canonical\" href=\"https:\/\/arteeluoghi.it\/index.php\/2018\/08\/05\/note-di-viaggio-pino-ingrosso-in-concerto-a-poggiardo\/\" \/>\n<meta property=\"og:locale\" content=\"it_IT\" \/>\n<meta property=\"og:type\" content=\"article\" \/>\n<meta property=\"og:title\" content=\"Note di viaggio. Pino Ingrosso in concerto a Poggiardo | Arte e Luoghi\" \/>\n<meta property=\"og:description\" content=\"Si terr\u00e0 il 7 agosto in piazza Giovanni Paolo II a Poggiardo, a partire dalle 21:30 con ingresso libero,\u00a0 il\" \/>\n<meta property=\"og:url\" content=\"https:\/\/arteeluoghi.it\/index.php\/2018\/08\/05\/note-di-viaggio-pino-ingrosso-in-concerto-a-poggiardo\/\" \/>\n<meta property=\"og:site_name\" content=\"Arte e Luoghi\" \/>\n<meta property=\"article:publisher\" content=\"https:\/\/www.facebook.com\/ArteELuoghi\/\" \/>\n<meta property=\"article:published_time\" content=\"2018-08-05T16:57:14+00:00\" \/>\n<meta property=\"article:modified_time\" content=\"2018-08-05T16:57:26+00:00\" \/>\n<meta property=\"og:image\" content=\"https:\/\/arteeluoghi.it\/wp-content\/uploads\/2018\/08\/locandina-ingrosso.jpeg\" \/>\n\t<meta property=\"og:image:width\" content=\"876\" \/>\n\t<meta property=\"og:image:height\" content=\"1437\" \/>\n\t<meta property=\"og:image:type\" content=\"image\/jpeg\" \/>\n<meta name=\"twitter:card\" content=\"summary\" \/>\n<meta name=\"twitter:creator\" content=\"@arteeluoghi\" \/>\n<meta name=\"twitter:site\" content=\"@arteeluoghi\" \/>\n<meta name=\"twitter:label1\" content=\"Scritto da\" \/>\n\t<meta name=\"twitter:data1\" content=\"Staff\" \/>\n\t<meta name=\"twitter:label2\" content=\"Tempo di lettura stimato\" \/>\n\t<meta name=\"twitter:data2\" content=\"1 minuto\" \/>\n<script type=\"application\/ld+json\" class=\"yoast-schema-graph\">{\"@context\":\"https:\/\/schema.org\",\"@graph\":[{\"@type\":\"Organization\",\"@id\":\"https:\/\/arteeluoghi.it\/#organization\",\"name\":\"Arte e Luoghi\",\"url\":\"https:\/\/arteeluoghi.it\/\",\"sameAs\":[\"https:\/\/www.facebook.com\/ArteELuoghi\/\",\"https:\/\/www.instagram.com\/arteeluoghi\/?hl=it\",\"https:\/\/www.youtube.com\/channel\/UCuRVc4JW4-C5sg9rQB-srkw?view_as=subscriber\",\"https:\/\/twitter.com\/arteeluoghi\"],\"logo\":{\"@type\":\"ImageObject\",\"@id\":\"https:\/\/arteeluoghi.it\/#logo\",\"inLanguage\":\"it-IT\",\"url\":\"https:\/\/arteeluoghi.it\/wp-content\/uploads\/2018\/08\/logoinstagramarte.jpg\",\"contentUrl\":\"https:\/\/arteeluoghi.it\/wp-content\/uploads\/2018\/08\/logoinstagramarte.jpg\",\"width\":150,\"height\":150,\"caption\":\"Arte e Luoghi\"},\"image\":{\"@id\":\"https:\/\/arteeluoghi.it\/#logo\"}},{\"@type\":\"WebSite\",\"@id\":\"https:\/\/arteeluoghi.it\/#website\",\"url\":\"https:\/\/arteeluoghi.it\/\",\"name\":\"Arte e Luoghi\",\"description\":\"Mensile di arte, cultura, turismo e curiosit\u00e0\",\"publisher\":{\"@id\":\"https:\/\/arteeluoghi.it\/#organization\"},\"potentialAction\":[{\"@type\":\"SearchAction\",\"target\":{\"@type\":\"EntryPoint\",\"urlTemplate\":\"https:\/\/arteeluoghi.it\/?s={search_term_string}\"},\"query-input\":\"required name=search_term_string\"}],\"inLanguage\":\"it-IT\"},{\"@type\":\"ImageObject\",\"@id\":\"https:\/\/arteeluoghi.it\/index.php\/2018\/08\/05\/note-di-viaggio-pino-ingrosso-in-concerto-a-poggiardo\/#primaryimage\",\"inLanguage\":\"it-IT\",\"url\":\"https:\/\/arteeluoghi.it\/wp-content\/uploads\/2018\/08\/locandina-ingrosso.jpeg\",\"contentUrl\":\"https:\/\/arteeluoghi.it\/wp-content\/uploads\/2018\/08\/locandina-ingrosso.jpeg\",\"width\":876,\"height\":1437},{\"@type\":\"WebPage\",\"@id\":\"https:\/\/arteeluoghi.it\/index.php\/2018\/08\/05\/note-di-viaggio-pino-ingrosso-in-concerto-a-poggiardo\/#webpage\",\"url\":\"https:\/\/arteeluoghi.it\/index.php\/2018\/08\/05\/note-di-viaggio-pino-ingrosso-in-concerto-a-poggiardo\/\",\"name\":\"Note di viaggio. Pino Ingrosso in concerto a Poggiardo | Arte e Luoghi\",\"isPartOf\":{\"@id\":\"https:\/\/arteeluoghi.it\/#website\"},\"primaryImageOfPage\":{\"@id\":\"https:\/\/arteeluoghi.it\/index.php\/2018\/08\/05\/note-di-viaggio-pino-ingrosso-in-concerto-a-poggiardo\/#primaryimage\"},\"datePublished\":\"2018-08-05T16:57:14+00:00\",\"dateModified\":\"2018-08-05T16:57:26+00:00\",\"breadcrumb\":{\"@id\":\"https:\/\/arteeluoghi.it\/index.php\/2018\/08\/05\/note-di-viaggio-pino-ingrosso-in-concerto-a-poggiardo\/#breadcrumb\"},\"inLanguage\":\"it-IT\",\"potentialAction\":[{\"@type\":\"ReadAction\",\"target\":[\"https:\/\/arteeluoghi.it\/index.php\/2018\/08\/05\/note-di-viaggio-pino-ingrosso-in-concerto-a-poggiardo\/\"]}]},{\"@type\":\"BreadcrumbList\",\"@id\":\"https:\/\/arteeluoghi.it\/index.php\/2018\/08\/05\/note-di-viaggio-pino-ingrosso-in-concerto-a-poggiardo\/#breadcrumb\",\"itemListElement\":[{\"@type\":\"ListItem\",\"position\":1,\"name\":\"Home\",\"item\":\"https:\/\/arteeluoghi.it\/\"},{\"@type\":\"ListItem\",\"position\":2,\"name\":\"Note di viaggio. Pino Ingrosso in concerto a Poggiardo\"}]},{\"@type\":\"Article\",\"@id\":\"https:\/\/arteeluoghi.it\/index.php\/2018\/08\/05\/note-di-viaggio-pino-ingrosso-in-concerto-a-poggiardo\/#article\",\"isPartOf\":{\"@id\":\"https:\/\/arteeluoghi.it\/index.php\/2018\/08\/05\/note-di-viaggio-pino-ingrosso-in-concerto-a-poggiardo\/#webpage\"},\"author\":{\"@id\":\"https:\/\/arteeluoghi.it\/#\/schema\/person\/f84e814e36e91e01448ee07eaadd41d4\"},\"headline\":\"Note di viaggio. Pino Ingrosso in concerto a Poggiardo\",\"datePublished\":\"2018-08-05T16:57:14+00:00\",\"dateModified\":\"2018-08-05T16:57:26+00:00\",\"mainEntityOfPage\":{\"@id\":\"https:\/\/arteeluoghi.it\/index.php\/2018\/08\/05\/note-di-viaggio-pino-ingrosso-in-concerto-a-poggiardo\/#webpage\"},\"wordCount\":174,\"commentCount\":0,\"publisher\":{\"@id\":\"https:\/\/arteeluoghi.it\/#organization\"},\"image\":{\"@id\":\"https:\/\/arteeluoghi.it\/index.php\/2018\/08\/05\/note-di-viaggio-pino-ingrosso-in-concerto-a-poggiardo\/#primaryimage\"},\"thumbnailUrl\":\"https:\/\/arteeluoghi.it\/wp-content\/uploads\/2018\/08\/locandina-ingrosso.jpeg\",\"keywords\":[\"musica\",\"Pino Ingrosso\",\"Vaste\"],\"articleSection\":[\"MUSICA\"],\"inLanguage\":\"it-IT\",\"potentialAction\":[{\"@type\":\"CommentAction\",\"name\":\"Comment\",\"target\":[\"https:\/\/arteeluoghi.it\/index.php\/2018\/08\/05\/note-di-viaggio-pino-ingrosso-in-concerto-a-poggiardo\/#respond\"]}]},{\"@type\":\"Person\",\"@id\":\"https:\/\/arteeluoghi.it\/#\/schema\/person\/f84e814e36e91e01448ee07eaadd41d4\",\"name\":\"Staff\",\"image\":{\"@type\":\"ImageObject\",\"@id\":\"https:\/\/arteeluoghi.it\/#personlogo\",\"inLanguage\":\"it-IT\",\"url\":\"https:\/\/secure.gravatar.com\/avatar\/49d2f9e46271bb04e19cebfaf141313a?s=96&d=blank&r=g\",\"contentUrl\":\"https:\/\/secure.gravatar.com\/avatar\/49d2f9e46271bb04e19cebfaf141313a?s=96&d=blank&r=g\",\"caption\":\"Staff\"}}]}<\/script>\n<!-- \/ Yoast SEO plugin. -->","yoast_head_json":{"title":"Note di viaggio. Pino Ingrosso in concerto a Poggiardo | Arte e Luoghi","robots":{"index":"index","follow":"follow","max-snippet":"max-snippet:-1","max-image-preview":"max-image-preview:large","max-video-preview":"max-video-preview:-1"},"canonical":"https:\/\/arteeluoghi.it\/index.php\/2018\/08\/05\/note-di-viaggio-pino-ingrosso-in-concerto-a-poggiardo\/","og_locale":"it_IT","og_type":"article","og_title":"Note di viaggio. Pino Ingrosso in concerto a Poggiardo | Arte e Luoghi","og_description":"Si terr\u00e0 il 7 agosto in piazza Giovanni Paolo II a Poggiardo, a partire dalle 21:30 con ingresso libero,\u00a0 il","og_url":"https:\/\/arteeluoghi.it\/index.php\/2018\/08\/05\/note-di-viaggio-pino-ingrosso-in-concerto-a-poggiardo\/","og_site_name":"Arte e Luoghi","article_publisher":"https:\/\/www.facebook.com\/ArteELuoghi\/","article_published_time":"2018-08-05T16:57:14+00:00","article_modified_time":"2018-08-05T16:57:26+00:00","og_image":[{"width":876,"height":1437,"url":"https:\/\/arteeluoghi.it\/wp-content\/uploads\/2018\/08\/locandina-ingrosso.jpeg","type":"image\/jpeg"}],"twitter_card":"summary","twitter_creator":"@arteeluoghi","twitter_site":"@arteeluoghi","twitter_misc":{"Scritto da":"Staff","Tempo di lettura stimato":"1 minuto"},"schema":{"@context":"https:\/\/schema.org","@graph":[{"@type":"Organization","@id":"https:\/\/arteeluoghi.it\/#organization","name":"Arte e Luoghi","url":"https:\/\/arteeluoghi.it\/","sameAs":["https:\/\/www.facebook.com\/ArteELuoghi\/","https:\/\/www.instagram.com\/arteeluoghi\/?hl=it","https:\/\/www.youtube.com\/channel\/UCuRVc4JW4-C5sg9rQB-srkw?view_as=subscriber","https:\/\/twitter.com\/arteeluoghi"],"logo":{"@type":"ImageObject","@id":"https:\/\/arteeluoghi.it\/#logo","inLanguage":"it-IT","url":"https:\/\/arteeluoghi.it\/wp-content\/uploads\/2018\/08\/logoinstagramarte.jpg","contentUrl":"https:\/\/arteeluoghi.it\/wp-content\/uploads\/2018\/08\/logoinstagramarte.jpg","width":150,"height":150,"caption":"Arte e Luoghi"},"image":{"@id":"https:\/\/arteeluoghi.it\/#logo"}},{"@type":"WebSite","@id":"https:\/\/arteeluoghi.it\/#website","url":"https:\/\/arteeluoghi.it\/","name":"Arte e Luoghi","description":"Mensile di arte, cultura, turismo e curiosit\u00e0","publisher":{"@id":"https:\/\/arteeluoghi.it\/#organization"},"potentialAction":[{"@type":"SearchAction","target":{"@type":"EntryPoint","urlTemplate":"https:\/\/arteeluoghi.it\/?s={search_term_string}"},"query-input":"required name=search_term_string"}],"inLanguage":"it-IT"},{"@type":"ImageObject","@id":"https:\/\/arteeluoghi.it\/index.php\/2018\/08\/05\/note-di-viaggio-pino-ingrosso-in-concerto-a-poggiardo\/#primaryimage","inLanguage":"it-IT","url":"https:\/\/arteeluoghi.it\/wp-content\/uploads\/2018\/08\/locandina-ingrosso.jpeg","contentUrl":"https:\/\/arteeluoghi.it\/wp-content\/uploads\/2018\/08\/locandina-ingrosso.jpeg","width":876,"height":1437},{"@type":"WebPage","@id":"https:\/\/arteeluoghi.it\/index.php\/2018\/08\/05\/note-di-viaggio-pino-ingrosso-in-concerto-a-poggiardo\/#webpage","url":"https:\/\/arteeluoghi.it\/index.php\/2018\/08\/05\/note-di-viaggio-pino-ingrosso-in-concerto-a-poggiardo\/","name":"Note di viaggio. Pino Ingrosso in concerto a Poggiardo | Arte e Luoghi","isPartOf":{"@id":"https:\/\/arteeluoghi.it\/#website"},"primaryImageOfPage":{"@id":"https:\/\/arteeluoghi.it\/index.php\/2018\/08\/05\/note-di-viaggio-pino-ingrosso-in-concerto-a-poggiardo\/#primaryimage"},"datePublished":"2018-08-05T16:57:14+00:00","dateModified":"2018-08-05T16:57:26+00:00","breadcrumb":{"@id":"https:\/\/arteeluoghi.it\/index.php\/2018\/08\/05\/note-di-viaggio-pino-ingrosso-in-concerto-a-poggiardo\/#breadcrumb"},"inLanguage":"it-IT","potentialAction":[{"@type":"ReadAction","target":["https:\/\/arteeluoghi.it\/index.php\/2018\/08\/05\/note-di-viaggio-pino-ingrosso-in-concerto-a-poggiardo\/"]}]},{"@type":"BreadcrumbList","@id":"https:\/\/arteeluoghi.it\/index.php\/2018\/08\/05\/note-di-viaggio-pino-ingrosso-in-concerto-a-poggiardo\/#breadcrumb","itemListElement":[{"@type":"ListItem","position":1,"name":"Home","item":"https:\/\/arteeluoghi.it\/"},{"@type":"ListItem","position":2,"name":"Note di viaggio. Pino Ingrosso in concerto a Poggiardo"}]},{"@type":"Article","@id":"https:\/\/arteeluoghi.it\/index.php\/2018\/08\/05\/note-di-viaggio-pino-ingrosso-in-concerto-a-poggiardo\/#article","isPartOf":{"@id":"https:\/\/arteeluoghi.it\/index.php\/2018\/08\/05\/note-di-viaggio-pino-ingrosso-in-concerto-a-poggiardo\/#webpage"},"author":{"@id":"https:\/\/arteeluoghi.it\/#\/schema\/person\/f84e814e36e91e01448ee07eaadd41d4"},"headline":"Note di viaggio. Pino Ingrosso in concerto a Poggiardo","datePublished":"2018-08-05T16:57:14+00:00","dateModified":"2018-08-05T16:57:26+00:00","mainEntityOfPage":{"@id":"https:\/\/arteeluoghi.it\/index.php\/2018\/08\/05\/note-di-viaggio-pino-ingrosso-in-concerto-a-poggiardo\/#webpage"},"wordCount":174,"commentCount":0,"publisher":{"@id":"https:\/\/arteeluoghi.it\/#organization"},"image":{"@id":"https:\/\/arteeluoghi.it\/index.php\/2018\/08\/05\/note-di-viaggio-pino-ingrosso-in-concerto-a-poggiardo\/#primaryimage"},"thumbnailUrl":"https:\/\/arteeluoghi.it\/wp-content\/uploads\/2018\/08\/locandina-ingrosso.jpeg","keywords":["musica","Pino Ingrosso","Vaste"],"articleSection":["MUSICA"],"inLanguage":"it-IT","potentialAction":[{"@type":"CommentAction","name":"Comment","target":["https:\/\/arteeluoghi.it\/index.php\/2018\/08\/05\/note-di-viaggio-pino-ingrosso-in-concerto-a-poggiardo\/#respond"]}]},{"@type":"Person","@id":"https:\/\/arteeluoghi.it\/#\/schema\/person\/f84e814e36e91e01448ee07eaadd41d4","name":"Staff","image":{"@type":"ImageObject","@id":"https:\/\/arteeluoghi.it\/#personlogo","inLanguage":"it-IT","url":"https:\/\/secure.gravatar.com\/avatar\/49d2f9e46271bb04e19cebfaf141313a?s=96&d=blank&r=g","contentUrl":"https:\/\/secure.gravatar.com\/avatar\/49d2f9e46271bb04e19cebfaf141313a?s=96&d=blank&r=g","caption":"Staff"}}]}},"_links":{"self":[{"href":"https:\/\/arteeluoghi.it\/index.php\/wp-json\/wp\/v2\/posts\/5876"}],"collection":[{"href":"https:\/\/arteeluoghi.it\/index.php\/wp-json\/wp\/v2\/posts"}],"about":[{"href":"https:\/\/arteeluoghi.it\/index.php\/wp-json\/wp\/v2\/types\/post"}],"author":[{"embeddable":true,"href":"https:\/\/arteeluoghi.it\/index.php\/wp-json\/wp\/v2\/users\/1"}],"replies":[{"embeddable":true,"href":"https:\/\/arteeluoghi.it\/index.php\/wp-json\/wp\/v2\/comments?post=5876"}],"version-history":[{"count":1,"href":"https:\/\/arteeluoghi.it\/index.php\/wp-json\/wp\/v2\/posts\/5876\/revisions"}],"predecessor-version":[{"id":5878,"href":"https:\/\/arteeluoghi.it\/index.php\/wp-json\/wp\/v2\/posts\/5876\/revisions\/5878"}],"wp:featuredmedia":[{"embeddable":true,"href":"https:\/\/arteeluoghi.it\/index.php\/wp-json\/wp\/v2\/media\/5877"}],"wp:attachment":[{"href":"https:\/\/arteeluoghi.it\/index.php\/wp-json\/wp\/v2\/media?parent=5876"}],"wp:term":[{"taxonomy":"category","embeddable":true,"href":"https:\/\/arteeluoghi.it\/index.php\/wp-json\/wp\/v2\/categories?post=5876"},{"taxonomy":"post_tag","embeddable":true,"href":"https:\/\/arteeluoghi.it\/index.php\/wp-json\/wp\/v2\/tags?post=5876"}],"curies":[{"name":"wp","href":"https:\/\/api.w.org\/{rel}","templated":true}]}}