{"id":5879,"date":"2018-08-05T23:22:47","date_gmt":"2018-08-05T21:22:47","guid":{"rendered":"https:\/\/arteeluoghi.it\/?p=5879"},"modified":"2018-08-05T23:37:38","modified_gmt":"2018-08-05T21:37:38","slug":"quando-gli-asini-voleranno-il-romanzo-di-anna-paola-pascali","status":"publish","type":"post","link":"https:\/\/arteeluoghi.it\/index.php\/2018\/08\/05\/quando-gli-asini-voleranno-il-romanzo-di-anna-paola-pascali\/","title":{"rendered":"Quando gli asini voleranno. Il romanzo di Anna Paola Pascali"},"content":{"rendered":"<div class=\"tribe-events-single-event-description tribe-events-content\">\n<p><img loading=\"lazy\" class=\"size-medium wp-image-5881 alignleft\" src=\"https:\/\/arteeluoghi.it\/wp-content\/uploads\/2018\/08\/paolaweb-215x300.jpg\" alt=\"\" width=\"215\" height=\"300\" srcset=\"https:\/\/arteeluoghi.it\/wp-content\/uploads\/2018\/08\/paolaweb-215x300.jpg 215w, https:\/\/arteeluoghi.it\/wp-content\/uploads\/2018\/08\/paolaweb.jpg 688w\" sizes=\"(max-width: 215px) 100vw, 215px\" \/>Si intitola \u201cQuando gli asini voleranno\u201d il romanzo di Anna Paola Pascali che si presenta il 13 agosto a Melendugno nell\u2019ambito della manifestazione \u201cLe vie del sapore\u201d promossa dall\u2019amministrazione comunale. La presentazione sar\u00e0 preceduta da un firmacopie il 12 agosto presso la Caffetteria Pertini, ore 19:30. Il 13,\u00a0 invece a partire dalle ore 22 nel largo davanti al monumento dedicato a Rina Durante si alterneranno gli autori di \u201cDieci minuti ognuno\u201d. Tra i protagonisti Anna Paola Pascali che parler\u00e0 del suo romanzo.<span id=\"more-2421\"><\/span><\/p>\n<p>Un titolo emblematico, Quando gli asini voleranno, per il romanzo di Anna Paola Pascali edito da Il Raggio Verde. Quando gli asini voleranno \u00e8 il racconto di una donna che scava dentro se stessa fino a far affiorare i ricordi pi\u00f9 dolorosi, dal disinteresse della famiglia nell\u2019et\u00e0 adolescenziale alla violenza subita che segna uno spartiacque nella sua vita. Perch\u00e9 per chi \u00e8 vittima di violenza c\u2019\u00e8 inesorabilmente un prima e dopo\u2026 Ed \u00e8 lunga e ardua la salita per trovare la forza di voltare pagina e ricominciare a vivere. \u201c\u00c8 uno splendido boia, la solitudine, a cui ti ci affezioni. Sei la sua vittima ma te ne innamori mentre prometti di cambiare nel momento in cui anche gli asini cominceranno a volare. Perch\u00e9 soltanto quando voleranno gli asini gli uomini cambieranno davvero! Ma se ci credi, allora tutto pu\u00f2 accadere.\u201d<\/p>\n<p>Con queste parole l\u2019autrice introduce il lettore tra le pagine del suo libro che riesce a cucire come il pi\u00f9 variegato pachwork tanti tasselli di vita vissuta nei quali \u00e8 possibile immedesimarsi. E ci si identifica con la solitudine della protagonista, quando vittima di una atroce quanto inspiegabile violenza si chiude nel suo dolore e lo sentiamo sulla nostra pelle, dentro le ossa, nell\u2019anima. M poi il dolore lascia il passo alla forza, a quella misteriosa energia che appartiene al genere umano e che da millenni \u00e8 il segreto della sua sopravvivenza.<\/p>\n<p>&nbsp;<\/p>\n<\/div>\n<p><!--more--><img loading=\"lazy\" class=\"size-medium wp-image-5880 alignleft\" src=\"https:\/\/arteeluoghi.it\/wp-content\/uploads\/2018\/08\/foto-paola-300x225.png\" alt=\"\" width=\"300\" height=\"225\" srcset=\"https:\/\/arteeluoghi.it\/wp-content\/uploads\/2018\/08\/foto-paola-300x225.png 300w, https:\/\/arteeluoghi.it\/wp-content\/uploads\/2018\/08\/foto-paola-768x576.png 768w, https:\/\/arteeluoghi.it\/wp-content\/uploads\/2018\/08\/foto-paola-1024x768.png 1024w, https:\/\/arteeluoghi.it\/wp-content\/uploads\/2018\/08\/foto-paola.png 2048w\" sizes=\"(max-width: 300px) 100vw, 300px\" \/>Anna Paola Pascali vive nella provincia di Treviso dove lavora e svolge attivit\u00e0 di volontariato presso un centro sollievo per i malati di Alzheimer. Fin da giovanissima si interessa alla scrittura, nel 2015 \u00e8 tra gli autori del libro C\u2019\u00e8 Facebook per te &#8211; Emozioni e pensieri condivisi in rete e nel 2016 firma con altri due scrittori, Sull\u2019uscio di casa \u2013Tre sguardi Tre storie Andata e ritorno- entrambi editi da Il Raggio Verde. Con le sue poesie ha partecipato a diversi concorsi letterari ottenendo menzioni e riconoscimenti. Collabora con la rivista telematica \u201cArte e Luoghi\u201d.<\/p>\n<p>&nbsp;<\/p>\n<p>red.<\/p>\n","protected":false},"excerpt":{"rendered":"<p>Si intitola \u201cQuando gli asini voleranno\u201d il romanzo di Anna Paola Pascali che si presenta il 13 agosto a Melendugno<\/p>\n","protected":false},"author":1,"featured_media":5881,"comment_status":"open","ping_status":"open","sticky":true,"template":"","format":"standard","meta":[],"categories":[17],"tags":[1041,698,617,1206,1207,1189,697],"yoast_head":"<!-- This site is optimized with the Yoast SEO plugin v18.0 - https:\/\/yoast.com\/wordpress\/plugins\/seo\/ -->\n<title>Quando gli asini voleranno. Il romanzo di Anna Paola Pascali | Arte e Luoghi<\/title>\n<meta name=\"robots\" content=\"index, follow, max-snippet:-1, max-image-preview:large, max-video-preview:-1\" \/>\n<link rel=\"canonical\" href=\"https:\/\/arteeluoghi.it\/index.php\/2018\/08\/05\/quando-gli-asini-voleranno-il-romanzo-di-anna-paola-pascali\/\" \/>\n<meta property=\"og:locale\" content=\"it_IT\" \/>\n<meta property=\"og:type\" content=\"article\" \/>\n<meta property=\"og:title\" content=\"Quando gli asini voleranno. Il romanzo di Anna Paola Pascali | Arte e Luoghi\" \/>\n<meta property=\"og:description\" content=\"Si intitola \u201cQuando gli asini voleranno\u201d il romanzo di Anna Paola Pascali che si presenta il 13 agosto a Melendugno\" \/>\n<meta property=\"og:url\" content=\"https:\/\/arteeluoghi.it\/index.php\/2018\/08\/05\/quando-gli-asini-voleranno-il-romanzo-di-anna-paola-pascali\/\" \/>\n<meta property=\"og:site_name\" content=\"Arte e Luoghi\" \/>\n<meta property=\"article:publisher\" content=\"https:\/\/www.facebook.com\/ArteELuoghi\/\" \/>\n<meta property=\"article:published_time\" content=\"2018-08-05T21:22:47+00:00\" \/>\n<meta property=\"article:modified_time\" content=\"2018-08-05T21:37:38+00:00\" \/>\n<meta property=\"og:image\" content=\"https:\/\/arteeluoghi.it\/wp-content\/uploads\/2018\/08\/paolaweb.jpg\" \/>\n\t<meta property=\"og:image:width\" content=\"688\" \/>\n\t<meta property=\"og:image:height\" content=\"960\" \/>\n\t<meta property=\"og:image:type\" content=\"image\/jpeg\" \/>\n<meta name=\"twitter:card\" content=\"summary\" \/>\n<meta name=\"twitter:creator\" content=\"@arteeluoghi\" \/>\n<meta name=\"twitter:site\" content=\"@arteeluoghi\" \/>\n<meta name=\"twitter:label1\" content=\"Scritto da\" \/>\n\t<meta name=\"twitter:data1\" content=\"Staff\" \/>\n\t<meta name=\"twitter:label2\" content=\"Tempo di lettura stimato\" \/>\n\t<meta name=\"twitter:data2\" content=\"2 minuti\" \/>\n<script type=\"application\/ld+json\" class=\"yoast-schema-graph\">{\"@context\":\"https:\/\/schema.org\",\"@graph\":[{\"@type\":\"Organization\",\"@id\":\"https:\/\/arteeluoghi.it\/#organization\",\"name\":\"Arte e Luoghi\",\"url\":\"https:\/\/arteeluoghi.it\/\",\"sameAs\":[\"https:\/\/www.facebook.com\/ArteELuoghi\/\",\"https:\/\/www.instagram.com\/arteeluoghi\/?hl=it\",\"https:\/\/www.youtube.com\/channel\/UCuRVc4JW4-C5sg9rQB-srkw?view_as=subscriber\",\"https:\/\/twitter.com\/arteeluoghi\"],\"logo\":{\"@type\":\"ImageObject\",\"@id\":\"https:\/\/arteeluoghi.it\/#logo\",\"inLanguage\":\"it-IT\",\"url\":\"https:\/\/arteeluoghi.it\/wp-content\/uploads\/2018\/08\/logoinstagramarte.jpg\",\"contentUrl\":\"https:\/\/arteeluoghi.it\/wp-content\/uploads\/2018\/08\/logoinstagramarte.jpg\",\"width\":150,\"height\":150,\"caption\":\"Arte e Luoghi\"},\"image\":{\"@id\":\"https:\/\/arteeluoghi.it\/#logo\"}},{\"@type\":\"WebSite\",\"@id\":\"https:\/\/arteeluoghi.it\/#website\",\"url\":\"https:\/\/arteeluoghi.it\/\",\"name\":\"Arte e Luoghi\",\"description\":\"Mensile di arte, cultura, turismo e curiosit\u00e0\",\"publisher\":{\"@id\":\"https:\/\/arteeluoghi.it\/#organization\"},\"potentialAction\":[{\"@type\":\"SearchAction\",\"target\":{\"@type\":\"EntryPoint\",\"urlTemplate\":\"https:\/\/arteeluoghi.it\/?s={search_term_string}\"},\"query-input\":\"required name=search_term_string\"}],\"inLanguage\":\"it-IT\"},{\"@type\":\"ImageObject\",\"@id\":\"https:\/\/arteeluoghi.it\/index.php\/2018\/08\/05\/quando-gli-asini-voleranno-il-romanzo-di-anna-paola-pascali\/#primaryimage\",\"inLanguage\":\"it-IT\",\"url\":\"https:\/\/arteeluoghi.it\/wp-content\/uploads\/2018\/08\/paolaweb.jpg\",\"contentUrl\":\"https:\/\/arteeluoghi.it\/wp-content\/uploads\/2018\/08\/paolaweb.jpg\",\"width\":688,\"height\":960},{\"@type\":\"WebPage\",\"@id\":\"https:\/\/arteeluoghi.it\/index.php\/2018\/08\/05\/quando-gli-asini-voleranno-il-romanzo-di-anna-paola-pascali\/#webpage\",\"url\":\"https:\/\/arteeluoghi.it\/index.php\/2018\/08\/05\/quando-gli-asini-voleranno-il-romanzo-di-anna-paola-pascali\/\",\"name\":\"Quando gli asini voleranno. Il romanzo di Anna Paola Pascali | Arte e Luoghi\",\"isPartOf\":{\"@id\":\"https:\/\/arteeluoghi.it\/#website\"},\"primaryImageOfPage\":{\"@id\":\"https:\/\/arteeluoghi.it\/index.php\/2018\/08\/05\/quando-gli-asini-voleranno-il-romanzo-di-anna-paola-pascali\/#primaryimage\"},\"datePublished\":\"2018-08-05T21:22:47+00:00\",\"dateModified\":\"2018-08-05T21:37:38+00:00\",\"breadcrumb\":{\"@id\":\"https:\/\/arteeluoghi.it\/index.php\/2018\/08\/05\/quando-gli-asini-voleranno-il-romanzo-di-anna-paola-pascali\/#breadcrumb\"},\"inLanguage\":\"it-IT\",\"potentialAction\":[{\"@type\":\"ReadAction\",\"target\":[\"https:\/\/arteeluoghi.it\/index.php\/2018\/08\/05\/quando-gli-asini-voleranno-il-romanzo-di-anna-paola-pascali\/\"]}]},{\"@type\":\"BreadcrumbList\",\"@id\":\"https:\/\/arteeluoghi.it\/index.php\/2018\/08\/05\/quando-gli-asini-voleranno-il-romanzo-di-anna-paola-pascali\/#breadcrumb\",\"itemListElement\":[{\"@type\":\"ListItem\",\"position\":1,\"name\":\"Home\",\"item\":\"https:\/\/arteeluoghi.it\/\"},{\"@type\":\"ListItem\",\"position\":2,\"name\":\"Quando gli asini voleranno. Il romanzo di Anna Paola Pascali\"}]},{\"@type\":\"Article\",\"@id\":\"https:\/\/arteeluoghi.it\/index.php\/2018\/08\/05\/quando-gli-asini-voleranno-il-romanzo-di-anna-paola-pascali\/#article\",\"isPartOf\":{\"@id\":\"https:\/\/arteeluoghi.it\/index.php\/2018\/08\/05\/quando-gli-asini-voleranno-il-romanzo-di-anna-paola-pascali\/#webpage\"},\"author\":{\"@id\":\"https:\/\/arteeluoghi.it\/#\/schema\/person\/f84e814e36e91e01448ee07eaadd41d4\"},\"headline\":\"Quando gli asini voleranno. Il romanzo di Anna Paola Pascali\",\"datePublished\":\"2018-08-05T21:22:47+00:00\",\"dateModified\":\"2018-08-05T21:37:38+00:00\",\"mainEntityOfPage\":{\"@id\":\"https:\/\/arteeluoghi.it\/index.php\/2018\/08\/05\/quando-gli-asini-voleranno-il-romanzo-di-anna-paola-pascali\/#webpage\"},\"wordCount\":415,\"commentCount\":0,\"publisher\":{\"@id\":\"https:\/\/arteeluoghi.it\/#organization\"},\"image\":{\"@id\":\"https:\/\/arteeluoghi.it\/index.php\/2018\/08\/05\/quando-gli-asini-voleranno-il-romanzo-di-anna-paola-pascali\/#primaryimage\"},\"thumbnailUrl\":\"https:\/\/arteeluoghi.it\/wp-content\/uploads\/2018\/08\/paolaweb.jpg\",\"keywords\":[\"amicizia\",\"amore\",\"Anna Paola Pascali\",\"Quando gli asini voleranno\",\"solitudine\",\"violenza\",\"vita\"],\"articleSection\":[\"LIBRI\"],\"inLanguage\":\"it-IT\",\"potentialAction\":[{\"@type\":\"CommentAction\",\"name\":\"Comment\",\"target\":[\"https:\/\/arteeluoghi.it\/index.php\/2018\/08\/05\/quando-gli-asini-voleranno-il-romanzo-di-anna-paola-pascali\/#respond\"]}]},{\"@type\":\"Person\",\"@id\":\"https:\/\/arteeluoghi.it\/#\/schema\/person\/f84e814e36e91e01448ee07eaadd41d4\",\"name\":\"Staff\",\"image\":{\"@type\":\"ImageObject\",\"@id\":\"https:\/\/arteeluoghi.it\/#personlogo\",\"inLanguage\":\"it-IT\",\"url\":\"https:\/\/secure.gravatar.com\/avatar\/49d2f9e46271bb04e19cebfaf141313a?s=96&d=blank&r=g\",\"contentUrl\":\"https:\/\/secure.gravatar.com\/avatar\/49d2f9e46271bb04e19cebfaf141313a?s=96&d=blank&r=g\",\"caption\":\"Staff\"}}]}<\/script>\n<!-- \/ Yoast SEO plugin. -->","yoast_head_json":{"title":"Quando gli asini voleranno. Il romanzo di Anna Paola Pascali | Arte e Luoghi","robots":{"index":"index","follow":"follow","max-snippet":"max-snippet:-1","max-image-preview":"max-image-preview:large","max-video-preview":"max-video-preview:-1"},"canonical":"https:\/\/arteeluoghi.it\/index.php\/2018\/08\/05\/quando-gli-asini-voleranno-il-romanzo-di-anna-paola-pascali\/","og_locale":"it_IT","og_type":"article","og_title":"Quando gli asini voleranno. Il romanzo di Anna Paola Pascali | Arte e Luoghi","og_description":"Si intitola \u201cQuando gli asini voleranno\u201d il romanzo di Anna Paola Pascali che si presenta il 13 agosto a Melendugno","og_url":"https:\/\/arteeluoghi.it\/index.php\/2018\/08\/05\/quando-gli-asini-voleranno-il-romanzo-di-anna-paola-pascali\/","og_site_name":"Arte e Luoghi","article_publisher":"https:\/\/www.facebook.com\/ArteELuoghi\/","article_published_time":"2018-08-05T21:22:47+00:00","article_modified_time":"2018-08-05T21:37:38+00:00","og_image":[{"width":688,"height":960,"url":"https:\/\/arteeluoghi.it\/wp-content\/uploads\/2018\/08\/paolaweb.jpg","type":"image\/jpeg"}],"twitter_card":"summary","twitter_creator":"@arteeluoghi","twitter_site":"@arteeluoghi","twitter_misc":{"Scritto da":"Staff","Tempo di lettura stimato":"2 minuti"},"schema":{"@context":"https:\/\/schema.org","@graph":[{"@type":"Organization","@id":"https:\/\/arteeluoghi.it\/#organization","name":"Arte e Luoghi","url":"https:\/\/arteeluoghi.it\/","sameAs":["https:\/\/www.facebook.com\/ArteELuoghi\/","https:\/\/www.instagram.com\/arteeluoghi\/?hl=it","https:\/\/www.youtube.com\/channel\/UCuRVc4JW4-C5sg9rQB-srkw?view_as=subscriber","https:\/\/twitter.com\/arteeluoghi"],"logo":{"@type":"ImageObject","@id":"https:\/\/arteeluoghi.it\/#logo","inLanguage":"it-IT","url":"https:\/\/arteeluoghi.it\/wp-content\/uploads\/2018\/08\/logoinstagramarte.jpg","contentUrl":"https:\/\/arteeluoghi.it\/wp-content\/uploads\/2018\/08\/logoinstagramarte.jpg","width":150,"height":150,"caption":"Arte e Luoghi"},"image":{"@id":"https:\/\/arteeluoghi.it\/#logo"}},{"@type":"WebSite","@id":"https:\/\/arteeluoghi.it\/#website","url":"https:\/\/arteeluoghi.it\/","name":"Arte e Luoghi","description":"Mensile di arte, cultura, turismo e curiosit\u00e0","publisher":{"@id":"https:\/\/arteeluoghi.it\/#organization"},"potentialAction":[{"@type":"SearchAction","target":{"@type":"EntryPoint","urlTemplate":"https:\/\/arteeluoghi.it\/?s={search_term_string}"},"query-input":"required name=search_term_string"}],"inLanguage":"it-IT"},{"@type":"ImageObject","@id":"https:\/\/arteeluoghi.it\/index.php\/2018\/08\/05\/quando-gli-asini-voleranno-il-romanzo-di-anna-paola-pascali\/#primaryimage","inLanguage":"it-IT","url":"https:\/\/arteeluoghi.it\/wp-content\/uploads\/2018\/08\/paolaweb.jpg","contentUrl":"https:\/\/arteeluoghi.it\/wp-content\/uploads\/2018\/08\/paolaweb.jpg","width":688,"height":960},{"@type":"WebPage","@id":"https:\/\/arteeluoghi.it\/index.php\/2018\/08\/05\/quando-gli-asini-voleranno-il-romanzo-di-anna-paola-pascali\/#webpage","url":"https:\/\/arteeluoghi.it\/index.php\/2018\/08\/05\/quando-gli-asini-voleranno-il-romanzo-di-anna-paola-pascali\/","name":"Quando gli asini voleranno. Il romanzo di Anna Paola Pascali | Arte e Luoghi","isPartOf":{"@id":"https:\/\/arteeluoghi.it\/#website"},"primaryImageOfPage":{"@id":"https:\/\/arteeluoghi.it\/index.php\/2018\/08\/05\/quando-gli-asini-voleranno-il-romanzo-di-anna-paola-pascali\/#primaryimage"},"datePublished":"2018-08-05T21:22:47+00:00","dateModified":"2018-08-05T21:37:38+00:00","breadcrumb":{"@id":"https:\/\/arteeluoghi.it\/index.php\/2018\/08\/05\/quando-gli-asini-voleranno-il-romanzo-di-anna-paola-pascali\/#breadcrumb"},"inLanguage":"it-IT","potentialAction":[{"@type":"ReadAction","target":["https:\/\/arteeluoghi.it\/index.php\/2018\/08\/05\/quando-gli-asini-voleranno-il-romanzo-di-anna-paola-pascali\/"]}]},{"@type":"BreadcrumbList","@id":"https:\/\/arteeluoghi.it\/index.php\/2018\/08\/05\/quando-gli-asini-voleranno-il-romanzo-di-anna-paola-pascali\/#breadcrumb","itemListElement":[{"@type":"ListItem","position":1,"name":"Home","item":"https:\/\/arteeluoghi.it\/"},{"@type":"ListItem","position":2,"name":"Quando gli asini voleranno. Il romanzo di Anna Paola Pascali"}]},{"@type":"Article","@id":"https:\/\/arteeluoghi.it\/index.php\/2018\/08\/05\/quando-gli-asini-voleranno-il-romanzo-di-anna-paola-pascali\/#article","isPartOf":{"@id":"https:\/\/arteeluoghi.it\/index.php\/2018\/08\/05\/quando-gli-asini-voleranno-il-romanzo-di-anna-paola-pascali\/#webpage"},"author":{"@id":"https:\/\/arteeluoghi.it\/#\/schema\/person\/f84e814e36e91e01448ee07eaadd41d4"},"headline":"Quando gli asini voleranno. Il romanzo di Anna Paola Pascali","datePublished":"2018-08-05T21:22:47+00:00","dateModified":"2018-08-05T21:37:38+00:00","mainEntityOfPage":{"@id":"https:\/\/arteeluoghi.it\/index.php\/2018\/08\/05\/quando-gli-asini-voleranno-il-romanzo-di-anna-paola-pascali\/#webpage"},"wordCount":415,"commentCount":0,"publisher":{"@id":"https:\/\/arteeluoghi.it\/#organization"},"image":{"@id":"https:\/\/arteeluoghi.it\/index.php\/2018\/08\/05\/quando-gli-asini-voleranno-il-romanzo-di-anna-paola-pascali\/#primaryimage"},"thumbnailUrl":"https:\/\/arteeluoghi.it\/wp-content\/uploads\/2018\/08\/paolaweb.jpg","keywords":["amicizia","amore","Anna Paola Pascali","Quando gli asini voleranno","solitudine","violenza","vita"],"articleSection":["LIBRI"],"inLanguage":"it-IT","potentialAction":[{"@type":"CommentAction","name":"Comment","target":["https:\/\/arteeluoghi.it\/index.php\/2018\/08\/05\/quando-gli-asini-voleranno-il-romanzo-di-anna-paola-pascali\/#respond"]}]},{"@type":"Person","@id":"https:\/\/arteeluoghi.it\/#\/schema\/person\/f84e814e36e91e01448ee07eaadd41d4","name":"Staff","image":{"@type":"ImageObject","@id":"https:\/\/arteeluoghi.it\/#personlogo","inLanguage":"it-IT","url":"https:\/\/secure.gravatar.com\/avatar\/49d2f9e46271bb04e19cebfaf141313a?s=96&d=blank&r=g","contentUrl":"https:\/\/secure.gravatar.com\/avatar\/49d2f9e46271bb04e19cebfaf141313a?s=96&d=blank&r=g","caption":"Staff"}}]}},"_links":{"self":[{"href":"https:\/\/arteeluoghi.it\/index.php\/wp-json\/wp\/v2\/posts\/5879"}],"collection":[{"href":"https:\/\/arteeluoghi.it\/index.php\/wp-json\/wp\/v2\/posts"}],"about":[{"href":"https:\/\/arteeluoghi.it\/index.php\/wp-json\/wp\/v2\/types\/post"}],"author":[{"embeddable":true,"href":"https:\/\/arteeluoghi.it\/index.php\/wp-json\/wp\/v2\/users\/1"}],"replies":[{"embeddable":true,"href":"https:\/\/arteeluoghi.it\/index.php\/wp-json\/wp\/v2\/comments?post=5879"}],"version-history":[{"count":1,"href":"https:\/\/arteeluoghi.it\/index.php\/wp-json\/wp\/v2\/posts\/5879\/revisions"}],"predecessor-version":[{"id":5882,"href":"https:\/\/arteeluoghi.it\/index.php\/wp-json\/wp\/v2\/posts\/5879\/revisions\/5882"}],"wp:featuredmedia":[{"embeddable":true,"href":"https:\/\/arteeluoghi.it\/index.php\/wp-json\/wp\/v2\/media\/5881"}],"wp:attachment":[{"href":"https:\/\/arteeluoghi.it\/index.php\/wp-json\/wp\/v2\/media?parent=5879"}],"wp:term":[{"taxonomy":"category","embeddable":true,"href":"https:\/\/arteeluoghi.it\/index.php\/wp-json\/wp\/v2\/categories?post=5879"},{"taxonomy":"post_tag","embeddable":true,"href":"https:\/\/arteeluoghi.it\/index.php\/wp-json\/wp\/v2\/tags?post=5879"}],"curies":[{"name":"wp","href":"https:\/\/api.w.org\/{rel}","templated":true}]}}