{"id":596,"date":"2012-03-13T19:59:09","date_gmt":"2012-03-13T18:59:09","guid":{"rendered":"http:\/\/arteeluoghi.it\/index.php\/2012\/03\/13\/una-fattoria-biologica-tra-le-colline-marchigiane\/"},"modified":"2017-08-14T04:05:55","modified_gmt":"2017-08-14T02:05:55","slug":"una-fattoria-biologica-tra-le-colline-marchigiane","status":"publish","type":"post","link":"https:\/\/arteeluoghi.it\/index.php\/2012\/03\/13\/una-fattoria-biologica-tra-le-colline-marchigiane\/","title":{"rendered":"Una fattoria biologica tra le colline marchigiane"},"content":{"rendered":"<p><img src=\"\/images\/stories\/agriturismocolleregnano.jpg\" border=\"0\" width=\"300\" style=\"float: left; margin: 21px; border: 0pt none;\" \/>A Colle Regnano un convegno sulle strutture ricettive ecosostenibili<\/p>\n<p><strong>Un agriturismo ecosostenibile trai dolci pendii delle colline marchigiane<\/strong><\/p>\n<p>\u00a0<\/p>\n<p>\u00a0<\/p>\n<p>\u00a0<\/p>\n<p>Un convegno, sabato 17 marzo,\u00a0 sul tema delle strutture ricettive ecosostenibili e una festa domenica 18 marzo, per il taglio del nastro del nuovo ristorante\u00a0 dell\u2019Agriturismo Colle Regnano.<\/p>\n<p>Una fattoria biologia tra le colline marchigiane, un luogo ideale per trascorrere una vacanza in pieno relax e nel segno della natura incontaminata. Grande attenzione all&#8217;ambiente \u00e8 stato dato per la costruzione del nuovo ristorante che si classifica nella classe energetica A per quanto concerne il risparmio energetico. E di ecosostenibilit\u00e0 si discuter\u00e0 sabato 17, a partire dalle ore 10.00, nell&#8217;incontro organizzato grazie alla collaborazione con i progettisti della ristrutturazione e\u00a0 l\u2019Ordine degli Architetti della provincia di Macerata.<\/p>\n<p>\u201cAgriturismo ecosostenibile\u201d \u00e8 il tema della convegno patrocinato dal Comune di Tolentino, Camera di Commercio di Macerata, Legambiente e Coldiretti Marche, con l&#8217;intento di\u00a0 coinvolgere vari soggetti interessati: istituzioni, progettisti, imprese, operatori, privati.<\/p>\n<p>Ad Enzo Fusari, Presidente Ordine degli Architetti della provincia di Macerata, \u00e8 affidato il coordinamento dell&#8217;incontro al quale prenderanno parte Luigino Quarchioni, Presidente Legambiente Marche, Francesco Fucili, Presidente Coldiretti Macerata, Giuliano Bianchi, Presidente Camera di Commercio Macerata; l\u2019intervento di ristrutturazione verr\u00e0 illustrato dai progettisti Alberto Cespi (aspetto architettonico), Daniele Paciaroni (aspetto strutturale) e Timothy Daniel Brownlee (aspetto energetico); le conclusioni spetteranno ad Alessandro Bruni, Assessore Ambiente e Vicesindaco Comune Tolentino, a Massimiliano Bianchini, Assessore Turismo Provincia Macerata e a Paolo Petrini, Assessore Agricoltura e Vicepresidente Regione Marche.<\/p>\n<p>\u00a0<\/p>\n<p>  <!--more-->  <\/p>\n<p>Al termine visita alla struttura e buffet di prodotti biologici dell\u2019Agriturismo Colle Regnano.<br \/>Il Ristorante Regnano \u00e8 stato progettato in architettura bioclimatica, basata sul presupposto della regolazione del clima interno agli edifici, utilizzando le potenzialit\u00e0\u00a0 delle forze della natura per creare migliori condizioni di vita e caratterizzato da fabbisogni di energia drasticamente ridotti rispetto lo standard: per questi motivi rientra nella Classe energetica A, uno dei primi esempi tra gli agriturismi della regione Marche. L\u2019edificio \u00e8 stato interamente costruito in legno per la caratteristica totalmente naturale del materiale, unico fra quelli da costruzione che respira, duraturo, antisismico e resistente al fuoco, per limitare il consumo di risorse non rinnovabili, utilizzare materiali non nocivi ed ecologici, ridurre al minimo l\u2019impatto sulla salute e sull\u2019ambiente, secondo i canoni della bioedilizia. La tipologia della costruzione riprende in parte quella tradizionale del fienile ed in parte quella della torre colombaia, che costituiscono uno dei segni pi\u00f9 antichi dell\u2019architettura rurale. Il piano terra accoglie il ristorante con relativi servizi, oltre un\u2019ampia e panoramica terrazza, sospesa nella vallata, ove si possono ammirare le dolci colline marchigiane nello scenario dei Monti Sibillini. Nella torre colombaia al primo piano \u00e8 ricavata una esclusiva e riservata camera con bagno per gli ospiti dell\u2019agriturismo (http:\/\/www.colleregnano.it\/khjkpo\/ristorante\/). <br \/>L\u2019edificio, posizionato tra la piscina e la casa colonica destinata ad alloggi, \u00e8 in parte intonacato e in parte presenta una muratura faccia a vista realizzata con mattoni vecchi, mentre la copertura \u00e8 in coppi di recupero. All\u2019interno predomina la struttura del tetto composta da travature in legno con impalcato in tavolame, il tutto dipinto di bianco opalescente per lasciare a vista le venature del legno e contemporaneamente rispettare la tradizione che voleva i soffitti lignei dipinti a calce. Il ristorante si sviluppa al piano terra, da cui si pu\u00f2 accedere alla terrazza ove lo sguardo si apre su un panorama che fa respirare a pieni polmoni tutta l&#8217;atmosfera del territorio marchigiano, in perfetta simbiosi con lo scenario dei Sibillini e delle colline circostanti. Il risultato \u00e8 un&#8217;opera pensata per utilizzare al meglio la potenzialit\u00e0 delle forze della natura e del paesaggio circostante, con uso di fonti rinnovabili e tecnologie per il risparmio energetico. La volont\u00e0 di realizzare il ristorante totalmente in architettura bioclimatica \u00e8 la naturale evoluzione di una sana attivit\u00e0 agricola multifunzionale, attenta a creare armonia tra natura, territorio ed ospitalit\u00e0.<br \/>Agriturismo Colle Regnano \u00e8 posizionato in mezzo a bellissime campagne maceratesi, a met\u00e0 strada tra Tolentino e San Ginesio. La struttura nasce da subito come fattoria ecologica, attuando una politica di sviluppo e promozione del turismo sostenibile. Il casolare di met\u00e0 \u2018800 \u00e8 stato ristrutturato nel pieno rispetto dell\u2019ambiente, con particolare attenzione alla qualit\u00e0 degli impianti, al risparmio energetico e delle risorse, alla corretta gestione dei rifiuti e all\u2019uso di fonti rinnovabili, installando un impianto di pannelli fotovoltaici, uno solare termico e un sistema di recupero delle acque reflue.<\/p>\n<p>\u00a0<\/p>\n<p>Colle Regnano in c.da Casadicristo n. 11 a Tolentino, 62029 TOLENTINO (MC) &#8211; Tel.\/Fax +39.0733.967691 &#8211; Cell. +39.335.1278072<br \/>agriturismo@colleregnano.it &#8211; www.colleregnano.it<\/p>\n<p>(red. Arte e Luoghi)<\/p>\n","protected":false},"excerpt":{"rendered":"<p>A Colle Regnano un convegno sulle strutture ricettive ecosostenibili Un agriturismo ecosostenibile trai dolci pendii delle colline marchigiane \u00a0 \u00a0<\/p>\n","protected":false},"author":1,"featured_media":0,"comment_status":"open","ping_status":"open","sticky":false,"template":"","format":"standard","meta":[],"categories":[30],"tags":[],"yoast_head":"<!-- This site is optimized with the Yoast SEO plugin v18.0 - https:\/\/yoast.com\/wordpress\/plugins\/seo\/ -->\n<title>Una fattoria biologica tra le colline marchigiane | Arte e Luoghi<\/title>\n<meta name=\"robots\" content=\"index, follow, max-snippet:-1, max-image-preview:large, max-video-preview:-1\" \/>\n<link rel=\"canonical\" href=\"https:\/\/arteeluoghi.it\/index.php\/2012\/03\/13\/una-fattoria-biologica-tra-le-colline-marchigiane\/\" \/>\n<meta property=\"og:locale\" content=\"it_IT\" \/>\n<meta property=\"og:type\" content=\"article\" \/>\n<meta property=\"og:title\" content=\"Una fattoria biologica tra le colline marchigiane | Arte e Luoghi\" \/>\n<meta property=\"og:description\" content=\"A Colle Regnano un convegno sulle strutture ricettive ecosostenibili Un agriturismo ecosostenibile trai dolci pendii delle colline marchigiane \u00a0 \u00a0\" \/>\n<meta property=\"og:url\" content=\"https:\/\/arteeluoghi.it\/index.php\/2012\/03\/13\/una-fattoria-biologica-tra-le-colline-marchigiane\/\" \/>\n<meta property=\"og:site_name\" content=\"Arte e Luoghi\" \/>\n<meta property=\"article:publisher\" content=\"https:\/\/www.facebook.com\/ArteELuoghi\/\" \/>\n<meta property=\"article:published_time\" content=\"2012-03-13T18:59:09+00:00\" \/>\n<meta property=\"article:modified_time\" content=\"2017-08-14T02:05:55+00:00\" \/>\n<meta property=\"og:image\" content=\"https:\/\/arteeluoghi.it\/images\/stories\/agriturismocolleregnano.jpg\" \/>\n<meta name=\"twitter:card\" content=\"summary\" \/>\n<meta name=\"twitter:creator\" content=\"@arteeluoghi\" \/>\n<meta name=\"twitter:site\" content=\"@arteeluoghi\" \/>\n<meta name=\"twitter:label1\" content=\"Scritto da\" \/>\n\t<meta name=\"twitter:data1\" content=\"Staff\" \/>\n\t<meta name=\"twitter:label2\" content=\"Tempo di lettura stimato\" \/>\n\t<meta name=\"twitter:data2\" content=\"4 minuti\" \/>\n<script type=\"application\/ld+json\" class=\"yoast-schema-graph\">{\"@context\":\"https:\/\/schema.org\",\"@graph\":[{\"@type\":\"Organization\",\"@id\":\"https:\/\/arteeluoghi.it\/#organization\",\"name\":\"Arte e Luoghi\",\"url\":\"https:\/\/arteeluoghi.it\/\",\"sameAs\":[\"https:\/\/www.facebook.com\/ArteELuoghi\/\",\"https:\/\/www.instagram.com\/arteeluoghi\/?hl=it\",\"https:\/\/www.youtube.com\/channel\/UCuRVc4JW4-C5sg9rQB-srkw?view_as=subscriber\",\"https:\/\/twitter.com\/arteeluoghi\"],\"logo\":{\"@type\":\"ImageObject\",\"@id\":\"https:\/\/arteeluoghi.it\/#logo\",\"inLanguage\":\"it-IT\",\"url\":\"https:\/\/arteeluoghi.it\/wp-content\/uploads\/2018\/08\/logoinstagramarte.jpg\",\"contentUrl\":\"https:\/\/arteeluoghi.it\/wp-content\/uploads\/2018\/08\/logoinstagramarte.jpg\",\"width\":150,\"height\":150,\"caption\":\"Arte e Luoghi\"},\"image\":{\"@id\":\"https:\/\/arteeluoghi.it\/#logo\"}},{\"@type\":\"WebSite\",\"@id\":\"https:\/\/arteeluoghi.it\/#website\",\"url\":\"https:\/\/arteeluoghi.it\/\",\"name\":\"Arte e Luoghi\",\"description\":\"Mensile di arte, cultura, turismo e curiosit\u00e0\",\"publisher\":{\"@id\":\"https:\/\/arteeluoghi.it\/#organization\"},\"potentialAction\":[{\"@type\":\"SearchAction\",\"target\":{\"@type\":\"EntryPoint\",\"urlTemplate\":\"https:\/\/arteeluoghi.it\/?s={search_term_string}\"},\"query-input\":\"required name=search_term_string\"}],\"inLanguage\":\"it-IT\"},{\"@type\":\"ImageObject\",\"@id\":\"https:\/\/arteeluoghi.it\/index.php\/2012\/03\/13\/una-fattoria-biologica-tra-le-colline-marchigiane\/#primaryimage\",\"inLanguage\":\"it-IT\",\"url\":\"\/images\/stories\/agriturismocolleregnano.jpg\",\"contentUrl\":\"\/images\/stories\/agriturismocolleregnano.jpg\"},{\"@type\":\"WebPage\",\"@id\":\"https:\/\/arteeluoghi.it\/index.php\/2012\/03\/13\/una-fattoria-biologica-tra-le-colline-marchigiane\/#webpage\",\"url\":\"https:\/\/arteeluoghi.it\/index.php\/2012\/03\/13\/una-fattoria-biologica-tra-le-colline-marchigiane\/\",\"name\":\"Una fattoria biologica tra le colline marchigiane | Arte e Luoghi\",\"isPartOf\":{\"@id\":\"https:\/\/arteeluoghi.it\/#website\"},\"primaryImageOfPage\":{\"@id\":\"https:\/\/arteeluoghi.it\/index.php\/2012\/03\/13\/una-fattoria-biologica-tra-le-colline-marchigiane\/#primaryimage\"},\"datePublished\":\"2012-03-13T18:59:09+00:00\",\"dateModified\":\"2017-08-14T02:05:55+00:00\",\"breadcrumb\":{\"@id\":\"https:\/\/arteeluoghi.it\/index.php\/2012\/03\/13\/una-fattoria-biologica-tra-le-colline-marchigiane\/#breadcrumb\"},\"inLanguage\":\"it-IT\",\"potentialAction\":[{\"@type\":\"ReadAction\",\"target\":[\"https:\/\/arteeluoghi.it\/index.php\/2012\/03\/13\/una-fattoria-biologica-tra-le-colline-marchigiane\/\"]}]},{\"@type\":\"BreadcrumbList\",\"@id\":\"https:\/\/arteeluoghi.it\/index.php\/2012\/03\/13\/una-fattoria-biologica-tra-le-colline-marchigiane\/#breadcrumb\",\"itemListElement\":[{\"@type\":\"ListItem\",\"position\":1,\"name\":\"Home\",\"item\":\"https:\/\/arteeluoghi.it\/\"},{\"@type\":\"ListItem\",\"position\":2,\"name\":\"Una fattoria biologica tra le colline marchigiane\"}]},{\"@type\":\"Article\",\"@id\":\"https:\/\/arteeluoghi.it\/index.php\/2012\/03\/13\/una-fattoria-biologica-tra-le-colline-marchigiane\/#article\",\"isPartOf\":{\"@id\":\"https:\/\/arteeluoghi.it\/index.php\/2012\/03\/13\/una-fattoria-biologica-tra-le-colline-marchigiane\/#webpage\"},\"author\":{\"@id\":\"https:\/\/arteeluoghi.it\/#\/schema\/person\/f84e814e36e91e01448ee07eaadd41d4\"},\"headline\":\"Una fattoria biologica tra le colline marchigiane\",\"datePublished\":\"2012-03-13T18:59:09+00:00\",\"dateModified\":\"2017-08-14T02:05:55+00:00\",\"mainEntityOfPage\":{\"@id\":\"https:\/\/arteeluoghi.it\/index.php\/2012\/03\/13\/una-fattoria-biologica-tra-le-colline-marchigiane\/#webpage\"},\"wordCount\":757,\"commentCount\":0,\"publisher\":{\"@id\":\"https:\/\/arteeluoghi.it\/#organization\"},\"image\":{\"@id\":\"https:\/\/arteeluoghi.it\/index.php\/2012\/03\/13\/una-fattoria-biologica-tra-le-colline-marchigiane\/#primaryimage\"},\"thumbnailUrl\":\"\/images\/stories\/agriturismocolleregnano.jpg\",\"articleSection\":[\"Turismo | geografica-mente\"],\"inLanguage\":\"it-IT\",\"potentialAction\":[{\"@type\":\"CommentAction\",\"name\":\"Comment\",\"target\":[\"https:\/\/arteeluoghi.it\/index.php\/2012\/03\/13\/una-fattoria-biologica-tra-le-colline-marchigiane\/#respond\"]}]},{\"@type\":\"Person\",\"@id\":\"https:\/\/arteeluoghi.it\/#\/schema\/person\/f84e814e36e91e01448ee07eaadd41d4\",\"name\":\"Staff\",\"image\":{\"@type\":\"ImageObject\",\"@id\":\"https:\/\/arteeluoghi.it\/#personlogo\",\"inLanguage\":\"it-IT\",\"url\":\"https:\/\/secure.gravatar.com\/avatar\/49d2f9e46271bb04e19cebfaf141313a?s=96&d=blank&r=g\",\"contentUrl\":\"https:\/\/secure.gravatar.com\/avatar\/49d2f9e46271bb04e19cebfaf141313a?s=96&d=blank&r=g\",\"caption\":\"Staff\"}}]}<\/script>\n<!-- \/ Yoast SEO plugin. -->","yoast_head_json":{"title":"Una fattoria biologica tra le colline marchigiane | Arte e Luoghi","robots":{"index":"index","follow":"follow","max-snippet":"max-snippet:-1","max-image-preview":"max-image-preview:large","max-video-preview":"max-video-preview:-1"},"canonical":"https:\/\/arteeluoghi.it\/index.php\/2012\/03\/13\/una-fattoria-biologica-tra-le-colline-marchigiane\/","og_locale":"it_IT","og_type":"article","og_title":"Una fattoria biologica tra le colline marchigiane | Arte e Luoghi","og_description":"A Colle Regnano un convegno sulle strutture ricettive ecosostenibili Un agriturismo ecosostenibile trai dolci pendii delle colline marchigiane \u00a0 \u00a0","og_url":"https:\/\/arteeluoghi.it\/index.php\/2012\/03\/13\/una-fattoria-biologica-tra-le-colline-marchigiane\/","og_site_name":"Arte e Luoghi","article_publisher":"https:\/\/www.facebook.com\/ArteELuoghi\/","article_published_time":"2012-03-13T18:59:09+00:00","article_modified_time":"2017-08-14T02:05:55+00:00","og_image":[{"url":"https:\/\/arteeluoghi.it\/images\/stories\/agriturismocolleregnano.jpg"}],"twitter_card":"summary","twitter_creator":"@arteeluoghi","twitter_site":"@arteeluoghi","twitter_misc":{"Scritto da":"Staff","Tempo di lettura stimato":"4 minuti"},"schema":{"@context":"https:\/\/schema.org","@graph":[{"@type":"Organization","@id":"https:\/\/arteeluoghi.it\/#organization","name":"Arte e Luoghi","url":"https:\/\/arteeluoghi.it\/","sameAs":["https:\/\/www.facebook.com\/ArteELuoghi\/","https:\/\/www.instagram.com\/arteeluoghi\/?hl=it","https:\/\/www.youtube.com\/channel\/UCuRVc4JW4-C5sg9rQB-srkw?view_as=subscriber","https:\/\/twitter.com\/arteeluoghi"],"logo":{"@type":"ImageObject","@id":"https:\/\/arteeluoghi.it\/#logo","inLanguage":"it-IT","url":"https:\/\/arteeluoghi.it\/wp-content\/uploads\/2018\/08\/logoinstagramarte.jpg","contentUrl":"https:\/\/arteeluoghi.it\/wp-content\/uploads\/2018\/08\/logoinstagramarte.jpg","width":150,"height":150,"caption":"Arte e Luoghi"},"image":{"@id":"https:\/\/arteeluoghi.it\/#logo"}},{"@type":"WebSite","@id":"https:\/\/arteeluoghi.it\/#website","url":"https:\/\/arteeluoghi.it\/","name":"Arte e Luoghi","description":"Mensile di arte, cultura, turismo e curiosit\u00e0","publisher":{"@id":"https:\/\/arteeluoghi.it\/#organization"},"potentialAction":[{"@type":"SearchAction","target":{"@type":"EntryPoint","urlTemplate":"https:\/\/arteeluoghi.it\/?s={search_term_string}"},"query-input":"required name=search_term_string"}],"inLanguage":"it-IT"},{"@type":"ImageObject","@id":"https:\/\/arteeluoghi.it\/index.php\/2012\/03\/13\/una-fattoria-biologica-tra-le-colline-marchigiane\/#primaryimage","inLanguage":"it-IT","url":"\/images\/stories\/agriturismocolleregnano.jpg","contentUrl":"\/images\/stories\/agriturismocolleregnano.jpg"},{"@type":"WebPage","@id":"https:\/\/arteeluoghi.it\/index.php\/2012\/03\/13\/una-fattoria-biologica-tra-le-colline-marchigiane\/#webpage","url":"https:\/\/arteeluoghi.it\/index.php\/2012\/03\/13\/una-fattoria-biologica-tra-le-colline-marchigiane\/","name":"Una fattoria biologica tra le colline marchigiane | Arte e Luoghi","isPartOf":{"@id":"https:\/\/arteeluoghi.it\/#website"},"primaryImageOfPage":{"@id":"https:\/\/arteeluoghi.it\/index.php\/2012\/03\/13\/una-fattoria-biologica-tra-le-colline-marchigiane\/#primaryimage"},"datePublished":"2012-03-13T18:59:09+00:00","dateModified":"2017-08-14T02:05:55+00:00","breadcrumb":{"@id":"https:\/\/arteeluoghi.it\/index.php\/2012\/03\/13\/una-fattoria-biologica-tra-le-colline-marchigiane\/#breadcrumb"},"inLanguage":"it-IT","potentialAction":[{"@type":"ReadAction","target":["https:\/\/arteeluoghi.it\/index.php\/2012\/03\/13\/una-fattoria-biologica-tra-le-colline-marchigiane\/"]}]},{"@type":"BreadcrumbList","@id":"https:\/\/arteeluoghi.it\/index.php\/2012\/03\/13\/una-fattoria-biologica-tra-le-colline-marchigiane\/#breadcrumb","itemListElement":[{"@type":"ListItem","position":1,"name":"Home","item":"https:\/\/arteeluoghi.it\/"},{"@type":"ListItem","position":2,"name":"Una fattoria biologica tra le colline marchigiane"}]},{"@type":"Article","@id":"https:\/\/arteeluoghi.it\/index.php\/2012\/03\/13\/una-fattoria-biologica-tra-le-colline-marchigiane\/#article","isPartOf":{"@id":"https:\/\/arteeluoghi.it\/index.php\/2012\/03\/13\/una-fattoria-biologica-tra-le-colline-marchigiane\/#webpage"},"author":{"@id":"https:\/\/arteeluoghi.it\/#\/schema\/person\/f84e814e36e91e01448ee07eaadd41d4"},"headline":"Una fattoria biologica tra le colline marchigiane","datePublished":"2012-03-13T18:59:09+00:00","dateModified":"2017-08-14T02:05:55+00:00","mainEntityOfPage":{"@id":"https:\/\/arteeluoghi.it\/index.php\/2012\/03\/13\/una-fattoria-biologica-tra-le-colline-marchigiane\/#webpage"},"wordCount":757,"commentCount":0,"publisher":{"@id":"https:\/\/arteeluoghi.it\/#organization"},"image":{"@id":"https:\/\/arteeluoghi.it\/index.php\/2012\/03\/13\/una-fattoria-biologica-tra-le-colline-marchigiane\/#primaryimage"},"thumbnailUrl":"\/images\/stories\/agriturismocolleregnano.jpg","articleSection":["Turismo | geografica-mente"],"inLanguage":"it-IT","potentialAction":[{"@type":"CommentAction","name":"Comment","target":["https:\/\/arteeluoghi.it\/index.php\/2012\/03\/13\/una-fattoria-biologica-tra-le-colline-marchigiane\/#respond"]}]},{"@type":"Person","@id":"https:\/\/arteeluoghi.it\/#\/schema\/person\/f84e814e36e91e01448ee07eaadd41d4","name":"Staff","image":{"@type":"ImageObject","@id":"https:\/\/arteeluoghi.it\/#personlogo","inLanguage":"it-IT","url":"https:\/\/secure.gravatar.com\/avatar\/49d2f9e46271bb04e19cebfaf141313a?s=96&d=blank&r=g","contentUrl":"https:\/\/secure.gravatar.com\/avatar\/49d2f9e46271bb04e19cebfaf141313a?s=96&d=blank&r=g","caption":"Staff"}}]}},"_links":{"self":[{"href":"https:\/\/arteeluoghi.it\/index.php\/wp-json\/wp\/v2\/posts\/596"}],"collection":[{"href":"https:\/\/arteeluoghi.it\/index.php\/wp-json\/wp\/v2\/posts"}],"about":[{"href":"https:\/\/arteeluoghi.it\/index.php\/wp-json\/wp\/v2\/types\/post"}],"author":[{"embeddable":true,"href":"https:\/\/arteeluoghi.it\/index.php\/wp-json\/wp\/v2\/users\/1"}],"replies":[{"embeddable":true,"href":"https:\/\/arteeluoghi.it\/index.php\/wp-json\/wp\/v2\/comments?post=596"}],"version-history":[{"count":1,"href":"https:\/\/arteeluoghi.it\/index.php\/wp-json\/wp\/v2\/posts\/596\/revisions"}],"predecessor-version":[{"id":3454,"href":"https:\/\/arteeluoghi.it\/index.php\/wp-json\/wp\/v2\/posts\/596\/revisions\/3454"}],"wp:attachment":[{"href":"https:\/\/arteeluoghi.it\/index.php\/wp-json\/wp\/v2\/media?parent=596"}],"wp:term":[{"taxonomy":"category","embeddable":true,"href":"https:\/\/arteeluoghi.it\/index.php\/wp-json\/wp\/v2\/categories?post=596"},{"taxonomy":"post_tag","embeddable":true,"href":"https:\/\/arteeluoghi.it\/index.php\/wp-json\/wp\/v2\/tags?post=596"}],"curies":[{"name":"wp","href":"https:\/\/api.w.org\/{rel}","templated":true}]}}