{"id":5964,"date":"2018-08-13T19:12:00","date_gmt":"2018-08-13T17:12:00","guid":{"rendered":"https:\/\/arteeluoghi.it\/?p=5964"},"modified":"2018-08-17T20:29:17","modified_gmt":"2018-08-17T18:29:17","slug":"travolti-da-un-insolito-destino-sulle-spiagge-della-sardegna","status":"publish","type":"post","link":"https:\/\/arteeluoghi.it\/index.php\/2018\/08\/13\/travolti-da-un-insolito-destino-sulle-spiagge-della-sardegna\/","title":{"rendered":"Travolti da un insolito destino sulle spiagge della Sardegna"},"content":{"rendered":"<p><img loading=\"lazy\" class=\"size-medium wp-image-5965 alignleft\" src=\"https:\/\/arteeluoghi.it\/wp-content\/uploads\/2018\/08\/locandinatravolti-210x300.jpg\" alt=\"\" width=\"210\" height=\"300\" \/>di Stefano Camb\u00f2<\/p>\n<p>&nbsp;<\/p>\n<p>Quando si pensa ad una grande regista come Lina Wertm\u00fcller, diventa inevitabile associare il suo nome ai titoli dei suoi film quasi sempre lunghissimi e stravaganti, quasi fossero il marchio di fabbrica di uno stile unico ed irripetibile.<\/p>\n<p>Di questo filone fa parte sicuramente anche <em>Travolti da un insolito destino nell\u2019azzurro mare d\u2019agosto<\/em>, diretto dall\u2019eccentrica regista nel lontano 1974 ed interpretato magistralmente da due grandi attori del cinema italiano come Mariangela Melato e Giancarlo Giannini.<\/p>\n<p><!--more-->La trama del film ci fa conoscere fin da subito, Raffaella Pavone Lanzetti, una ricca ragazza della borghesia per bene invasa da principi anticomunisti, che ama passare le vacanze estive su uno yacht in mezzo al mar Mediterraneo assieme ai rampolli dell\u2019alta societ\u00e0 che la circondano.<\/p>\n<p>Durante il viaggio, non fa altro che elogiare il suo rango sociale umiliando all\u2019occorrenza i sottoposti e membri dell\u2019equipaggio, come il povero Gennarino Carunchio, rude marinaio siciliano comunista, che nutre antipatia e disprezzo nei confronti dei ricchi turisti perch\u00e9 costretto suo malgrado a servirli se vuole continuare a sbarcare il lunario.<\/p>\n<p>Gennarino, ligio al dovere da vero uomo del sud, prova a soddisfare tutte le richieste della \u201csua padrona\u201d, fino a quando, a causa di un guasto al motore di un gommone, non si ritrova da solo con la donna in mare aperto.<\/p>\n<p>Approdati a fatica su una spiaggia deserta, per uno strano gioco di circostanze legate alla situazione creatasi, i ruoli s\u2019invertono e la Pavone Lanzetti diventa senza volerlo schiava del marinaio, che sfoga su di lei tutte le sue frustrazioni sociali, scatenando oltre ai rancori e ai dissapori mai sopiti, anche una forte passione amorosa.<\/p>\n<p>Durante il soggiorno entrambi decideranno di mettere alla prova l\u2019amore sbocciato all\u2019improvviso in situazioni rocambolesche se non addirittura paradossali, fino a quando non riusciranno a farsi trarre in salvo e a ritornare alla civilt\u00e0.<\/p>\n<p>Purtroppo, nonostante la forte passione che li lega, il differente status sociale irromper\u00e0 nella loro quotidianit\u00e0 facendoli dividere bruscamente.<\/p>\n<p>Alla fine, il marinaio cercher\u00e0 di convincere la donna a ritornare con lui su quella spiaggia deserta, ma Raffaella non se la sentir\u00e0 e scapper\u00e0 in elicottero con il marito.<\/p>\n<p>A Gennarino non rester\u00e0 che tornare dalla moglie che nel frattempo, ha capito tutto e lo aspetta ansiosa a braccia aperte.<\/p>\n<p>Pur trattandosi di una commedia brillante, il film come nella miglior tradizione legata al nome di Lina Wertm\u00fcller, \u00e8 anche un affresco cinico della societ\u00e0 italiana di quegli anni con le sue contraddizioni evidenti (non lontane dopotutto da quelle che viviamo ancora oggi).<\/p>\n<p>Eppure nonostante i diversi ranghi sociali che li dividono, come se fossero davvero barriere insormontabili, lo spettatore non pu\u00f2 fare a meno di simpatizzare per quella coppia di amanti cos\u00ec diversi e allo stesso tempo cos\u00ec belli, resi indimenticabili dalla meravigliosa Mariangela Melato, perfetta nella sua interpretazione naif e dal rude per non dire rozzo Giancarlo Giannini, convincente nel ruolo del marinaio siciliano.<\/p>\n<p>Eppure, oltre alla regia esuberante e alla bravura degli attori, i veri protagonisti di questa sensuale pellicola sono gli scorci scelti dalla produzione per montare le scene pi\u00f9 piccanti.<\/p>\n<p>Perch\u00e9 un film, per lo pi\u00f9 girato su un\u2019isola deserta, non poteva che non essere ambientato in Sardegna.<\/p>\n<p>O meglio, lungo la sua costa orientale in provincia di Nuoro.<\/p>\n<p>Infatti, per la maggior parte delle riprese, \u00e8 stata scelta <em>la spiaggia di Cala Luna<\/em> nel comune di Bunei, mentre per il momento dello sbarco dei due naufraghi si \u00e8 optato per <em>Cala Fuili<\/em> nel comune di Dorgali- Cala Gonone.<\/p>\n<p>L\u2019aspetto selvaggio e le sue acque cristalline sono diventate lo scenario perfetto per ricostruire l\u2019arrivo della coppia dopo le disavventure a bordo di un gommone in mare aperto.<\/p>\n<p>Non solo, ma la localit\u00e0 scelta dalla regista \u00e8 conosciuta nella zona anche per un\u2019altra interessantissima attrattiva che dista pochi chilometri dal centro storico del paese.<\/p>\n<p>Stiamo parlando della <em>Tomba dei giganti di S\u2019Ena e Thomes<\/em>, un sito archeologico di epoca nuragica, risalente all\u2019et\u00e0 del bronzo.<\/p>\n<p>Questa rara testimonianza di un lontanissimo passato, presenta al suo interno una struttura dolmenica con una stele centrale centinata e un\u2019ampia esedra formata da lastroni conficcati nel terreno e ordinati in grandezza decrescente seguendo uno stile ben preciso di cui non si conoscono le origini.<\/p>\n<p>Il corridoio funerario, di forma rettangolare e lungo circa undici metri, \u00e8 coperto da grandi lastre di pietra disposte a piattabanda.<\/p>\n<p>E con gli occhi estasiati da questa antica bellezza, lasciamo la Tomba dei Giganti nei pressi di Dorgali per ritornare al film e pi\u00f9 precisamente alla celebre scena in cui i protagonisti Giancarlo Giannini e Mariangela Melato si rotolano su una sabbia bianchissima, resa ancora pi\u00f9 suggestiva dai limpidi raggi del sole sardo.<\/p>\n<p>Per quel particolare momento sensuale infatti, \u00e8 stata scelta dalla regista la spiaggia di <em>Capo Comino<\/em>, meravigliosa localit\u00e0 del comune di Siniscola.<\/p>\n<p>Mentre il porto che fa da sfondo all\u2019elicottero che si alza in volo per la scena finale del film \u00e8 quello di Arbatax, in Ogliastra.<\/p>\n<p>C\u2019\u00e8 da dire che la Wertm\u00fcller aveva avuto un illustre predecessore, anch\u2019egli colpito dalle bellezze paesaggistiche della Sardegna, come apripista per la scelta delle locations riguardanti il suo piccolo capolavoro.<\/p>\n<p>Infatti, dieci anni prima, il maestro Michelangelo Antonioni, aveva girato qui alcune scene di Deserto Rosso, il suo primo film a colori.<\/p>\n<p>La pellicola si aggiudic\u00f2 l\u2019anno successivo il Nastro D\u2019argento per la migliore fotografia, facendo conoscere, in una delle scene pi\u00f9 belle (quella del sogno raccontato dalla protagonista al figlio), la bellissima e incantata <em>spiaggia rosa di Budelli<\/em>.<\/p>\n<p>E con l\u2019immagine di questa meraviglia ancora impressa nella mente, lasciamo la Sardegna e le sue acque cristalline con una frase storica del film pronunciata da Giancarlo Giannini, ormai deluso ed ubriaco, poco prima del finale e che omaggia il famoso Epodo di Strasburgo, struggente poesia della lirica greca antica, attribuita ad Archiloco o ad Ipponatte:<\/p>\n<p><em>\u201cOh, mare traditore\u2026 Che mi fosti amico un tempo e che poi mi camminasti sopra il cuore!\u201d<\/em><\/p>\n<p>&nbsp;<\/p>\n<p>&nbsp;<\/p>\n","protected":false},"excerpt":{"rendered":"<p>di Stefano Camb\u00f2 &nbsp; Quando si pensa ad una grande regista come Lina Wertm\u00fcller, diventa inevitabile associare il suo nome<\/p>\n","protected":false},"author":1,"featured_media":5966,"comment_status":"open","ping_status":"open","sticky":true,"template":"","format":"standard","meta":[],"categories":[110],"tags":[1245,1243,1244],"yoast_head":"<!-- This site is optimized with the Yoast SEO plugin v18.0 - https:\/\/yoast.com\/wordpress\/plugins\/seo\/ -->\n<title>Travolti da un insolito destino sulle spiagge della Sardegna | Arte e Luoghi<\/title>\n<meta name=\"robots\" content=\"index, follow, max-snippet:-1, max-image-preview:large, max-video-preview:-1\" \/>\n<link rel=\"canonical\" href=\"https:\/\/arteeluoghi.it\/index.php\/2018\/08\/13\/travolti-da-un-insolito-destino-sulle-spiagge-della-sardegna\/\" \/>\n<meta property=\"og:locale\" content=\"it_IT\" \/>\n<meta property=\"og:type\" content=\"article\" \/>\n<meta property=\"og:title\" content=\"Travolti da un insolito destino sulle spiagge della Sardegna | Arte e Luoghi\" \/>\n<meta property=\"og:description\" content=\"di Stefano Camb\u00f2 &nbsp; Quando si pensa ad una grande regista come Lina Wertm\u00fcller, diventa inevitabile associare il suo nome\" \/>\n<meta property=\"og:url\" content=\"https:\/\/arteeluoghi.it\/index.php\/2018\/08\/13\/travolti-da-un-insolito-destino-sulle-spiagge-della-sardegna\/\" \/>\n<meta property=\"og:site_name\" content=\"Arte e Luoghi\" \/>\n<meta property=\"article:publisher\" content=\"https:\/\/www.facebook.com\/ArteELuoghi\/\" \/>\n<meta property=\"article:published_time\" content=\"2018-08-13T17:12:00+00:00\" \/>\n<meta property=\"article:modified_time\" content=\"2018-08-17T18:29:17+00:00\" \/>\n<meta property=\"og:image\" content=\"https:\/\/arteeluoghi.it\/wp-content\/uploads\/2018\/08\/melato.jpg\" \/>\n\t<meta property=\"og:image:width\" content=\"450\" \/>\n\t<meta property=\"og:image:height\" content=\"256\" \/>\n\t<meta property=\"og:image:type\" content=\"image\/jpeg\" \/>\n<meta name=\"twitter:card\" content=\"summary\" \/>\n<meta name=\"twitter:creator\" content=\"@arteeluoghi\" \/>\n<meta name=\"twitter:site\" content=\"@arteeluoghi\" \/>\n<meta name=\"twitter:label1\" content=\"Scritto da\" \/>\n\t<meta name=\"twitter:data1\" content=\"Staff\" \/>\n\t<meta name=\"twitter:label2\" content=\"Tempo di lettura stimato\" \/>\n\t<meta name=\"twitter:data2\" content=\"5 minuti\" \/>\n<script type=\"application\/ld+json\" class=\"yoast-schema-graph\">{\"@context\":\"https:\/\/schema.org\",\"@graph\":[{\"@type\":\"Organization\",\"@id\":\"https:\/\/arteeluoghi.it\/#organization\",\"name\":\"Arte e Luoghi\",\"url\":\"https:\/\/arteeluoghi.it\/\",\"sameAs\":[\"https:\/\/www.facebook.com\/ArteELuoghi\/\",\"https:\/\/www.instagram.com\/arteeluoghi\/?hl=it\",\"https:\/\/www.youtube.com\/channel\/UCuRVc4JW4-C5sg9rQB-srkw?view_as=subscriber\",\"https:\/\/twitter.com\/arteeluoghi\"],\"logo\":{\"@type\":\"ImageObject\",\"@id\":\"https:\/\/arteeluoghi.it\/#logo\",\"inLanguage\":\"it-IT\",\"url\":\"https:\/\/arteeluoghi.it\/wp-content\/uploads\/2018\/08\/logoinstagramarte.jpg\",\"contentUrl\":\"https:\/\/arteeluoghi.it\/wp-content\/uploads\/2018\/08\/logoinstagramarte.jpg\",\"width\":150,\"height\":150,\"caption\":\"Arte e Luoghi\"},\"image\":{\"@id\":\"https:\/\/arteeluoghi.it\/#logo\"}},{\"@type\":\"WebSite\",\"@id\":\"https:\/\/arteeluoghi.it\/#website\",\"url\":\"https:\/\/arteeluoghi.it\/\",\"name\":\"Arte e Luoghi\",\"description\":\"Mensile di arte, cultura, turismo e curiosit\u00e0\",\"publisher\":{\"@id\":\"https:\/\/arteeluoghi.it\/#organization\"},\"potentialAction\":[{\"@type\":\"SearchAction\",\"target\":{\"@type\":\"EntryPoint\",\"urlTemplate\":\"https:\/\/arteeluoghi.it\/?s={search_term_string}\"},\"query-input\":\"required name=search_term_string\"}],\"inLanguage\":\"it-IT\"},{\"@type\":\"ImageObject\",\"@id\":\"https:\/\/arteeluoghi.it\/index.php\/2018\/08\/13\/travolti-da-un-insolito-destino-sulle-spiagge-della-sardegna\/#primaryimage\",\"inLanguage\":\"it-IT\",\"url\":\"https:\/\/arteeluoghi.it\/wp-content\/uploads\/2018\/08\/melato.jpg\",\"contentUrl\":\"https:\/\/arteeluoghi.it\/wp-content\/uploads\/2018\/08\/melato.jpg\",\"width\":450,\"height\":256},{\"@type\":\"WebPage\",\"@id\":\"https:\/\/arteeluoghi.it\/index.php\/2018\/08\/13\/travolti-da-un-insolito-destino-sulle-spiagge-della-sardegna\/#webpage\",\"url\":\"https:\/\/arteeluoghi.it\/index.php\/2018\/08\/13\/travolti-da-un-insolito-destino-sulle-spiagge-della-sardegna\/\",\"name\":\"Travolti da un insolito destino sulle spiagge della Sardegna | Arte e Luoghi\",\"isPartOf\":{\"@id\":\"https:\/\/arteeluoghi.it\/#website\"},\"primaryImageOfPage\":{\"@id\":\"https:\/\/arteeluoghi.it\/index.php\/2018\/08\/13\/travolti-da-un-insolito-destino-sulle-spiagge-della-sardegna\/#primaryimage\"},\"datePublished\":\"2018-08-13T17:12:00+00:00\",\"dateModified\":\"2018-08-17T18:29:17+00:00\",\"breadcrumb\":{\"@id\":\"https:\/\/arteeluoghi.it\/index.php\/2018\/08\/13\/travolti-da-un-insolito-destino-sulle-spiagge-della-sardegna\/#breadcrumb\"},\"inLanguage\":\"it-IT\",\"potentialAction\":[{\"@type\":\"ReadAction\",\"target\":[\"https:\/\/arteeluoghi.it\/index.php\/2018\/08\/13\/travolti-da-un-insolito-destino-sulle-spiagge-della-sardegna\/\"]}]},{\"@type\":\"BreadcrumbList\",\"@id\":\"https:\/\/arteeluoghi.it\/index.php\/2018\/08\/13\/travolti-da-un-insolito-destino-sulle-spiagge-della-sardegna\/#breadcrumb\",\"itemListElement\":[{\"@type\":\"ListItem\",\"position\":1,\"name\":\"Home\",\"item\":\"https:\/\/arteeluoghi.it\/\"},{\"@type\":\"ListItem\",\"position\":2,\"name\":\"Travolti da un insolito destino sulle spiagge della Sardegna\"}]},{\"@type\":\"Article\",\"@id\":\"https:\/\/arteeluoghi.it\/index.php\/2018\/08\/13\/travolti-da-un-insolito-destino-sulle-spiagge-della-sardegna\/#article\",\"isPartOf\":{\"@id\":\"https:\/\/arteeluoghi.it\/index.php\/2018\/08\/13\/travolti-da-un-insolito-destino-sulle-spiagge-della-sardegna\/#webpage\"},\"author\":{\"@id\":\"https:\/\/arteeluoghi.it\/#\/schema\/person\/f84e814e36e91e01448ee07eaadd41d4\"},\"headline\":\"Travolti da un insolito destino sulle spiagge della Sardegna\",\"datePublished\":\"2018-08-13T17:12:00+00:00\",\"dateModified\":\"2018-08-17T18:29:17+00:00\",\"mainEntityOfPage\":{\"@id\":\"https:\/\/arteeluoghi.it\/index.php\/2018\/08\/13\/travolti-da-un-insolito-destino-sulle-spiagge-della-sardegna\/#webpage\"},\"wordCount\":1009,\"commentCount\":0,\"publisher\":{\"@id\":\"https:\/\/arteeluoghi.it\/#organization\"},\"image\":{\"@id\":\"https:\/\/arteeluoghi.it\/index.php\/2018\/08\/13\/travolti-da-un-insolito-destino-sulle-spiagge-della-sardegna\/#primaryimage\"},\"thumbnailUrl\":\"https:\/\/arteeluoghi.it\/wp-content\/uploads\/2018\/08\/melato.jpg\",\"keywords\":[\"Giancarlo Giannini.\",\"Lina Wertmuller\",\"Mariangela Melato\"],\"articleSection\":[\"i luoghi del cinema\"],\"inLanguage\":\"it-IT\",\"potentialAction\":[{\"@type\":\"CommentAction\",\"name\":\"Comment\",\"target\":[\"https:\/\/arteeluoghi.it\/index.php\/2018\/08\/13\/travolti-da-un-insolito-destino-sulle-spiagge-della-sardegna\/#respond\"]}]},{\"@type\":\"Person\",\"@id\":\"https:\/\/arteeluoghi.it\/#\/schema\/person\/f84e814e36e91e01448ee07eaadd41d4\",\"name\":\"Staff\",\"image\":{\"@type\":\"ImageObject\",\"@id\":\"https:\/\/arteeluoghi.it\/#personlogo\",\"inLanguage\":\"it-IT\",\"url\":\"https:\/\/secure.gravatar.com\/avatar\/49d2f9e46271bb04e19cebfaf141313a?s=96&d=blank&r=g\",\"contentUrl\":\"https:\/\/secure.gravatar.com\/avatar\/49d2f9e46271bb04e19cebfaf141313a?s=96&d=blank&r=g\",\"caption\":\"Staff\"}}]}<\/script>\n<!-- \/ Yoast SEO plugin. -->","yoast_head_json":{"title":"Travolti da un insolito destino sulle spiagge della Sardegna | Arte e Luoghi","robots":{"index":"index","follow":"follow","max-snippet":"max-snippet:-1","max-image-preview":"max-image-preview:large","max-video-preview":"max-video-preview:-1"},"canonical":"https:\/\/arteeluoghi.it\/index.php\/2018\/08\/13\/travolti-da-un-insolito-destino-sulle-spiagge-della-sardegna\/","og_locale":"it_IT","og_type":"article","og_title":"Travolti da un insolito destino sulle spiagge della Sardegna | Arte e Luoghi","og_description":"di Stefano Camb\u00f2 &nbsp; Quando si pensa ad una grande regista come Lina Wertm\u00fcller, diventa inevitabile associare il suo nome","og_url":"https:\/\/arteeluoghi.it\/index.php\/2018\/08\/13\/travolti-da-un-insolito-destino-sulle-spiagge-della-sardegna\/","og_site_name":"Arte e Luoghi","article_publisher":"https:\/\/www.facebook.com\/ArteELuoghi\/","article_published_time":"2018-08-13T17:12:00+00:00","article_modified_time":"2018-08-17T18:29:17+00:00","og_image":[{"width":450,"height":256,"url":"https:\/\/arteeluoghi.it\/wp-content\/uploads\/2018\/08\/melato.jpg","type":"image\/jpeg"}],"twitter_card":"summary","twitter_creator":"@arteeluoghi","twitter_site":"@arteeluoghi","twitter_misc":{"Scritto da":"Staff","Tempo di lettura stimato":"5 minuti"},"schema":{"@context":"https:\/\/schema.org","@graph":[{"@type":"Organization","@id":"https:\/\/arteeluoghi.it\/#organization","name":"Arte e Luoghi","url":"https:\/\/arteeluoghi.it\/","sameAs":["https:\/\/www.facebook.com\/ArteELuoghi\/","https:\/\/www.instagram.com\/arteeluoghi\/?hl=it","https:\/\/www.youtube.com\/channel\/UCuRVc4JW4-C5sg9rQB-srkw?view_as=subscriber","https:\/\/twitter.com\/arteeluoghi"],"logo":{"@type":"ImageObject","@id":"https:\/\/arteeluoghi.it\/#logo","inLanguage":"it-IT","url":"https:\/\/arteeluoghi.it\/wp-content\/uploads\/2018\/08\/logoinstagramarte.jpg","contentUrl":"https:\/\/arteeluoghi.it\/wp-content\/uploads\/2018\/08\/logoinstagramarte.jpg","width":150,"height":150,"caption":"Arte e Luoghi"},"image":{"@id":"https:\/\/arteeluoghi.it\/#logo"}},{"@type":"WebSite","@id":"https:\/\/arteeluoghi.it\/#website","url":"https:\/\/arteeluoghi.it\/","name":"Arte e Luoghi","description":"Mensile di arte, cultura, turismo e curiosit\u00e0","publisher":{"@id":"https:\/\/arteeluoghi.it\/#organization"},"potentialAction":[{"@type":"SearchAction","target":{"@type":"EntryPoint","urlTemplate":"https:\/\/arteeluoghi.it\/?s={search_term_string}"},"query-input":"required name=search_term_string"}],"inLanguage":"it-IT"},{"@type":"ImageObject","@id":"https:\/\/arteeluoghi.it\/index.php\/2018\/08\/13\/travolti-da-un-insolito-destino-sulle-spiagge-della-sardegna\/#primaryimage","inLanguage":"it-IT","url":"https:\/\/arteeluoghi.it\/wp-content\/uploads\/2018\/08\/melato.jpg","contentUrl":"https:\/\/arteeluoghi.it\/wp-content\/uploads\/2018\/08\/melato.jpg","width":450,"height":256},{"@type":"WebPage","@id":"https:\/\/arteeluoghi.it\/index.php\/2018\/08\/13\/travolti-da-un-insolito-destino-sulle-spiagge-della-sardegna\/#webpage","url":"https:\/\/arteeluoghi.it\/index.php\/2018\/08\/13\/travolti-da-un-insolito-destino-sulle-spiagge-della-sardegna\/","name":"Travolti da un insolito destino sulle spiagge della Sardegna | Arte e Luoghi","isPartOf":{"@id":"https:\/\/arteeluoghi.it\/#website"},"primaryImageOfPage":{"@id":"https:\/\/arteeluoghi.it\/index.php\/2018\/08\/13\/travolti-da-un-insolito-destino-sulle-spiagge-della-sardegna\/#primaryimage"},"datePublished":"2018-08-13T17:12:00+00:00","dateModified":"2018-08-17T18:29:17+00:00","breadcrumb":{"@id":"https:\/\/arteeluoghi.it\/index.php\/2018\/08\/13\/travolti-da-un-insolito-destino-sulle-spiagge-della-sardegna\/#breadcrumb"},"inLanguage":"it-IT","potentialAction":[{"@type":"ReadAction","target":["https:\/\/arteeluoghi.it\/index.php\/2018\/08\/13\/travolti-da-un-insolito-destino-sulle-spiagge-della-sardegna\/"]}]},{"@type":"BreadcrumbList","@id":"https:\/\/arteeluoghi.it\/index.php\/2018\/08\/13\/travolti-da-un-insolito-destino-sulle-spiagge-della-sardegna\/#breadcrumb","itemListElement":[{"@type":"ListItem","position":1,"name":"Home","item":"https:\/\/arteeluoghi.it\/"},{"@type":"ListItem","position":2,"name":"Travolti da un insolito destino sulle spiagge della Sardegna"}]},{"@type":"Article","@id":"https:\/\/arteeluoghi.it\/index.php\/2018\/08\/13\/travolti-da-un-insolito-destino-sulle-spiagge-della-sardegna\/#article","isPartOf":{"@id":"https:\/\/arteeluoghi.it\/index.php\/2018\/08\/13\/travolti-da-un-insolito-destino-sulle-spiagge-della-sardegna\/#webpage"},"author":{"@id":"https:\/\/arteeluoghi.it\/#\/schema\/person\/f84e814e36e91e01448ee07eaadd41d4"},"headline":"Travolti da un insolito destino sulle spiagge della Sardegna","datePublished":"2018-08-13T17:12:00+00:00","dateModified":"2018-08-17T18:29:17+00:00","mainEntityOfPage":{"@id":"https:\/\/arteeluoghi.it\/index.php\/2018\/08\/13\/travolti-da-un-insolito-destino-sulle-spiagge-della-sardegna\/#webpage"},"wordCount":1009,"commentCount":0,"publisher":{"@id":"https:\/\/arteeluoghi.it\/#organization"},"image":{"@id":"https:\/\/arteeluoghi.it\/index.php\/2018\/08\/13\/travolti-da-un-insolito-destino-sulle-spiagge-della-sardegna\/#primaryimage"},"thumbnailUrl":"https:\/\/arteeluoghi.it\/wp-content\/uploads\/2018\/08\/melato.jpg","keywords":["Giancarlo Giannini.","Lina Wertmuller","Mariangela Melato"],"articleSection":["i luoghi del cinema"],"inLanguage":"it-IT","potentialAction":[{"@type":"CommentAction","name":"Comment","target":["https:\/\/arteeluoghi.it\/index.php\/2018\/08\/13\/travolti-da-un-insolito-destino-sulle-spiagge-della-sardegna\/#respond"]}]},{"@type":"Person","@id":"https:\/\/arteeluoghi.it\/#\/schema\/person\/f84e814e36e91e01448ee07eaadd41d4","name":"Staff","image":{"@type":"ImageObject","@id":"https:\/\/arteeluoghi.it\/#personlogo","inLanguage":"it-IT","url":"https:\/\/secure.gravatar.com\/avatar\/49d2f9e46271bb04e19cebfaf141313a?s=96&d=blank&r=g","contentUrl":"https:\/\/secure.gravatar.com\/avatar\/49d2f9e46271bb04e19cebfaf141313a?s=96&d=blank&r=g","caption":"Staff"}}]}},"_links":{"self":[{"href":"https:\/\/arteeluoghi.it\/index.php\/wp-json\/wp\/v2\/posts\/5964"}],"collection":[{"href":"https:\/\/arteeluoghi.it\/index.php\/wp-json\/wp\/v2\/posts"}],"about":[{"href":"https:\/\/arteeluoghi.it\/index.php\/wp-json\/wp\/v2\/types\/post"}],"author":[{"embeddable":true,"href":"https:\/\/arteeluoghi.it\/index.php\/wp-json\/wp\/v2\/users\/1"}],"replies":[{"embeddable":true,"href":"https:\/\/arteeluoghi.it\/index.php\/wp-json\/wp\/v2\/comments?post=5964"}],"version-history":[{"count":1,"href":"https:\/\/arteeluoghi.it\/index.php\/wp-json\/wp\/v2\/posts\/5964\/revisions"}],"predecessor-version":[{"id":5967,"href":"https:\/\/arteeluoghi.it\/index.php\/wp-json\/wp\/v2\/posts\/5964\/revisions\/5967"}],"wp:featuredmedia":[{"embeddable":true,"href":"https:\/\/arteeluoghi.it\/index.php\/wp-json\/wp\/v2\/media\/5966"}],"wp:attachment":[{"href":"https:\/\/arteeluoghi.it\/index.php\/wp-json\/wp\/v2\/media?parent=5964"}],"wp:term":[{"taxonomy":"category","embeddable":true,"href":"https:\/\/arteeluoghi.it\/index.php\/wp-json\/wp\/v2\/categories?post=5964"},{"taxonomy":"post_tag","embeddable":true,"href":"https:\/\/arteeluoghi.it\/index.php\/wp-json\/wp\/v2\/tags?post=5964"}],"curies":[{"name":"wp","href":"https:\/\/api.w.org\/{rel}","templated":true}]}}