{"id":602,"date":"2012-03-20T21:53:53","date_gmt":"2012-03-20T20:53:53","guid":{"rendered":"http:\/\/arteeluoghi.it\/index.php\/2012\/03\/20\/giornata-mondiale-della-poesia\/"},"modified":"2017-08-07T01:14:48","modified_gmt":"2017-08-06T23:14:48","slug":"giornata-mondiale-della-poesia","status":"publish","type":"post","link":"https:\/\/arteeluoghi.it\/index.php\/2012\/03\/20\/giornata-mondiale-della-poesia\/","title":{"rendered":"Giornata mondiale della Poesia"},"content":{"rendered":"<p><img src=\"\/images\/stories\/copertina lippo_copertina lippo.jpg\" border=\"0\" width=\"250\" style=\"margin: 21px; float: left; border: 0pt none;\" \/>Si inizia il 21 al Rettorato con un reading di poeti salentini e un omaggio ad Angelo Lippo<\/p>\n<p>Nella tre giorni ad Acaja i poeti incontrano gli allievi delle scuole della provincia di Lecce<\/p>\n<p><span style=\"font-size: medium;\"><strong>Da Lecce ad Acaya poeti in libert\u00e0<\/strong><\/span><\/p>\n<p><span style=\"font-size: medium;\"><span style=\"font-size: x-small;\">di Antonietta Fulvio<\/span><\/span><\/p>\n<p>\u00a0<\/p>\n<p><span style=\"font-size: medium;\"><span style=\"font-size: x-small;\"><br \/><\/span><\/span><\/p>\n<p>\u00a0<\/p>\n<p>\u00a0<\/p>\n<p><em>Nel primo giorno di primavera, Giornata mondiale della poesia indetta dall\u2019Unesco, si moltiplicano le iniziative dedicate al verso poetico che risveglia l\u2019anima come gemme appena nate. D\u2019altro canto si pu\u00f2 non pensare alla poesia come rinascita di coscienze sopite e fiore dell\u2019esistenza capace di colorare i giorni pi\u00f9 grigi?<\/em><\/p>\n<p><em>Tra i tanti incontri d\u2019autore, vi segnaliamo due importanti eventi nel Salento. Il primo \u00e8 quello concepito dall\u2019Osservatorio permanente europeo della lettura, Lecce-Siena che nella sala conferenze del Rettorato a Lecce, organizza\u00a0 il 21 marzo, a partire dalle 17,30, <\/em><em><strong>Poesia da leggere. Poeti che leggono,<\/strong> incontro aperto ai poeti salentini, <\/em><em>studenti, professori e a chiunque ami la poesia<\/em><em> : per recitare, interpretare, commentare&#8230;insomma leggere e\u00a0 ascoltare insieme &#8220;poesia&#8221;.\u00a0 Interverranno\u00a0 Carlo A. Augieri, Maria Rita Bozzetti, Arrigo Colombo, Giuseppe Conte, Antonio Errico, Maurizio Nocera,\u00a0Walter Vergallo, Giuseppe Schiavone. <\/em><\/p>\n<p><em>Uno spazio particolare sar\u00e0 dedicato al poeta Angelo Lippo ricordato <\/em> con un<em><strong> <\/strong><\/em>intervento &#8216;pluri-testimoniale&#8217;<em><strong>.<\/strong><\/em><\/p>\n<p><em>Instancabile operatore culturale, saggista e critico d\u2019arte, Angelo Lippo <\/em>ha coordinato alcune delle pi\u00f9 importanti rassegne sul territorio<em><strong> <\/strong><\/em>dalla lontana &#8220;Proposta \u201970&#8221; fino alle pi\u00f9 recenti &#8220;Identit\u00e0 del Contemporaneo&#8221; e &#8220;Artein Salento&#8221;. Ha firmato articoli\u00a0 per i prinicipali quotidiani pugliesi, dalla <em>Gazzetta del Mezzogiorno al Nuovo Quotidiano di Puglia, al Corriere del Giorno<\/em> a <em>Puglia<\/em> e suoi contributi critici sono apparsi su riviste quali <em>Oggi e Domani, Polimnia, Punto d\u2019Incontro, Silarus, Vernice, compresa la nostra Arte e Luoghi<\/em>.\u00a0 Attento saggista ha curato, tra l\u2019altro,\u00a0 il profilo critico sullo scrittore pratese Armando Meoni; e<em> Il filo dell\u2019affetto<\/em> \u2013 omaggio a Giacinto Spagnoletti nel 2008.<br \/> Condirettore della rivista <em>Il policordo<\/em>, poi fondatore e direttore dal 1985 di <em>portofranco<\/em>, Angelo Lippo \u00e8 stato il testimone di una poesia non fine a se stessa ma fatta di sentimenti forti per la propria terra, una poesia che sa essere canto d&#8217;amore e\u00a0 voce dell\u2019impegno civile, una voce controcorrente, forse, ma libera che denuncia, senza paure, le storture e le negligenze di una societ\u00e0 che ha perso il senso della ricerca del vero e della bellezza.<\/p>\n<p>\u00a0<\/p>\n<p>  <!--more-->  <\/p>\n<p>\u00a0<\/p>\n<p>\u201cSono nata il 21 a Primavera\u201d \u00e8 il <em>rendez vous<\/em> con poeti e scrittori che si terr\u00e0 nei giorni 23, 24 e 25 marzo nel castello fortificato di Acaja organizzato dall&#8217;associazione culturale Assa (Associazione per la Salvaguardia e lo Sviluppo di Acaja) che mette a segno la terza edizione. L\u2019iniziativa, patrocinata \u00a0dai comuni di Lecce, Vernole e Caprarica, Provincia di Lecce, presidenza delle Giunta Regionale, Istituto delle Culture del Mediterraneo, ha ricevuto la medaglia della Presidenza della Repubblica per l\u2019alto valore culturale che coniuga in occasione della <em>Giornata mondiale della poesia<\/em> l\u2019incontro dei poeti salentini e degli alunni delle scuole\u00a0 della provincia di Lecce. Un impegno notevole e degno di attenzione nel solco del potere salvifico &#8211; e ci auguriamo sempre pi\u00f9 contagioso &#8211; della poesia e della musica.<\/p>\n<p>Uno spazio aperto alla lettura dei testi poetici e all\u2019enunciazione dei principi di poetica sar\u00e0 il ricco programma della mattinata e del pomeriggio del venerd\u00ec che abbiner\u00e0 gli interventi mirati sul fare poesia alla musica alla valenza della parola.Sar\u00e0 questo il fulcro della full immersion che culminer\u00e0 nell&#8217;incontro pomeridiano tra docenti, poeti, scrittori e alunni.<\/p>\n<p>Clou della manifestazione il reading di poesia con la partecipazione dei poeti salentni tra i quali V. Ampolo, C.A. Augieri, Aicha Boubachi, C. Lendaro Camiles, F. Carrozzo, E. Coriano, R. Duma, A. Errico, PP. De Giorgi, S. Giorgino, A. Laporta, D. liviello, M. R. Lum\u00e8, P. Manni, M. Marino, A. Mele (M\u00e8lanton), A. Miglietta, M. Nocera, F. Pasca, A. Toma, R. Rapan\u00e0, MP. Romano, A. Tana, F. Carrozzo.<\/p>\n<p>Domenica gran finale con la lettura, nella mattina a partire dalle 9.30, delle poesie dei giovani poeti in erba con la partecipazione degli alunni delle scuole di ogni ordine e grado della provincia di Lecce che riceveranno a fine manifestazione un attestato di merito. In serata, dalle 18 in poi &#8220;Microfono aperto&#8221; letture dai classici e di inediti,\u00a0 performance in libert\u00e0 tra suoni e musica con l\u2019intervento della compagnia teatrale stabile del Salento \u201cLa Busacca\u201d diretta da Francesco Piccolo.<\/p>\n","protected":false},"excerpt":{"rendered":"<p>Si inizia il 21 al Rettorato con un reading di poeti salentini e un omaggio ad Angelo Lippo Nella tre<\/p>\n","protected":false},"author":1,"featured_media":0,"comment_status":"open","ping_status":"open","sticky":false,"template":"","format":"standard","meta":[],"categories":[52],"tags":[],"yoast_head":"<!-- This site is optimized with the Yoast SEO plugin v18.0 - https:\/\/yoast.com\/wordpress\/plugins\/seo\/ -->\n<title>Giornata mondiale della Poesia | Arte e Luoghi<\/title>\n<meta name=\"robots\" content=\"index, follow, max-snippet:-1, max-image-preview:large, max-video-preview:-1\" \/>\n<link rel=\"canonical\" href=\"https:\/\/arteeluoghi.it\/index.php\/2012\/03\/20\/giornata-mondiale-della-poesia\/\" \/>\n<meta property=\"og:locale\" content=\"it_IT\" \/>\n<meta property=\"og:type\" content=\"article\" \/>\n<meta property=\"og:title\" content=\"Giornata mondiale della Poesia | Arte e Luoghi\" \/>\n<meta property=\"og:description\" content=\"Si inizia il 21 al Rettorato con un reading di poeti salentini e un omaggio ad Angelo Lippo Nella tre\" \/>\n<meta property=\"og:url\" content=\"https:\/\/arteeluoghi.it\/index.php\/2012\/03\/20\/giornata-mondiale-della-poesia\/\" \/>\n<meta property=\"og:site_name\" content=\"Arte e Luoghi\" \/>\n<meta property=\"article:publisher\" content=\"https:\/\/www.facebook.com\/ArteELuoghi\/\" \/>\n<meta property=\"article:published_time\" content=\"2012-03-20T20:53:53+00:00\" \/>\n<meta property=\"article:modified_time\" content=\"2017-08-06T23:14:48+00:00\" \/>\n<meta property=\"og:image\" content=\"https:\/\/arteeluoghi.it\/images\/stories\/copertina%20lippo_copertina%20lippo.jpg\" \/>\n<meta name=\"twitter:card\" content=\"summary\" \/>\n<meta name=\"twitter:creator\" content=\"@arteeluoghi\" \/>\n<meta name=\"twitter:site\" content=\"@arteeluoghi\" \/>\n<meta name=\"twitter:label1\" content=\"Scritto da\" \/>\n\t<meta name=\"twitter:data1\" content=\"Staff\" \/>\n\t<meta name=\"twitter:label2\" content=\"Tempo di lettura stimato\" \/>\n\t<meta name=\"twitter:data2\" content=\"4 minuti\" \/>\n<script type=\"application\/ld+json\" class=\"yoast-schema-graph\">{\"@context\":\"https:\/\/schema.org\",\"@graph\":[{\"@type\":\"Organization\",\"@id\":\"https:\/\/arteeluoghi.it\/#organization\",\"name\":\"Arte e Luoghi\",\"url\":\"https:\/\/arteeluoghi.it\/\",\"sameAs\":[\"https:\/\/www.facebook.com\/ArteELuoghi\/\",\"https:\/\/www.instagram.com\/arteeluoghi\/?hl=it\",\"https:\/\/www.youtube.com\/channel\/UCuRVc4JW4-C5sg9rQB-srkw?view_as=subscriber\",\"https:\/\/twitter.com\/arteeluoghi\"],\"logo\":{\"@type\":\"ImageObject\",\"@id\":\"https:\/\/arteeluoghi.it\/#logo\",\"inLanguage\":\"it-IT\",\"url\":\"https:\/\/arteeluoghi.it\/wp-content\/uploads\/2018\/08\/logoinstagramarte.jpg\",\"contentUrl\":\"https:\/\/arteeluoghi.it\/wp-content\/uploads\/2018\/08\/logoinstagramarte.jpg\",\"width\":150,\"height\":150,\"caption\":\"Arte e Luoghi\"},\"image\":{\"@id\":\"https:\/\/arteeluoghi.it\/#logo\"}},{\"@type\":\"WebSite\",\"@id\":\"https:\/\/arteeluoghi.it\/#website\",\"url\":\"https:\/\/arteeluoghi.it\/\",\"name\":\"Arte e Luoghi\",\"description\":\"Mensile di arte, cultura, turismo e curiosit\u00e0\",\"publisher\":{\"@id\":\"https:\/\/arteeluoghi.it\/#organization\"},\"potentialAction\":[{\"@type\":\"SearchAction\",\"target\":{\"@type\":\"EntryPoint\",\"urlTemplate\":\"https:\/\/arteeluoghi.it\/?s={search_term_string}\"},\"query-input\":\"required name=search_term_string\"}],\"inLanguage\":\"it-IT\"},{\"@type\":\"ImageObject\",\"@id\":\"https:\/\/arteeluoghi.it\/index.php\/2012\/03\/20\/giornata-mondiale-della-poesia\/#primaryimage\",\"inLanguage\":\"it-IT\",\"url\":\"\/images\/stories\/copertina lippo_copertina lippo.jpg\",\"contentUrl\":\"\/images\/stories\/copertina lippo_copertina lippo.jpg\"},{\"@type\":\"WebPage\",\"@id\":\"https:\/\/arteeluoghi.it\/index.php\/2012\/03\/20\/giornata-mondiale-della-poesia\/#webpage\",\"url\":\"https:\/\/arteeluoghi.it\/index.php\/2012\/03\/20\/giornata-mondiale-della-poesia\/\",\"name\":\"Giornata mondiale della Poesia | Arte e Luoghi\",\"isPartOf\":{\"@id\":\"https:\/\/arteeluoghi.it\/#website\"},\"primaryImageOfPage\":{\"@id\":\"https:\/\/arteeluoghi.it\/index.php\/2012\/03\/20\/giornata-mondiale-della-poesia\/#primaryimage\"},\"datePublished\":\"2012-03-20T20:53:53+00:00\",\"dateModified\":\"2017-08-06T23:14:48+00:00\",\"breadcrumb\":{\"@id\":\"https:\/\/arteeluoghi.it\/index.php\/2012\/03\/20\/giornata-mondiale-della-poesia\/#breadcrumb\"},\"inLanguage\":\"it-IT\",\"potentialAction\":[{\"@type\":\"ReadAction\",\"target\":[\"https:\/\/arteeluoghi.it\/index.php\/2012\/03\/20\/giornata-mondiale-della-poesia\/\"]}]},{\"@type\":\"BreadcrumbList\",\"@id\":\"https:\/\/arteeluoghi.it\/index.php\/2012\/03\/20\/giornata-mondiale-della-poesia\/#breadcrumb\",\"itemListElement\":[{\"@type\":\"ListItem\",\"position\":1,\"name\":\"Home\",\"item\":\"https:\/\/arteeluoghi.it\/\"},{\"@type\":\"ListItem\",\"position\":2,\"name\":\"Giornata mondiale della Poesia\"}]},{\"@type\":\"Article\",\"@id\":\"https:\/\/arteeluoghi.it\/index.php\/2012\/03\/20\/giornata-mondiale-della-poesia\/#article\",\"isPartOf\":{\"@id\":\"https:\/\/arteeluoghi.it\/index.php\/2012\/03\/20\/giornata-mondiale-della-poesia\/#webpage\"},\"author\":{\"@id\":\"https:\/\/arteeluoghi.it\/#\/schema\/person\/f84e814e36e91e01448ee07eaadd41d4\"},\"headline\":\"Giornata mondiale della Poesia\",\"datePublished\":\"2012-03-20T20:53:53+00:00\",\"dateModified\":\"2017-08-06T23:14:48+00:00\",\"mainEntityOfPage\":{\"@id\":\"https:\/\/arteeluoghi.it\/index.php\/2012\/03\/20\/giornata-mondiale-della-poesia\/#webpage\"},\"wordCount\":712,\"commentCount\":0,\"publisher\":{\"@id\":\"https:\/\/arteeluoghi.it\/#organization\"},\"image\":{\"@id\":\"https:\/\/arteeluoghi.it\/index.php\/2012\/03\/20\/giornata-mondiale-della-poesia\/#primaryimage\"},\"thumbnailUrl\":\"\/images\/stories\/copertina lippo_copertina lippo.jpg\",\"articleSection\":[\"I luoghi della parola\"],\"inLanguage\":\"it-IT\",\"potentialAction\":[{\"@type\":\"CommentAction\",\"name\":\"Comment\",\"target\":[\"https:\/\/arteeluoghi.it\/index.php\/2012\/03\/20\/giornata-mondiale-della-poesia\/#respond\"]}]},{\"@type\":\"Person\",\"@id\":\"https:\/\/arteeluoghi.it\/#\/schema\/person\/f84e814e36e91e01448ee07eaadd41d4\",\"name\":\"Staff\",\"image\":{\"@type\":\"ImageObject\",\"@id\":\"https:\/\/arteeluoghi.it\/#personlogo\",\"inLanguage\":\"it-IT\",\"url\":\"https:\/\/secure.gravatar.com\/avatar\/49d2f9e46271bb04e19cebfaf141313a?s=96&d=blank&r=g\",\"contentUrl\":\"https:\/\/secure.gravatar.com\/avatar\/49d2f9e46271bb04e19cebfaf141313a?s=96&d=blank&r=g\",\"caption\":\"Staff\"}}]}<\/script>\n<!-- \/ Yoast SEO plugin. -->","yoast_head_json":{"title":"Giornata mondiale della Poesia | Arte e Luoghi","robots":{"index":"index","follow":"follow","max-snippet":"max-snippet:-1","max-image-preview":"max-image-preview:large","max-video-preview":"max-video-preview:-1"},"canonical":"https:\/\/arteeluoghi.it\/index.php\/2012\/03\/20\/giornata-mondiale-della-poesia\/","og_locale":"it_IT","og_type":"article","og_title":"Giornata mondiale della Poesia | Arte e Luoghi","og_description":"Si inizia il 21 al Rettorato con un reading di poeti salentini e un omaggio ad Angelo Lippo Nella tre","og_url":"https:\/\/arteeluoghi.it\/index.php\/2012\/03\/20\/giornata-mondiale-della-poesia\/","og_site_name":"Arte e Luoghi","article_publisher":"https:\/\/www.facebook.com\/ArteELuoghi\/","article_published_time":"2012-03-20T20:53:53+00:00","article_modified_time":"2017-08-06T23:14:48+00:00","og_image":[{"url":"https:\/\/arteeluoghi.it\/images\/stories\/copertina lippo_copertina lippo.jpg"}],"twitter_card":"summary","twitter_creator":"@arteeluoghi","twitter_site":"@arteeluoghi","twitter_misc":{"Scritto da":"Staff","Tempo di lettura stimato":"4 minuti"},"schema":{"@context":"https:\/\/schema.org","@graph":[{"@type":"Organization","@id":"https:\/\/arteeluoghi.it\/#organization","name":"Arte e Luoghi","url":"https:\/\/arteeluoghi.it\/","sameAs":["https:\/\/www.facebook.com\/ArteELuoghi\/","https:\/\/www.instagram.com\/arteeluoghi\/?hl=it","https:\/\/www.youtube.com\/channel\/UCuRVc4JW4-C5sg9rQB-srkw?view_as=subscriber","https:\/\/twitter.com\/arteeluoghi"],"logo":{"@type":"ImageObject","@id":"https:\/\/arteeluoghi.it\/#logo","inLanguage":"it-IT","url":"https:\/\/arteeluoghi.it\/wp-content\/uploads\/2018\/08\/logoinstagramarte.jpg","contentUrl":"https:\/\/arteeluoghi.it\/wp-content\/uploads\/2018\/08\/logoinstagramarte.jpg","width":150,"height":150,"caption":"Arte e Luoghi"},"image":{"@id":"https:\/\/arteeluoghi.it\/#logo"}},{"@type":"WebSite","@id":"https:\/\/arteeluoghi.it\/#website","url":"https:\/\/arteeluoghi.it\/","name":"Arte e Luoghi","description":"Mensile di arte, cultura, turismo e curiosit\u00e0","publisher":{"@id":"https:\/\/arteeluoghi.it\/#organization"},"potentialAction":[{"@type":"SearchAction","target":{"@type":"EntryPoint","urlTemplate":"https:\/\/arteeluoghi.it\/?s={search_term_string}"},"query-input":"required name=search_term_string"}],"inLanguage":"it-IT"},{"@type":"ImageObject","@id":"https:\/\/arteeluoghi.it\/index.php\/2012\/03\/20\/giornata-mondiale-della-poesia\/#primaryimage","inLanguage":"it-IT","url":"\/images\/stories\/copertina lippo_copertina lippo.jpg","contentUrl":"\/images\/stories\/copertina lippo_copertina lippo.jpg"},{"@type":"WebPage","@id":"https:\/\/arteeluoghi.it\/index.php\/2012\/03\/20\/giornata-mondiale-della-poesia\/#webpage","url":"https:\/\/arteeluoghi.it\/index.php\/2012\/03\/20\/giornata-mondiale-della-poesia\/","name":"Giornata mondiale della Poesia | Arte e Luoghi","isPartOf":{"@id":"https:\/\/arteeluoghi.it\/#website"},"primaryImageOfPage":{"@id":"https:\/\/arteeluoghi.it\/index.php\/2012\/03\/20\/giornata-mondiale-della-poesia\/#primaryimage"},"datePublished":"2012-03-20T20:53:53+00:00","dateModified":"2017-08-06T23:14:48+00:00","breadcrumb":{"@id":"https:\/\/arteeluoghi.it\/index.php\/2012\/03\/20\/giornata-mondiale-della-poesia\/#breadcrumb"},"inLanguage":"it-IT","potentialAction":[{"@type":"ReadAction","target":["https:\/\/arteeluoghi.it\/index.php\/2012\/03\/20\/giornata-mondiale-della-poesia\/"]}]},{"@type":"BreadcrumbList","@id":"https:\/\/arteeluoghi.it\/index.php\/2012\/03\/20\/giornata-mondiale-della-poesia\/#breadcrumb","itemListElement":[{"@type":"ListItem","position":1,"name":"Home","item":"https:\/\/arteeluoghi.it\/"},{"@type":"ListItem","position":2,"name":"Giornata mondiale della Poesia"}]},{"@type":"Article","@id":"https:\/\/arteeluoghi.it\/index.php\/2012\/03\/20\/giornata-mondiale-della-poesia\/#article","isPartOf":{"@id":"https:\/\/arteeluoghi.it\/index.php\/2012\/03\/20\/giornata-mondiale-della-poesia\/#webpage"},"author":{"@id":"https:\/\/arteeluoghi.it\/#\/schema\/person\/f84e814e36e91e01448ee07eaadd41d4"},"headline":"Giornata mondiale della Poesia","datePublished":"2012-03-20T20:53:53+00:00","dateModified":"2017-08-06T23:14:48+00:00","mainEntityOfPage":{"@id":"https:\/\/arteeluoghi.it\/index.php\/2012\/03\/20\/giornata-mondiale-della-poesia\/#webpage"},"wordCount":712,"commentCount":0,"publisher":{"@id":"https:\/\/arteeluoghi.it\/#organization"},"image":{"@id":"https:\/\/arteeluoghi.it\/index.php\/2012\/03\/20\/giornata-mondiale-della-poesia\/#primaryimage"},"thumbnailUrl":"\/images\/stories\/copertina lippo_copertina lippo.jpg","articleSection":["I luoghi della parola"],"inLanguage":"it-IT","potentialAction":[{"@type":"CommentAction","name":"Comment","target":["https:\/\/arteeluoghi.it\/index.php\/2012\/03\/20\/giornata-mondiale-della-poesia\/#respond"]}]},{"@type":"Person","@id":"https:\/\/arteeluoghi.it\/#\/schema\/person\/f84e814e36e91e01448ee07eaadd41d4","name":"Staff","image":{"@type":"ImageObject","@id":"https:\/\/arteeluoghi.it\/#personlogo","inLanguage":"it-IT","url":"https:\/\/secure.gravatar.com\/avatar\/49d2f9e46271bb04e19cebfaf141313a?s=96&d=blank&r=g","contentUrl":"https:\/\/secure.gravatar.com\/avatar\/49d2f9e46271bb04e19cebfaf141313a?s=96&d=blank&r=g","caption":"Staff"}}]}},"_links":{"self":[{"href":"https:\/\/arteeluoghi.it\/index.php\/wp-json\/wp\/v2\/posts\/602"}],"collection":[{"href":"https:\/\/arteeluoghi.it\/index.php\/wp-json\/wp\/v2\/posts"}],"about":[{"href":"https:\/\/arteeluoghi.it\/index.php\/wp-json\/wp\/v2\/types\/post"}],"author":[{"embeddable":true,"href":"https:\/\/arteeluoghi.it\/index.php\/wp-json\/wp\/v2\/users\/1"}],"replies":[{"embeddable":true,"href":"https:\/\/arteeluoghi.it\/index.php\/wp-json\/wp\/v2\/comments?post=602"}],"version-history":[{"count":1,"href":"https:\/\/arteeluoghi.it\/index.php\/wp-json\/wp\/v2\/posts\/602\/revisions"}],"predecessor-version":[{"id":3265,"href":"https:\/\/arteeluoghi.it\/index.php\/wp-json\/wp\/v2\/posts\/602\/revisions\/3265"}],"wp:attachment":[{"href":"https:\/\/arteeluoghi.it\/index.php\/wp-json\/wp\/v2\/media?parent=602"}],"wp:term":[{"taxonomy":"category","embeddable":true,"href":"https:\/\/arteeluoghi.it\/index.php\/wp-json\/wp\/v2\/categories?post=602"},{"taxonomy":"post_tag","embeddable":true,"href":"https:\/\/arteeluoghi.it\/index.php\/wp-json\/wp\/v2\/tags?post=602"}],"curies":[{"name":"wp","href":"https:\/\/api.w.org\/{rel}","templated":true}]}}