{"id":6057,"date":"2018-10-15T19:40:05","date_gmt":"2018-10-15T17:40:05","guid":{"rendered":"https:\/\/arteeluoghi.it\/?p=6057"},"modified":"2018-10-21T19:43:36","modified_gmt":"2018-10-21T17:43:36","slug":"mitika-gran-finale-con-il-workshop-teatrale-su-aristofane-e-le-donne-al-parlamento","status":"publish","type":"post","link":"https:\/\/arteeluoghi.it\/index.php\/2018\/10\/15\/mitika-gran-finale-con-il-workshop-teatrale-su-aristofane-e-le-donne-al-parlamento\/","title":{"rendered":"Mitika. Gran finale con il workshop teatrale su Aristofane e le &#8220;Donne al Parlamento&#8221;"},"content":{"rendered":"<p><img loading=\"lazy\" class=\"size-medium wp-image-6058 alignleft\" src=\"https:\/\/arteeluoghi.it\/wp-content\/uploads\/2018\/10\/Carla-Guido-1-169x300.jpg\" alt=\"\" width=\"169\" height=\"300\" srcset=\"https:\/\/arteeluoghi.it\/wp-content\/uploads\/2018\/10\/Carla-Guido-1-169x300.jpg 169w, https:\/\/arteeluoghi.it\/wp-content\/uploads\/2018\/10\/Carla-Guido-1-577x1024.jpg 577w, https:\/\/arteeluoghi.it\/wp-content\/uploads\/2018\/10\/Carla-Guido-1.jpg 640w\" sizes=\"(max-width: 169px) 100vw, 169px\" \/>LECCE. \u201cMitika\u201d, la rassegna del teatro e dei luoghi del Mito organizzata da Aletheia Teatro e diretta dall\u2019attrice Carla Guido, conclude i suoi appuntamenti estivi con un workshop teatrale che si terr\u00e0 da mercoled\u00ec 17 a domenica 21 ottobre presso la Fondazione Palmieri di Lecce,\u00a0 dedicato ad Aristofane e finalizzato all\u2019allestimento dello spettacolo \u201cDonne al Parlamento\u201d;\u00a0 docenti il regista Antonio De Carlo e la stessa Carla Guido.<\/p>\n<p>In \u201cLe donne al Parlamento\u201d Aristofane affronta temi che sono attualissimi ancor oggi, duemila anni dopo la scrittura del testo del commediografo greco: la prevalenza maschile nelle decisioni politiche, economiche e sociali.\u00a0 La gestione della politica riservata agli uomini ha prodotto una situazione insostenibile e disastrosa, e l\u2019unica possibilit\u00e0 di salvezza \u00e8 la presa del potere da parte delle donne,\u00a0 cos\u00ec ad Atene Prassagora propone un progetto di gestione della citt\u00e0 basato sulla comunanza di tutti beni pubblici e privati, delle propriet\u00e0 e dell\u2019amore. Il risultato sar\u00e0 uno spaccato degli effetti inevitabili e paradossali ai quali porta la scelta di un egualitarismo integrale e indifferenziato.<\/p>\n<p>Il laboratorio svilupper\u00e0 le capacit\u00e0 individuali nei confronti dei diversi personaggi grazie alla lettura del testo e alla sua interpretazione e recitazione;\u00a0 alcuni dei\u00a0 partecipanti al laboratorio potranno essere inseriti nel cast del prossimo allestimento dello spettacolo \u201cDonne al Parlamento\u201d della rassegna \u201cMitika\u201d.<!--more--><\/p>\n<p>Prenotazione obbligatoria, per info inviare \u00a0una mail \u00a0a <a href=\"mailto:segreteria@aletheiateatro.org\">segreteria@aletheiateatro.org<\/a> o telefonare al 339.8426640 (orari del workshop teatrale dalle 18.30 alle 22.30 mercoled\u00ec, gioved\u00ec e venerd\u00ec; sabato e domenica dalle 10 alle 13 e dalle 16 alle 20).<\/p>\n<p>(fonte: comunicato stampa)<\/p>\n","protected":false},"excerpt":{"rendered":"<p>LECCE. \u201cMitika\u201d, la rassegna del teatro e dei luoghi del Mito organizzata da Aletheia Teatro e diretta dall\u2019attrice Carla Guido,<\/p>\n","protected":false},"author":1,"featured_media":6059,"comment_status":"open","ping_status":"open","sticky":true,"template":"","format":"standard","meta":[],"categories":[13],"tags":[1308,1311,1309,720,1312,1310,1307],"yoast_head":"<!-- This site is optimized with the Yoast SEO plugin v18.0 - https:\/\/yoast.com\/wordpress\/plugins\/seo\/ -->\n<title>Mitika. Gran finale con il workshop teatrale su Aristofane e le &quot;Donne al Parlamento&quot; | Arte e Luoghi<\/title>\n<meta name=\"robots\" content=\"index, follow, max-snippet:-1, max-image-preview:large, max-video-preview:-1\" \/>\n<link rel=\"canonical\" href=\"https:\/\/arteeluoghi.it\/index.php\/2018\/10\/15\/mitika-gran-finale-con-il-workshop-teatrale-su-aristofane-e-le-donne-al-parlamento\/\" \/>\n<meta property=\"og:locale\" content=\"it_IT\" \/>\n<meta property=\"og:type\" content=\"article\" \/>\n<meta property=\"og:title\" content=\"Mitika. Gran finale con il workshop teatrale su Aristofane e le &quot;Donne al Parlamento&quot; | Arte e Luoghi\" \/>\n<meta property=\"og:description\" content=\"LECCE. \u201cMitika\u201d, la rassegna del teatro e dei luoghi del Mito organizzata da Aletheia Teatro e diretta dall\u2019attrice Carla Guido,\" \/>\n<meta property=\"og:url\" content=\"https:\/\/arteeluoghi.it\/index.php\/2018\/10\/15\/mitika-gran-finale-con-il-workshop-teatrale-su-aristofane-e-le-donne-al-parlamento\/\" \/>\n<meta property=\"og:site_name\" content=\"Arte e Luoghi\" \/>\n<meta property=\"article:publisher\" content=\"https:\/\/www.facebook.com\/ArteELuoghi\/\" \/>\n<meta property=\"article:published_time\" content=\"2018-10-15T17:40:05+00:00\" \/>\n<meta property=\"article:modified_time\" content=\"2018-10-21T17:43:36+00:00\" \/>\n<meta property=\"og:image\" content=\"https:\/\/arteeluoghi.it\/wp-content\/uploads\/2018\/10\/Carla-Guido-recita-ai-Massi-della-Vecchia-di-Giuggianello.jpg\" \/>\n\t<meta property=\"og:image:width\" content=\"1600\" \/>\n\t<meta property=\"og:image:height\" content=\"1503\" \/>\n\t<meta property=\"og:image:type\" content=\"image\/jpeg\" \/>\n<meta name=\"twitter:card\" content=\"summary\" \/>\n<meta name=\"twitter:creator\" content=\"@arteeluoghi\" \/>\n<meta name=\"twitter:site\" content=\"@arteeluoghi\" \/>\n<meta name=\"twitter:label1\" content=\"Scritto da\" \/>\n\t<meta name=\"twitter:data1\" content=\"Staff\" \/>\n\t<meta name=\"twitter:label2\" content=\"Tempo di lettura stimato\" \/>\n\t<meta name=\"twitter:data2\" content=\"1 minuto\" \/>\n<script type=\"application\/ld+json\" class=\"yoast-schema-graph\">{\"@context\":\"https:\/\/schema.org\",\"@graph\":[{\"@type\":\"Organization\",\"@id\":\"https:\/\/arteeluoghi.it\/#organization\",\"name\":\"Arte e Luoghi\",\"url\":\"https:\/\/arteeluoghi.it\/\",\"sameAs\":[\"https:\/\/www.facebook.com\/ArteELuoghi\/\",\"https:\/\/www.instagram.com\/arteeluoghi\/?hl=it\",\"https:\/\/www.youtube.com\/channel\/UCuRVc4JW4-C5sg9rQB-srkw?view_as=subscriber\",\"https:\/\/twitter.com\/arteeluoghi\"],\"logo\":{\"@type\":\"ImageObject\",\"@id\":\"https:\/\/arteeluoghi.it\/#logo\",\"inLanguage\":\"it-IT\",\"url\":\"https:\/\/arteeluoghi.it\/wp-content\/uploads\/2018\/08\/logoinstagramarte.jpg\",\"contentUrl\":\"https:\/\/arteeluoghi.it\/wp-content\/uploads\/2018\/08\/logoinstagramarte.jpg\",\"width\":150,\"height\":150,\"caption\":\"Arte e Luoghi\"},\"image\":{\"@id\":\"https:\/\/arteeluoghi.it\/#logo\"}},{\"@type\":\"WebSite\",\"@id\":\"https:\/\/arteeluoghi.it\/#website\",\"url\":\"https:\/\/arteeluoghi.it\/\",\"name\":\"Arte e Luoghi\",\"description\":\"Mensile di arte, cultura, turismo e curiosit\u00e0\",\"publisher\":{\"@id\":\"https:\/\/arteeluoghi.it\/#organization\"},\"potentialAction\":[{\"@type\":\"SearchAction\",\"target\":{\"@type\":\"EntryPoint\",\"urlTemplate\":\"https:\/\/arteeluoghi.it\/?s={search_term_string}\"},\"query-input\":\"required name=search_term_string\"}],\"inLanguage\":\"it-IT\"},{\"@type\":\"ImageObject\",\"@id\":\"https:\/\/arteeluoghi.it\/index.php\/2018\/10\/15\/mitika-gran-finale-con-il-workshop-teatrale-su-aristofane-e-le-donne-al-parlamento\/#primaryimage\",\"inLanguage\":\"it-IT\",\"url\":\"https:\/\/arteeluoghi.it\/wp-content\/uploads\/2018\/10\/Carla-Guido-recita-ai-Massi-della-Vecchia-di-Giuggianello.jpg\",\"contentUrl\":\"https:\/\/arteeluoghi.it\/wp-content\/uploads\/2018\/10\/Carla-Guido-recita-ai-Massi-della-Vecchia-di-Giuggianello.jpg\",\"width\":1600,\"height\":1503},{\"@type\":\"WebPage\",\"@id\":\"https:\/\/arteeluoghi.it\/index.php\/2018\/10\/15\/mitika-gran-finale-con-il-workshop-teatrale-su-aristofane-e-le-donne-al-parlamento\/#webpage\",\"url\":\"https:\/\/arteeluoghi.it\/index.php\/2018\/10\/15\/mitika-gran-finale-con-il-workshop-teatrale-su-aristofane-e-le-donne-al-parlamento\/\",\"name\":\"Mitika. Gran finale con il workshop teatrale su Aristofane e le \\\"Donne al Parlamento\\\" | Arte e Luoghi\",\"isPartOf\":{\"@id\":\"https:\/\/arteeluoghi.it\/#website\"},\"primaryImageOfPage\":{\"@id\":\"https:\/\/arteeluoghi.it\/index.php\/2018\/10\/15\/mitika-gran-finale-con-il-workshop-teatrale-su-aristofane-e-le-donne-al-parlamento\/#primaryimage\"},\"datePublished\":\"2018-10-15T17:40:05+00:00\",\"dateModified\":\"2018-10-21T17:43:36+00:00\",\"breadcrumb\":{\"@id\":\"https:\/\/arteeluoghi.it\/index.php\/2018\/10\/15\/mitika-gran-finale-con-il-workshop-teatrale-su-aristofane-e-le-donne-al-parlamento\/#breadcrumb\"},\"inLanguage\":\"it-IT\",\"potentialAction\":[{\"@type\":\"ReadAction\",\"target\":[\"https:\/\/arteeluoghi.it\/index.php\/2018\/10\/15\/mitika-gran-finale-con-il-workshop-teatrale-su-aristofane-e-le-donne-al-parlamento\/\"]}]},{\"@type\":\"BreadcrumbList\",\"@id\":\"https:\/\/arteeluoghi.it\/index.php\/2018\/10\/15\/mitika-gran-finale-con-il-workshop-teatrale-su-aristofane-e-le-donne-al-parlamento\/#breadcrumb\",\"itemListElement\":[{\"@type\":\"ListItem\",\"position\":1,\"name\":\"Home\",\"item\":\"https:\/\/arteeluoghi.it\/\"},{\"@type\":\"ListItem\",\"position\":2,\"name\":\"Mitika. Gran finale con il workshop teatrale su Aristofane e le &#8220;Donne al Parlamento&#8221;\"}]},{\"@type\":\"Article\",\"@id\":\"https:\/\/arteeluoghi.it\/index.php\/2018\/10\/15\/mitika-gran-finale-con-il-workshop-teatrale-su-aristofane-e-le-donne-al-parlamento\/#article\",\"isPartOf\":{\"@id\":\"https:\/\/arteeluoghi.it\/index.php\/2018\/10\/15\/mitika-gran-finale-con-il-workshop-teatrale-su-aristofane-e-le-donne-al-parlamento\/#webpage\"},\"author\":{\"@id\":\"https:\/\/arteeluoghi.it\/#\/schema\/person\/f84e814e36e91e01448ee07eaadd41d4\"},\"headline\":\"Mitika. Gran finale con il workshop teatrale su Aristofane e le &#8220;Donne al Parlamento&#8221;\",\"datePublished\":\"2018-10-15T17:40:05+00:00\",\"dateModified\":\"2018-10-21T17:43:36+00:00\",\"mainEntityOfPage\":{\"@id\":\"https:\/\/arteeluoghi.it\/index.php\/2018\/10\/15\/mitika-gran-finale-con-il-workshop-teatrale-su-aristofane-e-le-donne-al-parlamento\/#webpage\"},\"wordCount\":265,\"commentCount\":0,\"publisher\":{\"@id\":\"https:\/\/arteeluoghi.it\/#organization\"},\"image\":{\"@id\":\"https:\/\/arteeluoghi.it\/index.php\/2018\/10\/15\/mitika-gran-finale-con-il-workshop-teatrale-su-aristofane-e-le-donne-al-parlamento\/#primaryimage\"},\"thumbnailUrl\":\"https:\/\/arteeluoghi.it\/wp-content\/uploads\/2018\/10\/Carla-Guido-recita-ai-Massi-della-Vecchia-di-Giuggianello.jpg\",\"keywords\":[\"Aletheia Teatro\",\"Antonio De Carlo\",\"Aristofane\",\"Carla Guido\",\"Fondazione Palmieri\",\"Le donne in Parlamento\",\"Mitika\"],\"articleSection\":[\"teatro\"],\"inLanguage\":\"it-IT\",\"potentialAction\":[{\"@type\":\"CommentAction\",\"name\":\"Comment\",\"target\":[\"https:\/\/arteeluoghi.it\/index.php\/2018\/10\/15\/mitika-gran-finale-con-il-workshop-teatrale-su-aristofane-e-le-donne-al-parlamento\/#respond\"]}]},{\"@type\":\"Person\",\"@id\":\"https:\/\/arteeluoghi.it\/#\/schema\/person\/f84e814e36e91e01448ee07eaadd41d4\",\"name\":\"Staff\",\"image\":{\"@type\":\"ImageObject\",\"@id\":\"https:\/\/arteeluoghi.it\/#personlogo\",\"inLanguage\":\"it-IT\",\"url\":\"https:\/\/secure.gravatar.com\/avatar\/49d2f9e46271bb04e19cebfaf141313a?s=96&d=blank&r=g\",\"contentUrl\":\"https:\/\/secure.gravatar.com\/avatar\/49d2f9e46271bb04e19cebfaf141313a?s=96&d=blank&r=g\",\"caption\":\"Staff\"}}]}<\/script>\n<!-- \/ Yoast SEO plugin. -->","yoast_head_json":{"title":"Mitika. Gran finale con il workshop teatrale su Aristofane e le \"Donne al Parlamento\" | Arte e Luoghi","robots":{"index":"index","follow":"follow","max-snippet":"max-snippet:-1","max-image-preview":"max-image-preview:large","max-video-preview":"max-video-preview:-1"},"canonical":"https:\/\/arteeluoghi.it\/index.php\/2018\/10\/15\/mitika-gran-finale-con-il-workshop-teatrale-su-aristofane-e-le-donne-al-parlamento\/","og_locale":"it_IT","og_type":"article","og_title":"Mitika. Gran finale con il workshop teatrale su Aristofane e le \"Donne al Parlamento\" | Arte e Luoghi","og_description":"LECCE. \u201cMitika\u201d, la rassegna del teatro e dei luoghi del Mito organizzata da Aletheia Teatro e diretta dall\u2019attrice Carla Guido,","og_url":"https:\/\/arteeluoghi.it\/index.php\/2018\/10\/15\/mitika-gran-finale-con-il-workshop-teatrale-su-aristofane-e-le-donne-al-parlamento\/","og_site_name":"Arte e Luoghi","article_publisher":"https:\/\/www.facebook.com\/ArteELuoghi\/","article_published_time":"2018-10-15T17:40:05+00:00","article_modified_time":"2018-10-21T17:43:36+00:00","og_image":[{"width":1600,"height":1503,"url":"https:\/\/arteeluoghi.it\/wp-content\/uploads\/2018\/10\/Carla-Guido-recita-ai-Massi-della-Vecchia-di-Giuggianello.jpg","type":"image\/jpeg"}],"twitter_card":"summary","twitter_creator":"@arteeluoghi","twitter_site":"@arteeluoghi","twitter_misc":{"Scritto da":"Staff","Tempo di lettura stimato":"1 minuto"},"schema":{"@context":"https:\/\/schema.org","@graph":[{"@type":"Organization","@id":"https:\/\/arteeluoghi.it\/#organization","name":"Arte e Luoghi","url":"https:\/\/arteeluoghi.it\/","sameAs":["https:\/\/www.facebook.com\/ArteELuoghi\/","https:\/\/www.instagram.com\/arteeluoghi\/?hl=it","https:\/\/www.youtube.com\/channel\/UCuRVc4JW4-C5sg9rQB-srkw?view_as=subscriber","https:\/\/twitter.com\/arteeluoghi"],"logo":{"@type":"ImageObject","@id":"https:\/\/arteeluoghi.it\/#logo","inLanguage":"it-IT","url":"https:\/\/arteeluoghi.it\/wp-content\/uploads\/2018\/08\/logoinstagramarte.jpg","contentUrl":"https:\/\/arteeluoghi.it\/wp-content\/uploads\/2018\/08\/logoinstagramarte.jpg","width":150,"height":150,"caption":"Arte e Luoghi"},"image":{"@id":"https:\/\/arteeluoghi.it\/#logo"}},{"@type":"WebSite","@id":"https:\/\/arteeluoghi.it\/#website","url":"https:\/\/arteeluoghi.it\/","name":"Arte e Luoghi","description":"Mensile di arte, cultura, turismo e curiosit\u00e0","publisher":{"@id":"https:\/\/arteeluoghi.it\/#organization"},"potentialAction":[{"@type":"SearchAction","target":{"@type":"EntryPoint","urlTemplate":"https:\/\/arteeluoghi.it\/?s={search_term_string}"},"query-input":"required name=search_term_string"}],"inLanguage":"it-IT"},{"@type":"ImageObject","@id":"https:\/\/arteeluoghi.it\/index.php\/2018\/10\/15\/mitika-gran-finale-con-il-workshop-teatrale-su-aristofane-e-le-donne-al-parlamento\/#primaryimage","inLanguage":"it-IT","url":"https:\/\/arteeluoghi.it\/wp-content\/uploads\/2018\/10\/Carla-Guido-recita-ai-Massi-della-Vecchia-di-Giuggianello.jpg","contentUrl":"https:\/\/arteeluoghi.it\/wp-content\/uploads\/2018\/10\/Carla-Guido-recita-ai-Massi-della-Vecchia-di-Giuggianello.jpg","width":1600,"height":1503},{"@type":"WebPage","@id":"https:\/\/arteeluoghi.it\/index.php\/2018\/10\/15\/mitika-gran-finale-con-il-workshop-teatrale-su-aristofane-e-le-donne-al-parlamento\/#webpage","url":"https:\/\/arteeluoghi.it\/index.php\/2018\/10\/15\/mitika-gran-finale-con-il-workshop-teatrale-su-aristofane-e-le-donne-al-parlamento\/","name":"Mitika. Gran finale con il workshop teatrale su Aristofane e le \"Donne al Parlamento\" | Arte e Luoghi","isPartOf":{"@id":"https:\/\/arteeluoghi.it\/#website"},"primaryImageOfPage":{"@id":"https:\/\/arteeluoghi.it\/index.php\/2018\/10\/15\/mitika-gran-finale-con-il-workshop-teatrale-su-aristofane-e-le-donne-al-parlamento\/#primaryimage"},"datePublished":"2018-10-15T17:40:05+00:00","dateModified":"2018-10-21T17:43:36+00:00","breadcrumb":{"@id":"https:\/\/arteeluoghi.it\/index.php\/2018\/10\/15\/mitika-gran-finale-con-il-workshop-teatrale-su-aristofane-e-le-donne-al-parlamento\/#breadcrumb"},"inLanguage":"it-IT","potentialAction":[{"@type":"ReadAction","target":["https:\/\/arteeluoghi.it\/index.php\/2018\/10\/15\/mitika-gran-finale-con-il-workshop-teatrale-su-aristofane-e-le-donne-al-parlamento\/"]}]},{"@type":"BreadcrumbList","@id":"https:\/\/arteeluoghi.it\/index.php\/2018\/10\/15\/mitika-gran-finale-con-il-workshop-teatrale-su-aristofane-e-le-donne-al-parlamento\/#breadcrumb","itemListElement":[{"@type":"ListItem","position":1,"name":"Home","item":"https:\/\/arteeluoghi.it\/"},{"@type":"ListItem","position":2,"name":"Mitika. Gran finale con il workshop teatrale su Aristofane e le &#8220;Donne al Parlamento&#8221;"}]},{"@type":"Article","@id":"https:\/\/arteeluoghi.it\/index.php\/2018\/10\/15\/mitika-gran-finale-con-il-workshop-teatrale-su-aristofane-e-le-donne-al-parlamento\/#article","isPartOf":{"@id":"https:\/\/arteeluoghi.it\/index.php\/2018\/10\/15\/mitika-gran-finale-con-il-workshop-teatrale-su-aristofane-e-le-donne-al-parlamento\/#webpage"},"author":{"@id":"https:\/\/arteeluoghi.it\/#\/schema\/person\/f84e814e36e91e01448ee07eaadd41d4"},"headline":"Mitika. Gran finale con il workshop teatrale su Aristofane e le &#8220;Donne al Parlamento&#8221;","datePublished":"2018-10-15T17:40:05+00:00","dateModified":"2018-10-21T17:43:36+00:00","mainEntityOfPage":{"@id":"https:\/\/arteeluoghi.it\/index.php\/2018\/10\/15\/mitika-gran-finale-con-il-workshop-teatrale-su-aristofane-e-le-donne-al-parlamento\/#webpage"},"wordCount":265,"commentCount":0,"publisher":{"@id":"https:\/\/arteeluoghi.it\/#organization"},"image":{"@id":"https:\/\/arteeluoghi.it\/index.php\/2018\/10\/15\/mitika-gran-finale-con-il-workshop-teatrale-su-aristofane-e-le-donne-al-parlamento\/#primaryimage"},"thumbnailUrl":"https:\/\/arteeluoghi.it\/wp-content\/uploads\/2018\/10\/Carla-Guido-recita-ai-Massi-della-Vecchia-di-Giuggianello.jpg","keywords":["Aletheia Teatro","Antonio De Carlo","Aristofane","Carla Guido","Fondazione Palmieri","Le donne in Parlamento","Mitika"],"articleSection":["teatro"],"inLanguage":"it-IT","potentialAction":[{"@type":"CommentAction","name":"Comment","target":["https:\/\/arteeluoghi.it\/index.php\/2018\/10\/15\/mitika-gran-finale-con-il-workshop-teatrale-su-aristofane-e-le-donne-al-parlamento\/#respond"]}]},{"@type":"Person","@id":"https:\/\/arteeluoghi.it\/#\/schema\/person\/f84e814e36e91e01448ee07eaadd41d4","name":"Staff","image":{"@type":"ImageObject","@id":"https:\/\/arteeluoghi.it\/#personlogo","inLanguage":"it-IT","url":"https:\/\/secure.gravatar.com\/avatar\/49d2f9e46271bb04e19cebfaf141313a?s=96&d=blank&r=g","contentUrl":"https:\/\/secure.gravatar.com\/avatar\/49d2f9e46271bb04e19cebfaf141313a?s=96&d=blank&r=g","caption":"Staff"}}]}},"_links":{"self":[{"href":"https:\/\/arteeluoghi.it\/index.php\/wp-json\/wp\/v2\/posts\/6057"}],"collection":[{"href":"https:\/\/arteeluoghi.it\/index.php\/wp-json\/wp\/v2\/posts"}],"about":[{"href":"https:\/\/arteeluoghi.it\/index.php\/wp-json\/wp\/v2\/types\/post"}],"author":[{"embeddable":true,"href":"https:\/\/arteeluoghi.it\/index.php\/wp-json\/wp\/v2\/users\/1"}],"replies":[{"embeddable":true,"href":"https:\/\/arteeluoghi.it\/index.php\/wp-json\/wp\/v2\/comments?post=6057"}],"version-history":[{"count":1,"href":"https:\/\/arteeluoghi.it\/index.php\/wp-json\/wp\/v2\/posts\/6057\/revisions"}],"predecessor-version":[{"id":6060,"href":"https:\/\/arteeluoghi.it\/index.php\/wp-json\/wp\/v2\/posts\/6057\/revisions\/6060"}],"wp:featuredmedia":[{"embeddable":true,"href":"https:\/\/arteeluoghi.it\/index.php\/wp-json\/wp\/v2\/media\/6059"}],"wp:attachment":[{"href":"https:\/\/arteeluoghi.it\/index.php\/wp-json\/wp\/v2\/media?parent=6057"}],"wp:term":[{"taxonomy":"category","embeddable":true,"href":"https:\/\/arteeluoghi.it\/index.php\/wp-json\/wp\/v2\/categories?post=6057"},{"taxonomy":"post_tag","embeddable":true,"href":"https:\/\/arteeluoghi.it\/index.php\/wp-json\/wp\/v2\/tags?post=6057"}],"curies":[{"name":"wp","href":"https:\/\/api.w.org\/{rel}","templated":true}]}}