{"id":6093,"date":"2018-10-26T15:21:16","date_gmt":"2018-10-26T13:21:16","guid":{"rendered":"https:\/\/arteeluoghi.it\/?p=6093"},"modified":"2018-10-28T19:31:28","modified_gmt":"2018-10-28T18:31:28","slug":"prorogata-ad-otranto-la-mostra-900-in-italia-da-de-chirico-a-fontana","status":"publish","type":"post","link":"https:\/\/arteeluoghi.it\/index.php\/2018\/10\/26\/prorogata-ad-otranto-la-mostra-900-in-italia-da-de-chirico-a-fontana\/","title":{"rendered":"Prorogata ad Otranto la mostra \u2018900 in Italia. Da De Chirico a Fontana"},"content":{"rendered":"<p><img loading=\"lazy\" class=\"size-medium wp-image-6094 alignleft\" src=\"https:\/\/arteeluoghi.it\/wp-content\/uploads\/2018\/10\/IMG_20180614_182336-300x169.jpg\" alt=\"\" width=\"300\" height=\"169\" srcset=\"https:\/\/arteeluoghi.it\/wp-content\/uploads\/2018\/10\/IMG_20180614_182336-300x169.jpg 300w, https:\/\/arteeluoghi.it\/wp-content\/uploads\/2018\/10\/IMG_20180614_182336-768x434.jpg 768w, https:\/\/arteeluoghi.it\/wp-content\/uploads\/2018\/10\/IMG_20180614_182336-1024x578.jpg 1024w\" sizes=\"(max-width: 300px) 100vw, 300px\" \/><\/p>\n<p><strong>OTRANTO. (LECCE). Eccezionalmente prorogata fino al prossimo 4 novembre la mostra \u2018900 in Italia. Da De Chirico a Fontana.<\/strong><\/p>\n<p>L&#8217;esposizione \u00e8 stata concepita come una ricognizione sulla storia dell\u2019arte del secolo scorso attraverso l\u2019esposizione di oltre quaranta opere, alcune delle quali inedite, di riconosciuti maestri, tra i quali <strong>Renato Guttuso<\/strong>, <strong>Mario Schifano<\/strong>, <strong>Mimmo Rotella<\/strong>, <strong>Jannis Kounellis<\/strong>, <strong>Fausto Melotti<\/strong>, <strong>Achille Perilli<\/strong> e <strong>Michelangelo Pistoletto<\/strong>, provenienti da collezioni private italiane.<\/p>\n<p><!--more-->Il progetto espositivo, curato da Luca Barsi e Lorenzo Madaro, si propone di indagare un secolo straordinario per l\u2019arte e la cultura italiana nelle sue declinazioni pi\u00f9 sofisticate, dalla <strong>Metafisica<\/strong> all\u2019astrazione di <strong>Forma 1<\/strong>, dall\u2019<strong>Informale<\/strong> alla <strong>Pop Art<\/strong>, dall\u2019<strong>Arte Povera <\/strong>alla <strong>Transavanguardia<\/strong>, ovvero i maggiori movimenti che hanno costellato il secolo scorso, anche nel contesto internazionale.<\/p>\n<p>Artisti storicizzati, protagonisti delle pagine pi\u00f9 significative della storia dell\u2019arte nazionale e internazionale, hanno contribuito alle grandi rivoluzioni artistiche del XX secolo e alla storia delle immagini e della forma, attraverso ricerche sperimentali, idee pionieristiche e relazioni intellettuali con poeti, scrittori e musicisti, all\u2019insegna di un dialogo fervido indirizzato alla costruzione di quell\u2019immaginario sfaccettato che \u00e8 il \u2018900 nella sua totalit\u00e0.<\/p>\n<p>Le sale espositive del Castello Aragonese sono cos\u00ec al centro di un ambizioso progetto espositivo, composto da singole sezioni, in cui saranno raccolti nuclei specifici di opere legate tra loro da connessioni intellettuali, visive e quindi non soltanto cronologiche. Il progetto allestitivo, curato dagli architetti Francesca Fiore e Lorenzo Spagnolo, si propone di essere fruito da un vasto pubblico di non addetti ai lavori, perci\u00f2 al suo interno ospita anche un ampio e fruibile apparato didattico che consentir\u00e0 a tutti i visitatori (anche attraverso video e materiali multimediali) di immergersi nelle opere con pi\u00f9 consapevolezza.<\/p>\n<p>&nbsp;<\/p>\n<p><strong>Gli artisti protagonisti del progetto espositivo <\/strong><\/p>\n<p>Carla Accardi, Franco Angeli, Giacomo Balla, Agostino Bonalumi, Massimo Campigli, Carlo Carr\u00e0, Felice Casorati, Bruno Cassinari, Enrico Castellani, Sandro Chia, Roberto Crippa, Enzo Cucchi, Giorgio De Chirico, Nicola De Maria, Filippo De Pisis, Piero Dorazio, Tano Festa, Giosetta Fioroni, Lucio Fontana, Mimmo German\u00e0, Renato Guttuso, Jannis Kounellis, Fausto Melotti, Giorgio Morandi, Ennio Morlotti, Mimmo Paladino, Pino Pascali, Achille Perilli, Michelangelo Pistoletto, Mario Radice, Mauro Reggiani, Manlio Rho, Mimmo Rotella, Antonio Sanfilippo, Emilio Scanavino, Mario Schifano, Mario Tozzi, Emilio Vedova.<\/p>\n<p>&nbsp;<\/p>\n<p><strong>Info<br \/>\n<\/strong>Castello di Otranto, Piazza Castello &#8211; Tel. 0836 210094<\/p>\n<p>Apertura: tutti i giorni dalle 10 alle 20 (orario continuato)<\/p>\n<p>Costi dei biglietti:\u00a0intero \u20ac 10 &#8211; ridotto \u20ac 8 per gruppi di almeno 12 visitatori, convenzioni e possessori della Otranto Card &#8211; ridotto speciale \u20ac 6 per minori di 18 anni, convenzioni e residenti nel Comune di Otranto &#8211; gratuito per minori di 6 anni e minori di 18 anni in visita con i genitori.<\/p>\n<p>(fonte: comunicato stampa)<\/p>\n<p>&nbsp;<\/p>\n","protected":false},"excerpt":{"rendered":"<p>OTRANTO. (LECCE). Eccezionalmente prorogata fino al prossimo 4 novembre la mostra \u2018900 in Italia. Da De Chirico a Fontana. L&#8217;esposizione<\/p>\n","protected":false},"author":1,"featured_media":6095,"comment_status":"open","ping_status":"open","sticky":true,"template":"","format":"standard","meta":[],"categories":[27],"tags":[1327],"yoast_head":"<!-- This site is optimized with the Yoast SEO plugin v18.0 - https:\/\/yoast.com\/wordpress\/plugins\/seo\/ -->\n<title>Prorogata ad Otranto la mostra \u2018900 in Italia. Da De Chirico a Fontana | Arte e Luoghi<\/title>\n<meta name=\"robots\" content=\"index, follow, max-snippet:-1, max-image-preview:large, max-video-preview:-1\" \/>\n<link rel=\"canonical\" href=\"https:\/\/arteeluoghi.it\/index.php\/2018\/10\/26\/prorogata-ad-otranto-la-mostra-900-in-italia-da-de-chirico-a-fontana\/\" \/>\n<meta property=\"og:locale\" content=\"it_IT\" \/>\n<meta property=\"og:type\" content=\"article\" \/>\n<meta property=\"og:title\" content=\"Prorogata ad Otranto la mostra \u2018900 in Italia. Da De Chirico a Fontana | Arte e Luoghi\" \/>\n<meta property=\"og:description\" content=\"OTRANTO. (LECCE). Eccezionalmente prorogata fino al prossimo 4 novembre la mostra \u2018900 in Italia. Da De Chirico a Fontana. L&#8217;esposizione\" \/>\n<meta property=\"og:url\" content=\"https:\/\/arteeluoghi.it\/index.php\/2018\/10\/26\/prorogata-ad-otranto-la-mostra-900-in-italia-da-de-chirico-a-fontana\/\" \/>\n<meta property=\"og:site_name\" content=\"Arte e Luoghi\" \/>\n<meta property=\"article:publisher\" content=\"https:\/\/www.facebook.com\/ArteELuoghi\/\" \/>\n<meta property=\"article:published_time\" content=\"2018-10-26T13:21:16+00:00\" \/>\n<meta property=\"article:modified_time\" content=\"2018-10-28T18:31:28+00:00\" \/>\n<meta property=\"og:image\" content=\"https:\/\/arteeluoghi.it\/wp-content\/uploads\/2018\/10\/IMG_20180614_182504-1024x578.jpg\" \/>\n\t<meta property=\"og:image:width\" content=\"1024\" \/>\n\t<meta property=\"og:image:height\" content=\"578\" \/>\n\t<meta property=\"og:image:type\" content=\"image\/jpeg\" \/>\n<meta name=\"twitter:card\" content=\"summary\" \/>\n<meta name=\"twitter:creator\" content=\"@arteeluoghi\" \/>\n<meta name=\"twitter:site\" content=\"@arteeluoghi\" \/>\n<meta name=\"twitter:label1\" content=\"Scritto da\" \/>\n\t<meta name=\"twitter:data1\" content=\"Staff\" \/>\n\t<meta name=\"twitter:label2\" content=\"Tempo di lettura stimato\" \/>\n\t<meta name=\"twitter:data2\" content=\"2 minuti\" \/>\n<script type=\"application\/ld+json\" class=\"yoast-schema-graph\">{\"@context\":\"https:\/\/schema.org\",\"@graph\":[{\"@type\":\"Organization\",\"@id\":\"https:\/\/arteeluoghi.it\/#organization\",\"name\":\"Arte e Luoghi\",\"url\":\"https:\/\/arteeluoghi.it\/\",\"sameAs\":[\"https:\/\/www.facebook.com\/ArteELuoghi\/\",\"https:\/\/www.instagram.com\/arteeluoghi\/?hl=it\",\"https:\/\/www.youtube.com\/channel\/UCuRVc4JW4-C5sg9rQB-srkw?view_as=subscriber\",\"https:\/\/twitter.com\/arteeluoghi\"],\"logo\":{\"@type\":\"ImageObject\",\"@id\":\"https:\/\/arteeluoghi.it\/#logo\",\"inLanguage\":\"it-IT\",\"url\":\"https:\/\/arteeluoghi.it\/wp-content\/uploads\/2018\/08\/logoinstagramarte.jpg\",\"contentUrl\":\"https:\/\/arteeluoghi.it\/wp-content\/uploads\/2018\/08\/logoinstagramarte.jpg\",\"width\":150,\"height\":150,\"caption\":\"Arte e Luoghi\"},\"image\":{\"@id\":\"https:\/\/arteeluoghi.it\/#logo\"}},{\"@type\":\"WebSite\",\"@id\":\"https:\/\/arteeluoghi.it\/#website\",\"url\":\"https:\/\/arteeluoghi.it\/\",\"name\":\"Arte e Luoghi\",\"description\":\"Mensile di arte, cultura, turismo e curiosit\u00e0\",\"publisher\":{\"@id\":\"https:\/\/arteeluoghi.it\/#organization\"},\"potentialAction\":[{\"@type\":\"SearchAction\",\"target\":{\"@type\":\"EntryPoint\",\"urlTemplate\":\"https:\/\/arteeluoghi.it\/?s={search_term_string}\"},\"query-input\":\"required name=search_term_string\"}],\"inLanguage\":\"it-IT\"},{\"@type\":\"ImageObject\",\"@id\":\"https:\/\/arteeluoghi.it\/index.php\/2018\/10\/26\/prorogata-ad-otranto-la-mostra-900-in-italia-da-de-chirico-a-fontana\/#primaryimage\",\"inLanguage\":\"it-IT\",\"url\":\"https:\/\/arteeluoghi.it\/wp-content\/uploads\/2018\/10\/IMG_20180614_182504.jpg\",\"contentUrl\":\"https:\/\/arteeluoghi.it\/wp-content\/uploads\/2018\/10\/IMG_20180614_182504.jpg\",\"width\":3968,\"height\":2240,\"caption\":\"cof\"},{\"@type\":\"WebPage\",\"@id\":\"https:\/\/arteeluoghi.it\/index.php\/2018\/10\/26\/prorogata-ad-otranto-la-mostra-900-in-italia-da-de-chirico-a-fontana\/#webpage\",\"url\":\"https:\/\/arteeluoghi.it\/index.php\/2018\/10\/26\/prorogata-ad-otranto-la-mostra-900-in-italia-da-de-chirico-a-fontana\/\",\"name\":\"Prorogata ad Otranto la mostra \u2018900 in Italia. Da De Chirico a Fontana | Arte e Luoghi\",\"isPartOf\":{\"@id\":\"https:\/\/arteeluoghi.it\/#website\"},\"primaryImageOfPage\":{\"@id\":\"https:\/\/arteeluoghi.it\/index.php\/2018\/10\/26\/prorogata-ad-otranto-la-mostra-900-in-italia-da-de-chirico-a-fontana\/#primaryimage\"},\"datePublished\":\"2018-10-26T13:21:16+00:00\",\"dateModified\":\"2018-10-28T18:31:28+00:00\",\"breadcrumb\":{\"@id\":\"https:\/\/arteeluoghi.it\/index.php\/2018\/10\/26\/prorogata-ad-otranto-la-mostra-900-in-italia-da-de-chirico-a-fontana\/#breadcrumb\"},\"inLanguage\":\"it-IT\",\"potentialAction\":[{\"@type\":\"ReadAction\",\"target\":[\"https:\/\/arteeluoghi.it\/index.php\/2018\/10\/26\/prorogata-ad-otranto-la-mostra-900-in-italia-da-de-chirico-a-fontana\/\"]}]},{\"@type\":\"BreadcrumbList\",\"@id\":\"https:\/\/arteeluoghi.it\/index.php\/2018\/10\/26\/prorogata-ad-otranto-la-mostra-900-in-italia-da-de-chirico-a-fontana\/#breadcrumb\",\"itemListElement\":[{\"@type\":\"ListItem\",\"position\":1,\"name\":\"Home\",\"item\":\"https:\/\/arteeluoghi.it\/\"},{\"@type\":\"ListItem\",\"position\":2,\"name\":\"Prorogata ad Otranto la mostra \u2018900 in Italia. Da De Chirico a Fontana\"}]},{\"@type\":\"Article\",\"@id\":\"https:\/\/arteeluoghi.it\/index.php\/2018\/10\/26\/prorogata-ad-otranto-la-mostra-900-in-italia-da-de-chirico-a-fontana\/#article\",\"isPartOf\":{\"@id\":\"https:\/\/arteeluoghi.it\/index.php\/2018\/10\/26\/prorogata-ad-otranto-la-mostra-900-in-italia-da-de-chirico-a-fontana\/#webpage\"},\"author\":{\"@id\":\"https:\/\/arteeluoghi.it\/#\/schema\/person\/f84e814e36e91e01448ee07eaadd41d4\"},\"headline\":\"Prorogata ad Otranto la mostra \u2018900 in Italia. Da De Chirico a Fontana\",\"datePublished\":\"2018-10-26T13:21:16+00:00\",\"dateModified\":\"2018-10-28T18:31:28+00:00\",\"mainEntityOfPage\":{\"@id\":\"https:\/\/arteeluoghi.it\/index.php\/2018\/10\/26\/prorogata-ad-otranto-la-mostra-900-in-italia-da-de-chirico-a-fontana\/#webpage\"},\"wordCount\":448,\"commentCount\":0,\"publisher\":{\"@id\":\"https:\/\/arteeluoghi.it\/#organization\"},\"image\":{\"@id\":\"https:\/\/arteeluoghi.it\/index.php\/2018\/10\/26\/prorogata-ad-otranto-la-mostra-900-in-italia-da-de-chirico-a-fontana\/#primaryimage\"},\"thumbnailUrl\":\"https:\/\/arteeluoghi.it\/wp-content\/uploads\/2018\/10\/IMG_20180614_182504.jpg\",\"keywords\":[\"\u2018900 in Italia. Da De Chirico a Fontana.\"],\"articleSection\":[\"Arte\"],\"inLanguage\":\"it-IT\",\"potentialAction\":[{\"@type\":\"CommentAction\",\"name\":\"Comment\",\"target\":[\"https:\/\/arteeluoghi.it\/index.php\/2018\/10\/26\/prorogata-ad-otranto-la-mostra-900-in-italia-da-de-chirico-a-fontana\/#respond\"]}]},{\"@type\":\"Person\",\"@id\":\"https:\/\/arteeluoghi.it\/#\/schema\/person\/f84e814e36e91e01448ee07eaadd41d4\",\"name\":\"Staff\",\"image\":{\"@type\":\"ImageObject\",\"@id\":\"https:\/\/arteeluoghi.it\/#personlogo\",\"inLanguage\":\"it-IT\",\"url\":\"https:\/\/secure.gravatar.com\/avatar\/49d2f9e46271bb04e19cebfaf141313a?s=96&d=blank&r=g\",\"contentUrl\":\"https:\/\/secure.gravatar.com\/avatar\/49d2f9e46271bb04e19cebfaf141313a?s=96&d=blank&r=g\",\"caption\":\"Staff\"}}]}<\/script>\n<!-- \/ Yoast SEO plugin. -->","yoast_head_json":{"title":"Prorogata ad Otranto la mostra \u2018900 in Italia. Da De Chirico a Fontana | Arte e Luoghi","robots":{"index":"index","follow":"follow","max-snippet":"max-snippet:-1","max-image-preview":"max-image-preview:large","max-video-preview":"max-video-preview:-1"},"canonical":"https:\/\/arteeluoghi.it\/index.php\/2018\/10\/26\/prorogata-ad-otranto-la-mostra-900-in-italia-da-de-chirico-a-fontana\/","og_locale":"it_IT","og_type":"article","og_title":"Prorogata ad Otranto la mostra \u2018900 in Italia. Da De Chirico a Fontana | Arte e Luoghi","og_description":"OTRANTO. (LECCE). Eccezionalmente prorogata fino al prossimo 4 novembre la mostra \u2018900 in Italia. Da De Chirico a Fontana. L&#8217;esposizione","og_url":"https:\/\/arteeluoghi.it\/index.php\/2018\/10\/26\/prorogata-ad-otranto-la-mostra-900-in-italia-da-de-chirico-a-fontana\/","og_site_name":"Arte e Luoghi","article_publisher":"https:\/\/www.facebook.com\/ArteELuoghi\/","article_published_time":"2018-10-26T13:21:16+00:00","article_modified_time":"2018-10-28T18:31:28+00:00","og_image":[{"width":1024,"height":578,"url":"https:\/\/arteeluoghi.it\/wp-content\/uploads\/2018\/10\/IMG_20180614_182504-1024x578.jpg","type":"image\/jpeg"}],"twitter_card":"summary","twitter_creator":"@arteeluoghi","twitter_site":"@arteeluoghi","twitter_misc":{"Scritto da":"Staff","Tempo di lettura stimato":"2 minuti"},"schema":{"@context":"https:\/\/schema.org","@graph":[{"@type":"Organization","@id":"https:\/\/arteeluoghi.it\/#organization","name":"Arte e Luoghi","url":"https:\/\/arteeluoghi.it\/","sameAs":["https:\/\/www.facebook.com\/ArteELuoghi\/","https:\/\/www.instagram.com\/arteeluoghi\/?hl=it","https:\/\/www.youtube.com\/channel\/UCuRVc4JW4-C5sg9rQB-srkw?view_as=subscriber","https:\/\/twitter.com\/arteeluoghi"],"logo":{"@type":"ImageObject","@id":"https:\/\/arteeluoghi.it\/#logo","inLanguage":"it-IT","url":"https:\/\/arteeluoghi.it\/wp-content\/uploads\/2018\/08\/logoinstagramarte.jpg","contentUrl":"https:\/\/arteeluoghi.it\/wp-content\/uploads\/2018\/08\/logoinstagramarte.jpg","width":150,"height":150,"caption":"Arte e Luoghi"},"image":{"@id":"https:\/\/arteeluoghi.it\/#logo"}},{"@type":"WebSite","@id":"https:\/\/arteeluoghi.it\/#website","url":"https:\/\/arteeluoghi.it\/","name":"Arte e Luoghi","description":"Mensile di arte, cultura, turismo e curiosit\u00e0","publisher":{"@id":"https:\/\/arteeluoghi.it\/#organization"},"potentialAction":[{"@type":"SearchAction","target":{"@type":"EntryPoint","urlTemplate":"https:\/\/arteeluoghi.it\/?s={search_term_string}"},"query-input":"required name=search_term_string"}],"inLanguage":"it-IT"},{"@type":"ImageObject","@id":"https:\/\/arteeluoghi.it\/index.php\/2018\/10\/26\/prorogata-ad-otranto-la-mostra-900-in-italia-da-de-chirico-a-fontana\/#primaryimage","inLanguage":"it-IT","url":"https:\/\/arteeluoghi.it\/wp-content\/uploads\/2018\/10\/IMG_20180614_182504.jpg","contentUrl":"https:\/\/arteeluoghi.it\/wp-content\/uploads\/2018\/10\/IMG_20180614_182504.jpg","width":3968,"height":2240,"caption":"cof"},{"@type":"WebPage","@id":"https:\/\/arteeluoghi.it\/index.php\/2018\/10\/26\/prorogata-ad-otranto-la-mostra-900-in-italia-da-de-chirico-a-fontana\/#webpage","url":"https:\/\/arteeluoghi.it\/index.php\/2018\/10\/26\/prorogata-ad-otranto-la-mostra-900-in-italia-da-de-chirico-a-fontana\/","name":"Prorogata ad Otranto la mostra \u2018900 in Italia. Da De Chirico a Fontana | Arte e Luoghi","isPartOf":{"@id":"https:\/\/arteeluoghi.it\/#website"},"primaryImageOfPage":{"@id":"https:\/\/arteeluoghi.it\/index.php\/2018\/10\/26\/prorogata-ad-otranto-la-mostra-900-in-italia-da-de-chirico-a-fontana\/#primaryimage"},"datePublished":"2018-10-26T13:21:16+00:00","dateModified":"2018-10-28T18:31:28+00:00","breadcrumb":{"@id":"https:\/\/arteeluoghi.it\/index.php\/2018\/10\/26\/prorogata-ad-otranto-la-mostra-900-in-italia-da-de-chirico-a-fontana\/#breadcrumb"},"inLanguage":"it-IT","potentialAction":[{"@type":"ReadAction","target":["https:\/\/arteeluoghi.it\/index.php\/2018\/10\/26\/prorogata-ad-otranto-la-mostra-900-in-italia-da-de-chirico-a-fontana\/"]}]},{"@type":"BreadcrumbList","@id":"https:\/\/arteeluoghi.it\/index.php\/2018\/10\/26\/prorogata-ad-otranto-la-mostra-900-in-italia-da-de-chirico-a-fontana\/#breadcrumb","itemListElement":[{"@type":"ListItem","position":1,"name":"Home","item":"https:\/\/arteeluoghi.it\/"},{"@type":"ListItem","position":2,"name":"Prorogata ad Otranto la mostra \u2018900 in Italia. Da De Chirico a Fontana"}]},{"@type":"Article","@id":"https:\/\/arteeluoghi.it\/index.php\/2018\/10\/26\/prorogata-ad-otranto-la-mostra-900-in-italia-da-de-chirico-a-fontana\/#article","isPartOf":{"@id":"https:\/\/arteeluoghi.it\/index.php\/2018\/10\/26\/prorogata-ad-otranto-la-mostra-900-in-italia-da-de-chirico-a-fontana\/#webpage"},"author":{"@id":"https:\/\/arteeluoghi.it\/#\/schema\/person\/f84e814e36e91e01448ee07eaadd41d4"},"headline":"Prorogata ad Otranto la mostra \u2018900 in Italia. Da De Chirico a Fontana","datePublished":"2018-10-26T13:21:16+00:00","dateModified":"2018-10-28T18:31:28+00:00","mainEntityOfPage":{"@id":"https:\/\/arteeluoghi.it\/index.php\/2018\/10\/26\/prorogata-ad-otranto-la-mostra-900-in-italia-da-de-chirico-a-fontana\/#webpage"},"wordCount":448,"commentCount":0,"publisher":{"@id":"https:\/\/arteeluoghi.it\/#organization"},"image":{"@id":"https:\/\/arteeluoghi.it\/index.php\/2018\/10\/26\/prorogata-ad-otranto-la-mostra-900-in-italia-da-de-chirico-a-fontana\/#primaryimage"},"thumbnailUrl":"https:\/\/arteeluoghi.it\/wp-content\/uploads\/2018\/10\/IMG_20180614_182504.jpg","keywords":["\u2018900 in Italia. Da De Chirico a Fontana."],"articleSection":["Arte"],"inLanguage":"it-IT","potentialAction":[{"@type":"CommentAction","name":"Comment","target":["https:\/\/arteeluoghi.it\/index.php\/2018\/10\/26\/prorogata-ad-otranto-la-mostra-900-in-italia-da-de-chirico-a-fontana\/#respond"]}]},{"@type":"Person","@id":"https:\/\/arteeluoghi.it\/#\/schema\/person\/f84e814e36e91e01448ee07eaadd41d4","name":"Staff","image":{"@type":"ImageObject","@id":"https:\/\/arteeluoghi.it\/#personlogo","inLanguage":"it-IT","url":"https:\/\/secure.gravatar.com\/avatar\/49d2f9e46271bb04e19cebfaf141313a?s=96&d=blank&r=g","contentUrl":"https:\/\/secure.gravatar.com\/avatar\/49d2f9e46271bb04e19cebfaf141313a?s=96&d=blank&r=g","caption":"Staff"}}]}},"_links":{"self":[{"href":"https:\/\/arteeluoghi.it\/index.php\/wp-json\/wp\/v2\/posts\/6093"}],"collection":[{"href":"https:\/\/arteeluoghi.it\/index.php\/wp-json\/wp\/v2\/posts"}],"about":[{"href":"https:\/\/arteeluoghi.it\/index.php\/wp-json\/wp\/v2\/types\/post"}],"author":[{"embeddable":true,"href":"https:\/\/arteeluoghi.it\/index.php\/wp-json\/wp\/v2\/users\/1"}],"replies":[{"embeddable":true,"href":"https:\/\/arteeluoghi.it\/index.php\/wp-json\/wp\/v2\/comments?post=6093"}],"version-history":[{"count":3,"href":"https:\/\/arteeluoghi.it\/index.php\/wp-json\/wp\/v2\/posts\/6093\/revisions"}],"predecessor-version":[{"id":6108,"href":"https:\/\/arteeluoghi.it\/index.php\/wp-json\/wp\/v2\/posts\/6093\/revisions\/6108"}],"wp:featuredmedia":[{"embeddable":true,"href":"https:\/\/arteeluoghi.it\/index.php\/wp-json\/wp\/v2\/media\/6095"}],"wp:attachment":[{"href":"https:\/\/arteeluoghi.it\/index.php\/wp-json\/wp\/v2\/media?parent=6093"}],"wp:term":[{"taxonomy":"category","embeddable":true,"href":"https:\/\/arteeluoghi.it\/index.php\/wp-json\/wp\/v2\/categories?post=6093"},{"taxonomy":"post_tag","embeddable":true,"href":"https:\/\/arteeluoghi.it\/index.php\/wp-json\/wp\/v2\/tags?post=6093"}],"curies":[{"name":"wp","href":"https:\/\/api.w.org\/{rel}","templated":true}]}}