{"id":611,"date":"2012-03-26T17:32:48","date_gmt":"2012-03-26T15:32:48","guid":{"rendered":"http:\/\/arteeluoghi.it\/index.php\/2012\/03\/26\/larte-contemporanea-a-forli\/"},"modified":"2012-03-26T17:32:48","modified_gmt":"2012-03-26T15:32:48","slug":"larte-contemporanea-a-forli","status":"publish","type":"post","link":"https:\/\/arteeluoghi.it\/index.php\/2012\/03\/26\/larte-contemporanea-a-forli\/","title":{"rendered":"L&#8217;arte contemporanea a Forl\u00ec"},"content":{"rendered":"<p><img src=\"\/images\/stories\/verniceforli.jpg\" border=\"0\" width=\"400\" style=\"margin: 21px; float: left;\" \/><\/p>\n<p>A Forl\u00ec la decima edizionesi \u00e8 svolta dal 23 al 25 marzo<\/p>\n<p><strong><span style=\"font-size: small;\">Vernice art fair<\/span><\/strong><\/p>\n<p>\u00a0<\/p>\n<p>Si chiama Vernice art fair, ed \u00e8 la mostra mercato d&#8217;Arte moderna e contemporanea di Forl\u00ec che quest&#8217;anno, dal 23 marzo al 25 marzo,\u00a0 ha tagliato il traguardo del decimo anno.<\/p>\n<p>Oltre ad una panoramica di artisti pervenuti da tutta Italia, circa 300 nomi, una delle costanti\u00a0 ricorrenti in ogni edizione \u00e8 la ricerca di ulteriori e intensi stimoli sul visitatore. <br \/>In questa, oltre alla sfida rappresentata dal Concorso, sono stati numerosi gli eventi che hanno animato la manifestazione.<\/p>\n<p>\u00a0<\/p>\n<p>  <!--more-->  <\/p>\n<p>Uno degli eventi di punta, &#8220;Protagonisti&#8221; (a cura di Rodolfo Bertozzi e Francesca Caldari) con le opere di Jos\u00e8 Demetrio, Diego Dutto, Luca Freschi, Luca Moscariello, Sabrina Milazzo e Ayano Yamamot che hanno offerto una fresca panoramica sullo stato dell&#8217;arte contemporanea. Artisti scelti per il proprio personalissimo stile e per le diverse aree di provenienza che escono dai confini italiani per arrivare al Giappone e alla Repubblica Domenicana. Come trait d\u2019union con le edizioni precedenti, QuattroxQuattro.Com, evento a cura di Oscar Dominguez.<\/p>\n<p>\u00a0<\/p>\n<p>Anche quest&#8217;anno la scelta dei partecipanti \u00e8 stata\u00a0 ispirata dalle &#8220;Collaborazioni&#8221;, con l&#8217;intenzione di dare visibilit\u00e0 agli artisti che &#8220;collaborono&#8221; tra di loro. Ecco lo spirito di &#8220;Quattro per quattro. com a cura di Oscar Dominguez&#8221; che ha visto esporre le opere di Quadrilumi: Cristina Scardovi, Michele Giovanazzi\u00a0 e di RC Cosi: Renata Cosi, Cristina Cosi &#8211; Andrea Kotliarsky, Antonella Cimatti &#8211; Annalisa Vallicelli, Luciana Zaccherini.\u00a0 &#8220;Sinergie che producono opere che sono la sintesi espressiva di ispirazioni autonome e che danno vita a elementi nuovi, frutto di un processo artistico fondato sulla collaborazione e sulla condivisione&#8221; mettendo in discussione e andando oltre l&#8217;egocentrismo proprio degli artisti che mostrano alla societ\u00e0 quale pu\u00f2 essere il risultato della cooperazione.<\/p>\n<p>Per incentivare la creativit\u00e0 dei giovanissimi puntuale anche in questa edizione, lo svolgimento del concorso dedicato ai ragazzi delle scuole primarie e secondarie di primo grado. L&#8217;evento a cura di Claudio Irmi, Giampiero Maldini e Luciano Medri (<em>con il patrocinio dei Comuni di Barga, Cervia, Cesena, Forl\u00ec, San Mauro Pascoli<\/em>,<em> della Fondazione Pascoli e dell&#8217;Ufficio Scolastico Regionale)<\/em>, intitolato 100 Pascoli, si \u00e8 posto l&#8217;obiettivo di ricordare la figura di Giovanni Pascoli a 100 anni dalla sua morte.<\/p>\n<p>Continua poi la collaborazione con il mensile tascabile cartaceo il Cacofonico, ormai un cult, che nel proprio spazio cura la mostra CACOunderARTcover \u2013 le opere originali delle 12 copertine del 2011 del Cacofonico, con performance live di alcuni artisti. <\/p>\n<p>Orari di apertura:<br \/>Venerd\u00ec 23 dalle 16,30 alle 20,00<br \/>Sabato 24 e Domenica 25 dalle 10,00 alle 20,00<br \/>Luogo : Fiera di Forl\u00ec, Via Punta di Ferro 2<br \/>www.verniceartfair.it<\/p>\n<p>(red.Arte e Luoghi)<\/p>\n","protected":false},"excerpt":{"rendered":"<p>A Forl\u00ec la decima edizionesi \u00e8 svolta dal 23 al 25 marzo Vernice art fair \u00a0 Si chiama Vernice art<\/p>\n","protected":false},"author":1,"featured_media":0,"comment_status":"open","ping_status":"open","sticky":false,"template":"","format":"standard","meta":[],"categories":[3],"tags":[],"yoast_head":"<!-- This site is optimized with the Yoast SEO plugin v18.0 - https:\/\/yoast.com\/wordpress\/plugins\/seo\/ -->\n<title>L&#039;arte contemporanea a Forl\u00ec | Arte e Luoghi<\/title>\n<meta name=\"robots\" content=\"index, follow, max-snippet:-1, max-image-preview:large, max-video-preview:-1\" \/>\n<link rel=\"canonical\" href=\"https:\/\/arteeluoghi.it\/index.php\/2012\/03\/26\/larte-contemporanea-a-forli\/\" \/>\n<meta property=\"og:locale\" content=\"it_IT\" \/>\n<meta property=\"og:type\" content=\"article\" \/>\n<meta property=\"og:title\" content=\"L&#039;arte contemporanea a Forl\u00ec | Arte e Luoghi\" \/>\n<meta property=\"og:description\" content=\"A Forl\u00ec la decima edizionesi \u00e8 svolta dal 23 al 25 marzo Vernice art fair \u00a0 Si chiama Vernice art\" \/>\n<meta property=\"og:url\" content=\"https:\/\/arteeluoghi.it\/index.php\/2012\/03\/26\/larte-contemporanea-a-forli\/\" \/>\n<meta property=\"og:site_name\" content=\"Arte e Luoghi\" \/>\n<meta property=\"article:publisher\" content=\"https:\/\/www.facebook.com\/ArteELuoghi\/\" \/>\n<meta property=\"article:published_time\" content=\"2012-03-26T15:32:48+00:00\" \/>\n<meta property=\"og:image\" content=\"https:\/\/arteeluoghi.it\/images\/stories\/verniceforli.jpg\" \/>\n<meta name=\"twitter:card\" content=\"summary\" \/>\n<meta name=\"twitter:creator\" content=\"@arteeluoghi\" \/>\n<meta name=\"twitter:site\" content=\"@arteeluoghi\" \/>\n<meta name=\"twitter:label1\" content=\"Scritto da\" \/>\n\t<meta name=\"twitter:data1\" content=\"Staff\" \/>\n\t<meta name=\"twitter:label2\" content=\"Tempo di lettura stimato\" \/>\n\t<meta name=\"twitter:data2\" content=\"2 minuti\" \/>\n<script type=\"application\/ld+json\" class=\"yoast-schema-graph\">{\"@context\":\"https:\/\/schema.org\",\"@graph\":[{\"@type\":\"Organization\",\"@id\":\"https:\/\/arteeluoghi.it\/#organization\",\"name\":\"Arte e Luoghi\",\"url\":\"https:\/\/arteeluoghi.it\/\",\"sameAs\":[\"https:\/\/www.facebook.com\/ArteELuoghi\/\",\"https:\/\/www.instagram.com\/arteeluoghi\/?hl=it\",\"https:\/\/www.youtube.com\/channel\/UCuRVc4JW4-C5sg9rQB-srkw?view_as=subscriber\",\"https:\/\/twitter.com\/arteeluoghi\"],\"logo\":{\"@type\":\"ImageObject\",\"@id\":\"https:\/\/arteeluoghi.it\/#logo\",\"inLanguage\":\"it-IT\",\"url\":\"https:\/\/arteeluoghi.it\/wp-content\/uploads\/2018\/08\/logoinstagramarte.jpg\",\"contentUrl\":\"https:\/\/arteeluoghi.it\/wp-content\/uploads\/2018\/08\/logoinstagramarte.jpg\",\"width\":150,\"height\":150,\"caption\":\"Arte e Luoghi\"},\"image\":{\"@id\":\"https:\/\/arteeluoghi.it\/#logo\"}},{\"@type\":\"WebSite\",\"@id\":\"https:\/\/arteeluoghi.it\/#website\",\"url\":\"https:\/\/arteeluoghi.it\/\",\"name\":\"Arte e Luoghi\",\"description\":\"Mensile di arte, cultura, turismo e curiosit\u00e0\",\"publisher\":{\"@id\":\"https:\/\/arteeluoghi.it\/#organization\"},\"potentialAction\":[{\"@type\":\"SearchAction\",\"target\":{\"@type\":\"EntryPoint\",\"urlTemplate\":\"https:\/\/arteeluoghi.it\/?s={search_term_string}\"},\"query-input\":\"required name=search_term_string\"}],\"inLanguage\":\"it-IT\"},{\"@type\":\"ImageObject\",\"@id\":\"https:\/\/arteeluoghi.it\/index.php\/2012\/03\/26\/larte-contemporanea-a-forli\/#primaryimage\",\"inLanguage\":\"it-IT\",\"url\":\"\/images\/stories\/verniceforli.jpg\",\"contentUrl\":\"\/images\/stories\/verniceforli.jpg\"},{\"@type\":\"WebPage\",\"@id\":\"https:\/\/arteeluoghi.it\/index.php\/2012\/03\/26\/larte-contemporanea-a-forli\/#webpage\",\"url\":\"https:\/\/arteeluoghi.it\/index.php\/2012\/03\/26\/larte-contemporanea-a-forli\/\",\"name\":\"L'arte contemporanea a Forl\u00ec | Arte e Luoghi\",\"isPartOf\":{\"@id\":\"https:\/\/arteeluoghi.it\/#website\"},\"primaryImageOfPage\":{\"@id\":\"https:\/\/arteeluoghi.it\/index.php\/2012\/03\/26\/larte-contemporanea-a-forli\/#primaryimage\"},\"datePublished\":\"2012-03-26T15:32:48+00:00\",\"dateModified\":\"2012-03-26T15:32:48+00:00\",\"breadcrumb\":{\"@id\":\"https:\/\/arteeluoghi.it\/index.php\/2012\/03\/26\/larte-contemporanea-a-forli\/#breadcrumb\"},\"inLanguage\":\"it-IT\",\"potentialAction\":[{\"@type\":\"ReadAction\",\"target\":[\"https:\/\/arteeluoghi.it\/index.php\/2012\/03\/26\/larte-contemporanea-a-forli\/\"]}]},{\"@type\":\"BreadcrumbList\",\"@id\":\"https:\/\/arteeluoghi.it\/index.php\/2012\/03\/26\/larte-contemporanea-a-forli\/#breadcrumb\",\"itemListElement\":[{\"@type\":\"ListItem\",\"position\":1,\"name\":\"Home\",\"item\":\"https:\/\/arteeluoghi.it\/\"},{\"@type\":\"ListItem\",\"position\":2,\"name\":\"L&#8217;arte contemporanea a Forl\u00ec\"}]},{\"@type\":\"Article\",\"@id\":\"https:\/\/arteeluoghi.it\/index.php\/2012\/03\/26\/larte-contemporanea-a-forli\/#article\",\"isPartOf\":{\"@id\":\"https:\/\/arteeluoghi.it\/index.php\/2012\/03\/26\/larte-contemporanea-a-forli\/#webpage\"},\"author\":{\"@id\":\"https:\/\/arteeluoghi.it\/#\/schema\/person\/f84e814e36e91e01448ee07eaadd41d4\"},\"headline\":\"L&#8217;arte contemporanea a Forl\u00ec\",\"datePublished\":\"2012-03-26T15:32:48+00:00\",\"dateModified\":\"2012-03-26T15:32:48+00:00\",\"mainEntityOfPage\":{\"@id\":\"https:\/\/arteeluoghi.it\/index.php\/2012\/03\/26\/larte-contemporanea-a-forli\/#webpage\"},\"wordCount\":426,\"commentCount\":0,\"publisher\":{\"@id\":\"https:\/\/arteeluoghi.it\/#organization\"},\"image\":{\"@id\":\"https:\/\/arteeluoghi.it\/index.php\/2012\/03\/26\/larte-contemporanea-a-forli\/#primaryimage\"},\"thumbnailUrl\":\"\/images\/stories\/verniceforli.jpg\",\"articleSection\":[\"Arti visive\"],\"inLanguage\":\"it-IT\",\"potentialAction\":[{\"@type\":\"CommentAction\",\"name\":\"Comment\",\"target\":[\"https:\/\/arteeluoghi.it\/index.php\/2012\/03\/26\/larte-contemporanea-a-forli\/#respond\"]}]},{\"@type\":\"Person\",\"@id\":\"https:\/\/arteeluoghi.it\/#\/schema\/person\/f84e814e36e91e01448ee07eaadd41d4\",\"name\":\"Staff\",\"image\":{\"@type\":\"ImageObject\",\"@id\":\"https:\/\/arteeluoghi.it\/#personlogo\",\"inLanguage\":\"it-IT\",\"url\":\"https:\/\/secure.gravatar.com\/avatar\/49d2f9e46271bb04e19cebfaf141313a?s=96&d=blank&r=g\",\"contentUrl\":\"https:\/\/secure.gravatar.com\/avatar\/49d2f9e46271bb04e19cebfaf141313a?s=96&d=blank&r=g\",\"caption\":\"Staff\"}}]}<\/script>\n<!-- \/ Yoast SEO plugin. -->","yoast_head_json":{"title":"L'arte contemporanea a Forl\u00ec | Arte e Luoghi","robots":{"index":"index","follow":"follow","max-snippet":"max-snippet:-1","max-image-preview":"max-image-preview:large","max-video-preview":"max-video-preview:-1"},"canonical":"https:\/\/arteeluoghi.it\/index.php\/2012\/03\/26\/larte-contemporanea-a-forli\/","og_locale":"it_IT","og_type":"article","og_title":"L'arte contemporanea a Forl\u00ec | Arte e Luoghi","og_description":"A Forl\u00ec la decima edizionesi \u00e8 svolta dal 23 al 25 marzo Vernice art fair \u00a0 Si chiama Vernice art","og_url":"https:\/\/arteeluoghi.it\/index.php\/2012\/03\/26\/larte-contemporanea-a-forli\/","og_site_name":"Arte e Luoghi","article_publisher":"https:\/\/www.facebook.com\/ArteELuoghi\/","article_published_time":"2012-03-26T15:32:48+00:00","og_image":[{"url":"https:\/\/arteeluoghi.it\/images\/stories\/verniceforli.jpg"}],"twitter_card":"summary","twitter_creator":"@arteeluoghi","twitter_site":"@arteeluoghi","twitter_misc":{"Scritto da":"Staff","Tempo di lettura stimato":"2 minuti"},"schema":{"@context":"https:\/\/schema.org","@graph":[{"@type":"Organization","@id":"https:\/\/arteeluoghi.it\/#organization","name":"Arte e Luoghi","url":"https:\/\/arteeluoghi.it\/","sameAs":["https:\/\/www.facebook.com\/ArteELuoghi\/","https:\/\/www.instagram.com\/arteeluoghi\/?hl=it","https:\/\/www.youtube.com\/channel\/UCuRVc4JW4-C5sg9rQB-srkw?view_as=subscriber","https:\/\/twitter.com\/arteeluoghi"],"logo":{"@type":"ImageObject","@id":"https:\/\/arteeluoghi.it\/#logo","inLanguage":"it-IT","url":"https:\/\/arteeluoghi.it\/wp-content\/uploads\/2018\/08\/logoinstagramarte.jpg","contentUrl":"https:\/\/arteeluoghi.it\/wp-content\/uploads\/2018\/08\/logoinstagramarte.jpg","width":150,"height":150,"caption":"Arte e Luoghi"},"image":{"@id":"https:\/\/arteeluoghi.it\/#logo"}},{"@type":"WebSite","@id":"https:\/\/arteeluoghi.it\/#website","url":"https:\/\/arteeluoghi.it\/","name":"Arte e Luoghi","description":"Mensile di arte, cultura, turismo e curiosit\u00e0","publisher":{"@id":"https:\/\/arteeluoghi.it\/#organization"},"potentialAction":[{"@type":"SearchAction","target":{"@type":"EntryPoint","urlTemplate":"https:\/\/arteeluoghi.it\/?s={search_term_string}"},"query-input":"required name=search_term_string"}],"inLanguage":"it-IT"},{"@type":"ImageObject","@id":"https:\/\/arteeluoghi.it\/index.php\/2012\/03\/26\/larte-contemporanea-a-forli\/#primaryimage","inLanguage":"it-IT","url":"\/images\/stories\/verniceforli.jpg","contentUrl":"\/images\/stories\/verniceforli.jpg"},{"@type":"WebPage","@id":"https:\/\/arteeluoghi.it\/index.php\/2012\/03\/26\/larte-contemporanea-a-forli\/#webpage","url":"https:\/\/arteeluoghi.it\/index.php\/2012\/03\/26\/larte-contemporanea-a-forli\/","name":"L'arte contemporanea a Forl\u00ec | Arte e Luoghi","isPartOf":{"@id":"https:\/\/arteeluoghi.it\/#website"},"primaryImageOfPage":{"@id":"https:\/\/arteeluoghi.it\/index.php\/2012\/03\/26\/larte-contemporanea-a-forli\/#primaryimage"},"datePublished":"2012-03-26T15:32:48+00:00","dateModified":"2012-03-26T15:32:48+00:00","breadcrumb":{"@id":"https:\/\/arteeluoghi.it\/index.php\/2012\/03\/26\/larte-contemporanea-a-forli\/#breadcrumb"},"inLanguage":"it-IT","potentialAction":[{"@type":"ReadAction","target":["https:\/\/arteeluoghi.it\/index.php\/2012\/03\/26\/larte-contemporanea-a-forli\/"]}]},{"@type":"BreadcrumbList","@id":"https:\/\/arteeluoghi.it\/index.php\/2012\/03\/26\/larte-contemporanea-a-forli\/#breadcrumb","itemListElement":[{"@type":"ListItem","position":1,"name":"Home","item":"https:\/\/arteeluoghi.it\/"},{"@type":"ListItem","position":2,"name":"L&#8217;arte contemporanea a Forl\u00ec"}]},{"@type":"Article","@id":"https:\/\/arteeluoghi.it\/index.php\/2012\/03\/26\/larte-contemporanea-a-forli\/#article","isPartOf":{"@id":"https:\/\/arteeluoghi.it\/index.php\/2012\/03\/26\/larte-contemporanea-a-forli\/#webpage"},"author":{"@id":"https:\/\/arteeluoghi.it\/#\/schema\/person\/f84e814e36e91e01448ee07eaadd41d4"},"headline":"L&#8217;arte contemporanea a Forl\u00ec","datePublished":"2012-03-26T15:32:48+00:00","dateModified":"2012-03-26T15:32:48+00:00","mainEntityOfPage":{"@id":"https:\/\/arteeluoghi.it\/index.php\/2012\/03\/26\/larte-contemporanea-a-forli\/#webpage"},"wordCount":426,"commentCount":0,"publisher":{"@id":"https:\/\/arteeluoghi.it\/#organization"},"image":{"@id":"https:\/\/arteeluoghi.it\/index.php\/2012\/03\/26\/larte-contemporanea-a-forli\/#primaryimage"},"thumbnailUrl":"\/images\/stories\/verniceforli.jpg","articleSection":["Arti visive"],"inLanguage":"it-IT","potentialAction":[{"@type":"CommentAction","name":"Comment","target":["https:\/\/arteeluoghi.it\/index.php\/2012\/03\/26\/larte-contemporanea-a-forli\/#respond"]}]},{"@type":"Person","@id":"https:\/\/arteeluoghi.it\/#\/schema\/person\/f84e814e36e91e01448ee07eaadd41d4","name":"Staff","image":{"@type":"ImageObject","@id":"https:\/\/arteeluoghi.it\/#personlogo","inLanguage":"it-IT","url":"https:\/\/secure.gravatar.com\/avatar\/49d2f9e46271bb04e19cebfaf141313a?s=96&d=blank&r=g","contentUrl":"https:\/\/secure.gravatar.com\/avatar\/49d2f9e46271bb04e19cebfaf141313a?s=96&d=blank&r=g","caption":"Staff"}}]}},"_links":{"self":[{"href":"https:\/\/arteeluoghi.it\/index.php\/wp-json\/wp\/v2\/posts\/611"}],"collection":[{"href":"https:\/\/arteeluoghi.it\/index.php\/wp-json\/wp\/v2\/posts"}],"about":[{"href":"https:\/\/arteeluoghi.it\/index.php\/wp-json\/wp\/v2\/types\/post"}],"author":[{"embeddable":true,"href":"https:\/\/arteeluoghi.it\/index.php\/wp-json\/wp\/v2\/users\/1"}],"replies":[{"embeddable":true,"href":"https:\/\/arteeluoghi.it\/index.php\/wp-json\/wp\/v2\/comments?post=611"}],"version-history":[{"count":0,"href":"https:\/\/arteeluoghi.it\/index.php\/wp-json\/wp\/v2\/posts\/611\/revisions"}],"wp:attachment":[{"href":"https:\/\/arteeluoghi.it\/index.php\/wp-json\/wp\/v2\/media?parent=611"}],"wp:term":[{"taxonomy":"category","embeddable":true,"href":"https:\/\/arteeluoghi.it\/index.php\/wp-json\/wp\/v2\/categories?post=611"},{"taxonomy":"post_tag","embeddable":true,"href":"https:\/\/arteeluoghi.it\/index.php\/wp-json\/wp\/v2\/tags?post=611"}],"curies":[{"name":"wp","href":"https:\/\/api.w.org\/{rel}","templated":true}]}}