{"id":613,"date":"2012-03-27T13:06:58","date_gmt":"2012-03-27T11:06:58","guid":{"rendered":"http:\/\/arteeluoghi.it\/index.php\/2012\/03\/27\/dedicato-ad-adolfo-wildt\/"},"modified":"2018-01-04T22:27:38","modified_gmt":"2018-01-04T21:27:38","slug":"dedicato-ad-adolfo-wildt","status":"publish","type":"post","link":"https:\/\/arteeluoghi.it\/index.php\/2012\/03\/27\/dedicato-ad-adolfo-wildt\/","title":{"rendered":"Dedicato ad Adolfo Wildt"},"content":{"rendered":"<h2><img src=\"\/images\/stories\/wildt_maschera-del-dolore.jpg\" border=\"0\" style=\"float: left; margin: 21px;\" \/>Wildt  &#8211; L\u2019anima e le forme da Michelangelo a Klimt<\/h2>\n<p>Adolfo Wildt (Milano, 1868 &#8211; 1931) \u00e8 il genio dimenticato del Novecento italiano. <br \/>La  grande mostra che Forl\u00ec gli dedica al San Domenico (dal 28 gennaio al  17 giugno) per iniziativa della locale Fondazione Cassa dei Risparmi e  del Comune, \u00e8 certo una scommessa: rendere popolare un artista tra i pi\u00f9  sofisticati e colti del nostro Novecento. La mostra \u00e8 a cura di  Fernando Mazzocca e Paola Mola affiancati da un comitato scientifico  presieduto da Antonio Paolucci.<\/p>\n<p>Nell&#8217;ambito del Progetto Novecento, da segnalare che a &#8220;Wildt. L&#8217;anima e  le forme da Michelangelo a Klimt&#8221;, allestita al San Domenico sono  collegate altre esposizioni sul territorio: a Faenza, al MIC &#8211; Museo  Internazionale delle Ceramiche, &#8220;La ceramica nell&#8217;et\u00e0 di Wildt&#8221;, a  Cervia, ai Magazzini del Sale, &#8220;Giuseppe Palanti. La pittura,  l&#8217;urbanistica. La pubblicit\u00e0 da Milano a Milano Marittima&#8221;, e a  Predappio, nella Casa Natale di Mussolini, due mostre in successione:  &#8220;Archivio del Novecento. Marisa Mori, donna e artista del &#8216;900, il  talento e il coraggio&#8221; e &#8220;Renato Bertelli, la parentesi futurista&#8221;.<\/p>\n<p><strong><\/strong>28 gennaio 2012 \t    <strong><\/strong>&#8211; 17 giugno 2012<strong><\/strong><strong><\/strong><\/p>\n<p><strong>Luogo:<\/strong> Forl\u00ec, Musei San Domenico<\/p>\n<p><strong>Indirizzo: <\/strong>Piazza Guido da Montefeltro<strong><\/strong><\/p>\n<p><strong>Orario:<\/strong> da marted\u00ec a venerd\u00ec: 9.30-19.00; sabato, domenica, giorni festivi: 9.30-20.00; luned\u00ec chiuso<\/p>\n<p><strong>Costo del biglietto:<\/strong> 10,00<strong><\/strong><\/p>\n<p><strong>Telefono:<\/strong> 199.75.75.15 \t     \t    \t\t<br \/><strong>E-mail: <\/strong> <br \/><strong>Sito Web: <\/strong> <a href=\"http:\/\/www.mostrawildt.it\/\" title=\"link esterno\">http:\/\/www.mostrawildt.it\/<\/a><\/p>\n<p>Foto: <span style=\"font-size: xx-small;\">Maschera del Dolore (Autoritratto)<\/span>, 1909 &#8211; marmo, 37 x 31 x 17 cm &#8211; su fondo in marmo dorato, 38,5 x 32 x 3 cm, Forl\u00ec, Musei Civici<\/p>\n","protected":false},"excerpt":{"rendered":"<p>Wildt &#8211; L\u2019anima e le forme da Michelangelo a Klimt Adolfo Wildt (Milano, 1868 &#8211; 1931) \u00e8 il genio dimenticato<\/p>\n","protected":false},"author":1,"featured_media":0,"comment_status":"open","ping_status":"open","sticky":false,"template":"","format":"standard","meta":[],"categories":[577],"tags":[],"yoast_head":"<!-- This site is optimized with the Yoast SEO plugin v18.0 - https:\/\/yoast.com\/wordpress\/plugins\/seo\/ -->\n<title>Dedicato ad Adolfo Wildt | Arte e Luoghi<\/title>\n<meta name=\"robots\" content=\"index, follow, max-snippet:-1, max-image-preview:large, max-video-preview:-1\" \/>\n<link rel=\"canonical\" href=\"https:\/\/arteeluoghi.it\/index.php\/2012\/03\/27\/dedicato-ad-adolfo-wildt\/\" \/>\n<meta property=\"og:locale\" content=\"it_IT\" \/>\n<meta property=\"og:type\" content=\"article\" \/>\n<meta property=\"og:title\" content=\"Dedicato ad Adolfo Wildt | Arte e Luoghi\" \/>\n<meta property=\"og:description\" content=\"Wildt &#8211; L\u2019anima e le forme da Michelangelo a Klimt Adolfo Wildt (Milano, 1868 &#8211; 1931) \u00e8 il genio dimenticato\" \/>\n<meta property=\"og:url\" content=\"https:\/\/arteeluoghi.it\/index.php\/2012\/03\/27\/dedicato-ad-adolfo-wildt\/\" \/>\n<meta property=\"og:site_name\" content=\"Arte e Luoghi\" \/>\n<meta property=\"article:publisher\" content=\"https:\/\/www.facebook.com\/ArteELuoghi\/\" \/>\n<meta property=\"article:published_time\" content=\"2012-03-27T11:06:58+00:00\" \/>\n<meta property=\"article:modified_time\" content=\"2018-01-04T21:27:38+00:00\" \/>\n<meta property=\"og:image\" content=\"https:\/\/arteeluoghi.it\/images\/stories\/wildt_maschera-del-dolore.jpg\" \/>\n<meta name=\"twitter:card\" content=\"summary\" \/>\n<meta name=\"twitter:creator\" content=\"@arteeluoghi\" \/>\n<meta name=\"twitter:site\" content=\"@arteeluoghi\" \/>\n<meta name=\"twitter:label1\" content=\"Scritto da\" \/>\n\t<meta name=\"twitter:data1\" content=\"Staff\" \/>\n\t<meta name=\"twitter:label2\" content=\"Tempo di lettura stimato\" \/>\n\t<meta name=\"twitter:data2\" content=\"1 minuto\" \/>\n<script type=\"application\/ld+json\" class=\"yoast-schema-graph\">{\"@context\":\"https:\/\/schema.org\",\"@graph\":[{\"@type\":\"Organization\",\"@id\":\"https:\/\/arteeluoghi.it\/#organization\",\"name\":\"Arte e Luoghi\",\"url\":\"https:\/\/arteeluoghi.it\/\",\"sameAs\":[\"https:\/\/www.facebook.com\/ArteELuoghi\/\",\"https:\/\/www.instagram.com\/arteeluoghi\/?hl=it\",\"https:\/\/www.youtube.com\/channel\/UCuRVc4JW4-C5sg9rQB-srkw?view_as=subscriber\",\"https:\/\/twitter.com\/arteeluoghi\"],\"logo\":{\"@type\":\"ImageObject\",\"@id\":\"https:\/\/arteeluoghi.it\/#logo\",\"inLanguage\":\"it-IT\",\"url\":\"https:\/\/arteeluoghi.it\/wp-content\/uploads\/2018\/08\/logoinstagramarte.jpg\",\"contentUrl\":\"https:\/\/arteeluoghi.it\/wp-content\/uploads\/2018\/08\/logoinstagramarte.jpg\",\"width\":150,\"height\":150,\"caption\":\"Arte e Luoghi\"},\"image\":{\"@id\":\"https:\/\/arteeluoghi.it\/#logo\"}},{\"@type\":\"WebSite\",\"@id\":\"https:\/\/arteeluoghi.it\/#website\",\"url\":\"https:\/\/arteeluoghi.it\/\",\"name\":\"Arte e Luoghi\",\"description\":\"Mensile di arte, cultura, turismo e curiosit\u00e0\",\"publisher\":{\"@id\":\"https:\/\/arteeluoghi.it\/#organization\"},\"potentialAction\":[{\"@type\":\"SearchAction\",\"target\":{\"@type\":\"EntryPoint\",\"urlTemplate\":\"https:\/\/arteeluoghi.it\/?s={search_term_string}\"},\"query-input\":\"required name=search_term_string\"}],\"inLanguage\":\"it-IT\"},{\"@type\":\"ImageObject\",\"@id\":\"https:\/\/arteeluoghi.it\/index.php\/2012\/03\/27\/dedicato-ad-adolfo-wildt\/#primaryimage\",\"inLanguage\":\"it-IT\",\"url\":\"\/images\/stories\/wildt_maschera-del-dolore.jpg\",\"contentUrl\":\"\/images\/stories\/wildt_maschera-del-dolore.jpg\"},{\"@type\":\"WebPage\",\"@id\":\"https:\/\/arteeluoghi.it\/index.php\/2012\/03\/27\/dedicato-ad-adolfo-wildt\/#webpage\",\"url\":\"https:\/\/arteeluoghi.it\/index.php\/2012\/03\/27\/dedicato-ad-adolfo-wildt\/\",\"name\":\"Dedicato ad Adolfo Wildt | Arte e Luoghi\",\"isPartOf\":{\"@id\":\"https:\/\/arteeluoghi.it\/#website\"},\"primaryImageOfPage\":{\"@id\":\"https:\/\/arteeluoghi.it\/index.php\/2012\/03\/27\/dedicato-ad-adolfo-wildt\/#primaryimage\"},\"datePublished\":\"2012-03-27T11:06:58+00:00\",\"dateModified\":\"2018-01-04T21:27:38+00:00\",\"breadcrumb\":{\"@id\":\"https:\/\/arteeluoghi.it\/index.php\/2012\/03\/27\/dedicato-ad-adolfo-wildt\/#breadcrumb\"},\"inLanguage\":\"it-IT\",\"potentialAction\":[{\"@type\":\"ReadAction\",\"target\":[\"https:\/\/arteeluoghi.it\/index.php\/2012\/03\/27\/dedicato-ad-adolfo-wildt\/\"]}]},{\"@type\":\"BreadcrumbList\",\"@id\":\"https:\/\/arteeluoghi.it\/index.php\/2012\/03\/27\/dedicato-ad-adolfo-wildt\/#breadcrumb\",\"itemListElement\":[{\"@type\":\"ListItem\",\"position\":1,\"name\":\"Home\",\"item\":\"https:\/\/arteeluoghi.it\/\"},{\"@type\":\"ListItem\",\"position\":2,\"name\":\"Dedicato ad Adolfo Wildt\"}]},{\"@type\":\"Article\",\"@id\":\"https:\/\/arteeluoghi.it\/index.php\/2012\/03\/27\/dedicato-ad-adolfo-wildt\/#article\",\"isPartOf\":{\"@id\":\"https:\/\/arteeluoghi.it\/index.php\/2012\/03\/27\/dedicato-ad-adolfo-wildt\/#webpage\"},\"author\":{\"@id\":\"https:\/\/arteeluoghi.it\/#\/schema\/person\/f84e814e36e91e01448ee07eaadd41d4\"},\"headline\":\"Dedicato ad Adolfo Wildt\",\"datePublished\":\"2012-03-27T11:06:58+00:00\",\"dateModified\":\"2018-01-04T21:27:38+00:00\",\"mainEntityOfPage\":{\"@id\":\"https:\/\/arteeluoghi.it\/index.php\/2012\/03\/27\/dedicato-ad-adolfo-wildt\/#webpage\"},\"wordCount\":236,\"commentCount\":0,\"publisher\":{\"@id\":\"https:\/\/arteeluoghi.it\/#organization\"},\"image\":{\"@id\":\"https:\/\/arteeluoghi.it\/index.php\/2012\/03\/27\/dedicato-ad-adolfo-wildt\/#primaryimage\"},\"thumbnailUrl\":\"\/images\/stories\/wildt_maschera-del-dolore.jpg\",\"articleSection\":[\"ItinerArte\"],\"inLanguage\":\"it-IT\",\"potentialAction\":[{\"@type\":\"CommentAction\",\"name\":\"Comment\",\"target\":[\"https:\/\/arteeluoghi.it\/index.php\/2012\/03\/27\/dedicato-ad-adolfo-wildt\/#respond\"]}]},{\"@type\":\"Person\",\"@id\":\"https:\/\/arteeluoghi.it\/#\/schema\/person\/f84e814e36e91e01448ee07eaadd41d4\",\"name\":\"Staff\",\"image\":{\"@type\":\"ImageObject\",\"@id\":\"https:\/\/arteeluoghi.it\/#personlogo\",\"inLanguage\":\"it-IT\",\"url\":\"https:\/\/secure.gravatar.com\/avatar\/49d2f9e46271bb04e19cebfaf141313a?s=96&d=blank&r=g\",\"contentUrl\":\"https:\/\/secure.gravatar.com\/avatar\/49d2f9e46271bb04e19cebfaf141313a?s=96&d=blank&r=g\",\"caption\":\"Staff\"}}]}<\/script>\n<!-- \/ Yoast SEO plugin. -->","yoast_head_json":{"title":"Dedicato ad Adolfo Wildt | Arte e Luoghi","robots":{"index":"index","follow":"follow","max-snippet":"max-snippet:-1","max-image-preview":"max-image-preview:large","max-video-preview":"max-video-preview:-1"},"canonical":"https:\/\/arteeluoghi.it\/index.php\/2012\/03\/27\/dedicato-ad-adolfo-wildt\/","og_locale":"it_IT","og_type":"article","og_title":"Dedicato ad Adolfo Wildt | Arte e Luoghi","og_description":"Wildt &#8211; L\u2019anima e le forme da Michelangelo a Klimt Adolfo Wildt (Milano, 1868 &#8211; 1931) \u00e8 il genio dimenticato","og_url":"https:\/\/arteeluoghi.it\/index.php\/2012\/03\/27\/dedicato-ad-adolfo-wildt\/","og_site_name":"Arte e Luoghi","article_publisher":"https:\/\/www.facebook.com\/ArteELuoghi\/","article_published_time":"2012-03-27T11:06:58+00:00","article_modified_time":"2018-01-04T21:27:38+00:00","og_image":[{"url":"https:\/\/arteeluoghi.it\/images\/stories\/wildt_maschera-del-dolore.jpg"}],"twitter_card":"summary","twitter_creator":"@arteeluoghi","twitter_site":"@arteeluoghi","twitter_misc":{"Scritto da":"Staff","Tempo di lettura stimato":"1 minuto"},"schema":{"@context":"https:\/\/schema.org","@graph":[{"@type":"Organization","@id":"https:\/\/arteeluoghi.it\/#organization","name":"Arte e Luoghi","url":"https:\/\/arteeluoghi.it\/","sameAs":["https:\/\/www.facebook.com\/ArteELuoghi\/","https:\/\/www.instagram.com\/arteeluoghi\/?hl=it","https:\/\/www.youtube.com\/channel\/UCuRVc4JW4-C5sg9rQB-srkw?view_as=subscriber","https:\/\/twitter.com\/arteeluoghi"],"logo":{"@type":"ImageObject","@id":"https:\/\/arteeluoghi.it\/#logo","inLanguage":"it-IT","url":"https:\/\/arteeluoghi.it\/wp-content\/uploads\/2018\/08\/logoinstagramarte.jpg","contentUrl":"https:\/\/arteeluoghi.it\/wp-content\/uploads\/2018\/08\/logoinstagramarte.jpg","width":150,"height":150,"caption":"Arte e Luoghi"},"image":{"@id":"https:\/\/arteeluoghi.it\/#logo"}},{"@type":"WebSite","@id":"https:\/\/arteeluoghi.it\/#website","url":"https:\/\/arteeluoghi.it\/","name":"Arte e Luoghi","description":"Mensile di arte, cultura, turismo e curiosit\u00e0","publisher":{"@id":"https:\/\/arteeluoghi.it\/#organization"},"potentialAction":[{"@type":"SearchAction","target":{"@type":"EntryPoint","urlTemplate":"https:\/\/arteeluoghi.it\/?s={search_term_string}"},"query-input":"required name=search_term_string"}],"inLanguage":"it-IT"},{"@type":"ImageObject","@id":"https:\/\/arteeluoghi.it\/index.php\/2012\/03\/27\/dedicato-ad-adolfo-wildt\/#primaryimage","inLanguage":"it-IT","url":"\/images\/stories\/wildt_maschera-del-dolore.jpg","contentUrl":"\/images\/stories\/wildt_maschera-del-dolore.jpg"},{"@type":"WebPage","@id":"https:\/\/arteeluoghi.it\/index.php\/2012\/03\/27\/dedicato-ad-adolfo-wildt\/#webpage","url":"https:\/\/arteeluoghi.it\/index.php\/2012\/03\/27\/dedicato-ad-adolfo-wildt\/","name":"Dedicato ad Adolfo Wildt | Arte e Luoghi","isPartOf":{"@id":"https:\/\/arteeluoghi.it\/#website"},"primaryImageOfPage":{"@id":"https:\/\/arteeluoghi.it\/index.php\/2012\/03\/27\/dedicato-ad-adolfo-wildt\/#primaryimage"},"datePublished":"2012-03-27T11:06:58+00:00","dateModified":"2018-01-04T21:27:38+00:00","breadcrumb":{"@id":"https:\/\/arteeluoghi.it\/index.php\/2012\/03\/27\/dedicato-ad-adolfo-wildt\/#breadcrumb"},"inLanguage":"it-IT","potentialAction":[{"@type":"ReadAction","target":["https:\/\/arteeluoghi.it\/index.php\/2012\/03\/27\/dedicato-ad-adolfo-wildt\/"]}]},{"@type":"BreadcrumbList","@id":"https:\/\/arteeluoghi.it\/index.php\/2012\/03\/27\/dedicato-ad-adolfo-wildt\/#breadcrumb","itemListElement":[{"@type":"ListItem","position":1,"name":"Home","item":"https:\/\/arteeluoghi.it\/"},{"@type":"ListItem","position":2,"name":"Dedicato ad Adolfo Wildt"}]},{"@type":"Article","@id":"https:\/\/arteeluoghi.it\/index.php\/2012\/03\/27\/dedicato-ad-adolfo-wildt\/#article","isPartOf":{"@id":"https:\/\/arteeluoghi.it\/index.php\/2012\/03\/27\/dedicato-ad-adolfo-wildt\/#webpage"},"author":{"@id":"https:\/\/arteeluoghi.it\/#\/schema\/person\/f84e814e36e91e01448ee07eaadd41d4"},"headline":"Dedicato ad Adolfo Wildt","datePublished":"2012-03-27T11:06:58+00:00","dateModified":"2018-01-04T21:27:38+00:00","mainEntityOfPage":{"@id":"https:\/\/arteeluoghi.it\/index.php\/2012\/03\/27\/dedicato-ad-adolfo-wildt\/#webpage"},"wordCount":236,"commentCount":0,"publisher":{"@id":"https:\/\/arteeluoghi.it\/#organization"},"image":{"@id":"https:\/\/arteeluoghi.it\/index.php\/2012\/03\/27\/dedicato-ad-adolfo-wildt\/#primaryimage"},"thumbnailUrl":"\/images\/stories\/wildt_maschera-del-dolore.jpg","articleSection":["ItinerArte"],"inLanguage":"it-IT","potentialAction":[{"@type":"CommentAction","name":"Comment","target":["https:\/\/arteeluoghi.it\/index.php\/2012\/03\/27\/dedicato-ad-adolfo-wildt\/#respond"]}]},{"@type":"Person","@id":"https:\/\/arteeluoghi.it\/#\/schema\/person\/f84e814e36e91e01448ee07eaadd41d4","name":"Staff","image":{"@type":"ImageObject","@id":"https:\/\/arteeluoghi.it\/#personlogo","inLanguage":"it-IT","url":"https:\/\/secure.gravatar.com\/avatar\/49d2f9e46271bb04e19cebfaf141313a?s=96&d=blank&r=g","contentUrl":"https:\/\/secure.gravatar.com\/avatar\/49d2f9e46271bb04e19cebfaf141313a?s=96&d=blank&r=g","caption":"Staff"}}]}},"_links":{"self":[{"href":"https:\/\/arteeluoghi.it\/index.php\/wp-json\/wp\/v2\/posts\/613"}],"collection":[{"href":"https:\/\/arteeluoghi.it\/index.php\/wp-json\/wp\/v2\/posts"}],"about":[{"href":"https:\/\/arteeluoghi.it\/index.php\/wp-json\/wp\/v2\/types\/post"}],"author":[{"embeddable":true,"href":"https:\/\/arteeluoghi.it\/index.php\/wp-json\/wp\/v2\/users\/1"}],"replies":[{"embeddable":true,"href":"https:\/\/arteeluoghi.it\/index.php\/wp-json\/wp\/v2\/comments?post=613"}],"version-history":[{"count":1,"href":"https:\/\/arteeluoghi.it\/index.php\/wp-json\/wp\/v2\/posts\/613\/revisions"}],"predecessor-version":[{"id":4597,"href":"https:\/\/arteeluoghi.it\/index.php\/wp-json\/wp\/v2\/posts\/613\/revisions\/4597"}],"wp:attachment":[{"href":"https:\/\/arteeluoghi.it\/index.php\/wp-json\/wp\/v2\/media?parent=613"}],"wp:term":[{"taxonomy":"category","embeddable":true,"href":"https:\/\/arteeluoghi.it\/index.php\/wp-json\/wp\/v2\/categories?post=613"},{"taxonomy":"post_tag","embeddable":true,"href":"https:\/\/arteeluoghi.it\/index.php\/wp-json\/wp\/v2\/tags?post=613"}],"curies":[{"name":"wp","href":"https:\/\/api.w.org\/{rel}","templated":true}]}}