{"id":6351,"date":"2018-12-26T18:18:38","date_gmt":"2018-12-26T17:18:38","guid":{"rendered":"https:\/\/arteeluoghi.it\/?p=6351"},"modified":"2018-12-26T20:00:49","modified_gmt":"2018-12-26T19:00:49","slug":"rosso-e-dodici-artisti-alle-prese-con-un-colore-molto-speciale","status":"publish","type":"post","link":"https:\/\/arteeluoghi.it\/index.php\/2018\/12\/26\/rosso-e-dodici-artisti-alle-prese-con-un-colore-molto-speciale\/","title":{"rendered":"Rosso \u00e8\u2026 Dodici artisti alle prese con un colore molto speciale"},"content":{"rendered":"<p><img loading=\"lazy\" class=\"size-medium wp-image-6355 alignleft\" src=\"https:\/\/arteeluoghi.it\/wp-content\/uploads\/2018\/12\/Pierpaolo-Miccolis-Flying-pomegranates-2018.-Acquerello-e-gouache-su-carta-cm-42-x-30-225x300.jpg\" alt=\"\" width=\"225\" height=\"300\" srcset=\"https:\/\/arteeluoghi.it\/wp-content\/uploads\/2018\/12\/Pierpaolo-Miccolis-Flying-pomegranates-2018.-Acquerello-e-gouache-su-carta-cm-42-x-30-225x300.jpg 225w, https:\/\/arteeluoghi.it\/wp-content\/uploads\/2018\/12\/Pierpaolo-Miccolis-Flying-pomegranates-2018.-Acquerello-e-gouache-su-carta-cm-42-x-30-768x1024.jpg 768w, https:\/\/arteeluoghi.it\/wp-content\/uploads\/2018\/12\/Pierpaolo-Miccolis-Flying-pomegranates-2018.-Acquerello-e-gouache-su-carta-cm-42-x-30.jpg 1200w\" sizes=\"(max-width: 225px) 100vw, 225px\" \/>CONVERSANO (BA).<\/p>\n<p>Il <strong>7 dicembre alle ore 19<\/strong> si \u00e8 inaugurata presso la <strong>Galleria Cattedrale di Conversano<\/strong> la mostra intitolata <strong>Rosso \u00e8\u2026 Dodici artisti alle prese con un colore molto speciale<\/strong>, curata da <strong>Lia De Venere<\/strong>.<\/p>\n<p>In mostra le opere di: <strong>Dario Agrimi, Mariantonietta Bagliato, Giuseppe Cirac\u00ec, Salvo D\u2019Avila, Giuseppe De Mattia, DePalma&amp;Pinto, Nicola Genco, Pierpaolo Miccolis, Marco Neri, Rossella Petronelli, Massimo Ruiu, Enzo Tempesta.<\/strong><\/p>\n<p><!--more--><\/p>\n<p>Cos\u00ec scrive in catalogo la curatrice:<\/p>\n<p>\u201cIl rosso \u00e8 un colore antico e usato da sempre per esprimere una molteplicit\u00e0 di emozioni, sentimenti e concetti, a volte contrastanti. Amore, passione, sesso, coraggio, dinamismo, rivoluzione, energia, aggressivit\u00e0, protezione, impulsivit\u00e0, eccitazione, pericolo, forza, bellezza, attrazione, repulsione, allarme, divieto, calore, distruzione, gioia, lutto, peccato, sacrificio, ricchezza, compassione, martirio, violenza.\u00a0 Il rosso \u00e8 di volta in volta questo e molto altro ancora.<\/p>\n<p style=\"text-align: left;\">\u00a0\u00a0\u00a0Dagli inizi del Novecento diversi artisti hanno fatto ricorso all\u2019uso del rosso per la sua capacit\u00e0 attrattiva e la sua ampia pregnanza simbolica, spesso con esiti di grande fascino, tra cui vanno certamente annoverati \u2013 tra gli altri \u2013 i dipinti di Emil Nolde e di Henri Matisse, molte opere di Lucio Fontana, il <em>Grande rosso<\/em> di Alberto Burri, i lavori di Mario Schifano, Mark Rohko e Keith Haring. Il rosso ha un ruolo di rilievo anche nelle installazioni luminose realizzate con il laser da Maurizio Mochetti, nelle articolate sculture ambientali di neon di Dan Flavin, nel mappamondo rovente di Mona Hatoum, nei truismi fissi e mobili di Jenny Holzer, negli affascinanti ambienti immersivi di James Turrell.<\/p>\n<p>&nbsp;<\/p>\n<p>In ognuna delle opere presenti in mostra il rosso ha un significato particolare. Se <strong>Enzo<\/strong><strong> Tempesta<\/strong> chiude in una scatola di legno una rosa rossa a significare il valore dell\u2019amicizia, \u00e8 <strong>Mariantonietta Bagliato<\/strong> a compendiare in un drappo rosso marezzato la preziosit\u00e0 degli affetti famigliari.<\/p>\n<p><img loading=\"lazy\" class=\"size-medium wp-image-6354 alignright\" src=\"https:\/\/arteeluoghi.it\/wp-content\/uploads\/2018\/12\/Massimo-Ruiu-Non-ti-voltare-2006.-Acrilico-su-cartongesso-cm-30-x-30-300x300.jpg\" alt=\"\" width=\"300\" height=\"300\" srcset=\"https:\/\/arteeluoghi.it\/wp-content\/uploads\/2018\/12\/Massimo-Ruiu-Non-ti-voltare-2006.-Acrilico-su-cartongesso-cm-30-x-30-300x300.jpg 300w, https:\/\/arteeluoghi.it\/wp-content\/uploads\/2018\/12\/Massimo-Ruiu-Non-ti-voltare-2006.-Acrilico-su-cartongesso-cm-30-x-30-150x150.jpg 150w, https:\/\/arteeluoghi.it\/wp-content\/uploads\/2018\/12\/Massimo-Ruiu-Non-ti-voltare-2006.-Acrilico-su-cartongesso-cm-30-x-30-768x768.jpg 768w, https:\/\/arteeluoghi.it\/wp-content\/uploads\/2018\/12\/Massimo-Ruiu-Non-ti-voltare-2006.-Acrilico-su-cartongesso-cm-30-x-30-1024x1024.jpg 1024w, https:\/\/arteeluoghi.it\/wp-content\/uploads\/2018\/12\/Massimo-Ruiu-Non-ti-voltare-2006.-Acrilico-su-cartongesso-cm-30-x-30.jpg 1063w\" sizes=\"(max-width: 300px) 100vw, 300px\" \/> La sollecitazione a orientare lo sguardo in modo nuovo che giunge dalla sequenza di immagini di <strong>Giuseppe De Mattia<\/strong>, diventa un incitamento perentorio alla difesa della bellezza nel manipolo di uomini in marcia di <strong>Nicola Genco<\/strong>.<\/p>\n<p>E se il barbagianni vendicatore di <strong>Pierpaolo Miccolis<\/strong> ci ricorda l\u2019urgenza di mobilitarci per preservare l\u2019integrit\u00e0 della natura, d\u2019altro canto <strong>Massimo Ruiu<\/strong> sfrutta la potenzialit\u00e0 segnaletica del rosso per avvertirci della pericolosit\u00e0 di una specie ittica.<\/p>\n<p>Un oggetto di culto, vera icona del Made in Italy, come la Ferrari ritratta da <strong>Rossella Petronelli<\/strong>, \u00e8 l\u2019emblema eloquente della velocit\u00e0, mentre nel colore dell\u2019impronta digitale di Leonardo sovrapposta a uno dei fogli della Raccolta Windsor, su cui <strong>Giuseppe Cirac\u00ec<\/strong> \u00e8 intervenuto con discrezione, \u00e8 palese il riferimento alla energia creativa del genio.<\/p>\n<p><img loading=\"lazy\" class=\"size-medium wp-image-6352 alignleft\" src=\"https:\/\/arteeluoghi.it\/wp-content\/uploads\/2018\/12\/Giuseppe-De-Mattia-Cancellature-rosso-scarlatto-Le-palme-di-Luca-Bologna-2016-2017-2111x2972-resized-213x300.jpg\" alt=\"\" width=\"213\" height=\"300\" srcset=\"https:\/\/arteeluoghi.it\/wp-content\/uploads\/2018\/12\/Giuseppe-De-Mattia-Cancellature-rosso-scarlatto-Le-palme-di-Luca-Bologna-2016-2017-2111x2972-resized-213x300.jpg 213w, https:\/\/arteeluoghi.it\/wp-content\/uploads\/2018\/12\/Giuseppe-De-Mattia-Cancellature-rosso-scarlatto-Le-palme-di-Luca-Bologna-2016-2017-2111x2972-resized-768x1081.jpg 768w, https:\/\/arteeluoghi.it\/wp-content\/uploads\/2018\/12\/Giuseppe-De-Mattia-Cancellature-rosso-scarlatto-Le-palme-di-Luca-Bologna-2016-2017-2111x2972-resized-727x1024.jpg 727w\" sizes=\"(max-width: 213px) 100vw, 213px\" \/>Se nell\u2019impalpabile corolla di un papavero \u2013 una sorta di <em>vanitas<\/em> \u2013 <strong>Salvo D\u2019Avila<\/strong> ha condensato la fragilit\u00e0 dell\u2019esistenza umana, d\u2019altra parte nella raccolta di bandiere di <strong>Marco Neri<\/strong> il rosso \u00e8 di volta in volta simbolo di rivoluzione, coraggio, sangue versato per la libert\u00e0, richiamo a principi religiosi o a virt\u00f9 civili, a elementi della natura, ma anche al calore vitale del sole. Quel sole che matura e conferisce sapore ai grappoli di pomodori della Regina, tipici della terra di Puglia, cui i designer <strong>DePalma&amp;Pinto<\/strong> hanno regalato vita duratura tramite la ceramica.<\/p>\n<p>C\u2019\u00e8 un\u2019opera, infine, in cui il rosso \u00e8 assente. E\u2019 quella di <strong>Dario Agrimi<\/strong>, che ci mostra ci\u00f2 che percepisce al posto del rosso chi \u00e8 affetto da acromatopsia, un raro disturbo genetico della vista che trasforma i molteplici colori della realt\u00e0 in una triste scala di grigi\u201d.<\/p>\n<div id='gallery-1' class='gallery galleryid-6351 gallery-columns-3 gallery-size-colormag-featured-image'><figure class='gallery-item'>\n\t\t\t<div class='gallery-icon landscape'>\n\t\t\t\t<a href='https:\/\/arteeluoghi.it\/index.php\/2018\/12\/26\/rosso-e-dodici-artisti-alle-prese-con-un-colore-molto-speciale\/salvo-davila-congetture-sul-rosso-2012-cm-50-x-70-foto\/'><img width=\"800\" height=\"445\" src=\"https:\/\/arteeluoghi.it\/wp-content\/uploads\/2018\/12\/Salvo-DAvila-Congetture-sul-rosso-2012.-cm-50-x-70-Foto-800x445.jpg\" class=\"attachment-colormag-featured-image size-colormag-featured-image\" alt=\"\" loading=\"lazy\" \/><\/a>\n\t\t\t<\/div><\/figure><figure class='gallery-item'>\n\t\t\t<div class='gallery-icon portrait'>\n\t\t\t\t<a href='https:\/\/arteeluoghi.it\/index.php\/2018\/12\/26\/rosso-e-dodici-artisti-alle-prese-con-un-colore-molto-speciale\/pierpaolo-miccolis-flying-pomegranates-2018-acquerello-e-gouache-su-carta-cm-42-x-30\/'><img width=\"800\" height=\"445\" src=\"https:\/\/arteeluoghi.it\/wp-content\/uploads\/2018\/12\/Pierpaolo-Miccolis-Flying-pomegranates-2018.-Acquerello-e-gouache-su-carta-cm-42-x-30-800x445.jpg\" class=\"attachment-colormag-featured-image size-colormag-featured-image\" alt=\"\" loading=\"lazy\" \/><\/a>\n\t\t\t<\/div><\/figure><figure class='gallery-item'>\n\t\t\t<div class='gallery-icon landscape'>\n\t\t\t\t<a href='https:\/\/arteeluoghi.it\/index.php\/2018\/12\/26\/rosso-e-dodici-artisti-alle-prese-con-un-colore-molto-speciale\/massimo-ruiu-non-ti-voltare-2006-acrilico-su-cartongesso-cm-30-x-30\/'><img width=\"800\" height=\"445\" src=\"https:\/\/arteeluoghi.it\/wp-content\/uploads\/2018\/12\/Massimo-Ruiu-Non-ti-voltare-2006.-Acrilico-su-cartongesso-cm-30-x-30-800x445.jpg\" class=\"attachment-colormag-featured-image size-colormag-featured-image\" alt=\"\" loading=\"lazy\" \/><\/a>\n\t\t\t<\/div><\/figure><figure class='gallery-item'>\n\t\t\t<div class='gallery-icon landscape'>\n\t\t\t\t<a href='https:\/\/arteeluoghi.it\/index.php\/2018\/12\/26\/rosso-e-dodici-artisti-alle-prese-con-un-colore-molto-speciale\/marco-neri-bandiere-rosse-diritto-2012-collage-12-elementi-ognuno-cm-21-x-29-courtesy-galleria-alfonso-artiaco-napoli\/'><img width=\"800\" height=\"445\" src=\"https:\/\/arteeluoghi.it\/wp-content\/uploads\/2018\/12\/Marco-Neri-Bandiere-rosse-Diritto-2012.-Collage-12-elementi-ognuno-cm-21-x-29-Courtesy-Galleria-Alfonso-Artiaco-Napoli-800x445.jpg\" class=\"attachment-colormag-featured-image size-colormag-featured-image\" alt=\"\" loading=\"lazy\" \/><\/a>\n\t\t\t<\/div><\/figure><figure class='gallery-item'>\n\t\t\t<div class='gallery-icon portrait'>\n\t\t\t\t<a href='https:\/\/arteeluoghi.it\/index.php\/2018\/12\/26\/rosso-e-dodici-artisti-alle-prese-con-un-colore-molto-speciale\/giuseppe-de-mattia-cancellature-rosso-scarlatto-le-palme-di-luca-bologna-2016-2017-2111x2972-resized\/'><img width=\"800\" height=\"445\" src=\"https:\/\/arteeluoghi.it\/wp-content\/uploads\/2018\/12\/Giuseppe-De-Mattia-Cancellature-rosso-scarlatto-Le-palme-di-Luca-Bologna-2016-2017-2111x2972-resized-800x445.jpg\" class=\"attachment-colormag-featured-image size-colormag-featured-image\" alt=\"\" loading=\"lazy\" \/><\/a>\n\t\t\t<\/div><\/figure>\n\t\t<\/div>\n\n<p>(fonte: comunicato stampa)<\/p>\n<h4><strong><em>Rosso \u00e8\u2026 Dodici artisti alle prese con un colore molto speciale<\/em><\/strong><br \/>\n<strong>Opere di: <\/strong><strong>Dario Agrimi, Mariantonietta Bagliato, Giuseppe Cirac\u00ec, Salvo d\u2019Avila, Giuseppe De Mattia, De Palma&amp;Pinto, Nicola Genco, Pierpaolo Miccolis, Marco Neri, Rossella Petronelli, Massimo Ruiu, Enzo Tempesta<br \/>\n<\/strong><strong style=\"font-size: 16px;\">Mostra a cura di: <\/strong><strong style=\"font-size: 16px;\">Lia De Venere<br \/>\n<\/strong><strong style=\"font-size: 16px;\">Galleria Cattedrale, Largo Cattedrale 9, Conversano (BA)<\/strong><br \/>\n<strong>dal 7 dicembre al 19 gennaio 2019<br \/>\n<\/strong><strong style=\"font-size: 16px;\">Orari: <\/strong><strong style=\"font-size: 16px;\">marted\u00ec-domenica 17-20 e su appuntamento<br \/>\n<\/strong><strong>Contatti: <\/strong><strong>339 3916903 &#8211; 080 9672994<br \/>\n<\/strong><strong>Catalogo in galleria<\/strong><\/h4>\n","protected":false},"excerpt":{"rendered":"<p>CONVERSANO (BA). Il 7 dicembre alle ore 19 si \u00e8 inaugurata presso la Galleria Cattedrale di Conversano la mostra intitolata<\/p>\n","protected":false},"author":1,"featured_media":6356,"comment_status":"open","ping_status":"open","sticky":true,"template":"","format":"standard","meta":[],"categories":[27,3],"tags":[1432,1433,1437,1443,1435,1436,982,1440,1434,1442,1438,1439,1441,1431,1103],"yoast_head":"<!-- This site is optimized with the Yoast SEO plugin v18.0 - https:\/\/yoast.com\/wordpress\/plugins\/seo\/ -->\n<title>Rosso \u00e8\u2026 Dodici artisti alle prese con un colore molto speciale | Arte e Luoghi<\/title>\n<meta name=\"robots\" content=\"index, follow, max-snippet:-1, max-image-preview:large, max-video-preview:-1\" \/>\n<link rel=\"canonical\" href=\"https:\/\/arteeluoghi.it\/index.php\/2018\/12\/26\/rosso-e-dodici-artisti-alle-prese-con-un-colore-molto-speciale\/\" \/>\n<meta property=\"og:locale\" content=\"it_IT\" \/>\n<meta property=\"og:type\" content=\"article\" \/>\n<meta property=\"og:title\" content=\"Rosso \u00e8\u2026 Dodici artisti alle prese con un colore molto speciale | Arte e Luoghi\" \/>\n<meta property=\"og:description\" content=\"CONVERSANO (BA). Il 7 dicembre alle ore 19 si \u00e8 inaugurata presso la Galleria Cattedrale di Conversano la mostra intitolata\" \/>\n<meta property=\"og:url\" content=\"https:\/\/arteeluoghi.it\/index.php\/2018\/12\/26\/rosso-e-dodici-artisti-alle-prese-con-un-colore-molto-speciale\/\" \/>\n<meta property=\"og:site_name\" content=\"Arte e Luoghi\" \/>\n<meta property=\"article:publisher\" content=\"https:\/\/www.facebook.com\/ArteELuoghi\/\" \/>\n<meta property=\"article:published_time\" content=\"2018-12-26T17:18:38+00:00\" \/>\n<meta property=\"article:modified_time\" content=\"2018-12-26T19:00:49+00:00\" \/>\n<meta property=\"og:image\" content=\"https:\/\/arteeluoghi.it\/wp-content\/uploads\/2018\/12\/Salvo-DAvila-Congetture-sul-rosso-2012.-cm-50-x-70-Foto.jpg\" \/>\n\t<meta property=\"og:image:width\" content=\"2300\" \/>\n\t<meta property=\"og:image:height\" content=\"1533\" \/>\n\t<meta property=\"og:image:type\" content=\"image\/jpeg\" \/>\n<meta name=\"twitter:card\" content=\"summary\" \/>\n<meta name=\"twitter:creator\" content=\"@arteeluoghi\" \/>\n<meta name=\"twitter:site\" content=\"@arteeluoghi\" \/>\n<meta name=\"twitter:label1\" content=\"Scritto da\" \/>\n\t<meta name=\"twitter:data1\" content=\"Staff\" \/>\n\t<meta name=\"twitter:label2\" content=\"Tempo di lettura stimato\" \/>\n\t<meta name=\"twitter:data2\" content=\"3 minuti\" \/>\n<script type=\"application\/ld+json\" class=\"yoast-schema-graph\">{\"@context\":\"https:\/\/schema.org\",\"@graph\":[{\"@type\":\"Organization\",\"@id\":\"https:\/\/arteeluoghi.it\/#organization\",\"name\":\"Arte e Luoghi\",\"url\":\"https:\/\/arteeluoghi.it\/\",\"sameAs\":[\"https:\/\/www.facebook.com\/ArteELuoghi\/\",\"https:\/\/www.instagram.com\/arteeluoghi\/?hl=it\",\"https:\/\/www.youtube.com\/channel\/UCuRVc4JW4-C5sg9rQB-srkw?view_as=subscriber\",\"https:\/\/twitter.com\/arteeluoghi\"],\"logo\":{\"@type\":\"ImageObject\",\"@id\":\"https:\/\/arteeluoghi.it\/#logo\",\"inLanguage\":\"it-IT\",\"url\":\"https:\/\/arteeluoghi.it\/wp-content\/uploads\/2018\/08\/logoinstagramarte.jpg\",\"contentUrl\":\"https:\/\/arteeluoghi.it\/wp-content\/uploads\/2018\/08\/logoinstagramarte.jpg\",\"width\":150,\"height\":150,\"caption\":\"Arte e Luoghi\"},\"image\":{\"@id\":\"https:\/\/arteeluoghi.it\/#logo\"}},{\"@type\":\"WebSite\",\"@id\":\"https:\/\/arteeluoghi.it\/#website\",\"url\":\"https:\/\/arteeluoghi.it\/\",\"name\":\"Arte e Luoghi\",\"description\":\"Mensile di arte, cultura, turismo e curiosit\u00e0\",\"publisher\":{\"@id\":\"https:\/\/arteeluoghi.it\/#organization\"},\"potentialAction\":[{\"@type\":\"SearchAction\",\"target\":{\"@type\":\"EntryPoint\",\"urlTemplate\":\"https:\/\/arteeluoghi.it\/?s={search_term_string}\"},\"query-input\":\"required name=search_term_string\"}],\"inLanguage\":\"it-IT\"},{\"@type\":\"ImageObject\",\"@id\":\"https:\/\/arteeluoghi.it\/index.php\/2018\/12\/26\/rosso-e-dodici-artisti-alle-prese-con-un-colore-molto-speciale\/#primaryimage\",\"inLanguage\":\"it-IT\",\"url\":\"https:\/\/arteeluoghi.it\/wp-content\/uploads\/2018\/12\/Salvo-DAvila-Congetture-sul-rosso-2012.-cm-50-x-70-Foto.jpg\",\"contentUrl\":\"https:\/\/arteeluoghi.it\/wp-content\/uploads\/2018\/12\/Salvo-DAvila-Congetture-sul-rosso-2012.-cm-50-x-70-Foto.jpg\",\"width\":2300,\"height\":1533},{\"@type\":\"WebPage\",\"@id\":\"https:\/\/arteeluoghi.it\/index.php\/2018\/12\/26\/rosso-e-dodici-artisti-alle-prese-con-un-colore-molto-speciale\/#webpage\",\"url\":\"https:\/\/arteeluoghi.it\/index.php\/2018\/12\/26\/rosso-e-dodici-artisti-alle-prese-con-un-colore-molto-speciale\/\",\"name\":\"Rosso \u00e8\u2026 Dodici artisti alle prese con un colore molto speciale | Arte e Luoghi\",\"isPartOf\":{\"@id\":\"https:\/\/arteeluoghi.it\/#website\"},\"primaryImageOfPage\":{\"@id\":\"https:\/\/arteeluoghi.it\/index.php\/2018\/12\/26\/rosso-e-dodici-artisti-alle-prese-con-un-colore-molto-speciale\/#primaryimage\"},\"datePublished\":\"2018-12-26T17:18:38+00:00\",\"dateModified\":\"2018-12-26T19:00:49+00:00\",\"breadcrumb\":{\"@id\":\"https:\/\/arteeluoghi.it\/index.php\/2018\/12\/26\/rosso-e-dodici-artisti-alle-prese-con-un-colore-molto-speciale\/#breadcrumb\"},\"inLanguage\":\"it-IT\",\"potentialAction\":[{\"@type\":\"ReadAction\",\"target\":[\"https:\/\/arteeluoghi.it\/index.php\/2018\/12\/26\/rosso-e-dodici-artisti-alle-prese-con-un-colore-molto-speciale\/\"]}]},{\"@type\":\"BreadcrumbList\",\"@id\":\"https:\/\/arteeluoghi.it\/index.php\/2018\/12\/26\/rosso-e-dodici-artisti-alle-prese-con-un-colore-molto-speciale\/#breadcrumb\",\"itemListElement\":[{\"@type\":\"ListItem\",\"position\":1,\"name\":\"Home\",\"item\":\"https:\/\/arteeluoghi.it\/\"},{\"@type\":\"ListItem\",\"position\":2,\"name\":\"Rosso \u00e8\u2026 Dodici artisti alle prese con un colore molto speciale\"}]},{\"@type\":\"Article\",\"@id\":\"https:\/\/arteeluoghi.it\/index.php\/2018\/12\/26\/rosso-e-dodici-artisti-alle-prese-con-un-colore-molto-speciale\/#article\",\"isPartOf\":{\"@id\":\"https:\/\/arteeluoghi.it\/index.php\/2018\/12\/26\/rosso-e-dodici-artisti-alle-prese-con-un-colore-molto-speciale\/#webpage\"},\"author\":{\"@id\":\"https:\/\/arteeluoghi.it\/#\/schema\/person\/f84e814e36e91e01448ee07eaadd41d4\"},\"headline\":\"Rosso \u00e8\u2026 Dodici artisti alle prese con un colore molto speciale\",\"datePublished\":\"2018-12-26T17:18:38+00:00\",\"dateModified\":\"2018-12-26T19:00:49+00:00\",\"mainEntityOfPage\":{\"@id\":\"https:\/\/arteeluoghi.it\/index.php\/2018\/12\/26\/rosso-e-dodici-artisti-alle-prese-con-un-colore-molto-speciale\/#webpage\"},\"wordCount\":647,\"commentCount\":0,\"publisher\":{\"@id\":\"https:\/\/arteeluoghi.it\/#organization\"},\"image\":{\"@id\":\"https:\/\/arteeluoghi.it\/index.php\/2018\/12\/26\/rosso-e-dodici-artisti-alle-prese-con-un-colore-molto-speciale\/#primaryimage\"},\"thumbnailUrl\":\"https:\/\/arteeluoghi.it\/wp-content\/uploads\/2018\/12\/Salvo-DAvila-Congetture-sul-rosso-2012.-cm-50-x-70-Foto.jpg\",\"keywords\":[\"Conversano\",\"Dario Agrimi\",\"DePalma&amp;Pinto\",\"Enzo Tempesta.\",\"Giuseppe Cirac\u00ec\",\"Giuseppe De Mattia\",\"Lia De Venere\",\"Marco Neri\",\"Mariantonietta Bagliato\",\"Massimo Ruiu\",\"Nicola Genco\",\"Pierpaolo Miccolis\",\"Rossella Petronelli\",\"Rosso\",\"Salvo d\u2019Avila\"],\"articleSection\":[\"Arte\",\"Arti visive\"],\"inLanguage\":\"it-IT\",\"potentialAction\":[{\"@type\":\"CommentAction\",\"name\":\"Comment\",\"target\":[\"https:\/\/arteeluoghi.it\/index.php\/2018\/12\/26\/rosso-e-dodici-artisti-alle-prese-con-un-colore-molto-speciale\/#respond\"]}]},{\"@type\":\"Person\",\"@id\":\"https:\/\/arteeluoghi.it\/#\/schema\/person\/f84e814e36e91e01448ee07eaadd41d4\",\"name\":\"Staff\",\"image\":{\"@type\":\"ImageObject\",\"@id\":\"https:\/\/arteeluoghi.it\/#personlogo\",\"inLanguage\":\"it-IT\",\"url\":\"https:\/\/secure.gravatar.com\/avatar\/49d2f9e46271bb04e19cebfaf141313a?s=96&d=blank&r=g\",\"contentUrl\":\"https:\/\/secure.gravatar.com\/avatar\/49d2f9e46271bb04e19cebfaf141313a?s=96&d=blank&r=g\",\"caption\":\"Staff\"}}]}<\/script>\n<!-- \/ Yoast SEO plugin. -->","yoast_head_json":{"title":"Rosso \u00e8\u2026 Dodici artisti alle prese con un colore molto speciale | Arte e Luoghi","robots":{"index":"index","follow":"follow","max-snippet":"max-snippet:-1","max-image-preview":"max-image-preview:large","max-video-preview":"max-video-preview:-1"},"canonical":"https:\/\/arteeluoghi.it\/index.php\/2018\/12\/26\/rosso-e-dodici-artisti-alle-prese-con-un-colore-molto-speciale\/","og_locale":"it_IT","og_type":"article","og_title":"Rosso \u00e8\u2026 Dodici artisti alle prese con un colore molto speciale | Arte e Luoghi","og_description":"CONVERSANO (BA). Il 7 dicembre alle ore 19 si \u00e8 inaugurata presso la Galleria Cattedrale di Conversano la mostra intitolata","og_url":"https:\/\/arteeluoghi.it\/index.php\/2018\/12\/26\/rosso-e-dodici-artisti-alle-prese-con-un-colore-molto-speciale\/","og_site_name":"Arte e Luoghi","article_publisher":"https:\/\/www.facebook.com\/ArteELuoghi\/","article_published_time":"2018-12-26T17:18:38+00:00","article_modified_time":"2018-12-26T19:00:49+00:00","og_image":[{"width":2300,"height":1533,"url":"https:\/\/arteeluoghi.it\/wp-content\/uploads\/2018\/12\/Salvo-DAvila-Congetture-sul-rosso-2012.-cm-50-x-70-Foto.jpg","type":"image\/jpeg"}],"twitter_card":"summary","twitter_creator":"@arteeluoghi","twitter_site":"@arteeluoghi","twitter_misc":{"Scritto da":"Staff","Tempo di lettura stimato":"3 minuti"},"schema":{"@context":"https:\/\/schema.org","@graph":[{"@type":"Organization","@id":"https:\/\/arteeluoghi.it\/#organization","name":"Arte e Luoghi","url":"https:\/\/arteeluoghi.it\/","sameAs":["https:\/\/www.facebook.com\/ArteELuoghi\/","https:\/\/www.instagram.com\/arteeluoghi\/?hl=it","https:\/\/www.youtube.com\/channel\/UCuRVc4JW4-C5sg9rQB-srkw?view_as=subscriber","https:\/\/twitter.com\/arteeluoghi"],"logo":{"@type":"ImageObject","@id":"https:\/\/arteeluoghi.it\/#logo","inLanguage":"it-IT","url":"https:\/\/arteeluoghi.it\/wp-content\/uploads\/2018\/08\/logoinstagramarte.jpg","contentUrl":"https:\/\/arteeluoghi.it\/wp-content\/uploads\/2018\/08\/logoinstagramarte.jpg","width":150,"height":150,"caption":"Arte e Luoghi"},"image":{"@id":"https:\/\/arteeluoghi.it\/#logo"}},{"@type":"WebSite","@id":"https:\/\/arteeluoghi.it\/#website","url":"https:\/\/arteeluoghi.it\/","name":"Arte e Luoghi","description":"Mensile di arte, cultura, turismo e curiosit\u00e0","publisher":{"@id":"https:\/\/arteeluoghi.it\/#organization"},"potentialAction":[{"@type":"SearchAction","target":{"@type":"EntryPoint","urlTemplate":"https:\/\/arteeluoghi.it\/?s={search_term_string}"},"query-input":"required name=search_term_string"}],"inLanguage":"it-IT"},{"@type":"ImageObject","@id":"https:\/\/arteeluoghi.it\/index.php\/2018\/12\/26\/rosso-e-dodici-artisti-alle-prese-con-un-colore-molto-speciale\/#primaryimage","inLanguage":"it-IT","url":"https:\/\/arteeluoghi.it\/wp-content\/uploads\/2018\/12\/Salvo-DAvila-Congetture-sul-rosso-2012.-cm-50-x-70-Foto.jpg","contentUrl":"https:\/\/arteeluoghi.it\/wp-content\/uploads\/2018\/12\/Salvo-DAvila-Congetture-sul-rosso-2012.-cm-50-x-70-Foto.jpg","width":2300,"height":1533},{"@type":"WebPage","@id":"https:\/\/arteeluoghi.it\/index.php\/2018\/12\/26\/rosso-e-dodici-artisti-alle-prese-con-un-colore-molto-speciale\/#webpage","url":"https:\/\/arteeluoghi.it\/index.php\/2018\/12\/26\/rosso-e-dodici-artisti-alle-prese-con-un-colore-molto-speciale\/","name":"Rosso \u00e8\u2026 Dodici artisti alle prese con un colore molto speciale | Arte e Luoghi","isPartOf":{"@id":"https:\/\/arteeluoghi.it\/#website"},"primaryImageOfPage":{"@id":"https:\/\/arteeluoghi.it\/index.php\/2018\/12\/26\/rosso-e-dodici-artisti-alle-prese-con-un-colore-molto-speciale\/#primaryimage"},"datePublished":"2018-12-26T17:18:38+00:00","dateModified":"2018-12-26T19:00:49+00:00","breadcrumb":{"@id":"https:\/\/arteeluoghi.it\/index.php\/2018\/12\/26\/rosso-e-dodici-artisti-alle-prese-con-un-colore-molto-speciale\/#breadcrumb"},"inLanguage":"it-IT","potentialAction":[{"@type":"ReadAction","target":["https:\/\/arteeluoghi.it\/index.php\/2018\/12\/26\/rosso-e-dodici-artisti-alle-prese-con-un-colore-molto-speciale\/"]}]},{"@type":"BreadcrumbList","@id":"https:\/\/arteeluoghi.it\/index.php\/2018\/12\/26\/rosso-e-dodici-artisti-alle-prese-con-un-colore-molto-speciale\/#breadcrumb","itemListElement":[{"@type":"ListItem","position":1,"name":"Home","item":"https:\/\/arteeluoghi.it\/"},{"@type":"ListItem","position":2,"name":"Rosso \u00e8\u2026 Dodici artisti alle prese con un colore molto speciale"}]},{"@type":"Article","@id":"https:\/\/arteeluoghi.it\/index.php\/2018\/12\/26\/rosso-e-dodici-artisti-alle-prese-con-un-colore-molto-speciale\/#article","isPartOf":{"@id":"https:\/\/arteeluoghi.it\/index.php\/2018\/12\/26\/rosso-e-dodici-artisti-alle-prese-con-un-colore-molto-speciale\/#webpage"},"author":{"@id":"https:\/\/arteeluoghi.it\/#\/schema\/person\/f84e814e36e91e01448ee07eaadd41d4"},"headline":"Rosso \u00e8\u2026 Dodici artisti alle prese con un colore molto speciale","datePublished":"2018-12-26T17:18:38+00:00","dateModified":"2018-12-26T19:00:49+00:00","mainEntityOfPage":{"@id":"https:\/\/arteeluoghi.it\/index.php\/2018\/12\/26\/rosso-e-dodici-artisti-alle-prese-con-un-colore-molto-speciale\/#webpage"},"wordCount":647,"commentCount":0,"publisher":{"@id":"https:\/\/arteeluoghi.it\/#organization"},"image":{"@id":"https:\/\/arteeluoghi.it\/index.php\/2018\/12\/26\/rosso-e-dodici-artisti-alle-prese-con-un-colore-molto-speciale\/#primaryimage"},"thumbnailUrl":"https:\/\/arteeluoghi.it\/wp-content\/uploads\/2018\/12\/Salvo-DAvila-Congetture-sul-rosso-2012.-cm-50-x-70-Foto.jpg","keywords":["Conversano","Dario Agrimi","DePalma&amp;Pinto","Enzo Tempesta.","Giuseppe Cirac\u00ec","Giuseppe De Mattia","Lia De Venere","Marco Neri","Mariantonietta Bagliato","Massimo Ruiu","Nicola Genco","Pierpaolo Miccolis","Rossella Petronelli","Rosso","Salvo d\u2019Avila"],"articleSection":["Arte","Arti visive"],"inLanguage":"it-IT","potentialAction":[{"@type":"CommentAction","name":"Comment","target":["https:\/\/arteeluoghi.it\/index.php\/2018\/12\/26\/rosso-e-dodici-artisti-alle-prese-con-un-colore-molto-speciale\/#respond"]}]},{"@type":"Person","@id":"https:\/\/arteeluoghi.it\/#\/schema\/person\/f84e814e36e91e01448ee07eaadd41d4","name":"Staff","image":{"@type":"ImageObject","@id":"https:\/\/arteeluoghi.it\/#personlogo","inLanguage":"it-IT","url":"https:\/\/secure.gravatar.com\/avatar\/49d2f9e46271bb04e19cebfaf141313a?s=96&d=blank&r=g","contentUrl":"https:\/\/secure.gravatar.com\/avatar\/49d2f9e46271bb04e19cebfaf141313a?s=96&d=blank&r=g","caption":"Staff"}}]}},"_links":{"self":[{"href":"https:\/\/arteeluoghi.it\/index.php\/wp-json\/wp\/v2\/posts\/6351"}],"collection":[{"href":"https:\/\/arteeluoghi.it\/index.php\/wp-json\/wp\/v2\/posts"}],"about":[{"href":"https:\/\/arteeluoghi.it\/index.php\/wp-json\/wp\/v2\/types\/post"}],"author":[{"embeddable":true,"href":"https:\/\/arteeluoghi.it\/index.php\/wp-json\/wp\/v2\/users\/1"}],"replies":[{"embeddable":true,"href":"https:\/\/arteeluoghi.it\/index.php\/wp-json\/wp\/v2\/comments?post=6351"}],"version-history":[{"count":3,"href":"https:\/\/arteeluoghi.it\/index.php\/wp-json\/wp\/v2\/posts\/6351\/revisions"}],"predecessor-version":[{"id":6359,"href":"https:\/\/arteeluoghi.it\/index.php\/wp-json\/wp\/v2\/posts\/6351\/revisions\/6359"}],"wp:featuredmedia":[{"embeddable":true,"href":"https:\/\/arteeluoghi.it\/index.php\/wp-json\/wp\/v2\/media\/6356"}],"wp:attachment":[{"href":"https:\/\/arteeluoghi.it\/index.php\/wp-json\/wp\/v2\/media?parent=6351"}],"wp:term":[{"taxonomy":"category","embeddable":true,"href":"https:\/\/arteeluoghi.it\/index.php\/wp-json\/wp\/v2\/categories?post=6351"},{"taxonomy":"post_tag","embeddable":true,"href":"https:\/\/arteeluoghi.it\/index.php\/wp-json\/wp\/v2\/tags?post=6351"}],"curies":[{"name":"wp","href":"https:\/\/api.w.org\/{rel}","templated":true}]}}