{"id":643,"date":"2012-04-11T11:58:27","date_gmt":"2012-04-11T09:58:27","guid":{"rendered":"http:\/\/arteeluoghi.it\/index.php\/2012\/04\/11\/sette-fotografi-sette-racconti20\/"},"modified":"2012-04-11T11:58:27","modified_gmt":"2012-04-11T09:58:27","slug":"sette-fotografi-sette-racconti20","status":"publish","type":"post","link":"https:\/\/arteeluoghi.it\/index.php\/2012\/04\/11\/sette-fotografi-sette-racconti20\/","title":{"rendered":"Sette Fotografi, Sette Racconti"},"content":{"rendered":"<p><img src=\"\/images\/stories\/davide rossi.jpg\" border=\"0\" width=\"200\" style=\"margin: 21px; float: left;\" \/>Terza serata della rassegna \u201cSette Fotografi, Sette Racconti\u201d promossa da Mignon e Frequenze Visive <\/p>\n<p><span style=\"font-size: small;\"><strong>Davide Rossi<br \/>\u201cVisioni e Tecniche sulla Fotografia Alternativa\u201d <\/strong><\/span><\/p>\n<p><\/p>\n<p>Prosegue con successo la rassegna promossa dal gruppo Mignon di Padova e l&#8217;Associazione Frequenze Visive di Vigonovo (VE). Per Sette fotografi, sette racconti mercoled\u00ec 11 Aprile 2012 alle ore 21.00 a tu per tu con Davide Rossi e le &#8220;Visioni e tecniche sulla fotografia alternativa&#8221;.<\/p>\n<p>Fotografo per vocazione, anticonformista per natura, Davide Rossi vive la fotografia con l\u2019entusiasmo della continua scoperta.<br \/>Professionista  e docente, lavora in tutti i settori della fotografia professionale,  pubblicit\u00e0, ritratto, moda, matrimonio organizzando corsi e workshop che  si contraddistinguono per unicit\u00e0 e qualit\u00e0, dalla ripresa fotografica  alla camera oscura, dall&#8217;approccio all&#8217;uso dei materiali a sviluppo  immediato Polaroid, ai corsi speciali sulle antiche tecniche di stampa,  come il cianotipo, la carta salata, la stampa Van Dick, la stampa alla  gomma.<\/p>\n<p>Nel 2005 viene ufficialmente riconosciuto come uno dei circa  200 artisti in tutto il mondo che praticano come forma d&#8217; arte la  fotografia alternativa ed il pi\u00f9 autorevole sito web al mondo dedicato  alla fotografia alternativa, Alternative Photography.com, gli apre una  galleria on-line permanente.<br \/>Un suo cianotipo intitolato &#8220;Plastic  Lady&#8221;, \u00e8 conservato a Stoccolma, Svezia, presso la sede di Alternative  Photography, per il progetto &#8220;showcase &#8211; a portfolio&#8221;, che si occupa  dell&#8217;educazione e della promozione sui processi della fotografia  alternativa nel mondo.<\/p>\n<p>  <!--more-->  <\/p>\n<p>Di recente presentazione il suo ultimo  progetto sull&#8217;arte a 360 gradi presso la biennale internazionale d&#8217;arte  contemporanea di Ferrara, che racchiude fotografia, video, cucina,  recitazione, musica e danza in un unico contesto ricco di sfumature, gli  artisti si intersecano interagendo con il pubblico. Di prossima uscita  un cortometraggio sulla manifestazione di cui Davide Rossi \u00e8 direttore della  fotografia.<br \/>Dal 2010 inizia ad insegnare fotografia presso l&#8217;asilo  Pio XII di Rovigo ai bambini dell&#8217;ultimo anno, dando cos\u00ec vita al suo  progetto pi\u00f9 ambizioso, portare la fotografia come materia di studio  nelle scuole.<\/p>\n<p>&#8220;www.atelierdellafotografia.it<\/p>\n<p>Un nuovo imperdibile appuntamento con i protagonisti della storia della fotografia padovana, nella Sala polivalente del Comune di Vigonovo, via Veneto 2, Vigonovo (VE) \u2013 Ingresso libero<\/p>\n<p>(red. Arte e Luoghi)<\/p>\n","protected":false},"excerpt":{"rendered":"<p>Terza serata della rassegna \u201cSette Fotografi, Sette Racconti\u201d promossa da Mignon e Frequenze Visive Davide Rossi\u201cVisioni e Tecniche sulla Fotografia<\/p>\n","protected":false},"author":1,"featured_media":0,"comment_status":"open","ping_status":"open","sticky":false,"template":"","format":"standard","meta":[],"categories":[3],"tags":[],"yoast_head":"<!-- This site is optimized with the Yoast SEO plugin v18.0 - https:\/\/yoast.com\/wordpress\/plugins\/seo\/ -->\n<title>Sette Fotografi, Sette Racconti | Arte e Luoghi<\/title>\n<meta name=\"robots\" content=\"index, follow, max-snippet:-1, max-image-preview:large, max-video-preview:-1\" \/>\n<link rel=\"canonical\" href=\"https:\/\/arteeluoghi.it\/index.php\/2012\/04\/11\/sette-fotografi-sette-racconti20\/\" \/>\n<meta property=\"og:locale\" content=\"it_IT\" \/>\n<meta property=\"og:type\" content=\"article\" \/>\n<meta property=\"og:title\" content=\"Sette Fotografi, Sette Racconti | Arte e Luoghi\" \/>\n<meta property=\"og:description\" content=\"Terza serata della rassegna \u201cSette Fotografi, Sette Racconti\u201d promossa da Mignon e Frequenze Visive Davide Rossi\u201cVisioni e Tecniche sulla Fotografia\" \/>\n<meta property=\"og:url\" content=\"https:\/\/arteeluoghi.it\/index.php\/2012\/04\/11\/sette-fotografi-sette-racconti20\/\" \/>\n<meta property=\"og:site_name\" content=\"Arte e Luoghi\" \/>\n<meta property=\"article:publisher\" content=\"https:\/\/www.facebook.com\/ArteELuoghi\/\" \/>\n<meta property=\"article:published_time\" content=\"2012-04-11T09:58:27+00:00\" \/>\n<meta property=\"og:image\" content=\"https:\/\/arteeluoghi.it\/images\/stories\/davide%20rossi.jpg\" \/>\n<meta name=\"twitter:card\" content=\"summary\" \/>\n<meta name=\"twitter:creator\" content=\"@arteeluoghi\" \/>\n<meta name=\"twitter:site\" content=\"@arteeluoghi\" \/>\n<meta name=\"twitter:label1\" content=\"Scritto da\" \/>\n\t<meta name=\"twitter:data1\" content=\"Staff\" \/>\n\t<meta name=\"twitter:label2\" content=\"Tempo di lettura stimato\" \/>\n\t<meta name=\"twitter:data2\" content=\"2 minuti\" \/>\n<script type=\"application\/ld+json\" class=\"yoast-schema-graph\">{\"@context\":\"https:\/\/schema.org\",\"@graph\":[{\"@type\":\"Organization\",\"@id\":\"https:\/\/arteeluoghi.it\/#organization\",\"name\":\"Arte e Luoghi\",\"url\":\"https:\/\/arteeluoghi.it\/\",\"sameAs\":[\"https:\/\/www.facebook.com\/ArteELuoghi\/\",\"https:\/\/www.instagram.com\/arteeluoghi\/?hl=it\",\"https:\/\/www.youtube.com\/channel\/UCuRVc4JW4-C5sg9rQB-srkw?view_as=subscriber\",\"https:\/\/twitter.com\/arteeluoghi\"],\"logo\":{\"@type\":\"ImageObject\",\"@id\":\"https:\/\/arteeluoghi.it\/#logo\",\"inLanguage\":\"it-IT\",\"url\":\"https:\/\/arteeluoghi.it\/wp-content\/uploads\/2018\/08\/logoinstagramarte.jpg\",\"contentUrl\":\"https:\/\/arteeluoghi.it\/wp-content\/uploads\/2018\/08\/logoinstagramarte.jpg\",\"width\":150,\"height\":150,\"caption\":\"Arte e Luoghi\"},\"image\":{\"@id\":\"https:\/\/arteeluoghi.it\/#logo\"}},{\"@type\":\"WebSite\",\"@id\":\"https:\/\/arteeluoghi.it\/#website\",\"url\":\"https:\/\/arteeluoghi.it\/\",\"name\":\"Arte e Luoghi\",\"description\":\"Mensile di arte, cultura, turismo e curiosit\u00e0\",\"publisher\":{\"@id\":\"https:\/\/arteeluoghi.it\/#organization\"},\"potentialAction\":[{\"@type\":\"SearchAction\",\"target\":{\"@type\":\"EntryPoint\",\"urlTemplate\":\"https:\/\/arteeluoghi.it\/?s={search_term_string}\"},\"query-input\":\"required name=search_term_string\"}],\"inLanguage\":\"it-IT\"},{\"@type\":\"ImageObject\",\"@id\":\"https:\/\/arteeluoghi.it\/index.php\/2012\/04\/11\/sette-fotografi-sette-racconti20\/#primaryimage\",\"inLanguage\":\"it-IT\",\"url\":\"\/images\/stories\/davide rossi.jpg\",\"contentUrl\":\"\/images\/stories\/davide rossi.jpg\"},{\"@type\":\"WebPage\",\"@id\":\"https:\/\/arteeluoghi.it\/index.php\/2012\/04\/11\/sette-fotografi-sette-racconti20\/#webpage\",\"url\":\"https:\/\/arteeluoghi.it\/index.php\/2012\/04\/11\/sette-fotografi-sette-racconti20\/\",\"name\":\"Sette Fotografi, Sette Racconti | Arte e Luoghi\",\"isPartOf\":{\"@id\":\"https:\/\/arteeluoghi.it\/#website\"},\"primaryImageOfPage\":{\"@id\":\"https:\/\/arteeluoghi.it\/index.php\/2012\/04\/11\/sette-fotografi-sette-racconti20\/#primaryimage\"},\"datePublished\":\"2012-04-11T09:58:27+00:00\",\"dateModified\":\"2012-04-11T09:58:27+00:00\",\"breadcrumb\":{\"@id\":\"https:\/\/arteeluoghi.it\/index.php\/2012\/04\/11\/sette-fotografi-sette-racconti20\/#breadcrumb\"},\"inLanguage\":\"it-IT\",\"potentialAction\":[{\"@type\":\"ReadAction\",\"target\":[\"https:\/\/arteeluoghi.it\/index.php\/2012\/04\/11\/sette-fotografi-sette-racconti20\/\"]}]},{\"@type\":\"BreadcrumbList\",\"@id\":\"https:\/\/arteeluoghi.it\/index.php\/2012\/04\/11\/sette-fotografi-sette-racconti20\/#breadcrumb\",\"itemListElement\":[{\"@type\":\"ListItem\",\"position\":1,\"name\":\"Home\",\"item\":\"https:\/\/arteeluoghi.it\/\"},{\"@type\":\"ListItem\",\"position\":2,\"name\":\"Sette Fotografi, Sette Racconti\"}]},{\"@type\":\"Article\",\"@id\":\"https:\/\/arteeluoghi.it\/index.php\/2012\/04\/11\/sette-fotografi-sette-racconti20\/#article\",\"isPartOf\":{\"@id\":\"https:\/\/arteeluoghi.it\/index.php\/2012\/04\/11\/sette-fotografi-sette-racconti20\/#webpage\"},\"author\":{\"@id\":\"https:\/\/arteeluoghi.it\/#\/schema\/person\/f84e814e36e91e01448ee07eaadd41d4\"},\"headline\":\"Sette Fotografi, Sette Racconti\",\"datePublished\":\"2012-04-11T09:58:27+00:00\",\"dateModified\":\"2012-04-11T09:58:27+00:00\",\"mainEntityOfPage\":{\"@id\":\"https:\/\/arteeluoghi.it\/index.php\/2012\/04\/11\/sette-fotografi-sette-racconti20\/#webpage\"},\"wordCount\":347,\"commentCount\":0,\"publisher\":{\"@id\":\"https:\/\/arteeluoghi.it\/#organization\"},\"image\":{\"@id\":\"https:\/\/arteeluoghi.it\/index.php\/2012\/04\/11\/sette-fotografi-sette-racconti20\/#primaryimage\"},\"thumbnailUrl\":\"\/images\/stories\/davide rossi.jpg\",\"articleSection\":[\"Arti visive\"],\"inLanguage\":\"it-IT\",\"potentialAction\":[{\"@type\":\"CommentAction\",\"name\":\"Comment\",\"target\":[\"https:\/\/arteeluoghi.it\/index.php\/2012\/04\/11\/sette-fotografi-sette-racconti20\/#respond\"]}]},{\"@type\":\"Person\",\"@id\":\"https:\/\/arteeluoghi.it\/#\/schema\/person\/f84e814e36e91e01448ee07eaadd41d4\",\"name\":\"Staff\",\"image\":{\"@type\":\"ImageObject\",\"@id\":\"https:\/\/arteeluoghi.it\/#personlogo\",\"inLanguage\":\"it-IT\",\"url\":\"https:\/\/secure.gravatar.com\/avatar\/49d2f9e46271bb04e19cebfaf141313a?s=96&d=blank&r=g\",\"contentUrl\":\"https:\/\/secure.gravatar.com\/avatar\/49d2f9e46271bb04e19cebfaf141313a?s=96&d=blank&r=g\",\"caption\":\"Staff\"}}]}<\/script>\n<!-- \/ Yoast SEO plugin. -->","yoast_head_json":{"title":"Sette Fotografi, Sette Racconti | Arte e Luoghi","robots":{"index":"index","follow":"follow","max-snippet":"max-snippet:-1","max-image-preview":"max-image-preview:large","max-video-preview":"max-video-preview:-1"},"canonical":"https:\/\/arteeluoghi.it\/index.php\/2012\/04\/11\/sette-fotografi-sette-racconti20\/","og_locale":"it_IT","og_type":"article","og_title":"Sette Fotografi, Sette Racconti | Arte e Luoghi","og_description":"Terza serata della rassegna \u201cSette Fotografi, Sette Racconti\u201d promossa da Mignon e Frequenze Visive Davide Rossi\u201cVisioni e Tecniche sulla Fotografia","og_url":"https:\/\/arteeluoghi.it\/index.php\/2012\/04\/11\/sette-fotografi-sette-racconti20\/","og_site_name":"Arte e Luoghi","article_publisher":"https:\/\/www.facebook.com\/ArteELuoghi\/","article_published_time":"2012-04-11T09:58:27+00:00","og_image":[{"url":"https:\/\/arteeluoghi.it\/images\/stories\/davide rossi.jpg"}],"twitter_card":"summary","twitter_creator":"@arteeluoghi","twitter_site":"@arteeluoghi","twitter_misc":{"Scritto da":"Staff","Tempo di lettura stimato":"2 minuti"},"schema":{"@context":"https:\/\/schema.org","@graph":[{"@type":"Organization","@id":"https:\/\/arteeluoghi.it\/#organization","name":"Arte e Luoghi","url":"https:\/\/arteeluoghi.it\/","sameAs":["https:\/\/www.facebook.com\/ArteELuoghi\/","https:\/\/www.instagram.com\/arteeluoghi\/?hl=it","https:\/\/www.youtube.com\/channel\/UCuRVc4JW4-C5sg9rQB-srkw?view_as=subscriber","https:\/\/twitter.com\/arteeluoghi"],"logo":{"@type":"ImageObject","@id":"https:\/\/arteeluoghi.it\/#logo","inLanguage":"it-IT","url":"https:\/\/arteeluoghi.it\/wp-content\/uploads\/2018\/08\/logoinstagramarte.jpg","contentUrl":"https:\/\/arteeluoghi.it\/wp-content\/uploads\/2018\/08\/logoinstagramarte.jpg","width":150,"height":150,"caption":"Arte e Luoghi"},"image":{"@id":"https:\/\/arteeluoghi.it\/#logo"}},{"@type":"WebSite","@id":"https:\/\/arteeluoghi.it\/#website","url":"https:\/\/arteeluoghi.it\/","name":"Arte e Luoghi","description":"Mensile di arte, cultura, turismo e curiosit\u00e0","publisher":{"@id":"https:\/\/arteeluoghi.it\/#organization"},"potentialAction":[{"@type":"SearchAction","target":{"@type":"EntryPoint","urlTemplate":"https:\/\/arteeluoghi.it\/?s={search_term_string}"},"query-input":"required name=search_term_string"}],"inLanguage":"it-IT"},{"@type":"ImageObject","@id":"https:\/\/arteeluoghi.it\/index.php\/2012\/04\/11\/sette-fotografi-sette-racconti20\/#primaryimage","inLanguage":"it-IT","url":"\/images\/stories\/davide rossi.jpg","contentUrl":"\/images\/stories\/davide rossi.jpg"},{"@type":"WebPage","@id":"https:\/\/arteeluoghi.it\/index.php\/2012\/04\/11\/sette-fotografi-sette-racconti20\/#webpage","url":"https:\/\/arteeluoghi.it\/index.php\/2012\/04\/11\/sette-fotografi-sette-racconti20\/","name":"Sette Fotografi, Sette Racconti | Arte e Luoghi","isPartOf":{"@id":"https:\/\/arteeluoghi.it\/#website"},"primaryImageOfPage":{"@id":"https:\/\/arteeluoghi.it\/index.php\/2012\/04\/11\/sette-fotografi-sette-racconti20\/#primaryimage"},"datePublished":"2012-04-11T09:58:27+00:00","dateModified":"2012-04-11T09:58:27+00:00","breadcrumb":{"@id":"https:\/\/arteeluoghi.it\/index.php\/2012\/04\/11\/sette-fotografi-sette-racconti20\/#breadcrumb"},"inLanguage":"it-IT","potentialAction":[{"@type":"ReadAction","target":["https:\/\/arteeluoghi.it\/index.php\/2012\/04\/11\/sette-fotografi-sette-racconti20\/"]}]},{"@type":"BreadcrumbList","@id":"https:\/\/arteeluoghi.it\/index.php\/2012\/04\/11\/sette-fotografi-sette-racconti20\/#breadcrumb","itemListElement":[{"@type":"ListItem","position":1,"name":"Home","item":"https:\/\/arteeluoghi.it\/"},{"@type":"ListItem","position":2,"name":"Sette Fotografi, Sette Racconti"}]},{"@type":"Article","@id":"https:\/\/arteeluoghi.it\/index.php\/2012\/04\/11\/sette-fotografi-sette-racconti20\/#article","isPartOf":{"@id":"https:\/\/arteeluoghi.it\/index.php\/2012\/04\/11\/sette-fotografi-sette-racconti20\/#webpage"},"author":{"@id":"https:\/\/arteeluoghi.it\/#\/schema\/person\/f84e814e36e91e01448ee07eaadd41d4"},"headline":"Sette Fotografi, Sette Racconti","datePublished":"2012-04-11T09:58:27+00:00","dateModified":"2012-04-11T09:58:27+00:00","mainEntityOfPage":{"@id":"https:\/\/arteeluoghi.it\/index.php\/2012\/04\/11\/sette-fotografi-sette-racconti20\/#webpage"},"wordCount":347,"commentCount":0,"publisher":{"@id":"https:\/\/arteeluoghi.it\/#organization"},"image":{"@id":"https:\/\/arteeluoghi.it\/index.php\/2012\/04\/11\/sette-fotografi-sette-racconti20\/#primaryimage"},"thumbnailUrl":"\/images\/stories\/davide rossi.jpg","articleSection":["Arti visive"],"inLanguage":"it-IT","potentialAction":[{"@type":"CommentAction","name":"Comment","target":["https:\/\/arteeluoghi.it\/index.php\/2012\/04\/11\/sette-fotografi-sette-racconti20\/#respond"]}]},{"@type":"Person","@id":"https:\/\/arteeluoghi.it\/#\/schema\/person\/f84e814e36e91e01448ee07eaadd41d4","name":"Staff","image":{"@type":"ImageObject","@id":"https:\/\/arteeluoghi.it\/#personlogo","inLanguage":"it-IT","url":"https:\/\/secure.gravatar.com\/avatar\/49d2f9e46271bb04e19cebfaf141313a?s=96&d=blank&r=g","contentUrl":"https:\/\/secure.gravatar.com\/avatar\/49d2f9e46271bb04e19cebfaf141313a?s=96&d=blank&r=g","caption":"Staff"}}]}},"_links":{"self":[{"href":"https:\/\/arteeluoghi.it\/index.php\/wp-json\/wp\/v2\/posts\/643"}],"collection":[{"href":"https:\/\/arteeluoghi.it\/index.php\/wp-json\/wp\/v2\/posts"}],"about":[{"href":"https:\/\/arteeluoghi.it\/index.php\/wp-json\/wp\/v2\/types\/post"}],"author":[{"embeddable":true,"href":"https:\/\/arteeluoghi.it\/index.php\/wp-json\/wp\/v2\/users\/1"}],"replies":[{"embeddable":true,"href":"https:\/\/arteeluoghi.it\/index.php\/wp-json\/wp\/v2\/comments?post=643"}],"version-history":[{"count":0,"href":"https:\/\/arteeluoghi.it\/index.php\/wp-json\/wp\/v2\/posts\/643\/revisions"}],"wp:attachment":[{"href":"https:\/\/arteeluoghi.it\/index.php\/wp-json\/wp\/v2\/media?parent=643"}],"wp:term":[{"taxonomy":"category","embeddable":true,"href":"https:\/\/arteeluoghi.it\/index.php\/wp-json\/wp\/v2\/categories?post=643"},{"taxonomy":"post_tag","embeddable":true,"href":"https:\/\/arteeluoghi.it\/index.php\/wp-json\/wp\/v2\/tags?post=643"}],"curies":[{"name":"wp","href":"https:\/\/api.w.org\/{rel}","templated":true}]}}