{"id":645,"date":"2012-04-11T13:48:54","date_gmt":"2012-04-11T11:48:54","guid":{"rendered":"http:\/\/arteeluoghi.it\/index.php\/2012\/04\/11\/le-artigiane-della-stampa\/"},"modified":"2012-04-11T13:48:54","modified_gmt":"2012-04-11T11:48:54","slug":"le-artigiane-della-stampa","status":"publish","type":"post","link":"https:\/\/arteeluoghi.it\/index.php\/2012\/04\/11\/le-artigiane-della-stampa\/","title":{"rendered":"Le artigiane della stampa"},"content":{"rendered":"<p><img src=\"\/images\/stories\/incisione bibliotecadiocesana.jpg\" border=\"0\" width=\"200\" style=\"float: left; margin: 21px;\" \/><\/p>\n<p>\u00a0<\/p>\n<p>Nella Biblioteca Diocesana di Ostuni, dal 14 al 22 aprile 2012, in occasione della XIV Settimana della Cultura<\/p>\n<p><span style=\"font-size: small;\"><strong>Donne che hanno inciso nella storia\u2026<\/strong><\/span><\/p>\n<p>Curata dalle giovani studiose Laura Campa e Maria Grazia Barnaba, sar\u00e0 allestita presso la Biblioteca Diocesana<\/p>\n<p>di Gabriele De Blasi<\/p>\n<p>\u00a0<\/p>\n<p>\u00a0<\/p>\n<p>In occasione della XIV \u201cSettimana della Cultura\u201d, si svolger\u00e0 ad Ostuni, da Sabato 14 a Domenica 22 Aprile, la mostra storico-artistica \u201cDonne che hanno inciso nella storia\u2026\u201d. Sar\u00e0 allestita presso la Biblioteca Diocesana e potr\u00e0 essere visitata tutti i giorni, dalle 9 alle 12 e dalle 17 alle 21. La Biblioteca Diocesana Pubblica \u201cRaffaele Ferrigno\u201d (sede anche dell\u2019Archivio Diocesano), si trova in Largo Cattedrale. Ulteriori informazioni sulla mostra, nonch\u00e9 le modalit\u00e0 per organizzare visite guidate, possono essere ottenute telefonando al numero 0831-301578, scrivendo a biblioteca@bibliotecadiocesanapubblicaostuni.it oppure visitando il sito www.bibliotecadiocesanapubblicaostuni.it.<\/p>\n<p>La mostra intende far conoscere le figure di donne la cui attivit\u00e0 \u00e8 restata in gran parte sconosciuta; eppure, queste vere e proprie \u201cartigiane della stampa\u201d sono state autrici di capolavori dell\u2019arte incisoria, di cui alcuni esempi potranno essere ammirati all\u2019interno di questa mostra. \u201cDonne che hanno inciso nella storia\u2026\u201d sar\u00e0 inaugurata Sabato 14, alle 18.30, con una festa-incontro in cui saranno illustrati i contenuti e gli intenti dell\u2019iniziativa. Alle 18.30 di Domenica 15, all\u2019interno della Mostra, si terr\u00e0 un incontro di poesia con lo scrittore Damiano Leo e lo storico Gaetano Scatigna Minghetti. Mercoled\u00ec 18, alle 19, la mostra ospiter\u00e0 i \u201cMomenti Musicali\u201d curati dalla flautista Beatrice Lotesoriere e dal baritono Carlo Sgura.<\/p>\n<p>  <!--more-->  <br \/>La Biblioteca Diocesana Pubblica \u00e8 nata, come Biblioteca Vescovile, nel 1867: ad istituirla a sue spese fu il vescovo Raffaele Ferrigno, che la volle affinch\u00e9 potesse essere utilizzata in particolare dai giovani studiosi di teologia. Negli anni \u201960 la Biblioteca ha visto accrescere il suo patrimonio con l\u2019aggiunta dei Fondi del Seminario e del Capitolo Cattedrale. Dal 1979 \u00e8 iniziata una sistematica attivit\u00e0 di inventariazione, catalogazione e schedatura di tutto il materiale esistente. La Biblioteca Diocesana \u00e8 stata riaperta al pubblico nel 2001.<\/p>\n<p>\u00a0<\/p>\n<p>\u00a0<\/p>\n<p>La mostra \u201cDonne che hanno inciso nella storia\u2026\u201d \u00e8 curata da Laura Campa e Maria Grazia Barnaba, giovani studiose ostunesi, da anni impegnate in appassionate attivit\u00e0 di riscoperta e valorizzazione dei \u201ctesori culturali\u201d della citt\u00e0 di Ostuni.<\/p>\n<p>Dal 14 al 22 aprile<\/p>\n<p>Biblioteca Diocesana Pubblica &#8220;Raffaele ferrigno&#8221;<\/p>\n<p>Orario di apertura: tutti i giorni dalle 9 alle 12 e dalle 17 alle 21.<\/p>\n","protected":false},"excerpt":{"rendered":"<p>\u00a0 Nella Biblioteca Diocesana di Ostuni, dal 14 al 22 aprile 2012, in occasione della XIV Settimana della Cultura Donne<\/p>\n","protected":false},"author":1,"featured_media":0,"comment_status":"open","ping_status":"open","sticky":false,"template":"","format":"standard","meta":[],"categories":[17],"tags":[],"yoast_head":"<!-- This site is optimized with the Yoast SEO plugin v18.0 - https:\/\/yoast.com\/wordpress\/plugins\/seo\/ -->\n<title>Le artigiane della stampa | Arte e Luoghi<\/title>\n<meta name=\"robots\" content=\"index, follow, max-snippet:-1, max-image-preview:large, max-video-preview:-1\" \/>\n<link rel=\"canonical\" href=\"https:\/\/arteeluoghi.it\/index.php\/2012\/04\/11\/le-artigiane-della-stampa\/\" \/>\n<meta property=\"og:locale\" content=\"it_IT\" \/>\n<meta property=\"og:type\" content=\"article\" \/>\n<meta property=\"og:title\" content=\"Le artigiane della stampa | Arte e Luoghi\" \/>\n<meta property=\"og:description\" content=\"\u00a0 Nella Biblioteca Diocesana di Ostuni, dal 14 al 22 aprile 2012, in occasione della XIV Settimana della Cultura Donne\" \/>\n<meta property=\"og:url\" content=\"https:\/\/arteeluoghi.it\/index.php\/2012\/04\/11\/le-artigiane-della-stampa\/\" \/>\n<meta property=\"og:site_name\" content=\"Arte e Luoghi\" \/>\n<meta property=\"article:publisher\" content=\"https:\/\/www.facebook.com\/ArteELuoghi\/\" \/>\n<meta property=\"article:published_time\" content=\"2012-04-11T11:48:54+00:00\" \/>\n<meta property=\"og:image\" content=\"https:\/\/arteeluoghi.it\/images\/stories\/incisione%20bibliotecadiocesana.jpg\" \/>\n<meta name=\"twitter:card\" content=\"summary\" \/>\n<meta name=\"twitter:creator\" content=\"@arteeluoghi\" \/>\n<meta name=\"twitter:site\" content=\"@arteeluoghi\" \/>\n<meta name=\"twitter:label1\" content=\"Scritto da\" \/>\n\t<meta name=\"twitter:data1\" content=\"Staff\" \/>\n\t<meta name=\"twitter:label2\" content=\"Tempo di lettura stimato\" \/>\n\t<meta name=\"twitter:data2\" content=\"2 minuti\" \/>\n<script type=\"application\/ld+json\" class=\"yoast-schema-graph\">{\"@context\":\"https:\/\/schema.org\",\"@graph\":[{\"@type\":\"Organization\",\"@id\":\"https:\/\/arteeluoghi.it\/#organization\",\"name\":\"Arte e Luoghi\",\"url\":\"https:\/\/arteeluoghi.it\/\",\"sameAs\":[\"https:\/\/www.facebook.com\/ArteELuoghi\/\",\"https:\/\/www.instagram.com\/arteeluoghi\/?hl=it\",\"https:\/\/www.youtube.com\/channel\/UCuRVc4JW4-C5sg9rQB-srkw?view_as=subscriber\",\"https:\/\/twitter.com\/arteeluoghi\"],\"logo\":{\"@type\":\"ImageObject\",\"@id\":\"https:\/\/arteeluoghi.it\/#logo\",\"inLanguage\":\"it-IT\",\"url\":\"https:\/\/arteeluoghi.it\/wp-content\/uploads\/2018\/08\/logoinstagramarte.jpg\",\"contentUrl\":\"https:\/\/arteeluoghi.it\/wp-content\/uploads\/2018\/08\/logoinstagramarte.jpg\",\"width\":150,\"height\":150,\"caption\":\"Arte e Luoghi\"},\"image\":{\"@id\":\"https:\/\/arteeluoghi.it\/#logo\"}},{\"@type\":\"WebSite\",\"@id\":\"https:\/\/arteeluoghi.it\/#website\",\"url\":\"https:\/\/arteeluoghi.it\/\",\"name\":\"Arte e Luoghi\",\"description\":\"Mensile di arte, cultura, turismo e curiosit\u00e0\",\"publisher\":{\"@id\":\"https:\/\/arteeluoghi.it\/#organization\"},\"potentialAction\":[{\"@type\":\"SearchAction\",\"target\":{\"@type\":\"EntryPoint\",\"urlTemplate\":\"https:\/\/arteeluoghi.it\/?s={search_term_string}\"},\"query-input\":\"required name=search_term_string\"}],\"inLanguage\":\"it-IT\"},{\"@type\":\"ImageObject\",\"@id\":\"https:\/\/arteeluoghi.it\/index.php\/2012\/04\/11\/le-artigiane-della-stampa\/#primaryimage\",\"inLanguage\":\"it-IT\",\"url\":\"\/images\/stories\/incisione bibliotecadiocesana.jpg\",\"contentUrl\":\"\/images\/stories\/incisione bibliotecadiocesana.jpg\"},{\"@type\":\"WebPage\",\"@id\":\"https:\/\/arteeluoghi.it\/index.php\/2012\/04\/11\/le-artigiane-della-stampa\/#webpage\",\"url\":\"https:\/\/arteeluoghi.it\/index.php\/2012\/04\/11\/le-artigiane-della-stampa\/\",\"name\":\"Le artigiane della stampa | Arte e Luoghi\",\"isPartOf\":{\"@id\":\"https:\/\/arteeluoghi.it\/#website\"},\"primaryImageOfPage\":{\"@id\":\"https:\/\/arteeluoghi.it\/index.php\/2012\/04\/11\/le-artigiane-della-stampa\/#primaryimage\"},\"datePublished\":\"2012-04-11T11:48:54+00:00\",\"dateModified\":\"2012-04-11T11:48:54+00:00\",\"breadcrumb\":{\"@id\":\"https:\/\/arteeluoghi.it\/index.php\/2012\/04\/11\/le-artigiane-della-stampa\/#breadcrumb\"},\"inLanguage\":\"it-IT\",\"potentialAction\":[{\"@type\":\"ReadAction\",\"target\":[\"https:\/\/arteeluoghi.it\/index.php\/2012\/04\/11\/le-artigiane-della-stampa\/\"]}]},{\"@type\":\"BreadcrumbList\",\"@id\":\"https:\/\/arteeluoghi.it\/index.php\/2012\/04\/11\/le-artigiane-della-stampa\/#breadcrumb\",\"itemListElement\":[{\"@type\":\"ListItem\",\"position\":1,\"name\":\"Home\",\"item\":\"https:\/\/arteeluoghi.it\/\"},{\"@type\":\"ListItem\",\"position\":2,\"name\":\"Le artigiane della stampa\"}]},{\"@type\":\"Article\",\"@id\":\"https:\/\/arteeluoghi.it\/index.php\/2012\/04\/11\/le-artigiane-della-stampa\/#article\",\"isPartOf\":{\"@id\":\"https:\/\/arteeluoghi.it\/index.php\/2012\/04\/11\/le-artigiane-della-stampa\/#webpage\"},\"author\":{\"@id\":\"https:\/\/arteeluoghi.it\/#\/schema\/person\/f84e814e36e91e01448ee07eaadd41d4\"},\"headline\":\"Le artigiane della stampa\",\"datePublished\":\"2012-04-11T11:48:54+00:00\",\"dateModified\":\"2012-04-11T11:48:54+00:00\",\"mainEntityOfPage\":{\"@id\":\"https:\/\/arteeluoghi.it\/index.php\/2012\/04\/11\/le-artigiane-della-stampa\/#webpage\"},\"wordCount\":377,\"commentCount\":0,\"publisher\":{\"@id\":\"https:\/\/arteeluoghi.it\/#organization\"},\"image\":{\"@id\":\"https:\/\/arteeluoghi.it\/index.php\/2012\/04\/11\/le-artigiane-della-stampa\/#primaryimage\"},\"thumbnailUrl\":\"\/images\/stories\/incisione bibliotecadiocesana.jpg\",\"articleSection\":[\"LIBRI\"],\"inLanguage\":\"it-IT\",\"potentialAction\":[{\"@type\":\"CommentAction\",\"name\":\"Comment\",\"target\":[\"https:\/\/arteeluoghi.it\/index.php\/2012\/04\/11\/le-artigiane-della-stampa\/#respond\"]}]},{\"@type\":\"Person\",\"@id\":\"https:\/\/arteeluoghi.it\/#\/schema\/person\/f84e814e36e91e01448ee07eaadd41d4\",\"name\":\"Staff\",\"image\":{\"@type\":\"ImageObject\",\"@id\":\"https:\/\/arteeluoghi.it\/#personlogo\",\"inLanguage\":\"it-IT\",\"url\":\"https:\/\/secure.gravatar.com\/avatar\/49d2f9e46271bb04e19cebfaf141313a?s=96&d=blank&r=g\",\"contentUrl\":\"https:\/\/secure.gravatar.com\/avatar\/49d2f9e46271bb04e19cebfaf141313a?s=96&d=blank&r=g\",\"caption\":\"Staff\"}}]}<\/script>\n<!-- \/ Yoast SEO plugin. -->","yoast_head_json":{"title":"Le artigiane della stampa | Arte e Luoghi","robots":{"index":"index","follow":"follow","max-snippet":"max-snippet:-1","max-image-preview":"max-image-preview:large","max-video-preview":"max-video-preview:-1"},"canonical":"https:\/\/arteeluoghi.it\/index.php\/2012\/04\/11\/le-artigiane-della-stampa\/","og_locale":"it_IT","og_type":"article","og_title":"Le artigiane della stampa | Arte e Luoghi","og_description":"\u00a0 Nella Biblioteca Diocesana di Ostuni, dal 14 al 22 aprile 2012, in occasione della XIV Settimana della Cultura Donne","og_url":"https:\/\/arteeluoghi.it\/index.php\/2012\/04\/11\/le-artigiane-della-stampa\/","og_site_name":"Arte e Luoghi","article_publisher":"https:\/\/www.facebook.com\/ArteELuoghi\/","article_published_time":"2012-04-11T11:48:54+00:00","og_image":[{"url":"https:\/\/arteeluoghi.it\/images\/stories\/incisione bibliotecadiocesana.jpg"}],"twitter_card":"summary","twitter_creator":"@arteeluoghi","twitter_site":"@arteeluoghi","twitter_misc":{"Scritto da":"Staff","Tempo di lettura stimato":"2 minuti"},"schema":{"@context":"https:\/\/schema.org","@graph":[{"@type":"Organization","@id":"https:\/\/arteeluoghi.it\/#organization","name":"Arte e Luoghi","url":"https:\/\/arteeluoghi.it\/","sameAs":["https:\/\/www.facebook.com\/ArteELuoghi\/","https:\/\/www.instagram.com\/arteeluoghi\/?hl=it","https:\/\/www.youtube.com\/channel\/UCuRVc4JW4-C5sg9rQB-srkw?view_as=subscriber","https:\/\/twitter.com\/arteeluoghi"],"logo":{"@type":"ImageObject","@id":"https:\/\/arteeluoghi.it\/#logo","inLanguage":"it-IT","url":"https:\/\/arteeluoghi.it\/wp-content\/uploads\/2018\/08\/logoinstagramarte.jpg","contentUrl":"https:\/\/arteeluoghi.it\/wp-content\/uploads\/2018\/08\/logoinstagramarte.jpg","width":150,"height":150,"caption":"Arte e Luoghi"},"image":{"@id":"https:\/\/arteeluoghi.it\/#logo"}},{"@type":"WebSite","@id":"https:\/\/arteeluoghi.it\/#website","url":"https:\/\/arteeluoghi.it\/","name":"Arte e Luoghi","description":"Mensile di arte, cultura, turismo e curiosit\u00e0","publisher":{"@id":"https:\/\/arteeluoghi.it\/#organization"},"potentialAction":[{"@type":"SearchAction","target":{"@type":"EntryPoint","urlTemplate":"https:\/\/arteeluoghi.it\/?s={search_term_string}"},"query-input":"required name=search_term_string"}],"inLanguage":"it-IT"},{"@type":"ImageObject","@id":"https:\/\/arteeluoghi.it\/index.php\/2012\/04\/11\/le-artigiane-della-stampa\/#primaryimage","inLanguage":"it-IT","url":"\/images\/stories\/incisione bibliotecadiocesana.jpg","contentUrl":"\/images\/stories\/incisione bibliotecadiocesana.jpg"},{"@type":"WebPage","@id":"https:\/\/arteeluoghi.it\/index.php\/2012\/04\/11\/le-artigiane-della-stampa\/#webpage","url":"https:\/\/arteeluoghi.it\/index.php\/2012\/04\/11\/le-artigiane-della-stampa\/","name":"Le artigiane della stampa | Arte e Luoghi","isPartOf":{"@id":"https:\/\/arteeluoghi.it\/#website"},"primaryImageOfPage":{"@id":"https:\/\/arteeluoghi.it\/index.php\/2012\/04\/11\/le-artigiane-della-stampa\/#primaryimage"},"datePublished":"2012-04-11T11:48:54+00:00","dateModified":"2012-04-11T11:48:54+00:00","breadcrumb":{"@id":"https:\/\/arteeluoghi.it\/index.php\/2012\/04\/11\/le-artigiane-della-stampa\/#breadcrumb"},"inLanguage":"it-IT","potentialAction":[{"@type":"ReadAction","target":["https:\/\/arteeluoghi.it\/index.php\/2012\/04\/11\/le-artigiane-della-stampa\/"]}]},{"@type":"BreadcrumbList","@id":"https:\/\/arteeluoghi.it\/index.php\/2012\/04\/11\/le-artigiane-della-stampa\/#breadcrumb","itemListElement":[{"@type":"ListItem","position":1,"name":"Home","item":"https:\/\/arteeluoghi.it\/"},{"@type":"ListItem","position":2,"name":"Le artigiane della stampa"}]},{"@type":"Article","@id":"https:\/\/arteeluoghi.it\/index.php\/2012\/04\/11\/le-artigiane-della-stampa\/#article","isPartOf":{"@id":"https:\/\/arteeluoghi.it\/index.php\/2012\/04\/11\/le-artigiane-della-stampa\/#webpage"},"author":{"@id":"https:\/\/arteeluoghi.it\/#\/schema\/person\/f84e814e36e91e01448ee07eaadd41d4"},"headline":"Le artigiane della stampa","datePublished":"2012-04-11T11:48:54+00:00","dateModified":"2012-04-11T11:48:54+00:00","mainEntityOfPage":{"@id":"https:\/\/arteeluoghi.it\/index.php\/2012\/04\/11\/le-artigiane-della-stampa\/#webpage"},"wordCount":377,"commentCount":0,"publisher":{"@id":"https:\/\/arteeluoghi.it\/#organization"},"image":{"@id":"https:\/\/arteeluoghi.it\/index.php\/2012\/04\/11\/le-artigiane-della-stampa\/#primaryimage"},"thumbnailUrl":"\/images\/stories\/incisione bibliotecadiocesana.jpg","articleSection":["LIBRI"],"inLanguage":"it-IT","potentialAction":[{"@type":"CommentAction","name":"Comment","target":["https:\/\/arteeluoghi.it\/index.php\/2012\/04\/11\/le-artigiane-della-stampa\/#respond"]}]},{"@type":"Person","@id":"https:\/\/arteeluoghi.it\/#\/schema\/person\/f84e814e36e91e01448ee07eaadd41d4","name":"Staff","image":{"@type":"ImageObject","@id":"https:\/\/arteeluoghi.it\/#personlogo","inLanguage":"it-IT","url":"https:\/\/secure.gravatar.com\/avatar\/49d2f9e46271bb04e19cebfaf141313a?s=96&d=blank&r=g","contentUrl":"https:\/\/secure.gravatar.com\/avatar\/49d2f9e46271bb04e19cebfaf141313a?s=96&d=blank&r=g","caption":"Staff"}}]}},"_links":{"self":[{"href":"https:\/\/arteeluoghi.it\/index.php\/wp-json\/wp\/v2\/posts\/645"}],"collection":[{"href":"https:\/\/arteeluoghi.it\/index.php\/wp-json\/wp\/v2\/posts"}],"about":[{"href":"https:\/\/arteeluoghi.it\/index.php\/wp-json\/wp\/v2\/types\/post"}],"author":[{"embeddable":true,"href":"https:\/\/arteeluoghi.it\/index.php\/wp-json\/wp\/v2\/users\/1"}],"replies":[{"embeddable":true,"href":"https:\/\/arteeluoghi.it\/index.php\/wp-json\/wp\/v2\/comments?post=645"}],"version-history":[{"count":0,"href":"https:\/\/arteeluoghi.it\/index.php\/wp-json\/wp\/v2\/posts\/645\/revisions"}],"wp:attachment":[{"href":"https:\/\/arteeluoghi.it\/index.php\/wp-json\/wp\/v2\/media?parent=645"}],"wp:term":[{"taxonomy":"category","embeddable":true,"href":"https:\/\/arteeluoghi.it\/index.php\/wp-json\/wp\/v2\/categories?post=645"},{"taxonomy":"post_tag","embeddable":true,"href":"https:\/\/arteeluoghi.it\/index.php\/wp-json\/wp\/v2\/tags?post=645"}],"curies":[{"name":"wp","href":"https:\/\/api.w.org\/{rel}","templated":true}]}}