{"id":6508,"date":"2019-02-10T22:29:05","date_gmt":"2019-02-10T21:29:05","guid":{"rendered":"https:\/\/arteeluoghi.it\/?p=6508"},"modified":"2019-02-10T22:29:48","modified_gmt":"2019-02-10T21:29:48","slug":"6508","status":"publish","type":"post","link":"https:\/\/arteeluoghi.it\/index.php\/2019\/02\/10\/6508\/","title":{"rendered":"Casa vuota. A destra, secondo piano"},"content":{"rendered":"<p><img loading=\"lazy\" class=\"size-medium wp-image-6510 alignleft\" src=\"https:\/\/arteeluoghi.it\/wp-content\/uploads\/2019\/02\/Patrizia-Piarulli-media-169x300.jpg\" alt=\"\" width=\"169\" height=\"300\" srcset=\"https:\/\/arteeluoghi.it\/wp-content\/uploads\/2019\/02\/Patrizia-Piarulli-media-169x300.jpg 169w, https:\/\/arteeluoghi.it\/wp-content\/uploads\/2019\/02\/Patrizia-Piarulli-media-768x1365.jpg 768w, https:\/\/arteeluoghi.it\/wp-content\/uploads\/2019\/02\/Patrizia-Piarulli-media-576x1024.jpg 576w, https:\/\/arteeluoghi.it\/wp-content\/uploads\/2019\/02\/Patrizia-Piarulli-media.jpg 1701w\" sizes=\"(max-width: 169px) 100vw, 169px\" \/><\/p>\n<p>ROMA.\u00a0\u201cA destra, secondo piano\u201d: \u00e8 questa la frase che si sentono rispondere i visitatori di Casa Vuota ogni volta che citofonano all\u2019interno 4A del numero 12 di via Maia a Roma. L\u2019indicazione, utile per non sbagliare scala, \u00e8 la stessa che si darebbe agli invitati se ci fosse una festa nell\u2019appartamento e per questo <strong>\u201cA destra, secondo piano\u201d<\/strong> \u00e8 anche il titolo scelto per una mostra di Casa Vuota che proprio al <strong>tema della festa<\/strong> si ispira, mettendo in dialogo nello spazio espositivo domestico del Quadraro le opere delle artiste <strong>Natascia Abbattista<\/strong> (Varese, 1977), <strong>Mariantonietta Bagliato<\/strong> (Bari, 1985) e <strong>Patrizia Piarulli<\/strong> (Trani, 1977), con la <strong>curatela di Santa Nastro<\/strong>.<u>La mostra inaugura sabato 16 febbraio alle ore 18:30 e resta aperta fino al 31 marzo, visitabile su appuntamento<\/u>. Se il tema della mostra \u00e8 la festa, allora l\u2019inaugurazione non pu\u00f2 essere un\u2019inaugurazione qualsiasi, ma sar\u00e0 un vero e proprio party scandito dai ritmi swing, rock\u2019n\u2019roll e beat italiani degli anni Sessanta del <strong>dj set di<\/strong> <strong>Misspia<\/strong>, nome da dj con cui \u00e8 conosciuta Patrizia Piarulli. In occasione dell\u2019inaugurazione inoltre Natascia Abbattista presenta una <strong>performance dal titolo \u201cCiao come stai?\u201d<\/strong> in collaborazione con <strong>Loredana Savino<\/strong>, cantante e performer vocale.<\/p>\n<p>&nbsp;<\/p>\n<p><!--more-->La mostra rievoca le memorie che tutti conserviamo delle feste in casa che hanno attraversato la nostra vita: dalle serate danzanti col grammofono che hanno fatto ballare i nonni, ai ritrovi di compleanno dell\u2019infanzia, fino ai primi baci strappati su un divano nell\u2019adolescenza e ai momenti pi\u00f9 posati dell\u2019et\u00e0 adulta. Le artiste ripercorrono questi diversi momenti concentrandosi su cosa accade quando la festa finisce. Ci\u00f2 che prima era gioioso e colorato, rumoroso e affollato si intristisce, impallidisce, diventa silenzioso e vuoto. La malinconia delle tracce e dei resti che si accumulano diventa un\u2019allegoria della vita stessa e sottolinea la precariet\u00e0 e l\u2019inafferrabilit\u00e0 di ogni istante. La festa finita, di cui cerchiamo a tutti i costi di trattenere uno scintillio sfocato, diventa inoltre la metafora di una \u201cgenerazione post-party\u201d che vive nell\u2019incertezza e nell\u2019assurdit\u00e0 di un presente sempre pi\u00f9 complesso, fra i detriti di una grande sbornia, di un\u2019illusione collettiva.<\/p>\n<p>&nbsp;<\/p>\n<p><img loading=\"lazy\" class=\"size-medium wp-image-6511 alignleft\" src=\"https:\/\/arteeluoghi.it\/wp-content\/uploads\/2019\/02\/Natascia-Abbattista-media9-200x300.jpg\" alt=\"\" width=\"200\" height=\"300\" srcset=\"https:\/\/arteeluoghi.it\/wp-content\/uploads\/2019\/02\/Natascia-Abbattista-media9-200x300.jpg 200w, https:\/\/arteeluoghi.it\/wp-content\/uploads\/2019\/02\/Natascia-Abbattista-media9-768x1152.jpg 768w, https:\/\/arteeluoghi.it\/wp-content\/uploads\/2019\/02\/Natascia-Abbattista-media9-683x1024.jpg 683w, https:\/\/arteeluoghi.it\/wp-content\/uploads\/2019\/02\/Natascia-Abbattista-media9.jpg 1417w\" sizes=\"(max-width: 200px) 100vw, 200px\" \/>Concepito appositamente per lo spazio, il progetto espositivo di \u201cA destra, secondo piano\u201d porta le opere a sintonizzarsi sul rumore di fondo co<\/p>\n<p>stituito dai segni delle storie, delle persone e degli artisti che hanno di volta in volta abitato Casa Vuota, che restano ben impressi sulle pareti.<\/p>\n<p>&nbsp;<\/p>\n<p><strong>Natascia Abbattista<\/strong> presenta l\u2019opera \u201cSad Party \/ Festa Triste\u201d, composta di cinque immagini fotografiche con interventi materici, autoscatti che raccontano il tema della festa attraverso il volto di un invitato, viso che, tuttavia, appare celato da una maschera triste. L\u2019artista rielabora il tema del travestimento di pirandelliana memoria, portando alla luce il grottesco che nascondiamo nella quotidiana finzione della vita. Il pubblico stesso pu\u00f2 interagire con l\u2019opera indossando le maschere protagoniste delle fotografie, che l\u2019artista mette a disposizione all\u2019ingresso.<\/p>\n<p>&nbsp;<\/p>\n<p><strong>Mariantonietta Bagliato<\/strong> invade lo spazio con grandi installazioni in stoffa, all\u2019apparenza ludiche ma in realt\u00e0 caratterizzate da un retrogusto inquietante, invitando gli spettatori a sdraiarsi su una grande \u201cMano\u201d appoggiata morbidamente al pavimento o a giocare con palloncini che, per le tinte e le decorazioni tristi che li caratterizzano, vedono stemperato il loro potenziale festoso. L\u2019artista presenta inoltre un\u2019installazione in forma di teatrino con il video \u201cThe Puppettier\u201d, sequenza filmata di una vera festa di compleanno della sua infanzia che documenta il primo spettacolo di marionette messo in scena dalla madre, marionettista praghese.<\/p>\n<p>&nbsp;<\/p>\n<figure id=\"attachment_6509\" aria-describedby=\"caption-attachment-6509\" style=\"width: 225px\" class=\"wp-caption alignright\"><img loading=\"lazy\" class=\"size-medium wp-image-6509\" src=\"https:\/\/arteeluoghi.it\/wp-content\/uploads\/2019\/02\/Mariantonietta-Bagliato-media-225x300.jpg\" alt=\"\" width=\"225\" height=\"300\" srcset=\"https:\/\/arteeluoghi.it\/wp-content\/uploads\/2019\/02\/Mariantonietta-Bagliato-media-225x300.jpg 225w, https:\/\/arteeluoghi.it\/wp-content\/uploads\/2019\/02\/Mariantonietta-Bagliato-media-768x1024.jpg 768w, https:\/\/arteeluoghi.it\/wp-content\/uploads\/2019\/02\/Mariantonietta-Bagliato-media.jpg 1417w\" sizes=\"(max-width: 225px) 100vw, 225px\" \/><figcaption id=\"caption-attachment-6509\" class=\"wp-caption-text\">cof<\/figcaption><\/figure>\n<p><strong>P<\/strong><strong>atrizia Piarulli<\/strong> costruisce i suoi interventi su misura per gli spazi della casa, realizzando una serie di oggetti di uso comune e di suppellettili che vanno a colmarne i vuoi e sui quali si registrano le testimonianze delle feste che furono: ricami su tende grandi e piccole (\u201cMy father and the American\u201d, \u201cDancing Cousins\u201d), asciugamani (\u201cDaddy Mercury\u201d), lampade (\u201cOh, Sablin\u201d), cuscini, superfici ornate da scene di festa, balli e momenti di vita familiare. Un campionario di immagini vintage, di sapore nostalgico, consegna al pubblico l\u2019ideale di un mondo che non c\u2019\u00e8 pi\u00f9 e che sar\u00e0 possibile ritrovare negli ambienti della mostra.<\/p>\n<p>\u00c8 l\u2019incomunicabilit\u00e0, infine, il tema della performance \u201cCiao come stai?\u201d di Natascia Abbattista e Loredana Savino. Le artiste inscenano un dialogo tra due invitati, che altro non \u00e8 se non l\u2019accostamento di due monologhi senza possibilit\u00e0 di ascolto e di interazione. L\u2019effetto di nonsense viene accentuato dalla ripetizione delle frasi che, accavallandosi e accumulandosi, vanno a creare un grande frastuono, cancellando definitivamente qualsiasi spiraglio comunicativo.<\/p>\n<p>(fonte: comunicato stampa)<\/p>\n<p>&nbsp;<\/p>\n<p><strong>A DESTRA, SECONDO PIANO<\/strong><\/p>\n<p><strong>NATASCIA ABBATTISTA<\/strong><\/p>\n<p><strong>MARIANTONIETTA BAGLIATO<\/strong><\/p>\n<p><strong>PATRIZIA PIARULLI<\/strong><\/p>\n<p><em>Una mostra a cura di Santa Nastro<\/em><\/p>\n<p><strong><u>Roma, Casa Vuota (via Maia 12, int. 4A)<\/u><\/strong><\/p>\n<p>16 febbraio \u2013 31 marzo 2019<\/p>\n<p>Inaugurazione: sabato 16 febbraio 2019, ore 18:30<\/p>\n<p>&nbsp;<\/p>\n","protected":false},"excerpt":{"rendered":"<p>ROMA.\u00a0\u201cA destra, secondo piano\u201d: \u00e8 questa la frase che si sentono rispondere i visitatori di Casa Vuota ogni volta che<\/p>\n","protected":false},"author":1,"featured_media":6509,"comment_status":"open","ping_status":"open","sticky":true,"template":"","format":"standard","meta":[],"categories":[27,3],"tags":[644,1506],"yoast_head":"<!-- This site is optimized with the Yoast SEO plugin v18.0 - https:\/\/yoast.com\/wordpress\/plugins\/seo\/ -->\n<title>Casa vuota. A destra, secondo piano | Arte e Luoghi<\/title>\n<meta name=\"robots\" content=\"index, follow, max-snippet:-1, max-image-preview:large, max-video-preview:-1\" \/>\n<link rel=\"canonical\" href=\"https:\/\/arteeluoghi.it\/index.php\/2019\/02\/10\/6508\/\" \/>\n<meta property=\"og:locale\" content=\"it_IT\" \/>\n<meta property=\"og:type\" content=\"article\" \/>\n<meta property=\"og:title\" content=\"Casa vuota. A destra, secondo piano | Arte e Luoghi\" \/>\n<meta property=\"og:description\" content=\"ROMA.\u00a0\u201cA destra, secondo piano\u201d: \u00e8 questa la frase che si sentono rispondere i visitatori di Casa Vuota ogni volta che\" \/>\n<meta property=\"og:url\" content=\"https:\/\/arteeluoghi.it\/index.php\/2019\/02\/10\/6508\/\" \/>\n<meta property=\"og:site_name\" content=\"Arte e Luoghi\" \/>\n<meta property=\"article:publisher\" content=\"https:\/\/www.facebook.com\/ArteELuoghi\/\" \/>\n<meta property=\"article:published_time\" content=\"2019-02-10T21:29:05+00:00\" \/>\n<meta property=\"article:modified_time\" content=\"2019-02-10T21:29:48+00:00\" \/>\n<meta property=\"og:image\" content=\"https:\/\/arteeluoghi.it\/wp-content\/uploads\/2019\/02\/Mariantonietta-Bagliato-media.jpg\" \/>\n\t<meta property=\"og:image:width\" content=\"1417\" \/>\n\t<meta property=\"og:image:height\" content=\"1889\" \/>\n\t<meta property=\"og:image:type\" content=\"image\/jpeg\" \/>\n<meta name=\"twitter:card\" content=\"summary\" \/>\n<meta name=\"twitter:creator\" content=\"@arteeluoghi\" \/>\n<meta name=\"twitter:site\" content=\"@arteeluoghi\" \/>\n<meta name=\"twitter:label1\" content=\"Scritto da\" \/>\n\t<meta name=\"twitter:data1\" content=\"Staff\" \/>\n\t<meta name=\"twitter:label2\" content=\"Tempo di lettura stimato\" \/>\n\t<meta name=\"twitter:data2\" content=\"4 minuti\" \/>\n<script type=\"application\/ld+json\" class=\"yoast-schema-graph\">{\"@context\":\"https:\/\/schema.org\",\"@graph\":[{\"@type\":\"Organization\",\"@id\":\"https:\/\/arteeluoghi.it\/#organization\",\"name\":\"Arte e Luoghi\",\"url\":\"https:\/\/arteeluoghi.it\/\",\"sameAs\":[\"https:\/\/www.facebook.com\/ArteELuoghi\/\",\"https:\/\/www.instagram.com\/arteeluoghi\/?hl=it\",\"https:\/\/www.youtube.com\/channel\/UCuRVc4JW4-C5sg9rQB-srkw?view_as=subscriber\",\"https:\/\/twitter.com\/arteeluoghi\"],\"logo\":{\"@type\":\"ImageObject\",\"@id\":\"https:\/\/arteeluoghi.it\/#logo\",\"inLanguage\":\"it-IT\",\"url\":\"https:\/\/arteeluoghi.it\/wp-content\/uploads\/2018\/08\/logoinstagramarte.jpg\",\"contentUrl\":\"https:\/\/arteeluoghi.it\/wp-content\/uploads\/2018\/08\/logoinstagramarte.jpg\",\"width\":150,\"height\":150,\"caption\":\"Arte e Luoghi\"},\"image\":{\"@id\":\"https:\/\/arteeluoghi.it\/#logo\"}},{\"@type\":\"WebSite\",\"@id\":\"https:\/\/arteeluoghi.it\/#website\",\"url\":\"https:\/\/arteeluoghi.it\/\",\"name\":\"Arte e Luoghi\",\"description\":\"Mensile di arte, cultura, turismo e curiosit\u00e0\",\"publisher\":{\"@id\":\"https:\/\/arteeluoghi.it\/#organization\"},\"potentialAction\":[{\"@type\":\"SearchAction\",\"target\":{\"@type\":\"EntryPoint\",\"urlTemplate\":\"https:\/\/arteeluoghi.it\/?s={search_term_string}\"},\"query-input\":\"required name=search_term_string\"}],\"inLanguage\":\"it-IT\"},{\"@type\":\"ImageObject\",\"@id\":\"https:\/\/arteeluoghi.it\/index.php\/2019\/02\/10\/6508\/#primaryimage\",\"inLanguage\":\"it-IT\",\"url\":\"https:\/\/arteeluoghi.it\/wp-content\/uploads\/2019\/02\/Mariantonietta-Bagliato-media.jpg\",\"contentUrl\":\"https:\/\/arteeluoghi.it\/wp-content\/uploads\/2019\/02\/Mariantonietta-Bagliato-media.jpg\",\"width\":1417,\"height\":1889,\"caption\":\"cof\"},{\"@type\":\"WebPage\",\"@id\":\"https:\/\/arteeluoghi.it\/index.php\/2019\/02\/10\/6508\/#webpage\",\"url\":\"https:\/\/arteeluoghi.it\/index.php\/2019\/02\/10\/6508\/\",\"name\":\"Casa vuota. A destra, secondo piano | Arte e Luoghi\",\"isPartOf\":{\"@id\":\"https:\/\/arteeluoghi.it\/#website\"},\"primaryImageOfPage\":{\"@id\":\"https:\/\/arteeluoghi.it\/index.php\/2019\/02\/10\/6508\/#primaryimage\"},\"datePublished\":\"2019-02-10T21:29:05+00:00\",\"dateModified\":\"2019-02-10T21:29:48+00:00\",\"breadcrumb\":{\"@id\":\"https:\/\/arteeluoghi.it\/index.php\/2019\/02\/10\/6508\/#breadcrumb\"},\"inLanguage\":\"it-IT\",\"potentialAction\":[{\"@type\":\"ReadAction\",\"target\":[\"https:\/\/arteeluoghi.it\/index.php\/2019\/02\/10\/6508\/\"]}]},{\"@type\":\"BreadcrumbList\",\"@id\":\"https:\/\/arteeluoghi.it\/index.php\/2019\/02\/10\/6508\/#breadcrumb\",\"itemListElement\":[{\"@type\":\"ListItem\",\"position\":1,\"name\":\"Home\",\"item\":\"https:\/\/arteeluoghi.it\/\"},{\"@type\":\"ListItem\",\"position\":2,\"name\":\"Casa vuota. A destra, secondo piano\"}]},{\"@type\":\"Article\",\"@id\":\"https:\/\/arteeluoghi.it\/index.php\/2019\/02\/10\/6508\/#article\",\"isPartOf\":{\"@id\":\"https:\/\/arteeluoghi.it\/index.php\/2019\/02\/10\/6508\/#webpage\"},\"author\":{\"@id\":\"https:\/\/arteeluoghi.it\/#\/schema\/person\/f84e814e36e91e01448ee07eaadd41d4\"},\"headline\":\"Casa vuota. A destra, secondo piano\",\"datePublished\":\"2019-02-10T21:29:05+00:00\",\"dateModified\":\"2019-02-10T21:29:48+00:00\",\"mainEntityOfPage\":{\"@id\":\"https:\/\/arteeluoghi.it\/index.php\/2019\/02\/10\/6508\/#webpage\"},\"wordCount\":801,\"commentCount\":0,\"publisher\":{\"@id\":\"https:\/\/arteeluoghi.it\/#organization\"},\"image\":{\"@id\":\"https:\/\/arteeluoghi.it\/index.php\/2019\/02\/10\/6508\/#primaryimage\"},\"thumbnailUrl\":\"https:\/\/arteeluoghi.it\/wp-content\/uploads\/2019\/02\/Mariantonietta-Bagliato-media.jpg\",\"keywords\":[\"Casa Vuota\",\"NATASCIA ABBATTISTA MARIANTONIETTA BAGLIATO PATRIZIA PIARULLI\"],\"articleSection\":[\"Arte\",\"Arti visive\"],\"inLanguage\":\"it-IT\",\"potentialAction\":[{\"@type\":\"CommentAction\",\"name\":\"Comment\",\"target\":[\"https:\/\/arteeluoghi.it\/index.php\/2019\/02\/10\/6508\/#respond\"]}]},{\"@type\":\"Person\",\"@id\":\"https:\/\/arteeluoghi.it\/#\/schema\/person\/f84e814e36e91e01448ee07eaadd41d4\",\"name\":\"Staff\",\"image\":{\"@type\":\"ImageObject\",\"@id\":\"https:\/\/arteeluoghi.it\/#personlogo\",\"inLanguage\":\"it-IT\",\"url\":\"https:\/\/secure.gravatar.com\/avatar\/49d2f9e46271bb04e19cebfaf141313a?s=96&d=blank&r=g\",\"contentUrl\":\"https:\/\/secure.gravatar.com\/avatar\/49d2f9e46271bb04e19cebfaf141313a?s=96&d=blank&r=g\",\"caption\":\"Staff\"}}]}<\/script>\n<!-- \/ Yoast SEO plugin. -->","yoast_head_json":{"title":"Casa vuota. A destra, secondo piano | Arte e Luoghi","robots":{"index":"index","follow":"follow","max-snippet":"max-snippet:-1","max-image-preview":"max-image-preview:large","max-video-preview":"max-video-preview:-1"},"canonical":"https:\/\/arteeluoghi.it\/index.php\/2019\/02\/10\/6508\/","og_locale":"it_IT","og_type":"article","og_title":"Casa vuota. A destra, secondo piano | Arte e Luoghi","og_description":"ROMA.\u00a0\u201cA destra, secondo piano\u201d: \u00e8 questa la frase che si sentono rispondere i visitatori di Casa Vuota ogni volta che","og_url":"https:\/\/arteeluoghi.it\/index.php\/2019\/02\/10\/6508\/","og_site_name":"Arte e Luoghi","article_publisher":"https:\/\/www.facebook.com\/ArteELuoghi\/","article_published_time":"2019-02-10T21:29:05+00:00","article_modified_time":"2019-02-10T21:29:48+00:00","og_image":[{"width":1417,"height":1889,"url":"https:\/\/arteeluoghi.it\/wp-content\/uploads\/2019\/02\/Mariantonietta-Bagliato-media.jpg","type":"image\/jpeg"}],"twitter_card":"summary","twitter_creator":"@arteeluoghi","twitter_site":"@arteeluoghi","twitter_misc":{"Scritto da":"Staff","Tempo di lettura stimato":"4 minuti"},"schema":{"@context":"https:\/\/schema.org","@graph":[{"@type":"Organization","@id":"https:\/\/arteeluoghi.it\/#organization","name":"Arte e Luoghi","url":"https:\/\/arteeluoghi.it\/","sameAs":["https:\/\/www.facebook.com\/ArteELuoghi\/","https:\/\/www.instagram.com\/arteeluoghi\/?hl=it","https:\/\/www.youtube.com\/channel\/UCuRVc4JW4-C5sg9rQB-srkw?view_as=subscriber","https:\/\/twitter.com\/arteeluoghi"],"logo":{"@type":"ImageObject","@id":"https:\/\/arteeluoghi.it\/#logo","inLanguage":"it-IT","url":"https:\/\/arteeluoghi.it\/wp-content\/uploads\/2018\/08\/logoinstagramarte.jpg","contentUrl":"https:\/\/arteeluoghi.it\/wp-content\/uploads\/2018\/08\/logoinstagramarte.jpg","width":150,"height":150,"caption":"Arte e Luoghi"},"image":{"@id":"https:\/\/arteeluoghi.it\/#logo"}},{"@type":"WebSite","@id":"https:\/\/arteeluoghi.it\/#website","url":"https:\/\/arteeluoghi.it\/","name":"Arte e Luoghi","description":"Mensile di arte, cultura, turismo e curiosit\u00e0","publisher":{"@id":"https:\/\/arteeluoghi.it\/#organization"},"potentialAction":[{"@type":"SearchAction","target":{"@type":"EntryPoint","urlTemplate":"https:\/\/arteeluoghi.it\/?s={search_term_string}"},"query-input":"required name=search_term_string"}],"inLanguage":"it-IT"},{"@type":"ImageObject","@id":"https:\/\/arteeluoghi.it\/index.php\/2019\/02\/10\/6508\/#primaryimage","inLanguage":"it-IT","url":"https:\/\/arteeluoghi.it\/wp-content\/uploads\/2019\/02\/Mariantonietta-Bagliato-media.jpg","contentUrl":"https:\/\/arteeluoghi.it\/wp-content\/uploads\/2019\/02\/Mariantonietta-Bagliato-media.jpg","width":1417,"height":1889,"caption":"cof"},{"@type":"WebPage","@id":"https:\/\/arteeluoghi.it\/index.php\/2019\/02\/10\/6508\/#webpage","url":"https:\/\/arteeluoghi.it\/index.php\/2019\/02\/10\/6508\/","name":"Casa vuota. A destra, secondo piano | Arte e Luoghi","isPartOf":{"@id":"https:\/\/arteeluoghi.it\/#website"},"primaryImageOfPage":{"@id":"https:\/\/arteeluoghi.it\/index.php\/2019\/02\/10\/6508\/#primaryimage"},"datePublished":"2019-02-10T21:29:05+00:00","dateModified":"2019-02-10T21:29:48+00:00","breadcrumb":{"@id":"https:\/\/arteeluoghi.it\/index.php\/2019\/02\/10\/6508\/#breadcrumb"},"inLanguage":"it-IT","potentialAction":[{"@type":"ReadAction","target":["https:\/\/arteeluoghi.it\/index.php\/2019\/02\/10\/6508\/"]}]},{"@type":"BreadcrumbList","@id":"https:\/\/arteeluoghi.it\/index.php\/2019\/02\/10\/6508\/#breadcrumb","itemListElement":[{"@type":"ListItem","position":1,"name":"Home","item":"https:\/\/arteeluoghi.it\/"},{"@type":"ListItem","position":2,"name":"Casa vuota. A destra, secondo piano"}]},{"@type":"Article","@id":"https:\/\/arteeluoghi.it\/index.php\/2019\/02\/10\/6508\/#article","isPartOf":{"@id":"https:\/\/arteeluoghi.it\/index.php\/2019\/02\/10\/6508\/#webpage"},"author":{"@id":"https:\/\/arteeluoghi.it\/#\/schema\/person\/f84e814e36e91e01448ee07eaadd41d4"},"headline":"Casa vuota. A destra, secondo piano","datePublished":"2019-02-10T21:29:05+00:00","dateModified":"2019-02-10T21:29:48+00:00","mainEntityOfPage":{"@id":"https:\/\/arteeluoghi.it\/index.php\/2019\/02\/10\/6508\/#webpage"},"wordCount":801,"commentCount":0,"publisher":{"@id":"https:\/\/arteeluoghi.it\/#organization"},"image":{"@id":"https:\/\/arteeluoghi.it\/index.php\/2019\/02\/10\/6508\/#primaryimage"},"thumbnailUrl":"https:\/\/arteeluoghi.it\/wp-content\/uploads\/2019\/02\/Mariantonietta-Bagliato-media.jpg","keywords":["Casa Vuota","NATASCIA ABBATTISTA MARIANTONIETTA BAGLIATO PATRIZIA PIARULLI"],"articleSection":["Arte","Arti visive"],"inLanguage":"it-IT","potentialAction":[{"@type":"CommentAction","name":"Comment","target":["https:\/\/arteeluoghi.it\/index.php\/2019\/02\/10\/6508\/#respond"]}]},{"@type":"Person","@id":"https:\/\/arteeluoghi.it\/#\/schema\/person\/f84e814e36e91e01448ee07eaadd41d4","name":"Staff","image":{"@type":"ImageObject","@id":"https:\/\/arteeluoghi.it\/#personlogo","inLanguage":"it-IT","url":"https:\/\/secure.gravatar.com\/avatar\/49d2f9e46271bb04e19cebfaf141313a?s=96&d=blank&r=g","contentUrl":"https:\/\/secure.gravatar.com\/avatar\/49d2f9e46271bb04e19cebfaf141313a?s=96&d=blank&r=g","caption":"Staff"}}]}},"_links":{"self":[{"href":"https:\/\/arteeluoghi.it\/index.php\/wp-json\/wp\/v2\/posts\/6508"}],"collection":[{"href":"https:\/\/arteeluoghi.it\/index.php\/wp-json\/wp\/v2\/posts"}],"about":[{"href":"https:\/\/arteeluoghi.it\/index.php\/wp-json\/wp\/v2\/types\/post"}],"author":[{"embeddable":true,"href":"https:\/\/arteeluoghi.it\/index.php\/wp-json\/wp\/v2\/users\/1"}],"replies":[{"embeddable":true,"href":"https:\/\/arteeluoghi.it\/index.php\/wp-json\/wp\/v2\/comments?post=6508"}],"version-history":[{"count":2,"href":"https:\/\/arteeluoghi.it\/index.php\/wp-json\/wp\/v2\/posts\/6508\/revisions"}],"predecessor-version":[{"id":6513,"href":"https:\/\/arteeluoghi.it\/index.php\/wp-json\/wp\/v2\/posts\/6508\/revisions\/6513"}],"wp:featuredmedia":[{"embeddable":true,"href":"https:\/\/arteeluoghi.it\/index.php\/wp-json\/wp\/v2\/media\/6509"}],"wp:attachment":[{"href":"https:\/\/arteeluoghi.it\/index.php\/wp-json\/wp\/v2\/media?parent=6508"}],"wp:term":[{"taxonomy":"category","embeddable":true,"href":"https:\/\/arteeluoghi.it\/index.php\/wp-json\/wp\/v2\/categories?post=6508"},{"taxonomy":"post_tag","embeddable":true,"href":"https:\/\/arteeluoghi.it\/index.php\/wp-json\/wp\/v2\/tags?post=6508"}],"curies":[{"name":"wp","href":"https:\/\/api.w.org\/{rel}","templated":true}]}}