{"id":651,"date":"2012-04-15T23:00:00","date_gmt":"2012-04-15T21:00:00","guid":{"rendered":"http:\/\/arteeluoghi.it\/index.php\/2012\/04\/15\/a-lecce-il-festival-del-cinema-europeo21\/"},"modified":"2017-08-06T03:10:36","modified_gmt":"2017-08-06T01:10:36","slug":"a-lecce-il-festival-del-cinema-europeo21","status":"publish","type":"post","link":"https:\/\/arteeluoghi.it\/index.php\/2012\/04\/15\/a-lecce-il-festival-del-cinema-europeo21\/","title":{"rendered":"A Lecce il Festival del Cinema Europeo"},"content":{"rendered":"<p><img src=\"\/images\/stories\/fceuropeo.jpg\" border=\"0\" width=\"300\" style=\"margin: 21px; float: left;\" \/>Dal 17 al 22 aprile al Multisala Massimo di Lecce la XIII edizione del Festival del Cinema Europeo<\/p>\n<p><strong><span style=\"font-size: small;\">Spazio alle visioni. Da domani a Lecce si respira aria di Cinema<\/span><\/strong><\/p>\n<p>Di Antonietta Fulvio<\/p>\n<p>\u00a0<\/p>\n<p>\u00a0<\/p>\n<p>Castellitto e Kusturika. Ma anche il regista Tony Gatlif che sar\u00e0 a Lecce per presentare in anteprima nazionale \u201cIndignados\u201d, tratto dal libro <strong>St\u00e9phane Hessel<\/strong> novantaquattrenne ex-politico e scrittore berlinese naturalizzato francese ispiratore con le sue pagine del \u2018movimento\u2019 diffusosi poi in tutto il mondo. E per il terzo anno, attesissimi, Carlo, Luca e Silvia Verdone per conferire il Premio, intitolato al padre Mario, ad un giovane autore italiano distintosi con la sua opera prima o seconda. Tre i finalisti, <strong>Alice Rohrwacher<\/strong> (<em>Corpo Celeste<\/em><strong>, <\/strong>2011), <strong>Andrea Segre<\/strong> (<em>Io sono l\u00ec<\/em>, 2011), <strong>Gianluca e Massimiliano De Serio<\/strong> (<em>Sette opere di misericordia, 2011)<\/em> ma per conoscere il vincitore bisogner\u00e0 attendere sabato 21 aprile. Quando cio\u00e8 le assegnazioni del Premio Verdone e dell\u2019Ulivo d\u2019oro &#8211; scelto tra i dieci film europei in concorso- \u00a0sigleranno la XIII edizione del Festival del Cinema Europeo diretto da <strong>Alberto La Monica<\/strong> e <strong>Cristina Soldano<\/strong>.<\/p>\n<p>Una kermesse<strong> <\/strong>che in passato ha regalato a Lecce un film come \u201cMine vaganti\u201d<strong> \u2013 <\/strong>ha ricordato il <strong>Sindaco Paolo Perrone<\/strong> stamane in conferenza stampa rimarcando \u201cl\u2019<em>altissimo valore didattico<\/em> della rassegna che rappresenta non solo uno strumento di promozione del territorio ma un vero e proprio comparto economico, perch\u00e9 ha contribuito a creare professioni che prima qui non esistevano\u201d. Un festival ha aggiunto il presidente<strong> Antonio Gabellone<\/strong> che pu\u00f2 contribuire a promuovere e valorizzare talenti locali che se sostenuti possono ambire a traguardi eccezionali. In tal senso, si configura\u00a0 il concorso di cortometraggi Puglia show, riservato ai giovani registi pugliesi fino a 35 anni, che quest\u2019anno dovr\u00e0 scegliere il vincitore tra 21 cortometraggi. Un numero che testimonia, se mai ce ne fosse bisogno, la vivacit\u00e0 e il fermento artistico del Salento incentivato dal lavoro svolto, tra l\u2019altro in questi anni, dall\u2019<strong>Apulia Film Commission<\/strong>. Non a caso il Festival ha trovato casa nel Cineporto di Lecce. Non a caso la stessa Fondazione &#8211;\u00a0 ha ricordato il presidente Antonella Gaeta &#8211;\u00a0 <em>\u00e8 vicina a chi fa del cinema la propria ragione di sogno. Perch\u00e9 il cinema \u00e8 fatto della stessa sostanza dei sogni. <\/em><\/p>\n<p>  <!--more-->  <\/p>\n<p><em> <\/em><\/p>\n<p>\u00a0<\/p>\n<p>Ma non solo sogni e visioni.<\/p>\n<p>Ogni anno il Festival affronta temi di attualit\u00e0, affiancando alle proiezioni dibattiti, tavole rotonde con esperti e operatori del settore.<\/p>\n<p>\u201cLa dignit\u00e0 del lavoro\u201d, \u201cL\u2019immigrazione: responsabilit\u00e0 e sostegno\u201d, \u201cLa permeabilit\u00e0 del mondo carcerario agli interventi esterni\u201d sono le tematiche della sezione \u201cCinema e realt\u00e0\u201d che fa approdare il <strong>Festival del Cinema europeo<\/strong> anche tra le mura del supercarcere di Lecce, quale momento di collegamento tra la casa circondariale e il territorio. Alla presenza dell\u2019attore <strong>Salvatore Striano<\/strong>, sar\u00e0 \u00a0proiettato (gioved\u00ec 19 aprile, ore 16) \u201cCesare deve morire\u201d, diretto da <strong>Paolo<\/strong> e <strong>Vittorio<\/strong> <strong>Taviani<\/strong> (2012), Orso d\u2019oro al festival di Berlino.<\/p>\n<p>Location, il Cinema Multisala Massimo dove si alterneranno ben cento film tra lungometraggi, corti e documentari provenienti da molti Paesi europei, in linea con lo spirito del festival particolarmente attento al dialogo interculturale \u00a0tra Europa e Mediterraneo. \u00a0Per la sezione<strong> Cinema ed Europa<\/strong>, per l\u2019appunto, sabato 21 aprile sar\u00e0 presentato<em> Le nevi del Kilimangiaro <\/em>di Robert Gu\u00e9diguian (Francia 2011), che si \u00e8 aggiudicato la quinta edizione del Premio Lux, riconoscimento con il quale il Parlamento Europeo premia il cinema europeo con l\u2019obiettivo di avvicinare l\u2019Europa e i suoi cittadini.<\/p>\n<p>Si parte domani pomeriggio con l\u2019inizio delle retrospettive dedicate a <strong>Sergio Castellitto<\/strong> ed <strong>Emir Kusturica<\/strong> alle quali si aggiunger\u00e0 anche \u00a0l\u2019omaggio a <strong>Ken Russell<\/strong>, scomparso pochi mesi fa. <strong>Per ricordare <\/strong>il regista inglese, purtroppo dimenticato negli ultimi anni della sua vita, che ha attraversato classici della letteratura e ha portato sul grande schermo le vite di grandi artisti il critico cinematografico Massimo Causo ha scelto sei film<em> (<\/em>I diavoli 1971; La perdizione ,1974; Tommy 1975; Gothic 1986; L&#8217;ultima Salom\u00e8 1988; Whore, 1991).<strong> <\/strong> Ma non \u00e8 tutto. Il festival continua con le proiezioni dei film scelti per <strong>Cinema Euromediterraneo <\/strong>che quest\u2019anno punta i riflettori sul cinema sloveno mentre per la sezione <strong>Eventi speciali<\/strong> saranno proposti il documentario di Michele Fasano intitolato \u201cIl viaggio di Seth ad Otranto\u201d alla scoperta dei contenuti del mosaico pavimentale nella cattedrale otrantina riletti in un ottica orientale e mediterranea e \u201cRadici\u201d di Carlo Luglio che attraverso la musica di Enzo Gragnaniello propone un viaggio musicale nella memoria, nei luoghi, nei miti e nella storia di Napoli. E tra le vie di Napoli \u00e8 ambientato il cortometraggio del regista statunitense, domani a Lecce, Terry Gilliam ospite per la sezione Short Matters! che ogni anno propone in rassegna  tutti i cortometraggi vincitori del Prix UIP on tour.<\/p>\n<p>Fiore all\u2019occhiello, l\u2019Omaggio al Centro Sperimentale della Cinematografia, che presenta il restauro in edizione digitale <em>full HD<\/em> a cura di CSC &#8211; Cineteca Nazionale sulla base dei negativi originari, con il contributo e la supervisione del regista del lungometraggio di animazione <strong>Un burattino di nome Pinocchio <\/strong>di \u00a0<strong>Giuliano Cenci<\/strong> (1972), in collaborazione con la Cineteca Nazionale. E due eventi speciali, l\u2019 anteprima del <em>teaser<\/em> di <strong>Diciannove e settantadue <\/strong>di <strong>Sergio Basso<\/strong> (Italia, 2012), docufilm su <strong>Pietro Mennea<\/strong>, prodotto da SharonCinema Production e CSC Production e <strong>La tana del bianconiglio<\/strong> di Linda Parente (Italia, 2011) con <strong>Massimo Lello, Maria Grazia Cucinotta, Gianni Musy<\/strong>. Un progetto solidale finalizzato alla raccolta fondi destinati ad aiutare la popolazione aquilana afflitta dal terremoto del 6 aprile 2009.<\/p>\n<p>A latere, seminari e tavole rotonde, incontri con gli autori per la sezione <strong>Parole di Cinema<\/strong>. Tre libri, tre presentazioni: \u201cC\u2019era una volta il futuro. L\u2019Italia della dolce vita\u00a0 di <strong>Oscar Iarussi<\/strong> (gioved\u00ec 19, ore 18\u00a0 ), \u201c<strong>Sergio Castellitto. Senza Arte n\u00e9 parte<\/strong>\u201d di <strong>Enrico Magrelli <\/strong>(la monografia prodotta dal Festival del Cinema europeo, venerd\u00ec 20 aprile, ore 18 sar\u00e0 presentata sul sagrato della Chiesa di Sant\u2019Irene) e \u201cMare al mattino\u201d di <strong>Margaret Mazzantini<\/strong> (sabato 21, ore 18).<\/p>\n<p>Due gli eventi espositivi. La mostra dedicata a <strong>Sergio Castellitt<\/strong>o con le foto tratte dal suo archivio personale e dalla Fototeca del CSC, che ha collaborato alla realizzazione, allestita presso l\u2019ex Monastero dei Teatini a ingresso libero dal 17 al 21 aprile. ), La mostra fotografica<strong> <\/strong><strong>\u201c<em>Emir Kusturica. Un racconto per immagini. Da Underground a Maradona<\/em>\u201d <\/strong>a cura di <strong>Andrea Gambetta,<\/strong> realizzata in collaborazione con Solares Fondazione delle Arti-Parma, con il contributo della Regione Puglia-Assessorato al Mediterraneo, Cultura e Turismo e con il Patrocinio del Comune di Lecce;\u00a0 allestita nella Sala Maria d\u2019Enghien del Castello Carlo V si potr\u00e0 visitare dal 17 al 26 aprile, con ingresso gratuito.<strong> <\/strong><\/p>\n<p>Due concerti. Mercoled\u00ec 18 aprile (ore 21) subito dopo la proiezione diel film &#8220;Radici&#8221; seguir\u00e0 il concerto di <strong>Enzo Gragnaniello<\/strong> e i <strong>SudExpress<\/strong>, uno spettacolo articolato dove il linguaggio cinematografico si fonde con il meglio della musica della tradizione partenopea.<\/p>\n<p>La band &#8220;<strong>Stribor Kusturica and the Poisoners<\/strong>&#8221;\u00a0 fondata da <strong>Stribor Kusturica<\/strong> nel 2005, con le sonorit\u00e0 del suo\u00a0 \u201ckitsch-soul\u201d, sar\u00e0 di scena venerd&#8217; 20. Ritmi balcanici che si fondono con la musica serba &#8220;kafana&#8221; (pub) mantenendo il fascino dell&#8217;originario stile gitano.<\/p>\n<p>\u00a0<\/p>\n<hr \/>\n<p>\u00a0<\/p>\n<p><em>Il Festival, riconosciuto dal Ministero per i Beni e le Attivit\u00e0 Culturali \u201cmanifestazione d\u2019interesse nazionale\u201d, \u00e8 ideato e organizzato dall\u2019Associazione Culturale \u201cArt Promotion\u201d.<\/em><\/p>\n<p><em>Riceve il sostegno di: Comune di Lecce, Ministero per i Beni e le Attivit\u00e0 Culturali-Direzione Generale Cinema, Regione Puglia-Assessorato al Mediterraneo, Cultura e Turismo, Puglia Promozione, Parlamento Europeo, Fondazione Centro Sperimentale di Cinematografia, Provincia di Lecce, CCIAA della Provincia di Lecce, Forum Austriaco di Cultura, Ambasciata di Francia, Ambasciata di Spagna, Istituto Polacco di Roma, Ambasciata di Svezia.<\/em><\/p>\n<p><em>Main Sponsor: GSF.<\/em><\/p>\n<p><em>Si svolge con il Patrocinio e in collaborazione con: Fondazione Apulia Film Commission, S.N.C.C.I., S.N.G.C.I., FIPRESCI, Centro Nazionale del Cortometraggio, Augustus Color, AIACE Nazionale, Universit\u00e0 del Salento, Officine Artistiche, Libreria Liberrima, Apollonio Vini, Futuro Remoto Gioielli, Officine Cantelmo, Vestas Hotels &amp; Resorts, Autosat-Concessionaria Alfa Romeo.<\/em><\/p>\n<p><em>Media Partner: Cineuropa, Cinecitt\u00e0 News, Radio Cinema. <\/em><\/p>\n<p><em>Il Festival del Cinema Europeo di Lecce \u00e8 membro dell\u2019Associazione Festival Italiani di Cinema, del circuito CineNetFestival ed \u00e8 patrocinato da Festival of Festivals.<\/em><\/p>\n<p>\u00a0<\/p>\n<hr \/>\n<p>\u00a0<\/p>\n<p>I film della retrospettiva dedicata a Sergio Castellitto:<\/p>\n<p><strong>IL MENTITORE (1981) di Felice Farina<\/strong><\/p>\n<p><strong>SEMBRA MORTO MA E\u2019 SOLO SVENUTO (1986) di Felice Farina<br \/> IL GENERALE DELL\u2019ARMATA MORTA (1983) di Luciano Tovoli <br \/> STASERA A CASA DI ALICE (1990) di Carlo Verdone<br \/> LA CARNE (1991) di Marco Ferreri<br \/> IL GRANDE COCOMERO (1993) di Francesca Archibugi<br \/> L\u2019UOMO DELLE STELLE (1995) di Giuseppe Tornatore<br \/> IL GRANDE FAUSTO (1995) di Alberto Sironi<br \/> DON MILANI \u2013 IL PRIORE DI BARBIANA (1997) di Andrea e Antonio Frazzi<br \/> LIBERO BURRO (1999) di Sergio Castellitto<br \/> PADRE PIO (2000) di Carlo Carlei<br \/> CONCORRENZA SLEALE (2001) di Ettore Scola<br \/> RICETTE D\u2019AMORE (2001) di Sandra Nettelbeck<br \/> L\u2019ORA DI RELIGIONE (2002) di Marco Bellocchio<br \/> CATERINA VA IN CITTA\u2019 (2003) di Paolo Virz\u00ec<br \/> FERRARI (2003) di Carlo Carlei<br \/> NON TI MUOVERE (2004) di Sergio Castellitto<br \/> LA STELLA CHE NON C\u2019E\u2019 (2006) di Gianni Amelio<br \/> QUESTIONE DI PUNTI DI VISTA (2009) di Jacques Rivette<br \/> ALZA LA TESTA (2009) di Alessandro Angelini<br \/> LA BELLEZZA DEL SOMARO (2010) di Sergio Castellitto<\/strong><\/p>\n<p>\u00a0<\/p>\n<hr \/>\n<p>\u00a0<\/p>\n<p>I film della retrospettiva dedicata a Emir Kusturica:<\/p>\n<p><strong>Ti ricordi di Dolly Bell?\u00a0 (1981)<\/strong><\/p>\n<p><strong>Pap\u00e0&#8230; \u00e8 in viaggio d&#8217;affari (1985.)<\/strong><\/p>\n<p><strong>Il tempo dei gitani (1988)<\/strong><\/p>\n<p><strong>Arizona Dream (1993)<\/strong><\/p>\n<p><strong>Underground (1995 \u2013 versione integrale 312&#8242;), sottotitoli elettronici in italiano<\/strong><\/p>\n<p><strong>Gatto nero, gatto bianco (1998)<\/strong><\/p>\n<p><strong>Super 8 Stories (2001) <\/strong><\/p>\n<p><strong>La vita \u00e8 un miracolo (2004.)<\/strong><\/p>\n<p><strong>Promettilo! (2007)<\/strong><\/p>\n<p><strong>Maradona di Kusturica (2008)<\/strong><\/p>\n<p><strong> <\/strong><\/p>\n<hr \/>\n<p><strong> <\/strong><\/p>\n<p>\u00a0<\/p>\n<p>\u00a0<\/p>\n<p>sala<\/p>\n<p><em> <\/em><\/p>\n<p><em> <\/em><\/p>\n<p><strong> <\/strong><\/p>\n","protected":false},"excerpt":{"rendered":"<p>Dal 17 al 22 aprile al Multisala Massimo di Lecce la XIII edizione del Festival del Cinema Europeo Spazio alle<\/p>\n","protected":false},"author":1,"featured_media":0,"comment_status":"open","ping_status":"open","sticky":false,"template":"","format":"standard","meta":[],"categories":[29],"tags":[],"yoast_head":"<!-- This site is optimized with the Yoast SEO plugin v18.0 - https:\/\/yoast.com\/wordpress\/plugins\/seo\/ -->\n<title>A Lecce il Festival del Cinema Europeo | Arte e Luoghi<\/title>\n<meta name=\"robots\" content=\"index, follow, max-snippet:-1, max-image-preview:large, max-video-preview:-1\" \/>\n<link rel=\"canonical\" href=\"https:\/\/arteeluoghi.it\/index.php\/2012\/04\/15\/a-lecce-il-festival-del-cinema-europeo21\/\" \/>\n<meta property=\"og:locale\" content=\"it_IT\" \/>\n<meta property=\"og:type\" content=\"article\" \/>\n<meta property=\"og:title\" content=\"A Lecce il Festival del Cinema Europeo | Arte e Luoghi\" \/>\n<meta property=\"og:description\" content=\"Dal 17 al 22 aprile al Multisala Massimo di Lecce la XIII edizione del Festival del Cinema Europeo Spazio alle\" \/>\n<meta property=\"og:url\" content=\"https:\/\/arteeluoghi.it\/index.php\/2012\/04\/15\/a-lecce-il-festival-del-cinema-europeo21\/\" \/>\n<meta property=\"og:site_name\" content=\"Arte e Luoghi\" \/>\n<meta property=\"article:publisher\" content=\"https:\/\/www.facebook.com\/ArteELuoghi\/\" \/>\n<meta property=\"article:published_time\" content=\"2012-04-15T21:00:00+00:00\" \/>\n<meta property=\"article:modified_time\" content=\"2017-08-06T01:10:36+00:00\" \/>\n<meta property=\"og:image\" content=\"https:\/\/arteeluoghi.it\/images\/stories\/fceuropeo.jpg\" \/>\n<meta name=\"twitter:card\" content=\"summary\" \/>\n<meta name=\"twitter:creator\" content=\"@arteeluoghi\" \/>\n<meta name=\"twitter:site\" content=\"@arteeluoghi\" \/>\n<meta name=\"twitter:label1\" content=\"Scritto da\" \/>\n\t<meta name=\"twitter:data1\" content=\"Staff\" \/>\n\t<meta name=\"twitter:label2\" content=\"Tempo di lettura stimato\" \/>\n\t<meta name=\"twitter:data2\" content=\"8 minuti\" \/>\n<script type=\"application\/ld+json\" class=\"yoast-schema-graph\">{\"@context\":\"https:\/\/schema.org\",\"@graph\":[{\"@type\":\"Organization\",\"@id\":\"https:\/\/arteeluoghi.it\/#organization\",\"name\":\"Arte e Luoghi\",\"url\":\"https:\/\/arteeluoghi.it\/\",\"sameAs\":[\"https:\/\/www.facebook.com\/ArteELuoghi\/\",\"https:\/\/www.instagram.com\/arteeluoghi\/?hl=it\",\"https:\/\/www.youtube.com\/channel\/UCuRVc4JW4-C5sg9rQB-srkw?view_as=subscriber\",\"https:\/\/twitter.com\/arteeluoghi\"],\"logo\":{\"@type\":\"ImageObject\",\"@id\":\"https:\/\/arteeluoghi.it\/#logo\",\"inLanguage\":\"it-IT\",\"url\":\"https:\/\/arteeluoghi.it\/wp-content\/uploads\/2018\/08\/logoinstagramarte.jpg\",\"contentUrl\":\"https:\/\/arteeluoghi.it\/wp-content\/uploads\/2018\/08\/logoinstagramarte.jpg\",\"width\":150,\"height\":150,\"caption\":\"Arte e Luoghi\"},\"image\":{\"@id\":\"https:\/\/arteeluoghi.it\/#logo\"}},{\"@type\":\"WebSite\",\"@id\":\"https:\/\/arteeluoghi.it\/#website\",\"url\":\"https:\/\/arteeluoghi.it\/\",\"name\":\"Arte e Luoghi\",\"description\":\"Mensile di arte, cultura, turismo e curiosit\u00e0\",\"publisher\":{\"@id\":\"https:\/\/arteeluoghi.it\/#organization\"},\"potentialAction\":[{\"@type\":\"SearchAction\",\"target\":{\"@type\":\"EntryPoint\",\"urlTemplate\":\"https:\/\/arteeluoghi.it\/?s={search_term_string}\"},\"query-input\":\"required name=search_term_string\"}],\"inLanguage\":\"it-IT\"},{\"@type\":\"ImageObject\",\"@id\":\"https:\/\/arteeluoghi.it\/index.php\/2012\/04\/15\/a-lecce-il-festival-del-cinema-europeo21\/#primaryimage\",\"inLanguage\":\"it-IT\",\"url\":\"\/images\/stories\/fceuropeo.jpg\",\"contentUrl\":\"\/images\/stories\/fceuropeo.jpg\"},{\"@type\":\"WebPage\",\"@id\":\"https:\/\/arteeluoghi.it\/index.php\/2012\/04\/15\/a-lecce-il-festival-del-cinema-europeo21\/#webpage\",\"url\":\"https:\/\/arteeluoghi.it\/index.php\/2012\/04\/15\/a-lecce-il-festival-del-cinema-europeo21\/\",\"name\":\"A Lecce il Festival del Cinema Europeo | Arte e Luoghi\",\"isPartOf\":{\"@id\":\"https:\/\/arteeluoghi.it\/#website\"},\"primaryImageOfPage\":{\"@id\":\"https:\/\/arteeluoghi.it\/index.php\/2012\/04\/15\/a-lecce-il-festival-del-cinema-europeo21\/#primaryimage\"},\"datePublished\":\"2012-04-15T21:00:00+00:00\",\"dateModified\":\"2017-08-06T01:10:36+00:00\",\"breadcrumb\":{\"@id\":\"https:\/\/arteeluoghi.it\/index.php\/2012\/04\/15\/a-lecce-il-festival-del-cinema-europeo21\/#breadcrumb\"},\"inLanguage\":\"it-IT\",\"potentialAction\":[{\"@type\":\"ReadAction\",\"target\":[\"https:\/\/arteeluoghi.it\/index.php\/2012\/04\/15\/a-lecce-il-festival-del-cinema-europeo21\/\"]}]},{\"@type\":\"BreadcrumbList\",\"@id\":\"https:\/\/arteeluoghi.it\/index.php\/2012\/04\/15\/a-lecce-il-festival-del-cinema-europeo21\/#breadcrumb\",\"itemListElement\":[{\"@type\":\"ListItem\",\"position\":1,\"name\":\"Home\",\"item\":\"https:\/\/arteeluoghi.it\/\"},{\"@type\":\"ListItem\",\"position\":2,\"name\":\"A Lecce il Festival del Cinema Europeo\"}]},{\"@type\":\"Article\",\"@id\":\"https:\/\/arteeluoghi.it\/index.php\/2012\/04\/15\/a-lecce-il-festival-del-cinema-europeo21\/#article\",\"isPartOf\":{\"@id\":\"https:\/\/arteeluoghi.it\/index.php\/2012\/04\/15\/a-lecce-il-festival-del-cinema-europeo21\/#webpage\"},\"author\":{\"@id\":\"https:\/\/arteeluoghi.it\/#\/schema\/person\/f84e814e36e91e01448ee07eaadd41d4\"},\"headline\":\"A Lecce il Festival del Cinema Europeo\",\"datePublished\":\"2012-04-15T21:00:00+00:00\",\"dateModified\":\"2017-08-06T01:10:36+00:00\",\"mainEntityOfPage\":{\"@id\":\"https:\/\/arteeluoghi.it\/index.php\/2012\/04\/15\/a-lecce-il-festival-del-cinema-europeo21\/#webpage\"},\"wordCount\":1509,\"commentCount\":0,\"publisher\":{\"@id\":\"https:\/\/arteeluoghi.it\/#organization\"},\"image\":{\"@id\":\"https:\/\/arteeluoghi.it\/index.php\/2012\/04\/15\/a-lecce-il-festival-del-cinema-europeo21\/#primaryimage\"},\"thumbnailUrl\":\"\/images\/stories\/fceuropeo.jpg\",\"articleSection\":[\"Cinema\"],\"inLanguage\":\"it-IT\",\"potentialAction\":[{\"@type\":\"CommentAction\",\"name\":\"Comment\",\"target\":[\"https:\/\/arteeluoghi.it\/index.php\/2012\/04\/15\/a-lecce-il-festival-del-cinema-europeo21\/#respond\"]}]},{\"@type\":\"Person\",\"@id\":\"https:\/\/arteeluoghi.it\/#\/schema\/person\/f84e814e36e91e01448ee07eaadd41d4\",\"name\":\"Staff\",\"image\":{\"@type\":\"ImageObject\",\"@id\":\"https:\/\/arteeluoghi.it\/#personlogo\",\"inLanguage\":\"it-IT\",\"url\":\"https:\/\/secure.gravatar.com\/avatar\/49d2f9e46271bb04e19cebfaf141313a?s=96&d=blank&r=g\",\"contentUrl\":\"https:\/\/secure.gravatar.com\/avatar\/49d2f9e46271bb04e19cebfaf141313a?s=96&d=blank&r=g\",\"caption\":\"Staff\"}}]}<\/script>\n<!-- \/ Yoast SEO plugin. -->","yoast_head_json":{"title":"A Lecce il Festival del Cinema Europeo | Arte e Luoghi","robots":{"index":"index","follow":"follow","max-snippet":"max-snippet:-1","max-image-preview":"max-image-preview:large","max-video-preview":"max-video-preview:-1"},"canonical":"https:\/\/arteeluoghi.it\/index.php\/2012\/04\/15\/a-lecce-il-festival-del-cinema-europeo21\/","og_locale":"it_IT","og_type":"article","og_title":"A Lecce il Festival del Cinema Europeo | Arte e Luoghi","og_description":"Dal 17 al 22 aprile al Multisala Massimo di Lecce la XIII edizione del Festival del Cinema Europeo Spazio alle","og_url":"https:\/\/arteeluoghi.it\/index.php\/2012\/04\/15\/a-lecce-il-festival-del-cinema-europeo21\/","og_site_name":"Arte e Luoghi","article_publisher":"https:\/\/www.facebook.com\/ArteELuoghi\/","article_published_time":"2012-04-15T21:00:00+00:00","article_modified_time":"2017-08-06T01:10:36+00:00","og_image":[{"url":"https:\/\/arteeluoghi.it\/images\/stories\/fceuropeo.jpg"}],"twitter_card":"summary","twitter_creator":"@arteeluoghi","twitter_site":"@arteeluoghi","twitter_misc":{"Scritto da":"Staff","Tempo di lettura stimato":"8 minuti"},"schema":{"@context":"https:\/\/schema.org","@graph":[{"@type":"Organization","@id":"https:\/\/arteeluoghi.it\/#organization","name":"Arte e Luoghi","url":"https:\/\/arteeluoghi.it\/","sameAs":["https:\/\/www.facebook.com\/ArteELuoghi\/","https:\/\/www.instagram.com\/arteeluoghi\/?hl=it","https:\/\/www.youtube.com\/channel\/UCuRVc4JW4-C5sg9rQB-srkw?view_as=subscriber","https:\/\/twitter.com\/arteeluoghi"],"logo":{"@type":"ImageObject","@id":"https:\/\/arteeluoghi.it\/#logo","inLanguage":"it-IT","url":"https:\/\/arteeluoghi.it\/wp-content\/uploads\/2018\/08\/logoinstagramarte.jpg","contentUrl":"https:\/\/arteeluoghi.it\/wp-content\/uploads\/2018\/08\/logoinstagramarte.jpg","width":150,"height":150,"caption":"Arte e Luoghi"},"image":{"@id":"https:\/\/arteeluoghi.it\/#logo"}},{"@type":"WebSite","@id":"https:\/\/arteeluoghi.it\/#website","url":"https:\/\/arteeluoghi.it\/","name":"Arte e Luoghi","description":"Mensile di arte, cultura, turismo e curiosit\u00e0","publisher":{"@id":"https:\/\/arteeluoghi.it\/#organization"},"potentialAction":[{"@type":"SearchAction","target":{"@type":"EntryPoint","urlTemplate":"https:\/\/arteeluoghi.it\/?s={search_term_string}"},"query-input":"required name=search_term_string"}],"inLanguage":"it-IT"},{"@type":"ImageObject","@id":"https:\/\/arteeluoghi.it\/index.php\/2012\/04\/15\/a-lecce-il-festival-del-cinema-europeo21\/#primaryimage","inLanguage":"it-IT","url":"\/images\/stories\/fceuropeo.jpg","contentUrl":"\/images\/stories\/fceuropeo.jpg"},{"@type":"WebPage","@id":"https:\/\/arteeluoghi.it\/index.php\/2012\/04\/15\/a-lecce-il-festival-del-cinema-europeo21\/#webpage","url":"https:\/\/arteeluoghi.it\/index.php\/2012\/04\/15\/a-lecce-il-festival-del-cinema-europeo21\/","name":"A Lecce il Festival del Cinema Europeo | Arte e Luoghi","isPartOf":{"@id":"https:\/\/arteeluoghi.it\/#website"},"primaryImageOfPage":{"@id":"https:\/\/arteeluoghi.it\/index.php\/2012\/04\/15\/a-lecce-il-festival-del-cinema-europeo21\/#primaryimage"},"datePublished":"2012-04-15T21:00:00+00:00","dateModified":"2017-08-06T01:10:36+00:00","breadcrumb":{"@id":"https:\/\/arteeluoghi.it\/index.php\/2012\/04\/15\/a-lecce-il-festival-del-cinema-europeo21\/#breadcrumb"},"inLanguage":"it-IT","potentialAction":[{"@type":"ReadAction","target":["https:\/\/arteeluoghi.it\/index.php\/2012\/04\/15\/a-lecce-il-festival-del-cinema-europeo21\/"]}]},{"@type":"BreadcrumbList","@id":"https:\/\/arteeluoghi.it\/index.php\/2012\/04\/15\/a-lecce-il-festival-del-cinema-europeo21\/#breadcrumb","itemListElement":[{"@type":"ListItem","position":1,"name":"Home","item":"https:\/\/arteeluoghi.it\/"},{"@type":"ListItem","position":2,"name":"A Lecce il Festival del Cinema Europeo"}]},{"@type":"Article","@id":"https:\/\/arteeluoghi.it\/index.php\/2012\/04\/15\/a-lecce-il-festival-del-cinema-europeo21\/#article","isPartOf":{"@id":"https:\/\/arteeluoghi.it\/index.php\/2012\/04\/15\/a-lecce-il-festival-del-cinema-europeo21\/#webpage"},"author":{"@id":"https:\/\/arteeluoghi.it\/#\/schema\/person\/f84e814e36e91e01448ee07eaadd41d4"},"headline":"A Lecce il Festival del Cinema Europeo","datePublished":"2012-04-15T21:00:00+00:00","dateModified":"2017-08-06T01:10:36+00:00","mainEntityOfPage":{"@id":"https:\/\/arteeluoghi.it\/index.php\/2012\/04\/15\/a-lecce-il-festival-del-cinema-europeo21\/#webpage"},"wordCount":1509,"commentCount":0,"publisher":{"@id":"https:\/\/arteeluoghi.it\/#organization"},"image":{"@id":"https:\/\/arteeluoghi.it\/index.php\/2012\/04\/15\/a-lecce-il-festival-del-cinema-europeo21\/#primaryimage"},"thumbnailUrl":"\/images\/stories\/fceuropeo.jpg","articleSection":["Cinema"],"inLanguage":"it-IT","potentialAction":[{"@type":"CommentAction","name":"Comment","target":["https:\/\/arteeluoghi.it\/index.php\/2012\/04\/15\/a-lecce-il-festival-del-cinema-europeo21\/#respond"]}]},{"@type":"Person","@id":"https:\/\/arteeluoghi.it\/#\/schema\/person\/f84e814e36e91e01448ee07eaadd41d4","name":"Staff","image":{"@type":"ImageObject","@id":"https:\/\/arteeluoghi.it\/#personlogo","inLanguage":"it-IT","url":"https:\/\/secure.gravatar.com\/avatar\/49d2f9e46271bb04e19cebfaf141313a?s=96&d=blank&r=g","contentUrl":"https:\/\/secure.gravatar.com\/avatar\/49d2f9e46271bb04e19cebfaf141313a?s=96&d=blank&r=g","caption":"Staff"}}]}},"_links":{"self":[{"href":"https:\/\/arteeluoghi.it\/index.php\/wp-json\/wp\/v2\/posts\/651"}],"collection":[{"href":"https:\/\/arteeluoghi.it\/index.php\/wp-json\/wp\/v2\/posts"}],"about":[{"href":"https:\/\/arteeluoghi.it\/index.php\/wp-json\/wp\/v2\/types\/post"}],"author":[{"embeddable":true,"href":"https:\/\/arteeluoghi.it\/index.php\/wp-json\/wp\/v2\/users\/1"}],"replies":[{"embeddable":true,"href":"https:\/\/arteeluoghi.it\/index.php\/wp-json\/wp\/v2\/comments?post=651"}],"version-history":[{"count":1,"href":"https:\/\/arteeluoghi.it\/index.php\/wp-json\/wp\/v2\/posts\/651\/revisions"}],"predecessor-version":[{"id":2878,"href":"https:\/\/arteeluoghi.it\/index.php\/wp-json\/wp\/v2\/posts\/651\/revisions\/2878"}],"wp:attachment":[{"href":"https:\/\/arteeluoghi.it\/index.php\/wp-json\/wp\/v2\/media?parent=651"}],"wp:term":[{"taxonomy":"category","embeddable":true,"href":"https:\/\/arteeluoghi.it\/index.php\/wp-json\/wp\/v2\/categories?post=651"},{"taxonomy":"post_tag","embeddable":true,"href":"https:\/\/arteeluoghi.it\/index.php\/wp-json\/wp\/v2\/tags?post=651"}],"curies":[{"name":"wp","href":"https:\/\/api.w.org\/{rel}","templated":true}]}}