{"id":653,"date":"2012-04-17T23:39:59","date_gmt":"2012-04-17T21:39:59","guid":{"rendered":"http:\/\/arteeluoghi.it\/index.php\/2012\/04\/17\/racconti\/"},"modified":"2012-04-17T23:39:59","modified_gmt":"2012-04-17T21:39:59","slug":"racconti","status":"publish","type":"post","link":"https:\/\/arteeluoghi.it\/index.php\/2012\/04\/17\/racconti\/","title":{"rendered":"Racconti"},"content":{"rendered":"<p><span style=\"font-size: small;\"><img src=\"\/images\/stories\/ignazio-manni.jpg\" border=\"0\" width=\"200\" style=\"margin: 21px; border: 1px solid black; float: left;\" \/>nell\u2019Odissea delle Parole<\/span><\/p>\n<p>Riflessioni su Racconti patafisici e pantagruelici di Ignazio Apolloni<\/p>\n<p style=\"text-align: left;\">di <strong>Francesco Pasca<\/strong><\/p>\n<p>\u00a0<\/p>\n<p style=\"text-align: justify;\"><span style=\"font-size: xx-large;\"> <\/span><span style=\"font-size: xx-large;\"> <\/span><span style=\"font-size: large;\">V<\/span>entisei le scritture patafisico-pantagrueliche di provenienza dal pi\u00f9 sornione, creativo, burlesco, funambolico, tumultuoso degli scrittori affabulatori da me conosciuti. Sono trascorsi trentacinque anni, un altro ieri da quell\u2019incontro con quel fauno arguto dalla penna per flauto presso il laboratorio di poesia di Novoli dell\u2019amico Enzo Miglietta. \u00c8 fertile la terra di Sicilia, lo \u00e8 anche di quel pezzo che guarda ad occidente e si sbriciola in altrettante isole dal nome e dai rumori di nuova scrittura contesa fra Palermo e Trapani. Isole con scrittura da arcipelago come<strong> <\/strong>Fa-vi-gna-na, Le-van-zo e Ma-ret-ti-mo. Con altre isole che s\u2019aggiungono alle isole e col nome<strong> <\/strong>di Formica, di<strong> <\/strong>Maraone, di<strong> <\/strong>Stangone, di Galera, di Galeotta e Fariglione. Isole tutte unite dal mare che fanno, dettano il &#8220;favorevole\u201d o \u201cil propizio&#8221;. Sar\u00e0 la mitezza del clima o la pescosit\u00e0 di quel mare a determinare una s\u00ec alta vivacit\u00e0 creativa, una s\u00ec iper pescosit\u00e0 nelle acque dalla tempesta di nuova letteratura in progress. Sar\u00e0 per l\u2019isola che c\u2019\u00e8. Sar\u00e0 tutto questo perch\u00e9 l\u2019isola ha un altro nome, che s\u2019aggiunge.<\/p>\n<p style=\"text-align: justify;\">Ignazio Apolloni \u00e8 ancor\u2019oggi nella mia biblioteca e questa si \u00e8 riproposta con l\u2019arrivo di un dono dall\u2019amico, un volume edito da Manni: \u201cRacconti patasfisici e pantagruelici\u201d, collana pre-testi, 2000, introdotto in prefazione da Stefano Lanuzza. L&#8217;ho riletto volentieri e ne faccio nuovo giudizio. Cos\u00ec introduce il Lanuzzi:\u00ab <em>\u2026 una perigliosa cartografia mentale quella delineata da Ignazio Apolloni in questi suoi racconti contenenti una sorta di romanzo iterativo e votato all\u2019esplorazione di allegorie arcane e luoghi comuni; all\u2019inquietudine e al movimento, al pellegrinaggio e al rapinoso viaggio \u2026 itinerarium tra fatiscenti miti metropolitani e un terzo mondo occidentalizzato, scorribanda indocile alla tradizione \u2026\u00bb<\/em> Cos\u00ec conclude:<em> \u00ab\u2026 quanto non pu\u00f2 ricalcarsi sulle usurate carte della consuetudine letteraria.<\/em>\u00bb<\/p>\n<p>  <!--more-->  <\/p>\n<p>\u00a0<\/p>\n<p style=\"text-align: justify;\">Da ci\u00f2 che estrapolo, chi introduce, trova ed esorta, nell\u2019immediato, alla cautela nell\u2019affrontare il suo mare, l\u2019increspata scrittura. L\u2019atto creativo pu\u00f2 sorprendere. Con quest\u2019invito, d&#8217;altronde, ben conoscendo Ignazio, non ho avuto alternative e ho ripercorso l\u2019Odissea dei suoi ventisei approdi. Da tempo corriamo e ci inseguiamo, e, a fasi alterne, ognuno di noi ha vestito i panni di chi, all&#8217;inizio della propria navigazione, ha avuto la sorte di una o pi\u00f9 tempeste. Vi \u00e8 stata, per la singlossia, la prematura scomparsa di Rossana Apicella, che ci ha lasciati in ci\u00f2 che fu voluto dal Poseidone di turno. Fu cos\u00ec che, la poesia visiva ci ha visti uniti e divisi in \u201cTracia\u201d, nel paese dei \u201cCiconi\u201d, oppure l\u00ec dove il vento del Nord ci spinse nel paese dei \u201cLotofagi\u201d del Ciclope Polifemo dalla scrittura monoglossica. Lo stesso \u201cEolo\u201d ci ha voluti nella sua isola in una mostra tenutasi presso il Rettorato dell\u2019Universit\u00e0 di Palermo con la Singlossia. \u00c8 stata Una navigazione a vista perenne, dove, a caso, il verso-senso del Nord  ci ha fatto approdare. Ma un approdo non vuol dire riposo perch\u00e9 si pu\u00f2 incappare nel paese dei \u201cLestrigoni&#8221;, degli antropofagi che lapidano e divorano i nuovi poeti visivi e che fracassano le immagini delle loro navi.<\/p>\n<p>Quante volte ci \u00e8 toccato recidere il cavo del nostro passato per prendere nuovamente il largo. E, poi ancora, quante le Sirene fra le Rocce Vaganti e fra quelle di Scilla e Cariddi. In poesia mai si giunge all\u2019approdo se non lo vuole Poseidone. Pu\u00f2 solo accadere che si separino i due Ulisse. Il primo andr\u00e0 a cercare i bianchi buoi appartenenti al dio Sole. Il secondo andr\u00e0 a cavalcare i bianchi cavalli di messapia. Sono contento di rileggere ancora una volta l\u2019amico Ignazio con \u201cRacconti patafisici e pantagruelici\u201d. Sono contento di ridiventare ancora una volta Odisseo con la lettura al suono di Geena, di Ginevra e Genoveffa, di D\u2019ossola o Domodossola, di una Barbara o di Barbra. Sono contento quando leggo la conclusione del suo primo approdo, non pi\u00f9 navi ma aerei:\u00ab<em>Ora \u00e8 sull\u2019aereo di ritorno, diretto a Ginevra, la faccia rivolta all\u2019obl\u00f2 e lo sguardo perso nel vuoto. Visto dal vuoto \u00e8 un volto come tanti, che per\u00f2 aveva una storia dentro di s\u00e9 da narrare: cosa che \u00e8 riuscito a fare solo perch\u00e9 chi scrive gliel\u2019ha tolta. Malauguratamente tuttavia, e ci\u00f2 in quanto senza di essa non gli \u00e8 rimasto pi\u00f9 niente da dire a chi legge.<\/em>\u00bb (pag. 21) Questa \u00e8 la ninfa Geena-Calipso e ora il lui pu\u00f2 ancora salvarsi aggrappato ad un albero, sballottato dalle ali del mare e dalle eliche per nove giorni per poi tornare a fuggire. Dal primo di quei racconti salto in groppa alla Luna ed eccomi nel cuneo di un, di una Delta, di una Lancia da \u201cbang\u201d, da\u201d particelle nucleari\u201d, l\u00ec sono anch\u2019io a fare il mio elogio dell\u2019asfalto senza dimenticare di essere anche un po\u2019 tunisino e un po\u2019 mannaro lunatico. Scrive Ignazio, Tabarka \u00e8 luogo di buoi, di mandrie di buoi e di mannari mandriani e non resta altro da fare a Gaio. \u00c8 Gaio che abbandona la sua Circe e i buoi tornano sulle strade di Tabarka:\u00ab <em>Lei non seppe pi\u00f9 nulla di Lui se non dopo molto tempo. Apprese comunque da questo racconto che Gaio, per cercare di spiegarsi da che cosa ormai era affetto, intraprese un viaggio verso un luogo da cui \u00e8 possibile vedere meglio la luna.<\/em>\u00bb(pag.59) A pag. 146 il nostro Ulisse interroga ancora una volta l&#8217;ombra del suo indovino: \u00abcos\u2019\u00e8 l\u2019arte moderna? \u201cTiresia\u201d diventa Gedeone e d\u00e0 da s\u00e9 la risposta:\u00ab\u00c8 un cunicolo pieno di idiozie!\u00bb. Il dono di siffatta profezia proviene dall\u2019essere Dio e, come risarcimento alla sua cecit\u00e0, alla sua mancanza di corpo, dal collo in gi\u00f9 sino alla pianta dei piedi, pretende di essere solo testa. l\u2019Arte mai e poi mai verr\u00e0 vista nuda. I Proci dovranno attendere un filare-filare-filare infinito di una tela che l\u2019avvolga per poi essere finalmente guardata. Conti alla mano, sar\u00e0 sufficiente: \u00ab\u2026 <em>Anzi baster\u00e0 infilare con forza il dito nella sabbia; farlo funzionare come fosse un drill ed ecco finalmente il drin drin, il campanello d\u2019allarme a dirci che ci siamo \u2026 I calcoli sono esatti. La vetta dell\u2019Ararat. Lo spigolo alto della piramide di Nicerino. Lo shatt-el-arab. La punta estrema delle mura di Ninive (quella che indica la confluenza del Nilo con il Mediterraneo) sono tutti segni utili: mi dicono infatti che sono l\u00e0 dove ho deciso di essere \u2026 Basta poco e vedremo affiorare la testa di Gedeone?<\/em>\u00bb(pag. 152) E, per finire, il tempo. E s\u00ec il tempo. \u00c8 tempo di sostare, tempo di finire, quello del non pi\u00f9 farla ammirare e poi il tempo che sterminer\u00e0 tutti con la gara del suo arco:\u00ab <em>scatt\u00f2 invece la molla (che aveva azionato in tutti quegli anni il congegno ad orologeria). Segu\u00ec una grande esplosione, e quindi una sorta di nuvola. Appena un\u2019ora dopo non c\u2019era pi\u00f9 nulla, se non un cielo gravido ormai esclusivamente di pioggia<\/em>.\u00bb(pag.203) Tutto questo grazie al mito di Ulisse presente in tutta la letteratura moderna, dell\u2019uomo non fatto &#8220;a viver come bruto, ma per seguir virtude e conoscenza&#8221;. E, perch\u00e9 no, a rendersi utile col diventare il prototipo dell&#8217;esploratore infaticato, dell\u2019uomo patafisico e oulipiano, di ci\u00f2 che pu\u00f2 essere tradotto con l\u2019utilizzo della \u201cscienza delle soluzioni immaginarie\u201d. Con Ignazio leggerete di Achille, di Agelao, di Aiace, di Antinoo, di Argo, di Calipso, dei Ciclopi, dei Ciconi, di Circe, di Laerte, dei Lestrigoni, dei Lotofagi, di Medonte, di Nausicaa, delle tante Penelope, di Polifemo, dei Proci, di Telemaco, di Tiresia, di Mallarm\u00e8, di Lautr\u00e8amont, di Bloy, di Verne, di Queneau, di Calvino, tutti insieme salpati da \u201cTroia\u201d e approdati nel \u201cMeridione d\u2019Italia\u201d nel paese dei negromanti moderni. Buona lettura, solo se adotterete l&#8217;immaginario.<\/p>\n","protected":false},"excerpt":{"rendered":"<p>nell\u2019Odissea delle Parole Riflessioni su Racconti patafisici e pantagruelici di Ignazio Apolloni di Francesco Pasca \u00a0 Ventisei le scritture patafisico-pantagrueliche<\/p>\n","protected":false},"author":1,"featured_media":0,"comment_status":"open","ping_status":"open","sticky":false,"template":"","format":"standard","meta":[],"categories":[17],"tags":[],"yoast_head":"<!-- This site is optimized with the Yoast SEO plugin v18.0 - https:\/\/yoast.com\/wordpress\/plugins\/seo\/ -->\n<title>Racconti | Arte e Luoghi<\/title>\n<meta name=\"robots\" content=\"index, follow, max-snippet:-1, max-image-preview:large, max-video-preview:-1\" \/>\n<link rel=\"canonical\" href=\"https:\/\/arteeluoghi.it\/index.php\/2012\/04\/17\/racconti\/\" \/>\n<meta property=\"og:locale\" content=\"it_IT\" \/>\n<meta property=\"og:type\" content=\"article\" \/>\n<meta property=\"og:title\" content=\"Racconti | Arte e Luoghi\" \/>\n<meta property=\"og:description\" content=\"nell\u2019Odissea delle Parole Riflessioni su Racconti patafisici e pantagruelici di Ignazio Apolloni di Francesco Pasca \u00a0 Ventisei le scritture patafisico-pantagrueliche\" \/>\n<meta property=\"og:url\" content=\"https:\/\/arteeluoghi.it\/index.php\/2012\/04\/17\/racconti\/\" \/>\n<meta property=\"og:site_name\" content=\"Arte e Luoghi\" \/>\n<meta property=\"article:publisher\" content=\"https:\/\/www.facebook.com\/ArteELuoghi\/\" \/>\n<meta property=\"article:published_time\" content=\"2012-04-17T21:39:59+00:00\" \/>\n<meta property=\"og:image\" content=\"https:\/\/arteeluoghi.it\/images\/stories\/ignazio-manni.jpg\" \/>\n<meta name=\"twitter:card\" content=\"summary\" \/>\n<meta name=\"twitter:creator\" content=\"@arteeluoghi\" \/>\n<meta name=\"twitter:site\" content=\"@arteeluoghi\" \/>\n<meta name=\"twitter:label1\" content=\"Scritto da\" \/>\n\t<meta name=\"twitter:data1\" content=\"Staff\" \/>\n\t<meta name=\"twitter:label2\" content=\"Tempo di lettura stimato\" \/>\n\t<meta name=\"twitter:data2\" content=\"6 minuti\" \/>\n<script type=\"application\/ld+json\" class=\"yoast-schema-graph\">{\"@context\":\"https:\/\/schema.org\",\"@graph\":[{\"@type\":\"Organization\",\"@id\":\"https:\/\/arteeluoghi.it\/#organization\",\"name\":\"Arte e Luoghi\",\"url\":\"https:\/\/arteeluoghi.it\/\",\"sameAs\":[\"https:\/\/www.facebook.com\/ArteELuoghi\/\",\"https:\/\/www.instagram.com\/arteeluoghi\/?hl=it\",\"https:\/\/www.youtube.com\/channel\/UCuRVc4JW4-C5sg9rQB-srkw?view_as=subscriber\",\"https:\/\/twitter.com\/arteeluoghi\"],\"logo\":{\"@type\":\"ImageObject\",\"@id\":\"https:\/\/arteeluoghi.it\/#logo\",\"inLanguage\":\"it-IT\",\"url\":\"https:\/\/arteeluoghi.it\/wp-content\/uploads\/2018\/08\/logoinstagramarte.jpg\",\"contentUrl\":\"https:\/\/arteeluoghi.it\/wp-content\/uploads\/2018\/08\/logoinstagramarte.jpg\",\"width\":150,\"height\":150,\"caption\":\"Arte e Luoghi\"},\"image\":{\"@id\":\"https:\/\/arteeluoghi.it\/#logo\"}},{\"@type\":\"WebSite\",\"@id\":\"https:\/\/arteeluoghi.it\/#website\",\"url\":\"https:\/\/arteeluoghi.it\/\",\"name\":\"Arte e Luoghi\",\"description\":\"Mensile di arte, cultura, turismo e curiosit\u00e0\",\"publisher\":{\"@id\":\"https:\/\/arteeluoghi.it\/#organization\"},\"potentialAction\":[{\"@type\":\"SearchAction\",\"target\":{\"@type\":\"EntryPoint\",\"urlTemplate\":\"https:\/\/arteeluoghi.it\/?s={search_term_string}\"},\"query-input\":\"required name=search_term_string\"}],\"inLanguage\":\"it-IT\"},{\"@type\":\"ImageObject\",\"@id\":\"https:\/\/arteeluoghi.it\/index.php\/2012\/04\/17\/racconti\/#primaryimage\",\"inLanguage\":\"it-IT\",\"url\":\"\/images\/stories\/ignazio-manni.jpg\",\"contentUrl\":\"\/images\/stories\/ignazio-manni.jpg\"},{\"@type\":\"WebPage\",\"@id\":\"https:\/\/arteeluoghi.it\/index.php\/2012\/04\/17\/racconti\/#webpage\",\"url\":\"https:\/\/arteeluoghi.it\/index.php\/2012\/04\/17\/racconti\/\",\"name\":\"Racconti | Arte e Luoghi\",\"isPartOf\":{\"@id\":\"https:\/\/arteeluoghi.it\/#website\"},\"primaryImageOfPage\":{\"@id\":\"https:\/\/arteeluoghi.it\/index.php\/2012\/04\/17\/racconti\/#primaryimage\"},\"datePublished\":\"2012-04-17T21:39:59+00:00\",\"dateModified\":\"2012-04-17T21:39:59+00:00\",\"breadcrumb\":{\"@id\":\"https:\/\/arteeluoghi.it\/index.php\/2012\/04\/17\/racconti\/#breadcrumb\"},\"inLanguage\":\"it-IT\",\"potentialAction\":[{\"@type\":\"ReadAction\",\"target\":[\"https:\/\/arteeluoghi.it\/index.php\/2012\/04\/17\/racconti\/\"]}]},{\"@type\":\"BreadcrumbList\",\"@id\":\"https:\/\/arteeluoghi.it\/index.php\/2012\/04\/17\/racconti\/#breadcrumb\",\"itemListElement\":[{\"@type\":\"ListItem\",\"position\":1,\"name\":\"Home\",\"item\":\"https:\/\/arteeluoghi.it\/\"},{\"@type\":\"ListItem\",\"position\":2,\"name\":\"Racconti\"}]},{\"@type\":\"Article\",\"@id\":\"https:\/\/arteeluoghi.it\/index.php\/2012\/04\/17\/racconti\/#article\",\"isPartOf\":{\"@id\":\"https:\/\/arteeluoghi.it\/index.php\/2012\/04\/17\/racconti\/#webpage\"},\"author\":{\"@id\":\"https:\/\/arteeluoghi.it\/#\/schema\/person\/f84e814e36e91e01448ee07eaadd41d4\"},\"headline\":\"Racconti\",\"datePublished\":\"2012-04-17T21:39:59+00:00\",\"dateModified\":\"2012-04-17T21:39:59+00:00\",\"mainEntityOfPage\":{\"@id\":\"https:\/\/arteeluoghi.it\/index.php\/2012\/04\/17\/racconti\/#webpage\"},\"wordCount\":1283,\"commentCount\":0,\"publisher\":{\"@id\":\"https:\/\/arteeluoghi.it\/#organization\"},\"image\":{\"@id\":\"https:\/\/arteeluoghi.it\/index.php\/2012\/04\/17\/racconti\/#primaryimage\"},\"thumbnailUrl\":\"\/images\/stories\/ignazio-manni.jpg\",\"articleSection\":[\"LIBRI\"],\"inLanguage\":\"it-IT\",\"potentialAction\":[{\"@type\":\"CommentAction\",\"name\":\"Comment\",\"target\":[\"https:\/\/arteeluoghi.it\/index.php\/2012\/04\/17\/racconti\/#respond\"]}]},{\"@type\":\"Person\",\"@id\":\"https:\/\/arteeluoghi.it\/#\/schema\/person\/f84e814e36e91e01448ee07eaadd41d4\",\"name\":\"Staff\",\"image\":{\"@type\":\"ImageObject\",\"@id\":\"https:\/\/arteeluoghi.it\/#personlogo\",\"inLanguage\":\"it-IT\",\"url\":\"https:\/\/secure.gravatar.com\/avatar\/49d2f9e46271bb04e19cebfaf141313a?s=96&d=blank&r=g\",\"contentUrl\":\"https:\/\/secure.gravatar.com\/avatar\/49d2f9e46271bb04e19cebfaf141313a?s=96&d=blank&r=g\",\"caption\":\"Staff\"}}]}<\/script>\n<!-- \/ Yoast SEO plugin. -->","yoast_head_json":{"title":"Racconti | Arte e Luoghi","robots":{"index":"index","follow":"follow","max-snippet":"max-snippet:-1","max-image-preview":"max-image-preview:large","max-video-preview":"max-video-preview:-1"},"canonical":"https:\/\/arteeluoghi.it\/index.php\/2012\/04\/17\/racconti\/","og_locale":"it_IT","og_type":"article","og_title":"Racconti | Arte e Luoghi","og_description":"nell\u2019Odissea delle Parole Riflessioni su Racconti patafisici e pantagruelici di Ignazio Apolloni di Francesco Pasca \u00a0 Ventisei le scritture patafisico-pantagrueliche","og_url":"https:\/\/arteeluoghi.it\/index.php\/2012\/04\/17\/racconti\/","og_site_name":"Arte e Luoghi","article_publisher":"https:\/\/www.facebook.com\/ArteELuoghi\/","article_published_time":"2012-04-17T21:39:59+00:00","og_image":[{"url":"https:\/\/arteeluoghi.it\/images\/stories\/ignazio-manni.jpg"}],"twitter_card":"summary","twitter_creator":"@arteeluoghi","twitter_site":"@arteeluoghi","twitter_misc":{"Scritto da":"Staff","Tempo di lettura stimato":"6 minuti"},"schema":{"@context":"https:\/\/schema.org","@graph":[{"@type":"Organization","@id":"https:\/\/arteeluoghi.it\/#organization","name":"Arte e Luoghi","url":"https:\/\/arteeluoghi.it\/","sameAs":["https:\/\/www.facebook.com\/ArteELuoghi\/","https:\/\/www.instagram.com\/arteeluoghi\/?hl=it","https:\/\/www.youtube.com\/channel\/UCuRVc4JW4-C5sg9rQB-srkw?view_as=subscriber","https:\/\/twitter.com\/arteeluoghi"],"logo":{"@type":"ImageObject","@id":"https:\/\/arteeluoghi.it\/#logo","inLanguage":"it-IT","url":"https:\/\/arteeluoghi.it\/wp-content\/uploads\/2018\/08\/logoinstagramarte.jpg","contentUrl":"https:\/\/arteeluoghi.it\/wp-content\/uploads\/2018\/08\/logoinstagramarte.jpg","width":150,"height":150,"caption":"Arte e Luoghi"},"image":{"@id":"https:\/\/arteeluoghi.it\/#logo"}},{"@type":"WebSite","@id":"https:\/\/arteeluoghi.it\/#website","url":"https:\/\/arteeluoghi.it\/","name":"Arte e Luoghi","description":"Mensile di arte, cultura, turismo e curiosit\u00e0","publisher":{"@id":"https:\/\/arteeluoghi.it\/#organization"},"potentialAction":[{"@type":"SearchAction","target":{"@type":"EntryPoint","urlTemplate":"https:\/\/arteeluoghi.it\/?s={search_term_string}"},"query-input":"required name=search_term_string"}],"inLanguage":"it-IT"},{"@type":"ImageObject","@id":"https:\/\/arteeluoghi.it\/index.php\/2012\/04\/17\/racconti\/#primaryimage","inLanguage":"it-IT","url":"\/images\/stories\/ignazio-manni.jpg","contentUrl":"\/images\/stories\/ignazio-manni.jpg"},{"@type":"WebPage","@id":"https:\/\/arteeluoghi.it\/index.php\/2012\/04\/17\/racconti\/#webpage","url":"https:\/\/arteeluoghi.it\/index.php\/2012\/04\/17\/racconti\/","name":"Racconti | Arte e Luoghi","isPartOf":{"@id":"https:\/\/arteeluoghi.it\/#website"},"primaryImageOfPage":{"@id":"https:\/\/arteeluoghi.it\/index.php\/2012\/04\/17\/racconti\/#primaryimage"},"datePublished":"2012-04-17T21:39:59+00:00","dateModified":"2012-04-17T21:39:59+00:00","breadcrumb":{"@id":"https:\/\/arteeluoghi.it\/index.php\/2012\/04\/17\/racconti\/#breadcrumb"},"inLanguage":"it-IT","potentialAction":[{"@type":"ReadAction","target":["https:\/\/arteeluoghi.it\/index.php\/2012\/04\/17\/racconti\/"]}]},{"@type":"BreadcrumbList","@id":"https:\/\/arteeluoghi.it\/index.php\/2012\/04\/17\/racconti\/#breadcrumb","itemListElement":[{"@type":"ListItem","position":1,"name":"Home","item":"https:\/\/arteeluoghi.it\/"},{"@type":"ListItem","position":2,"name":"Racconti"}]},{"@type":"Article","@id":"https:\/\/arteeluoghi.it\/index.php\/2012\/04\/17\/racconti\/#article","isPartOf":{"@id":"https:\/\/arteeluoghi.it\/index.php\/2012\/04\/17\/racconti\/#webpage"},"author":{"@id":"https:\/\/arteeluoghi.it\/#\/schema\/person\/f84e814e36e91e01448ee07eaadd41d4"},"headline":"Racconti","datePublished":"2012-04-17T21:39:59+00:00","dateModified":"2012-04-17T21:39:59+00:00","mainEntityOfPage":{"@id":"https:\/\/arteeluoghi.it\/index.php\/2012\/04\/17\/racconti\/#webpage"},"wordCount":1283,"commentCount":0,"publisher":{"@id":"https:\/\/arteeluoghi.it\/#organization"},"image":{"@id":"https:\/\/arteeluoghi.it\/index.php\/2012\/04\/17\/racconti\/#primaryimage"},"thumbnailUrl":"\/images\/stories\/ignazio-manni.jpg","articleSection":["LIBRI"],"inLanguage":"it-IT","potentialAction":[{"@type":"CommentAction","name":"Comment","target":["https:\/\/arteeluoghi.it\/index.php\/2012\/04\/17\/racconti\/#respond"]}]},{"@type":"Person","@id":"https:\/\/arteeluoghi.it\/#\/schema\/person\/f84e814e36e91e01448ee07eaadd41d4","name":"Staff","image":{"@type":"ImageObject","@id":"https:\/\/arteeluoghi.it\/#personlogo","inLanguage":"it-IT","url":"https:\/\/secure.gravatar.com\/avatar\/49d2f9e46271bb04e19cebfaf141313a?s=96&d=blank&r=g","contentUrl":"https:\/\/secure.gravatar.com\/avatar\/49d2f9e46271bb04e19cebfaf141313a?s=96&d=blank&r=g","caption":"Staff"}}]}},"_links":{"self":[{"href":"https:\/\/arteeluoghi.it\/index.php\/wp-json\/wp\/v2\/posts\/653"}],"collection":[{"href":"https:\/\/arteeluoghi.it\/index.php\/wp-json\/wp\/v2\/posts"}],"about":[{"href":"https:\/\/arteeluoghi.it\/index.php\/wp-json\/wp\/v2\/types\/post"}],"author":[{"embeddable":true,"href":"https:\/\/arteeluoghi.it\/index.php\/wp-json\/wp\/v2\/users\/1"}],"replies":[{"embeddable":true,"href":"https:\/\/arteeluoghi.it\/index.php\/wp-json\/wp\/v2\/comments?post=653"}],"version-history":[{"count":0,"href":"https:\/\/arteeluoghi.it\/index.php\/wp-json\/wp\/v2\/posts\/653\/revisions"}],"wp:attachment":[{"href":"https:\/\/arteeluoghi.it\/index.php\/wp-json\/wp\/v2\/media?parent=653"}],"wp:term":[{"taxonomy":"category","embeddable":true,"href":"https:\/\/arteeluoghi.it\/index.php\/wp-json\/wp\/v2\/categories?post=653"},{"taxonomy":"post_tag","embeddable":true,"href":"https:\/\/arteeluoghi.it\/index.php\/wp-json\/wp\/v2\/tags?post=653"}],"curies":[{"name":"wp","href":"https:\/\/api.w.org\/{rel}","templated":true}]}}