{"id":6600,"date":"2019-04-02T19:04:19","date_gmt":"2019-04-02T17:04:19","guid":{"rendered":"https:\/\/arteeluoghi.it\/?p=6600"},"modified":"2019-04-02T19:04:19","modified_gmt":"2019-04-02T17:04:19","slug":"salento-cafe-noir-il-nuovo-romanzo-di-stefano-cambo","status":"publish","type":"post","link":"https:\/\/arteeluoghi.it\/index.php\/2019\/04\/02\/salento-cafe-noir-il-nuovo-romanzo-di-stefano-cambo\/","title":{"rendered":"Salento Caf\u00e9 Noir. Il nuovo romanzo di Stefano Camb\u00f2"},"content":{"rendered":"<p>Novit\u00e0 editoriale. Anteprima nazionale ad Andrano per il nuovo libro di Stefano Camb\u00f2<\/p>\n<p><img loading=\"lazy\" class=\"size-medium wp-image-6598 alignleft\" src=\"https:\/\/arteeluoghi.it\/wp-content\/uploads\/2019\/04\/locandina-stefano-210x300.jpg\" alt=\"\" width=\"210\" height=\"300\" srcset=\"https:\/\/arteeluoghi.it\/wp-content\/uploads\/2019\/04\/locandina-stefano-210x300.jpg 210w, https:\/\/arteeluoghi.it\/wp-content\/uploads\/2019\/04\/locandina-stefano.jpg 672w\" sizes=\"(max-width: 210px) 100vw, 210px\" \/><\/p>\n<p>&nbsp;<\/p>\n<p>Parte da Andrano, il 5 aprile il tour del nuovo e attesissimo romanzo di Stefano Camb\u00f2. \u201cSalento Caf\u00e9 Noir\u201d un titolo intrigante e suggestivo come le atmosfere evocate dall\u2019artista toscano Francesco Zavattari che firma la copertina del libro con tre nuovi episodi del Nando e del Commissario Bortone, i personaggi nati dalla penna dello scrittore salentino, che hanno riscosso notevole successo e appassionato tantissimi lettori nel primo romanzo \u201cCyrano tra delitti e misteri\u201d.<\/p>\n<p>Il libro, edito da Il Raggio Verde nella collana \u201cYellow Young\u201d, sar\u00e0 presentato nella Biblioteca comunale don Giacomo Pantaleo di Andrano all\u2019interno del calendario di eventi #civediamoinbiblioteca promosso dall\u2019amministrazione comunale. Ad aprire l\u2019incontro i saluti istituzionali del delegato alla Cultura Ivan Antonio Botrugno;\u00a0 dialogher\u00e0 con l\u2019autore Alfredo Retucci instancabile operatore culturale del gruppo #civediamoinbiblioteca e dell\u2019associazione Mediterranea. Modera la giornalista Antonietta Fulvio direttore responsabile di Arte e Luoghi. Ingresso libero<!--more--><strong>Il Libro<\/strong><\/p>\n<p>\u00c8 ancora una volta il Salento il set naturale per le tre nuove indagini del Nando e del Commissario Bortone\u00a0 \u2013\u00a0legate tra loro da un unico filo conduttore: il Salento Caf\u00e9 Noir.<\/p>\n<p><img loading=\"lazy\" class=\"size-medium wp-image-6601 alignleft\" src=\"https:\/\/arteeluoghi.it\/wp-content\/uploads\/2019\/04\/Stefano-Cambo\u0300-300x285.jpg\" alt=\"\" width=\"300\" height=\"285\" srcset=\"https:\/\/arteeluoghi.it\/wp-content\/uploads\/2019\/04\/Stefano-Cambo\u0300-300x285.jpg 300w, https:\/\/arteeluoghi.it\/wp-content\/uploads\/2019\/04\/Stefano-Cambo\u0300-768x729.jpg 768w, https:\/\/arteeluoghi.it\/wp-content\/uploads\/2019\/04\/Stefano-Cambo\u0300.jpg 960w\" sizes=\"(max-width: 300px) 100vw, 300px\" \/>Nel primo caso, I guerrieri della notte, i due protagonisti se la vedranno con il killer dei clochards, un assassino seriale che avvelena le povere persone che vivono per strada. Nel secondo, Odysseus, il Nando dovr\u00e0 invece scoprire l\u2019identit\u00e0 nascosta di un artista che raffigura sui muri sbiaditi gli episodi legati al poema di Omero. Nell\u2019ultimo, Il caso Wagner, l\u2019omicidio di un professore universitario dentro le mura della sua casa fa riaffiorare ricordi ed emozioni legate al passato dei due protagonisti. E mentre la soluzione sembra essere connessa alla famosa \u201cCavalcata delle Valchirie\u201d, ideata dal grande compositore tedesco, una donna misteriosa irrompe sulla scena\u2026<\/p>\n<p><strong>L&#8217;Autore<\/strong><\/p>\n<p>Stefano Camb\u00f2 \u00e8 nato a Torino nel 1982 e vive a Muro Leccese. Laureato in Sociologia e in Scienze Filosofiche, nel 2015 ha pubblicato il thriller Kalendra, con cui ha vinto il Concorso Letterario \u201cLibri in Officina\u201d indetto dalle Officine Cantelmo di Lecce in collaborazione con la Regione Puglia. Nel 2016 ha pubblicato Cyrano tra delitti e misteri, noir ambientato nel Salento edito da Il Raggio Verde Edizioni di Lecce. Nel giugno del 2018 un suo racconto inedito, Effetto domino, \u00e8 risultato vincitore del Concorso Letterario AG Noir indetto dal Comune di Andora (provincia di Savona) in collaborazione con l\u2019Associazione Culturale c\/e Contemporary di Milano, nell\u2019ambito del prestigioso Festival nazionale dedicato interamente al Noir.<\/p>\n<p>Seguite il libro sulla pagina<a href=\"https:\/\/www.facebook.com\/I-libri-di-Stefano-Camb%C3%B2-188161441581674\/\" target=\"_blank\" rel=\"noopener\">\u00a0fb dell\u2019Autore<\/a>\u00a0per scoprire le prossime tappe del tour.<\/p>\n","protected":false},"excerpt":{"rendered":"<p>Novit\u00e0 editoriale. Anteprima nazionale ad Andrano per il nuovo libro di Stefano Camb\u00f2 &nbsp; Parte da Andrano, il 5 aprile<\/p>\n","protected":false},"author":1,"featured_media":6602,"comment_status":"open","ping_status":"open","sticky":true,"template":"","format":"quote","meta":[],"categories":[17],"tags":[1540,74,1541,1542,638],"yoast_head":"<!-- This site is optimized with the Yoast SEO plugin v18.0 - https:\/\/yoast.com\/wordpress\/plugins\/seo\/ -->\n<title>Salento Caf\u00e9 Noir. Il nuovo romanzo di Stefano Camb\u00f2 | Arte e Luoghi<\/title>\n<meta name=\"robots\" content=\"index, follow, max-snippet:-1, max-image-preview:large, max-video-preview:-1\" \/>\n<link rel=\"canonical\" href=\"https:\/\/arteeluoghi.it\/index.php\/2019\/04\/02\/salento-cafe-noir-il-nuovo-romanzo-di-stefano-cambo\/\" \/>\n<meta property=\"og:locale\" content=\"it_IT\" \/>\n<meta property=\"og:type\" content=\"article\" \/>\n<meta property=\"og:title\" content=\"Salento Caf\u00e9 Noir. Il nuovo romanzo di Stefano Camb\u00f2 | Arte e Luoghi\" \/>\n<meta property=\"og:description\" content=\"Novit\u00e0 editoriale. Anteprima nazionale ad Andrano per il nuovo libro di Stefano Camb\u00f2 &nbsp; Parte da Andrano, il 5 aprile\" \/>\n<meta property=\"og:url\" content=\"https:\/\/arteeluoghi.it\/index.php\/2019\/04\/02\/salento-cafe-noir-il-nuovo-romanzo-di-stefano-cambo\/\" \/>\n<meta property=\"og:site_name\" content=\"Arte e Luoghi\" \/>\n<meta property=\"article:publisher\" content=\"https:\/\/www.facebook.com\/ArteELuoghi\/\" \/>\n<meta property=\"article:published_time\" content=\"2019-04-02T17:04:19+00:00\" \/>\n<meta property=\"og:image\" content=\"https:\/\/arteeluoghi.it\/wp-content\/uploads\/2019\/04\/cop-Cambo\u0300.jpg\" \/>\n\t<meta property=\"og:image:width\" content=\"680\" \/>\n\t<meta property=\"og:image:height\" content=\"960\" \/>\n\t<meta property=\"og:image:type\" content=\"image\/jpeg\" \/>\n<meta name=\"twitter:card\" content=\"summary\" \/>\n<meta name=\"twitter:creator\" content=\"@arteeluoghi\" \/>\n<meta name=\"twitter:site\" content=\"@arteeluoghi\" \/>\n<meta name=\"twitter:label1\" content=\"Scritto da\" \/>\n\t<meta name=\"twitter:data1\" content=\"Staff\" \/>\n\t<meta name=\"twitter:label2\" content=\"Tempo di lettura stimato\" \/>\n\t<meta name=\"twitter:data2\" content=\"2 minuti\" \/>\n<script type=\"application\/ld+json\" class=\"yoast-schema-graph\">{\"@context\":\"https:\/\/schema.org\",\"@graph\":[{\"@type\":\"Organization\",\"@id\":\"https:\/\/arteeluoghi.it\/#organization\",\"name\":\"Arte e Luoghi\",\"url\":\"https:\/\/arteeluoghi.it\/\",\"sameAs\":[\"https:\/\/www.facebook.com\/ArteELuoghi\/\",\"https:\/\/www.instagram.com\/arteeluoghi\/?hl=it\",\"https:\/\/www.youtube.com\/channel\/UCuRVc4JW4-C5sg9rQB-srkw?view_as=subscriber\",\"https:\/\/twitter.com\/arteeluoghi\"],\"logo\":{\"@type\":\"ImageObject\",\"@id\":\"https:\/\/arteeluoghi.it\/#logo\",\"inLanguage\":\"it-IT\",\"url\":\"https:\/\/arteeluoghi.it\/wp-content\/uploads\/2018\/08\/logoinstagramarte.jpg\",\"contentUrl\":\"https:\/\/arteeluoghi.it\/wp-content\/uploads\/2018\/08\/logoinstagramarte.jpg\",\"width\":150,\"height\":150,\"caption\":\"Arte e Luoghi\"},\"image\":{\"@id\":\"https:\/\/arteeluoghi.it\/#logo\"}},{\"@type\":\"WebSite\",\"@id\":\"https:\/\/arteeluoghi.it\/#website\",\"url\":\"https:\/\/arteeluoghi.it\/\",\"name\":\"Arte e Luoghi\",\"description\":\"Mensile di arte, cultura, turismo e curiosit\u00e0\",\"publisher\":{\"@id\":\"https:\/\/arteeluoghi.it\/#organization\"},\"potentialAction\":[{\"@type\":\"SearchAction\",\"target\":{\"@type\":\"EntryPoint\",\"urlTemplate\":\"https:\/\/arteeluoghi.it\/?s={search_term_string}\"},\"query-input\":\"required name=search_term_string\"}],\"inLanguage\":\"it-IT\"},{\"@type\":\"ImageObject\",\"@id\":\"https:\/\/arteeluoghi.it\/index.php\/2019\/04\/02\/salento-cafe-noir-il-nuovo-romanzo-di-stefano-cambo\/#primaryimage\",\"inLanguage\":\"it-IT\",\"url\":\"https:\/\/arteeluoghi.it\/wp-content\/uploads\/2019\/04\/cop-Cambo\u0300.jpg\",\"contentUrl\":\"https:\/\/arteeluoghi.it\/wp-content\/uploads\/2019\/04\/cop-Cambo\u0300.jpg\",\"width\":680,\"height\":960},{\"@type\":\"WebPage\",\"@id\":\"https:\/\/arteeluoghi.it\/index.php\/2019\/04\/02\/salento-cafe-noir-il-nuovo-romanzo-di-stefano-cambo\/#webpage\",\"url\":\"https:\/\/arteeluoghi.it\/index.php\/2019\/04\/02\/salento-cafe-noir-il-nuovo-romanzo-di-stefano-cambo\/\",\"name\":\"Salento Caf\u00e9 Noir. Il nuovo romanzo di Stefano Camb\u00f2 | Arte e Luoghi\",\"isPartOf\":{\"@id\":\"https:\/\/arteeluoghi.it\/#website\"},\"primaryImageOfPage\":{\"@id\":\"https:\/\/arteeluoghi.it\/index.php\/2019\/04\/02\/salento-cafe-noir-il-nuovo-romanzo-di-stefano-cambo\/#primaryimage\"},\"datePublished\":\"2019-04-02T17:04:19+00:00\",\"dateModified\":\"2019-04-02T17:04:19+00:00\",\"breadcrumb\":{\"@id\":\"https:\/\/arteeluoghi.it\/index.php\/2019\/04\/02\/salento-cafe-noir-il-nuovo-romanzo-di-stefano-cambo\/#breadcrumb\"},\"inLanguage\":\"it-IT\",\"potentialAction\":[{\"@type\":\"ReadAction\",\"target\":[\"https:\/\/arteeluoghi.it\/index.php\/2019\/04\/02\/salento-cafe-noir-il-nuovo-romanzo-di-stefano-cambo\/\"]}]},{\"@type\":\"BreadcrumbList\",\"@id\":\"https:\/\/arteeluoghi.it\/index.php\/2019\/04\/02\/salento-cafe-noir-il-nuovo-romanzo-di-stefano-cambo\/#breadcrumb\",\"itemListElement\":[{\"@type\":\"ListItem\",\"position\":1,\"name\":\"Home\",\"item\":\"https:\/\/arteeluoghi.it\/\"},{\"@type\":\"ListItem\",\"position\":2,\"name\":\"Salento Caf\u00e9 Noir. Il nuovo romanzo di Stefano Camb\u00f2\"}]},{\"@type\":\"Article\",\"@id\":\"https:\/\/arteeluoghi.it\/index.php\/2019\/04\/02\/salento-cafe-noir-il-nuovo-romanzo-di-stefano-cambo\/#article\",\"isPartOf\":{\"@id\":\"https:\/\/arteeluoghi.it\/index.php\/2019\/04\/02\/salento-cafe-noir-il-nuovo-romanzo-di-stefano-cambo\/#webpage\"},\"author\":{\"@id\":\"https:\/\/arteeluoghi.it\/#\/schema\/person\/f84e814e36e91e01448ee07eaadd41d4\"},\"headline\":\"Salento Caf\u00e9 Noir. Il nuovo romanzo di Stefano Camb\u00f2\",\"datePublished\":\"2019-04-02T17:04:19+00:00\",\"dateModified\":\"2019-04-02T17:04:19+00:00\",\"mainEntityOfPage\":{\"@id\":\"https:\/\/arteeluoghi.it\/index.php\/2019\/04\/02\/salento-cafe-noir-il-nuovo-romanzo-di-stefano-cambo\/#webpage\"},\"wordCount\":437,\"commentCount\":0,\"publisher\":{\"@id\":\"https:\/\/arteeluoghi.it\/#organization\"},\"image\":{\"@id\":\"https:\/\/arteeluoghi.it\/index.php\/2019\/04\/02\/salento-cafe-noir-il-nuovo-romanzo-di-stefano-cambo\/#primaryimage\"},\"thumbnailUrl\":\"https:\/\/arteeluoghi.it\/wp-content\/uploads\/2019\/04\/cop-Cambo\u0300.jpg\",\"keywords\":[\"Alfredo Retucci\",\"Il Raggio Verde\",\"Ivan Antonio Botrugno\",\"Salento Caf\u00e9 Noir\",\"Stefano Camb\u00f2\"],\"articleSection\":[\"LIBRI\"],\"inLanguage\":\"it-IT\",\"potentialAction\":[{\"@type\":\"CommentAction\",\"name\":\"Comment\",\"target\":[\"https:\/\/arteeluoghi.it\/index.php\/2019\/04\/02\/salento-cafe-noir-il-nuovo-romanzo-di-stefano-cambo\/#respond\"]}]},{\"@type\":\"Person\",\"@id\":\"https:\/\/arteeluoghi.it\/#\/schema\/person\/f84e814e36e91e01448ee07eaadd41d4\",\"name\":\"Staff\",\"image\":{\"@type\":\"ImageObject\",\"@id\":\"https:\/\/arteeluoghi.it\/#personlogo\",\"inLanguage\":\"it-IT\",\"url\":\"https:\/\/secure.gravatar.com\/avatar\/49d2f9e46271bb04e19cebfaf141313a?s=96&d=blank&r=g\",\"contentUrl\":\"https:\/\/secure.gravatar.com\/avatar\/49d2f9e46271bb04e19cebfaf141313a?s=96&d=blank&r=g\",\"caption\":\"Staff\"}}]}<\/script>\n<!-- \/ Yoast SEO plugin. -->","yoast_head_json":{"title":"Salento Caf\u00e9 Noir. Il nuovo romanzo di Stefano Camb\u00f2 | Arte e Luoghi","robots":{"index":"index","follow":"follow","max-snippet":"max-snippet:-1","max-image-preview":"max-image-preview:large","max-video-preview":"max-video-preview:-1"},"canonical":"https:\/\/arteeluoghi.it\/index.php\/2019\/04\/02\/salento-cafe-noir-il-nuovo-romanzo-di-stefano-cambo\/","og_locale":"it_IT","og_type":"article","og_title":"Salento Caf\u00e9 Noir. Il nuovo romanzo di Stefano Camb\u00f2 | Arte e Luoghi","og_description":"Novit\u00e0 editoriale. Anteprima nazionale ad Andrano per il nuovo libro di Stefano Camb\u00f2 &nbsp; Parte da Andrano, il 5 aprile","og_url":"https:\/\/arteeluoghi.it\/index.php\/2019\/04\/02\/salento-cafe-noir-il-nuovo-romanzo-di-stefano-cambo\/","og_site_name":"Arte e Luoghi","article_publisher":"https:\/\/www.facebook.com\/ArteELuoghi\/","article_published_time":"2019-04-02T17:04:19+00:00","og_image":[{"width":680,"height":960,"url":"https:\/\/arteeluoghi.it\/wp-content\/uploads\/2019\/04\/cop-Cambo\u0300.jpg","type":"image\/jpeg"}],"twitter_card":"summary","twitter_creator":"@arteeluoghi","twitter_site":"@arteeluoghi","twitter_misc":{"Scritto da":"Staff","Tempo di lettura stimato":"2 minuti"},"schema":{"@context":"https:\/\/schema.org","@graph":[{"@type":"Organization","@id":"https:\/\/arteeluoghi.it\/#organization","name":"Arte e Luoghi","url":"https:\/\/arteeluoghi.it\/","sameAs":["https:\/\/www.facebook.com\/ArteELuoghi\/","https:\/\/www.instagram.com\/arteeluoghi\/?hl=it","https:\/\/www.youtube.com\/channel\/UCuRVc4JW4-C5sg9rQB-srkw?view_as=subscriber","https:\/\/twitter.com\/arteeluoghi"],"logo":{"@type":"ImageObject","@id":"https:\/\/arteeluoghi.it\/#logo","inLanguage":"it-IT","url":"https:\/\/arteeluoghi.it\/wp-content\/uploads\/2018\/08\/logoinstagramarte.jpg","contentUrl":"https:\/\/arteeluoghi.it\/wp-content\/uploads\/2018\/08\/logoinstagramarte.jpg","width":150,"height":150,"caption":"Arte e Luoghi"},"image":{"@id":"https:\/\/arteeluoghi.it\/#logo"}},{"@type":"WebSite","@id":"https:\/\/arteeluoghi.it\/#website","url":"https:\/\/arteeluoghi.it\/","name":"Arte e Luoghi","description":"Mensile di arte, cultura, turismo e curiosit\u00e0","publisher":{"@id":"https:\/\/arteeluoghi.it\/#organization"},"potentialAction":[{"@type":"SearchAction","target":{"@type":"EntryPoint","urlTemplate":"https:\/\/arteeluoghi.it\/?s={search_term_string}"},"query-input":"required name=search_term_string"}],"inLanguage":"it-IT"},{"@type":"ImageObject","@id":"https:\/\/arteeluoghi.it\/index.php\/2019\/04\/02\/salento-cafe-noir-il-nuovo-romanzo-di-stefano-cambo\/#primaryimage","inLanguage":"it-IT","url":"https:\/\/arteeluoghi.it\/wp-content\/uploads\/2019\/04\/cop-Cambo\u0300.jpg","contentUrl":"https:\/\/arteeluoghi.it\/wp-content\/uploads\/2019\/04\/cop-Cambo\u0300.jpg","width":680,"height":960},{"@type":"WebPage","@id":"https:\/\/arteeluoghi.it\/index.php\/2019\/04\/02\/salento-cafe-noir-il-nuovo-romanzo-di-stefano-cambo\/#webpage","url":"https:\/\/arteeluoghi.it\/index.php\/2019\/04\/02\/salento-cafe-noir-il-nuovo-romanzo-di-stefano-cambo\/","name":"Salento Caf\u00e9 Noir. Il nuovo romanzo di Stefano Camb\u00f2 | Arte e Luoghi","isPartOf":{"@id":"https:\/\/arteeluoghi.it\/#website"},"primaryImageOfPage":{"@id":"https:\/\/arteeluoghi.it\/index.php\/2019\/04\/02\/salento-cafe-noir-il-nuovo-romanzo-di-stefano-cambo\/#primaryimage"},"datePublished":"2019-04-02T17:04:19+00:00","dateModified":"2019-04-02T17:04:19+00:00","breadcrumb":{"@id":"https:\/\/arteeluoghi.it\/index.php\/2019\/04\/02\/salento-cafe-noir-il-nuovo-romanzo-di-stefano-cambo\/#breadcrumb"},"inLanguage":"it-IT","potentialAction":[{"@type":"ReadAction","target":["https:\/\/arteeluoghi.it\/index.php\/2019\/04\/02\/salento-cafe-noir-il-nuovo-romanzo-di-stefano-cambo\/"]}]},{"@type":"BreadcrumbList","@id":"https:\/\/arteeluoghi.it\/index.php\/2019\/04\/02\/salento-cafe-noir-il-nuovo-romanzo-di-stefano-cambo\/#breadcrumb","itemListElement":[{"@type":"ListItem","position":1,"name":"Home","item":"https:\/\/arteeluoghi.it\/"},{"@type":"ListItem","position":2,"name":"Salento Caf\u00e9 Noir. Il nuovo romanzo di Stefano Camb\u00f2"}]},{"@type":"Article","@id":"https:\/\/arteeluoghi.it\/index.php\/2019\/04\/02\/salento-cafe-noir-il-nuovo-romanzo-di-stefano-cambo\/#article","isPartOf":{"@id":"https:\/\/arteeluoghi.it\/index.php\/2019\/04\/02\/salento-cafe-noir-il-nuovo-romanzo-di-stefano-cambo\/#webpage"},"author":{"@id":"https:\/\/arteeluoghi.it\/#\/schema\/person\/f84e814e36e91e01448ee07eaadd41d4"},"headline":"Salento Caf\u00e9 Noir. Il nuovo romanzo di Stefano Camb\u00f2","datePublished":"2019-04-02T17:04:19+00:00","dateModified":"2019-04-02T17:04:19+00:00","mainEntityOfPage":{"@id":"https:\/\/arteeluoghi.it\/index.php\/2019\/04\/02\/salento-cafe-noir-il-nuovo-romanzo-di-stefano-cambo\/#webpage"},"wordCount":437,"commentCount":0,"publisher":{"@id":"https:\/\/arteeluoghi.it\/#organization"},"image":{"@id":"https:\/\/arteeluoghi.it\/index.php\/2019\/04\/02\/salento-cafe-noir-il-nuovo-romanzo-di-stefano-cambo\/#primaryimage"},"thumbnailUrl":"https:\/\/arteeluoghi.it\/wp-content\/uploads\/2019\/04\/cop-Cambo\u0300.jpg","keywords":["Alfredo Retucci","Il Raggio Verde","Ivan Antonio Botrugno","Salento Caf\u00e9 Noir","Stefano Camb\u00f2"],"articleSection":["LIBRI"],"inLanguage":"it-IT","potentialAction":[{"@type":"CommentAction","name":"Comment","target":["https:\/\/arteeluoghi.it\/index.php\/2019\/04\/02\/salento-cafe-noir-il-nuovo-romanzo-di-stefano-cambo\/#respond"]}]},{"@type":"Person","@id":"https:\/\/arteeluoghi.it\/#\/schema\/person\/f84e814e36e91e01448ee07eaadd41d4","name":"Staff","image":{"@type":"ImageObject","@id":"https:\/\/arteeluoghi.it\/#personlogo","inLanguage":"it-IT","url":"https:\/\/secure.gravatar.com\/avatar\/49d2f9e46271bb04e19cebfaf141313a?s=96&d=blank&r=g","contentUrl":"https:\/\/secure.gravatar.com\/avatar\/49d2f9e46271bb04e19cebfaf141313a?s=96&d=blank&r=g","caption":"Staff"}}]}},"_links":{"self":[{"href":"https:\/\/arteeluoghi.it\/index.php\/wp-json\/wp\/v2\/posts\/6600"}],"collection":[{"href":"https:\/\/arteeluoghi.it\/index.php\/wp-json\/wp\/v2\/posts"}],"about":[{"href":"https:\/\/arteeluoghi.it\/index.php\/wp-json\/wp\/v2\/types\/post"}],"author":[{"embeddable":true,"href":"https:\/\/arteeluoghi.it\/index.php\/wp-json\/wp\/v2\/users\/1"}],"replies":[{"embeddable":true,"href":"https:\/\/arteeluoghi.it\/index.php\/wp-json\/wp\/v2\/comments?post=6600"}],"version-history":[{"count":1,"href":"https:\/\/arteeluoghi.it\/index.php\/wp-json\/wp\/v2\/posts\/6600\/revisions"}],"predecessor-version":[{"id":6603,"href":"https:\/\/arteeluoghi.it\/index.php\/wp-json\/wp\/v2\/posts\/6600\/revisions\/6603"}],"wp:featuredmedia":[{"embeddable":true,"href":"https:\/\/arteeluoghi.it\/index.php\/wp-json\/wp\/v2\/media\/6602"}],"wp:attachment":[{"href":"https:\/\/arteeluoghi.it\/index.php\/wp-json\/wp\/v2\/media?parent=6600"}],"wp:term":[{"taxonomy":"category","embeddable":true,"href":"https:\/\/arteeluoghi.it\/index.php\/wp-json\/wp\/v2\/categories?post=6600"},{"taxonomy":"post_tag","embeddable":true,"href":"https:\/\/arteeluoghi.it\/index.php\/wp-json\/wp\/v2\/tags?post=6600"}],"curies":[{"name":"wp","href":"https:\/\/api.w.org\/{rel}","templated":true}]}}