{"id":6610,"date":"2019-04-07T01:43:51","date_gmt":"2019-04-06T23:43:51","guid":{"rendered":"https:\/\/arteeluoghi.it\/?p=6610"},"modified":"2019-04-07T01:43:51","modified_gmt":"2019-04-06T23:43:51","slug":"peccatail-nuovo-romanzo-di-antonio-errico","status":"publish","type":"post","link":"https:\/\/arteeluoghi.it\/index.php\/2019\/04\/07\/peccatail-nuovo-romanzo-di-antonio-errico\/","title":{"rendered":"\u201cPeccata\u201dil nuovo romanzo di Antonio Errico"},"content":{"rendered":"<p><img loading=\"lazy\" class=\"size-medium wp-image-6611 alignleft\" src=\"https:\/\/arteeluoghi.it\/wp-content\/uploads\/2019\/04\/cop-errico-peccata-212x300.jpg\" alt=\"\" width=\"212\" height=\"300\" srcset=\"https:\/\/arteeluoghi.it\/wp-content\/uploads\/2019\/04\/cop-errico-peccata-212x300.jpg 212w, https:\/\/arteeluoghi.it\/wp-content\/uploads\/2019\/04\/cop-errico-peccata-768x1085.jpg 768w, https:\/\/arteeluoghi.it\/wp-content\/uploads\/2019\/04\/cop-errico-peccata-725x1024.jpg 725w, https:\/\/arteeluoghi.it\/wp-content\/uploads\/2019\/04\/cop-errico-peccata.jpg 1713w\" sizes=\"(max-width: 212px) 100vw, 212px\" \/>di Francesco Pasca<\/p>\n<p>Quando venne il tempo della purificazione &#8230; And\u00f2 al Tempio e disse: \u201cQuesto confesso. Senza pentimento.\u201d Perch\u00e9 appartiene alla Storia. Per la Storia sar\u00e0 dono. La Scrittura appartiene a chi legge. Ogni Storia necessita di un Luogo e di un Tempo, di un Nonluogo e di un Nontempo, di un \u00ab\u2026 ponte sospeso nel vuoto pi\u00f9 vuoto\u2026 che incertamente congiungeva le due sponde \u2026 che lasciava.\u00bb<\/p>\n<p>Antonio Errico consegna ad Euripide il compito di far dettare Topos e Kairos con le: \u201ctante sorprese\u201d, non importa il numero, se dieci o pi\u00f9 o meno, il certo \u00e8 con il: \u201cun dio apre la via. \u201c Dat actum et factum \u00e8 invece l\u2019annuncio di Eugenio Montale, in esergo, con la metafora del: (imprimere un senso alla vita.) \u201cC\u2019\u00e8 chi sopravvive.\u201d \/So-prav-v\u00ec-ve-re\/ non \u00e8 il rimedio, non \u00e8 l\u2019accezione di un significato ma il superare con la luce, con il fuoco nascosto nella sua brace. Cos\u00ec, semplicemente, dimorando in un accorato romanzo, in 173 pagine. La Parola \u00e8 \u201cPeccata\u201d. Il Poeta la dona \u201cAll\u2019albeggiare\u201d.<\/p>\n<p><!--more-->Inizia tutto nel bianco di \u201cneve spessa\u201d, nel colore e nel rumore che somma tutto. Perch\u00e9? Perch\u00e9 il due di febbraio? In una risposta non importa l\u2019anno, c\u2019\u00e8 sempre un dio da presentare al tempio in un inizio. C\u2019\u00e8 la Parola, la Scrittura da assumere nel Gesto con: \u201cuna bestemmia truce\u2026 una pietra \u2026 una lama\u2026 una luce\u2026\u201d Poi c\u2019\u00e8 \u201cil rumore di fondo\u201d, quello che accomuna il Fisico al Poeta con l\u2019astrazione logica, ontologica, metafisica ed epistemologica e con l\u2019indispensabile delle particelle fra materia, energia, spazio e tempo per comprendere l\u2019Universo del primo e il: \u201cCom\u2019\u00e8 il pensiero (tempo) senza tormento\u201d di pag.20 del secondo. Il Poeta \u00e8 sempre con la sua creazione, \u201cCome parola di un\u2019assoluzione\u201d, (ancora a pag. 20) come presentazione al tempio della Parola. E poi c\u2019\u00e8 Maschio e Femmina. E poi c\u2019\u00e8 Matteo, alias Antonio Errico, che ti accompagna per tutto il procedere del viaggio dove non ci sono nomi. In una confessione non contano i nomi. Solo Matteo necessita di avere nome perch\u00e9 \u00e8 il traghettatore, \u00e8 il presentato dalla Parola al Tempio, occorre riconoscerlo. Anche il nome segnato sanguinante in sette segni su una mano non \u00e8 pronunciato, \u00e8 criptato. (P-E-C-C-A-T-A) non deve essere rivelata ma scoperta lentamente. Ancora una volta Antonio Errico scrive il suo desiderio di Parola, dopo i tanti. (\u2026 Viaggio a Finibusterrae, l\u2019ultima caccia di Federico Re, L\u2019esiliato dei Pazzi, la pittora dei demoni \u2026) Ancora una volta \u00e8 malinconia sana, non male oscuro e, candidamente, fa pronunciare Parola in silenzio, fra i rumori del mondo, ai suoi personaggi: \u201c\u2026 Non so dire. Io non so dire, adesso, in questa confessione, mentre rendo ragione del peccato\u2026\u201d E poi c\u2019\u00e8 la guerra, la sua guerra. \u201cLa mia guerra. Ma io non avevo una guerra. Spara mi avevano detto.\u201d E poi c\u2019\u00e8 nel \u2026 tollis peccata mundi la violenza dell\u2019attuale sulla donna, a farci riflettere con: \u201cPensavo ad un amore che non conoscevo\u201d. E poi c\u2019\u00e8 quel Dat actum et factum che non deve essere rassegnazione ma amore con il \u201cguardavo la luna e piangevo.\u201d Con il suo in nomine Patris et Filii et Spiritus Sancti, Antonio Errico, d\u00e0 sempre nuovo inizio, lo d\u00e0 con la certezza dell\u2019alba del due di febbraio, pensiamo che, Peccata, sia: \u201c\u2026 per un istante tra la notte e il giorno, quando buio e luce si fanno confusione\u201d come accade con le figure del Padre e della Madre sempre presenti nel romanzo. Sicuramente un romanzo ragionato e d\u2019impeto, sicuramente l\u2019ulteriore approdo nella scrittura esercitata con passione e molta dedizione alla Poesia, sicuramente un faccia a faccia del come pu\u00f2 essere il trovarsi bisbigliando tra le voci del \u201cfilo per filo \u2026 la storia in fondo \u00e8 questo.\u201d (pag. 107) Da pag. 109 Antonio Errico sussulta in un nuovo registro, cos\u00ec a me pare e appare. M\u2019appare ancor pi\u00f9 necessitato dal viaggio intrapreso, m\u2019appare premuroso nella e dalla preoccupazione dell\u2019errore, \u201cuna frode del pensiero.\u201d Nel racconto ora necessitano i nomi. Qui le azioni si subiscono ed occorre che il soggetto le riceva e si compia il \u201ctutto era scritto.\u201d nonch\u00e9 \u201cQuello che \u00e8 accaduto doveva accadere.\u201d e \u201cAnche senza nave, senza mare.\u201d Antonio Errico, quale Poeta, nel romanzo, assume tutti i ruoli e nomi. Fra le righe \u00e8 Matteo, Basilio, Scavezza, Maddalena. Il Nostro \u00e8 il confessato e il confessore, \u00e8 la croce di legno lanciata in mare da vedere portata dal mare, \u00e8 colui che afferma (pag. 133 e a seguire): \u201cQuanti anni avevo non me lo ricordo. Ero giovane, ero vecchia. Non me lo ricordo \u2026 che cosa dovrei confessare, adesso. Cosa.\u201d Peccata non ha et\u00e0 e allo stesso tempo \u00e8 il Kairos di Euripide. Di cosa ha bisogno una storia per terminare? \u201cVoglio guardare in faccia il mio tempo. (pag. 149)\u201d. La storia \u00e8 la risposta: \u201cQuasi silenzio\u201d \u2026 \u201c\u2026 quasi silenzio fuori, come le mattine d\u2019aprile.\u201d Tutto e Niente da confessare. \u00c8 resurrezione da iniziare ancora una volta il due di febbraio tra le mura di Maria della Pietade. Buona lettura e ricordate d\u2019annotare l\u2019ora, \u00e8: \u00ab\u2026 Una vilt\u00e0 che si confessa quand\u2019\u00e8 gi\u00e0 tutto perduto.\u00bb<\/p>\n","protected":false},"excerpt":{"rendered":"<p>di Francesco Pasca Quando venne il tempo della purificazione &#8230; And\u00f2 al Tempio e disse: \u201cQuesto confesso. Senza pentimento.\u201d Perch\u00e9<\/p>\n","protected":false},"author":1,"featured_media":6611,"comment_status":"open","ping_status":"open","sticky":true,"template":"","format":"standard","meta":[],"categories":[17],"tags":[1545,1546,1544],"yoast_head":"<!-- This site is optimized with the Yoast SEO plugin v18.0 - https:\/\/yoast.com\/wordpress\/plugins\/seo\/ -->\n<title>\u201cPeccata\u201dil nuovo romanzo di Antonio Errico | Arte e Luoghi<\/title>\n<meta name=\"robots\" content=\"index, follow, max-snippet:-1, max-image-preview:large, max-video-preview:-1\" \/>\n<link rel=\"canonical\" href=\"https:\/\/arteeluoghi.it\/index.php\/2019\/04\/07\/peccatail-nuovo-romanzo-di-antonio-errico\/\" \/>\n<meta property=\"og:locale\" content=\"it_IT\" \/>\n<meta property=\"og:type\" content=\"article\" \/>\n<meta property=\"og:title\" content=\"\u201cPeccata\u201dil nuovo romanzo di Antonio Errico | Arte e Luoghi\" \/>\n<meta property=\"og:description\" content=\"di Francesco Pasca Quando venne il tempo della purificazione &#8230; And\u00f2 al Tempio e disse: \u201cQuesto confesso. Senza pentimento.\u201d Perch\u00e9\" \/>\n<meta property=\"og:url\" content=\"https:\/\/arteeluoghi.it\/index.php\/2019\/04\/07\/peccatail-nuovo-romanzo-di-antonio-errico\/\" \/>\n<meta property=\"og:site_name\" content=\"Arte e Luoghi\" \/>\n<meta property=\"article:publisher\" content=\"https:\/\/www.facebook.com\/ArteELuoghi\/\" \/>\n<meta property=\"article:published_time\" content=\"2019-04-06T23:43:51+00:00\" \/>\n<meta property=\"og:image\" content=\"https:\/\/arteeluoghi.it\/wp-content\/uploads\/2019\/04\/cop-errico-peccata.jpg\" \/>\n\t<meta property=\"og:image:width\" content=\"1713\" \/>\n\t<meta property=\"og:image:height\" content=\"2421\" \/>\n\t<meta property=\"og:image:type\" content=\"image\/jpeg\" \/>\n<meta name=\"twitter:card\" content=\"summary\" \/>\n<meta name=\"twitter:creator\" content=\"@arteeluoghi\" \/>\n<meta name=\"twitter:site\" content=\"@arteeluoghi\" \/>\n<meta name=\"twitter:label1\" content=\"Scritto da\" \/>\n\t<meta name=\"twitter:data1\" content=\"Staff\" \/>\n\t<meta name=\"twitter:label2\" content=\"Tempo di lettura stimato\" \/>\n\t<meta name=\"twitter:data2\" content=\"4 minuti\" \/>\n<script type=\"application\/ld+json\" class=\"yoast-schema-graph\">{\"@context\":\"https:\/\/schema.org\",\"@graph\":[{\"@type\":\"Organization\",\"@id\":\"https:\/\/arteeluoghi.it\/#organization\",\"name\":\"Arte e Luoghi\",\"url\":\"https:\/\/arteeluoghi.it\/\",\"sameAs\":[\"https:\/\/www.facebook.com\/ArteELuoghi\/\",\"https:\/\/www.instagram.com\/arteeluoghi\/?hl=it\",\"https:\/\/www.youtube.com\/channel\/UCuRVc4JW4-C5sg9rQB-srkw?view_as=subscriber\",\"https:\/\/twitter.com\/arteeluoghi\"],\"logo\":{\"@type\":\"ImageObject\",\"@id\":\"https:\/\/arteeluoghi.it\/#logo\",\"inLanguage\":\"it-IT\",\"url\":\"https:\/\/arteeluoghi.it\/wp-content\/uploads\/2018\/08\/logoinstagramarte.jpg\",\"contentUrl\":\"https:\/\/arteeluoghi.it\/wp-content\/uploads\/2018\/08\/logoinstagramarte.jpg\",\"width\":150,\"height\":150,\"caption\":\"Arte e Luoghi\"},\"image\":{\"@id\":\"https:\/\/arteeluoghi.it\/#logo\"}},{\"@type\":\"WebSite\",\"@id\":\"https:\/\/arteeluoghi.it\/#website\",\"url\":\"https:\/\/arteeluoghi.it\/\",\"name\":\"Arte e Luoghi\",\"description\":\"Mensile di arte, cultura, turismo e curiosit\u00e0\",\"publisher\":{\"@id\":\"https:\/\/arteeluoghi.it\/#organization\"},\"potentialAction\":[{\"@type\":\"SearchAction\",\"target\":{\"@type\":\"EntryPoint\",\"urlTemplate\":\"https:\/\/arteeluoghi.it\/?s={search_term_string}\"},\"query-input\":\"required name=search_term_string\"}],\"inLanguage\":\"it-IT\"},{\"@type\":\"ImageObject\",\"@id\":\"https:\/\/arteeluoghi.it\/index.php\/2019\/04\/07\/peccatail-nuovo-romanzo-di-antonio-errico\/#primaryimage\",\"inLanguage\":\"it-IT\",\"url\":\"https:\/\/arteeluoghi.it\/wp-content\/uploads\/2019\/04\/cop-errico-peccata.jpg\",\"contentUrl\":\"https:\/\/arteeluoghi.it\/wp-content\/uploads\/2019\/04\/cop-errico-peccata.jpg\",\"width\":1713,\"height\":2421},{\"@type\":\"WebPage\",\"@id\":\"https:\/\/arteeluoghi.it\/index.php\/2019\/04\/07\/peccatail-nuovo-romanzo-di-antonio-errico\/#webpage\",\"url\":\"https:\/\/arteeluoghi.it\/index.php\/2019\/04\/07\/peccatail-nuovo-romanzo-di-antonio-errico\/\",\"name\":\"\u201cPeccata\u201dil nuovo romanzo di Antonio Errico | Arte e Luoghi\",\"isPartOf\":{\"@id\":\"https:\/\/arteeluoghi.it\/#website\"},\"primaryImageOfPage\":{\"@id\":\"https:\/\/arteeluoghi.it\/index.php\/2019\/04\/07\/peccatail-nuovo-romanzo-di-antonio-errico\/#primaryimage\"},\"datePublished\":\"2019-04-06T23:43:51+00:00\",\"dateModified\":\"2019-04-06T23:43:51+00:00\",\"breadcrumb\":{\"@id\":\"https:\/\/arteeluoghi.it\/index.php\/2019\/04\/07\/peccatail-nuovo-romanzo-di-antonio-errico\/#breadcrumb\"},\"inLanguage\":\"it-IT\",\"potentialAction\":[{\"@type\":\"ReadAction\",\"target\":[\"https:\/\/arteeluoghi.it\/index.php\/2019\/04\/07\/peccatail-nuovo-romanzo-di-antonio-errico\/\"]}]},{\"@type\":\"BreadcrumbList\",\"@id\":\"https:\/\/arteeluoghi.it\/index.php\/2019\/04\/07\/peccatail-nuovo-romanzo-di-antonio-errico\/#breadcrumb\",\"itemListElement\":[{\"@type\":\"ListItem\",\"position\":1,\"name\":\"Home\",\"item\":\"https:\/\/arteeluoghi.it\/\"},{\"@type\":\"ListItem\",\"position\":2,\"name\":\"\u201cPeccata\u201dil nuovo romanzo di Antonio Errico\"}]},{\"@type\":\"Article\",\"@id\":\"https:\/\/arteeluoghi.it\/index.php\/2019\/04\/07\/peccatail-nuovo-romanzo-di-antonio-errico\/#article\",\"isPartOf\":{\"@id\":\"https:\/\/arteeluoghi.it\/index.php\/2019\/04\/07\/peccatail-nuovo-romanzo-di-antonio-errico\/#webpage\"},\"author\":{\"@id\":\"https:\/\/arteeluoghi.it\/#\/schema\/person\/f84e814e36e91e01448ee07eaadd41d4\"},\"headline\":\"\u201cPeccata\u201dil nuovo romanzo di Antonio Errico\",\"datePublished\":\"2019-04-06T23:43:51+00:00\",\"dateModified\":\"2019-04-06T23:43:51+00:00\",\"mainEntityOfPage\":{\"@id\":\"https:\/\/arteeluoghi.it\/index.php\/2019\/04\/07\/peccatail-nuovo-romanzo-di-antonio-errico\/#webpage\"},\"wordCount\":843,\"commentCount\":0,\"publisher\":{\"@id\":\"https:\/\/arteeluoghi.it\/#organization\"},\"image\":{\"@id\":\"https:\/\/arteeluoghi.it\/index.php\/2019\/04\/07\/peccatail-nuovo-romanzo-di-antonio-errico\/#primaryimage\"},\"thumbnailUrl\":\"https:\/\/arteeluoghi.it\/wp-content\/uploads\/2019\/04\/cop-errico-peccata.jpg\",\"keywords\":[\"Antonio Errico\",\"Manni editore\",\"Peccata\"],\"articleSection\":[\"LIBRI\"],\"inLanguage\":\"it-IT\",\"potentialAction\":[{\"@type\":\"CommentAction\",\"name\":\"Comment\",\"target\":[\"https:\/\/arteeluoghi.it\/index.php\/2019\/04\/07\/peccatail-nuovo-romanzo-di-antonio-errico\/#respond\"]}]},{\"@type\":\"Person\",\"@id\":\"https:\/\/arteeluoghi.it\/#\/schema\/person\/f84e814e36e91e01448ee07eaadd41d4\",\"name\":\"Staff\",\"image\":{\"@type\":\"ImageObject\",\"@id\":\"https:\/\/arteeluoghi.it\/#personlogo\",\"inLanguage\":\"it-IT\",\"url\":\"https:\/\/secure.gravatar.com\/avatar\/49d2f9e46271bb04e19cebfaf141313a?s=96&d=blank&r=g\",\"contentUrl\":\"https:\/\/secure.gravatar.com\/avatar\/49d2f9e46271bb04e19cebfaf141313a?s=96&d=blank&r=g\",\"caption\":\"Staff\"}}]}<\/script>\n<!-- \/ Yoast SEO plugin. -->","yoast_head_json":{"title":"\u201cPeccata\u201dil nuovo romanzo di Antonio Errico | Arte e Luoghi","robots":{"index":"index","follow":"follow","max-snippet":"max-snippet:-1","max-image-preview":"max-image-preview:large","max-video-preview":"max-video-preview:-1"},"canonical":"https:\/\/arteeluoghi.it\/index.php\/2019\/04\/07\/peccatail-nuovo-romanzo-di-antonio-errico\/","og_locale":"it_IT","og_type":"article","og_title":"\u201cPeccata\u201dil nuovo romanzo di Antonio Errico | Arte e Luoghi","og_description":"di Francesco Pasca Quando venne il tempo della purificazione &#8230; And\u00f2 al Tempio e disse: \u201cQuesto confesso. Senza pentimento.\u201d Perch\u00e9","og_url":"https:\/\/arteeluoghi.it\/index.php\/2019\/04\/07\/peccatail-nuovo-romanzo-di-antonio-errico\/","og_site_name":"Arte e Luoghi","article_publisher":"https:\/\/www.facebook.com\/ArteELuoghi\/","article_published_time":"2019-04-06T23:43:51+00:00","og_image":[{"width":1713,"height":2421,"url":"https:\/\/arteeluoghi.it\/wp-content\/uploads\/2019\/04\/cop-errico-peccata.jpg","type":"image\/jpeg"}],"twitter_card":"summary","twitter_creator":"@arteeluoghi","twitter_site":"@arteeluoghi","twitter_misc":{"Scritto da":"Staff","Tempo di lettura stimato":"4 minuti"},"schema":{"@context":"https:\/\/schema.org","@graph":[{"@type":"Organization","@id":"https:\/\/arteeluoghi.it\/#organization","name":"Arte e Luoghi","url":"https:\/\/arteeluoghi.it\/","sameAs":["https:\/\/www.facebook.com\/ArteELuoghi\/","https:\/\/www.instagram.com\/arteeluoghi\/?hl=it","https:\/\/www.youtube.com\/channel\/UCuRVc4JW4-C5sg9rQB-srkw?view_as=subscriber","https:\/\/twitter.com\/arteeluoghi"],"logo":{"@type":"ImageObject","@id":"https:\/\/arteeluoghi.it\/#logo","inLanguage":"it-IT","url":"https:\/\/arteeluoghi.it\/wp-content\/uploads\/2018\/08\/logoinstagramarte.jpg","contentUrl":"https:\/\/arteeluoghi.it\/wp-content\/uploads\/2018\/08\/logoinstagramarte.jpg","width":150,"height":150,"caption":"Arte e Luoghi"},"image":{"@id":"https:\/\/arteeluoghi.it\/#logo"}},{"@type":"WebSite","@id":"https:\/\/arteeluoghi.it\/#website","url":"https:\/\/arteeluoghi.it\/","name":"Arte e Luoghi","description":"Mensile di arte, cultura, turismo e curiosit\u00e0","publisher":{"@id":"https:\/\/arteeluoghi.it\/#organization"},"potentialAction":[{"@type":"SearchAction","target":{"@type":"EntryPoint","urlTemplate":"https:\/\/arteeluoghi.it\/?s={search_term_string}"},"query-input":"required name=search_term_string"}],"inLanguage":"it-IT"},{"@type":"ImageObject","@id":"https:\/\/arteeluoghi.it\/index.php\/2019\/04\/07\/peccatail-nuovo-romanzo-di-antonio-errico\/#primaryimage","inLanguage":"it-IT","url":"https:\/\/arteeluoghi.it\/wp-content\/uploads\/2019\/04\/cop-errico-peccata.jpg","contentUrl":"https:\/\/arteeluoghi.it\/wp-content\/uploads\/2019\/04\/cop-errico-peccata.jpg","width":1713,"height":2421},{"@type":"WebPage","@id":"https:\/\/arteeluoghi.it\/index.php\/2019\/04\/07\/peccatail-nuovo-romanzo-di-antonio-errico\/#webpage","url":"https:\/\/arteeluoghi.it\/index.php\/2019\/04\/07\/peccatail-nuovo-romanzo-di-antonio-errico\/","name":"\u201cPeccata\u201dil nuovo romanzo di Antonio Errico | Arte e Luoghi","isPartOf":{"@id":"https:\/\/arteeluoghi.it\/#website"},"primaryImageOfPage":{"@id":"https:\/\/arteeluoghi.it\/index.php\/2019\/04\/07\/peccatail-nuovo-romanzo-di-antonio-errico\/#primaryimage"},"datePublished":"2019-04-06T23:43:51+00:00","dateModified":"2019-04-06T23:43:51+00:00","breadcrumb":{"@id":"https:\/\/arteeluoghi.it\/index.php\/2019\/04\/07\/peccatail-nuovo-romanzo-di-antonio-errico\/#breadcrumb"},"inLanguage":"it-IT","potentialAction":[{"@type":"ReadAction","target":["https:\/\/arteeluoghi.it\/index.php\/2019\/04\/07\/peccatail-nuovo-romanzo-di-antonio-errico\/"]}]},{"@type":"BreadcrumbList","@id":"https:\/\/arteeluoghi.it\/index.php\/2019\/04\/07\/peccatail-nuovo-romanzo-di-antonio-errico\/#breadcrumb","itemListElement":[{"@type":"ListItem","position":1,"name":"Home","item":"https:\/\/arteeluoghi.it\/"},{"@type":"ListItem","position":2,"name":"\u201cPeccata\u201dil nuovo romanzo di Antonio Errico"}]},{"@type":"Article","@id":"https:\/\/arteeluoghi.it\/index.php\/2019\/04\/07\/peccatail-nuovo-romanzo-di-antonio-errico\/#article","isPartOf":{"@id":"https:\/\/arteeluoghi.it\/index.php\/2019\/04\/07\/peccatail-nuovo-romanzo-di-antonio-errico\/#webpage"},"author":{"@id":"https:\/\/arteeluoghi.it\/#\/schema\/person\/f84e814e36e91e01448ee07eaadd41d4"},"headline":"\u201cPeccata\u201dil nuovo romanzo di Antonio Errico","datePublished":"2019-04-06T23:43:51+00:00","dateModified":"2019-04-06T23:43:51+00:00","mainEntityOfPage":{"@id":"https:\/\/arteeluoghi.it\/index.php\/2019\/04\/07\/peccatail-nuovo-romanzo-di-antonio-errico\/#webpage"},"wordCount":843,"commentCount":0,"publisher":{"@id":"https:\/\/arteeluoghi.it\/#organization"},"image":{"@id":"https:\/\/arteeluoghi.it\/index.php\/2019\/04\/07\/peccatail-nuovo-romanzo-di-antonio-errico\/#primaryimage"},"thumbnailUrl":"https:\/\/arteeluoghi.it\/wp-content\/uploads\/2019\/04\/cop-errico-peccata.jpg","keywords":["Antonio Errico","Manni editore","Peccata"],"articleSection":["LIBRI"],"inLanguage":"it-IT","potentialAction":[{"@type":"CommentAction","name":"Comment","target":["https:\/\/arteeluoghi.it\/index.php\/2019\/04\/07\/peccatail-nuovo-romanzo-di-antonio-errico\/#respond"]}]},{"@type":"Person","@id":"https:\/\/arteeluoghi.it\/#\/schema\/person\/f84e814e36e91e01448ee07eaadd41d4","name":"Staff","image":{"@type":"ImageObject","@id":"https:\/\/arteeluoghi.it\/#personlogo","inLanguage":"it-IT","url":"https:\/\/secure.gravatar.com\/avatar\/49d2f9e46271bb04e19cebfaf141313a?s=96&d=blank&r=g","contentUrl":"https:\/\/secure.gravatar.com\/avatar\/49d2f9e46271bb04e19cebfaf141313a?s=96&d=blank&r=g","caption":"Staff"}}]}},"_links":{"self":[{"href":"https:\/\/arteeluoghi.it\/index.php\/wp-json\/wp\/v2\/posts\/6610"}],"collection":[{"href":"https:\/\/arteeluoghi.it\/index.php\/wp-json\/wp\/v2\/posts"}],"about":[{"href":"https:\/\/arteeluoghi.it\/index.php\/wp-json\/wp\/v2\/types\/post"}],"author":[{"embeddable":true,"href":"https:\/\/arteeluoghi.it\/index.php\/wp-json\/wp\/v2\/users\/1"}],"replies":[{"embeddable":true,"href":"https:\/\/arteeluoghi.it\/index.php\/wp-json\/wp\/v2\/comments?post=6610"}],"version-history":[{"count":1,"href":"https:\/\/arteeluoghi.it\/index.php\/wp-json\/wp\/v2\/posts\/6610\/revisions"}],"predecessor-version":[{"id":6612,"href":"https:\/\/arteeluoghi.it\/index.php\/wp-json\/wp\/v2\/posts\/6610\/revisions\/6612"}],"wp:featuredmedia":[{"embeddable":true,"href":"https:\/\/arteeluoghi.it\/index.php\/wp-json\/wp\/v2\/media\/6611"}],"wp:attachment":[{"href":"https:\/\/arteeluoghi.it\/index.php\/wp-json\/wp\/v2\/media?parent=6610"}],"wp:term":[{"taxonomy":"category","embeddable":true,"href":"https:\/\/arteeluoghi.it\/index.php\/wp-json\/wp\/v2\/categories?post=6610"},{"taxonomy":"post_tag","embeddable":true,"href":"https:\/\/arteeluoghi.it\/index.php\/wp-json\/wp\/v2\/tags?post=6610"}],"curies":[{"name":"wp","href":"https:\/\/api.w.org\/{rel}","templated":true}]}}